{"id":13904,"date":"2022-08-31T21:03:13","date_gmt":"2022-09-01T00:03:13","guid":{"rendered":"https:\/\/contabilidadecaxias.com.br\/index.php\/2022\/08\/31\/fachada-do-tst-recebe-o-lema-tribunal-da-justica-social\/"},"modified":"2022-08-31T21:03:13","modified_gmt":"2022-09-01T00:03:13","slug":"fachada-do-tst-recebe-o-lema-tribunal-da-justica-social","status":"publish","type":"post","link":"https:\/\/contabilidadecaxias.com.br\/index.php\/2022\/08\/31\/fachada-do-tst-recebe-o-lema-tribunal-da-justica-social\/","title":{"rendered":"Fachada do TST recebe o lema &#8220;Tribunal da Justi\u00e7a Social&#8221;"},"content":{"rendered":"<div class=\"noticia-wrapper\">\n<p><em><\/p>\n<p>O novo letreiro foi inaugurado nesta quarta-feira (31)<\/p>\n<p><\/em><\/p>\n<div class=\"social-media-share mobile\">\n        <a class=\"share-facebook\" href=\"https:\/\/www.facebook.com\/sharer.php?u=https:\/\/www.tst.jus.br\/-\/fachada-do-tst-recebe-o-lema-tribunal-da-justi%C3%A7a-social-\" target=\"_blank\" rel=\"noopener\"><\/a><br \/>\n        <a class=\"share-twitter\" href=\"https:\/\/twitter.com\/intent\/tweet?text=Fachada%20do%20TST%20recebe%20o%20lema\" target=\"_blank\" rel=\"noopener\"><\/a><br \/>\n        <a class=\"share-linkedin\" href=\"https:\/\/www.linkedin.com\/shareArticle?mini=true&amp;url=https:\/\/www.tst.jus.br\/-\/fachada-do-tst-recebe-o-lema-tribunal-da-justi%C3%A7a-social-&amp;title=Fachada%20do%20TST%20recebe%20o%20lema\" target=\"_blank\" rel=\"noopener\"><\/a><br \/>\n        <a class=\"share-whatsapp\" href=\"https:\/\/web.whatsapp.com\/send?text=https:\/\/www.tst.jus.br\/-\/fachada-do-tst-recebe-o-lema-tribunal-da-justi%C3%A7a-social-\" target=\"_blank\" rel=\"noopener\"><\/a><br \/>\n        <a class=\"share-googleplus\" href=\"https:\/\/plus.google.com\/share?url=https:\/\/www.tst.jus.br\/-\/fachada-do-tst-recebe-o-lema-tribunal-da-justi%C3%A7a-social-\" target=\"_blank\" rel=\"noopener\"><\/a>\n    <\/div>\n<div class=\"news-body\">\n<div class=\"imagem-da-noticia\">\n<p>Novo letreiro da fachada do edif\u00edcio-sede do TST<\/p>\n<div class=\"social-media-share\">\n                    <a class=\"share-facebook\" href=\"https:\/\/www.facebook.com\/sharer.php?u=https:\/\/www.tst.jus.br\/-\/fachada-do-tst-recebe-o-lema-tribunal-da-justi%C3%A7a-social-\" target=\"_blank\" rel=\"noopener\"><\/a><br \/>\n                    <a class=\"share-twitter\" href=\"https:\/\/twitter.com\/intent\/tweet?text=Fachada%20do%20TST%20recebe%20o%20lema\" target=\"_blank\" rel=\"noopener\"><\/a><br \/>\n                    <a class=\"share-linkedin\" href=\"https:\/\/www.linkedin.com\/shareArticle?mini=true&amp;url=https:\/\/www.tst.jus.br\/-\/fachada-do-tst-recebe-o-lema-tribunal-da-justi%C3%A7a-social-&amp;title=Fachada%20do%20TST%20recebe%20o%20lema\" target=\"_blank\" rel=\"noopener\"><\/a><br \/>\n                    <a class=\"share-whatsapp\" href=\"https:\/\/web.whatsapp.com\/send?text=https:\/\/www.tst.jus.br\/-\/fachada-do-tst-recebe-o-lema-tribunal-da-justi%C3%A7a-social-\" target=\"_blank\" rel=\"noopener\"><\/a><br \/>\n                    <a class=\"share-googleplus\" href=\"https:\/\/plus.google.com\/share?url=https:\/\/www.tst.jus.br\/-\/fachada-do-tst-recebe-o-lema-tribunal-da-justi%C3%A7a-social-\" target=\"_blank\" rel=\"noopener\"><\/a>\n                <\/div>\n<\/p><\/div>\n<div class=\"materia\">\n<p>31\/08\/22 &#8211; O presidente do Tribunal Superior do Trabalho (TST), ministro Emmanoel Pereira, inaugurou oficialmente, nesta quarta-feira (31), o novo letreiro da fachada do edif\u00edcio-sede do Tribunal, que ganhou a frase \u2018O Tribunal da Justi\u00e7a Social\u2019.<\/p>\n<p>Segundo o ministro, a inten\u00e7\u00e3o \u00e9 ampliar a divulga\u00e7\u00e3o do lema para a sociedade, al\u00e9m de advogados, partes de processos e p\u00fablico em geral. \u201cEsse lema \u00e9 uma forma de dizer \u00e0s pessoas que s\u00e3o atendidas pelo TST, empresas ou trabalhadores, que estamos juntos em busca de um mesmo ideal, da promo\u00e7\u00e3o da paz e do equil\u00edbrio social\u201d, enfatizou. Os \u00f4nibus e os ve\u00edculos oficiais do Tribunal tamb\u00e9m receberam adesivos\u00a0com o novo lema.\u00a0<\/p>\n<p>(JS\/TG) \u00a0<\/p>\n<\/div><\/div>\n<\/div>\n","protected":false},"excerpt":{"rendered":"<p>O novo letreiro foi inaugurado nesta quarta-feira (31) Novo letreiro da fachada do edif\u00edcio-sede do TST 31\/08\/22 &#8211; O presidente do Tribunal Superior do Trabalho (TST), ministro Emmanoel Pereira, inaugurou oficialmente, nesta quarta-feira (31), o novo letreiro da fachada do edif\u00edcio-sede do Tribunal, que ganhou a frase \u2018O Tribunal da Justi\u00e7a Social\u2019. Segundo o ministro, [&hellip;]<\/p>\n","protected":false},"author":0,"featured_media":13905,"comment_status":"open","ping_status":"","sticky":false,"template":"","format":"standard","meta":{"footnotes":""},"categories":[5],"tags":[],"class_list":["post-13904","post","type-post","status-publish","format-standard","has-post-thumbnail","hentry","category-noticias-educacao-financeira"],"blocksy_meta":{"styles_descriptor":{"styles":{"desktop":"","tablet":"","mobile":""},"google_fonts":[],"version":6}},"yoast_head":"<!-- This site is optimized with the Yoast SEO plugin v27.4 - https:\/\/yoast.com\/product\/yoast-seo-wordpress\/ -->\n<title>Fachada do TST recebe o lema &quot;Tribunal da Justi\u00e7a Social&quot; - Contabilidade Caxias<\/title>\n<meta name=\"robots\" content=\"index, follow, max-snippet:-1, max-image-preview:large, max-video-preview:-1\" \/>\n<link rel=\"canonical\" href=\"https:\/\/contabilidadecaxias.com.br\/index.php\/2022\/08\/31\/fachada-do-tst-recebe-o-lema-tribunal-da-justica-social\/\" \/>\n<meta property=\"og:locale\" content=\"pt_BR\" \/>\n<meta property=\"og:type\" content=\"article\" \/>\n<meta property=\"og:title\" content=\"Fachada do TST recebe o lema &quot;Tribunal da Justi\u00e7a Social&quot; - Contabilidade Caxias\" \/>\n<meta property=\"og:description\" content=\"O novo letreiro foi inaugurado nesta quarta-feira (31) Novo letreiro da fachada do edif\u00edcio-sede do TST 31\/08\/22 &#8211; O presidente do Tribunal Superior do Trabalho (TST), ministro Emmanoel Pereira, inaugurou oficialmente, nesta quarta-feira (31), o novo letreiro da fachada do edif\u00edcio-sede do Tribunal, que ganhou a frase \u2018O Tribunal da Justi\u00e7a Social\u2019. Segundo o ministro, [&hellip;]\" \/>\n<meta property=\"og:url\" content=\"https:\/\/contabilidadecaxias.com.br\/index.php\/2022\/08\/31\/fachada-do-tst-recebe-o-lema-tribunal-da-justica-social\/\" \/>\n<meta property=\"og:site_name\" content=\"Contabilidade Caxias\" \/>\n<meta property=\"article:published_time\" content=\"2022-09-01T00:03:13+00:00\" \/>\n<meta name=\"twitter:card\" content=\"summary_large_image\" \/>\n<meta name=\"twitter:label1\" content=\"Est. tempo de leitura\" \/>\n\t<meta name=\"twitter:data1\" content=\"1 minuto\" \/>\n<script type=\"application\/ld+json\" class=\"yoast-schema-graph\">{\"@context\":\"https:\\\/\\\/schema.org\",\"@graph\":[{\"@type\":\"Article\",\"@id\":\"https:\\\/\\\/contabilidadecaxias.com.br\\\/index.php\\\/2022\\\/08\\\/31\\\/fachada-do-tst-recebe-o-lema-tribunal-da-justica-social\\\/#article\",\"isPartOf\":{\"@id\":\"https:\\\/\\\/contabilidadecaxias.com.br\\\/index.php\\\/2022\\\/08\\\/31\\\/fachada-do-tst-recebe-o-lema-tribunal-da-justica-social\\\/\"},\"author\":{\"name\":\"\",\"@id\":\"\"},\"headline\":\"Fachada do TST recebe o lema &#8220;Tribunal da Justi\u00e7a Social&#8221;\",\"datePublished\":\"2022-09-01T00:03:13+00:00\",\"mainEntityOfPage\":{\"@id\":\"https:\\\/\\\/contabilidadecaxias.com.br\\\/index.php\\\/2022\\\/08\\\/31\\\/fachada-do-tst-recebe-o-lema-tribunal-da-justica-social\\\/\"},\"wordCount\":146,\"commentCount\":0,\"image\":{\"@id\":\"https:\\\/\\\/contabilidadecaxias.com.br\\\/index.php\\\/2022\\\/08\\\/31\\\/fachada-do-tst-recebe-o-lema-tribunal-da-justica-social\\\/#primaryimage\"},\"thumbnailUrl\":\"https:\\\/\\\/contabilidadecaxias.com.br\\\/wp-content\\\/uploads\\\/2022\\\/08\\\/93b16a97-49d8-c282-935f-0c69dd60d9b5-D12GIj-scaled.jpeg\",\"articleSection\":[\"Educa\u00e7\u00e3o Financeira\"],\"inLanguage\":\"pt-BR\",\"potentialAction\":[{\"@type\":\"CommentAction\",\"name\":\"Comment\",\"target\":[\"https:\\\/\\\/contabilidadecaxias.com.br\\\/index.php\\\/2022\\\/08\\\/31\\\/fachada-do-tst-recebe-o-lema-tribunal-da-justica-social\\\/#respond\"]}]},{\"@type\":\"WebPage\",\"@id\":\"https:\\\/\\\/contabilidadecaxias.com.br\\\/index.php\\\/2022\\\/08\\\/31\\\/fachada-do-tst-recebe-o-lema-tribunal-da-justica-social\\\/\",\"url\":\"https:\\\/\\\/contabilidadecaxias.com.br\\\/index.php\\\/2022\\\/08\\\/31\\\/fachada-do-tst-recebe-o-lema-tribunal-da-justica-social\\\/\",\"name\":\"Fachada do TST recebe o lema \\\"Tribunal da Justi\u00e7a Social\\\" - Contabilidade Caxias\",\"isPartOf\":{\"@id\":\"https:\\\/\\\/contabilidadecaxias.com.br\\\/#website\"},\"primaryImageOfPage\":{\"@id\":\"https:\\\/\\\/contabilidadecaxias.com.br\\\/index.php\\\/2022\\\/08\\\/31\\\/fachada-do-tst-recebe-o-lema-tribunal-da-justica-social\\\/#primaryimage\"},\"image\":{\"@id\":\"https:\\\/\\\/contabilidadecaxias.com.br\\\/index.php\\\/2022\\\/08\\\/31\\\/fachada-do-tst-recebe-o-lema-tribunal-da-justica-social\\\/#primaryimage\"},\"thumbnailUrl\":\"https:\\\/\\\/contabilidadecaxias.com.br\\\/wp-content\\\/uploads\\\/2022\\\/08\\\/93b16a97-49d8-c282-935f-0c69dd60d9b5-D12GIj-scaled.jpeg\",\"datePublished\":\"2022-09-01T00:03:13+00:00\",\"author\":{\"@id\":\"\"},\"breadcrumb\":{\"@id\":\"https:\\\/\\\/contabilidadecaxias.com.br\\\/index.php\\\/2022\\\/08\\\/31\\\/fachada-do-tst-recebe-o-lema-tribunal-da-justica-social\\\/#breadcrumb\"},\"inLanguage\":\"pt-BR\",\"potentialAction\":[{\"@type\":\"ReadAction\",\"target\":[\"https:\\\/\\\/contabilidadecaxias.com.br\\\/index.php\\\/2022\\\/08\\\/31\\\/fachada-do-tst-recebe-o-lema-tribunal-da-justica-social\\\/\"]}]},{\"@type\":\"ImageObject\",\"inLanguage\":\"pt-BR\",\"@id\":\"https:\\\/\\\/contabilidadecaxias.com.br\\\/index.php\\\/2022\\\/08\\\/31\\\/fachada-do-tst-recebe-o-lema-tribunal-da-justica-social\\\/#primaryimage\",\"url\":\"https:\\\/\\\/contabilidadecaxias.com.br\\\/wp-content\\\/uploads\\\/2022\\\/08\\\/93b16a97-49d8-c282-935f-0c69dd60d9b5-D12GIj-scaled.jpeg\",\"contentUrl\":\"https:\\\/\\\/contabilidadecaxias.com.br\\\/wp-content\\\/uploads\\\/2022\\\/08\\\/93b16a97-49d8-c282-935f-0c69dd60d9b5-D12GIj-scaled.jpeg\",\"width\":2560,\"height\":1440},{\"@type\":\"BreadcrumbList\",\"@id\":\"https:\\\/\\\/contabilidadecaxias.com.br\\\/index.php\\\/2022\\\/08\\\/31\\\/fachada-do-tst-recebe-o-lema-tribunal-da-justica-social\\\/#breadcrumb\",\"itemListElement\":[{\"@type\":\"ListItem\",\"position\":1,\"name\":\"In\u00edcio\",\"item\":\"https:\\\/\\\/contabilidadecaxias.com.br\\\/\"},{\"@type\":\"ListItem\",\"position\":2,\"name\":\"Fachada do TST recebe o lema &#8220;Tribunal da Justi\u00e7a Social&#8221;\"}]},{\"@type\":\"WebSite\",\"@id\":\"https:\\\/\\\/contabilidadecaxias.com.br\\\/#website\",\"url\":\"https:\\\/\\\/contabilidadecaxias.com.br\\\/\",\"name\":\"Contabilidade Caxias\",\"description\":\"Site especializado em Contabilidade para Caxias.\",\"potentialAction\":[{\"@type\":\"SearchAction\",\"target\":{\"@type\":\"EntryPoint\",\"urlTemplate\":\"https:\\\/\\\/contabilidadecaxias.com.br\\\/?s={search_term_string}\"},\"query-input\":{\"@type\":\"PropertyValueSpecification\",\"valueRequired\":true,\"valueName\":\"search_term_string\"}}],\"inLanguage\":\"pt-BR\"}]}<\/script>\n<!-- \/ Yoast SEO plugin. -->","yoast_head_json":{"title":"Fachada do TST recebe o lema \"Tribunal da Justi\u00e7a Social\" - Contabilidade Caxias","robots":{"index":"index","follow":"follow","max-snippet":"max-snippet:-1","max-image-preview":"max-image-preview:large","max-video-preview":"max-video-preview:-1"},"canonical":"https:\/\/contabilidadecaxias.com.br\/index.php\/2022\/08\/31\/fachada-do-tst-recebe-o-lema-tribunal-da-justica-social\/","og_locale":"pt_BR","og_type":"article","og_title":"Fachada do TST recebe o lema \"Tribunal da Justi\u00e7a Social\" - Contabilidade Caxias","og_description":"O novo letreiro foi inaugurado nesta quarta-feira (31) Novo letreiro da fachada do edif\u00edcio-sede do TST 31\/08\/22 &#8211; O presidente do Tribunal Superior do Trabalho (TST), ministro Emmanoel Pereira, inaugurou oficialmente, nesta quarta-feira (31), o novo letreiro da fachada do edif\u00edcio-sede do Tribunal, que ganhou a frase \u2018O Tribunal da Justi\u00e7a Social\u2019. Segundo o ministro, [&hellip;]","og_url":"https:\/\/contabilidadecaxias.com.br\/index.php\/2022\/08\/31\/fachada-do-tst-recebe-o-lema-tribunal-da-justica-social\/","og_site_name":"Contabilidade Caxias","article_published_time":"2022-09-01T00:03:13+00:00","twitter_card":"summary_large_image","twitter_misc":{"Est. tempo de leitura":"1 minuto"},"schema":{"@context":"https:\/\/schema.org","@graph":[{"@type":"Article","@id":"https:\/\/contabilidadecaxias.com.br\/index.php\/2022\/08\/31\/fachada-do-tst-recebe-o-lema-tribunal-da-justica-social\/#article","isPartOf":{"@id":"https:\/\/contabilidadecaxias.com.br\/index.php\/2022\/08\/31\/fachada-do-tst-recebe-o-lema-tribunal-da-justica-social\/"},"author":{"name":"","@id":""},"headline":"Fachada do TST recebe o lema &#8220;Tribunal da Justi\u00e7a Social&#8221;","datePublished":"2022-09-01T00:03:13+00:00","mainEntityOfPage":{"@id":"https:\/\/contabilidadecaxias.com.br\/index.php\/2022\/08\/31\/fachada-do-tst-recebe-o-lema-tribunal-da-justica-social\/"},"wordCount":146,"commentCount":0,"image":{"@id":"https:\/\/contabilidadecaxias.com.br\/index.php\/2022\/08\/31\/fachada-do-tst-recebe-o-lema-tribunal-da-justica-social\/#primaryimage"},"thumbnailUrl":"https:\/\/contabilidadecaxias.com.br\/wp-content\/uploads\/2022\/08\/93b16a97-49d8-c282-935f-0c69dd60d9b5-D12GIj-scaled.jpeg","articleSection":["Educa\u00e7\u00e3o Financeira"],"inLanguage":"pt-BR","potentialAction":[{"@type":"CommentAction","name":"Comment","target":["https:\/\/contabilidadecaxias.com.br\/index.php\/2022\/08\/31\/fachada-do-tst-recebe-o-lema-tribunal-da-justica-social\/#respond"]}]},{"@type":"WebPage","@id":"https:\/\/contabilidadecaxias.com.br\/index.php\/2022\/08\/31\/fachada-do-tst-recebe-o-lema-tribunal-da-justica-social\/","url":"https:\/\/contabilidadecaxias.com.br\/index.php\/2022\/08\/31\/fachada-do-tst-recebe-o-lema-tribunal-da-justica-social\/","name":"Fachada do TST recebe o lema \"Tribunal da Justi\u00e7a Social\" - Contabilidade Caxias","isPartOf":{"@id":"https:\/\/contabilidadecaxias.com.br\/#website"},"primaryImageOfPage":{"@id":"https:\/\/contabilidadecaxias.com.br\/index.php\/2022\/08\/31\/fachada-do-tst-recebe-o-lema-tribunal-da-justica-social\/#primaryimage"},"image":{"@id":"https:\/\/contabilidadecaxias.com.br\/index.php\/2022\/08\/31\/fachada-do-tst-recebe-o-lema-tribunal-da-justica-social\/#primaryimage"},"thumbnailUrl":"https:\/\/contabilidadecaxias.com.br\/wp-content\/uploads\/2022\/08\/93b16a97-49d8-c282-935f-0c69dd60d9b5-D12GIj-scaled.jpeg","datePublished":"2022-09-01T00:03:13+00:00","author":{"@id":""},"breadcrumb":{"@id":"https:\/\/contabilidadecaxias.com.br\/index.php\/2022\/08\/31\/fachada-do-tst-recebe-o-lema-tribunal-da-justica-social\/#breadcrumb"},"inLanguage":"pt-BR","potentialAction":[{"@type":"ReadAction","target":["https:\/\/contabilidadecaxias.com.br\/index.php\/2022\/08\/31\/fachada-do-tst-recebe-o-lema-tribunal-da-justica-social\/"]}]},{"@type":"ImageObject","inLanguage":"pt-BR","@id":"https:\/\/contabilidadecaxias.com.br\/index.php\/2022\/08\/31\/fachada-do-tst-recebe-o-lema-tribunal-da-justica-social\/#primaryimage","url":"https:\/\/contabilidadecaxias.com.br\/wp-content\/uploads\/2022\/08\/93b16a97-49d8-c282-935f-0c69dd60d9b5-D12GIj-scaled.jpeg","contentUrl":"https:\/\/contabilidadecaxias.com.br\/wp-content\/uploads\/2022\/08\/93b16a97-49d8-c282-935f-0c69dd60d9b5-D12GIj-scaled.jpeg","width":2560,"height":1440},{"@type":"BreadcrumbList","@id":"https:\/\/contabilidadecaxias.com.br\/index.php\/2022\/08\/31\/fachada-do-tst-recebe-o-lema-tribunal-da-justica-social\/#breadcrumb","itemListElement":[{"@type":"ListItem","position":1,"name":"In\u00edcio","item":"https:\/\/contabilidadecaxias.com.br\/"},{"@type":"ListItem","position":2,"name":"Fachada do TST recebe o lema &#8220;Tribunal da Justi\u00e7a Social&#8221;"}]},{"@type":"WebSite","@id":"https:\/\/contabilidadecaxias.com.br\/#website","url":"https:\/\/contabilidadecaxias.com.br\/","name":"Contabilidade Caxias","description":"Site especializado em Contabilidade para Caxias.","potentialAction":[{"@type":"SearchAction","target":{"@type":"EntryPoint","urlTemplate":"https:\/\/contabilidadecaxias.com.br\/?s={search_term_string}"},"query-input":{"@type":"PropertyValueSpecification","valueRequired":true,"valueName":"search_term_string"}}],"inLanguage":"pt-BR"}]}},"_links":{"self":[{"href":"https:\/\/contabilidadecaxias.com.br\/index.php\/wp-json\/wp\/v2\/posts\/13904","targetHints":{"allow":["GET"]}}],"collection":[{"href":"https:\/\/contabilidadecaxias.com.br\/index.php\/wp-json\/wp\/v2\/posts"}],"about":[{"href":"https:\/\/contabilidadecaxias.com.br\/index.php\/wp-json\/wp\/v2\/types\/post"}],"replies":[{"embeddable":true,"href":"https:\/\/contabilidadecaxias.com.br\/index.php\/wp-json\/wp\/v2\/comments?post=13904"}],"version-history":[{"count":0,"href":"https:\/\/contabilidadecaxias.com.br\/index.php\/wp-json\/wp\/v2\/posts\/13904\/revisions"}],"wp:featuredmedia":[{"embeddable":true,"href":"https:\/\/contabilidadecaxias.com.br\/index.php\/wp-json\/wp\/v2\/media\/13905"}],"wp:attachment":[{"href":"https:\/\/contabilidadecaxias.com.br\/index.php\/wp-json\/wp\/v2\/media?parent=13904"}],"wp:term":[{"taxonomy":"category","embeddable":true,"href":"https:\/\/contabilidadecaxias.com.br\/index.php\/wp-json\/wp\/v2\/categories?post=13904"},{"taxonomy":"post_tag","embeddable":true,"href":"https:\/\/contabilidadecaxias.com.br\/index.php\/wp-json\/wp\/v2\/tags?post=13904"}],"curies":[{"name":"wp","href":"https:\/\/api.w.org\/{rel}","templated":true}]}}