{"id":13877,"date":"2022-08-30T17:03:12","date_gmt":"2022-08-30T20:03:12","guid":{"rendered":"https:\/\/contabilidadecaxias.com.br\/index.php\/2022\/08\/30\/ministro-do-tst-caputo-bastos-inicia-correicao-no-trt-da-7a-regiao-ce\/"},"modified":"2022-08-30T17:03:12","modified_gmt":"2022-08-30T20:03:12","slug":"ministro-do-tst-caputo-bastos-inicia-correicao-no-trt-da-7a-regiao-ce","status":"publish","type":"post","link":"https:\/\/contabilidadecaxias.com.br\/index.php\/2022\/08\/30\/ministro-do-tst-caputo-bastos-inicia-correicao-no-trt-da-7a-regiao-ce\/","title":{"rendered":"Ministro do TST Caputo Bastos inicia correi\u00e7\u00e3o no TRT da 7\u00aa Regi\u00e3o (CE)"},"content":{"rendered":"<div class=\"noticia-wrapper\">\n<p><em><\/p>\n<p>A correi\u00e7\u00e3o ser\u00e1 encerrada na sexta-feira (2\/9), \u00e0s 10h, quando ser\u00e1 entregue relat\u00f3rio \u00e0 Administra\u00e7\u00e3o do TRT-7 (CE) com an\u00e1lise sobre os dados e desempenho do tribunal.\u00a0<\/p>\n<p><\/em><\/p>\n<div class=\"social-media-share mobile\">\n        <a class=\"share-facebook\" href=\"https:\/\/www.facebook.com\/sharer.php?u=https:\/\/www.tst.jus.br\/-\/ministro-do-tst-caputo-bastos-inicia-correi%C3%A7%C3%A3o-no-trt-da-7%C2%AA-regi%C3%A3o-ce-\" target=\"_blank\" rel=\"noopener\"><\/a><br \/>\n        <a class=\"share-twitter\" href=\"https:\/\/twitter.com\/intent\/tweet?text=Ministro%20do%20TST%20Caputo%20Bastos%20inicia%20correi%C3%A7%C3%A3o%20no%20TRT%20da%207%C2%AA%20Regi%C3%A3o%20(CE)%0AVeja%20mais%20em:&amp;url=https:\/\/www.tst.jus.br\/-\/ministro-do-tst-caputo-bastos-inicia-correi%C3%A7%C3%A3o-no-trt-da-7%C2%AA-regi%C3%A3o-ce-\" target=\"_blank\" rel=\"noopener\"><\/a><br \/>\n        <a class=\"share-linkedin\" href=\"https:\/\/www.linkedin.com\/shareArticle?mini=true&amp;url=https:\/\/www.tst.jus.br\/-\/ministro-do-tst-caputo-bastos-inicia-correi%C3%A7%C3%A3o-no-trt-da-7%C2%AA-regi%C3%A3o-ce-&amp;title=Ministro%20do%20TST%20Caputo%20Bastos%20inicia%20correi%C3%A7%C3%A3o%20no%20TRT%20da%207%C2%AA%20Regi%C3%A3o%20(CE)\" target=\"_blank\" rel=\"noopener\"><\/a><br \/>\n        <a class=\"share-whatsapp\" href=\"https:\/\/web.whatsapp.com\/send?text=https:\/\/www.tst.jus.br\/-\/ministro-do-tst-caputo-bastos-inicia-correi%C3%A7%C3%A3o-no-trt-da-7%C2%AA-regi%C3%A3o-ce-\" target=\"_blank\" rel=\"noopener\"><\/a><br \/>\n        <a class=\"share-googleplus\" href=\"https:\/\/plus.google.com\/share?url=https:\/\/www.tst.jus.br\/-\/ministro-do-tst-caputo-bastos-inicia-correi%C3%A7%C3%A3o-no-trt-da-7%C2%AA-regi%C3%A3o-ce-\" target=\"_blank\" rel=\"noopener\"><\/a>\n    <\/div>\n<div class=\"news-body\">\n<div class=\"imagem-da-noticia\">\n<p>Ministro Caputo Bastos e equipe da corregedoria \u00e9 recebida pela administra\u00e7\u00e3o do TRT-7 (CE). (Foto: TRT da 7\u00aa Regi\u00e3o)<\/p>\n<div class=\"social-media-share\">\n                    <a class=\"share-facebook\" href=\"https:\/\/www.facebook.com\/sharer.php?u=https:\/\/www.tst.jus.br\/-\/ministro-do-tst-caputo-bastos-inicia-correi%C3%A7%C3%A3o-no-trt-da-7%C2%AA-regi%C3%A3o-ce-\" target=\"_blank\" rel=\"noopener\"><\/a><br \/>\n                    <a class=\"share-twitter\" href=\"https:\/\/twitter.com\/intent\/tweet?text=Ministro%20do%20TST%20Caputo%20Bastos%20inicia%20correi%C3%A7%C3%A3o%20no%20TRT%20da%207%C2%AA%20Regi%C3%A3o%20(CE)%0AVeja%20mais%20em:&amp;url=https:\/\/www.tst.jus.br\/-\/ministro-do-tst-caputo-bastos-inicia-correi%C3%A7%C3%A3o-no-trt-da-7%C2%AA-regi%C3%A3o-ce-\" target=\"_blank\" rel=\"noopener\"><\/a><br \/>\n                    <a class=\"share-linkedin\" href=\"https:\/\/www.linkedin.com\/shareArticle?mini=true&amp;url=https:\/\/www.tst.jus.br\/-\/ministro-do-tst-caputo-bastos-inicia-correi%C3%A7%C3%A3o-no-trt-da-7%C2%AA-regi%C3%A3o-ce-&amp;title=Ministro%20do%20TST%20Caputo%20Bastos%20inicia%20correi%C3%A7%C3%A3o%20no%20TRT%20da%207%C2%AA%20Regi%C3%A3o%20(CE)\" target=\"_blank\" rel=\"noopener\"><\/a><br \/>\n                    <a class=\"share-whatsapp\" href=\"https:\/\/web.whatsapp.com\/send?text=https:\/\/www.tst.jus.br\/-\/ministro-do-tst-caputo-bastos-inicia-correi%C3%A7%C3%A3o-no-trt-da-7%C2%AA-regi%C3%A3o-ce-\" target=\"_blank\" rel=\"noopener\"><\/a><br \/>\n                    <a class=\"share-googleplus\" href=\"https:\/\/plus.google.com\/share?url=https:\/\/www.tst.jus.br\/-\/ministro-do-tst-caputo-bastos-inicia-correi%C3%A7%C3%A3o-no-trt-da-7%C2%AA-regi%C3%A3o-ce-\" target=\"_blank\" rel=\"noopener\"><\/a>\n                <\/div>\n<\/p><\/div>\n<div class=\"materia\">\n<p><strong>30\/8\/2022<\/strong> &#8211; O corregedor-geral da Justi\u00e7a do Trabalho, ministro Caputo Bastos, iniciou, nesta segunda-feira (29\/8), a correi\u00e7\u00e3o ordin\u00e1ria no Tribunal Regional do Trabalho da 7\u00aa Regi\u00e3o (CE). At\u00e9 o dia 2 de setembro (sexta-feira), o ministro e sua equipe de assessoras e assessores do Tribunal Superior do Trabalho (TST) ir\u00e3o examinar a movimenta\u00e7\u00e3o processual, prazos, servi\u00e7os e procedimentos judici\u00e1rios e administrativos da Justi\u00e7a do Trabalho do Cear\u00e1.<\/p>\n<p>O ministro reuniu-se com a presidente do TRT-7, desembargadora Regina Gl\u00e1ucia Cavalcante Nepomuceno, e com a vice-presidente, desembargadora Fernanda Maria Uchoa de Albuquerque. Na sequ\u00eancia, o corregedor-geral e sua equipe conversam com servidoras e servidores respons\u00e1veis pelas unidades do TRT-7 (CE) envolvidas na correi\u00e7\u00e3o ordin\u00e1ria, al\u00e9m de realizar uma reuni\u00e3o com as desembargadoras e desembargadores do tribunal.<\/p>\n<p><strong>Agenda institucional<\/strong><\/p>\n<p>Entre as atividades ao longo da semana, o ministro far\u00e1 uma visita institucional \u00e0 governadora do Estado, Izolda Cela, e visitar\u00e1 o F\u00f3rum Autran Nunes, onde est\u00e3o localizadas as 18 varas do trabalho da capital. Tamb\u00e9m conhecer\u00e1 a Secretaria de Execu\u00e7\u00f5es Unificadas, Leil\u00f5es e Aliena\u00e7\u00f5es Judiciais, o Centro Judici\u00e1rio de M\u00e9todos Consensuais de Solu\u00e7\u00e3o de Disputa (Cejusc \u2013 JT) e a Escola Judicial (Ejud-7).<\/p>\n<p>O ministro Caputo Bastos tamb\u00e9m se reunir\u00e1 com as pessoas interessadas para receber reclama\u00e7\u00f5es e sugest\u00f5es que tenham por finalidade o aprimoramento dos servi\u00e7os prestados pela Justi\u00e7a do Trabalho. As audi\u00eancias com o corregedor foram previamente agendadas, conforme edital divulgado, e ser\u00e1 realizada nesta quarta-feira (31\/8), das 9h30 \u00e0s 12h.<\/p>\n<p><strong>A\u00e7\u00e3o solid\u00e1ria<\/strong><\/p>\n<p>Na quinta, 1\u00ba de setembro, \u00e0s 15h, o ministro Caputo Bastos far\u00e1 a entrega dos alimentos arrecadados por meio da Campanha Corregedoria Solid\u00e1ria. At\u00e9 o \u00faltimo levantamento feito, o TRT-7 j\u00e1 havia arrecadado mais 20 toneladas de alimentos, o equivalente a duas mil cestas b\u00e1sicas.\u00a0<\/p>\n<p>A iniciativa da Corregedoria-Geral da Justi\u00e7a do Trabalho tem o objetivo prestar apoio a institui\u00e7\u00f5es de amparo a pessoas em vulnerabilidade social e econ\u00f4mica nos estados sedes dos tribunais correicionados. A a\u00e7\u00e3o solid\u00e1ria trata-se de uma atividade volunt\u00e1ria promovida por magistrados e servidores dos tribunais, sem vincula\u00e7\u00e3o normativa ou obrigat\u00f3ria das correi\u00e7\u00f5es ordin\u00e1rias.<\/p>\n<p><strong>Como ajudar?<\/strong><\/p>\n<p>Os pontos de coleta da campanha ficam na sede do TRT-7 (CE), F\u00f3rum Autran Nunes, varas do trabalho da regi\u00e3o metropolitana e do interior do Estado. Para quem n\u00e3o est\u00e1 no Cear\u00e1, \u00e9 poss\u00edvel fazer doa\u00e7\u00f5es em dinheiro por meio do <strong>Pix: 85991042877<\/strong>, do Sindicato dos Servidores da 7\u00aa Regi\u00e3o da Justi\u00e7a do Trabalho \u00a0(Sindiss\u00e9tima).<\/p>\n<p><strong>Conclus\u00f5es<\/strong><\/p>\n<p>A correi\u00e7\u00e3o ser\u00e1 encerrada na sexta-feira (2\/9), \u00e0s 10h, quando ser\u00e1 entregue relat\u00f3rio \u00e0 Administra\u00e7\u00e3o do TRT-7 (CE) com an\u00e1lise sobre os dados e desempenho do tribunal. A leitura da ata de encerramento da correi\u00e7\u00e3o ordin\u00e1ria ocorrer\u00e1 na Sala de Sess\u00f5es do Tribunal Pleno, na sede do TRT-7.<\/p>\n<p>Conhe\u00e7a a <a href=\"https:\/\/www.tst.jus.br\/web\/corregedoria\" target=\"_blank\" rel=\"noopener\"><strong>Corregedoria-Geral da Justi\u00e7a do Trabalho<\/strong><\/a><\/p>\n<\/div><\/div>\n<\/div>\n","protected":false},"excerpt":{"rendered":"<p>A correi\u00e7\u00e3o ser\u00e1 encerrada na sexta-feira (2\/9), \u00e0s 10h, quando ser\u00e1 entregue relat\u00f3rio \u00e0 Administra\u00e7\u00e3o do TRT-7 (CE) com an\u00e1lise sobre os dados e desempenho do tribunal.\u00a0 Ministro Caputo Bastos e equipe da corregedoria \u00e9 recebida pela administra\u00e7\u00e3o do TRT-7 (CE). (Foto: TRT da 7\u00aa Regi\u00e3o) 30\/8\/2022 &#8211; O corregedor-geral da Justi\u00e7a do Trabalho, ministro [&hellip;]<\/p>\n","protected":false},"author":0,"featured_media":13878,"comment_status":"open","ping_status":"","sticky":false,"template":"","format":"standard","meta":{"footnotes":""},"categories":[5],"tags":[],"class_list":["post-13877","post","type-post","status-publish","format-standard","has-post-thumbnail","hentry","category-noticias-educacao-financeira"],"blocksy_meta":{"styles_descriptor":{"styles":{"desktop":"","tablet":"","mobile":""},"google_fonts":[],"version":6}},"yoast_head":"<!-- This site is optimized with the Yoast SEO plugin v27.4 - https:\/\/yoast.com\/product\/yoast-seo-wordpress\/ -->\n<title>Ministro do TST Caputo Bastos inicia correi\u00e7\u00e3o no TRT da 7\u00aa Regi\u00e3o (CE) - Contabilidade Caxias<\/title>\n<meta name=\"robots\" content=\"index, follow, max-snippet:-1, max-image-preview:large, max-video-preview:-1\" \/>\n<link rel=\"canonical\" href=\"https:\/\/contabilidadecaxias.com.br\/index.php\/2022\/08\/30\/ministro-do-tst-caputo-bastos-inicia-correicao-no-trt-da-7a-regiao-ce\/\" \/>\n<meta property=\"og:locale\" content=\"pt_BR\" \/>\n<meta property=\"og:type\" content=\"article\" \/>\n<meta property=\"og:title\" content=\"Ministro do TST Caputo Bastos inicia correi\u00e7\u00e3o no TRT da 7\u00aa Regi\u00e3o (CE) - Contabilidade Caxias\" \/>\n<meta property=\"og:description\" content=\"A correi\u00e7\u00e3o ser\u00e1 encerrada na sexta-feira (2\/9), \u00e0s 10h, quando ser\u00e1 entregue relat\u00f3rio \u00e0 Administra\u00e7\u00e3o do TRT-7 (CE) com an\u00e1lise sobre os dados e desempenho do tribunal.\u00a0 Ministro Caputo Bastos e equipe da corregedoria \u00e9 recebida pela administra\u00e7\u00e3o do TRT-7 (CE). (Foto: TRT da 7\u00aa Regi\u00e3o) 30\/8\/2022 &#8211; O corregedor-geral da Justi\u00e7a do Trabalho, ministro [&hellip;]\" \/>\n<meta property=\"og:url\" content=\"https:\/\/contabilidadecaxias.com.br\/index.php\/2022\/08\/30\/ministro-do-tst-caputo-bastos-inicia-correicao-no-trt-da-7a-regiao-ce\/\" \/>\n<meta property=\"og:site_name\" content=\"Contabilidade Caxias\" \/>\n<meta property=\"article:published_time\" content=\"2022-08-30T20:03:12+00:00\" \/>\n<meta name=\"twitter:card\" content=\"summary_large_image\" \/>\n<meta name=\"twitter:label1\" content=\"Est. tempo de leitura\" \/>\n\t<meta name=\"twitter:data1\" content=\"3 minutos\" \/>\n<script type=\"application\/ld+json\" class=\"yoast-schema-graph\">{\"@context\":\"https:\\\/\\\/schema.org\",\"@graph\":[{\"@type\":\"Article\",\"@id\":\"https:\\\/\\\/contabilidadecaxias.com.br\\\/index.php\\\/2022\\\/08\\\/30\\\/ministro-do-tst-caputo-bastos-inicia-correicao-no-trt-da-7a-regiao-ce\\\/#article\",\"isPartOf\":{\"@id\":\"https:\\\/\\\/contabilidadecaxias.com.br\\\/index.php\\\/2022\\\/08\\\/30\\\/ministro-do-tst-caputo-bastos-inicia-correicao-no-trt-da-7a-regiao-ce\\\/\"},\"author\":{\"name\":\"\",\"@id\":\"\"},\"headline\":\"Ministro do TST Caputo Bastos inicia correi\u00e7\u00e3o no TRT da 7\u00aa Regi\u00e3o (CE)\",\"datePublished\":\"2022-08-30T20:03:12+00:00\",\"mainEntityOfPage\":{\"@id\":\"https:\\\/\\\/contabilidadecaxias.com.br\\\/index.php\\\/2022\\\/08\\\/30\\\/ministro-do-tst-caputo-bastos-inicia-correicao-no-trt-da-7a-regiao-ce\\\/\"},\"wordCount\":563,\"commentCount\":0,\"image\":{\"@id\":\"https:\\\/\\\/contabilidadecaxias.com.br\\\/index.php\\\/2022\\\/08\\\/30\\\/ministro-do-tst-caputo-bastos-inicia-correicao-no-trt-da-7a-regiao-ce\\\/#primaryimage\"},\"thumbnailUrl\":\"https:\\\/\\\/contabilidadecaxias.com.br\\\/wp-content\\\/uploads\\\/2022\\\/08\\\/3ff856dc-8b6f-f7cd-71b5-e6742e3e381d-V4V905.jpeg\",\"articleSection\":[\"Educa\u00e7\u00e3o Financeira\"],\"inLanguage\":\"pt-BR\",\"potentialAction\":[{\"@type\":\"CommentAction\",\"name\":\"Comment\",\"target\":[\"https:\\\/\\\/contabilidadecaxias.com.br\\\/index.php\\\/2022\\\/08\\\/30\\\/ministro-do-tst-caputo-bastos-inicia-correicao-no-trt-da-7a-regiao-ce\\\/#respond\"]}]},{\"@type\":\"WebPage\",\"@id\":\"https:\\\/\\\/contabilidadecaxias.com.br\\\/index.php\\\/2022\\\/08\\\/30\\\/ministro-do-tst-caputo-bastos-inicia-correicao-no-trt-da-7a-regiao-ce\\\/\",\"url\":\"https:\\\/\\\/contabilidadecaxias.com.br\\\/index.php\\\/2022\\\/08\\\/30\\\/ministro-do-tst-caputo-bastos-inicia-correicao-no-trt-da-7a-regiao-ce\\\/\",\"name\":\"Ministro do TST Caputo Bastos inicia correi\u00e7\u00e3o no TRT da 7\u00aa Regi\u00e3o (CE) - Contabilidade Caxias\",\"isPartOf\":{\"@id\":\"https:\\\/\\\/contabilidadecaxias.com.br\\\/#website\"},\"primaryImageOfPage\":{\"@id\":\"https:\\\/\\\/contabilidadecaxias.com.br\\\/index.php\\\/2022\\\/08\\\/30\\\/ministro-do-tst-caputo-bastos-inicia-correicao-no-trt-da-7a-regiao-ce\\\/#primaryimage\"},\"image\":{\"@id\":\"https:\\\/\\\/contabilidadecaxias.com.br\\\/index.php\\\/2022\\\/08\\\/30\\\/ministro-do-tst-caputo-bastos-inicia-correicao-no-trt-da-7a-regiao-ce\\\/#primaryimage\"},\"thumbnailUrl\":\"https:\\\/\\\/contabilidadecaxias.com.br\\\/wp-content\\\/uploads\\\/2022\\\/08\\\/3ff856dc-8b6f-f7cd-71b5-e6742e3e381d-V4V905.jpeg\",\"datePublished\":\"2022-08-30T20:03:12+00:00\",\"author\":{\"@id\":\"\"},\"breadcrumb\":{\"@id\":\"https:\\\/\\\/contabilidadecaxias.com.br\\\/index.php\\\/2022\\\/08\\\/30\\\/ministro-do-tst-caputo-bastos-inicia-correicao-no-trt-da-7a-regiao-ce\\\/#breadcrumb\"},\"inLanguage\":\"pt-BR\",\"potentialAction\":[{\"@type\":\"ReadAction\",\"target\":[\"https:\\\/\\\/contabilidadecaxias.com.br\\\/index.php\\\/2022\\\/08\\\/30\\\/ministro-do-tst-caputo-bastos-inicia-correicao-no-trt-da-7a-regiao-ce\\\/\"]}]},{\"@type\":\"ImageObject\",\"inLanguage\":\"pt-BR\",\"@id\":\"https:\\\/\\\/contabilidadecaxias.com.br\\\/index.php\\\/2022\\\/08\\\/30\\\/ministro-do-tst-caputo-bastos-inicia-correicao-no-trt-da-7a-regiao-ce\\\/#primaryimage\",\"url\":\"https:\\\/\\\/contabilidadecaxias.com.br\\\/wp-content\\\/uploads\\\/2022\\\/08\\\/3ff856dc-8b6f-f7cd-71b5-e6742e3e381d-V4V905.jpeg\",\"contentUrl\":\"https:\\\/\\\/contabilidadecaxias.com.br\\\/wp-content\\\/uploads\\\/2022\\\/08\\\/3ff856dc-8b6f-f7cd-71b5-e6742e3e381d-V4V905.jpeg\",\"width\":800,\"height\":533},{\"@type\":\"BreadcrumbList\",\"@id\":\"https:\\\/\\\/contabilidadecaxias.com.br\\\/index.php\\\/2022\\\/08\\\/30\\\/ministro-do-tst-caputo-bastos-inicia-correicao-no-trt-da-7a-regiao-ce\\\/#breadcrumb\",\"itemListElement\":[{\"@type\":\"ListItem\",\"position\":1,\"name\":\"In\u00edcio\",\"item\":\"https:\\\/\\\/contabilidadecaxias.com.br\\\/\"},{\"@type\":\"ListItem\",\"position\":2,\"name\":\"Ministro do TST Caputo Bastos inicia correi\u00e7\u00e3o no TRT da 7\u00aa Regi\u00e3o (CE)\"}]},{\"@type\":\"WebSite\",\"@id\":\"https:\\\/\\\/contabilidadecaxias.com.br\\\/#website\",\"url\":\"https:\\\/\\\/contabilidadecaxias.com.br\\\/\",\"name\":\"Contabilidade Caxias\",\"description\":\"Site especializado em Contabilidade para Caxias.\",\"potentialAction\":[{\"@type\":\"SearchAction\",\"target\":{\"@type\":\"EntryPoint\",\"urlTemplate\":\"https:\\\/\\\/contabilidadecaxias.com.br\\\/?s={search_term_string}\"},\"query-input\":{\"@type\":\"PropertyValueSpecification\",\"valueRequired\":true,\"valueName\":\"search_term_string\"}}],\"inLanguage\":\"pt-BR\"}]}<\/script>\n<!-- \/ Yoast SEO plugin. -->","yoast_head_json":{"title":"Ministro do TST Caputo Bastos inicia correi\u00e7\u00e3o no TRT da 7\u00aa Regi\u00e3o (CE) - Contabilidade Caxias","robots":{"index":"index","follow":"follow","max-snippet":"max-snippet:-1","max-image-preview":"max-image-preview:large","max-video-preview":"max-video-preview:-1"},"canonical":"https:\/\/contabilidadecaxias.com.br\/index.php\/2022\/08\/30\/ministro-do-tst-caputo-bastos-inicia-correicao-no-trt-da-7a-regiao-ce\/","og_locale":"pt_BR","og_type":"article","og_title":"Ministro do TST Caputo Bastos inicia correi\u00e7\u00e3o no TRT da 7\u00aa Regi\u00e3o (CE) - Contabilidade Caxias","og_description":"A correi\u00e7\u00e3o ser\u00e1 encerrada na sexta-feira (2\/9), \u00e0s 10h, quando ser\u00e1 entregue relat\u00f3rio \u00e0 Administra\u00e7\u00e3o do TRT-7 (CE) com an\u00e1lise sobre os dados e desempenho do tribunal.\u00a0 Ministro Caputo Bastos e equipe da corregedoria \u00e9 recebida pela administra\u00e7\u00e3o do TRT-7 (CE). (Foto: TRT da 7\u00aa Regi\u00e3o) 30\/8\/2022 &#8211; O corregedor-geral da Justi\u00e7a do Trabalho, ministro [&hellip;]","og_url":"https:\/\/contabilidadecaxias.com.br\/index.php\/2022\/08\/30\/ministro-do-tst-caputo-bastos-inicia-correicao-no-trt-da-7a-regiao-ce\/","og_site_name":"Contabilidade Caxias","article_published_time":"2022-08-30T20:03:12+00:00","twitter_card":"summary_large_image","twitter_misc":{"Est. tempo de leitura":"3 minutos"},"schema":{"@context":"https:\/\/schema.org","@graph":[{"@type":"Article","@id":"https:\/\/contabilidadecaxias.com.br\/index.php\/2022\/08\/30\/ministro-do-tst-caputo-bastos-inicia-correicao-no-trt-da-7a-regiao-ce\/#article","isPartOf":{"@id":"https:\/\/contabilidadecaxias.com.br\/index.php\/2022\/08\/30\/ministro-do-tst-caputo-bastos-inicia-correicao-no-trt-da-7a-regiao-ce\/"},"author":{"name":"","@id":""},"headline":"Ministro do TST Caputo Bastos inicia correi\u00e7\u00e3o no TRT da 7\u00aa Regi\u00e3o (CE)","datePublished":"2022-08-30T20:03:12+00:00","mainEntityOfPage":{"@id":"https:\/\/contabilidadecaxias.com.br\/index.php\/2022\/08\/30\/ministro-do-tst-caputo-bastos-inicia-correicao-no-trt-da-7a-regiao-ce\/"},"wordCount":563,"commentCount":0,"image":{"@id":"https:\/\/contabilidadecaxias.com.br\/index.php\/2022\/08\/30\/ministro-do-tst-caputo-bastos-inicia-correicao-no-trt-da-7a-regiao-ce\/#primaryimage"},"thumbnailUrl":"https:\/\/contabilidadecaxias.com.br\/wp-content\/uploads\/2022\/08\/3ff856dc-8b6f-f7cd-71b5-e6742e3e381d-V4V905.jpeg","articleSection":["Educa\u00e7\u00e3o Financeira"],"inLanguage":"pt-BR","potentialAction":[{"@type":"CommentAction","name":"Comment","target":["https:\/\/contabilidadecaxias.com.br\/index.php\/2022\/08\/30\/ministro-do-tst-caputo-bastos-inicia-correicao-no-trt-da-7a-regiao-ce\/#respond"]}]},{"@type":"WebPage","@id":"https:\/\/contabilidadecaxias.com.br\/index.php\/2022\/08\/30\/ministro-do-tst-caputo-bastos-inicia-correicao-no-trt-da-7a-regiao-ce\/","url":"https:\/\/contabilidadecaxias.com.br\/index.php\/2022\/08\/30\/ministro-do-tst-caputo-bastos-inicia-correicao-no-trt-da-7a-regiao-ce\/","name":"Ministro do TST Caputo Bastos inicia correi\u00e7\u00e3o no TRT da 7\u00aa Regi\u00e3o (CE) - Contabilidade Caxias","isPartOf":{"@id":"https:\/\/contabilidadecaxias.com.br\/#website"},"primaryImageOfPage":{"@id":"https:\/\/contabilidadecaxias.com.br\/index.php\/2022\/08\/30\/ministro-do-tst-caputo-bastos-inicia-correicao-no-trt-da-7a-regiao-ce\/#primaryimage"},"image":{"@id":"https:\/\/contabilidadecaxias.com.br\/index.php\/2022\/08\/30\/ministro-do-tst-caputo-bastos-inicia-correicao-no-trt-da-7a-regiao-ce\/#primaryimage"},"thumbnailUrl":"https:\/\/contabilidadecaxias.com.br\/wp-content\/uploads\/2022\/08\/3ff856dc-8b6f-f7cd-71b5-e6742e3e381d-V4V905.jpeg","datePublished":"2022-08-30T20:03:12+00:00","author":{"@id":""},"breadcrumb":{"@id":"https:\/\/contabilidadecaxias.com.br\/index.php\/2022\/08\/30\/ministro-do-tst-caputo-bastos-inicia-correicao-no-trt-da-7a-regiao-ce\/#breadcrumb"},"inLanguage":"pt-BR","potentialAction":[{"@type":"ReadAction","target":["https:\/\/contabilidadecaxias.com.br\/index.php\/2022\/08\/30\/ministro-do-tst-caputo-bastos-inicia-correicao-no-trt-da-7a-regiao-ce\/"]}]},{"@type":"ImageObject","inLanguage":"pt-BR","@id":"https:\/\/contabilidadecaxias.com.br\/index.php\/2022\/08\/30\/ministro-do-tst-caputo-bastos-inicia-correicao-no-trt-da-7a-regiao-ce\/#primaryimage","url":"https:\/\/contabilidadecaxias.com.br\/wp-content\/uploads\/2022\/08\/3ff856dc-8b6f-f7cd-71b5-e6742e3e381d-V4V905.jpeg","contentUrl":"https:\/\/contabilidadecaxias.com.br\/wp-content\/uploads\/2022\/08\/3ff856dc-8b6f-f7cd-71b5-e6742e3e381d-V4V905.jpeg","width":800,"height":533},{"@type":"BreadcrumbList","@id":"https:\/\/contabilidadecaxias.com.br\/index.php\/2022\/08\/30\/ministro-do-tst-caputo-bastos-inicia-correicao-no-trt-da-7a-regiao-ce\/#breadcrumb","itemListElement":[{"@type":"ListItem","position":1,"name":"In\u00edcio","item":"https:\/\/contabilidadecaxias.com.br\/"},{"@type":"ListItem","position":2,"name":"Ministro do TST Caputo Bastos inicia correi\u00e7\u00e3o no TRT da 7\u00aa Regi\u00e3o (CE)"}]},{"@type":"WebSite","@id":"https:\/\/contabilidadecaxias.com.br\/#website","url":"https:\/\/contabilidadecaxias.com.br\/","name":"Contabilidade Caxias","description":"Site especializado em Contabilidade para Caxias.","potentialAction":[{"@type":"SearchAction","target":{"@type":"EntryPoint","urlTemplate":"https:\/\/contabilidadecaxias.com.br\/?s={search_term_string}"},"query-input":{"@type":"PropertyValueSpecification","valueRequired":true,"valueName":"search_term_string"}}],"inLanguage":"pt-BR"}]}},"_links":{"self":[{"href":"https:\/\/contabilidadecaxias.com.br\/index.php\/wp-json\/wp\/v2\/posts\/13877","targetHints":{"allow":["GET"]}}],"collection":[{"href":"https:\/\/contabilidadecaxias.com.br\/index.php\/wp-json\/wp\/v2\/posts"}],"about":[{"href":"https:\/\/contabilidadecaxias.com.br\/index.php\/wp-json\/wp\/v2\/types\/post"}],"replies":[{"embeddable":true,"href":"https:\/\/contabilidadecaxias.com.br\/index.php\/wp-json\/wp\/v2\/comments?post=13877"}],"version-history":[{"count":0,"href":"https:\/\/contabilidadecaxias.com.br\/index.php\/wp-json\/wp\/v2\/posts\/13877\/revisions"}],"wp:featuredmedia":[{"embeddable":true,"href":"https:\/\/contabilidadecaxias.com.br\/index.php\/wp-json\/wp\/v2\/media\/13878"}],"wp:attachment":[{"href":"https:\/\/contabilidadecaxias.com.br\/index.php\/wp-json\/wp\/v2\/media?parent=13877"}],"wp:term":[{"taxonomy":"category","embeddable":true,"href":"https:\/\/contabilidadecaxias.com.br\/index.php\/wp-json\/wp\/v2\/categories?post=13877"},{"taxonomy":"post_tag","embeddable":true,"href":"https:\/\/contabilidadecaxias.com.br\/index.php\/wp-json\/wp\/v2\/tags?post=13877"}],"curies":[{"name":"wp","href":"https:\/\/api.w.org\/{rel}","templated":true}]}}