{"id":13858,"date":"2022-08-29T15:02:33","date_gmt":"2022-08-29T18:02:33","guid":{"rendered":"https:\/\/contabilidadecaxias.com.br\/index.php\/2022\/08\/29\/reduzido-valor-de-contribuicao-assistencial-a-sindicato-no-rio-grande-do-sul-programa-na-integra\/"},"modified":"2022-08-29T15:02:33","modified_gmt":"2022-08-29T18:02:33","slug":"reduzido-valor-de-contribuicao-assistencial-a-sindicato-no-rio-grande-do-sul-programa-na-integra","status":"publish","type":"post","link":"https:\/\/contabilidadecaxias.com.br\/index.php\/2022\/08\/29\/reduzido-valor-de-contribuicao-assistencial-a-sindicato-no-rio-grande-do-sul-programa-na-integra\/","title":{"rendered":"Reduzido valor de contribui\u00e7\u00e3o assistencial a sindicato no Rio Grande do Sul | Programa na \u00edntegra"},"content":{"rendered":"<\/p>\n<p>26\/08\/22 &#8211; (00:00) Confira os destaques dessa edi\u00e7\u00e3o<\/p>\n<p>(00:50) TST reduz valor de contribui\u00e7\u00e3o a sindicato ga\u00facho A redu\u00e7\u00e3o foi para 50% de um dia de sal\u00e1rio j\u00e1 reajustado, pago uma \u00fanica vez durante a vig\u00eancia da norma. O colegiado no TST entendeu que a quantia que havia sido fixada na conven\u00e7\u00e3o coletiva n\u00e3o era razo\u00e1vel.<\/p>\n<p>(03:13) Semana da Aprendizagem estimula inser\u00e7\u00e3o de jovens no mercado de trabalho Os Tribunais Regionais do Trabalho de todo pa\u00eds promoveram palestras, exposi\u00e7\u00f5es e audi\u00eancias p\u00fablicas sobre o tema, com a participa\u00e7\u00e3o de \u00f3rg\u00e3os integrantes da rede de prote\u00e7\u00e3o da crian\u00e7a e do adolescente, de organiza\u00e7\u00f5es governamentais e da sociedade civil.<\/p>\n<p>(04:14) Dona de obra vai pagar multa por falta de seguran\u00e7a A Oitava Turma do Tribunal Superior do Trabalho rejeitou recurso de microempres\u00e1ria que, como dona de obra em Caraguatatuba (SP), foi condenada a pagar as multas aplicadas por auditor fiscal em raz\u00e3o do descumprimento de normas de seguran\u00e7a e medicina do trabalho no local dos servi\u00e7os. Como respons\u00e1vel subsidi\u00e1ria, a dona da loja na qual a obra era realizada s\u00f3 pagaria a multa se o empreiteiro n\u00e3o a quitasse.<\/p>\n<p>(06:24) Reconhecido o direito \u00e0 estabilidade pr\u00e9-aposentadoria de auxiliar administrativo A Primeira Turma do Tribunal Superior do Trabalho reconheceu o direito \u00e0 estabilidade de um auxiliar administrativo demitido sem justa causa 11 meses antes de preencher os requisitos para a aposentadoria. Ao reconhecer a nulidade da dispensa, o colegiado condenou a Oki Brasil Ind\u00fastria e Com\u00e9rcio de Produtos e Tecnologia em Automa\u00e7\u00e3o S.A., de S\u00e3o Paulo, ao pagamento de indeniza\u00e7\u00e3o substitutiva em rela\u00e7\u00e3o ao per\u00edodo.<\/p>\n<p>(07:53) Rejeitado pedido de fazendeiro para retirada do nome de lista do trabalho escravo A Sexta Turma do Tribunal Superior do Trabalho julgou improcedente o pedido de um pecuarista de Mato Grosso do Sul para a retirada de seu nome do cadastro de empregadores que tenham mantido trabalhadores em condi\u00e7\u00f5es an\u00e1logas \u00e0 escravid\u00e3o (conhecida como \u201clista suja\u201d). Para o colegiado, o fato de o propriet\u00e1rio ter arrendado parte das terras para terceiro n\u00e3o o exclui da responsabilidade pela explora\u00e7\u00e3o do trabalho em condi\u00e7\u00f5es degradantes.<\/p>\n<p>(11:20) Trabalho an\u00e1logo \u00e0 escravid\u00e3o ainda \u00e9 uma realidade no pa\u00eds. Confira alguns dados alarmantes sobre essa situa\u00e7\u00e3o.<\/p>\n<p>(12:43) Justi\u00e7a do Trabalho disponibiliza sistema de gest\u00e3o or\u00e7ament\u00e1ria e financeira para a Justi\u00e7a Federal. O acordo foi assinado pelo presidente do Tribunal Superior do Trabalho (TST) e do CSJT, ministro Emmanoel Pereira, e pelo presidente do Superior Tribunal de Justi\u00e7a (STJ) e do CJF, ministro Humberto Martins, na sede do TST.<\/p>\n<p>(13:04) Ministro aposentado Luiz Jos\u00e9 Falc\u00e3o \u00e9 homenageado Magistrado, que atuou no Tribunal entre 1981 e 1993, recebeu a medalha dos 80 anos da Justi\u00e7a do Trabalho.<\/p>\n<p>(13:18) Escola Nacional de Forma\u00e7\u00e3o de Magistrados (Enamat) promove curso de educa\u00e7\u00e3o continuada sobre reda\u00e7\u00e3o jur\u00eddica.<\/p>\n<p>(13:38) Entrevista com o ministro do TST, Cl\u00e1udio Brand\u00e3o A Subse\u00e7\u00e3o I Especializada em Diss\u00eddios Individuais (SDI-1) do Tribunal Superior do Trabalho acolheu duas propostas de instaura\u00e7\u00e3o de Incidente de Recurso Repetitivo (IRR). Um dos temas \u00e9 o direito de indeniza\u00e7\u00e3o por perdas decorrentes da impossibilidade de incluir parcelas de natureza salarial na complementa\u00e7\u00e3o de aposentadoria. O outro trata da aplicabilidade da S\u00famula 85 do TST, que versa sobre compensa\u00e7\u00e3o de jornada, e de seu cumprimento pelos Tribunais Regionais.<\/p>\n<p>(18:46) TST inaugura espa\u00e7o para disseminar a inova\u00e7\u00e3o no \u00e2mbito do Tribunal O Inova TST est\u00e1 localizado na Biblioteca D\u00e9lio Maranh\u00e3o e tem o objetivo de criar solu\u00e7\u00f5es inovadoras e apoiar o desenvolvimento de projetos para melhoria dos processos.<\/p>\n","protected":false},"excerpt":{"rendered":"<p>26\/08\/22 &#8211; (00:00) Confira os destaques dessa edi\u00e7\u00e3o (00:50) TST reduz valor de contribui\u00e7\u00e3o a sindicato ga\u00facho A redu\u00e7\u00e3o foi para 50% de um dia de sal\u00e1rio j\u00e1 reajustado, pago uma \u00fanica vez durante a vig\u00eancia da norma. O colegiado no TST entendeu que a quantia que havia sido fixada na conven\u00e7\u00e3o coletiva n\u00e3o era [&hellip;]<\/p>\n","protected":false},"author":0,"featured_media":0,"comment_status":"open","ping_status":"","sticky":false,"template":"","format":"standard","meta":{"footnotes":""},"categories":[5],"tags":[],"class_list":["post-13858","post","type-post","status-publish","format-standard","hentry","category-noticias-educacao-financeira"],"blocksy_meta":{"styles_descriptor":{"styles":{"desktop":"","tablet":"","mobile":""},"google_fonts":[],"version":6}},"yoast_head":"<!-- This site is optimized with the Yoast SEO plugin v27.4 - https:\/\/yoast.com\/product\/yoast-seo-wordpress\/ -->\n<title>Reduzido valor de contribui\u00e7\u00e3o assistencial a sindicato no Rio Grande do Sul | Programa na \u00edntegra - Contabilidade Caxias<\/title>\n<meta name=\"robots\" content=\"index, follow, max-snippet:-1, max-image-preview:large, max-video-preview:-1\" \/>\n<link rel=\"canonical\" href=\"https:\/\/contabilidadecaxias.com.br\/index.php\/2022\/08\/29\/reduzido-valor-de-contribuicao-assistencial-a-sindicato-no-rio-grande-do-sul-programa-na-integra\/\" \/>\n<meta property=\"og:locale\" content=\"pt_BR\" \/>\n<meta property=\"og:type\" content=\"article\" \/>\n<meta property=\"og:title\" content=\"Reduzido valor de contribui\u00e7\u00e3o assistencial a sindicato no Rio Grande do Sul | Programa na \u00edntegra - Contabilidade Caxias\" \/>\n<meta property=\"og:description\" content=\"26\/08\/22 &#8211; (00:00) Confira os destaques dessa edi\u00e7\u00e3o (00:50) TST reduz valor de contribui\u00e7\u00e3o a sindicato ga\u00facho A redu\u00e7\u00e3o foi para 50% de um dia de sal\u00e1rio j\u00e1 reajustado, pago uma \u00fanica vez durante a vig\u00eancia da norma. O colegiado no TST entendeu que a quantia que havia sido fixada na conven\u00e7\u00e3o coletiva n\u00e3o era [&hellip;]\" \/>\n<meta property=\"og:url\" content=\"https:\/\/contabilidadecaxias.com.br\/index.php\/2022\/08\/29\/reduzido-valor-de-contribuicao-assistencial-a-sindicato-no-rio-grande-do-sul-programa-na-integra\/\" \/>\n<meta property=\"og:site_name\" content=\"Contabilidade Caxias\" \/>\n<meta property=\"article:published_time\" content=\"2022-08-29T18:02:33+00:00\" \/>\n<meta name=\"twitter:card\" content=\"summary_large_image\" \/>\n<meta name=\"twitter:label1\" content=\"Est. tempo de leitura\" \/>\n\t<meta name=\"twitter:data1\" content=\"3 minutos\" \/>\n<script type=\"application\/ld+json\" class=\"yoast-schema-graph\">{\"@context\":\"https:\\\/\\\/schema.org\",\"@graph\":[{\"@type\":\"Article\",\"@id\":\"https:\\\/\\\/contabilidadecaxias.com.br\\\/index.php\\\/2022\\\/08\\\/29\\\/reduzido-valor-de-contribuicao-assistencial-a-sindicato-no-rio-grande-do-sul-programa-na-integra\\\/#article\",\"isPartOf\":{\"@id\":\"https:\\\/\\\/contabilidadecaxias.com.br\\\/index.php\\\/2022\\\/08\\\/29\\\/reduzido-valor-de-contribuicao-assistencial-a-sindicato-no-rio-grande-do-sul-programa-na-integra\\\/\"},\"author\":{\"name\":\"\",\"@id\":\"\"},\"headline\":\"Reduzido valor de contribui\u00e7\u00e3o assistencial a sindicato no Rio Grande do Sul | Programa na \u00edntegra\",\"datePublished\":\"2022-08-29T18:02:33+00:00\",\"mainEntityOfPage\":{\"@id\":\"https:\\\/\\\/contabilidadecaxias.com.br\\\/index.php\\\/2022\\\/08\\\/29\\\/reduzido-valor-de-contribuicao-assistencial-a-sindicato-no-rio-grande-do-sul-programa-na-integra\\\/\"},\"wordCount\":640,\"commentCount\":0,\"articleSection\":[\"Educa\u00e7\u00e3o Financeira\"],\"inLanguage\":\"pt-BR\",\"potentialAction\":[{\"@type\":\"CommentAction\",\"name\":\"Comment\",\"target\":[\"https:\\\/\\\/contabilidadecaxias.com.br\\\/index.php\\\/2022\\\/08\\\/29\\\/reduzido-valor-de-contribuicao-assistencial-a-sindicato-no-rio-grande-do-sul-programa-na-integra\\\/#respond\"]}]},{\"@type\":\"WebPage\",\"@id\":\"https:\\\/\\\/contabilidadecaxias.com.br\\\/index.php\\\/2022\\\/08\\\/29\\\/reduzido-valor-de-contribuicao-assistencial-a-sindicato-no-rio-grande-do-sul-programa-na-integra\\\/\",\"url\":\"https:\\\/\\\/contabilidadecaxias.com.br\\\/index.php\\\/2022\\\/08\\\/29\\\/reduzido-valor-de-contribuicao-assistencial-a-sindicato-no-rio-grande-do-sul-programa-na-integra\\\/\",\"name\":\"Reduzido valor de contribui\u00e7\u00e3o assistencial a sindicato no Rio Grande do Sul | Programa na \u00edntegra - Contabilidade Caxias\",\"isPartOf\":{\"@id\":\"https:\\\/\\\/contabilidadecaxias.com.br\\\/#website\"},\"datePublished\":\"2022-08-29T18:02:33+00:00\",\"author\":{\"@id\":\"\"},\"breadcrumb\":{\"@id\":\"https:\\\/\\\/contabilidadecaxias.com.br\\\/index.php\\\/2022\\\/08\\\/29\\\/reduzido-valor-de-contribuicao-assistencial-a-sindicato-no-rio-grande-do-sul-programa-na-integra\\\/#breadcrumb\"},\"inLanguage\":\"pt-BR\",\"potentialAction\":[{\"@type\":\"ReadAction\",\"target\":[\"https:\\\/\\\/contabilidadecaxias.com.br\\\/index.php\\\/2022\\\/08\\\/29\\\/reduzido-valor-de-contribuicao-assistencial-a-sindicato-no-rio-grande-do-sul-programa-na-integra\\\/\"]}]},{\"@type\":\"BreadcrumbList\",\"@id\":\"https:\\\/\\\/contabilidadecaxias.com.br\\\/index.php\\\/2022\\\/08\\\/29\\\/reduzido-valor-de-contribuicao-assistencial-a-sindicato-no-rio-grande-do-sul-programa-na-integra\\\/#breadcrumb\",\"itemListElement\":[{\"@type\":\"ListItem\",\"position\":1,\"name\":\"In\u00edcio\",\"item\":\"https:\\\/\\\/contabilidadecaxias.com.br\\\/\"},{\"@type\":\"ListItem\",\"position\":2,\"name\":\"Reduzido valor de contribui\u00e7\u00e3o assistencial a sindicato no Rio Grande do Sul | Programa na \u00edntegra\"}]},{\"@type\":\"WebSite\",\"@id\":\"https:\\\/\\\/contabilidadecaxias.com.br\\\/#website\",\"url\":\"https:\\\/\\\/contabilidadecaxias.com.br\\\/\",\"name\":\"Contabilidade Caxias\",\"description\":\"Site especializado em Contabilidade para Caxias.\",\"potentialAction\":[{\"@type\":\"SearchAction\",\"target\":{\"@type\":\"EntryPoint\",\"urlTemplate\":\"https:\\\/\\\/contabilidadecaxias.com.br\\\/?s={search_term_string}\"},\"query-input\":{\"@type\":\"PropertyValueSpecification\",\"valueRequired\":true,\"valueName\":\"search_term_string\"}}],\"inLanguage\":\"pt-BR\"}]}<\/script>\n<!-- \/ Yoast SEO plugin. -->","yoast_head_json":{"title":"Reduzido valor de contribui\u00e7\u00e3o assistencial a sindicato no Rio Grande do Sul | Programa na \u00edntegra - Contabilidade Caxias","robots":{"index":"index","follow":"follow","max-snippet":"max-snippet:-1","max-image-preview":"max-image-preview:large","max-video-preview":"max-video-preview:-1"},"canonical":"https:\/\/contabilidadecaxias.com.br\/index.php\/2022\/08\/29\/reduzido-valor-de-contribuicao-assistencial-a-sindicato-no-rio-grande-do-sul-programa-na-integra\/","og_locale":"pt_BR","og_type":"article","og_title":"Reduzido valor de contribui\u00e7\u00e3o assistencial a sindicato no Rio Grande do Sul | Programa na \u00edntegra - Contabilidade Caxias","og_description":"26\/08\/22 &#8211; (00:00) Confira os destaques dessa edi\u00e7\u00e3o (00:50) TST reduz valor de contribui\u00e7\u00e3o a sindicato ga\u00facho A redu\u00e7\u00e3o foi para 50% de um dia de sal\u00e1rio j\u00e1 reajustado, pago uma \u00fanica vez durante a vig\u00eancia da norma. O colegiado no TST entendeu que a quantia que havia sido fixada na conven\u00e7\u00e3o coletiva n\u00e3o era [&hellip;]","og_url":"https:\/\/contabilidadecaxias.com.br\/index.php\/2022\/08\/29\/reduzido-valor-de-contribuicao-assistencial-a-sindicato-no-rio-grande-do-sul-programa-na-integra\/","og_site_name":"Contabilidade Caxias","article_published_time":"2022-08-29T18:02:33+00:00","twitter_card":"summary_large_image","twitter_misc":{"Est. tempo de leitura":"3 minutos"},"schema":{"@context":"https:\/\/schema.org","@graph":[{"@type":"Article","@id":"https:\/\/contabilidadecaxias.com.br\/index.php\/2022\/08\/29\/reduzido-valor-de-contribuicao-assistencial-a-sindicato-no-rio-grande-do-sul-programa-na-integra\/#article","isPartOf":{"@id":"https:\/\/contabilidadecaxias.com.br\/index.php\/2022\/08\/29\/reduzido-valor-de-contribuicao-assistencial-a-sindicato-no-rio-grande-do-sul-programa-na-integra\/"},"author":{"name":"","@id":""},"headline":"Reduzido valor de contribui\u00e7\u00e3o assistencial a sindicato no Rio Grande do Sul | Programa na \u00edntegra","datePublished":"2022-08-29T18:02:33+00:00","mainEntityOfPage":{"@id":"https:\/\/contabilidadecaxias.com.br\/index.php\/2022\/08\/29\/reduzido-valor-de-contribuicao-assistencial-a-sindicato-no-rio-grande-do-sul-programa-na-integra\/"},"wordCount":640,"commentCount":0,"articleSection":["Educa\u00e7\u00e3o Financeira"],"inLanguage":"pt-BR","potentialAction":[{"@type":"CommentAction","name":"Comment","target":["https:\/\/contabilidadecaxias.com.br\/index.php\/2022\/08\/29\/reduzido-valor-de-contribuicao-assistencial-a-sindicato-no-rio-grande-do-sul-programa-na-integra\/#respond"]}]},{"@type":"WebPage","@id":"https:\/\/contabilidadecaxias.com.br\/index.php\/2022\/08\/29\/reduzido-valor-de-contribuicao-assistencial-a-sindicato-no-rio-grande-do-sul-programa-na-integra\/","url":"https:\/\/contabilidadecaxias.com.br\/index.php\/2022\/08\/29\/reduzido-valor-de-contribuicao-assistencial-a-sindicato-no-rio-grande-do-sul-programa-na-integra\/","name":"Reduzido valor de contribui\u00e7\u00e3o assistencial a sindicato no Rio Grande do Sul | Programa na \u00edntegra - Contabilidade Caxias","isPartOf":{"@id":"https:\/\/contabilidadecaxias.com.br\/#website"},"datePublished":"2022-08-29T18:02:33+00:00","author":{"@id":""},"breadcrumb":{"@id":"https:\/\/contabilidadecaxias.com.br\/index.php\/2022\/08\/29\/reduzido-valor-de-contribuicao-assistencial-a-sindicato-no-rio-grande-do-sul-programa-na-integra\/#breadcrumb"},"inLanguage":"pt-BR","potentialAction":[{"@type":"ReadAction","target":["https:\/\/contabilidadecaxias.com.br\/index.php\/2022\/08\/29\/reduzido-valor-de-contribuicao-assistencial-a-sindicato-no-rio-grande-do-sul-programa-na-integra\/"]}]},{"@type":"BreadcrumbList","@id":"https:\/\/contabilidadecaxias.com.br\/index.php\/2022\/08\/29\/reduzido-valor-de-contribuicao-assistencial-a-sindicato-no-rio-grande-do-sul-programa-na-integra\/#breadcrumb","itemListElement":[{"@type":"ListItem","position":1,"name":"In\u00edcio","item":"https:\/\/contabilidadecaxias.com.br\/"},{"@type":"ListItem","position":2,"name":"Reduzido valor de contribui\u00e7\u00e3o assistencial a sindicato no Rio Grande do Sul | Programa na \u00edntegra"}]},{"@type":"WebSite","@id":"https:\/\/contabilidadecaxias.com.br\/#website","url":"https:\/\/contabilidadecaxias.com.br\/","name":"Contabilidade Caxias","description":"Site especializado em Contabilidade para Caxias.","potentialAction":[{"@type":"SearchAction","target":{"@type":"EntryPoint","urlTemplate":"https:\/\/contabilidadecaxias.com.br\/?s={search_term_string}"},"query-input":{"@type":"PropertyValueSpecification","valueRequired":true,"valueName":"search_term_string"}}],"inLanguage":"pt-BR"}]}},"_links":{"self":[{"href":"https:\/\/contabilidadecaxias.com.br\/index.php\/wp-json\/wp\/v2\/posts\/13858","targetHints":{"allow":["GET"]}}],"collection":[{"href":"https:\/\/contabilidadecaxias.com.br\/index.php\/wp-json\/wp\/v2\/posts"}],"about":[{"href":"https:\/\/contabilidadecaxias.com.br\/index.php\/wp-json\/wp\/v2\/types\/post"}],"replies":[{"embeddable":true,"href":"https:\/\/contabilidadecaxias.com.br\/index.php\/wp-json\/wp\/v2\/comments?post=13858"}],"version-history":[{"count":0,"href":"https:\/\/contabilidadecaxias.com.br\/index.php\/wp-json\/wp\/v2\/posts\/13858\/revisions"}],"wp:attachment":[{"href":"https:\/\/contabilidadecaxias.com.br\/index.php\/wp-json\/wp\/v2\/media?parent=13858"}],"wp:term":[{"taxonomy":"category","embeddable":true,"href":"https:\/\/contabilidadecaxias.com.br\/index.php\/wp-json\/wp\/v2\/categories?post=13858"},{"taxonomy":"post_tag","embeddable":true,"href":"https:\/\/contabilidadecaxias.com.br\/index.php\/wp-json\/wp\/v2\/tags?post=13858"}],"curies":[{"name":"wp","href":"https:\/\/api.w.org\/{rel}","templated":true}]}}