{"id":13854,"date":"2022-08-29T14:02:19","date_gmt":"2022-08-29T17:02:19","guid":{"rendered":"https:\/\/contabilidadecaxias.com.br\/index.php\/2022\/08\/29\/enfermeiro-tera-jornada-reduzida-para-cuidar-de-filho-com-autismo\/"},"modified":"2022-08-29T14:02:19","modified_gmt":"2022-08-29T17:02:19","slug":"enfermeiro-tera-jornada-reduzida-para-cuidar-de-filho-com-autismo","status":"publish","type":"post","link":"https:\/\/contabilidadecaxias.com.br\/index.php\/2022\/08\/29\/enfermeiro-tera-jornada-reduzida-para-cuidar-de-filho-com-autismo\/","title":{"rendered":"Enfermeiro ter\u00e1 jornada reduzida para cuidar de filho com autismo"},"content":{"rendered":"<div class=\"noticia-wrapper\">\n<p><em><\/p>\n<p>A redu\u00e7\u00e3o n\u00e3o acarretar\u00e1 preju\u00edzo \u00e0 remunera\u00e7\u00e3o nem compensa\u00e7\u00e3o de hor\u00e1rio\u00a0<\/p>\n<p><\/em><\/p>\n<div class=\"social-media-share mobile\">\n        <a class=\"share-facebook\" href=\"https:\/\/www.facebook.com\/sharer.php?u=https:\/\/www.tst.jus.br\/-\/enfermeiro-ter%C3%A1-jornada-reduzida-para-cuidar-de-filho-com-autismo\" target=\"_blank\" rel=\"noopener\"><\/a><br \/>\n        <a class=\"share-twitter\" href=\"https:\/\/twitter.com\/intent\/tweet?text=Enfermeiro%20ter%C3%A1%20jornada%20reduzida%20para%20cuidar%20de%20filho%20com%20autismo%0AVeja%20mais%20em:&amp;url=https:\/\/www.tst.jus.br\/-\/enfermeiro-ter%C3%A1-jornada-reduzida-para-cuidar-de-filho-com-autismo\" target=\"_blank\" rel=\"noopener\"><\/a><br \/>\n        <a class=\"share-linkedin\" href=\"https:\/\/www.linkedin.com\/shareArticle?mini=true&amp;url=https:\/\/www.tst.jus.br\/-\/enfermeiro-ter%C3%A1-jornada-reduzida-para-cuidar-de-filho-com-autismo&amp;title=Enfermeiro%20ter%C3%A1%20jornada%20reduzida%20para%20cuidar%20de%20filho%20com%20autismo\" target=\"_blank\" rel=\"noopener\"><\/a><br \/>\n        <a class=\"share-whatsapp\" href=\"https:\/\/web.whatsapp.com\/send?text=https:\/\/www.tst.jus.br\/-\/enfermeiro-ter%C3%A1-jornada-reduzida-para-cuidar-de-filho-com-autismo\" target=\"_blank\" rel=\"noopener\"><\/a><br \/>\n        <a class=\"share-googleplus\" href=\"https:\/\/plus.google.com\/share?url=https:\/\/www.tst.jus.br\/-\/enfermeiro-ter%C3%A1-jornada-reduzida-para-cuidar-de-filho-com-autismo\" target=\"_blank\" rel=\"noopener\"><\/a>\n    <\/div>\n<div class=\"news-body\">\n<div class=\"imagem-da-noticia\">\n<p>Ministro Hugo Scheuermann<\/p>\n<div class=\"social-media-share\">\n                    <a class=\"share-facebook\" href=\"https:\/\/www.facebook.com\/sharer.php?u=https:\/\/www.tst.jus.br\/-\/enfermeiro-ter%C3%A1-jornada-reduzida-para-cuidar-de-filho-com-autismo\" target=\"_blank\" rel=\"noopener\"><\/a><br \/>\n                    <a class=\"share-twitter\" href=\"https:\/\/twitter.com\/intent\/tweet?text=Enfermeiro%20ter%C3%A1%20jornada%20reduzida%20para%20cuidar%20de%20filho%20com%20autismo%0AVeja%20mais%20em:&amp;url=https:\/\/www.tst.jus.br\/-\/enfermeiro-ter%C3%A1-jornada-reduzida-para-cuidar-de-filho-com-autismo\" target=\"_blank\" rel=\"noopener\"><\/a><br \/>\n                    <a class=\"share-linkedin\" href=\"https:\/\/www.linkedin.com\/shareArticle?mini=true&amp;url=https:\/\/www.tst.jus.br\/-\/enfermeiro-ter%C3%A1-jornada-reduzida-para-cuidar-de-filho-com-autismo&amp;title=Enfermeiro%20ter%C3%A1%20jornada%20reduzida%20para%20cuidar%20de%20filho%20com%20autismo\" target=\"_blank\" rel=\"noopener\"><\/a><br \/>\n                    <a class=\"share-whatsapp\" href=\"https:\/\/web.whatsapp.com\/send?text=https:\/\/www.tst.jus.br\/-\/enfermeiro-ter%C3%A1-jornada-reduzida-para-cuidar-de-filho-com-autismo\" target=\"_blank\" rel=\"noopener\"><\/a><br \/>\n                    <a class=\"share-googleplus\" href=\"https:\/\/plus.google.com\/share?url=https:\/\/www.tst.jus.br\/-\/enfermeiro-ter%C3%A1-jornada-reduzida-para-cuidar-de-filho-com-autismo\" target=\"_blank\" rel=\"noopener\"><\/a>\n                <\/div>\n<\/p><\/div>\n<div class=\"materia\">\n<p>29\/08\/22 &#8211;\u00a0A Primeira Turma do Tribunal Superior do Trabalho rejeitou o exame do recurso da Empresa Brasileira de Servi\u00e7os Hospitalares (Ebserh) contra decis\u00e3o que havia reconhecido a um enfermeiro de Vit\u00f3ria (ES) o direito \u00e0 jornada reduzida, para que possa cuidar do filho com transtorno do espectro autista (TEA). Embora n\u00e3o haja previs\u00e3o expressa na CLT nesse sentido, o colegiado entendeu que o Estado tem o dever de proporcionar todas as medidas necess\u00e1rias ao acesso de pessoas com defici\u00eancia aos servi\u00e7os de sa\u00fade e educa\u00e7\u00e3o, inclusive permitindo que seus respons\u00e1veis legais tenham carga hor\u00e1ria de trabalho reduzida, de modo a assegurar a frui\u00e7\u00e3o dos direitos fundamentais assegurados pela Constitui\u00e7\u00e3o.<\/p>\n<h4>Cuidados especiais<\/h4>\n<p>Na reclama\u00e7\u00e3o trabalhista, o enfermeiro sustentou a necessidade da redu\u00e7\u00e3o da jornada, a fim de poder dedicar mais tempo ao cuidado e \u00e0 vigil\u00e2ncia do filho de seis anos. Por recomenda\u00e7\u00e3o m\u00e9dica, os cuidados especiais necess\u00e1rios incluem alimenta\u00e7\u00e3o, medicamentos controlados, consultas m\u00e9dicas, psicoterapia comportamental (30 horas semanais), fonoaudi\u00f3loga (cinco horas por semana), terapia ocupacional com integra\u00e7\u00e3o sensorial (tr\u00eas horas por semana) e psicopedagogia (duas horas por semana).<\/p>\n<h4>Redu\u00e7\u00e3o de jornada<\/h4>\n<p>O ju\u00edzo da 13\u00aa Vara do Trabalho de Vit\u00f3ria deferiu o pedido e determinou \u00e0 Ebserh a imediata redu\u00e7\u00e3o da carga hor\u00e1ria do enfermeiro, de 36 para 20 horas semanais.\u00a0<br \/>\nO Tribunal Regional do Trabalho da 17\u00aa Regi\u00e3o (ES) manteve o direito, mas destacou que a decis\u00e3o poderia ser revisada, caso houvesse prova concreta de altera\u00e7\u00e3o da situa\u00e7\u00e3o de vida, sa\u00fade, alimenta\u00e7\u00e3o, educa\u00e7\u00e3o e complei\u00e7\u00e3o pedag\u00f3gica do filho do trabalhador.\u00a0<\/p>\n<h4>Dever do estado, da fam\u00edlia e da sociedade<\/h4>\n<p>O relator do recurso de revista da Ebserh, ministro Hugo Scheuermann, lembrou que a Constitui\u00e7\u00e3o Federal considera dever da fam\u00edlia, da sociedade e do Estado assegurar \u00e0 crian\u00e7a, ao adolescente e ao jovem, com absoluta prioridade, o direito \u00e0 vida, \u00e0 sa\u00fade, \u00e0 alimenta\u00e7\u00e3o, \u00e0 educa\u00e7\u00e3o, ao lazer, \u00e0 profissionaliza\u00e7\u00e3o, \u00e0 cultura, \u00e0 dignidade, ao respeito, \u00e0 liberdade e \u00e0 conviv\u00eancia familiar e comunit\u00e1ria, al\u00e9m de coloc\u00e1-los a salvo de toda forma de neglig\u00eancia, discrimina\u00e7\u00e3o, explora\u00e7\u00e3o, viol\u00eancia, crueldade e opress\u00e3o. Al\u00e9m disso, estabelece que \u00e9 compet\u00eancia comum da Uni\u00e3o, dos estados, do Distrito Federal e dos munic\u00edpios cuidar da sa\u00fade e da assist\u00eancia p\u00fablica, da prote\u00e7\u00e3o e garantia das pessoas com defici\u00eancia.<\/p>\n<h4>Leis ordin\u00e1rias e conven\u00e7\u00f5es internacionais<\/h4>\n<p>A prote\u00e7\u00e3o legal tamb\u00e9m encontra lugar no Estatuto da Crian\u00e7a e do Adolescente (ECA &#8211; <a href=\"https:\/\/www.planalto.gov.br\/ccivil_03\/leis\/l8069.htm\" target=\"_blank\" rel=\"noopener\">Lei 8.609\/1990<\/a>), que assegura \u00e0 crian\u00e7a todas as oportunidades e facilidades, para facultar seu desenvolvimento integral, em condi\u00e7\u00f5es de liberdade e de dignidade. J\u00e1 a <a href=\"https:\/\/www.planalto.gov.br\/ccivil_03\/_ato2011-2014\/2012\/lei\/l12764.htm\" target=\"_blank\" rel=\"noopener\">Lei 12.764\/2012<\/a>, que instituiu a Pol\u00edtica Nacional de Prote\u00e7\u00e3o dos Direitos da Pessoa com Transtorno do Espectro Autista, reconheceu expressamente que essas pessoas s\u00e3o consideradas, para todos os efeitos legais, \u00a0pessoas com defici\u00eancia, com direito ao acesso a a\u00e7\u00f5es e servi\u00e7os de sa\u00fade de aten\u00e7\u00e3o integral \u00e0s suas necessidades, incluindo o atendimento multiprofissional.<\/p>\n<p>Por fim, a Conven\u00e7\u00e3o Internacional sobre os Direitos da Crian\u00e7a (<a href=\"https:\/\/www.planalto.gov.br\/ccivil_03\/_ato2007-2010\/2009\/decreto\/d6949.htm\" target=\"_blank\" rel=\"noopener\">Decreto 6.949\/2009<\/a>) assegura que crian\u00e7as com defici\u00eancias f\u00edsicas ou mentais devem desfrutar de uma vida plena e decente, em condi\u00e7\u00f5es que garantam sua dignidade, favore\u00e7am sua autonomia e facilitem sua participa\u00e7\u00e3o ativa na comunidade.<\/p>\n<h4>Sem preju\u00edzo do sal\u00e1rio e sem compensa\u00e7\u00e3o de horas \u00a0<\/h4>\n<p>A partir da interpreta\u00e7\u00e3o sistem\u00e1tica da legisla\u00e7\u00e3o constitucional e infraconstitucional e das conven\u00e7\u00f5es internacionais v\u00e1lidas no Brasil, o colegiado concluiu que deve ser mantida a redu\u00e7\u00e3o da carga hor\u00e1ria, aplicando, por analogia, dispositivo do Regime Jur\u00eddico \u00danico (<a href=\"https:\/\/www.planalto.gov.br\/ccivil_03\/leis\/l8112cons.htm\" target=\"_blank\" rel=\"noopener\">Lei 8.112\/1990<\/a>) que assegura esse direito aos servidores p\u00fablicos da Uni\u00e3o.<\/p>\n<p>A decis\u00e3o foi un\u00e2nime.\u00a0<\/p>\n<p>(GL\/CF)<br \/>\n\u00a0\u00a0 \u00a0\u00a0\u00a0 \u00a0<br \/>\nProcesso: <a href=\"https:\/\/consultaprocessual.tst.jus.br\/consultaProcessual\/consultaTstNumUnica.do?consulta=Consultar&amp;conscsjt=&amp;numeroTst=386&amp;digitoTst=31&amp;anoTst=2019&amp;orgaoTst=5&amp;tribunalTst=17&amp;varaTst=0013&amp;submit=Consultar\" target=\"_blank\" rel=\"noopener\">AIRR-386-31.2019.5.17.0013<\/a><\/p>\n<p><em>Esta mat\u00e9ria tem cunho meramente informativo.<br \/>\nPermitida a reprodu\u00e7\u00e3o mediante cita\u00e7\u00e3o da fonte.<br \/>\nSecretaria de Comunica\u00e7\u00e3o Social<br \/>\n<a href=\"https:\/\/www.tst.jus.br\/\" target=\"_blank\" rel=\"noopener\">Tribunal Superior do Trabalho<\/a><br \/>\nTel. (61) 3043-4907<br \/>\n<a href=\"mailto:secom@tst.jus.br\" target=\"\" rel=\"noopener\">secom@tst.jus.br<\/a><\/em><\/p>\n<\/div><\/div>\n<\/div>\n","protected":false},"excerpt":{"rendered":"<p>A redu\u00e7\u00e3o n\u00e3o acarretar\u00e1 preju\u00edzo \u00e0 remunera\u00e7\u00e3o nem compensa\u00e7\u00e3o de hor\u00e1rio\u00a0 Ministro Hugo Scheuermann 29\/08\/22 &#8211;\u00a0A Primeira Turma do Tribunal Superior do Trabalho rejeitou o exame do recurso da Empresa Brasileira de Servi\u00e7os Hospitalares (Ebserh) contra decis\u00e3o que havia reconhecido a um enfermeiro de Vit\u00f3ria (ES) o direito \u00e0 jornada reduzida, para que possa cuidar [&hellip;]<\/p>\n","protected":false},"author":0,"featured_media":13855,"comment_status":"open","ping_status":"","sticky":false,"template":"","format":"standard","meta":{"footnotes":""},"categories":[5],"tags":[],"class_list":["post-13854","post","type-post","status-publish","format-standard","has-post-thumbnail","hentry","category-noticias-educacao-financeira"],"blocksy_meta":{"styles_descriptor":{"styles":{"desktop":"","tablet":"","mobile":""},"google_fonts":[],"version":6}},"yoast_head":"<!-- This site is optimized with the Yoast SEO plugin v27.4 - https:\/\/yoast.com\/product\/yoast-seo-wordpress\/ -->\n<title>Enfermeiro ter\u00e1 jornada reduzida para cuidar de filho com autismo - Contabilidade Caxias<\/title>\n<meta name=\"robots\" content=\"index, follow, max-snippet:-1, max-image-preview:large, max-video-preview:-1\" \/>\n<link rel=\"canonical\" href=\"https:\/\/contabilidadecaxias.com.br\/index.php\/2022\/08\/29\/enfermeiro-tera-jornada-reduzida-para-cuidar-de-filho-com-autismo\/\" \/>\n<meta property=\"og:locale\" content=\"pt_BR\" \/>\n<meta property=\"og:type\" content=\"article\" \/>\n<meta property=\"og:title\" content=\"Enfermeiro ter\u00e1 jornada reduzida para cuidar de filho com autismo - Contabilidade Caxias\" \/>\n<meta property=\"og:description\" content=\"A redu\u00e7\u00e3o n\u00e3o acarretar\u00e1 preju\u00edzo \u00e0 remunera\u00e7\u00e3o nem compensa\u00e7\u00e3o de hor\u00e1rio\u00a0 Ministro Hugo Scheuermann 29\/08\/22 &#8211;\u00a0A Primeira Turma do Tribunal Superior do Trabalho rejeitou o exame do recurso da Empresa Brasileira de Servi\u00e7os Hospitalares (Ebserh) contra decis\u00e3o que havia reconhecido a um enfermeiro de Vit\u00f3ria (ES) o direito \u00e0 jornada reduzida, para que possa cuidar [&hellip;]\" \/>\n<meta property=\"og:url\" content=\"https:\/\/contabilidadecaxias.com.br\/index.php\/2022\/08\/29\/enfermeiro-tera-jornada-reduzida-para-cuidar-de-filho-com-autismo\/\" \/>\n<meta property=\"og:site_name\" content=\"Contabilidade Caxias\" \/>\n<meta property=\"article:published_time\" content=\"2022-08-29T17:02:19+00:00\" \/>\n<meta name=\"twitter:card\" content=\"summary_large_image\" \/>\n<meta name=\"twitter:label1\" content=\"Est. tempo de leitura\" \/>\n\t<meta name=\"twitter:data1\" content=\"4 minutos\" \/>\n<script type=\"application\/ld+json\" class=\"yoast-schema-graph\">{\"@context\":\"https:\\\/\\\/schema.org\",\"@graph\":[{\"@type\":\"Article\",\"@id\":\"https:\\\/\\\/contabilidadecaxias.com.br\\\/index.php\\\/2022\\\/08\\\/29\\\/enfermeiro-tera-jornada-reduzida-para-cuidar-de-filho-com-autismo\\\/#article\",\"isPartOf\":{\"@id\":\"https:\\\/\\\/contabilidadecaxias.com.br\\\/index.php\\\/2022\\\/08\\\/29\\\/enfermeiro-tera-jornada-reduzida-para-cuidar-de-filho-com-autismo\\\/\"},\"author\":{\"name\":\"\",\"@id\":\"\"},\"headline\":\"Enfermeiro ter\u00e1 jornada reduzida para cuidar de filho com autismo\",\"datePublished\":\"2022-08-29T17:02:19+00:00\",\"mainEntityOfPage\":{\"@id\":\"https:\\\/\\\/contabilidadecaxias.com.br\\\/index.php\\\/2022\\\/08\\\/29\\\/enfermeiro-tera-jornada-reduzida-para-cuidar-de-filho-com-autismo\\\/\"},\"wordCount\":718,\"commentCount\":0,\"image\":{\"@id\":\"https:\\\/\\\/contabilidadecaxias.com.br\\\/index.php\\\/2022\\\/08\\\/29\\\/enfermeiro-tera-jornada-reduzida-para-cuidar-de-filho-com-autismo\\\/#primaryimage\"},\"thumbnailUrl\":\"https:\\\/\\\/contabilidadecaxias.com.br\\\/wp-content\\\/uploads\\\/2022\\\/08\\\/2b736d5c-9368-11bf-d4b3-a448764ac3ca-RQ0k0t.jpeg\",\"articleSection\":[\"Educa\u00e7\u00e3o Financeira\"],\"inLanguage\":\"pt-BR\",\"potentialAction\":[{\"@type\":\"CommentAction\",\"name\":\"Comment\",\"target\":[\"https:\\\/\\\/contabilidadecaxias.com.br\\\/index.php\\\/2022\\\/08\\\/29\\\/enfermeiro-tera-jornada-reduzida-para-cuidar-de-filho-com-autismo\\\/#respond\"]}]},{\"@type\":\"WebPage\",\"@id\":\"https:\\\/\\\/contabilidadecaxias.com.br\\\/index.php\\\/2022\\\/08\\\/29\\\/enfermeiro-tera-jornada-reduzida-para-cuidar-de-filho-com-autismo\\\/\",\"url\":\"https:\\\/\\\/contabilidadecaxias.com.br\\\/index.php\\\/2022\\\/08\\\/29\\\/enfermeiro-tera-jornada-reduzida-para-cuidar-de-filho-com-autismo\\\/\",\"name\":\"Enfermeiro ter\u00e1 jornada reduzida para cuidar de filho com autismo - Contabilidade Caxias\",\"isPartOf\":{\"@id\":\"https:\\\/\\\/contabilidadecaxias.com.br\\\/#website\"},\"primaryImageOfPage\":{\"@id\":\"https:\\\/\\\/contabilidadecaxias.com.br\\\/index.php\\\/2022\\\/08\\\/29\\\/enfermeiro-tera-jornada-reduzida-para-cuidar-de-filho-com-autismo\\\/#primaryimage\"},\"image\":{\"@id\":\"https:\\\/\\\/contabilidadecaxias.com.br\\\/index.php\\\/2022\\\/08\\\/29\\\/enfermeiro-tera-jornada-reduzida-para-cuidar-de-filho-com-autismo\\\/#primaryimage\"},\"thumbnailUrl\":\"https:\\\/\\\/contabilidadecaxias.com.br\\\/wp-content\\\/uploads\\\/2022\\\/08\\\/2b736d5c-9368-11bf-d4b3-a448764ac3ca-RQ0k0t.jpeg\",\"datePublished\":\"2022-08-29T17:02:19+00:00\",\"author\":{\"@id\":\"\"},\"breadcrumb\":{\"@id\":\"https:\\\/\\\/contabilidadecaxias.com.br\\\/index.php\\\/2022\\\/08\\\/29\\\/enfermeiro-tera-jornada-reduzida-para-cuidar-de-filho-com-autismo\\\/#breadcrumb\"},\"inLanguage\":\"pt-BR\",\"potentialAction\":[{\"@type\":\"ReadAction\",\"target\":[\"https:\\\/\\\/contabilidadecaxias.com.br\\\/index.php\\\/2022\\\/08\\\/29\\\/enfermeiro-tera-jornada-reduzida-para-cuidar-de-filho-com-autismo\\\/\"]}]},{\"@type\":\"ImageObject\",\"inLanguage\":\"pt-BR\",\"@id\":\"https:\\\/\\\/contabilidadecaxias.com.br\\\/index.php\\\/2022\\\/08\\\/29\\\/enfermeiro-tera-jornada-reduzida-para-cuidar-de-filho-com-autismo\\\/#primaryimage\",\"url\":\"https:\\\/\\\/contabilidadecaxias.com.br\\\/wp-content\\\/uploads\\\/2022\\\/08\\\/2b736d5c-9368-11bf-d4b3-a448764ac3ca-RQ0k0t.jpeg\",\"contentUrl\":\"https:\\\/\\\/contabilidadecaxias.com.br\\\/wp-content\\\/uploads\\\/2022\\\/08\\\/2b736d5c-9368-11bf-d4b3-a448764ac3ca-RQ0k0t.jpeg\",\"width\":1500,\"height\":986},{\"@type\":\"BreadcrumbList\",\"@id\":\"https:\\\/\\\/contabilidadecaxias.com.br\\\/index.php\\\/2022\\\/08\\\/29\\\/enfermeiro-tera-jornada-reduzida-para-cuidar-de-filho-com-autismo\\\/#breadcrumb\",\"itemListElement\":[{\"@type\":\"ListItem\",\"position\":1,\"name\":\"In\u00edcio\",\"item\":\"https:\\\/\\\/contabilidadecaxias.com.br\\\/\"},{\"@type\":\"ListItem\",\"position\":2,\"name\":\"Enfermeiro ter\u00e1 jornada reduzida para cuidar de filho com autismo\"}]},{\"@type\":\"WebSite\",\"@id\":\"https:\\\/\\\/contabilidadecaxias.com.br\\\/#website\",\"url\":\"https:\\\/\\\/contabilidadecaxias.com.br\\\/\",\"name\":\"Contabilidade Caxias\",\"description\":\"Site especializado em Contabilidade para Caxias.\",\"potentialAction\":[{\"@type\":\"SearchAction\",\"target\":{\"@type\":\"EntryPoint\",\"urlTemplate\":\"https:\\\/\\\/contabilidadecaxias.com.br\\\/?s={search_term_string}\"},\"query-input\":{\"@type\":\"PropertyValueSpecification\",\"valueRequired\":true,\"valueName\":\"search_term_string\"}}],\"inLanguage\":\"pt-BR\"}]}<\/script>\n<!-- \/ Yoast SEO plugin. -->","yoast_head_json":{"title":"Enfermeiro ter\u00e1 jornada reduzida para cuidar de filho com autismo - Contabilidade Caxias","robots":{"index":"index","follow":"follow","max-snippet":"max-snippet:-1","max-image-preview":"max-image-preview:large","max-video-preview":"max-video-preview:-1"},"canonical":"https:\/\/contabilidadecaxias.com.br\/index.php\/2022\/08\/29\/enfermeiro-tera-jornada-reduzida-para-cuidar-de-filho-com-autismo\/","og_locale":"pt_BR","og_type":"article","og_title":"Enfermeiro ter\u00e1 jornada reduzida para cuidar de filho com autismo - Contabilidade Caxias","og_description":"A redu\u00e7\u00e3o n\u00e3o acarretar\u00e1 preju\u00edzo \u00e0 remunera\u00e7\u00e3o nem compensa\u00e7\u00e3o de hor\u00e1rio\u00a0 Ministro Hugo Scheuermann 29\/08\/22 &#8211;\u00a0A Primeira Turma do Tribunal Superior do Trabalho rejeitou o exame do recurso da Empresa Brasileira de Servi\u00e7os Hospitalares (Ebserh) contra decis\u00e3o que havia reconhecido a um enfermeiro de Vit\u00f3ria (ES) o direito \u00e0 jornada reduzida, para que possa cuidar [&hellip;]","og_url":"https:\/\/contabilidadecaxias.com.br\/index.php\/2022\/08\/29\/enfermeiro-tera-jornada-reduzida-para-cuidar-de-filho-com-autismo\/","og_site_name":"Contabilidade Caxias","article_published_time":"2022-08-29T17:02:19+00:00","twitter_card":"summary_large_image","twitter_misc":{"Est. tempo de leitura":"4 minutos"},"schema":{"@context":"https:\/\/schema.org","@graph":[{"@type":"Article","@id":"https:\/\/contabilidadecaxias.com.br\/index.php\/2022\/08\/29\/enfermeiro-tera-jornada-reduzida-para-cuidar-de-filho-com-autismo\/#article","isPartOf":{"@id":"https:\/\/contabilidadecaxias.com.br\/index.php\/2022\/08\/29\/enfermeiro-tera-jornada-reduzida-para-cuidar-de-filho-com-autismo\/"},"author":{"name":"","@id":""},"headline":"Enfermeiro ter\u00e1 jornada reduzida para cuidar de filho com autismo","datePublished":"2022-08-29T17:02:19+00:00","mainEntityOfPage":{"@id":"https:\/\/contabilidadecaxias.com.br\/index.php\/2022\/08\/29\/enfermeiro-tera-jornada-reduzida-para-cuidar-de-filho-com-autismo\/"},"wordCount":718,"commentCount":0,"image":{"@id":"https:\/\/contabilidadecaxias.com.br\/index.php\/2022\/08\/29\/enfermeiro-tera-jornada-reduzida-para-cuidar-de-filho-com-autismo\/#primaryimage"},"thumbnailUrl":"https:\/\/contabilidadecaxias.com.br\/wp-content\/uploads\/2022\/08\/2b736d5c-9368-11bf-d4b3-a448764ac3ca-RQ0k0t.jpeg","articleSection":["Educa\u00e7\u00e3o Financeira"],"inLanguage":"pt-BR","potentialAction":[{"@type":"CommentAction","name":"Comment","target":["https:\/\/contabilidadecaxias.com.br\/index.php\/2022\/08\/29\/enfermeiro-tera-jornada-reduzida-para-cuidar-de-filho-com-autismo\/#respond"]}]},{"@type":"WebPage","@id":"https:\/\/contabilidadecaxias.com.br\/index.php\/2022\/08\/29\/enfermeiro-tera-jornada-reduzida-para-cuidar-de-filho-com-autismo\/","url":"https:\/\/contabilidadecaxias.com.br\/index.php\/2022\/08\/29\/enfermeiro-tera-jornada-reduzida-para-cuidar-de-filho-com-autismo\/","name":"Enfermeiro ter\u00e1 jornada reduzida para cuidar de filho com autismo - Contabilidade Caxias","isPartOf":{"@id":"https:\/\/contabilidadecaxias.com.br\/#website"},"primaryImageOfPage":{"@id":"https:\/\/contabilidadecaxias.com.br\/index.php\/2022\/08\/29\/enfermeiro-tera-jornada-reduzida-para-cuidar-de-filho-com-autismo\/#primaryimage"},"image":{"@id":"https:\/\/contabilidadecaxias.com.br\/index.php\/2022\/08\/29\/enfermeiro-tera-jornada-reduzida-para-cuidar-de-filho-com-autismo\/#primaryimage"},"thumbnailUrl":"https:\/\/contabilidadecaxias.com.br\/wp-content\/uploads\/2022\/08\/2b736d5c-9368-11bf-d4b3-a448764ac3ca-RQ0k0t.jpeg","datePublished":"2022-08-29T17:02:19+00:00","author":{"@id":""},"breadcrumb":{"@id":"https:\/\/contabilidadecaxias.com.br\/index.php\/2022\/08\/29\/enfermeiro-tera-jornada-reduzida-para-cuidar-de-filho-com-autismo\/#breadcrumb"},"inLanguage":"pt-BR","potentialAction":[{"@type":"ReadAction","target":["https:\/\/contabilidadecaxias.com.br\/index.php\/2022\/08\/29\/enfermeiro-tera-jornada-reduzida-para-cuidar-de-filho-com-autismo\/"]}]},{"@type":"ImageObject","inLanguage":"pt-BR","@id":"https:\/\/contabilidadecaxias.com.br\/index.php\/2022\/08\/29\/enfermeiro-tera-jornada-reduzida-para-cuidar-de-filho-com-autismo\/#primaryimage","url":"https:\/\/contabilidadecaxias.com.br\/wp-content\/uploads\/2022\/08\/2b736d5c-9368-11bf-d4b3-a448764ac3ca-RQ0k0t.jpeg","contentUrl":"https:\/\/contabilidadecaxias.com.br\/wp-content\/uploads\/2022\/08\/2b736d5c-9368-11bf-d4b3-a448764ac3ca-RQ0k0t.jpeg","width":1500,"height":986},{"@type":"BreadcrumbList","@id":"https:\/\/contabilidadecaxias.com.br\/index.php\/2022\/08\/29\/enfermeiro-tera-jornada-reduzida-para-cuidar-de-filho-com-autismo\/#breadcrumb","itemListElement":[{"@type":"ListItem","position":1,"name":"In\u00edcio","item":"https:\/\/contabilidadecaxias.com.br\/"},{"@type":"ListItem","position":2,"name":"Enfermeiro ter\u00e1 jornada reduzida para cuidar de filho com autismo"}]},{"@type":"WebSite","@id":"https:\/\/contabilidadecaxias.com.br\/#website","url":"https:\/\/contabilidadecaxias.com.br\/","name":"Contabilidade Caxias","description":"Site especializado em Contabilidade para Caxias.","potentialAction":[{"@type":"SearchAction","target":{"@type":"EntryPoint","urlTemplate":"https:\/\/contabilidadecaxias.com.br\/?s={search_term_string}"},"query-input":{"@type":"PropertyValueSpecification","valueRequired":true,"valueName":"search_term_string"}}],"inLanguage":"pt-BR"}]}},"_links":{"self":[{"href":"https:\/\/contabilidadecaxias.com.br\/index.php\/wp-json\/wp\/v2\/posts\/13854","targetHints":{"allow":["GET"]}}],"collection":[{"href":"https:\/\/contabilidadecaxias.com.br\/index.php\/wp-json\/wp\/v2\/posts"}],"about":[{"href":"https:\/\/contabilidadecaxias.com.br\/index.php\/wp-json\/wp\/v2\/types\/post"}],"replies":[{"embeddable":true,"href":"https:\/\/contabilidadecaxias.com.br\/index.php\/wp-json\/wp\/v2\/comments?post=13854"}],"version-history":[{"count":0,"href":"https:\/\/contabilidadecaxias.com.br\/index.php\/wp-json\/wp\/v2\/posts\/13854\/revisions"}],"wp:featuredmedia":[{"embeddable":true,"href":"https:\/\/contabilidadecaxias.com.br\/index.php\/wp-json\/wp\/v2\/media\/13855"}],"wp:attachment":[{"href":"https:\/\/contabilidadecaxias.com.br\/index.php\/wp-json\/wp\/v2\/media?parent=13854"}],"wp:term":[{"taxonomy":"category","embeddable":true,"href":"https:\/\/contabilidadecaxias.com.br\/index.php\/wp-json\/wp\/v2\/categories?post=13854"},{"taxonomy":"post_tag","embeddable":true,"href":"https:\/\/contabilidadecaxias.com.br\/index.php\/wp-json\/wp\/v2\/tags?post=13854"}],"curies":[{"name":"wp","href":"https:\/\/api.w.org\/{rel}","templated":true}]}}