{"id":13852,"date":"2022-08-29T14:02:16","date_gmt":"2022-08-29T17:02:16","guid":{"rendered":"https:\/\/contabilidadecaxias.com.br\/index.php\/2022\/08\/29\/retratacao-de-testemunha-nao-anula-reconhecimento-de-vinculo-de-emprego\/"},"modified":"2022-08-29T14:02:16","modified_gmt":"2022-08-29T17:02:16","slug":"retratacao-de-testemunha-nao-anula-reconhecimento-de-vinculo-de-emprego","status":"publish","type":"post","link":"https:\/\/contabilidadecaxias.com.br\/index.php\/2022\/08\/29\/retratacao-de-testemunha-nao-anula-reconhecimento-de-vinculo-de-emprego\/","title":{"rendered":"Retrata\u00e7\u00e3o de testemunha n\u00e3o anula reconhecimento de v\u00ednculo de emprego"},"content":{"rendered":"<div class=\"noticia-wrapper\">\n<p><em><\/p>\n<p>Segundo a SDI-2, n\u00e3o houve comprova\u00e7\u00e3o categ\u00f3rica da falsidade da prova.<\/p>\n<p><\/em><\/p>\n<div class=\"social-media-share mobile\">\n        <a class=\"share-facebook\" href=\"https:\/\/www.facebook.com\/sharer.php?u=https:\/\/www.tst.jus.br\/-\/retrata%C3%A7%C3%A3o-de-testemunha-n%C3%A3o-anula-reconhecimento-de-v%C3%ADnculo-de-emprego\" target=\"_blank\" rel=\"noopener\"><\/a><br \/>\n        <a class=\"share-twitter\" href=\"https:\/\/twitter.com\/intent\/tweet?text=Retrata%C3%A7%C3%A3o%20de%20testemunha%20n%C3%A3o%20anula%20reconhecimento%20de%20v%C3%ADnculo%20de%20emprego%0AVeja%20mais%20em:&amp;url=https:\/\/www.tst.jus.br\/-\/retrata%C3%A7%C3%A3o-de-testemunha-n%C3%A3o-anula-reconhecimento-de-v%C3%ADnculo-de-emprego\" target=\"_blank\" rel=\"noopener\"><\/a><br \/>\n        <a class=\"share-linkedin\" href=\"https:\/\/www.linkedin.com\/shareArticle?mini=true&amp;url=https:\/\/www.tst.jus.br\/-\/retrata%C3%A7%C3%A3o-de-testemunha-n%C3%A3o-anula-reconhecimento-de-v%C3%ADnculo-de-emprego&amp;title=Retrata%C3%A7%C3%A3o%20de%20testemunha%20n%C3%A3o%20anula%20reconhecimento%20de%20v%C3%ADnculo%20de%20emprego\" target=\"_blank\" rel=\"noopener\"><\/a><br \/>\n        <a class=\"share-whatsapp\" href=\"https:\/\/web.whatsapp.com\/send?text=https:\/\/www.tst.jus.br\/-\/retrata%C3%A7%C3%A3o-de-testemunha-n%C3%A3o-anula-reconhecimento-de-v%C3%ADnculo-de-emprego\" target=\"_blank\" rel=\"noopener\"><\/a><br \/>\n        <a class=\"share-googleplus\" href=\"https:\/\/plus.google.com\/share?url=https:\/\/www.tst.jus.br\/-\/retrata%C3%A7%C3%A3o-de-testemunha-n%C3%A3o-anula-reconhecimento-de-v%C3%ADnculo-de-emprego\" target=\"_blank\" rel=\"noopener\"><\/a>\n    <\/div>\n<div class=\"news-body\">\n<div class=\"imagem-da-noticia\">\n<p>Ministra Maria Helena Mallmann<\/p>\n<div class=\"social-media-share\">\n                    <a class=\"share-facebook\" href=\"https:\/\/www.facebook.com\/sharer.php?u=https:\/\/www.tst.jus.br\/-\/retrata%C3%A7%C3%A3o-de-testemunha-n%C3%A3o-anula-reconhecimento-de-v%C3%ADnculo-de-emprego\" target=\"_blank\" rel=\"noopener\"><\/a><br \/>\n                    <a class=\"share-twitter\" href=\"https:\/\/twitter.com\/intent\/tweet?text=Retrata%C3%A7%C3%A3o%20de%20testemunha%20n%C3%A3o%20anula%20reconhecimento%20de%20v%C3%ADnculo%20de%20emprego%0AVeja%20mais%20em:&amp;url=https:\/\/www.tst.jus.br\/-\/retrata%C3%A7%C3%A3o-de-testemunha-n%C3%A3o-anula-reconhecimento-de-v%C3%ADnculo-de-emprego\" target=\"_blank\" rel=\"noopener\"><\/a><br \/>\n                    <a class=\"share-linkedin\" href=\"https:\/\/www.linkedin.com\/shareArticle?mini=true&amp;url=https:\/\/www.tst.jus.br\/-\/retrata%C3%A7%C3%A3o-de-testemunha-n%C3%A3o-anula-reconhecimento-de-v%C3%ADnculo-de-emprego&amp;title=Retrata%C3%A7%C3%A3o%20de%20testemunha%20n%C3%A3o%20anula%20reconhecimento%20de%20v%C3%ADnculo%20de%20emprego\" target=\"_blank\" rel=\"noopener\"><\/a><br \/>\n                    <a class=\"share-whatsapp\" href=\"https:\/\/web.whatsapp.com\/send?text=https:\/\/www.tst.jus.br\/-\/retrata%C3%A7%C3%A3o-de-testemunha-n%C3%A3o-anula-reconhecimento-de-v%C3%ADnculo-de-emprego\" target=\"_blank\" rel=\"noopener\"><\/a><br \/>\n                    <a class=\"share-googleplus\" href=\"https:\/\/plus.google.com\/share?url=https:\/\/www.tst.jus.br\/-\/retrata%C3%A7%C3%A3o-de-testemunha-n%C3%A3o-anula-reconhecimento-de-v%C3%ADnculo-de-emprego\" target=\"_blank\" rel=\"noopener\"><\/a>\n                <\/div>\n<\/p><\/div>\n<div class=\"materia\">\n<p>29\/08\/22 &#8211;\u00a0A Subse\u00e7\u00e3o II Especializada em Diss\u00eddios Individuais (SDI-2) do Tribunal Superior do Trabalho julgou improcedente a a\u00e7\u00e3o rescis\u00f3ria ajuizada pela Transportadora Transgreco Ltda., de Bauru (SP), contra decis\u00e3o que reconhecera o v\u00ednculo de emprego de uma auxiliar de produ\u00e7\u00e3o. A empresa alegava que uma das testemunhas apresentadas pela empregada teria se retratado e dito que havia sido paga para depor. Todavia, segundo o colegiado, o depoimento n\u00e3o foi determinante para a forma\u00e7\u00e3o do convencimento do ju\u00edzo acerca da exist\u00eancia do v\u00ednculo.<\/p>\n<h4>Filha do s\u00f3cio<\/h4>\n<p>A reclama\u00e7\u00e3o trabalhista foi ajuizada em novembro de 2008. Suas alega\u00e7\u00f5es foram rebatidas pela transportadora, que garantiu n\u00e3o ter firmado nenhum tipo de rela\u00e7\u00e3o de emprego. Segundo a empresa, ela era filha de um dos s\u00f3cios, destitu\u00eddo da administra\u00e7\u00e3o e afastado da sociedade, \u201ca quem a auxiliar visitava esporadicamente e sem nenhuma subordina\u00e7\u00e3o\u201d.\u00a0<\/p>\n<h4>300 reais<\/h4>\n<p>O ju\u00edzo da 4\u00aa Vara do Trabalho de Bauru reconheceu o v\u00ednculo e condenou a transportadora ao pagamento das verbas trabalhistas. Sem apresenta\u00e7\u00e3o de recursos, a decis\u00e3o se tornou definitiva em novembro de 2013.\u00a0<\/p>\n<p>Logo depois, a transportadora ajuizou a\u00e7\u00e3o rescis\u00f3ria pedindo que a senten\u00e7a fosse anulada porque uma das testemunhas listadas pela auxiliar havia sido \u201ccomprada\u201d. A empresa anexou declara\u00e7\u00e3o em que a testemunha se retratava, afirmando que recebera R$ 300 do pai da auxiliar para mentir em depoimento.\u00a0<\/p>\n<h4>Falsidade<\/h4>\n<p>O Tribunal Regional do Trabalho da 15\u00aa Regi\u00e3o (Campinas\/SP) julgou procedente a a\u00e7\u00e3o rescis\u00f3ria e anulou a senten\u00e7a, que teria se baseado em depoimento viciado de falsidade. Em rela\u00e7\u00e3o ao v\u00ednculo, a decis\u00e3o diz que cabia \u00e0 auxiliar provar a presta\u00e7\u00e3o de servi\u00e7os, mas \u201ca \u00fanica testemunha que confirmou o fato foi aquela que, depois arrependida, revelou haver mentido\u201d. Para o TRT, a conclus\u00e3o alcan\u00e7ada teria sido outra, caso o falso depoimento n\u00e3o tivesse sido considerado.<\/p>\n<h4>Recurso<\/h4>\n<p>No recurso ao TST, a auxiliar argumentou que o v\u00ednculo de emprego foi reconhecido com base, tamb\u00e9m, em provas documentais, como os cheques emitidos pela empresa em seu favor, e por outros testemunhos trazidos no processo, que confirmavam suas alega\u00e7\u00f5es. \u00a0<\/p>\n<h4>Prova dividida<\/h4>\n<p>Segundo a relatora, ministra Maria Helena Mallmann, a mera retrata\u00e7\u00e3o da testemunha n\u00e3o \u00e9 suficiente para provar, de forma cabal, a falsidade do conte\u00fado do depoimento prestado na instru\u00e7\u00e3o do processo. De acordo com o depoimento inciso VI do<br \/>\nartigo 485 do C\u00f3digo de Processo Civil (CPC) de 1973, no qual se fundamentou a a\u00e7\u00e3o, a demonstra\u00e7\u00e3o da falsidade de uma prova, com a finalidade de rescis\u00e3o da coisa julgada, deve ter sido apurada em processo criminal ou provada no pr\u00f3prio processo, o que n\u00e3o ocorreu no caso.\u00a0<\/p>\n<p>A ministra explicou que foram produzidas provas nos autos, mas que se contradizem, dando lugar ao que se denomina de \u201cprova dividida\u201d. \u201c\u00c9 imposs\u00edvel afirmar com clareza em que momento a testemunha est\u00e1 faltando com a verdade, se na reclamat\u00f3ria ou na a\u00e7\u00e3o rescis\u00f3ria\u201d, afirmou. A prova dividida, por sua vez, n\u00e3o pode favorecer quem alega preju\u00edzo na a\u00e7\u00e3o.\u00a0<\/p>\n<h4>Convencimento<\/h4>\n<p>Mallmann observou, ainda, que o depoimento n\u00e3o foi determinante para a forma\u00e7\u00e3o do convencimento do ju\u00edzo sobre a exist\u00eancia de v\u00ednculo e que o alegado falso testemunho n\u00e3o \u00e9 o \u00fanico elemento de prova sob o qual se funda a senten\u00e7a. Segundo ela, as informa\u00e7\u00f5es prestadas pela testemunha foram objeto de intensa atividade valorativa dentro do contexto de toda a prova oral colhida na instru\u00e7\u00e3o.<\/p>\n<p>A decis\u00e3o foi un\u00e2nime.<\/p>\n<p>(RR\/CF)<\/p>\n<p>Processo: <a href=\"https:\/\/consultaprocessual.tst.jus.br\/consultaProcessual\/consultaTstNumUnica.do?consulta=Consultar&amp;conscsjt=&amp;numeroTst=5752&amp;digitoTst=23&amp;anoTst=2014&amp;orgaoTst=5&amp;tribunalTst=15&amp;varaTst=0000&amp;submit=Consultar\" target=\"_blank\" rel=\"noopener\">RO-5752-23.2014.5.15.0000<\/a><\/p>\n<p><em>Esta mat\u00e9ria tem cunho meramente informativo.<br \/>\nPermitida a reprodu\u00e7\u00e3o mediante cita\u00e7\u00e3o da fonte.<br \/>\nSecretaria de Comunica\u00e7\u00e3o Social<br \/>\n<a href=\"https:\/\/www.tst.jus.br\/\" target=\"_blank\" rel=\"noopener\">Tribunal Superior do Trabalho<\/a><br \/>\nTel. (61) 3043-4907<br \/>\n<a href=\"mailto:secom@tst.jus.br\" target=\"\" rel=\"noopener\">secom@tst.jus.br<\/a><\/em><\/p>\n<\/div><\/div>\n<\/div>\n","protected":false},"excerpt":{"rendered":"<p>Segundo a SDI-2, n\u00e3o houve comprova\u00e7\u00e3o categ\u00f3rica da falsidade da prova. Ministra Maria Helena Mallmann 29\/08\/22 &#8211;\u00a0A Subse\u00e7\u00e3o II Especializada em Diss\u00eddios Individuais (SDI-2) do Tribunal Superior do Trabalho julgou improcedente a a\u00e7\u00e3o rescis\u00f3ria ajuizada pela Transportadora Transgreco Ltda., de Bauru (SP), contra decis\u00e3o que reconhecera o v\u00ednculo de emprego de uma auxiliar de produ\u00e7\u00e3o. [&hellip;]<\/p>\n","protected":false},"author":0,"featured_media":13853,"comment_status":"open","ping_status":"","sticky":false,"template":"","format":"standard","meta":{"footnotes":""},"categories":[5],"tags":[],"class_list":["post-13852","post","type-post","status-publish","format-standard","has-post-thumbnail","hentry","category-noticias-educacao-financeira"],"blocksy_meta":{"styles_descriptor":{"styles":{"desktop":"","tablet":"","mobile":""},"google_fonts":[],"version":6}},"yoast_head":"<!-- This site is optimized with the Yoast SEO plugin v27.4 - https:\/\/yoast.com\/product\/yoast-seo-wordpress\/ -->\n<title>Retrata\u00e7\u00e3o de testemunha n\u00e3o anula reconhecimento de v\u00ednculo de emprego - Contabilidade Caxias<\/title>\n<meta name=\"robots\" content=\"index, follow, max-snippet:-1, max-image-preview:large, max-video-preview:-1\" \/>\n<link rel=\"canonical\" href=\"https:\/\/contabilidadecaxias.com.br\/index.php\/2022\/08\/29\/retratacao-de-testemunha-nao-anula-reconhecimento-de-vinculo-de-emprego\/\" \/>\n<meta property=\"og:locale\" content=\"pt_BR\" \/>\n<meta property=\"og:type\" content=\"article\" \/>\n<meta property=\"og:title\" content=\"Retrata\u00e7\u00e3o de testemunha n\u00e3o anula reconhecimento de v\u00ednculo de emprego - Contabilidade Caxias\" \/>\n<meta property=\"og:description\" content=\"Segundo a SDI-2, n\u00e3o houve comprova\u00e7\u00e3o categ\u00f3rica da falsidade da prova. Ministra Maria Helena Mallmann 29\/08\/22 &#8211;\u00a0A Subse\u00e7\u00e3o II Especializada em Diss\u00eddios Individuais (SDI-2) do Tribunal Superior do Trabalho julgou improcedente a a\u00e7\u00e3o rescis\u00f3ria ajuizada pela Transportadora Transgreco Ltda., de Bauru (SP), contra decis\u00e3o que reconhecera o v\u00ednculo de emprego de uma auxiliar de produ\u00e7\u00e3o. [&hellip;]\" \/>\n<meta property=\"og:url\" content=\"https:\/\/contabilidadecaxias.com.br\/index.php\/2022\/08\/29\/retratacao-de-testemunha-nao-anula-reconhecimento-de-vinculo-de-emprego\/\" \/>\n<meta property=\"og:site_name\" content=\"Contabilidade Caxias\" \/>\n<meta property=\"article:published_time\" content=\"2022-08-29T17:02:16+00:00\" \/>\n<meta name=\"twitter:card\" content=\"summary_large_image\" \/>\n<meta name=\"twitter:label1\" content=\"Est. tempo de leitura\" \/>\n\t<meta name=\"twitter:data1\" content=\"3 minutos\" \/>\n<script type=\"application\/ld+json\" class=\"yoast-schema-graph\">{\"@context\":\"https:\\\/\\\/schema.org\",\"@graph\":[{\"@type\":\"Article\",\"@id\":\"https:\\\/\\\/contabilidadecaxias.com.br\\\/index.php\\\/2022\\\/08\\\/29\\\/retratacao-de-testemunha-nao-anula-reconhecimento-de-vinculo-de-emprego\\\/#article\",\"isPartOf\":{\"@id\":\"https:\\\/\\\/contabilidadecaxias.com.br\\\/index.php\\\/2022\\\/08\\\/29\\\/retratacao-de-testemunha-nao-anula-reconhecimento-de-vinculo-de-emprego\\\/\"},\"author\":{\"name\":\"\",\"@id\":\"\"},\"headline\":\"Retrata\u00e7\u00e3o de testemunha n\u00e3o anula reconhecimento de v\u00ednculo de emprego\",\"datePublished\":\"2022-08-29T17:02:16+00:00\",\"mainEntityOfPage\":{\"@id\":\"https:\\\/\\\/contabilidadecaxias.com.br\\\/index.php\\\/2022\\\/08\\\/29\\\/retratacao-de-testemunha-nao-anula-reconhecimento-de-vinculo-de-emprego\\\/\"},\"wordCount\":685,\"commentCount\":0,\"image\":{\"@id\":\"https:\\\/\\\/contabilidadecaxias.com.br\\\/index.php\\\/2022\\\/08\\\/29\\\/retratacao-de-testemunha-nao-anula-reconhecimento-de-vinculo-de-emprego\\\/#primaryimage\"},\"thumbnailUrl\":\"https:\\\/\\\/contabilidadecaxias.com.br\\\/wp-content\\\/uploads\\\/2022\\\/08\\\/5977a63f-0e83-90ca-62fa-6201fe1f7bd7-DkXShf.jpeg\",\"articleSection\":[\"Educa\u00e7\u00e3o Financeira\"],\"inLanguage\":\"pt-BR\",\"potentialAction\":[{\"@type\":\"CommentAction\",\"name\":\"Comment\",\"target\":[\"https:\\\/\\\/contabilidadecaxias.com.br\\\/index.php\\\/2022\\\/08\\\/29\\\/retratacao-de-testemunha-nao-anula-reconhecimento-de-vinculo-de-emprego\\\/#respond\"]}]},{\"@type\":\"WebPage\",\"@id\":\"https:\\\/\\\/contabilidadecaxias.com.br\\\/index.php\\\/2022\\\/08\\\/29\\\/retratacao-de-testemunha-nao-anula-reconhecimento-de-vinculo-de-emprego\\\/\",\"url\":\"https:\\\/\\\/contabilidadecaxias.com.br\\\/index.php\\\/2022\\\/08\\\/29\\\/retratacao-de-testemunha-nao-anula-reconhecimento-de-vinculo-de-emprego\\\/\",\"name\":\"Retrata\u00e7\u00e3o de testemunha n\u00e3o anula reconhecimento de v\u00ednculo de emprego - Contabilidade Caxias\",\"isPartOf\":{\"@id\":\"https:\\\/\\\/contabilidadecaxias.com.br\\\/#website\"},\"primaryImageOfPage\":{\"@id\":\"https:\\\/\\\/contabilidadecaxias.com.br\\\/index.php\\\/2022\\\/08\\\/29\\\/retratacao-de-testemunha-nao-anula-reconhecimento-de-vinculo-de-emprego\\\/#primaryimage\"},\"image\":{\"@id\":\"https:\\\/\\\/contabilidadecaxias.com.br\\\/index.php\\\/2022\\\/08\\\/29\\\/retratacao-de-testemunha-nao-anula-reconhecimento-de-vinculo-de-emprego\\\/#primaryimage\"},\"thumbnailUrl\":\"https:\\\/\\\/contabilidadecaxias.com.br\\\/wp-content\\\/uploads\\\/2022\\\/08\\\/5977a63f-0e83-90ca-62fa-6201fe1f7bd7-DkXShf.jpeg\",\"datePublished\":\"2022-08-29T17:02:16+00:00\",\"author\":{\"@id\":\"\"},\"breadcrumb\":{\"@id\":\"https:\\\/\\\/contabilidadecaxias.com.br\\\/index.php\\\/2022\\\/08\\\/29\\\/retratacao-de-testemunha-nao-anula-reconhecimento-de-vinculo-de-emprego\\\/#breadcrumb\"},\"inLanguage\":\"pt-BR\",\"potentialAction\":[{\"@type\":\"ReadAction\",\"target\":[\"https:\\\/\\\/contabilidadecaxias.com.br\\\/index.php\\\/2022\\\/08\\\/29\\\/retratacao-de-testemunha-nao-anula-reconhecimento-de-vinculo-de-emprego\\\/\"]}]},{\"@type\":\"ImageObject\",\"inLanguage\":\"pt-BR\",\"@id\":\"https:\\\/\\\/contabilidadecaxias.com.br\\\/index.php\\\/2022\\\/08\\\/29\\\/retratacao-de-testemunha-nao-anula-reconhecimento-de-vinculo-de-emprego\\\/#primaryimage\",\"url\":\"https:\\\/\\\/contabilidadecaxias.com.br\\\/wp-content\\\/uploads\\\/2022\\\/08\\\/5977a63f-0e83-90ca-62fa-6201fe1f7bd7-DkXShf.jpeg\",\"contentUrl\":\"https:\\\/\\\/contabilidadecaxias.com.br\\\/wp-content\\\/uploads\\\/2022\\\/08\\\/5977a63f-0e83-90ca-62fa-6201fe1f7bd7-DkXShf.jpeg\",\"width\":1280,\"height\":853},{\"@type\":\"BreadcrumbList\",\"@id\":\"https:\\\/\\\/contabilidadecaxias.com.br\\\/index.php\\\/2022\\\/08\\\/29\\\/retratacao-de-testemunha-nao-anula-reconhecimento-de-vinculo-de-emprego\\\/#breadcrumb\",\"itemListElement\":[{\"@type\":\"ListItem\",\"position\":1,\"name\":\"In\u00edcio\",\"item\":\"https:\\\/\\\/contabilidadecaxias.com.br\\\/\"},{\"@type\":\"ListItem\",\"position\":2,\"name\":\"Retrata\u00e7\u00e3o de testemunha n\u00e3o anula reconhecimento de v\u00ednculo de emprego\"}]},{\"@type\":\"WebSite\",\"@id\":\"https:\\\/\\\/contabilidadecaxias.com.br\\\/#website\",\"url\":\"https:\\\/\\\/contabilidadecaxias.com.br\\\/\",\"name\":\"Contabilidade Caxias\",\"description\":\"Site especializado em Contabilidade para Caxias.\",\"potentialAction\":[{\"@type\":\"SearchAction\",\"target\":{\"@type\":\"EntryPoint\",\"urlTemplate\":\"https:\\\/\\\/contabilidadecaxias.com.br\\\/?s={search_term_string}\"},\"query-input\":{\"@type\":\"PropertyValueSpecification\",\"valueRequired\":true,\"valueName\":\"search_term_string\"}}],\"inLanguage\":\"pt-BR\"}]}<\/script>\n<!-- \/ Yoast SEO plugin. -->","yoast_head_json":{"title":"Retrata\u00e7\u00e3o de testemunha n\u00e3o anula reconhecimento de v\u00ednculo de emprego - Contabilidade Caxias","robots":{"index":"index","follow":"follow","max-snippet":"max-snippet:-1","max-image-preview":"max-image-preview:large","max-video-preview":"max-video-preview:-1"},"canonical":"https:\/\/contabilidadecaxias.com.br\/index.php\/2022\/08\/29\/retratacao-de-testemunha-nao-anula-reconhecimento-de-vinculo-de-emprego\/","og_locale":"pt_BR","og_type":"article","og_title":"Retrata\u00e7\u00e3o de testemunha n\u00e3o anula reconhecimento de v\u00ednculo de emprego - Contabilidade Caxias","og_description":"Segundo a SDI-2, n\u00e3o houve comprova\u00e7\u00e3o categ\u00f3rica da falsidade da prova. Ministra Maria Helena Mallmann 29\/08\/22 &#8211;\u00a0A Subse\u00e7\u00e3o II Especializada em Diss\u00eddios Individuais (SDI-2) do Tribunal Superior do Trabalho julgou improcedente a a\u00e7\u00e3o rescis\u00f3ria ajuizada pela Transportadora Transgreco Ltda., de Bauru (SP), contra decis\u00e3o que reconhecera o v\u00ednculo de emprego de uma auxiliar de produ\u00e7\u00e3o. [&hellip;]","og_url":"https:\/\/contabilidadecaxias.com.br\/index.php\/2022\/08\/29\/retratacao-de-testemunha-nao-anula-reconhecimento-de-vinculo-de-emprego\/","og_site_name":"Contabilidade Caxias","article_published_time":"2022-08-29T17:02:16+00:00","twitter_card":"summary_large_image","twitter_misc":{"Est. tempo de leitura":"3 minutos"},"schema":{"@context":"https:\/\/schema.org","@graph":[{"@type":"Article","@id":"https:\/\/contabilidadecaxias.com.br\/index.php\/2022\/08\/29\/retratacao-de-testemunha-nao-anula-reconhecimento-de-vinculo-de-emprego\/#article","isPartOf":{"@id":"https:\/\/contabilidadecaxias.com.br\/index.php\/2022\/08\/29\/retratacao-de-testemunha-nao-anula-reconhecimento-de-vinculo-de-emprego\/"},"author":{"name":"","@id":""},"headline":"Retrata\u00e7\u00e3o de testemunha n\u00e3o anula reconhecimento de v\u00ednculo de emprego","datePublished":"2022-08-29T17:02:16+00:00","mainEntityOfPage":{"@id":"https:\/\/contabilidadecaxias.com.br\/index.php\/2022\/08\/29\/retratacao-de-testemunha-nao-anula-reconhecimento-de-vinculo-de-emprego\/"},"wordCount":685,"commentCount":0,"image":{"@id":"https:\/\/contabilidadecaxias.com.br\/index.php\/2022\/08\/29\/retratacao-de-testemunha-nao-anula-reconhecimento-de-vinculo-de-emprego\/#primaryimage"},"thumbnailUrl":"https:\/\/contabilidadecaxias.com.br\/wp-content\/uploads\/2022\/08\/5977a63f-0e83-90ca-62fa-6201fe1f7bd7-DkXShf.jpeg","articleSection":["Educa\u00e7\u00e3o Financeira"],"inLanguage":"pt-BR","potentialAction":[{"@type":"CommentAction","name":"Comment","target":["https:\/\/contabilidadecaxias.com.br\/index.php\/2022\/08\/29\/retratacao-de-testemunha-nao-anula-reconhecimento-de-vinculo-de-emprego\/#respond"]}]},{"@type":"WebPage","@id":"https:\/\/contabilidadecaxias.com.br\/index.php\/2022\/08\/29\/retratacao-de-testemunha-nao-anula-reconhecimento-de-vinculo-de-emprego\/","url":"https:\/\/contabilidadecaxias.com.br\/index.php\/2022\/08\/29\/retratacao-de-testemunha-nao-anula-reconhecimento-de-vinculo-de-emprego\/","name":"Retrata\u00e7\u00e3o de testemunha n\u00e3o anula reconhecimento de v\u00ednculo de emprego - Contabilidade Caxias","isPartOf":{"@id":"https:\/\/contabilidadecaxias.com.br\/#website"},"primaryImageOfPage":{"@id":"https:\/\/contabilidadecaxias.com.br\/index.php\/2022\/08\/29\/retratacao-de-testemunha-nao-anula-reconhecimento-de-vinculo-de-emprego\/#primaryimage"},"image":{"@id":"https:\/\/contabilidadecaxias.com.br\/index.php\/2022\/08\/29\/retratacao-de-testemunha-nao-anula-reconhecimento-de-vinculo-de-emprego\/#primaryimage"},"thumbnailUrl":"https:\/\/contabilidadecaxias.com.br\/wp-content\/uploads\/2022\/08\/5977a63f-0e83-90ca-62fa-6201fe1f7bd7-DkXShf.jpeg","datePublished":"2022-08-29T17:02:16+00:00","author":{"@id":""},"breadcrumb":{"@id":"https:\/\/contabilidadecaxias.com.br\/index.php\/2022\/08\/29\/retratacao-de-testemunha-nao-anula-reconhecimento-de-vinculo-de-emprego\/#breadcrumb"},"inLanguage":"pt-BR","potentialAction":[{"@type":"ReadAction","target":["https:\/\/contabilidadecaxias.com.br\/index.php\/2022\/08\/29\/retratacao-de-testemunha-nao-anula-reconhecimento-de-vinculo-de-emprego\/"]}]},{"@type":"ImageObject","inLanguage":"pt-BR","@id":"https:\/\/contabilidadecaxias.com.br\/index.php\/2022\/08\/29\/retratacao-de-testemunha-nao-anula-reconhecimento-de-vinculo-de-emprego\/#primaryimage","url":"https:\/\/contabilidadecaxias.com.br\/wp-content\/uploads\/2022\/08\/5977a63f-0e83-90ca-62fa-6201fe1f7bd7-DkXShf.jpeg","contentUrl":"https:\/\/contabilidadecaxias.com.br\/wp-content\/uploads\/2022\/08\/5977a63f-0e83-90ca-62fa-6201fe1f7bd7-DkXShf.jpeg","width":1280,"height":853},{"@type":"BreadcrumbList","@id":"https:\/\/contabilidadecaxias.com.br\/index.php\/2022\/08\/29\/retratacao-de-testemunha-nao-anula-reconhecimento-de-vinculo-de-emprego\/#breadcrumb","itemListElement":[{"@type":"ListItem","position":1,"name":"In\u00edcio","item":"https:\/\/contabilidadecaxias.com.br\/"},{"@type":"ListItem","position":2,"name":"Retrata\u00e7\u00e3o de testemunha n\u00e3o anula reconhecimento de v\u00ednculo de emprego"}]},{"@type":"WebSite","@id":"https:\/\/contabilidadecaxias.com.br\/#website","url":"https:\/\/contabilidadecaxias.com.br\/","name":"Contabilidade Caxias","description":"Site especializado em Contabilidade para Caxias.","potentialAction":[{"@type":"SearchAction","target":{"@type":"EntryPoint","urlTemplate":"https:\/\/contabilidadecaxias.com.br\/?s={search_term_string}"},"query-input":{"@type":"PropertyValueSpecification","valueRequired":true,"valueName":"search_term_string"}}],"inLanguage":"pt-BR"}]}},"_links":{"self":[{"href":"https:\/\/contabilidadecaxias.com.br\/index.php\/wp-json\/wp\/v2\/posts\/13852","targetHints":{"allow":["GET"]}}],"collection":[{"href":"https:\/\/contabilidadecaxias.com.br\/index.php\/wp-json\/wp\/v2\/posts"}],"about":[{"href":"https:\/\/contabilidadecaxias.com.br\/index.php\/wp-json\/wp\/v2\/types\/post"}],"replies":[{"embeddable":true,"href":"https:\/\/contabilidadecaxias.com.br\/index.php\/wp-json\/wp\/v2\/comments?post=13852"}],"version-history":[{"count":0,"href":"https:\/\/contabilidadecaxias.com.br\/index.php\/wp-json\/wp\/v2\/posts\/13852\/revisions"}],"wp:featuredmedia":[{"embeddable":true,"href":"https:\/\/contabilidadecaxias.com.br\/index.php\/wp-json\/wp\/v2\/media\/13853"}],"wp:attachment":[{"href":"https:\/\/contabilidadecaxias.com.br\/index.php\/wp-json\/wp\/v2\/media?parent=13852"}],"wp:term":[{"taxonomy":"category","embeddable":true,"href":"https:\/\/contabilidadecaxias.com.br\/index.php\/wp-json\/wp\/v2\/categories?post=13852"},{"taxonomy":"post_tag","embeddable":true,"href":"https:\/\/contabilidadecaxias.com.br\/index.php\/wp-json\/wp\/v2\/tags?post=13852"}],"curies":[{"name":"wp","href":"https:\/\/api.w.org\/{rel}","templated":true}]}}