{"id":13827,"date":"2022-08-26T16:02:57","date_gmt":"2022-08-26T19:02:57","guid":{"rendered":"https:\/\/contabilidadecaxias.com.br\/index.php\/2022\/08\/26\/trabalho-e-justica-fique-por-dentro-do-programa-de-sexta-feira-26-08\/"},"modified":"2022-08-26T16:02:57","modified_gmt":"2022-08-26T19:02:57","slug":"trabalho-e-justica-fique-por-dentro-do-programa-de-sexta-feira-26-08","status":"publish","type":"post","link":"https:\/\/contabilidadecaxias.com.br\/index.php\/2022\/08\/26\/trabalho-e-justica-fique-por-dentro-do-programa-de-sexta-feira-26-08\/","title":{"rendered":"Trabalho e Justi\u00e7a | Fique por dentro do programa de sexta-feira (26\/08)"},"content":{"rendered":"<div>\n\u00a0<br \/>\n\u00a0\u00a0\u00a0\u00a0\u00a0\u00a0\u00a0\u00a0 \u00a0\u00a0\u00a0\u00a0\u00a0\u00a0\u00a0\u00a0 \u00a0\u00a0\u00a0\u00a0\u00a0\u00a0 <a href=\"https:\/\/www.tst.jus.br\/documents\/10157\/27885360\/PGM+1617+-+TRABALHO+E+JUSTICA+-+VALE+ESTE.mp3\/f8669e3c-5bac-8eef-0d52-c085810d2423?t=1661533613146\"> Baixe o \u00e1udio <\/a><\/div>\n<div><button>Reproduzir o \u00e1udio<\/button>\u00a0\u00a0<button>Pausar o \u00e1udio<\/button>\u00a0\u00a0<button>Aumentar o volume<\/button>\u00a0\u00a0<button>Diminuir o volume<\/button><\/div>\n<p>\u00a0<\/p>\n<p>26\/08\/22 &#8211;\u00a0A Primeira Turma do Tribunal Superior do Trabalho rejeitou o exame do recurso de revista de uma jornalista contra decis\u00e3o que indeferiu seu pedido de diferen\u00e7as salariais pelo ac\u00famulo de fun\u00e7\u00e3o como fot\u00f3grafa no Centro Brasileiro de Pesquisa em Avalia\u00e7\u00e3o e Sele\u00e7\u00e3o e de Promo\u00e7\u00e3o de Eventos (Cebraspe), associa\u00e7\u00e3o civil sem fins lucrativos de Bras\u00edlia (DF).\u00a0Segundo o relator, n\u00e3o ficou demonstrada a transcend\u00eancia da causa.<\/p>\n<p>Entre os destaques da semana est\u00e1 o acordo de coopera\u00e7\u00e3o t\u00e9cnica firmado entre o Tribunal Superior do Trabalho (TST) e Superior Tribunal da Justi\u00e7a (STJ) para a disponibiliza\u00e7\u00e3o de sistema de gest\u00e3o or\u00e7ament\u00e1ria e financeira.<\/p>\n<p>Para ouvir o programa completo, aperte o play.<\/p>\n","protected":false},"excerpt":{"rendered":"<p>\u00a0 \u00a0\u00a0\u00a0\u00a0\u00a0\u00a0\u00a0\u00a0 \u00a0\u00a0\u00a0\u00a0\u00a0\u00a0\u00a0\u00a0 \u00a0\u00a0\u00a0\u00a0\u00a0\u00a0 Baixe o \u00e1udio Reproduzir o \u00e1udio\u00a0\u00a0Pausar o \u00e1udio\u00a0\u00a0Aumentar o volume\u00a0\u00a0Diminuir o volume \u00a0 26\/08\/22 &#8211;\u00a0A Primeira Turma do Tribunal Superior do Trabalho rejeitou o exame do recurso de revista de uma jornalista contra decis\u00e3o que indeferiu seu pedido de diferen\u00e7as salariais pelo ac\u00famulo de fun\u00e7\u00e3o como fot\u00f3grafa no Centro Brasileiro de [&hellip;]<\/p>\n","protected":false},"author":0,"featured_media":0,"comment_status":"open","ping_status":"","sticky":false,"template":"","format":"standard","meta":{"footnotes":""},"categories":[5],"tags":[],"class_list":["post-13827","post","type-post","status-publish","format-standard","hentry","category-noticias-educacao-financeira"],"blocksy_meta":{"styles_descriptor":{"styles":{"desktop":"","tablet":"","mobile":""},"google_fonts":[],"version":6}},"yoast_head":"<!-- This site is optimized with the Yoast SEO plugin v27.4 - https:\/\/yoast.com\/product\/yoast-seo-wordpress\/ -->\n<title>Trabalho e Justi\u00e7a | Fique por dentro do programa de sexta-feira (26\/08) - Contabilidade Caxias<\/title>\n<meta name=\"robots\" content=\"index, follow, max-snippet:-1, max-image-preview:large, max-video-preview:-1\" \/>\n<link rel=\"canonical\" href=\"https:\/\/contabilidadecaxias.com.br\/index.php\/2022\/08\/26\/trabalho-e-justica-fique-por-dentro-do-programa-de-sexta-feira-26-08\/\" \/>\n<meta property=\"og:locale\" content=\"pt_BR\" \/>\n<meta property=\"og:type\" content=\"article\" \/>\n<meta property=\"og:title\" content=\"Trabalho e Justi\u00e7a | Fique por dentro do programa de sexta-feira (26\/08) - Contabilidade Caxias\" \/>\n<meta property=\"og:description\" content=\"\u00a0 \u00a0\u00a0\u00a0\u00a0\u00a0\u00a0\u00a0\u00a0 \u00a0\u00a0\u00a0\u00a0\u00a0\u00a0\u00a0\u00a0 \u00a0\u00a0\u00a0\u00a0\u00a0\u00a0 Baixe o \u00e1udio Reproduzir o \u00e1udio\u00a0\u00a0Pausar o \u00e1udio\u00a0\u00a0Aumentar o volume\u00a0\u00a0Diminuir o volume \u00a0 26\/08\/22 &#8211;\u00a0A Primeira Turma do Tribunal Superior do Trabalho rejeitou o exame do recurso de revista de uma jornalista contra decis\u00e3o que indeferiu seu pedido de diferen\u00e7as salariais pelo ac\u00famulo de fun\u00e7\u00e3o como fot\u00f3grafa no Centro Brasileiro de [&hellip;]\" \/>\n<meta property=\"og:url\" content=\"https:\/\/contabilidadecaxias.com.br\/index.php\/2022\/08\/26\/trabalho-e-justica-fique-por-dentro-do-programa-de-sexta-feira-26-08\/\" \/>\n<meta property=\"og:site_name\" content=\"Contabilidade Caxias\" \/>\n<meta property=\"article:published_time\" content=\"2022-08-26T19:02:57+00:00\" \/>\n<meta name=\"twitter:card\" content=\"summary_large_image\" \/>\n<meta name=\"twitter:label1\" content=\"Est. tempo de leitura\" \/>\n\t<meta name=\"twitter:data1\" content=\"1 minuto\" \/>\n<script type=\"application\/ld+json\" class=\"yoast-schema-graph\">{\"@context\":\"https:\\\/\\\/schema.org\",\"@graph\":[{\"@type\":\"Article\",\"@id\":\"https:\\\/\\\/contabilidadecaxias.com.br\\\/index.php\\\/2022\\\/08\\\/26\\\/trabalho-e-justica-fique-por-dentro-do-programa-de-sexta-feira-26-08\\\/#article\",\"isPartOf\":{\"@id\":\"https:\\\/\\\/contabilidadecaxias.com.br\\\/index.php\\\/2022\\\/08\\\/26\\\/trabalho-e-justica-fique-por-dentro-do-programa-de-sexta-feira-26-08\\\/\"},\"author\":{\"name\":\"\",\"@id\":\"\"},\"headline\":\"Trabalho e Justi\u00e7a | Fique por dentro do programa de sexta-feira (26\\\/08)\",\"datePublished\":\"2022-08-26T19:02:57+00:00\",\"mainEntityOfPage\":{\"@id\":\"https:\\\/\\\/contabilidadecaxias.com.br\\\/index.php\\\/2022\\\/08\\\/26\\\/trabalho-e-justica-fique-por-dentro-do-programa-de-sexta-feira-26-08\\\/\"},\"wordCount\":155,\"commentCount\":0,\"articleSection\":[\"Educa\u00e7\u00e3o Financeira\"],\"inLanguage\":\"pt-BR\",\"potentialAction\":[{\"@type\":\"CommentAction\",\"name\":\"Comment\",\"target\":[\"https:\\\/\\\/contabilidadecaxias.com.br\\\/index.php\\\/2022\\\/08\\\/26\\\/trabalho-e-justica-fique-por-dentro-do-programa-de-sexta-feira-26-08\\\/#respond\"]}]},{\"@type\":\"WebPage\",\"@id\":\"https:\\\/\\\/contabilidadecaxias.com.br\\\/index.php\\\/2022\\\/08\\\/26\\\/trabalho-e-justica-fique-por-dentro-do-programa-de-sexta-feira-26-08\\\/\",\"url\":\"https:\\\/\\\/contabilidadecaxias.com.br\\\/index.php\\\/2022\\\/08\\\/26\\\/trabalho-e-justica-fique-por-dentro-do-programa-de-sexta-feira-26-08\\\/\",\"name\":\"Trabalho e Justi\u00e7a | Fique por dentro do programa de sexta-feira (26\\\/08) - Contabilidade Caxias\",\"isPartOf\":{\"@id\":\"https:\\\/\\\/contabilidadecaxias.com.br\\\/#website\"},\"datePublished\":\"2022-08-26T19:02:57+00:00\",\"author\":{\"@id\":\"\"},\"breadcrumb\":{\"@id\":\"https:\\\/\\\/contabilidadecaxias.com.br\\\/index.php\\\/2022\\\/08\\\/26\\\/trabalho-e-justica-fique-por-dentro-do-programa-de-sexta-feira-26-08\\\/#breadcrumb\"},\"inLanguage\":\"pt-BR\",\"potentialAction\":[{\"@type\":\"ReadAction\",\"target\":[\"https:\\\/\\\/contabilidadecaxias.com.br\\\/index.php\\\/2022\\\/08\\\/26\\\/trabalho-e-justica-fique-por-dentro-do-programa-de-sexta-feira-26-08\\\/\"]}]},{\"@type\":\"BreadcrumbList\",\"@id\":\"https:\\\/\\\/contabilidadecaxias.com.br\\\/index.php\\\/2022\\\/08\\\/26\\\/trabalho-e-justica-fique-por-dentro-do-programa-de-sexta-feira-26-08\\\/#breadcrumb\",\"itemListElement\":[{\"@type\":\"ListItem\",\"position\":1,\"name\":\"In\u00edcio\",\"item\":\"https:\\\/\\\/contabilidadecaxias.com.br\\\/\"},{\"@type\":\"ListItem\",\"position\":2,\"name\":\"Trabalho e Justi\u00e7a | Fique por dentro do programa de sexta-feira (26\\\/08)\"}]},{\"@type\":\"WebSite\",\"@id\":\"https:\\\/\\\/contabilidadecaxias.com.br\\\/#website\",\"url\":\"https:\\\/\\\/contabilidadecaxias.com.br\\\/\",\"name\":\"Contabilidade Caxias\",\"description\":\"Site especializado em Contabilidade para Caxias.\",\"potentialAction\":[{\"@type\":\"SearchAction\",\"target\":{\"@type\":\"EntryPoint\",\"urlTemplate\":\"https:\\\/\\\/contabilidadecaxias.com.br\\\/?s={search_term_string}\"},\"query-input\":{\"@type\":\"PropertyValueSpecification\",\"valueRequired\":true,\"valueName\":\"search_term_string\"}}],\"inLanguage\":\"pt-BR\"}]}<\/script>\n<!-- \/ Yoast SEO plugin. -->","yoast_head_json":{"title":"Trabalho e Justi\u00e7a | Fique por dentro do programa de sexta-feira (26\/08) - Contabilidade Caxias","robots":{"index":"index","follow":"follow","max-snippet":"max-snippet:-1","max-image-preview":"max-image-preview:large","max-video-preview":"max-video-preview:-1"},"canonical":"https:\/\/contabilidadecaxias.com.br\/index.php\/2022\/08\/26\/trabalho-e-justica-fique-por-dentro-do-programa-de-sexta-feira-26-08\/","og_locale":"pt_BR","og_type":"article","og_title":"Trabalho e Justi\u00e7a | Fique por dentro do programa de sexta-feira (26\/08) - Contabilidade Caxias","og_description":"\u00a0 \u00a0\u00a0\u00a0\u00a0\u00a0\u00a0\u00a0\u00a0 \u00a0\u00a0\u00a0\u00a0\u00a0\u00a0\u00a0\u00a0 \u00a0\u00a0\u00a0\u00a0\u00a0\u00a0 Baixe o \u00e1udio Reproduzir o \u00e1udio\u00a0\u00a0Pausar o \u00e1udio\u00a0\u00a0Aumentar o volume\u00a0\u00a0Diminuir o volume \u00a0 26\/08\/22 &#8211;\u00a0A Primeira Turma do Tribunal Superior do Trabalho rejeitou o exame do recurso de revista de uma jornalista contra decis\u00e3o que indeferiu seu pedido de diferen\u00e7as salariais pelo ac\u00famulo de fun\u00e7\u00e3o como fot\u00f3grafa no Centro Brasileiro de [&hellip;]","og_url":"https:\/\/contabilidadecaxias.com.br\/index.php\/2022\/08\/26\/trabalho-e-justica-fique-por-dentro-do-programa-de-sexta-feira-26-08\/","og_site_name":"Contabilidade Caxias","article_published_time":"2022-08-26T19:02:57+00:00","twitter_card":"summary_large_image","twitter_misc":{"Est. tempo de leitura":"1 minuto"},"schema":{"@context":"https:\/\/schema.org","@graph":[{"@type":"Article","@id":"https:\/\/contabilidadecaxias.com.br\/index.php\/2022\/08\/26\/trabalho-e-justica-fique-por-dentro-do-programa-de-sexta-feira-26-08\/#article","isPartOf":{"@id":"https:\/\/contabilidadecaxias.com.br\/index.php\/2022\/08\/26\/trabalho-e-justica-fique-por-dentro-do-programa-de-sexta-feira-26-08\/"},"author":{"name":"","@id":""},"headline":"Trabalho e Justi\u00e7a | Fique por dentro do programa de sexta-feira (26\/08)","datePublished":"2022-08-26T19:02:57+00:00","mainEntityOfPage":{"@id":"https:\/\/contabilidadecaxias.com.br\/index.php\/2022\/08\/26\/trabalho-e-justica-fique-por-dentro-do-programa-de-sexta-feira-26-08\/"},"wordCount":155,"commentCount":0,"articleSection":["Educa\u00e7\u00e3o Financeira"],"inLanguage":"pt-BR","potentialAction":[{"@type":"CommentAction","name":"Comment","target":["https:\/\/contabilidadecaxias.com.br\/index.php\/2022\/08\/26\/trabalho-e-justica-fique-por-dentro-do-programa-de-sexta-feira-26-08\/#respond"]}]},{"@type":"WebPage","@id":"https:\/\/contabilidadecaxias.com.br\/index.php\/2022\/08\/26\/trabalho-e-justica-fique-por-dentro-do-programa-de-sexta-feira-26-08\/","url":"https:\/\/contabilidadecaxias.com.br\/index.php\/2022\/08\/26\/trabalho-e-justica-fique-por-dentro-do-programa-de-sexta-feira-26-08\/","name":"Trabalho e Justi\u00e7a | Fique por dentro do programa de sexta-feira (26\/08) - Contabilidade Caxias","isPartOf":{"@id":"https:\/\/contabilidadecaxias.com.br\/#website"},"datePublished":"2022-08-26T19:02:57+00:00","author":{"@id":""},"breadcrumb":{"@id":"https:\/\/contabilidadecaxias.com.br\/index.php\/2022\/08\/26\/trabalho-e-justica-fique-por-dentro-do-programa-de-sexta-feira-26-08\/#breadcrumb"},"inLanguage":"pt-BR","potentialAction":[{"@type":"ReadAction","target":["https:\/\/contabilidadecaxias.com.br\/index.php\/2022\/08\/26\/trabalho-e-justica-fique-por-dentro-do-programa-de-sexta-feira-26-08\/"]}]},{"@type":"BreadcrumbList","@id":"https:\/\/contabilidadecaxias.com.br\/index.php\/2022\/08\/26\/trabalho-e-justica-fique-por-dentro-do-programa-de-sexta-feira-26-08\/#breadcrumb","itemListElement":[{"@type":"ListItem","position":1,"name":"In\u00edcio","item":"https:\/\/contabilidadecaxias.com.br\/"},{"@type":"ListItem","position":2,"name":"Trabalho e Justi\u00e7a | Fique por dentro do programa de sexta-feira (26\/08)"}]},{"@type":"WebSite","@id":"https:\/\/contabilidadecaxias.com.br\/#website","url":"https:\/\/contabilidadecaxias.com.br\/","name":"Contabilidade Caxias","description":"Site especializado em Contabilidade para Caxias.","potentialAction":[{"@type":"SearchAction","target":{"@type":"EntryPoint","urlTemplate":"https:\/\/contabilidadecaxias.com.br\/?s={search_term_string}"},"query-input":{"@type":"PropertyValueSpecification","valueRequired":true,"valueName":"search_term_string"}}],"inLanguage":"pt-BR"}]}},"_links":{"self":[{"href":"https:\/\/contabilidadecaxias.com.br\/index.php\/wp-json\/wp\/v2\/posts\/13827","targetHints":{"allow":["GET"]}}],"collection":[{"href":"https:\/\/contabilidadecaxias.com.br\/index.php\/wp-json\/wp\/v2\/posts"}],"about":[{"href":"https:\/\/contabilidadecaxias.com.br\/index.php\/wp-json\/wp\/v2\/types\/post"}],"replies":[{"embeddable":true,"href":"https:\/\/contabilidadecaxias.com.br\/index.php\/wp-json\/wp\/v2\/comments?post=13827"}],"version-history":[{"count":0,"href":"https:\/\/contabilidadecaxias.com.br\/index.php\/wp-json\/wp\/v2\/posts\/13827\/revisions"}],"wp:attachment":[{"href":"https:\/\/contabilidadecaxias.com.br\/index.php\/wp-json\/wp\/v2\/media?parent=13827"}],"wp:term":[{"taxonomy":"category","embeddable":true,"href":"https:\/\/contabilidadecaxias.com.br\/index.php\/wp-json\/wp\/v2\/categories?post=13827"},{"taxonomy":"post_tag","embeddable":true,"href":"https:\/\/contabilidadecaxias.com.br\/index.php\/wp-json\/wp\/v2\/tags?post=13827"}],"curies":[{"name":"wp","href":"https:\/\/api.w.org\/{rel}","templated":true}]}}