{"id":13825,"date":"2022-08-26T15:03:09","date_gmt":"2022-08-26T18:03:09","guid":{"rendered":"https:\/\/contabilidadecaxias.com.br\/index.php\/2022\/08\/26\/conselho-superior-da-justica-do-trabalho-e-conselho-superior-da-justica-federal-firmam-acordo-de-cooperacao-tecnica\/"},"modified":"2022-08-26T15:03:09","modified_gmt":"2022-08-26T18:03:09","slug":"conselho-superior-da-justica-do-trabalho-e-conselho-superior-da-justica-federal-firmam-acordo-de-cooperacao-tecnica","status":"publish","type":"post","link":"https:\/\/contabilidadecaxias.com.br\/index.php\/2022\/08\/26\/conselho-superior-da-justica-do-trabalho-e-conselho-superior-da-justica-federal-firmam-acordo-de-cooperacao-tecnica\/","title":{"rendered":"Conselho Superior da Justi\u00e7a do Trabalho e Conselho Superior da Justi\u00e7a Federal firmam acordo de coopera\u00e7\u00e3o t\u00e9cnica"},"content":{"rendered":"<div>\n\u00a0<br \/>\n\u00a0\u00a0\u00a0\u00a0\u00a0\u00a0\u00a0\u00a0 \u00a0\u00a0\u00a0\u00a0\u00a0\u00a0\u00a0\u00a0 \u00a0\u00a0\u00a0\u00a0\u00a0\u00a0 <a href=\"https:\/\/www.tst.jus.br\/documents\/10157\/27885360\/JORNAL+DA+JUSTIC%CC%A7A+2+-+25.08.22+-+VIVO+12H+-+BOL+SISTEMA+DE+GEST%C3%83O+OR%C3%87AMENT%C3%81RIA+-+DANIEL+VASQUES+.mp3\/3061adb8-f25f-f298-cf7f-5b558d8a6daf?t=1661533308165\"> Baixe o \u00e1udio <\/a><\/div>\n<div><button>Reproduzir o \u00e1udio<\/button>\u00a0\u00a0<button>Pausar o \u00e1udio<\/button>\u00a0\u00a0<button>Aumentar o volume<\/button>\u00a0\u00a0<button>Diminuir o volume<\/button><\/div>\n<p>\u00a0<\/p>\n<p>26\/8\/2022 &#8211; O Conselho Superior da Justi\u00e7a do Trabalho (CSJT) e o Conselho Superior da Justi\u00e7a Federal (CJF) firmaram, nesta segunda-feira (23), um acordo de coopera\u00e7\u00e3o t\u00e9cnica para que a Justi\u00e7a Trabalhista disponibilize seu Sistema de Gest\u00e3o Or\u00e7ament\u00e1ria e Financeira (Sigeo-JT) para a Justi\u00e7a Federal.\u00a0<\/p>\n<p>O acordo foi assinado pelo presidente do Tribunal Superior do Trabalho (TST) e do CSJT, ministro Emmanoel Pereira, e pelo presidente do Superior Tribunal de Justi\u00e7a (STJ) e do CJF, ministro Humberto Martins, na sede do TST.\u00a0<\/p>\n<p>Saiba mais detalhes sobre o acordo na reportagem de Daniel Vasques.<\/p>\n","protected":false},"excerpt":{"rendered":"<p>\u00a0 \u00a0\u00a0\u00a0\u00a0\u00a0\u00a0\u00a0\u00a0 \u00a0\u00a0\u00a0\u00a0\u00a0\u00a0\u00a0\u00a0 \u00a0\u00a0\u00a0\u00a0\u00a0\u00a0 Baixe o \u00e1udio Reproduzir o \u00e1udio\u00a0\u00a0Pausar o \u00e1udio\u00a0\u00a0Aumentar o volume\u00a0\u00a0Diminuir o volume \u00a0 26\/8\/2022 &#8211; O Conselho Superior da Justi\u00e7a do Trabalho (CSJT) e o Conselho Superior da Justi\u00e7a Federal (CJF) firmaram, nesta segunda-feira (23), um acordo de coopera\u00e7\u00e3o t\u00e9cnica para que a Justi\u00e7a Trabalhista disponibilize seu Sistema de Gest\u00e3o Or\u00e7ament\u00e1ria [&hellip;]<\/p>\n","protected":false},"author":0,"featured_media":0,"comment_status":"open","ping_status":"","sticky":false,"template":"","format":"standard","meta":{"footnotes":""},"categories":[5],"tags":[],"class_list":["post-13825","post","type-post","status-publish","format-standard","hentry","category-noticias-educacao-financeira"],"blocksy_meta":{"styles_descriptor":{"styles":{"desktop":"","tablet":"","mobile":""},"google_fonts":[],"version":6}},"yoast_head":"<!-- This site is optimized with the Yoast SEO plugin v27.4 - https:\/\/yoast.com\/product\/yoast-seo-wordpress\/ -->\n<title>Conselho Superior da Justi\u00e7a do Trabalho e Conselho Superior da Justi\u00e7a Federal firmam acordo de coopera\u00e7\u00e3o t\u00e9cnica - Contabilidade Caxias<\/title>\n<meta name=\"robots\" content=\"index, follow, max-snippet:-1, max-image-preview:large, max-video-preview:-1\" \/>\n<link rel=\"canonical\" href=\"https:\/\/contabilidadecaxias.com.br\/index.php\/2022\/08\/26\/conselho-superior-da-justica-do-trabalho-e-conselho-superior-da-justica-federal-firmam-acordo-de-cooperacao-tecnica\/\" \/>\n<meta property=\"og:locale\" content=\"pt_BR\" \/>\n<meta property=\"og:type\" content=\"article\" \/>\n<meta property=\"og:title\" content=\"Conselho Superior da Justi\u00e7a do Trabalho e Conselho Superior da Justi\u00e7a Federal firmam acordo de coopera\u00e7\u00e3o t\u00e9cnica - Contabilidade Caxias\" \/>\n<meta property=\"og:description\" content=\"\u00a0 \u00a0\u00a0\u00a0\u00a0\u00a0\u00a0\u00a0\u00a0 \u00a0\u00a0\u00a0\u00a0\u00a0\u00a0\u00a0\u00a0 \u00a0\u00a0\u00a0\u00a0\u00a0\u00a0 Baixe o \u00e1udio Reproduzir o \u00e1udio\u00a0\u00a0Pausar o \u00e1udio\u00a0\u00a0Aumentar o volume\u00a0\u00a0Diminuir o volume \u00a0 26\/8\/2022 &#8211; O Conselho Superior da Justi\u00e7a do Trabalho (CSJT) e o Conselho Superior da Justi\u00e7a Federal (CJF) firmaram, nesta segunda-feira (23), um acordo de coopera\u00e7\u00e3o t\u00e9cnica para que a Justi\u00e7a Trabalhista disponibilize seu Sistema de Gest\u00e3o Or\u00e7ament\u00e1ria [&hellip;]\" \/>\n<meta property=\"og:url\" content=\"https:\/\/contabilidadecaxias.com.br\/index.php\/2022\/08\/26\/conselho-superior-da-justica-do-trabalho-e-conselho-superior-da-justica-federal-firmam-acordo-de-cooperacao-tecnica\/\" \/>\n<meta property=\"og:site_name\" content=\"Contabilidade Caxias\" \/>\n<meta property=\"article:published_time\" content=\"2022-08-26T18:03:09+00:00\" \/>\n<meta name=\"twitter:card\" content=\"summary_large_image\" \/>\n<meta name=\"twitter:label1\" content=\"Est. tempo de leitura\" \/>\n\t<meta name=\"twitter:data1\" content=\"1 minuto\" \/>\n<script type=\"application\/ld+json\" class=\"yoast-schema-graph\">{\"@context\":\"https:\\\/\\\/schema.org\",\"@graph\":[{\"@type\":\"Article\",\"@id\":\"https:\\\/\\\/contabilidadecaxias.com.br\\\/index.php\\\/2022\\\/08\\\/26\\\/conselho-superior-da-justica-do-trabalho-e-conselho-superior-da-justica-federal-firmam-acordo-de-cooperacao-tecnica\\\/#article\",\"isPartOf\":{\"@id\":\"https:\\\/\\\/contabilidadecaxias.com.br\\\/index.php\\\/2022\\\/08\\\/26\\\/conselho-superior-da-justica-do-trabalho-e-conselho-superior-da-justica-federal-firmam-acordo-de-cooperacao-tecnica\\\/\"},\"author\":{\"name\":\"\",\"@id\":\"\"},\"headline\":\"Conselho Superior da Justi\u00e7a do Trabalho e Conselho Superior da Justi\u00e7a Federal firmam acordo de coopera\u00e7\u00e3o t\u00e9cnica\",\"datePublished\":\"2022-08-26T18:03:09+00:00\",\"mainEntityOfPage\":{\"@id\":\"https:\\\/\\\/contabilidadecaxias.com.br\\\/index.php\\\/2022\\\/08\\\/26\\\/conselho-superior-da-justica-do-trabalho-e-conselho-superior-da-justica-federal-firmam-acordo-de-cooperacao-tecnica\\\/\"},\"wordCount\":137,\"commentCount\":0,\"articleSection\":[\"Educa\u00e7\u00e3o Financeira\"],\"inLanguage\":\"pt-BR\",\"potentialAction\":[{\"@type\":\"CommentAction\",\"name\":\"Comment\",\"target\":[\"https:\\\/\\\/contabilidadecaxias.com.br\\\/index.php\\\/2022\\\/08\\\/26\\\/conselho-superior-da-justica-do-trabalho-e-conselho-superior-da-justica-federal-firmam-acordo-de-cooperacao-tecnica\\\/#respond\"]}]},{\"@type\":\"WebPage\",\"@id\":\"https:\\\/\\\/contabilidadecaxias.com.br\\\/index.php\\\/2022\\\/08\\\/26\\\/conselho-superior-da-justica-do-trabalho-e-conselho-superior-da-justica-federal-firmam-acordo-de-cooperacao-tecnica\\\/\",\"url\":\"https:\\\/\\\/contabilidadecaxias.com.br\\\/index.php\\\/2022\\\/08\\\/26\\\/conselho-superior-da-justica-do-trabalho-e-conselho-superior-da-justica-federal-firmam-acordo-de-cooperacao-tecnica\\\/\",\"name\":\"Conselho Superior da Justi\u00e7a do Trabalho e Conselho Superior da Justi\u00e7a Federal firmam acordo de coopera\u00e7\u00e3o t\u00e9cnica - Contabilidade Caxias\",\"isPartOf\":{\"@id\":\"https:\\\/\\\/contabilidadecaxias.com.br\\\/#website\"},\"datePublished\":\"2022-08-26T18:03:09+00:00\",\"author\":{\"@id\":\"\"},\"breadcrumb\":{\"@id\":\"https:\\\/\\\/contabilidadecaxias.com.br\\\/index.php\\\/2022\\\/08\\\/26\\\/conselho-superior-da-justica-do-trabalho-e-conselho-superior-da-justica-federal-firmam-acordo-de-cooperacao-tecnica\\\/#breadcrumb\"},\"inLanguage\":\"pt-BR\",\"potentialAction\":[{\"@type\":\"ReadAction\",\"target\":[\"https:\\\/\\\/contabilidadecaxias.com.br\\\/index.php\\\/2022\\\/08\\\/26\\\/conselho-superior-da-justica-do-trabalho-e-conselho-superior-da-justica-federal-firmam-acordo-de-cooperacao-tecnica\\\/\"]}]},{\"@type\":\"BreadcrumbList\",\"@id\":\"https:\\\/\\\/contabilidadecaxias.com.br\\\/index.php\\\/2022\\\/08\\\/26\\\/conselho-superior-da-justica-do-trabalho-e-conselho-superior-da-justica-federal-firmam-acordo-de-cooperacao-tecnica\\\/#breadcrumb\",\"itemListElement\":[{\"@type\":\"ListItem\",\"position\":1,\"name\":\"In\u00edcio\",\"item\":\"https:\\\/\\\/contabilidadecaxias.com.br\\\/\"},{\"@type\":\"ListItem\",\"position\":2,\"name\":\"Conselho Superior da Justi\u00e7a do Trabalho e Conselho Superior da Justi\u00e7a Federal firmam acordo de coopera\u00e7\u00e3o t\u00e9cnica\"}]},{\"@type\":\"WebSite\",\"@id\":\"https:\\\/\\\/contabilidadecaxias.com.br\\\/#website\",\"url\":\"https:\\\/\\\/contabilidadecaxias.com.br\\\/\",\"name\":\"Contabilidade Caxias\",\"description\":\"Site especializado em Contabilidade para Caxias.\",\"potentialAction\":[{\"@type\":\"SearchAction\",\"target\":{\"@type\":\"EntryPoint\",\"urlTemplate\":\"https:\\\/\\\/contabilidadecaxias.com.br\\\/?s={search_term_string}\"},\"query-input\":{\"@type\":\"PropertyValueSpecification\",\"valueRequired\":true,\"valueName\":\"search_term_string\"}}],\"inLanguage\":\"pt-BR\"}]}<\/script>\n<!-- \/ Yoast SEO plugin. -->","yoast_head_json":{"title":"Conselho Superior da Justi\u00e7a do Trabalho e Conselho Superior da Justi\u00e7a Federal firmam acordo de coopera\u00e7\u00e3o t\u00e9cnica - Contabilidade Caxias","robots":{"index":"index","follow":"follow","max-snippet":"max-snippet:-1","max-image-preview":"max-image-preview:large","max-video-preview":"max-video-preview:-1"},"canonical":"https:\/\/contabilidadecaxias.com.br\/index.php\/2022\/08\/26\/conselho-superior-da-justica-do-trabalho-e-conselho-superior-da-justica-federal-firmam-acordo-de-cooperacao-tecnica\/","og_locale":"pt_BR","og_type":"article","og_title":"Conselho Superior da Justi\u00e7a do Trabalho e Conselho Superior da Justi\u00e7a Federal firmam acordo de coopera\u00e7\u00e3o t\u00e9cnica - Contabilidade Caxias","og_description":"\u00a0 \u00a0\u00a0\u00a0\u00a0\u00a0\u00a0\u00a0\u00a0 \u00a0\u00a0\u00a0\u00a0\u00a0\u00a0\u00a0\u00a0 \u00a0\u00a0\u00a0\u00a0\u00a0\u00a0 Baixe o \u00e1udio Reproduzir o \u00e1udio\u00a0\u00a0Pausar o \u00e1udio\u00a0\u00a0Aumentar o volume\u00a0\u00a0Diminuir o volume \u00a0 26\/8\/2022 &#8211; O Conselho Superior da Justi\u00e7a do Trabalho (CSJT) e o Conselho Superior da Justi\u00e7a Federal (CJF) firmaram, nesta segunda-feira (23), um acordo de coopera\u00e7\u00e3o t\u00e9cnica para que a Justi\u00e7a Trabalhista disponibilize seu Sistema de Gest\u00e3o Or\u00e7ament\u00e1ria [&hellip;]","og_url":"https:\/\/contabilidadecaxias.com.br\/index.php\/2022\/08\/26\/conselho-superior-da-justica-do-trabalho-e-conselho-superior-da-justica-federal-firmam-acordo-de-cooperacao-tecnica\/","og_site_name":"Contabilidade Caxias","article_published_time":"2022-08-26T18:03:09+00:00","twitter_card":"summary_large_image","twitter_misc":{"Est. tempo de leitura":"1 minuto"},"schema":{"@context":"https:\/\/schema.org","@graph":[{"@type":"Article","@id":"https:\/\/contabilidadecaxias.com.br\/index.php\/2022\/08\/26\/conselho-superior-da-justica-do-trabalho-e-conselho-superior-da-justica-federal-firmam-acordo-de-cooperacao-tecnica\/#article","isPartOf":{"@id":"https:\/\/contabilidadecaxias.com.br\/index.php\/2022\/08\/26\/conselho-superior-da-justica-do-trabalho-e-conselho-superior-da-justica-federal-firmam-acordo-de-cooperacao-tecnica\/"},"author":{"name":"","@id":""},"headline":"Conselho Superior da Justi\u00e7a do Trabalho e Conselho Superior da Justi\u00e7a Federal firmam acordo de coopera\u00e7\u00e3o t\u00e9cnica","datePublished":"2022-08-26T18:03:09+00:00","mainEntityOfPage":{"@id":"https:\/\/contabilidadecaxias.com.br\/index.php\/2022\/08\/26\/conselho-superior-da-justica-do-trabalho-e-conselho-superior-da-justica-federal-firmam-acordo-de-cooperacao-tecnica\/"},"wordCount":137,"commentCount":0,"articleSection":["Educa\u00e7\u00e3o Financeira"],"inLanguage":"pt-BR","potentialAction":[{"@type":"CommentAction","name":"Comment","target":["https:\/\/contabilidadecaxias.com.br\/index.php\/2022\/08\/26\/conselho-superior-da-justica-do-trabalho-e-conselho-superior-da-justica-federal-firmam-acordo-de-cooperacao-tecnica\/#respond"]}]},{"@type":"WebPage","@id":"https:\/\/contabilidadecaxias.com.br\/index.php\/2022\/08\/26\/conselho-superior-da-justica-do-trabalho-e-conselho-superior-da-justica-federal-firmam-acordo-de-cooperacao-tecnica\/","url":"https:\/\/contabilidadecaxias.com.br\/index.php\/2022\/08\/26\/conselho-superior-da-justica-do-trabalho-e-conselho-superior-da-justica-federal-firmam-acordo-de-cooperacao-tecnica\/","name":"Conselho Superior da Justi\u00e7a do Trabalho e Conselho Superior da Justi\u00e7a Federal firmam acordo de coopera\u00e7\u00e3o t\u00e9cnica - Contabilidade Caxias","isPartOf":{"@id":"https:\/\/contabilidadecaxias.com.br\/#website"},"datePublished":"2022-08-26T18:03:09+00:00","author":{"@id":""},"breadcrumb":{"@id":"https:\/\/contabilidadecaxias.com.br\/index.php\/2022\/08\/26\/conselho-superior-da-justica-do-trabalho-e-conselho-superior-da-justica-federal-firmam-acordo-de-cooperacao-tecnica\/#breadcrumb"},"inLanguage":"pt-BR","potentialAction":[{"@type":"ReadAction","target":["https:\/\/contabilidadecaxias.com.br\/index.php\/2022\/08\/26\/conselho-superior-da-justica-do-trabalho-e-conselho-superior-da-justica-federal-firmam-acordo-de-cooperacao-tecnica\/"]}]},{"@type":"BreadcrumbList","@id":"https:\/\/contabilidadecaxias.com.br\/index.php\/2022\/08\/26\/conselho-superior-da-justica-do-trabalho-e-conselho-superior-da-justica-federal-firmam-acordo-de-cooperacao-tecnica\/#breadcrumb","itemListElement":[{"@type":"ListItem","position":1,"name":"In\u00edcio","item":"https:\/\/contabilidadecaxias.com.br\/"},{"@type":"ListItem","position":2,"name":"Conselho Superior da Justi\u00e7a do Trabalho e Conselho Superior da Justi\u00e7a Federal firmam acordo de coopera\u00e7\u00e3o t\u00e9cnica"}]},{"@type":"WebSite","@id":"https:\/\/contabilidadecaxias.com.br\/#website","url":"https:\/\/contabilidadecaxias.com.br\/","name":"Contabilidade Caxias","description":"Site especializado em Contabilidade para Caxias.","potentialAction":[{"@type":"SearchAction","target":{"@type":"EntryPoint","urlTemplate":"https:\/\/contabilidadecaxias.com.br\/?s={search_term_string}"},"query-input":{"@type":"PropertyValueSpecification","valueRequired":true,"valueName":"search_term_string"}}],"inLanguage":"pt-BR"}]}},"_links":{"self":[{"href":"https:\/\/contabilidadecaxias.com.br\/index.php\/wp-json\/wp\/v2\/posts\/13825","targetHints":{"allow":["GET"]}}],"collection":[{"href":"https:\/\/contabilidadecaxias.com.br\/index.php\/wp-json\/wp\/v2\/posts"}],"about":[{"href":"https:\/\/contabilidadecaxias.com.br\/index.php\/wp-json\/wp\/v2\/types\/post"}],"replies":[{"embeddable":true,"href":"https:\/\/contabilidadecaxias.com.br\/index.php\/wp-json\/wp\/v2\/comments?post=13825"}],"version-history":[{"count":0,"href":"https:\/\/contabilidadecaxias.com.br\/index.php\/wp-json\/wp\/v2\/posts\/13825\/revisions"}],"wp:attachment":[{"href":"https:\/\/contabilidadecaxias.com.br\/index.php\/wp-json\/wp\/v2\/media?parent=13825"}],"wp:term":[{"taxonomy":"category","embeddable":true,"href":"https:\/\/contabilidadecaxias.com.br\/index.php\/wp-json\/wp\/v2\/categories?post=13825"},{"taxonomy":"post_tag","embeddable":true,"href":"https:\/\/contabilidadecaxias.com.br\/index.php\/wp-json\/wp\/v2\/tags?post=13825"}],"curies":[{"name":"wp","href":"https:\/\/api.w.org\/{rel}","templated":true}]}}