{"id":13822,"date":"2022-08-26T13:06:34","date_gmt":"2022-08-26T16:06:34","guid":{"rendered":"https:\/\/contabilidadecaxias.com.br\/index.php\/2022\/08\/26\/dispensa-motivada-por-amizade-com-desafetos-do-empregador-e-discriminatoria\/"},"modified":"2022-08-26T13:06:34","modified_gmt":"2022-08-26T16:06:34","slug":"dispensa-motivada-por-amizade-com-desafetos-do-empregador-e-discriminatoria","status":"publish","type":"post","link":"https:\/\/contabilidadecaxias.com.br\/index.php\/2022\/08\/26\/dispensa-motivada-por-amizade-com-desafetos-do-empregador-e-discriminatoria\/","title":{"rendered":"Dispensa motivada por amizade com desafetos do empregador \u00e9 discriminat\u00f3ria"},"content":{"rendered":"<div class=\"noticia-wrapper\">\n<p><em><\/p>\n<p>O empregado foi demitido ap\u00f3s postar fotos de viagem com os ex-colegas<\/p>\n<p><\/em><\/p>\n<div class=\"social-media-share mobile\">\n        <a class=\"share-facebook\" href=\"https:\/\/www.facebook.com\/sharer.php?u=https:\/\/www.tst.jus.br\/-\/dispensa-motivada-por-amizade-com-desafetos-do-empregador-%C3%A9-discriminat%C3%B3ria\" target=\"_blank\" rel=\"noopener\"><\/a><br \/>\n        <a class=\"share-twitter\" href=\"https:\/\/twitter.com\/intent\/tweet?text=Dispensa%20motivada%20por%20amizade%20com%20desafetos%20do%20empregador%20%C3%A9%20discriminat%C3%B3ria%0AVeja%20mais%20em:&amp;url=https:\/\/www.tst.jus.br\/-\/dispensa-motivada-por-amizade-com-desafetos-do-empregador-%C3%A9-discriminat%C3%B3ria\" target=\"_blank\" rel=\"noopener\"><\/a><br \/>\n        <a class=\"share-linkedin\" href=\"https:\/\/www.linkedin.com\/shareArticle?mini=true&amp;url=https:\/\/www.tst.jus.br\/-\/dispensa-motivada-por-amizade-com-desafetos-do-empregador-%C3%A9-discriminat%C3%B3ria&amp;title=Dispensa%20motivada%20por%20amizade%20com%20desafetos%20do%20empregador%20%C3%A9%20discriminat%C3%B3ria\" target=\"_blank\" rel=\"noopener\"><\/a><br \/>\n        <a class=\"share-whatsapp\" href=\"https:\/\/web.whatsapp.com\/send?text=https:\/\/www.tst.jus.br\/-\/dispensa-motivada-por-amizade-com-desafetos-do-empregador-%C3%A9-discriminat%C3%B3ria\" target=\"_blank\" rel=\"noopener\"><\/a><br \/>\n        <a class=\"share-googleplus\" href=\"https:\/\/plus.google.com\/share?url=https:\/\/www.tst.jus.br\/-\/dispensa-motivada-por-amizade-com-desafetos-do-empregador-%C3%A9-discriminat%C3%B3ria\" target=\"_blank\" rel=\"noopener\"><\/a>\n    <\/div>\n<div class=\"news-body\">\n<div class=\"imagem-da-noticia\">\n<p>Ministro Aloysio Corr\u00eaa da Veiga<\/p>\n<div class=\"social-media-share\">\n                    <a class=\"share-facebook\" href=\"https:\/\/www.facebook.com\/sharer.php?u=https:\/\/www.tst.jus.br\/-\/dispensa-motivada-por-amizade-com-desafetos-do-empregador-%C3%A9-discriminat%C3%B3ria\" target=\"_blank\" rel=\"noopener\"><\/a><br \/>\n                    <a class=\"share-twitter\" href=\"https:\/\/twitter.com\/intent\/tweet?text=Dispensa%20motivada%20por%20amizade%20com%20desafetos%20do%20empregador%20%C3%A9%20discriminat%C3%B3ria%0AVeja%20mais%20em:&amp;url=https:\/\/www.tst.jus.br\/-\/dispensa-motivada-por-amizade-com-desafetos-do-empregador-%C3%A9-discriminat%C3%B3ria\" target=\"_blank\" rel=\"noopener\"><\/a><br \/>\n                    <a class=\"share-linkedin\" href=\"https:\/\/www.linkedin.com\/shareArticle?mini=true&amp;url=https:\/\/www.tst.jus.br\/-\/dispensa-motivada-por-amizade-com-desafetos-do-empregador-%C3%A9-discriminat%C3%B3ria&amp;title=Dispensa%20motivada%20por%20amizade%20com%20desafetos%20do%20empregador%20%C3%A9%20discriminat%C3%B3ria\" target=\"_blank\" rel=\"noopener\"><\/a><br \/>\n                    <a class=\"share-whatsapp\" href=\"https:\/\/web.whatsapp.com\/send?text=https:\/\/www.tst.jus.br\/-\/dispensa-motivada-por-amizade-com-desafetos-do-empregador-%C3%A9-discriminat%C3%B3ria\" target=\"_blank\" rel=\"noopener\"><\/a><br \/>\n                    <a class=\"share-googleplus\" href=\"https:\/\/plus.google.com\/share?url=https:\/\/www.tst.jus.br\/-\/dispensa-motivada-por-amizade-com-desafetos-do-empregador-%C3%A9-discriminat%C3%B3ria\" target=\"_blank\" rel=\"noopener\"><\/a>\n                <\/div>\n<\/p><\/div>\n<div class=\"materia\">\n<p>26\/08\/22 &#8211;\u00a0A Subse\u00e7\u00e3o I Especializada em Diss\u00eddios Individuais do Tribunal Superior do Trabalho (SDI-1) considerou discriminat\u00f3ria a dispensa de um superintendente de \u00e1guas da Indai\u00e1 Brasil \u00c1guas Minerais Ltda. em raz\u00e3o da amizade com ex-empregados considerados desafetos de um dos s\u00f3cios da empresa. Para o colegiado, a discrimina\u00e7\u00e3o se deu de forma indireta (em ricochete), ultrapassando o poder diretivo do empregador.<\/p>\n<h4>\u201cFeios e gordos\u201d<\/h4>\n<p>Na reclama\u00e7\u00e3o trabalhista, o empregado, engenheiro eletricista, disse que trabalhara na empresa por cerca de 20 anos at\u00e9 chegar a superintendente. Em outubro de 2012, durante suas f\u00e9rias, um de seus subordinados, por telefone, informou que a empresa estava buscando nomes para substitu\u00ed-lo. O motivo seria o fato de ele ter postado fotos de viagem com dois ex-empregados de quem um dos diretores n\u00e3o gostava, alegadamente por serem \u201cfeios e gordos\u201d, e n\u00e3o admitia que seus funcion\u00e1rios se relacionassem com eles.<\/p>\n<p>Ao retornar das f\u00e9rias, ele disse que foi impedido de ingressar na empresa, e seus objetos pessoais foram recolhidos e entregues em sua resid\u00eancia em caixas de papel\u00e3o. Ainda de acordo com seu relato, outros tr\u00eas empregados que participaram da viagem tamb\u00e9m foram dispensados.<\/p>\n<h4>Faculdade<\/h4>\n<p>A empresa, em sua defesa, sustentou que o ato da dispensa \u00e9 uma faculdade conferida a todo empregador para encerrar um contrato de trabalho. Segundo a Indai\u00e1, a demiss\u00e3o fora uma decis\u00e3o financeira, e n\u00e3o motivada por amizades mantidas fora do ambiente de trabalho.<\/p>\n<h4>Intoler\u00e2ncia<\/h4>\n<p>O pedido de indeniza\u00e7\u00e3o foi acolhido pelo ju\u00edzo de primeiro grau, e a indeniza\u00e7\u00e3o, fixada em R$ 150 mil, foi mantida pelo Tribunal Regional do Trabalho da 7\u00aa Regi\u00e3o (CE), para o qual o caso se trata de intoler\u00e2ncia pela amizade de empregados com os ex-empregados, cuja inimizade do s\u00f3cio da empresa resultou da condi\u00e7\u00e3o f\u00edsica dessas pessoas. Segundo o TRT, n\u00e3o se pode acreditar que quatro funcion\u00e1rios do primeiro escal\u00e3o tenham sido dispensados \u201csem qualquer motivo\u201d, ao mesmo tempo e logo ap\u00f3s a viagem.\u00a0<\/p>\n<h4>Sem amparo legal<\/h4>\n<p>Ao julgar recurso de revista da empresa, a Quarta Turma afastou a condena\u00e7\u00e3o, por entender que n\u00e3o se poderia presumir, a partir da decis\u00e3o do TRT, que o empregado fora v\u00edtima de ato discriminat\u00f3rio, pois estaria se criando uma discrimina\u00e7\u00e3o de forma reflexa, sem amparo em lei. De acordo com o colegiado, n\u00e3o havia refer\u00eancia a sexo, origem, ra\u00e7a, cor, estado civil, situa\u00e7\u00e3o familiar ou idade do empregado como motivo da dispensa, o que afastaria o enquadramento do caso na Lei 9.029\/1995, que veda pr\u00e1ticas discriminat\u00f3rias nas rela\u00e7\u00f5es de trabalho.\u00a0<\/p>\n<p>Contra essa decis\u00e3o, o supervisor interp\u00f4s embargos \u00e0 SDI-1.<\/p>\n<h4>Caso peculiar<\/h4>\n<p>O relator dos embargos, ministro Aloysio Corr\u00eaa da Veiga, \u00a0ressaltou que se tratava de um caso peculiar, porque a dispensa ocorrera n\u00e3o por ato discriminat\u00f3rio contra o pr\u00f3prio empregado, mas por ele manter amizade com desafetos de um de seus diretores. A seu ver, essa esp\u00e9cie de \u201cdiscrimina\u00e7\u00e3o por ricochete\u201d requer uma reflex\u00e3o sobre os limites do poder diretivo do empregador e a amplitude da fun\u00e7\u00e3o social do contrato de trabalho e da inibi\u00e7\u00e3o do exerc\u00edcio abusivo desse direito.<\/p>\n<h4>Poder potestativo<\/h4>\n<p>Segundo o ministro, o poder potestativo do empregador de dispensar empregados tem previs\u00e3o\u00a0no artigo 2\u00ba da <a href=\"https:\/\/www.planalto.gov.br\/ccivil_03\/decreto-lei\/del5452.htm\" target=\"_blank\" rel=\"noopener\">CLT<\/a>. Entretanto, ele est\u00e1 vinculado\u00a0ao exerc\u00edcio de todas as atividades administrativas da empresa, como organizar regras de trabalho, fiscalizar\u00a0e mesmo aplicar puni\u00e7\u00f5es. \u201cEsse poder decorre da necessidade de controlar a presta\u00e7\u00e3o dos servi\u00e7os para o fim de conferir a produ\u00e7\u00e3o e a qualidade do produto final do trabalho\u201d, explicou.<\/p>\n<p>No caso, contudo, a conduta empresarial de demitir o empregado em raz\u00e3o de suas rela\u00e7\u00f5es pessoais atinge a dignidade e causa sofrimento. \u201cN\u00e3o h\u00e1 como admitir que ofensa relacionada com a qualidade f\u00edsica de amigos pessoais seja\u00a0argumento para demiss\u00e3o de um empregado, quando o poder diretivo tem limite na qualidade do trabalho e no cumprimento das regras empresariais &#8211; que, no caso, n\u00e3o foram fundamento da dispensa, ao contr\u00e1rio, foram elementos de elogios para o trabalho realizado\u201c, assinalou.<\/p>\n<h4>Veda\u00e7\u00e3o legal<\/h4>\n<p>O relator observou, ainda, que o artigo 1\u00ba da <a href=\"https:\/\/www.planalto.gov.br\/ccivil_03\/leis\/l9029.htm\" target=\"_blank\" rel=\"noopener\">Lei 9.029\/1995 <\/a>veda a discrimina\u00e7\u00e3o \u201cpor motivo de sexo, origem, ra\u00e7a, cor, estado civil, situa\u00e7\u00e3o familiar, defici\u00eancia, reabilita\u00e7\u00e3o profissional, idade, entre outros\u201d. Trata-se, segundo ele, de um rol exemplificativo. \u201cCabe entender que a discrimina\u00e7\u00e3o pode ocorrer de v\u00e1rias formas, incumbindo apenas decifrar se a inten\u00e7\u00e3o do empregador est\u00e1 vinculada\u00a0ou n\u00e3o ao trabalho, j\u00e1 que nem sempre as raz\u00f5es efetivas s\u00e3o enunciadas de forma t\u00e3o expl\u00edcita\u201d, ressaltou.<\/p>\n<p>Para o ministro, a dispensa infundada, com fundamento na amizade do empregado com pessoa desafeta do empregador, \u201ce, mais ainda, quando a raz\u00e3o da inimizade decorre de avers\u00e3o descabida a caracter\u00edsticas f\u00edsicas dessas pessoas\u201d, sustenta o entendimento de efetiva discrimina\u00e7\u00e3o, que deve ser repudiada.<\/p>\n<p>Com o reconhecimento da dispensa discriminat\u00f3ria, foi restabelecida a decis\u00e3o do TRT, e o processo retornar\u00e1 \u00e0 Quarta Turma para o exame dos demais temas do recurso.\u00a0<\/p>\n<p>(DA\/CF)<\/p>\n<p>Processo: <a href=\"https:\/\/consultaprocessual.tst.jus.br\/consultaProcessual\/consultaTstNumUnica.do?consulta=Consultar&amp;conscsjt=&amp;numeroTst=2016&amp;digitoTst=68&amp;anoTst=2014&amp;orgaoTst=5&amp;tribunalTst=07&amp;varaTst=0016&amp;submit=Consultar\" target=\"_blank\" rel=\"noopener\">E-ED-RR-2016-68.2014.5.07.0016<\/a><\/p>\n<p><em>Esta mat\u00e9ria tem cunho meramente informativo.<br \/>\nPermitida a reprodu\u00e7\u00e3o mediante cita\u00e7\u00e3o da fonte.<br \/>\nSecretaria de Comunica\u00e7\u00e3o Social<br \/>\n<a href=\"https:\/\/www.tst.jus.br\/\" target=\"_blank\" rel=\"noopener\">Tribunal Superior do Trabalho<\/a><br \/>\nTel. (61) 3043-4907<br \/>\n<a href=\"mailto:secom@tst.jus.br\" target=\"\" rel=\"noopener\">secom@tst.jus.br<\/a><\/em><\/p>\n<\/div><\/div>\n<\/div>\n","protected":false},"excerpt":{"rendered":"<p>O empregado foi demitido ap\u00f3s postar fotos de viagem com os ex-colegas Ministro Aloysio Corr\u00eaa da Veiga 26\/08\/22 &#8211;\u00a0A Subse\u00e7\u00e3o I Especializada em Diss\u00eddios Individuais do Tribunal Superior do Trabalho (SDI-1) considerou discriminat\u00f3ria a dispensa de um superintendente de \u00e1guas da Indai\u00e1 Brasil \u00c1guas Minerais Ltda. em raz\u00e3o da amizade com ex-empregados considerados desafetos de [&hellip;]<\/p>\n","protected":false},"author":0,"featured_media":13823,"comment_status":"open","ping_status":"","sticky":false,"template":"","format":"standard","meta":{"footnotes":""},"categories":[5],"tags":[],"class_list":["post-13822","post","type-post","status-publish","format-standard","has-post-thumbnail","hentry","category-noticias-educacao-financeira"],"blocksy_meta":{"styles_descriptor":{"styles":{"desktop":"","tablet":"","mobile":""},"google_fonts":[],"version":6}},"yoast_head":"<!-- This site is optimized with the Yoast SEO plugin v27.4 - https:\/\/yoast.com\/product\/yoast-seo-wordpress\/ -->\n<title>Dispensa motivada por amizade com desafetos do empregador \u00e9 discriminat\u00f3ria - Contabilidade Caxias<\/title>\n<meta name=\"robots\" content=\"index, follow, max-snippet:-1, max-image-preview:large, max-video-preview:-1\" \/>\n<link rel=\"canonical\" href=\"https:\/\/contabilidadecaxias.com.br\/index.php\/2022\/08\/26\/dispensa-motivada-por-amizade-com-desafetos-do-empregador-e-discriminatoria\/\" \/>\n<meta property=\"og:locale\" content=\"pt_BR\" \/>\n<meta property=\"og:type\" content=\"article\" \/>\n<meta property=\"og:title\" content=\"Dispensa motivada por amizade com desafetos do empregador \u00e9 discriminat\u00f3ria - Contabilidade Caxias\" \/>\n<meta property=\"og:description\" content=\"O empregado foi demitido ap\u00f3s postar fotos de viagem com os ex-colegas Ministro Aloysio Corr\u00eaa da Veiga 26\/08\/22 &#8211;\u00a0A Subse\u00e7\u00e3o I Especializada em Diss\u00eddios Individuais do Tribunal Superior do Trabalho (SDI-1) considerou discriminat\u00f3ria a dispensa de um superintendente de \u00e1guas da Indai\u00e1 Brasil \u00c1guas Minerais Ltda. em raz\u00e3o da amizade com ex-empregados considerados desafetos de [&hellip;]\" \/>\n<meta property=\"og:url\" content=\"https:\/\/contabilidadecaxias.com.br\/index.php\/2022\/08\/26\/dispensa-motivada-por-amizade-com-desafetos-do-empregador-e-discriminatoria\/\" \/>\n<meta property=\"og:site_name\" content=\"Contabilidade Caxias\" \/>\n<meta property=\"article:published_time\" content=\"2022-08-26T16:06:34+00:00\" \/>\n<meta name=\"twitter:card\" content=\"summary_large_image\" \/>\n<meta name=\"twitter:label1\" content=\"Est. tempo de leitura\" \/>\n\t<meta name=\"twitter:data1\" content=\"5 minutos\" \/>\n<script type=\"application\/ld+json\" class=\"yoast-schema-graph\">{\"@context\":\"https:\\\/\\\/schema.org\",\"@graph\":[{\"@type\":\"Article\",\"@id\":\"https:\\\/\\\/contabilidadecaxias.com.br\\\/index.php\\\/2022\\\/08\\\/26\\\/dispensa-motivada-por-amizade-com-desafetos-do-empregador-e-discriminatoria\\\/#article\",\"isPartOf\":{\"@id\":\"https:\\\/\\\/contabilidadecaxias.com.br\\\/index.php\\\/2022\\\/08\\\/26\\\/dispensa-motivada-por-amizade-com-desafetos-do-empregador-e-discriminatoria\\\/\"},\"author\":{\"name\":\"\",\"@id\":\"\"},\"headline\":\"Dispensa motivada por amizade com desafetos do empregador \u00e9 discriminat\u00f3ria\",\"datePublished\":\"2022-08-26T16:06:34+00:00\",\"mainEntityOfPage\":{\"@id\":\"https:\\\/\\\/contabilidadecaxias.com.br\\\/index.php\\\/2022\\\/08\\\/26\\\/dispensa-motivada-por-amizade-com-desafetos-do-empregador-e-discriminatoria\\\/\"},\"wordCount\":947,\"commentCount\":0,\"image\":{\"@id\":\"https:\\\/\\\/contabilidadecaxias.com.br\\\/index.php\\\/2022\\\/08\\\/26\\\/dispensa-motivada-por-amizade-com-desafetos-do-empregador-e-discriminatoria\\\/#primaryimage\"},\"thumbnailUrl\":\"https:\\\/\\\/contabilidadecaxias.com.br\\\/wp-content\\\/uploads\\\/2022\\\/08\\\/8d852807-d98b-c478-9924-505c3a919949-GI1HzL.jpeg\",\"articleSection\":[\"Educa\u00e7\u00e3o Financeira\"],\"inLanguage\":\"pt-BR\",\"potentialAction\":[{\"@type\":\"CommentAction\",\"name\":\"Comment\",\"target\":[\"https:\\\/\\\/contabilidadecaxias.com.br\\\/index.php\\\/2022\\\/08\\\/26\\\/dispensa-motivada-por-amizade-com-desafetos-do-empregador-e-discriminatoria\\\/#respond\"]}]},{\"@type\":\"WebPage\",\"@id\":\"https:\\\/\\\/contabilidadecaxias.com.br\\\/index.php\\\/2022\\\/08\\\/26\\\/dispensa-motivada-por-amizade-com-desafetos-do-empregador-e-discriminatoria\\\/\",\"url\":\"https:\\\/\\\/contabilidadecaxias.com.br\\\/index.php\\\/2022\\\/08\\\/26\\\/dispensa-motivada-por-amizade-com-desafetos-do-empregador-e-discriminatoria\\\/\",\"name\":\"Dispensa motivada por amizade com desafetos do empregador \u00e9 discriminat\u00f3ria - Contabilidade Caxias\",\"isPartOf\":{\"@id\":\"https:\\\/\\\/contabilidadecaxias.com.br\\\/#website\"},\"primaryImageOfPage\":{\"@id\":\"https:\\\/\\\/contabilidadecaxias.com.br\\\/index.php\\\/2022\\\/08\\\/26\\\/dispensa-motivada-por-amizade-com-desafetos-do-empregador-e-discriminatoria\\\/#primaryimage\"},\"image\":{\"@id\":\"https:\\\/\\\/contabilidadecaxias.com.br\\\/index.php\\\/2022\\\/08\\\/26\\\/dispensa-motivada-por-amizade-com-desafetos-do-empregador-e-discriminatoria\\\/#primaryimage\"},\"thumbnailUrl\":\"https:\\\/\\\/contabilidadecaxias.com.br\\\/wp-content\\\/uploads\\\/2022\\\/08\\\/8d852807-d98b-c478-9924-505c3a919949-GI1HzL.jpeg\",\"datePublished\":\"2022-08-26T16:06:34+00:00\",\"author\":{\"@id\":\"\"},\"breadcrumb\":{\"@id\":\"https:\\\/\\\/contabilidadecaxias.com.br\\\/index.php\\\/2022\\\/08\\\/26\\\/dispensa-motivada-por-amizade-com-desafetos-do-empregador-e-discriminatoria\\\/#breadcrumb\"},\"inLanguage\":\"pt-BR\",\"potentialAction\":[{\"@type\":\"ReadAction\",\"target\":[\"https:\\\/\\\/contabilidadecaxias.com.br\\\/index.php\\\/2022\\\/08\\\/26\\\/dispensa-motivada-por-amizade-com-desafetos-do-empregador-e-discriminatoria\\\/\"]}]},{\"@type\":\"ImageObject\",\"inLanguage\":\"pt-BR\",\"@id\":\"https:\\\/\\\/contabilidadecaxias.com.br\\\/index.php\\\/2022\\\/08\\\/26\\\/dispensa-motivada-por-amizade-com-desafetos-do-empregador-e-discriminatoria\\\/#primaryimage\",\"url\":\"https:\\\/\\\/contabilidadecaxias.com.br\\\/wp-content\\\/uploads\\\/2022\\\/08\\\/8d852807-d98b-c478-9924-505c3a919949-GI1HzL.jpeg\",\"contentUrl\":\"https:\\\/\\\/contabilidadecaxias.com.br\\\/wp-content\\\/uploads\\\/2022\\\/08\\\/8d852807-d98b-c478-9924-505c3a919949-GI1HzL.jpeg\",\"width\":1280,\"height\":853},{\"@type\":\"BreadcrumbList\",\"@id\":\"https:\\\/\\\/contabilidadecaxias.com.br\\\/index.php\\\/2022\\\/08\\\/26\\\/dispensa-motivada-por-amizade-com-desafetos-do-empregador-e-discriminatoria\\\/#breadcrumb\",\"itemListElement\":[{\"@type\":\"ListItem\",\"position\":1,\"name\":\"In\u00edcio\",\"item\":\"https:\\\/\\\/contabilidadecaxias.com.br\\\/\"},{\"@type\":\"ListItem\",\"position\":2,\"name\":\"Dispensa motivada por amizade com desafetos do empregador \u00e9 discriminat\u00f3ria\"}]},{\"@type\":\"WebSite\",\"@id\":\"https:\\\/\\\/contabilidadecaxias.com.br\\\/#website\",\"url\":\"https:\\\/\\\/contabilidadecaxias.com.br\\\/\",\"name\":\"Contabilidade Caxias\",\"description\":\"Site especializado em Contabilidade para Caxias.\",\"potentialAction\":[{\"@type\":\"SearchAction\",\"target\":{\"@type\":\"EntryPoint\",\"urlTemplate\":\"https:\\\/\\\/contabilidadecaxias.com.br\\\/?s={search_term_string}\"},\"query-input\":{\"@type\":\"PropertyValueSpecification\",\"valueRequired\":true,\"valueName\":\"search_term_string\"}}],\"inLanguage\":\"pt-BR\"}]}<\/script>\n<!-- \/ Yoast SEO plugin. -->","yoast_head_json":{"title":"Dispensa motivada por amizade com desafetos do empregador \u00e9 discriminat\u00f3ria - Contabilidade Caxias","robots":{"index":"index","follow":"follow","max-snippet":"max-snippet:-1","max-image-preview":"max-image-preview:large","max-video-preview":"max-video-preview:-1"},"canonical":"https:\/\/contabilidadecaxias.com.br\/index.php\/2022\/08\/26\/dispensa-motivada-por-amizade-com-desafetos-do-empregador-e-discriminatoria\/","og_locale":"pt_BR","og_type":"article","og_title":"Dispensa motivada por amizade com desafetos do empregador \u00e9 discriminat\u00f3ria - Contabilidade Caxias","og_description":"O empregado foi demitido ap\u00f3s postar fotos de viagem com os ex-colegas Ministro Aloysio Corr\u00eaa da Veiga 26\/08\/22 &#8211;\u00a0A Subse\u00e7\u00e3o I Especializada em Diss\u00eddios Individuais do Tribunal Superior do Trabalho (SDI-1) considerou discriminat\u00f3ria a dispensa de um superintendente de \u00e1guas da Indai\u00e1 Brasil \u00c1guas Minerais Ltda. em raz\u00e3o da amizade com ex-empregados considerados desafetos de [&hellip;]","og_url":"https:\/\/contabilidadecaxias.com.br\/index.php\/2022\/08\/26\/dispensa-motivada-por-amizade-com-desafetos-do-empregador-e-discriminatoria\/","og_site_name":"Contabilidade Caxias","article_published_time":"2022-08-26T16:06:34+00:00","twitter_card":"summary_large_image","twitter_misc":{"Est. tempo de leitura":"5 minutos"},"schema":{"@context":"https:\/\/schema.org","@graph":[{"@type":"Article","@id":"https:\/\/contabilidadecaxias.com.br\/index.php\/2022\/08\/26\/dispensa-motivada-por-amizade-com-desafetos-do-empregador-e-discriminatoria\/#article","isPartOf":{"@id":"https:\/\/contabilidadecaxias.com.br\/index.php\/2022\/08\/26\/dispensa-motivada-por-amizade-com-desafetos-do-empregador-e-discriminatoria\/"},"author":{"name":"","@id":""},"headline":"Dispensa motivada por amizade com desafetos do empregador \u00e9 discriminat\u00f3ria","datePublished":"2022-08-26T16:06:34+00:00","mainEntityOfPage":{"@id":"https:\/\/contabilidadecaxias.com.br\/index.php\/2022\/08\/26\/dispensa-motivada-por-amizade-com-desafetos-do-empregador-e-discriminatoria\/"},"wordCount":947,"commentCount":0,"image":{"@id":"https:\/\/contabilidadecaxias.com.br\/index.php\/2022\/08\/26\/dispensa-motivada-por-amizade-com-desafetos-do-empregador-e-discriminatoria\/#primaryimage"},"thumbnailUrl":"https:\/\/contabilidadecaxias.com.br\/wp-content\/uploads\/2022\/08\/8d852807-d98b-c478-9924-505c3a919949-GI1HzL.jpeg","articleSection":["Educa\u00e7\u00e3o Financeira"],"inLanguage":"pt-BR","potentialAction":[{"@type":"CommentAction","name":"Comment","target":["https:\/\/contabilidadecaxias.com.br\/index.php\/2022\/08\/26\/dispensa-motivada-por-amizade-com-desafetos-do-empregador-e-discriminatoria\/#respond"]}]},{"@type":"WebPage","@id":"https:\/\/contabilidadecaxias.com.br\/index.php\/2022\/08\/26\/dispensa-motivada-por-amizade-com-desafetos-do-empregador-e-discriminatoria\/","url":"https:\/\/contabilidadecaxias.com.br\/index.php\/2022\/08\/26\/dispensa-motivada-por-amizade-com-desafetos-do-empregador-e-discriminatoria\/","name":"Dispensa motivada por amizade com desafetos do empregador \u00e9 discriminat\u00f3ria - Contabilidade Caxias","isPartOf":{"@id":"https:\/\/contabilidadecaxias.com.br\/#website"},"primaryImageOfPage":{"@id":"https:\/\/contabilidadecaxias.com.br\/index.php\/2022\/08\/26\/dispensa-motivada-por-amizade-com-desafetos-do-empregador-e-discriminatoria\/#primaryimage"},"image":{"@id":"https:\/\/contabilidadecaxias.com.br\/index.php\/2022\/08\/26\/dispensa-motivada-por-amizade-com-desafetos-do-empregador-e-discriminatoria\/#primaryimage"},"thumbnailUrl":"https:\/\/contabilidadecaxias.com.br\/wp-content\/uploads\/2022\/08\/8d852807-d98b-c478-9924-505c3a919949-GI1HzL.jpeg","datePublished":"2022-08-26T16:06:34+00:00","author":{"@id":""},"breadcrumb":{"@id":"https:\/\/contabilidadecaxias.com.br\/index.php\/2022\/08\/26\/dispensa-motivada-por-amizade-com-desafetos-do-empregador-e-discriminatoria\/#breadcrumb"},"inLanguage":"pt-BR","potentialAction":[{"@type":"ReadAction","target":["https:\/\/contabilidadecaxias.com.br\/index.php\/2022\/08\/26\/dispensa-motivada-por-amizade-com-desafetos-do-empregador-e-discriminatoria\/"]}]},{"@type":"ImageObject","inLanguage":"pt-BR","@id":"https:\/\/contabilidadecaxias.com.br\/index.php\/2022\/08\/26\/dispensa-motivada-por-amizade-com-desafetos-do-empregador-e-discriminatoria\/#primaryimage","url":"https:\/\/contabilidadecaxias.com.br\/wp-content\/uploads\/2022\/08\/8d852807-d98b-c478-9924-505c3a919949-GI1HzL.jpeg","contentUrl":"https:\/\/contabilidadecaxias.com.br\/wp-content\/uploads\/2022\/08\/8d852807-d98b-c478-9924-505c3a919949-GI1HzL.jpeg","width":1280,"height":853},{"@type":"BreadcrumbList","@id":"https:\/\/contabilidadecaxias.com.br\/index.php\/2022\/08\/26\/dispensa-motivada-por-amizade-com-desafetos-do-empregador-e-discriminatoria\/#breadcrumb","itemListElement":[{"@type":"ListItem","position":1,"name":"In\u00edcio","item":"https:\/\/contabilidadecaxias.com.br\/"},{"@type":"ListItem","position":2,"name":"Dispensa motivada por amizade com desafetos do empregador \u00e9 discriminat\u00f3ria"}]},{"@type":"WebSite","@id":"https:\/\/contabilidadecaxias.com.br\/#website","url":"https:\/\/contabilidadecaxias.com.br\/","name":"Contabilidade Caxias","description":"Site especializado em Contabilidade para Caxias.","potentialAction":[{"@type":"SearchAction","target":{"@type":"EntryPoint","urlTemplate":"https:\/\/contabilidadecaxias.com.br\/?s={search_term_string}"},"query-input":{"@type":"PropertyValueSpecification","valueRequired":true,"valueName":"search_term_string"}}],"inLanguage":"pt-BR"}]}},"_links":{"self":[{"href":"https:\/\/contabilidadecaxias.com.br\/index.php\/wp-json\/wp\/v2\/posts\/13822","targetHints":{"allow":["GET"]}}],"collection":[{"href":"https:\/\/contabilidadecaxias.com.br\/index.php\/wp-json\/wp\/v2\/posts"}],"about":[{"href":"https:\/\/contabilidadecaxias.com.br\/index.php\/wp-json\/wp\/v2\/types\/post"}],"replies":[{"embeddable":true,"href":"https:\/\/contabilidadecaxias.com.br\/index.php\/wp-json\/wp\/v2\/comments?post=13822"}],"version-history":[{"count":0,"href":"https:\/\/contabilidadecaxias.com.br\/index.php\/wp-json\/wp\/v2\/posts\/13822\/revisions"}],"wp:featuredmedia":[{"embeddable":true,"href":"https:\/\/contabilidadecaxias.com.br\/index.php\/wp-json\/wp\/v2\/media\/13823"}],"wp:attachment":[{"href":"https:\/\/contabilidadecaxias.com.br\/index.php\/wp-json\/wp\/v2\/media?parent=13822"}],"wp:term":[{"taxonomy":"category","embeddable":true,"href":"https:\/\/contabilidadecaxias.com.br\/index.php\/wp-json\/wp\/v2\/categories?post=13822"},{"taxonomy":"post_tag","embeddable":true,"href":"https:\/\/contabilidadecaxias.com.br\/index.php\/wp-json\/wp\/v2\/tags?post=13822"}],"curies":[{"name":"wp","href":"https:\/\/api.w.org\/{rel}","templated":true}]}}