{"id":13820,"date":"2022-08-26T13:06:30","date_gmt":"2022-08-26T16:06:30","guid":{"rendered":"https:\/\/contabilidadecaxias.com.br\/index.php\/2022\/08\/26\/frigorifico-e-condenado-por-trancar-trabalhadores-em-camara-fria\/"},"modified":"2022-08-26T13:06:30","modified_gmt":"2022-08-26T16:06:30","slug":"frigorifico-e-condenado-por-trancar-trabalhadores-em-camara-fria","status":"publish","type":"post","link":"https:\/\/contabilidadecaxias.com.br\/index.php\/2022\/08\/26\/frigorifico-e-condenado-por-trancar-trabalhadores-em-camara-fria\/","title":{"rendered":"Frigor\u00edfico \u00e9 condenado por trancar trabalhadores em c\u00e2mara fria"},"content":{"rendered":"<div class=\"noticia-wrapper\">\n<p><em><\/p>\n<p>N\u00e3o havia alarme ou dispositivo com o interior da c\u00e2mara<\/p>\n<p><\/em><\/p>\n<div class=\"social-media-share mobile\">\n        <a class=\"share-facebook\" href=\"https:\/\/www.facebook.com\/sharer.php?u=https:\/\/www.tst.jus.br\/-\/frigor%C3%ADfico-%C3%A9-condenado-por-trancar-trabalhadores-em-c%C3%A2mara-fria\" target=\"_blank\" rel=\"noopener\"><\/a><br \/>\n        <a class=\"share-twitter\" href=\"https:\/\/twitter.com\/intent\/tweet?text=Frigor%C3%ADfico%20%C3%A9%20condenado%20por%20trancar%20trabalhadores%20em%20c%C3%A2mara%20fria%0AVeja%20mais%20em:&amp;url=https:\/\/www.tst.jus.br\/-\/frigor%C3%ADfico-%C3%A9-condenado-por-trancar-trabalhadores-em-c%C3%A2mara-fria\" target=\"_blank\" rel=\"noopener\"><\/a><br \/>\n        <a class=\"share-linkedin\" href=\"https:\/\/www.linkedin.com\/shareArticle?mini=true&amp;url=https:\/\/www.tst.jus.br\/-\/frigor%C3%ADfico-%C3%A9-condenado-por-trancar-trabalhadores-em-c%C3%A2mara-fria&amp;title=Frigor%C3%ADfico%20%C3%A9%20condenado%20por%20trancar%20trabalhadores%20em%20c%C3%A2mara%20fria\" target=\"_blank\" rel=\"noopener\"><\/a><br \/>\n        <a class=\"share-whatsapp\" href=\"https:\/\/web.whatsapp.com\/send?text=https:\/\/www.tst.jus.br\/-\/frigor%C3%ADfico-%C3%A9-condenado-por-trancar-trabalhadores-em-c%C3%A2mara-fria\" target=\"_blank\" rel=\"noopener\"><\/a><br \/>\n        <a class=\"share-googleplus\" href=\"https:\/\/plus.google.com\/share?url=https:\/\/www.tst.jus.br\/-\/frigor%C3%ADfico-%C3%A9-condenado-por-trancar-trabalhadores-em-c%C3%A2mara-fria\" target=\"_blank\" rel=\"noopener\"><\/a>\n    <\/div>\n<div class=\"news-body\">\n<div class=\"imagem-da-noticia\">\n<p>Ministro Mauricio Godinho Delgado<\/p>\n<div class=\"social-media-share\">\n                    <a class=\"share-facebook\" href=\"https:\/\/www.facebook.com\/sharer.php?u=https:\/\/www.tst.jus.br\/-\/frigor%C3%ADfico-%C3%A9-condenado-por-trancar-trabalhadores-em-c%C3%A2mara-fria\" target=\"_blank\" rel=\"noopener\"><\/a><br \/>\n                    <a class=\"share-twitter\" href=\"https:\/\/twitter.com\/intent\/tweet?text=Frigor%C3%ADfico%20%C3%A9%20condenado%20por%20trancar%20trabalhadores%20em%20c%C3%A2mara%20fria%0AVeja%20mais%20em:&amp;url=https:\/\/www.tst.jus.br\/-\/frigor%C3%ADfico-%C3%A9-condenado-por-trancar-trabalhadores-em-c%C3%A2mara-fria\" target=\"_blank\" rel=\"noopener\"><\/a><br \/>\n                    <a class=\"share-linkedin\" href=\"https:\/\/www.linkedin.com\/shareArticle?mini=true&amp;url=https:\/\/www.tst.jus.br\/-\/frigor%C3%ADfico-%C3%A9-condenado-por-trancar-trabalhadores-em-c%C3%A2mara-fria&amp;title=Frigor%C3%ADfico%20%C3%A9%20condenado%20por%20trancar%20trabalhadores%20em%20c%C3%A2mara%20fria\" target=\"_blank\" rel=\"noopener\"><\/a><br \/>\n                    <a class=\"share-whatsapp\" href=\"https:\/\/web.whatsapp.com\/send?text=https:\/\/www.tst.jus.br\/-\/frigor%C3%ADfico-%C3%A9-condenado-por-trancar-trabalhadores-em-c%C3%A2mara-fria\" target=\"_blank\" rel=\"noopener\"><\/a><br \/>\n                    <a class=\"share-googleplus\" href=\"https:\/\/plus.google.com\/share?url=https:\/\/www.tst.jus.br\/-\/frigor%C3%ADfico-%C3%A9-condenado-por-trancar-trabalhadores-em-c%C3%A2mara-fria\" target=\"_blank\" rel=\"noopener\"><\/a>\n                <\/div>\n<\/p><\/div>\n<div class=\"materia\">\n<p>26\/08\/22 &#8211;\u00a0A Terceira Turma do Tribunal Superior do Trabalho condenou o Frigor\u00edfico Aran\u00e3, empresa de pequeno porte de Te\u00f3filo Otoni (MG), ao pagamento de R$ 50 mil de indeniza\u00e7\u00e3o por danos morais coletivos pelo descumprimento reiterado de normas de sa\u00fade e de seguran\u00e7a. Ficou constatado, em duas fiscaliza\u00e7\u00f5es, que a c\u00e2mara fria era trancada com cadeado, sem nenhum dispositivo que possibilitasse a abertura da porta pelo interior e sem alarme ou outro recurso que permitisse a comunica\u00e7\u00e3o dos empregados que trabalhavam no local. Para o colegiado, houve ofensa \u00e0 coletividade.<\/p>\n<h4>Fiscaliza\u00e7\u00e3o<\/h4>\n<p>Na a\u00e7\u00e3o civil p\u00fablica, o Minist\u00e9rio P\u00fablico do Trabalho (MPT) relatou que o problema fora verificado em fiscaliza\u00e7\u00e3o realizada em 2014 e, novamente, em 2016, assim como outras irregularidades relativas \u00e0 Comiss\u00e3o Interna de Preven\u00e7\u00e3o de Acidentes (Cipa) e \u00e0 \u00e1rea de abate de animais. Segundo o MPT, a Norma Regulamentadora (NR) 36 do Minist\u00e9rio do Trabalho e Emprego, que estabelece medidas de seguran\u00e7a e sa\u00fade no trabalho em empresas de abate e processamento de carnes e derivados, exige que as c\u00e2maras frias tenham dispositivo que permita a abertura das portas pelo interior sem muito esfor\u00e7o e alarme ou outro sistema de comunica\u00e7\u00e3o que possa ser acionado de dentro, em caso de emerg\u00eancia.<\/p>\n<h4>Lapso<\/h4>\n<p>O ju\u00edzo de primeiro grau determinou ao frigor\u00edfico a corre\u00e7\u00e3o de suas instala\u00e7\u00f5es, especialmente a retirada de cadeados das portas durante o hor\u00e1rio de expediente, no prazo de 10 dias, sob pena de multa no valor de R$ 5 mil para cada descumprimento. Rejeitou, por\u00e9m, o pedido do MPT de pagamento de indeniza\u00e7\u00e3o por dano moral coletivo, por entender que a \u00fanica infra\u00e7\u00e3o reiterada decorrera de um lapso do respons\u00e1vel pela retirada dos cadeados no in\u00edcio da jornada, e n\u00e3o pela inten\u00e7\u00e3o deliberada de descumprir normas de seguran\u00e7a do trabalho.<\/p>\n<h4>Corre\u00e7\u00e3o<\/h4>\n<p>Ao julgar recurso do frigor\u00edfico, contudo, o Tribunal Regional do Trabalho da 3\u00aa Regi\u00e3o (MG) julgou improcedente a a\u00e7\u00e3o civil p\u00fablica. Segundo o TRT, ficou comprovado que as circunst\u00e2ncias que levaram \u00e0 atua\u00e7\u00e3o da empresa pela auditoria fiscal do trabalho, em 2014 e em janeiro de 2016, \u00a0foram apontadas como corrigidas em mar\u00e7o de 2016.<\/p>\n<h4>Conduta lesiva<\/h4>\n<p>Para o relator do recurso de revista do MPT, ministro Mauricio Godinho Delgado, o fato de as irregularidades terem sido identificadas em 2014 e, novamente, em 2016 demonstra o descumprimento reiterado das normas de sa\u00fade, seguran\u00e7a e higiene do trabalho, o que evidencia a conduta lesiva da empresa em rela\u00e7\u00e3o aos seus empregados e a exist\u00eancia de dano moral coletivo. Na sua avalia\u00e7\u00e3o, as pr\u00e1ticas constatadas contrariaram princ\u00edpios basilares da Constitui\u00e7\u00e3o Federal, especialmente os que dizem respeito \u00e0 higidez f\u00edsica, mental e emocional do ser humano e \u00e0 redu\u00e7\u00e3o dos riscos inerentes ao meio ambiente do trabalho.<\/p>\n<h4>Obriga\u00e7\u00f5es<\/h4>\n<p>Al\u00e9m de estabelecer a indeniza\u00e7\u00e3o, cujo valor ser\u00e1 revertido ao Fundo de Amparo ao Trabalhador (FAT), a Terceira Turma restabeleceu a condena\u00e7\u00e3o \u00e0s obriga\u00e7\u00f5es \u00a0espec\u00edficas fixadas na senten\u00e7a. Segundo o relator, a chamada tutela inibit\u00f3ria \u00e9 um instrumento importante de preven\u00e7\u00e3o de viola\u00e7\u00e3o de direitos individuais e coletivos ou de reitera\u00e7\u00e3o dessa viola\u00e7\u00e3o, a fim de evitar a pr\u00e1tica do ato il\u00edcito.<\/p>\n<p>A decis\u00e3o foi un\u00e2nime.<\/p>\n<p>(NV\/CF)<\/p>\n<p>Processo: <a href=\"https:\/\/aplicacao4.tst.jus.br\/consultaProcessual\/resumoForm.do?consulta=1&amp;numeroInt=124508&amp;anoInt=2018\" target=\"_blank\" rel=\"noopener\">RRAg-10162-52.2016.5.03.0077<\/a><\/p>\n<p><em>Esta mat\u00e9ria tem cunho meramente informativo.<br \/>\nPermitida a reprodu\u00e7\u00e3o mediante cita\u00e7\u00e3o da fonte.<br \/>\nSecretaria de Comunica\u00e7\u00e3o Social<br \/>\n<a href=\"https:\/\/www.tst.jus.br\/\" target=\"_blank\" rel=\"noopener\">Tribunal Superior do Trabalho<\/a><br \/>\nTel. (61) 3043-4907\u00a0<br \/>\n<a href=\"mailto:secom@tst.jus.br\" target=\"\" rel=\"noopener\">secom@tst.jus.br<\/a><\/em><\/p>\n<\/div><\/div>\n<\/div>\n","protected":false},"excerpt":{"rendered":"<p>N\u00e3o havia alarme ou dispositivo com o interior da c\u00e2mara Ministro Mauricio Godinho Delgado 26\/08\/22 &#8211;\u00a0A Terceira Turma do Tribunal Superior do Trabalho condenou o Frigor\u00edfico Aran\u00e3, empresa de pequeno porte de Te\u00f3filo Otoni (MG), ao pagamento de R$ 50 mil de indeniza\u00e7\u00e3o por danos morais coletivos pelo descumprimento reiterado de normas de sa\u00fade e [&hellip;]<\/p>\n","protected":false},"author":0,"featured_media":13821,"comment_status":"open","ping_status":"","sticky":false,"template":"","format":"standard","meta":{"footnotes":""},"categories":[5],"tags":[],"class_list":["post-13820","post","type-post","status-publish","format-standard","has-post-thumbnail","hentry","category-noticias-educacao-financeira"],"blocksy_meta":{"styles_descriptor":{"styles":{"desktop":"","tablet":"","mobile":""},"google_fonts":[],"version":6}},"yoast_head":"<!-- This site is optimized with the Yoast SEO plugin v27.4 - https:\/\/yoast.com\/product\/yoast-seo-wordpress\/ -->\n<title>Frigor\u00edfico \u00e9 condenado por trancar trabalhadores em c\u00e2mara fria - Contabilidade Caxias<\/title>\n<meta name=\"robots\" content=\"index, follow, max-snippet:-1, max-image-preview:large, max-video-preview:-1\" \/>\n<link rel=\"canonical\" href=\"https:\/\/contabilidadecaxias.com.br\/index.php\/2022\/08\/26\/frigorifico-e-condenado-por-trancar-trabalhadores-em-camara-fria\/\" \/>\n<meta property=\"og:locale\" content=\"pt_BR\" \/>\n<meta property=\"og:type\" content=\"article\" \/>\n<meta property=\"og:title\" content=\"Frigor\u00edfico \u00e9 condenado por trancar trabalhadores em c\u00e2mara fria - Contabilidade Caxias\" \/>\n<meta property=\"og:description\" content=\"N\u00e3o havia alarme ou dispositivo com o interior da c\u00e2mara Ministro Mauricio Godinho Delgado 26\/08\/22 &#8211;\u00a0A Terceira Turma do Tribunal Superior do Trabalho condenou o Frigor\u00edfico Aran\u00e3, empresa de pequeno porte de Te\u00f3filo Otoni (MG), ao pagamento de R$ 50 mil de indeniza\u00e7\u00e3o por danos morais coletivos pelo descumprimento reiterado de normas de sa\u00fade e [&hellip;]\" \/>\n<meta property=\"og:url\" content=\"https:\/\/contabilidadecaxias.com.br\/index.php\/2022\/08\/26\/frigorifico-e-condenado-por-trancar-trabalhadores-em-camara-fria\/\" \/>\n<meta property=\"og:site_name\" content=\"Contabilidade Caxias\" \/>\n<meta property=\"article:published_time\" content=\"2022-08-26T16:06:30+00:00\" \/>\n<meta name=\"twitter:card\" content=\"summary_large_image\" \/>\n<meta name=\"twitter:label1\" content=\"Est. tempo de leitura\" \/>\n\t<meta name=\"twitter:data1\" content=\"3 minutos\" \/>\n<script type=\"application\/ld+json\" class=\"yoast-schema-graph\">{\"@context\":\"https:\\\/\\\/schema.org\",\"@graph\":[{\"@type\":\"Article\",\"@id\":\"https:\\\/\\\/contabilidadecaxias.com.br\\\/index.php\\\/2022\\\/08\\\/26\\\/frigorifico-e-condenado-por-trancar-trabalhadores-em-camara-fria\\\/#article\",\"isPartOf\":{\"@id\":\"https:\\\/\\\/contabilidadecaxias.com.br\\\/index.php\\\/2022\\\/08\\\/26\\\/frigorifico-e-condenado-por-trancar-trabalhadores-em-camara-fria\\\/\"},\"author\":{\"name\":\"\",\"@id\":\"\"},\"headline\":\"Frigor\u00edfico \u00e9 condenado por trancar trabalhadores em c\u00e2mara fria\",\"datePublished\":\"2022-08-26T16:06:30+00:00\",\"mainEntityOfPage\":{\"@id\":\"https:\\\/\\\/contabilidadecaxias.com.br\\\/index.php\\\/2022\\\/08\\\/26\\\/frigorifico-e-condenado-por-trancar-trabalhadores-em-camara-fria\\\/\"},\"wordCount\":630,\"commentCount\":0,\"image\":{\"@id\":\"https:\\\/\\\/contabilidadecaxias.com.br\\\/index.php\\\/2022\\\/08\\\/26\\\/frigorifico-e-condenado-por-trancar-trabalhadores-em-camara-fria\\\/#primaryimage\"},\"thumbnailUrl\":\"https:\\\/\\\/contabilidadecaxias.com.br\\\/wp-content\\\/uploads\\\/2022\\\/08\\\/5c41ffd4-e8a6-c7d0-e0ac-fcf40a5c58ee-a1P4Sj.jpeg\",\"articleSection\":[\"Educa\u00e7\u00e3o Financeira\"],\"inLanguage\":\"pt-BR\",\"potentialAction\":[{\"@type\":\"CommentAction\",\"name\":\"Comment\",\"target\":[\"https:\\\/\\\/contabilidadecaxias.com.br\\\/index.php\\\/2022\\\/08\\\/26\\\/frigorifico-e-condenado-por-trancar-trabalhadores-em-camara-fria\\\/#respond\"]}]},{\"@type\":\"WebPage\",\"@id\":\"https:\\\/\\\/contabilidadecaxias.com.br\\\/index.php\\\/2022\\\/08\\\/26\\\/frigorifico-e-condenado-por-trancar-trabalhadores-em-camara-fria\\\/\",\"url\":\"https:\\\/\\\/contabilidadecaxias.com.br\\\/index.php\\\/2022\\\/08\\\/26\\\/frigorifico-e-condenado-por-trancar-trabalhadores-em-camara-fria\\\/\",\"name\":\"Frigor\u00edfico \u00e9 condenado por trancar trabalhadores em c\u00e2mara fria - Contabilidade Caxias\",\"isPartOf\":{\"@id\":\"https:\\\/\\\/contabilidadecaxias.com.br\\\/#website\"},\"primaryImageOfPage\":{\"@id\":\"https:\\\/\\\/contabilidadecaxias.com.br\\\/index.php\\\/2022\\\/08\\\/26\\\/frigorifico-e-condenado-por-trancar-trabalhadores-em-camara-fria\\\/#primaryimage\"},\"image\":{\"@id\":\"https:\\\/\\\/contabilidadecaxias.com.br\\\/index.php\\\/2022\\\/08\\\/26\\\/frigorifico-e-condenado-por-trancar-trabalhadores-em-camara-fria\\\/#primaryimage\"},\"thumbnailUrl\":\"https:\\\/\\\/contabilidadecaxias.com.br\\\/wp-content\\\/uploads\\\/2022\\\/08\\\/5c41ffd4-e8a6-c7d0-e0ac-fcf40a5c58ee-a1P4Sj.jpeg\",\"datePublished\":\"2022-08-26T16:06:30+00:00\",\"author\":{\"@id\":\"\"},\"breadcrumb\":{\"@id\":\"https:\\\/\\\/contabilidadecaxias.com.br\\\/index.php\\\/2022\\\/08\\\/26\\\/frigorifico-e-condenado-por-trancar-trabalhadores-em-camara-fria\\\/#breadcrumb\"},\"inLanguage\":\"pt-BR\",\"potentialAction\":[{\"@type\":\"ReadAction\",\"target\":[\"https:\\\/\\\/contabilidadecaxias.com.br\\\/index.php\\\/2022\\\/08\\\/26\\\/frigorifico-e-condenado-por-trancar-trabalhadores-em-camara-fria\\\/\"]}]},{\"@type\":\"ImageObject\",\"inLanguage\":\"pt-BR\",\"@id\":\"https:\\\/\\\/contabilidadecaxias.com.br\\\/index.php\\\/2022\\\/08\\\/26\\\/frigorifico-e-condenado-por-trancar-trabalhadores-em-camara-fria\\\/#primaryimage\",\"url\":\"https:\\\/\\\/contabilidadecaxias.com.br\\\/wp-content\\\/uploads\\\/2022\\\/08\\\/5c41ffd4-e8a6-c7d0-e0ac-fcf40a5c58ee-a1P4Sj.jpeg\",\"contentUrl\":\"https:\\\/\\\/contabilidadecaxias.com.br\\\/wp-content\\\/uploads\\\/2022\\\/08\\\/5c41ffd4-e8a6-c7d0-e0ac-fcf40a5c58ee-a1P4Sj.jpeg\",\"width\":1200,\"height\":789},{\"@type\":\"BreadcrumbList\",\"@id\":\"https:\\\/\\\/contabilidadecaxias.com.br\\\/index.php\\\/2022\\\/08\\\/26\\\/frigorifico-e-condenado-por-trancar-trabalhadores-em-camara-fria\\\/#breadcrumb\",\"itemListElement\":[{\"@type\":\"ListItem\",\"position\":1,\"name\":\"In\u00edcio\",\"item\":\"https:\\\/\\\/contabilidadecaxias.com.br\\\/\"},{\"@type\":\"ListItem\",\"position\":2,\"name\":\"Frigor\u00edfico \u00e9 condenado por trancar trabalhadores em c\u00e2mara fria\"}]},{\"@type\":\"WebSite\",\"@id\":\"https:\\\/\\\/contabilidadecaxias.com.br\\\/#website\",\"url\":\"https:\\\/\\\/contabilidadecaxias.com.br\\\/\",\"name\":\"Contabilidade Caxias\",\"description\":\"Site especializado em Contabilidade para Caxias.\",\"potentialAction\":[{\"@type\":\"SearchAction\",\"target\":{\"@type\":\"EntryPoint\",\"urlTemplate\":\"https:\\\/\\\/contabilidadecaxias.com.br\\\/?s={search_term_string}\"},\"query-input\":{\"@type\":\"PropertyValueSpecification\",\"valueRequired\":true,\"valueName\":\"search_term_string\"}}],\"inLanguage\":\"pt-BR\"}]}<\/script>\n<!-- \/ Yoast SEO plugin. -->","yoast_head_json":{"title":"Frigor\u00edfico \u00e9 condenado por trancar trabalhadores em c\u00e2mara fria - Contabilidade Caxias","robots":{"index":"index","follow":"follow","max-snippet":"max-snippet:-1","max-image-preview":"max-image-preview:large","max-video-preview":"max-video-preview:-1"},"canonical":"https:\/\/contabilidadecaxias.com.br\/index.php\/2022\/08\/26\/frigorifico-e-condenado-por-trancar-trabalhadores-em-camara-fria\/","og_locale":"pt_BR","og_type":"article","og_title":"Frigor\u00edfico \u00e9 condenado por trancar trabalhadores em c\u00e2mara fria - Contabilidade Caxias","og_description":"N\u00e3o havia alarme ou dispositivo com o interior da c\u00e2mara Ministro Mauricio Godinho Delgado 26\/08\/22 &#8211;\u00a0A Terceira Turma do Tribunal Superior do Trabalho condenou o Frigor\u00edfico Aran\u00e3, empresa de pequeno porte de Te\u00f3filo Otoni (MG), ao pagamento de R$ 50 mil de indeniza\u00e7\u00e3o por danos morais coletivos pelo descumprimento reiterado de normas de sa\u00fade e [&hellip;]","og_url":"https:\/\/contabilidadecaxias.com.br\/index.php\/2022\/08\/26\/frigorifico-e-condenado-por-trancar-trabalhadores-em-camara-fria\/","og_site_name":"Contabilidade Caxias","article_published_time":"2022-08-26T16:06:30+00:00","twitter_card":"summary_large_image","twitter_misc":{"Est. tempo de leitura":"3 minutos"},"schema":{"@context":"https:\/\/schema.org","@graph":[{"@type":"Article","@id":"https:\/\/contabilidadecaxias.com.br\/index.php\/2022\/08\/26\/frigorifico-e-condenado-por-trancar-trabalhadores-em-camara-fria\/#article","isPartOf":{"@id":"https:\/\/contabilidadecaxias.com.br\/index.php\/2022\/08\/26\/frigorifico-e-condenado-por-trancar-trabalhadores-em-camara-fria\/"},"author":{"name":"","@id":""},"headline":"Frigor\u00edfico \u00e9 condenado por trancar trabalhadores em c\u00e2mara fria","datePublished":"2022-08-26T16:06:30+00:00","mainEntityOfPage":{"@id":"https:\/\/contabilidadecaxias.com.br\/index.php\/2022\/08\/26\/frigorifico-e-condenado-por-trancar-trabalhadores-em-camara-fria\/"},"wordCount":630,"commentCount":0,"image":{"@id":"https:\/\/contabilidadecaxias.com.br\/index.php\/2022\/08\/26\/frigorifico-e-condenado-por-trancar-trabalhadores-em-camara-fria\/#primaryimage"},"thumbnailUrl":"https:\/\/contabilidadecaxias.com.br\/wp-content\/uploads\/2022\/08\/5c41ffd4-e8a6-c7d0-e0ac-fcf40a5c58ee-a1P4Sj.jpeg","articleSection":["Educa\u00e7\u00e3o Financeira"],"inLanguage":"pt-BR","potentialAction":[{"@type":"CommentAction","name":"Comment","target":["https:\/\/contabilidadecaxias.com.br\/index.php\/2022\/08\/26\/frigorifico-e-condenado-por-trancar-trabalhadores-em-camara-fria\/#respond"]}]},{"@type":"WebPage","@id":"https:\/\/contabilidadecaxias.com.br\/index.php\/2022\/08\/26\/frigorifico-e-condenado-por-trancar-trabalhadores-em-camara-fria\/","url":"https:\/\/contabilidadecaxias.com.br\/index.php\/2022\/08\/26\/frigorifico-e-condenado-por-trancar-trabalhadores-em-camara-fria\/","name":"Frigor\u00edfico \u00e9 condenado por trancar trabalhadores em c\u00e2mara fria - Contabilidade Caxias","isPartOf":{"@id":"https:\/\/contabilidadecaxias.com.br\/#website"},"primaryImageOfPage":{"@id":"https:\/\/contabilidadecaxias.com.br\/index.php\/2022\/08\/26\/frigorifico-e-condenado-por-trancar-trabalhadores-em-camara-fria\/#primaryimage"},"image":{"@id":"https:\/\/contabilidadecaxias.com.br\/index.php\/2022\/08\/26\/frigorifico-e-condenado-por-trancar-trabalhadores-em-camara-fria\/#primaryimage"},"thumbnailUrl":"https:\/\/contabilidadecaxias.com.br\/wp-content\/uploads\/2022\/08\/5c41ffd4-e8a6-c7d0-e0ac-fcf40a5c58ee-a1P4Sj.jpeg","datePublished":"2022-08-26T16:06:30+00:00","author":{"@id":""},"breadcrumb":{"@id":"https:\/\/contabilidadecaxias.com.br\/index.php\/2022\/08\/26\/frigorifico-e-condenado-por-trancar-trabalhadores-em-camara-fria\/#breadcrumb"},"inLanguage":"pt-BR","potentialAction":[{"@type":"ReadAction","target":["https:\/\/contabilidadecaxias.com.br\/index.php\/2022\/08\/26\/frigorifico-e-condenado-por-trancar-trabalhadores-em-camara-fria\/"]}]},{"@type":"ImageObject","inLanguage":"pt-BR","@id":"https:\/\/contabilidadecaxias.com.br\/index.php\/2022\/08\/26\/frigorifico-e-condenado-por-trancar-trabalhadores-em-camara-fria\/#primaryimage","url":"https:\/\/contabilidadecaxias.com.br\/wp-content\/uploads\/2022\/08\/5c41ffd4-e8a6-c7d0-e0ac-fcf40a5c58ee-a1P4Sj.jpeg","contentUrl":"https:\/\/contabilidadecaxias.com.br\/wp-content\/uploads\/2022\/08\/5c41ffd4-e8a6-c7d0-e0ac-fcf40a5c58ee-a1P4Sj.jpeg","width":1200,"height":789},{"@type":"BreadcrumbList","@id":"https:\/\/contabilidadecaxias.com.br\/index.php\/2022\/08\/26\/frigorifico-e-condenado-por-trancar-trabalhadores-em-camara-fria\/#breadcrumb","itemListElement":[{"@type":"ListItem","position":1,"name":"In\u00edcio","item":"https:\/\/contabilidadecaxias.com.br\/"},{"@type":"ListItem","position":2,"name":"Frigor\u00edfico \u00e9 condenado por trancar trabalhadores em c\u00e2mara fria"}]},{"@type":"WebSite","@id":"https:\/\/contabilidadecaxias.com.br\/#website","url":"https:\/\/contabilidadecaxias.com.br\/","name":"Contabilidade Caxias","description":"Site especializado em Contabilidade para Caxias.","potentialAction":[{"@type":"SearchAction","target":{"@type":"EntryPoint","urlTemplate":"https:\/\/contabilidadecaxias.com.br\/?s={search_term_string}"},"query-input":{"@type":"PropertyValueSpecification","valueRequired":true,"valueName":"search_term_string"}}],"inLanguage":"pt-BR"}]}},"_links":{"self":[{"href":"https:\/\/contabilidadecaxias.com.br\/index.php\/wp-json\/wp\/v2\/posts\/13820","targetHints":{"allow":["GET"]}}],"collection":[{"href":"https:\/\/contabilidadecaxias.com.br\/index.php\/wp-json\/wp\/v2\/posts"}],"about":[{"href":"https:\/\/contabilidadecaxias.com.br\/index.php\/wp-json\/wp\/v2\/types\/post"}],"replies":[{"embeddable":true,"href":"https:\/\/contabilidadecaxias.com.br\/index.php\/wp-json\/wp\/v2\/comments?post=13820"}],"version-history":[{"count":0,"href":"https:\/\/contabilidadecaxias.com.br\/index.php\/wp-json\/wp\/v2\/posts\/13820\/revisions"}],"wp:featuredmedia":[{"embeddable":true,"href":"https:\/\/contabilidadecaxias.com.br\/index.php\/wp-json\/wp\/v2\/media\/13821"}],"wp:attachment":[{"href":"https:\/\/contabilidadecaxias.com.br\/index.php\/wp-json\/wp\/v2\/media?parent=13820"}],"wp:term":[{"taxonomy":"category","embeddable":true,"href":"https:\/\/contabilidadecaxias.com.br\/index.php\/wp-json\/wp\/v2\/categories?post=13820"},{"taxonomy":"post_tag","embeddable":true,"href":"https:\/\/contabilidadecaxias.com.br\/index.php\/wp-json\/wp\/v2\/tags?post=13820"}],"curies":[{"name":"wp","href":"https:\/\/api.w.org\/{rel}","templated":true}]}}