{"id":13802,"date":"2022-08-25T20:02:34","date_gmt":"2022-08-25T23:02:34","guid":{"rendered":"https:\/\/contabilidadecaxias.com.br\/index.php\/2022\/08\/25\/presidente-do-tst-prestigia-posse-da-nova-direcao-do-stj\/"},"modified":"2022-08-25T20:02:34","modified_gmt":"2022-08-25T23:02:34","slug":"presidente-do-tst-prestigia-posse-da-nova-direcao-do-stj","status":"publish","type":"post","link":"https:\/\/contabilidadecaxias.com.br\/index.php\/2022\/08\/25\/presidente-do-tst-prestigia-posse-da-nova-direcao-do-stj\/","title":{"rendered":"Presidente do TST prestigia posse da nova dire\u00e7\u00e3o do STJ"},"content":{"rendered":"<div class=\"noticia-wrapper\">\n<p><em><\/p>\n<p>Ministra Maria Thereza de Assis Moura e ministro Og Fernandes foram empossados como presidente e vice-presidente, respectivamente\u00a0<\/p>\n<p><\/em><\/p>\n<div class=\"social-media-share mobile\">\n        <a class=\"share-facebook\" href=\"https:\/\/www.facebook.com\/sharer.php?u=https:\/\/www.tst.jus.br\/-\/presidente-do-tst-prestigia-posse-da-nova-dire%C3%A7%C3%A3o-do-stj\" target=\"_blank\" rel=\"noopener\"><\/a><br \/>\n        <a class=\"share-twitter\" href=\"https:\/\/twitter.com\/intent\/tweet?text=Presidente%20do%20TST%20prestigia%20posse%20da%20nova%20dire%C3%A7%C3%A3o%20do%20STJ%0AVeja%20mais%20em:&amp;url=https:\/\/www.tst.jus.br\/-\/presidente-do-tst-prestigia-posse-da-nova-dire%C3%A7%C3%A3o-do-stj\" target=\"_blank\" rel=\"noopener\"><\/a><br \/>\n        <a class=\"share-linkedin\" href=\"https:\/\/www.linkedin.com\/shareArticle?mini=true&amp;url=https:\/\/www.tst.jus.br\/-\/presidente-do-tst-prestigia-posse-da-nova-dire%C3%A7%C3%A3o-do-stj&amp;title=Presidente%20do%20TST%20prestigia%20posse%20da%20nova%20dire%C3%A7%C3%A3o%20do%20STJ\" target=\"_blank\" rel=\"noopener\"><\/a><br \/>\n        <a class=\"share-whatsapp\" href=\"https:\/\/web.whatsapp.com\/send?text=https:\/\/www.tst.jus.br\/-\/presidente-do-tst-prestigia-posse-da-nova-dire%C3%A7%C3%A3o-do-stj\" target=\"_blank\" rel=\"noopener\"><\/a><br \/>\n        <a class=\"share-googleplus\" href=\"https:\/\/plus.google.com\/share?url=https:\/\/www.tst.jus.br\/-\/presidente-do-tst-prestigia-posse-da-nova-dire%C3%A7%C3%A3o-do-stj\" target=\"_blank\" rel=\"noopener\"><\/a>\n    <\/div>\n<div class=\"news-body\">\n<div class=\"imagem-da-noticia\">\n<p>Solenidade de posse da nova dire\u00e7\u00e3o do STJ<\/p>\n<div class=\"social-media-share\">\n                    <a class=\"share-facebook\" href=\"https:\/\/www.facebook.com\/sharer.php?u=https:\/\/www.tst.jus.br\/-\/presidente-do-tst-prestigia-posse-da-nova-dire%C3%A7%C3%A3o-do-stj\" target=\"_blank\" rel=\"noopener\"><\/a><br \/>\n                    <a class=\"share-twitter\" href=\"https:\/\/twitter.com\/intent\/tweet?text=Presidente%20do%20TST%20prestigia%20posse%20da%20nova%20dire%C3%A7%C3%A3o%20do%20STJ%0AVeja%20mais%20em:&amp;url=https:\/\/www.tst.jus.br\/-\/presidente-do-tst-prestigia-posse-da-nova-dire%C3%A7%C3%A3o-do-stj\" target=\"_blank\" rel=\"noopener\"><\/a><br \/>\n                    <a class=\"share-linkedin\" href=\"https:\/\/www.linkedin.com\/shareArticle?mini=true&amp;url=https:\/\/www.tst.jus.br\/-\/presidente-do-tst-prestigia-posse-da-nova-dire%C3%A7%C3%A3o-do-stj&amp;title=Presidente%20do%20TST%20prestigia%20posse%20da%20nova%20dire%C3%A7%C3%A3o%20do%20STJ\" target=\"_blank\" rel=\"noopener\"><\/a><br \/>\n                    <a class=\"share-whatsapp\" href=\"https:\/\/web.whatsapp.com\/send?text=https:\/\/www.tst.jus.br\/-\/presidente-do-tst-prestigia-posse-da-nova-dire%C3%A7%C3%A3o-do-stj\" target=\"_blank\" rel=\"noopener\"><\/a><br \/>\n                    <a class=\"share-googleplus\" href=\"https:\/\/plus.google.com\/share?url=https:\/\/www.tst.jus.br\/-\/presidente-do-tst-prestigia-posse-da-nova-dire%C3%A7%C3%A3o-do-stj\" target=\"_blank\" rel=\"noopener\"><\/a>\n                <\/div>\n<\/p><\/div>\n<div class=\"materia\">\n<p>25\/08\/22 &#8211; O presidente do Tribunal Superior do Trabalho (TST), ministro Emmanoel Pereira, acompanhou, nesta quinta-feira (25), a posse dos novos dirigentes do Superior Tribunal de Justi\u00e7a (STJ). Foram empossados a ministra Maria Thereza de Assis Moura, como presidente, e o ministro Og Fernandes, como vice-presidente. Os magistrados ir\u00e3o comandar o Tribunal no bi\u00eanio 2022-2024.<\/p>\n<p>Segunda mulher a comandar a corte, Maria Thereza de Assis Moura destacou, em seu discurso de posse, que a aprova\u00e7\u00e3o da Emenda Constitucional 39 (conhecida como PEC da Relev\u00e2ncia), pelo Congresso Nacional, em julho deste ano, permitir\u00e1 que o STJ se firme como respons\u00e1vel por uniformizar a jurisprud\u00eancia infraconstitucional do pa\u00eds. \u201cCom a mudan\u00e7a legislativa, as decis\u00f5es judiciais ter\u00e3o maior alcance e chegar\u00e3o a um n\u00famero maior de pessoas. Temos a expectativa de que a justi\u00e7a se torne mais c\u00e9lere e que o Tribunal, nos pr\u00f3ximos dois anos, aumente sua efici\u00eancia administrativa, mantenha o di\u00e1logo com os demais poderes e estreite rela\u00e7\u00f5es com as cortes irm\u00e3s\u201d, enfatizou.<\/p>\n<p>O ministro Emmanoel Pereira felicitou os ministros empossados e disse que a chegada da magistrada \u00e0 Presid\u00eancia do STJ vai estreitar ainda mais os la\u00e7os entre a Justi\u00e7a do Trabalho e a Justi\u00e7a comum. \u201cA ministra Maria Thereza de Assis Moura \u00e9 uma figura da maior compet\u00eancia. Sei da sua capacidade e de seu talento, e o STJ s\u00f3 tem a ganhar com sua chegada \u00e0 Presid\u00eancia\u201d, afirmou durante a cerim\u00f4nia.<\/p>\n<p>Tamb\u00e9m participaram da cerim\u00f4nia o presidente da Rep\u00fablica, Jair Bolsonaro, o presidente do STF, ministro Luiz Fux, o presidente do Senado Federal, Rodrigo Pacheco, e o presidente do Conselho Federal da Ordem dos Advogados do Brasil, Beto Simonetti, entre outros.<\/p>\n<p>(JS\/CF)<br \/>\n\u00a0<\/p>\n<\/div><\/div>\n<\/div>\n","protected":false},"excerpt":{"rendered":"<p>Ministra Maria Thereza de Assis Moura e ministro Og Fernandes foram empossados como presidente e vice-presidente, respectivamente\u00a0 Solenidade de posse da nova dire\u00e7\u00e3o do STJ 25\/08\/22 &#8211; O presidente do Tribunal Superior do Trabalho (TST), ministro Emmanoel Pereira, acompanhou, nesta quinta-feira (25), a posse dos novos dirigentes do Superior Tribunal de Justi\u00e7a (STJ). Foram empossados [&hellip;]<\/p>\n","protected":false},"author":0,"featured_media":13803,"comment_status":"open","ping_status":"","sticky":false,"template":"","format":"standard","meta":{"footnotes":""},"categories":[5],"tags":[],"class_list":["post-13802","post","type-post","status-publish","format-standard","has-post-thumbnail","hentry","category-noticias-educacao-financeira"],"blocksy_meta":{"styles_descriptor":{"styles":{"desktop":"","tablet":"","mobile":""},"google_fonts":[],"version":6}},"yoast_head":"<!-- This site is optimized with the Yoast SEO plugin v27.4 - https:\/\/yoast.com\/product\/yoast-seo-wordpress\/ -->\n<title>Presidente do TST prestigia posse da nova dire\u00e7\u00e3o do STJ - Contabilidade Caxias<\/title>\n<meta name=\"robots\" content=\"index, follow, max-snippet:-1, max-image-preview:large, max-video-preview:-1\" \/>\n<link rel=\"canonical\" href=\"https:\/\/contabilidadecaxias.com.br\/index.php\/2022\/08\/25\/presidente-do-tst-prestigia-posse-da-nova-direcao-do-stj\/\" \/>\n<meta property=\"og:locale\" content=\"pt_BR\" \/>\n<meta property=\"og:type\" content=\"article\" \/>\n<meta property=\"og:title\" content=\"Presidente do TST prestigia posse da nova dire\u00e7\u00e3o do STJ - Contabilidade Caxias\" \/>\n<meta property=\"og:description\" content=\"Ministra Maria Thereza de Assis Moura e ministro Og Fernandes foram empossados como presidente e vice-presidente, respectivamente\u00a0 Solenidade de posse da nova dire\u00e7\u00e3o do STJ 25\/08\/22 &#8211; O presidente do Tribunal Superior do Trabalho (TST), ministro Emmanoel Pereira, acompanhou, nesta quinta-feira (25), a posse dos novos dirigentes do Superior Tribunal de Justi\u00e7a (STJ). Foram empossados [&hellip;]\" \/>\n<meta property=\"og:url\" content=\"https:\/\/contabilidadecaxias.com.br\/index.php\/2022\/08\/25\/presidente-do-tst-prestigia-posse-da-nova-direcao-do-stj\/\" \/>\n<meta property=\"og:site_name\" content=\"Contabilidade Caxias\" \/>\n<meta property=\"article:published_time\" content=\"2022-08-25T23:02:34+00:00\" \/>\n<meta name=\"twitter:card\" content=\"summary_large_image\" \/>\n<meta name=\"twitter:label1\" content=\"Est. tempo de leitura\" \/>\n\t<meta name=\"twitter:data1\" content=\"2 minutos\" \/>\n<script type=\"application\/ld+json\" class=\"yoast-schema-graph\">{\"@context\":\"https:\\\/\\\/schema.org\",\"@graph\":[{\"@type\":\"Article\",\"@id\":\"https:\\\/\\\/contabilidadecaxias.com.br\\\/index.php\\\/2022\\\/08\\\/25\\\/presidente-do-tst-prestigia-posse-da-nova-direcao-do-stj\\\/#article\",\"isPartOf\":{\"@id\":\"https:\\\/\\\/contabilidadecaxias.com.br\\\/index.php\\\/2022\\\/08\\\/25\\\/presidente-do-tst-prestigia-posse-da-nova-direcao-do-stj\\\/\"},\"author\":{\"name\":\"\",\"@id\":\"\"},\"headline\":\"Presidente do TST prestigia posse da nova dire\u00e7\u00e3o do STJ\",\"datePublished\":\"2022-08-25T23:02:34+00:00\",\"mainEntityOfPage\":{\"@id\":\"https:\\\/\\\/contabilidadecaxias.com.br\\\/index.php\\\/2022\\\/08\\\/25\\\/presidente-do-tst-prestigia-posse-da-nova-direcao-do-stj\\\/\"},\"wordCount\":336,\"commentCount\":0,\"image\":{\"@id\":\"https:\\\/\\\/contabilidadecaxias.com.br\\\/index.php\\\/2022\\\/08\\\/25\\\/presidente-do-tst-prestigia-posse-da-nova-direcao-do-stj\\\/#primaryimage\"},\"thumbnailUrl\":\"https:\\\/\\\/contabilidadecaxias.com.br\\\/wp-content\\\/uploads\\\/2022\\\/08\\\/0a21e07e-c163-6885-c817-edee258ea703-8z7691.jpeg\",\"articleSection\":[\"Educa\u00e7\u00e3o Financeira\"],\"inLanguage\":\"pt-BR\",\"potentialAction\":[{\"@type\":\"CommentAction\",\"name\":\"Comment\",\"target\":[\"https:\\\/\\\/contabilidadecaxias.com.br\\\/index.php\\\/2022\\\/08\\\/25\\\/presidente-do-tst-prestigia-posse-da-nova-direcao-do-stj\\\/#respond\"]}]},{\"@type\":\"WebPage\",\"@id\":\"https:\\\/\\\/contabilidadecaxias.com.br\\\/index.php\\\/2022\\\/08\\\/25\\\/presidente-do-tst-prestigia-posse-da-nova-direcao-do-stj\\\/\",\"url\":\"https:\\\/\\\/contabilidadecaxias.com.br\\\/index.php\\\/2022\\\/08\\\/25\\\/presidente-do-tst-prestigia-posse-da-nova-direcao-do-stj\\\/\",\"name\":\"Presidente do TST prestigia posse da nova dire\u00e7\u00e3o do STJ - Contabilidade Caxias\",\"isPartOf\":{\"@id\":\"https:\\\/\\\/contabilidadecaxias.com.br\\\/#website\"},\"primaryImageOfPage\":{\"@id\":\"https:\\\/\\\/contabilidadecaxias.com.br\\\/index.php\\\/2022\\\/08\\\/25\\\/presidente-do-tst-prestigia-posse-da-nova-direcao-do-stj\\\/#primaryimage\"},\"image\":{\"@id\":\"https:\\\/\\\/contabilidadecaxias.com.br\\\/index.php\\\/2022\\\/08\\\/25\\\/presidente-do-tst-prestigia-posse-da-nova-direcao-do-stj\\\/#primaryimage\"},\"thumbnailUrl\":\"https:\\\/\\\/contabilidadecaxias.com.br\\\/wp-content\\\/uploads\\\/2022\\\/08\\\/0a21e07e-c163-6885-c817-edee258ea703-8z7691.jpeg\",\"datePublished\":\"2022-08-25T23:02:34+00:00\",\"author\":{\"@id\":\"\"},\"breadcrumb\":{\"@id\":\"https:\\\/\\\/contabilidadecaxias.com.br\\\/index.php\\\/2022\\\/08\\\/25\\\/presidente-do-tst-prestigia-posse-da-nova-direcao-do-stj\\\/#breadcrumb\"},\"inLanguage\":\"pt-BR\",\"potentialAction\":[{\"@type\":\"ReadAction\",\"target\":[\"https:\\\/\\\/contabilidadecaxias.com.br\\\/index.php\\\/2022\\\/08\\\/25\\\/presidente-do-tst-prestigia-posse-da-nova-direcao-do-stj\\\/\"]}]},{\"@type\":\"ImageObject\",\"inLanguage\":\"pt-BR\",\"@id\":\"https:\\\/\\\/contabilidadecaxias.com.br\\\/index.php\\\/2022\\\/08\\\/25\\\/presidente-do-tst-prestigia-posse-da-nova-direcao-do-stj\\\/#primaryimage\",\"url\":\"https:\\\/\\\/contabilidadecaxias.com.br\\\/wp-content\\\/uploads\\\/2022\\\/08\\\/0a21e07e-c163-6885-c817-edee258ea703-8z7691.jpeg\",\"contentUrl\":\"https:\\\/\\\/contabilidadecaxias.com.br\\\/wp-content\\\/uploads\\\/2022\\\/08\\\/0a21e07e-c163-6885-c817-edee258ea703-8z7691.jpeg\",\"width\":799,\"height\":533},{\"@type\":\"BreadcrumbList\",\"@id\":\"https:\\\/\\\/contabilidadecaxias.com.br\\\/index.php\\\/2022\\\/08\\\/25\\\/presidente-do-tst-prestigia-posse-da-nova-direcao-do-stj\\\/#breadcrumb\",\"itemListElement\":[{\"@type\":\"ListItem\",\"position\":1,\"name\":\"In\u00edcio\",\"item\":\"https:\\\/\\\/contabilidadecaxias.com.br\\\/\"},{\"@type\":\"ListItem\",\"position\":2,\"name\":\"Presidente do TST prestigia posse da nova dire\u00e7\u00e3o do STJ\"}]},{\"@type\":\"WebSite\",\"@id\":\"https:\\\/\\\/contabilidadecaxias.com.br\\\/#website\",\"url\":\"https:\\\/\\\/contabilidadecaxias.com.br\\\/\",\"name\":\"Contabilidade Caxias\",\"description\":\"Site especializado em Contabilidade para Caxias.\",\"potentialAction\":[{\"@type\":\"SearchAction\",\"target\":{\"@type\":\"EntryPoint\",\"urlTemplate\":\"https:\\\/\\\/contabilidadecaxias.com.br\\\/?s={search_term_string}\"},\"query-input\":{\"@type\":\"PropertyValueSpecification\",\"valueRequired\":true,\"valueName\":\"search_term_string\"}}],\"inLanguage\":\"pt-BR\"}]}<\/script>\n<!-- \/ Yoast SEO plugin. -->","yoast_head_json":{"title":"Presidente do TST prestigia posse da nova dire\u00e7\u00e3o do STJ - Contabilidade Caxias","robots":{"index":"index","follow":"follow","max-snippet":"max-snippet:-1","max-image-preview":"max-image-preview:large","max-video-preview":"max-video-preview:-1"},"canonical":"https:\/\/contabilidadecaxias.com.br\/index.php\/2022\/08\/25\/presidente-do-tst-prestigia-posse-da-nova-direcao-do-stj\/","og_locale":"pt_BR","og_type":"article","og_title":"Presidente do TST prestigia posse da nova dire\u00e7\u00e3o do STJ - Contabilidade Caxias","og_description":"Ministra Maria Thereza de Assis Moura e ministro Og Fernandes foram empossados como presidente e vice-presidente, respectivamente\u00a0 Solenidade de posse da nova dire\u00e7\u00e3o do STJ 25\/08\/22 &#8211; O presidente do Tribunal Superior do Trabalho (TST), ministro Emmanoel Pereira, acompanhou, nesta quinta-feira (25), a posse dos novos dirigentes do Superior Tribunal de Justi\u00e7a (STJ). Foram empossados [&hellip;]","og_url":"https:\/\/contabilidadecaxias.com.br\/index.php\/2022\/08\/25\/presidente-do-tst-prestigia-posse-da-nova-direcao-do-stj\/","og_site_name":"Contabilidade Caxias","article_published_time":"2022-08-25T23:02:34+00:00","twitter_card":"summary_large_image","twitter_misc":{"Est. tempo de leitura":"2 minutos"},"schema":{"@context":"https:\/\/schema.org","@graph":[{"@type":"Article","@id":"https:\/\/contabilidadecaxias.com.br\/index.php\/2022\/08\/25\/presidente-do-tst-prestigia-posse-da-nova-direcao-do-stj\/#article","isPartOf":{"@id":"https:\/\/contabilidadecaxias.com.br\/index.php\/2022\/08\/25\/presidente-do-tst-prestigia-posse-da-nova-direcao-do-stj\/"},"author":{"name":"","@id":""},"headline":"Presidente do TST prestigia posse da nova dire\u00e7\u00e3o do STJ","datePublished":"2022-08-25T23:02:34+00:00","mainEntityOfPage":{"@id":"https:\/\/contabilidadecaxias.com.br\/index.php\/2022\/08\/25\/presidente-do-tst-prestigia-posse-da-nova-direcao-do-stj\/"},"wordCount":336,"commentCount":0,"image":{"@id":"https:\/\/contabilidadecaxias.com.br\/index.php\/2022\/08\/25\/presidente-do-tst-prestigia-posse-da-nova-direcao-do-stj\/#primaryimage"},"thumbnailUrl":"https:\/\/contabilidadecaxias.com.br\/wp-content\/uploads\/2022\/08\/0a21e07e-c163-6885-c817-edee258ea703-8z7691.jpeg","articleSection":["Educa\u00e7\u00e3o Financeira"],"inLanguage":"pt-BR","potentialAction":[{"@type":"CommentAction","name":"Comment","target":["https:\/\/contabilidadecaxias.com.br\/index.php\/2022\/08\/25\/presidente-do-tst-prestigia-posse-da-nova-direcao-do-stj\/#respond"]}]},{"@type":"WebPage","@id":"https:\/\/contabilidadecaxias.com.br\/index.php\/2022\/08\/25\/presidente-do-tst-prestigia-posse-da-nova-direcao-do-stj\/","url":"https:\/\/contabilidadecaxias.com.br\/index.php\/2022\/08\/25\/presidente-do-tst-prestigia-posse-da-nova-direcao-do-stj\/","name":"Presidente do TST prestigia posse da nova dire\u00e7\u00e3o do STJ - Contabilidade Caxias","isPartOf":{"@id":"https:\/\/contabilidadecaxias.com.br\/#website"},"primaryImageOfPage":{"@id":"https:\/\/contabilidadecaxias.com.br\/index.php\/2022\/08\/25\/presidente-do-tst-prestigia-posse-da-nova-direcao-do-stj\/#primaryimage"},"image":{"@id":"https:\/\/contabilidadecaxias.com.br\/index.php\/2022\/08\/25\/presidente-do-tst-prestigia-posse-da-nova-direcao-do-stj\/#primaryimage"},"thumbnailUrl":"https:\/\/contabilidadecaxias.com.br\/wp-content\/uploads\/2022\/08\/0a21e07e-c163-6885-c817-edee258ea703-8z7691.jpeg","datePublished":"2022-08-25T23:02:34+00:00","author":{"@id":""},"breadcrumb":{"@id":"https:\/\/contabilidadecaxias.com.br\/index.php\/2022\/08\/25\/presidente-do-tst-prestigia-posse-da-nova-direcao-do-stj\/#breadcrumb"},"inLanguage":"pt-BR","potentialAction":[{"@type":"ReadAction","target":["https:\/\/contabilidadecaxias.com.br\/index.php\/2022\/08\/25\/presidente-do-tst-prestigia-posse-da-nova-direcao-do-stj\/"]}]},{"@type":"ImageObject","inLanguage":"pt-BR","@id":"https:\/\/contabilidadecaxias.com.br\/index.php\/2022\/08\/25\/presidente-do-tst-prestigia-posse-da-nova-direcao-do-stj\/#primaryimage","url":"https:\/\/contabilidadecaxias.com.br\/wp-content\/uploads\/2022\/08\/0a21e07e-c163-6885-c817-edee258ea703-8z7691.jpeg","contentUrl":"https:\/\/contabilidadecaxias.com.br\/wp-content\/uploads\/2022\/08\/0a21e07e-c163-6885-c817-edee258ea703-8z7691.jpeg","width":799,"height":533},{"@type":"BreadcrumbList","@id":"https:\/\/contabilidadecaxias.com.br\/index.php\/2022\/08\/25\/presidente-do-tst-prestigia-posse-da-nova-direcao-do-stj\/#breadcrumb","itemListElement":[{"@type":"ListItem","position":1,"name":"In\u00edcio","item":"https:\/\/contabilidadecaxias.com.br\/"},{"@type":"ListItem","position":2,"name":"Presidente do TST prestigia posse da nova dire\u00e7\u00e3o do STJ"}]},{"@type":"WebSite","@id":"https:\/\/contabilidadecaxias.com.br\/#website","url":"https:\/\/contabilidadecaxias.com.br\/","name":"Contabilidade Caxias","description":"Site especializado em Contabilidade para Caxias.","potentialAction":[{"@type":"SearchAction","target":{"@type":"EntryPoint","urlTemplate":"https:\/\/contabilidadecaxias.com.br\/?s={search_term_string}"},"query-input":{"@type":"PropertyValueSpecification","valueRequired":true,"valueName":"search_term_string"}}],"inLanguage":"pt-BR"}]}},"_links":{"self":[{"href":"https:\/\/contabilidadecaxias.com.br\/index.php\/wp-json\/wp\/v2\/posts\/13802","targetHints":{"allow":["GET"]}}],"collection":[{"href":"https:\/\/contabilidadecaxias.com.br\/index.php\/wp-json\/wp\/v2\/posts"}],"about":[{"href":"https:\/\/contabilidadecaxias.com.br\/index.php\/wp-json\/wp\/v2\/types\/post"}],"replies":[{"embeddable":true,"href":"https:\/\/contabilidadecaxias.com.br\/index.php\/wp-json\/wp\/v2\/comments?post=13802"}],"version-history":[{"count":0,"href":"https:\/\/contabilidadecaxias.com.br\/index.php\/wp-json\/wp\/v2\/posts\/13802\/revisions"}],"wp:featuredmedia":[{"embeddable":true,"href":"https:\/\/contabilidadecaxias.com.br\/index.php\/wp-json\/wp\/v2\/media\/13803"}],"wp:attachment":[{"href":"https:\/\/contabilidadecaxias.com.br\/index.php\/wp-json\/wp\/v2\/media?parent=13802"}],"wp:term":[{"taxonomy":"category","embeddable":true,"href":"https:\/\/contabilidadecaxias.com.br\/index.php\/wp-json\/wp\/v2\/categories?post=13802"},{"taxonomy":"post_tag","embeddable":true,"href":"https:\/\/contabilidadecaxias.com.br\/index.php\/wp-json\/wp\/v2\/tags?post=13802"}],"curies":[{"name":"wp","href":"https:\/\/api.w.org\/{rel}","templated":true}]}}