{"id":13791,"date":"2022-08-25T11:09:55","date_gmt":"2022-08-25T14:09:55","guid":{"rendered":"https:\/\/contabilidadecaxias.com.br\/index.php\/2022\/08\/25\/auxiliar-de-lavanderia-nao-recebera-em-dobro-por-trabalhar-na-terca-feira-de-carnaval\/"},"modified":"2022-08-25T11:09:55","modified_gmt":"2022-08-25T14:09:55","slug":"auxiliar-de-lavanderia-nao-recebera-em-dobro-por-trabalhar-na-terca-feira-de-carnaval","status":"publish","type":"post","link":"https:\/\/contabilidadecaxias.com.br\/index.php\/2022\/08\/25\/auxiliar-de-lavanderia-nao-recebera-em-dobro-por-trabalhar-na-terca-feira-de-carnaval\/","title":{"rendered":"Auxiliar de lavanderia n\u00e3o receber\u00e1 em dobro por trabalhar na ter\u00e7a-feira de carnaval"},"content":{"rendered":"<div class=\"noticia-wrapper\">\n<p><em><\/p>\n<p>\u00c9 necess\u00e1rio haver lei municipal declarando que o dia \u00e9 feriado<\/p>\n<p><\/em><\/p>\n<div class=\"social-media-share mobile\">\n        <a class=\"share-facebook\" href=\"https:\/\/www.facebook.com\/sharer.php?u=https:\/\/www.tst.jus.br\/-\/auxiliar-de-lavanderia-n%C3%A3o-receber%C3%A1-em-dobro-por-trabalhar-na-ter%C3%A7a-feira-de-carnaval\" target=\"_blank\" rel=\"noopener\"><\/a><br \/>\n        <a class=\"share-twitter\" href=\"https:\/\/twitter.com\/intent\/tweet?text=Auxiliar%20de%20lavanderia%20n%C3%A3o%20receber%C3%A1%20em%20dobro%20por%20trabalhar%20na%20ter%C3%A7a-feira%20de%20carnaval%0AVeja%20mais%20em:&amp;url=https:\/\/www.tst.jus.br\/-\/auxiliar-de-lavanderia-n%C3%A3o-receber%C3%A1-em-dobro-por-trabalhar-na-ter%C3%A7a-feira-de-carnaval\" target=\"_blank\" rel=\"noopener\"><\/a><br \/>\n        <a class=\"share-linkedin\" href=\"https:\/\/www.linkedin.com\/shareArticle?mini=true&amp;url=https:\/\/www.tst.jus.br\/-\/auxiliar-de-lavanderia-n%C3%A3o-receber%C3%A1-em-dobro-por-trabalhar-na-ter%C3%A7a-feira-de-carnaval&amp;title=Auxiliar%20de%20lavanderia%20n%C3%A3o%20receber%C3%A1%20em%20dobro%20por%20trabalhar%20na%20ter%C3%A7a-feira%20de%20carnaval\" target=\"_blank\" rel=\"noopener\"><\/a><br \/>\n        <a class=\"share-whatsapp\" href=\"https:\/\/web.whatsapp.com\/send?text=https:\/\/www.tst.jus.br\/-\/auxiliar-de-lavanderia-n%C3%A3o-receber%C3%A1-em-dobro-por-trabalhar-na-ter%C3%A7a-feira-de-carnaval\" target=\"_blank\" rel=\"noopener\"><\/a><br \/>\n        <a class=\"share-googleplus\" href=\"https:\/\/plus.google.com\/share?url=https:\/\/www.tst.jus.br\/-\/auxiliar-de-lavanderia-n%C3%A3o-receber%C3%A1-em-dobro-por-trabalhar-na-ter%C3%A7a-feira-de-carnaval\" target=\"_blank\" rel=\"noopener\"><\/a>\n    <\/div>\n<div class=\"news-body\">\n<div class=\"imagem-da-noticia\">\n<p>Calend\u00e1rio com pinos coloridos marcando dias<\/p>\n<div class=\"social-media-share\">\n                    <a class=\"share-facebook\" href=\"https:\/\/www.facebook.com\/sharer.php?u=https:\/\/www.tst.jus.br\/-\/auxiliar-de-lavanderia-n%C3%A3o-receber%C3%A1-em-dobro-por-trabalhar-na-ter%C3%A7a-feira-de-carnaval\" target=\"_blank\" rel=\"noopener\"><\/a><br \/>\n                    <a class=\"share-twitter\" href=\"https:\/\/twitter.com\/intent\/tweet?text=Auxiliar%20de%20lavanderia%20n%C3%A3o%20receber%C3%A1%20em%20dobro%20por%20trabalhar%20na%20ter%C3%A7a-feira%20de%20carnaval%0AVeja%20mais%20em:&amp;url=https:\/\/www.tst.jus.br\/-\/auxiliar-de-lavanderia-n%C3%A3o-receber%C3%A1-em-dobro-por-trabalhar-na-ter%C3%A7a-feira-de-carnaval\" target=\"_blank\" rel=\"noopener\"><\/a><br \/>\n                    <a class=\"share-linkedin\" href=\"https:\/\/www.linkedin.com\/shareArticle?mini=true&amp;url=https:\/\/www.tst.jus.br\/-\/auxiliar-de-lavanderia-n%C3%A3o-receber%C3%A1-em-dobro-por-trabalhar-na-ter%C3%A7a-feira-de-carnaval&amp;title=Auxiliar%20de%20lavanderia%20n%C3%A3o%20receber%C3%A1%20em%20dobro%20por%20trabalhar%20na%20ter%C3%A7a-feira%20de%20carnaval\" target=\"_blank\" rel=\"noopener\"><\/a><br \/>\n                    <a class=\"share-whatsapp\" href=\"https:\/\/web.whatsapp.com\/send?text=https:\/\/www.tst.jus.br\/-\/auxiliar-de-lavanderia-n%C3%A3o-receber%C3%A1-em-dobro-por-trabalhar-na-ter%C3%A7a-feira-de-carnaval\" target=\"_blank\" rel=\"noopener\"><\/a><br \/>\n                    <a class=\"share-googleplus\" href=\"https:\/\/plus.google.com\/share?url=https:\/\/www.tst.jus.br\/-\/auxiliar-de-lavanderia-n%C3%A3o-receber%C3%A1-em-dobro-por-trabalhar-na-ter%C3%A7a-feira-de-carnaval\" target=\"_blank\" rel=\"noopener\"><\/a>\n                <\/div>\n<\/p><\/div>\n<div class=\"materia\">\n<p>25\/08\/22 &#8211;\u00a0A Oitava Turma do Tribunal Superior do Trabalho isentou a Goiaslimp Servi\u00e7os Gerais Ltda., de Goi\u00e2nia (GO), de pagar em dobro o trabalho prestado por um auxiliar de lavanderia na ter\u00e7a-feira de carnaval. Conforme o colegiado, a decis\u00e3o que condenou a empresa ao pagamento em dobro contraria a jurisprud\u00eancia do TST de que a data, ressalvada previs\u00e3o expressa em lei municipal, n\u00e3o \u00e9 feriado.<\/p>\n<p>O auxiliar de lavanderia, admitido em novembro de 2008 e dispensado em janeiro de 2020, trabalhava em regime de 12&#215;36. Na reclama\u00e7\u00e3o, ele alegou que a empresa pagava os feriados de forma simples, e pleiteou o pagamento de adicional de 100%.\u00a0<\/p>\n<p>O pedido foi deferido parcialmente pelo ju\u00edzo da 11\u00aa Vara do Trabalho de Goi\u00e2nia, que condenou a empresa ao pagamento em dobro dos feriados em que houve efetiva presta\u00e7\u00e3o de servi\u00e7os, com base na rela\u00e7\u00e3o apontada na peti\u00e7\u00e3o inicial e nos registros dos cart\u00f5es de ponto. O Tribunal Regional do Trabalho da 18\u00aa Regi\u00e3o (GO) manteve a senten\u00e7a.\u00a0<\/p>\n<h4>Usos e costumes<\/h4>\n<p>Segundo o TRT, apesar de n\u00e3o haver previs\u00e3o legal de que o dia seja feriado, \u201cos usos e costumes s\u00e3o fontes de direito\u201d, e a praxe atribui \u00e0 ter\u00e7a-feira de carnaval a natureza de feriado nacional.\u00a0<\/p>\n<h4>Sem lei, sem feriado<\/h4>\n<p>Segundo o relator do recurso da Goiaslimp, ministro \u00a0Aloysio Corr\u00eaa da Veiga, a data n\u00e3o consta entre os feriados nacionais previstos nas Leis <a href=\"https:\/\/www.planalto.gov.br\/ccivil_03\/leis\/l0662.htm#:~:text=LEI%20No%20662%2C%20DE%206%20DE%20ABRIL%20DE%201949.&amp;text=Declara%20feriados%20nacionais%20os%20dias,novembro%20e%2025%20de%20dezembro.\" target=\"_blank\" rel=\"noopener\">662\/1949<\/a> e <a href=\"https:\/\/www.planalto.gov.br\/ccivil_03\/leis\/l6802.htm\" target=\"_blank\" rel=\"noopener\">6.802\/1980<\/a>. Quanto aos feriados religiosos, o artigo 2\u00ba da <a href=\"https:\/\/legislacao.presidencia.gov.br\/atos\/?tipo=LEI&amp;numero=9093&amp;ano=1995&amp;ato=8e3k3aU5UeJpWTb97\" target=\"_blank\" rel=\"noopener\">Lei 9.093\/1995<\/a> exige expressamente o atendimento cumulativo de dois requisitos: previs\u00e3o em lei municipal e tradi\u00e7\u00e3o local.\u00a0<\/p>\n<p>A seu ver, embora sirva de fonte do direito, a chamada praxe consuetudin\u00e1ria, baseada nos usos e costumes, n\u00e3o pode atribuir \u00e0 ter\u00e7a-feira de carnaval a natureza de feriado para efeito do pagamento em dobro, se n\u00e3o houver previs\u00e3o em lei. No caso, o TRT n\u00e3o registrou a exist\u00eancia de legisla\u00e7\u00e3o local nesse sentido.<\/p>\n<p>A decis\u00e3o foi un\u00e2nime.<\/p>\n<p>(LT\/CF)<\/p>\n<p>Processo: <a href=\"https:\/\/consultaprocessual.tst.jus.br\/consultaProcessual\/consultaTstNumUnica.do;jsessionid=PX0in9BkeCQuNXocxEsTKzYvimqO447TOghe-JmW.consultaprocessual-17-6rg6h?conscsjt=&amp;numeroTst=10116&amp;digitoTst=11&amp;anoTst=2020&amp;orgaoTst=5&amp;tribunalTst=18&amp;varaTst=&amp;consulta=Consultar\" target=\"_blank\" rel=\"noopener\">RR-10116-11.2020.5.18.0011<\/a><\/p>\n<p><em>Esta mat\u00e9ria tem cunho meramente informativo.<br \/>\nPermitida a reprodu\u00e7\u00e3o mediante cita\u00e7\u00e3o da fonte.<br \/>\nSecretaria de Comunica\u00e7\u00e3o Social<br \/>\n<a href=\"https:\/\/www.tst.jus.br\/\" target=\"_blank\" rel=\"noopener\">Tribunal Superior do Trabalho<\/a><br \/>\nTel. (61) 3043-4907\u00a0<br \/>\n<a href=\"mailto:secom@tst.jus.br\" target=\"\" rel=\"noopener\">secom@tst.jus.br<\/a><\/em><\/p>\n<\/div><\/div>\n<\/div>\n","protected":false},"excerpt":{"rendered":"<p>\u00c9 necess\u00e1rio haver lei municipal declarando que o dia \u00e9 feriado Calend\u00e1rio com pinos coloridos marcando dias 25\/08\/22 &#8211;\u00a0A Oitava Turma do Tribunal Superior do Trabalho isentou a Goiaslimp Servi\u00e7os Gerais Ltda., de Goi\u00e2nia (GO), de pagar em dobro o trabalho prestado por um auxiliar de lavanderia na ter\u00e7a-feira de carnaval. Conforme o colegiado, a [&hellip;]<\/p>\n","protected":false},"author":0,"featured_media":13792,"comment_status":"open","ping_status":"","sticky":false,"template":"","format":"standard","meta":{"footnotes":""},"categories":[5],"tags":[],"class_list":["post-13791","post","type-post","status-publish","format-standard","has-post-thumbnail","hentry","category-noticias-educacao-financeira"],"blocksy_meta":{"styles_descriptor":{"styles":{"desktop":"","tablet":"","mobile":""},"google_fonts":[],"version":6}},"yoast_head":"<!-- This site is optimized with the Yoast SEO plugin v27.4 - https:\/\/yoast.com\/product\/yoast-seo-wordpress\/ -->\n<title>Auxiliar de lavanderia n\u00e3o receber\u00e1 em dobro por trabalhar na ter\u00e7a-feira de carnaval - Contabilidade Caxias<\/title>\n<meta name=\"robots\" content=\"index, follow, max-snippet:-1, max-image-preview:large, max-video-preview:-1\" \/>\n<link rel=\"canonical\" href=\"https:\/\/contabilidadecaxias.com.br\/index.php\/2022\/08\/25\/auxiliar-de-lavanderia-nao-recebera-em-dobro-por-trabalhar-na-terca-feira-de-carnaval\/\" \/>\n<meta property=\"og:locale\" content=\"pt_BR\" \/>\n<meta property=\"og:type\" content=\"article\" \/>\n<meta property=\"og:title\" content=\"Auxiliar de lavanderia n\u00e3o receber\u00e1 em dobro por trabalhar na ter\u00e7a-feira de carnaval - Contabilidade Caxias\" \/>\n<meta property=\"og:description\" content=\"\u00c9 necess\u00e1rio haver lei municipal declarando que o dia \u00e9 feriado Calend\u00e1rio com pinos coloridos marcando dias 25\/08\/22 &#8211;\u00a0A Oitava Turma do Tribunal Superior do Trabalho isentou a Goiaslimp Servi\u00e7os Gerais Ltda., de Goi\u00e2nia (GO), de pagar em dobro o trabalho prestado por um auxiliar de lavanderia na ter\u00e7a-feira de carnaval. Conforme o colegiado, a [&hellip;]\" \/>\n<meta property=\"og:url\" content=\"https:\/\/contabilidadecaxias.com.br\/index.php\/2022\/08\/25\/auxiliar-de-lavanderia-nao-recebera-em-dobro-por-trabalhar-na-terca-feira-de-carnaval\/\" \/>\n<meta property=\"og:site_name\" content=\"Contabilidade Caxias\" \/>\n<meta property=\"article:published_time\" content=\"2022-08-25T14:09:55+00:00\" \/>\n<meta name=\"twitter:card\" content=\"summary_large_image\" \/>\n<meta name=\"twitter:label1\" content=\"Est. tempo de leitura\" \/>\n\t<meta name=\"twitter:data1\" content=\"2 minutos\" \/>\n<script type=\"application\/ld+json\" class=\"yoast-schema-graph\">{\"@context\":\"https:\\\/\\\/schema.org\",\"@graph\":[{\"@type\":\"Article\",\"@id\":\"https:\\\/\\\/contabilidadecaxias.com.br\\\/index.php\\\/2022\\\/08\\\/25\\\/auxiliar-de-lavanderia-nao-recebera-em-dobro-por-trabalhar-na-terca-feira-de-carnaval\\\/#article\",\"isPartOf\":{\"@id\":\"https:\\\/\\\/contabilidadecaxias.com.br\\\/index.php\\\/2022\\\/08\\\/25\\\/auxiliar-de-lavanderia-nao-recebera-em-dobro-por-trabalhar-na-terca-feira-de-carnaval\\\/\"},\"author\":{\"name\":\"\",\"@id\":\"\"},\"headline\":\"Auxiliar de lavanderia n\u00e3o receber\u00e1 em dobro por trabalhar na ter\u00e7a-feira de carnaval\",\"datePublished\":\"2022-08-25T14:09:55+00:00\",\"mainEntityOfPage\":{\"@id\":\"https:\\\/\\\/contabilidadecaxias.com.br\\\/index.php\\\/2022\\\/08\\\/25\\\/auxiliar-de-lavanderia-nao-recebera-em-dobro-por-trabalhar-na-terca-feira-de-carnaval\\\/\"},\"wordCount\":407,\"commentCount\":0,\"image\":{\"@id\":\"https:\\\/\\\/contabilidadecaxias.com.br\\\/index.php\\\/2022\\\/08\\\/25\\\/auxiliar-de-lavanderia-nao-recebera-em-dobro-por-trabalhar-na-terca-feira-de-carnaval\\\/#primaryimage\"},\"thumbnailUrl\":\"https:\\\/\\\/contabilidadecaxias.com.br\\\/wp-content\\\/uploads\\\/2022\\\/08\\\/4cb7afcb-7ea3-ab54-ce31-6dab013ab477-Wm1ZhK.jpeg\",\"articleSection\":[\"Educa\u00e7\u00e3o Financeira\"],\"inLanguage\":\"pt-BR\",\"potentialAction\":[{\"@type\":\"CommentAction\",\"name\":\"Comment\",\"target\":[\"https:\\\/\\\/contabilidadecaxias.com.br\\\/index.php\\\/2022\\\/08\\\/25\\\/auxiliar-de-lavanderia-nao-recebera-em-dobro-por-trabalhar-na-terca-feira-de-carnaval\\\/#respond\"]}]},{\"@type\":\"WebPage\",\"@id\":\"https:\\\/\\\/contabilidadecaxias.com.br\\\/index.php\\\/2022\\\/08\\\/25\\\/auxiliar-de-lavanderia-nao-recebera-em-dobro-por-trabalhar-na-terca-feira-de-carnaval\\\/\",\"url\":\"https:\\\/\\\/contabilidadecaxias.com.br\\\/index.php\\\/2022\\\/08\\\/25\\\/auxiliar-de-lavanderia-nao-recebera-em-dobro-por-trabalhar-na-terca-feira-de-carnaval\\\/\",\"name\":\"Auxiliar de lavanderia n\u00e3o receber\u00e1 em dobro por trabalhar na ter\u00e7a-feira de carnaval - Contabilidade Caxias\",\"isPartOf\":{\"@id\":\"https:\\\/\\\/contabilidadecaxias.com.br\\\/#website\"},\"primaryImageOfPage\":{\"@id\":\"https:\\\/\\\/contabilidadecaxias.com.br\\\/index.php\\\/2022\\\/08\\\/25\\\/auxiliar-de-lavanderia-nao-recebera-em-dobro-por-trabalhar-na-terca-feira-de-carnaval\\\/#primaryimage\"},\"image\":{\"@id\":\"https:\\\/\\\/contabilidadecaxias.com.br\\\/index.php\\\/2022\\\/08\\\/25\\\/auxiliar-de-lavanderia-nao-recebera-em-dobro-por-trabalhar-na-terca-feira-de-carnaval\\\/#primaryimage\"},\"thumbnailUrl\":\"https:\\\/\\\/contabilidadecaxias.com.br\\\/wp-content\\\/uploads\\\/2022\\\/08\\\/4cb7afcb-7ea3-ab54-ce31-6dab013ab477-Wm1ZhK.jpeg\",\"datePublished\":\"2022-08-25T14:09:55+00:00\",\"author\":{\"@id\":\"\"},\"breadcrumb\":{\"@id\":\"https:\\\/\\\/contabilidadecaxias.com.br\\\/index.php\\\/2022\\\/08\\\/25\\\/auxiliar-de-lavanderia-nao-recebera-em-dobro-por-trabalhar-na-terca-feira-de-carnaval\\\/#breadcrumb\"},\"inLanguage\":\"pt-BR\",\"potentialAction\":[{\"@type\":\"ReadAction\",\"target\":[\"https:\\\/\\\/contabilidadecaxias.com.br\\\/index.php\\\/2022\\\/08\\\/25\\\/auxiliar-de-lavanderia-nao-recebera-em-dobro-por-trabalhar-na-terca-feira-de-carnaval\\\/\"]}]},{\"@type\":\"ImageObject\",\"inLanguage\":\"pt-BR\",\"@id\":\"https:\\\/\\\/contabilidadecaxias.com.br\\\/index.php\\\/2022\\\/08\\\/25\\\/auxiliar-de-lavanderia-nao-recebera-em-dobro-por-trabalhar-na-terca-feira-de-carnaval\\\/#primaryimage\",\"url\":\"https:\\\/\\\/contabilidadecaxias.com.br\\\/wp-content\\\/uploads\\\/2022\\\/08\\\/4cb7afcb-7ea3-ab54-ce31-6dab013ab477-Wm1ZhK.jpeg\",\"contentUrl\":\"https:\\\/\\\/contabilidadecaxias.com.br\\\/wp-content\\\/uploads\\\/2022\\\/08\\\/4cb7afcb-7ea3-ab54-ce31-6dab013ab477-Wm1ZhK.jpeg\",\"width\":2121,\"height\":1414},{\"@type\":\"BreadcrumbList\",\"@id\":\"https:\\\/\\\/contabilidadecaxias.com.br\\\/index.php\\\/2022\\\/08\\\/25\\\/auxiliar-de-lavanderia-nao-recebera-em-dobro-por-trabalhar-na-terca-feira-de-carnaval\\\/#breadcrumb\",\"itemListElement\":[{\"@type\":\"ListItem\",\"position\":1,\"name\":\"In\u00edcio\",\"item\":\"https:\\\/\\\/contabilidadecaxias.com.br\\\/\"},{\"@type\":\"ListItem\",\"position\":2,\"name\":\"Auxiliar de lavanderia n\u00e3o receber\u00e1 em dobro por trabalhar na ter\u00e7a-feira de carnaval\"}]},{\"@type\":\"WebSite\",\"@id\":\"https:\\\/\\\/contabilidadecaxias.com.br\\\/#website\",\"url\":\"https:\\\/\\\/contabilidadecaxias.com.br\\\/\",\"name\":\"Contabilidade Caxias\",\"description\":\"Site especializado em Contabilidade para Caxias.\",\"potentialAction\":[{\"@type\":\"SearchAction\",\"target\":{\"@type\":\"EntryPoint\",\"urlTemplate\":\"https:\\\/\\\/contabilidadecaxias.com.br\\\/?s={search_term_string}\"},\"query-input\":{\"@type\":\"PropertyValueSpecification\",\"valueRequired\":true,\"valueName\":\"search_term_string\"}}],\"inLanguage\":\"pt-BR\"}]}<\/script>\n<!-- \/ Yoast SEO plugin. -->","yoast_head_json":{"title":"Auxiliar de lavanderia n\u00e3o receber\u00e1 em dobro por trabalhar na ter\u00e7a-feira de carnaval - Contabilidade Caxias","robots":{"index":"index","follow":"follow","max-snippet":"max-snippet:-1","max-image-preview":"max-image-preview:large","max-video-preview":"max-video-preview:-1"},"canonical":"https:\/\/contabilidadecaxias.com.br\/index.php\/2022\/08\/25\/auxiliar-de-lavanderia-nao-recebera-em-dobro-por-trabalhar-na-terca-feira-de-carnaval\/","og_locale":"pt_BR","og_type":"article","og_title":"Auxiliar de lavanderia n\u00e3o receber\u00e1 em dobro por trabalhar na ter\u00e7a-feira de carnaval - Contabilidade Caxias","og_description":"\u00c9 necess\u00e1rio haver lei municipal declarando que o dia \u00e9 feriado Calend\u00e1rio com pinos coloridos marcando dias 25\/08\/22 &#8211;\u00a0A Oitava Turma do Tribunal Superior do Trabalho isentou a Goiaslimp Servi\u00e7os Gerais Ltda., de Goi\u00e2nia (GO), de pagar em dobro o trabalho prestado por um auxiliar de lavanderia na ter\u00e7a-feira de carnaval. Conforme o colegiado, a [&hellip;]","og_url":"https:\/\/contabilidadecaxias.com.br\/index.php\/2022\/08\/25\/auxiliar-de-lavanderia-nao-recebera-em-dobro-por-trabalhar-na-terca-feira-de-carnaval\/","og_site_name":"Contabilidade Caxias","article_published_time":"2022-08-25T14:09:55+00:00","twitter_card":"summary_large_image","twitter_misc":{"Est. tempo de leitura":"2 minutos"},"schema":{"@context":"https:\/\/schema.org","@graph":[{"@type":"Article","@id":"https:\/\/contabilidadecaxias.com.br\/index.php\/2022\/08\/25\/auxiliar-de-lavanderia-nao-recebera-em-dobro-por-trabalhar-na-terca-feira-de-carnaval\/#article","isPartOf":{"@id":"https:\/\/contabilidadecaxias.com.br\/index.php\/2022\/08\/25\/auxiliar-de-lavanderia-nao-recebera-em-dobro-por-trabalhar-na-terca-feira-de-carnaval\/"},"author":{"name":"","@id":""},"headline":"Auxiliar de lavanderia n\u00e3o receber\u00e1 em dobro por trabalhar na ter\u00e7a-feira de carnaval","datePublished":"2022-08-25T14:09:55+00:00","mainEntityOfPage":{"@id":"https:\/\/contabilidadecaxias.com.br\/index.php\/2022\/08\/25\/auxiliar-de-lavanderia-nao-recebera-em-dobro-por-trabalhar-na-terca-feira-de-carnaval\/"},"wordCount":407,"commentCount":0,"image":{"@id":"https:\/\/contabilidadecaxias.com.br\/index.php\/2022\/08\/25\/auxiliar-de-lavanderia-nao-recebera-em-dobro-por-trabalhar-na-terca-feira-de-carnaval\/#primaryimage"},"thumbnailUrl":"https:\/\/contabilidadecaxias.com.br\/wp-content\/uploads\/2022\/08\/4cb7afcb-7ea3-ab54-ce31-6dab013ab477-Wm1ZhK.jpeg","articleSection":["Educa\u00e7\u00e3o Financeira"],"inLanguage":"pt-BR","potentialAction":[{"@type":"CommentAction","name":"Comment","target":["https:\/\/contabilidadecaxias.com.br\/index.php\/2022\/08\/25\/auxiliar-de-lavanderia-nao-recebera-em-dobro-por-trabalhar-na-terca-feira-de-carnaval\/#respond"]}]},{"@type":"WebPage","@id":"https:\/\/contabilidadecaxias.com.br\/index.php\/2022\/08\/25\/auxiliar-de-lavanderia-nao-recebera-em-dobro-por-trabalhar-na-terca-feira-de-carnaval\/","url":"https:\/\/contabilidadecaxias.com.br\/index.php\/2022\/08\/25\/auxiliar-de-lavanderia-nao-recebera-em-dobro-por-trabalhar-na-terca-feira-de-carnaval\/","name":"Auxiliar de lavanderia n\u00e3o receber\u00e1 em dobro por trabalhar na ter\u00e7a-feira de carnaval - Contabilidade Caxias","isPartOf":{"@id":"https:\/\/contabilidadecaxias.com.br\/#website"},"primaryImageOfPage":{"@id":"https:\/\/contabilidadecaxias.com.br\/index.php\/2022\/08\/25\/auxiliar-de-lavanderia-nao-recebera-em-dobro-por-trabalhar-na-terca-feira-de-carnaval\/#primaryimage"},"image":{"@id":"https:\/\/contabilidadecaxias.com.br\/index.php\/2022\/08\/25\/auxiliar-de-lavanderia-nao-recebera-em-dobro-por-trabalhar-na-terca-feira-de-carnaval\/#primaryimage"},"thumbnailUrl":"https:\/\/contabilidadecaxias.com.br\/wp-content\/uploads\/2022\/08\/4cb7afcb-7ea3-ab54-ce31-6dab013ab477-Wm1ZhK.jpeg","datePublished":"2022-08-25T14:09:55+00:00","author":{"@id":""},"breadcrumb":{"@id":"https:\/\/contabilidadecaxias.com.br\/index.php\/2022\/08\/25\/auxiliar-de-lavanderia-nao-recebera-em-dobro-por-trabalhar-na-terca-feira-de-carnaval\/#breadcrumb"},"inLanguage":"pt-BR","potentialAction":[{"@type":"ReadAction","target":["https:\/\/contabilidadecaxias.com.br\/index.php\/2022\/08\/25\/auxiliar-de-lavanderia-nao-recebera-em-dobro-por-trabalhar-na-terca-feira-de-carnaval\/"]}]},{"@type":"ImageObject","inLanguage":"pt-BR","@id":"https:\/\/contabilidadecaxias.com.br\/index.php\/2022\/08\/25\/auxiliar-de-lavanderia-nao-recebera-em-dobro-por-trabalhar-na-terca-feira-de-carnaval\/#primaryimage","url":"https:\/\/contabilidadecaxias.com.br\/wp-content\/uploads\/2022\/08\/4cb7afcb-7ea3-ab54-ce31-6dab013ab477-Wm1ZhK.jpeg","contentUrl":"https:\/\/contabilidadecaxias.com.br\/wp-content\/uploads\/2022\/08\/4cb7afcb-7ea3-ab54-ce31-6dab013ab477-Wm1ZhK.jpeg","width":2121,"height":1414},{"@type":"BreadcrumbList","@id":"https:\/\/contabilidadecaxias.com.br\/index.php\/2022\/08\/25\/auxiliar-de-lavanderia-nao-recebera-em-dobro-por-trabalhar-na-terca-feira-de-carnaval\/#breadcrumb","itemListElement":[{"@type":"ListItem","position":1,"name":"In\u00edcio","item":"https:\/\/contabilidadecaxias.com.br\/"},{"@type":"ListItem","position":2,"name":"Auxiliar de lavanderia n\u00e3o receber\u00e1 em dobro por trabalhar na ter\u00e7a-feira de carnaval"}]},{"@type":"WebSite","@id":"https:\/\/contabilidadecaxias.com.br\/#website","url":"https:\/\/contabilidadecaxias.com.br\/","name":"Contabilidade Caxias","description":"Site especializado em Contabilidade para Caxias.","potentialAction":[{"@type":"SearchAction","target":{"@type":"EntryPoint","urlTemplate":"https:\/\/contabilidadecaxias.com.br\/?s={search_term_string}"},"query-input":{"@type":"PropertyValueSpecification","valueRequired":true,"valueName":"search_term_string"}}],"inLanguage":"pt-BR"}]}},"_links":{"self":[{"href":"https:\/\/contabilidadecaxias.com.br\/index.php\/wp-json\/wp\/v2\/posts\/13791","targetHints":{"allow":["GET"]}}],"collection":[{"href":"https:\/\/contabilidadecaxias.com.br\/index.php\/wp-json\/wp\/v2\/posts"}],"about":[{"href":"https:\/\/contabilidadecaxias.com.br\/index.php\/wp-json\/wp\/v2\/types\/post"}],"replies":[{"embeddable":true,"href":"https:\/\/contabilidadecaxias.com.br\/index.php\/wp-json\/wp\/v2\/comments?post=13791"}],"version-history":[{"count":0,"href":"https:\/\/contabilidadecaxias.com.br\/index.php\/wp-json\/wp\/v2\/posts\/13791\/revisions"}],"wp:featuredmedia":[{"embeddable":true,"href":"https:\/\/contabilidadecaxias.com.br\/index.php\/wp-json\/wp\/v2\/media\/13792"}],"wp:attachment":[{"href":"https:\/\/contabilidadecaxias.com.br\/index.php\/wp-json\/wp\/v2\/media?parent=13791"}],"wp:term":[{"taxonomy":"category","embeddable":true,"href":"https:\/\/contabilidadecaxias.com.br\/index.php\/wp-json\/wp\/v2\/categories?post=13791"},{"taxonomy":"post_tag","embeddable":true,"href":"https:\/\/contabilidadecaxias.com.br\/index.php\/wp-json\/wp\/v2\/tags?post=13791"}],"curies":[{"name":"wp","href":"https:\/\/api.w.org\/{rel}","templated":true}]}}