{"id":13789,"date":"2022-08-25T10:09:26","date_gmt":"2022-08-25T13:09:26","guid":{"rendered":"https:\/\/contabilidadecaxias.com.br\/index.php\/2022\/08\/25\/gratificacao-de-titulacao-nao-sera-incorporada-a-vencimento-de-portuario\/"},"modified":"2022-08-25T10:09:26","modified_gmt":"2022-08-25T13:09:26","slug":"gratificacao-de-titulacao-nao-sera-incorporada-a-vencimento-de-portuario","status":"publish","type":"post","link":"https:\/\/contabilidadecaxias.com.br\/index.php\/2022\/08\/25\/gratificacao-de-titulacao-nao-sera-incorporada-a-vencimento-de-portuario\/","title":{"rendered":"Gratifica\u00e7\u00e3o de titula\u00e7\u00e3o n\u00e3o ser\u00e1 incorporada a vencimento de portu\u00e1rio"},"content":{"rendered":"<div class=\"noticia-wrapper\">\n<p><em><\/p>\n<p>A parcela foi suprimida por ilegalidade na sua implanta\u00e7\u00e3o.<\/p>\n<p><\/em><\/p>\n<div class=\"social-media-share mobile\">\n        <a class=\"share-facebook\" href=\"https:\/\/www.facebook.com\/sharer.php?u=https:\/\/www.tst.jus.br\/-\/gratifica%C3%A7%C3%A3o-de-titula%C3%A7%C3%A3o-n%C3%A3o-ser%C3%A1-incorporada-a-vencimento-de-portu%C3%A1rio\" target=\"_blank\" rel=\"noopener\"><\/a><br \/>\n        <a class=\"share-twitter\" href=\"https:\/\/twitter.com\/intent\/tweet?text=Gratifica%C3%A7%C3%A3o%20de%20titula%C3%A7%C3%A3o%20n%C3%A3o%20ser%C3%A1%20incorporada%20a%20vencimento%20de%20portu%C3%A1rio%0AVeja%20mais%20em:&amp;url=https:\/\/www.tst.jus.br\/-\/gratifica%C3%A7%C3%A3o-de-titula%C3%A7%C3%A3o-n%C3%A3o-ser%C3%A1-incorporada-a-vencimento-de-portu%C3%A1rio\" target=\"_blank\" rel=\"noopener\"><\/a><br \/>\n        <a class=\"share-linkedin\" href=\"https:\/\/www.linkedin.com\/shareArticle?mini=true&amp;url=https:\/\/www.tst.jus.br\/-\/gratifica%C3%A7%C3%A3o-de-titula%C3%A7%C3%A3o-n%C3%A3o-ser%C3%A1-incorporada-a-vencimento-de-portu%C3%A1rio&amp;title=Gratifica%C3%A7%C3%A3o%20de%20titula%C3%A7%C3%A3o%20n%C3%A3o%20ser%C3%A1%20incorporada%20a%20vencimento%20de%20portu%C3%A1rio\" target=\"_blank\" rel=\"noopener\"><\/a><br \/>\n        <a class=\"share-whatsapp\" href=\"https:\/\/web.whatsapp.com\/send?text=https:\/\/www.tst.jus.br\/-\/gratifica%C3%A7%C3%A3o-de-titula%C3%A7%C3%A3o-n%C3%A3o-ser%C3%A1-incorporada-a-vencimento-de-portu%C3%A1rio\" target=\"_blank\" rel=\"noopener\"><\/a><br \/>\n        <a class=\"share-googleplus\" href=\"https:\/\/plus.google.com\/share?url=https:\/\/www.tst.jus.br\/-\/gratifica%C3%A7%C3%A3o-de-titula%C3%A7%C3%A3o-n%C3%A3o-ser%C3%A1-incorporada-a-vencimento-de-portu%C3%A1rio\" target=\"_blank\" rel=\"noopener\"><\/a>\n    <\/div>\n<div class=\"news-body\">\n<div class=\"imagem-da-noticia\">\n<p>Ministro Breno Medeiros<\/p>\n<div class=\"social-media-share\">\n                    <a class=\"share-facebook\" href=\"https:\/\/www.facebook.com\/sharer.php?u=https:\/\/www.tst.jus.br\/-\/gratifica%C3%A7%C3%A3o-de-titula%C3%A7%C3%A3o-n%C3%A3o-ser%C3%A1-incorporada-a-vencimento-de-portu%C3%A1rio\" target=\"_blank\" rel=\"noopener\"><\/a><br \/>\n                    <a class=\"share-twitter\" href=\"https:\/\/twitter.com\/intent\/tweet?text=Gratifica%C3%A7%C3%A3o%20de%20titula%C3%A7%C3%A3o%20n%C3%A3o%20ser%C3%A1%20incorporada%20a%20vencimento%20de%20portu%C3%A1rio%0AVeja%20mais%20em:&amp;url=https:\/\/www.tst.jus.br\/-\/gratifica%C3%A7%C3%A3o-de-titula%C3%A7%C3%A3o-n%C3%A3o-ser%C3%A1-incorporada-a-vencimento-de-portu%C3%A1rio\" target=\"_blank\" rel=\"noopener\"><\/a><br \/>\n                    <a class=\"share-linkedin\" href=\"https:\/\/www.linkedin.com\/shareArticle?mini=true&amp;url=https:\/\/www.tst.jus.br\/-\/gratifica%C3%A7%C3%A3o-de-titula%C3%A7%C3%A3o-n%C3%A3o-ser%C3%A1-incorporada-a-vencimento-de-portu%C3%A1rio&amp;title=Gratifica%C3%A7%C3%A3o%20de%20titula%C3%A7%C3%A3o%20n%C3%A3o%20ser%C3%A1%20incorporada%20a%20vencimento%20de%20portu%C3%A1rio\" target=\"_blank\" rel=\"noopener\"><\/a><br \/>\n                    <a class=\"share-whatsapp\" href=\"https:\/\/web.whatsapp.com\/send?text=https:\/\/www.tst.jus.br\/-\/gratifica%C3%A7%C3%A3o-de-titula%C3%A7%C3%A3o-n%C3%A3o-ser%C3%A1-incorporada-a-vencimento-de-portu%C3%A1rio\" target=\"_blank\" rel=\"noopener\"><\/a><br \/>\n                    <a class=\"share-googleplus\" href=\"https:\/\/plus.google.com\/share?url=https:\/\/www.tst.jus.br\/-\/gratifica%C3%A7%C3%A3o-de-titula%C3%A7%C3%A3o-n%C3%A3o-ser%C3%A1-incorporada-a-vencimento-de-portu%C3%A1rio\" target=\"_blank\" rel=\"noopener\"><\/a>\n                <\/div>\n<\/p><\/div>\n<div class=\"materia\">\n<p>25\/08\/22 &#8211;\u00a0A Companhia Docas do Cear\u00e1 n\u00e3o ter\u00e1 de pagar a um portu\u00e1rio de Fortaleza (CE) gratifica\u00e7\u00e3o de titula\u00e7\u00e3o por conclus\u00e3o de ensino superior. O benef\u00edcio de 30% sobre o sal\u00e1rio base do empregado foi suprimido pela companhia em raz\u00e3o de ilegalidade na sua implanta\u00e7\u00e3o.\u00a0<\/p>\n<p>O portu\u00e1rio alegava que a parcela teria aderido ao seu vencimento e fora retirada de forma abusiva pela Docas. Todavia, para o colegiado, como o ato de implanta\u00e7\u00e3o foi ilegal, o empregado n\u00e3o tem direito adquirido \u00e0 gratifica\u00e7\u00e3o.<\/p>\n<h4>Direito adquirido<\/h4>\n<p>Admitido em janeiro de 1972, o portu\u00e1rio disse, na reclama\u00e7\u00e3o trabalhista, que a empresa havia institu\u00eddo, em novembro de 2011, seu Plano de Cargos e Sal\u00e1rios (PCCS), criando a Gratifica\u00e7\u00e3o de Titula\u00e7\u00e3o, retribui\u00e7\u00e3o pecuni\u00e1ria devida ao servidor mediante apresenta\u00e7\u00e3o de titula\u00e7\u00e3o acad\u00eamica. Todavia, segundo ele, em fevereiro de 2018, a empresa suspendeu o pagamento, \u201cde uma hora para outra\u201d.\u00a0<\/p>\n<h4>V\u00edcios<\/h4>\n<p>A companhia justificou a exclus\u00e3o da parcela dizendo que ela fora concedida de forma precipitada, sem que tivesse sido submetida \u00e0 aprova\u00e7\u00e3o da diretoria executiva, do Conselho de Administra\u00e7\u00e3o e do \u00a0Minist\u00e9rio do Planejamento, Or\u00e7amento e Gest\u00e3o, no prazo de seis meses, ap\u00f3s a implanta\u00e7\u00e3o do PCCS. A Docas argumentou, ainda, que tem a prerrogativa de rever seus atos ilegais (autotutela), conforme a <a href=\"https:\/\/jurisprudencia.stf.jus.br\/pages\/search\/seq-sumula473\/false\" target=\"_blank\" rel=\"noopener\">S\u00famula 473<\/a> do Supremo Tribunal Federal.<\/p>\n<h4>Autotutela<\/h4>\n<p>Em novembro de 2019, o ju\u00edzo da 7\u00aa Vara do Trabalho de Fortaleza condenou a Docas a pagar a gratifica\u00e7\u00e3o desde a supress\u00e3o at\u00e9 a data do julgamento. Segundo a senten\u00e7a, a autotutela n\u00e3o pode ser exercida em detrimento da confian\u00e7a dos administrados e deve ser sopesada para delimitar responsabilidade do Estado por seus atos, \u201cpreservando a estabilidade das rela\u00e7\u00f5es jur\u00eddicas firmadas\u201d.<\/p>\n<p>Todavia, a decis\u00e3o foi reformada pelo Tribunal Regional do Trabalho da 7\u00aa Regi\u00e3o (CE), que entendeu correta a supress\u00e3o. O TRT avaliou que houve v\u00edcio formal na implementa\u00e7\u00e3o do benef\u00edcio, que, portanto, n\u00e3o poderia gerar nenhum efeito para os seus destinat\u00e1rios, \u201cdevendo ser anulado pela Administra\u00e7\u00e3o, em respeito ao princ\u00edpio da legalidade\u201d.\u00a0<\/p>\n<p>No recurso de revista, o portu\u00e1rio sustentou ter direito adquirido \u00e0 parcela, \u201cuma vez que a recebi de boa-f\u00e9, entre 2013 e 2018, ante a previs\u00e3o no PCCS\u201d. \u00a0<\/p>\n<h4>Anula\u00e7\u00e3o e revoga\u00e7\u00e3o<\/h4>\n<p>Na avalia\u00e7\u00e3o do relator, ministro Breno Medeiros, uma vez que o benef\u00edcio n\u00e3o fora implementado como deveria, o ato que o implantou deve ser considerado nulo. Na sua avalia\u00e7\u00e3o, est\u00e1 correta a decis\u00e3o do TRT que reconheceu os efeitos retroativo da medida saneadora praticada pela administra\u00e7\u00e3o, \u201ccuja a\u00e7\u00e3o se deu em aut\u00eantico exerc\u00edcio do poder de autotutela\u201d.\u00a0<\/p>\n<p>Segundo o relator, a previs\u00e3o de submeter \u00e0 aprova\u00e7\u00e3o a implementa\u00e7\u00e3o do benef\u00edcio \u2013 e que n\u00e3o foi observada \u2013 estava contida nas pr\u00f3prias normas da Docas, \u201craz\u00e3o pela qual a ilegalidade \u00e9 cong\u00eanita aos atos de concess\u00e3o da parcela\u201d.\u00a0<\/p>\n<p>O ministro explicou que, quando o ato \u00e9 revogado administrativamente antes de ter sido anulado, o TST tem reconhecido o direito adquirido \u00e0 parcela. Nesse caso, empregados com gratifica\u00e7\u00e3o j\u00e1 implantada no momento da revoga\u00e7\u00e3o n\u00e3o poderiam ter o direito adquirido suprimido pelo segundo ato (o de anula\u00e7\u00e3o). Mas, nesse caso, n\u00e3o houve revoga\u00e7\u00e3o e posterior anula\u00e7\u00e3o, mas apenas a anula\u00e7\u00e3o do ato da implanta\u00e7\u00e3o da gratifica\u00e7\u00e3o, em raz\u00e3o do n\u00e3o cumprimento do requisito formal de regulamenta\u00e7\u00e3o pr\u00e9via.\u00a0<\/p>\n<p>(RR\/CF)<\/p>\n<p>Processo: <a href=\"https:\/\/consultaprocessual.tst.jus.br\/consultaProcessual\/consultaTstNumUnica.do?consulta=Consultar&amp;conscsjt=&amp;numeroTst=893&amp;digitoTst=86&amp;anoTst=2019&amp;orgaoTst=5&amp;tribunalTst=07&amp;varaTst=0007&amp;submit=Consultar\" target=\"_blank\" rel=\"noopener\">Ag-AIRR &#8211; 893-86.2019.5.07.0007<\/a><\/p>\n<p><em>Esta mat\u00e9ria tem cunho meramente informativo.<br \/>\nPermitida a reprodu\u00e7\u00e3o mediante cita\u00e7\u00e3o da fonte.<br \/>\nSecretaria de Comunica\u00e7\u00e3o Social<br \/>\n<a href=\"https:\/\/www.tst.jus.br\/\" target=\"_blank\" rel=\"noopener\">Tribunal Superior do Trabalho<\/a><br \/>\nTel. (61) 3043-4907<br \/>\n<a href=\"mailto:secom@tst.jus.br\" target=\"\" rel=\"noopener\">secom@tst.jus.br<\/a><\/em><\/p>\n<\/div><\/div>\n<\/div>\n","protected":false},"excerpt":{"rendered":"<p>A parcela foi suprimida por ilegalidade na sua implanta\u00e7\u00e3o. Ministro Breno Medeiros 25\/08\/22 &#8211;\u00a0A Companhia Docas do Cear\u00e1 n\u00e3o ter\u00e1 de pagar a um portu\u00e1rio de Fortaleza (CE) gratifica\u00e7\u00e3o de titula\u00e7\u00e3o por conclus\u00e3o de ensino superior. O benef\u00edcio de 30% sobre o sal\u00e1rio base do empregado foi suprimido pela companhia em raz\u00e3o de ilegalidade na [&hellip;]<\/p>\n","protected":false},"author":0,"featured_media":13790,"comment_status":"open","ping_status":"","sticky":false,"template":"","format":"standard","meta":{"footnotes":""},"categories":[5],"tags":[],"class_list":["post-13789","post","type-post","status-publish","format-standard","has-post-thumbnail","hentry","category-noticias-educacao-financeira"],"blocksy_meta":{"styles_descriptor":{"styles":{"desktop":"","tablet":"","mobile":""},"google_fonts":[],"version":6}},"yoast_head":"<!-- This site is optimized with the Yoast SEO plugin v27.4 - https:\/\/yoast.com\/product\/yoast-seo-wordpress\/ -->\n<title>Gratifica\u00e7\u00e3o de titula\u00e7\u00e3o n\u00e3o ser\u00e1 incorporada a vencimento de portu\u00e1rio - Contabilidade Caxias<\/title>\n<meta name=\"robots\" content=\"index, follow, max-snippet:-1, max-image-preview:large, max-video-preview:-1\" \/>\n<link rel=\"canonical\" href=\"https:\/\/contabilidadecaxias.com.br\/index.php\/2022\/08\/25\/gratificacao-de-titulacao-nao-sera-incorporada-a-vencimento-de-portuario\/\" \/>\n<meta property=\"og:locale\" content=\"pt_BR\" \/>\n<meta property=\"og:type\" content=\"article\" \/>\n<meta property=\"og:title\" content=\"Gratifica\u00e7\u00e3o de titula\u00e7\u00e3o n\u00e3o ser\u00e1 incorporada a vencimento de portu\u00e1rio - Contabilidade Caxias\" \/>\n<meta property=\"og:description\" content=\"A parcela foi suprimida por ilegalidade na sua implanta\u00e7\u00e3o. Ministro Breno Medeiros 25\/08\/22 &#8211;\u00a0A Companhia Docas do Cear\u00e1 n\u00e3o ter\u00e1 de pagar a um portu\u00e1rio de Fortaleza (CE) gratifica\u00e7\u00e3o de titula\u00e7\u00e3o por conclus\u00e3o de ensino superior. O benef\u00edcio de 30% sobre o sal\u00e1rio base do empregado foi suprimido pela companhia em raz\u00e3o de ilegalidade na [&hellip;]\" \/>\n<meta property=\"og:url\" content=\"https:\/\/contabilidadecaxias.com.br\/index.php\/2022\/08\/25\/gratificacao-de-titulacao-nao-sera-incorporada-a-vencimento-de-portuario\/\" \/>\n<meta property=\"og:site_name\" content=\"Contabilidade Caxias\" \/>\n<meta property=\"article:published_time\" content=\"2022-08-25T13:09:26+00:00\" \/>\n<meta name=\"twitter:card\" content=\"summary_large_image\" \/>\n<meta name=\"twitter:label1\" content=\"Est. tempo de leitura\" \/>\n\t<meta name=\"twitter:data1\" content=\"3 minutos\" \/>\n<script type=\"application\/ld+json\" class=\"yoast-schema-graph\">{\"@context\":\"https:\\\/\\\/schema.org\",\"@graph\":[{\"@type\":\"Article\",\"@id\":\"https:\\\/\\\/contabilidadecaxias.com.br\\\/index.php\\\/2022\\\/08\\\/25\\\/gratificacao-de-titulacao-nao-sera-incorporada-a-vencimento-de-portuario\\\/#article\",\"isPartOf\":{\"@id\":\"https:\\\/\\\/contabilidadecaxias.com.br\\\/index.php\\\/2022\\\/08\\\/25\\\/gratificacao-de-titulacao-nao-sera-incorporada-a-vencimento-de-portuario\\\/\"},\"author\":{\"name\":\"\",\"@id\":\"\"},\"headline\":\"Gratifica\u00e7\u00e3o de titula\u00e7\u00e3o n\u00e3o ser\u00e1 incorporada a vencimento de portu\u00e1rio\",\"datePublished\":\"2022-08-25T13:09:26+00:00\",\"mainEntityOfPage\":{\"@id\":\"https:\\\/\\\/contabilidadecaxias.com.br\\\/index.php\\\/2022\\\/08\\\/25\\\/gratificacao-de-titulacao-nao-sera-incorporada-a-vencimento-de-portuario\\\/\"},\"wordCount\":668,\"commentCount\":0,\"image\":{\"@id\":\"https:\\\/\\\/contabilidadecaxias.com.br\\\/index.php\\\/2022\\\/08\\\/25\\\/gratificacao-de-titulacao-nao-sera-incorporada-a-vencimento-de-portuario\\\/#primaryimage\"},\"thumbnailUrl\":\"https:\\\/\\\/contabilidadecaxias.com.br\\\/wp-content\\\/uploads\\\/2022\\\/08\\\/024b94b8-21b9-0b5f-1662-fd8b4e76bb87-mIaI2U.jpeg\",\"articleSection\":[\"Educa\u00e7\u00e3o Financeira\"],\"inLanguage\":\"pt-BR\",\"potentialAction\":[{\"@type\":\"CommentAction\",\"name\":\"Comment\",\"target\":[\"https:\\\/\\\/contabilidadecaxias.com.br\\\/index.php\\\/2022\\\/08\\\/25\\\/gratificacao-de-titulacao-nao-sera-incorporada-a-vencimento-de-portuario\\\/#respond\"]}]},{\"@type\":\"WebPage\",\"@id\":\"https:\\\/\\\/contabilidadecaxias.com.br\\\/index.php\\\/2022\\\/08\\\/25\\\/gratificacao-de-titulacao-nao-sera-incorporada-a-vencimento-de-portuario\\\/\",\"url\":\"https:\\\/\\\/contabilidadecaxias.com.br\\\/index.php\\\/2022\\\/08\\\/25\\\/gratificacao-de-titulacao-nao-sera-incorporada-a-vencimento-de-portuario\\\/\",\"name\":\"Gratifica\u00e7\u00e3o de titula\u00e7\u00e3o n\u00e3o ser\u00e1 incorporada a vencimento de portu\u00e1rio - Contabilidade Caxias\",\"isPartOf\":{\"@id\":\"https:\\\/\\\/contabilidadecaxias.com.br\\\/#website\"},\"primaryImageOfPage\":{\"@id\":\"https:\\\/\\\/contabilidadecaxias.com.br\\\/index.php\\\/2022\\\/08\\\/25\\\/gratificacao-de-titulacao-nao-sera-incorporada-a-vencimento-de-portuario\\\/#primaryimage\"},\"image\":{\"@id\":\"https:\\\/\\\/contabilidadecaxias.com.br\\\/index.php\\\/2022\\\/08\\\/25\\\/gratificacao-de-titulacao-nao-sera-incorporada-a-vencimento-de-portuario\\\/#primaryimage\"},\"thumbnailUrl\":\"https:\\\/\\\/contabilidadecaxias.com.br\\\/wp-content\\\/uploads\\\/2022\\\/08\\\/024b94b8-21b9-0b5f-1662-fd8b4e76bb87-mIaI2U.jpeg\",\"datePublished\":\"2022-08-25T13:09:26+00:00\",\"author\":{\"@id\":\"\"},\"breadcrumb\":{\"@id\":\"https:\\\/\\\/contabilidadecaxias.com.br\\\/index.php\\\/2022\\\/08\\\/25\\\/gratificacao-de-titulacao-nao-sera-incorporada-a-vencimento-de-portuario\\\/#breadcrumb\"},\"inLanguage\":\"pt-BR\",\"potentialAction\":[{\"@type\":\"ReadAction\",\"target\":[\"https:\\\/\\\/contabilidadecaxias.com.br\\\/index.php\\\/2022\\\/08\\\/25\\\/gratificacao-de-titulacao-nao-sera-incorporada-a-vencimento-de-portuario\\\/\"]}]},{\"@type\":\"ImageObject\",\"inLanguage\":\"pt-BR\",\"@id\":\"https:\\\/\\\/contabilidadecaxias.com.br\\\/index.php\\\/2022\\\/08\\\/25\\\/gratificacao-de-titulacao-nao-sera-incorporada-a-vencimento-de-portuario\\\/#primaryimage\",\"url\":\"https:\\\/\\\/contabilidadecaxias.com.br\\\/wp-content\\\/uploads\\\/2022\\\/08\\\/024b94b8-21b9-0b5f-1662-fd8b4e76bb87-mIaI2U.jpeg\",\"contentUrl\":\"https:\\\/\\\/contabilidadecaxias.com.br\\\/wp-content\\\/uploads\\\/2022\\\/08\\\/024b94b8-21b9-0b5f-1662-fd8b4e76bb87-mIaI2U.jpeg\",\"width\":1280,\"height\":853},{\"@type\":\"BreadcrumbList\",\"@id\":\"https:\\\/\\\/contabilidadecaxias.com.br\\\/index.php\\\/2022\\\/08\\\/25\\\/gratificacao-de-titulacao-nao-sera-incorporada-a-vencimento-de-portuario\\\/#breadcrumb\",\"itemListElement\":[{\"@type\":\"ListItem\",\"position\":1,\"name\":\"In\u00edcio\",\"item\":\"https:\\\/\\\/contabilidadecaxias.com.br\\\/\"},{\"@type\":\"ListItem\",\"position\":2,\"name\":\"Gratifica\u00e7\u00e3o de titula\u00e7\u00e3o n\u00e3o ser\u00e1 incorporada a vencimento de portu\u00e1rio\"}]},{\"@type\":\"WebSite\",\"@id\":\"https:\\\/\\\/contabilidadecaxias.com.br\\\/#website\",\"url\":\"https:\\\/\\\/contabilidadecaxias.com.br\\\/\",\"name\":\"Contabilidade Caxias\",\"description\":\"Site especializado em Contabilidade para Caxias.\",\"potentialAction\":[{\"@type\":\"SearchAction\",\"target\":{\"@type\":\"EntryPoint\",\"urlTemplate\":\"https:\\\/\\\/contabilidadecaxias.com.br\\\/?s={search_term_string}\"},\"query-input\":{\"@type\":\"PropertyValueSpecification\",\"valueRequired\":true,\"valueName\":\"search_term_string\"}}],\"inLanguage\":\"pt-BR\"}]}<\/script>\n<!-- \/ Yoast SEO plugin. -->","yoast_head_json":{"title":"Gratifica\u00e7\u00e3o de titula\u00e7\u00e3o n\u00e3o ser\u00e1 incorporada a vencimento de portu\u00e1rio - Contabilidade Caxias","robots":{"index":"index","follow":"follow","max-snippet":"max-snippet:-1","max-image-preview":"max-image-preview:large","max-video-preview":"max-video-preview:-1"},"canonical":"https:\/\/contabilidadecaxias.com.br\/index.php\/2022\/08\/25\/gratificacao-de-titulacao-nao-sera-incorporada-a-vencimento-de-portuario\/","og_locale":"pt_BR","og_type":"article","og_title":"Gratifica\u00e7\u00e3o de titula\u00e7\u00e3o n\u00e3o ser\u00e1 incorporada a vencimento de portu\u00e1rio - Contabilidade Caxias","og_description":"A parcela foi suprimida por ilegalidade na sua implanta\u00e7\u00e3o. Ministro Breno Medeiros 25\/08\/22 &#8211;\u00a0A Companhia Docas do Cear\u00e1 n\u00e3o ter\u00e1 de pagar a um portu\u00e1rio de Fortaleza (CE) gratifica\u00e7\u00e3o de titula\u00e7\u00e3o por conclus\u00e3o de ensino superior. O benef\u00edcio de 30% sobre o sal\u00e1rio base do empregado foi suprimido pela companhia em raz\u00e3o de ilegalidade na [&hellip;]","og_url":"https:\/\/contabilidadecaxias.com.br\/index.php\/2022\/08\/25\/gratificacao-de-titulacao-nao-sera-incorporada-a-vencimento-de-portuario\/","og_site_name":"Contabilidade Caxias","article_published_time":"2022-08-25T13:09:26+00:00","twitter_card":"summary_large_image","twitter_misc":{"Est. tempo de leitura":"3 minutos"},"schema":{"@context":"https:\/\/schema.org","@graph":[{"@type":"Article","@id":"https:\/\/contabilidadecaxias.com.br\/index.php\/2022\/08\/25\/gratificacao-de-titulacao-nao-sera-incorporada-a-vencimento-de-portuario\/#article","isPartOf":{"@id":"https:\/\/contabilidadecaxias.com.br\/index.php\/2022\/08\/25\/gratificacao-de-titulacao-nao-sera-incorporada-a-vencimento-de-portuario\/"},"author":{"name":"","@id":""},"headline":"Gratifica\u00e7\u00e3o de titula\u00e7\u00e3o n\u00e3o ser\u00e1 incorporada a vencimento de portu\u00e1rio","datePublished":"2022-08-25T13:09:26+00:00","mainEntityOfPage":{"@id":"https:\/\/contabilidadecaxias.com.br\/index.php\/2022\/08\/25\/gratificacao-de-titulacao-nao-sera-incorporada-a-vencimento-de-portuario\/"},"wordCount":668,"commentCount":0,"image":{"@id":"https:\/\/contabilidadecaxias.com.br\/index.php\/2022\/08\/25\/gratificacao-de-titulacao-nao-sera-incorporada-a-vencimento-de-portuario\/#primaryimage"},"thumbnailUrl":"https:\/\/contabilidadecaxias.com.br\/wp-content\/uploads\/2022\/08\/024b94b8-21b9-0b5f-1662-fd8b4e76bb87-mIaI2U.jpeg","articleSection":["Educa\u00e7\u00e3o Financeira"],"inLanguage":"pt-BR","potentialAction":[{"@type":"CommentAction","name":"Comment","target":["https:\/\/contabilidadecaxias.com.br\/index.php\/2022\/08\/25\/gratificacao-de-titulacao-nao-sera-incorporada-a-vencimento-de-portuario\/#respond"]}]},{"@type":"WebPage","@id":"https:\/\/contabilidadecaxias.com.br\/index.php\/2022\/08\/25\/gratificacao-de-titulacao-nao-sera-incorporada-a-vencimento-de-portuario\/","url":"https:\/\/contabilidadecaxias.com.br\/index.php\/2022\/08\/25\/gratificacao-de-titulacao-nao-sera-incorporada-a-vencimento-de-portuario\/","name":"Gratifica\u00e7\u00e3o de titula\u00e7\u00e3o n\u00e3o ser\u00e1 incorporada a vencimento de portu\u00e1rio - Contabilidade Caxias","isPartOf":{"@id":"https:\/\/contabilidadecaxias.com.br\/#website"},"primaryImageOfPage":{"@id":"https:\/\/contabilidadecaxias.com.br\/index.php\/2022\/08\/25\/gratificacao-de-titulacao-nao-sera-incorporada-a-vencimento-de-portuario\/#primaryimage"},"image":{"@id":"https:\/\/contabilidadecaxias.com.br\/index.php\/2022\/08\/25\/gratificacao-de-titulacao-nao-sera-incorporada-a-vencimento-de-portuario\/#primaryimage"},"thumbnailUrl":"https:\/\/contabilidadecaxias.com.br\/wp-content\/uploads\/2022\/08\/024b94b8-21b9-0b5f-1662-fd8b4e76bb87-mIaI2U.jpeg","datePublished":"2022-08-25T13:09:26+00:00","author":{"@id":""},"breadcrumb":{"@id":"https:\/\/contabilidadecaxias.com.br\/index.php\/2022\/08\/25\/gratificacao-de-titulacao-nao-sera-incorporada-a-vencimento-de-portuario\/#breadcrumb"},"inLanguage":"pt-BR","potentialAction":[{"@type":"ReadAction","target":["https:\/\/contabilidadecaxias.com.br\/index.php\/2022\/08\/25\/gratificacao-de-titulacao-nao-sera-incorporada-a-vencimento-de-portuario\/"]}]},{"@type":"ImageObject","inLanguage":"pt-BR","@id":"https:\/\/contabilidadecaxias.com.br\/index.php\/2022\/08\/25\/gratificacao-de-titulacao-nao-sera-incorporada-a-vencimento-de-portuario\/#primaryimage","url":"https:\/\/contabilidadecaxias.com.br\/wp-content\/uploads\/2022\/08\/024b94b8-21b9-0b5f-1662-fd8b4e76bb87-mIaI2U.jpeg","contentUrl":"https:\/\/contabilidadecaxias.com.br\/wp-content\/uploads\/2022\/08\/024b94b8-21b9-0b5f-1662-fd8b4e76bb87-mIaI2U.jpeg","width":1280,"height":853},{"@type":"BreadcrumbList","@id":"https:\/\/contabilidadecaxias.com.br\/index.php\/2022\/08\/25\/gratificacao-de-titulacao-nao-sera-incorporada-a-vencimento-de-portuario\/#breadcrumb","itemListElement":[{"@type":"ListItem","position":1,"name":"In\u00edcio","item":"https:\/\/contabilidadecaxias.com.br\/"},{"@type":"ListItem","position":2,"name":"Gratifica\u00e7\u00e3o de titula\u00e7\u00e3o n\u00e3o ser\u00e1 incorporada a vencimento de portu\u00e1rio"}]},{"@type":"WebSite","@id":"https:\/\/contabilidadecaxias.com.br\/#website","url":"https:\/\/contabilidadecaxias.com.br\/","name":"Contabilidade Caxias","description":"Site especializado em Contabilidade para Caxias.","potentialAction":[{"@type":"SearchAction","target":{"@type":"EntryPoint","urlTemplate":"https:\/\/contabilidadecaxias.com.br\/?s={search_term_string}"},"query-input":{"@type":"PropertyValueSpecification","valueRequired":true,"valueName":"search_term_string"}}],"inLanguage":"pt-BR"}]}},"_links":{"self":[{"href":"https:\/\/contabilidadecaxias.com.br\/index.php\/wp-json\/wp\/v2\/posts\/13789","targetHints":{"allow":["GET"]}}],"collection":[{"href":"https:\/\/contabilidadecaxias.com.br\/index.php\/wp-json\/wp\/v2\/posts"}],"about":[{"href":"https:\/\/contabilidadecaxias.com.br\/index.php\/wp-json\/wp\/v2\/types\/post"}],"replies":[{"embeddable":true,"href":"https:\/\/contabilidadecaxias.com.br\/index.php\/wp-json\/wp\/v2\/comments?post=13789"}],"version-history":[{"count":0,"href":"https:\/\/contabilidadecaxias.com.br\/index.php\/wp-json\/wp\/v2\/posts\/13789\/revisions"}],"wp:featuredmedia":[{"embeddable":true,"href":"https:\/\/contabilidadecaxias.com.br\/index.php\/wp-json\/wp\/v2\/media\/13790"}],"wp:attachment":[{"href":"https:\/\/contabilidadecaxias.com.br\/index.php\/wp-json\/wp\/v2\/media?parent=13789"}],"wp:term":[{"taxonomy":"category","embeddable":true,"href":"https:\/\/contabilidadecaxias.com.br\/index.php\/wp-json\/wp\/v2\/categories?post=13789"},{"taxonomy":"post_tag","embeddable":true,"href":"https:\/\/contabilidadecaxias.com.br\/index.php\/wp-json\/wp\/v2\/tags?post=13789"}],"curies":[{"name":"wp","href":"https:\/\/api.w.org\/{rel}","templated":true}]}}