{"id":13778,"date":"2022-08-24T18:14:52","date_gmt":"2022-08-24T21:14:52","guid":{"rendered":"https:\/\/contabilidadecaxias.com.br\/index.php\/2022\/08\/24\/justica-do-trabalho-disponibiliza-sistema-de-gestao-orcamentaria-e-financeira-para-a-justica-federal\/"},"modified":"2022-08-24T18:14:52","modified_gmt":"2022-08-24T21:14:52","slug":"justica-do-trabalho-disponibiliza-sistema-de-gestao-orcamentaria-e-financeira-para-a-justica-federal","status":"publish","type":"post","link":"https:\/\/contabilidadecaxias.com.br\/index.php\/2022\/08\/24\/justica-do-trabalho-disponibiliza-sistema-de-gestao-orcamentaria-e-financeira-para-a-justica-federal\/","title":{"rendered":"Justi\u00e7a do Trabalho disponibiliza sistema de gest\u00e3o or\u00e7ament\u00e1ria e financeira para a Justi\u00e7a Federal"},"content":{"rendered":"<div class=\"noticia-wrapper\">\n<p><em><\/p>\n<p>Acordo de coopera\u00e7\u00e3o t\u00e9cnica foi assinado pelo presidente do TST e do CSJT, ministro Emmanoel Pereira, e pelo presidente do STJ e do CJF, ministro Humberto Martins<\/p>\n<p><\/em><\/p>\n<div class=\"social-media-share mobile\">\n        <a class=\"share-facebook\" href=\"https:\/\/www.facebook.com\/sharer.php?u=https:\/\/www.tst.jus.br\/-\/justi%C3%A7a-do-trabalho-disponibiliza-sistema-de-gest%C3%A3o-or%C3%A7ament%C3%A1ria-e-financeira-para-a-justi%C3%A7a-federal\" target=\"_blank\" rel=\"noopener\"><\/a><br \/>\n        <a class=\"share-twitter\" href=\"https:\/\/twitter.com\/intent\/tweet?text=Justi%C3%A7a%20do%20Trabalho%20disponibiliza%20sistema%20de%20gest%C3%A3o%20or%C3%A7ament%C3%A1ria%20e%20financeira%20para%20a%20Justi%C3%A7a%20Federal%0AVeja%20mais%20em:&amp;url=https:\/\/www.tst.jus.br\/-\/justi%C3%A7a-do-trabalho-disponibiliza-sistema-de-gest%C3%A3o-or%C3%A7ament%C3%A1ria-e-financeira-para-a-justi%C3%A7a-federal\" target=\"_blank\" rel=\"noopener\"><\/a><br \/>\n        <a class=\"share-linkedin\" href=\"https:\/\/www.linkedin.com\/shareArticle?mini=true&amp;url=https:\/\/www.tst.jus.br\/-\/justi%C3%A7a-do-trabalho-disponibiliza-sistema-de-gest%C3%A3o-or%C3%A7ament%C3%A1ria-e-financeira-para-a-justi%C3%A7a-federal&amp;title=Justi%C3%A7a%20do%20Trabalho%20disponibiliza%20sistema%20de%20gest%C3%A3o%20or%C3%A7ament%C3%A1ria%20e%20financeira%20para%20a%20Justi%C3%A7a%20Federal\" target=\"_blank\" rel=\"noopener\"><\/a><br \/>\n        <a class=\"share-whatsapp\" href=\"https:\/\/web.whatsapp.com\/send?text=https:\/\/www.tst.jus.br\/-\/justi%C3%A7a-do-trabalho-disponibiliza-sistema-de-gest%C3%A3o-or%C3%A7ament%C3%A1ria-e-financeira-para-a-justi%C3%A7a-federal\" target=\"_blank\" rel=\"noopener\"><\/a><br \/>\n        <a class=\"share-googleplus\" href=\"https:\/\/plus.google.com\/share?url=https:\/\/www.tst.jus.br\/-\/justi%C3%A7a-do-trabalho-disponibiliza-sistema-de-gest%C3%A3o-or%C3%A7ament%C3%A1ria-e-financeira-para-a-justi%C3%A7a-federal\" target=\"_blank\" rel=\"noopener\"><\/a>\n    <\/div>\n<div class=\"news-body\">\n<div class=\"imagem-da-noticia\">\n<p>Ministros Emmanoel Pereira e Humberto Martins<\/p>\n<div class=\"social-media-share\">\n                    <a class=\"share-facebook\" href=\"https:\/\/www.facebook.com\/sharer.php?u=https:\/\/www.tst.jus.br\/-\/justi%C3%A7a-do-trabalho-disponibiliza-sistema-de-gest%C3%A3o-or%C3%A7ament%C3%A1ria-e-financeira-para-a-justi%C3%A7a-federal\" target=\"_blank\" rel=\"noopener\"><\/a><br \/>\n                    <a class=\"share-twitter\" href=\"https:\/\/twitter.com\/intent\/tweet?text=Justi%C3%A7a%20do%20Trabalho%20disponibiliza%20sistema%20de%20gest%C3%A3o%20or%C3%A7ament%C3%A1ria%20e%20financeira%20para%20a%20Justi%C3%A7a%20Federal%0AVeja%20mais%20em:&amp;url=https:\/\/www.tst.jus.br\/-\/justi%C3%A7a-do-trabalho-disponibiliza-sistema-de-gest%C3%A3o-or%C3%A7ament%C3%A1ria-e-financeira-para-a-justi%C3%A7a-federal\" target=\"_blank\" rel=\"noopener\"><\/a><br \/>\n                    <a class=\"share-linkedin\" href=\"https:\/\/www.linkedin.com\/shareArticle?mini=true&amp;url=https:\/\/www.tst.jus.br\/-\/justi%C3%A7a-do-trabalho-disponibiliza-sistema-de-gest%C3%A3o-or%C3%A7ament%C3%A1ria-e-financeira-para-a-justi%C3%A7a-federal&amp;title=Justi%C3%A7a%20do%20Trabalho%20disponibiliza%20sistema%20de%20gest%C3%A3o%20or%C3%A7ament%C3%A1ria%20e%20financeira%20para%20a%20Justi%C3%A7a%20Federal\" target=\"_blank\" rel=\"noopener\"><\/a><br \/>\n                    <a class=\"share-whatsapp\" href=\"https:\/\/web.whatsapp.com\/send?text=https:\/\/www.tst.jus.br\/-\/justi%C3%A7a-do-trabalho-disponibiliza-sistema-de-gest%C3%A3o-or%C3%A7ament%C3%A1ria-e-financeira-para-a-justi%C3%A7a-federal\" target=\"_blank\" rel=\"noopener\"><\/a><br \/>\n                    <a class=\"share-googleplus\" href=\"https:\/\/plus.google.com\/share?url=https:\/\/www.tst.jus.br\/-\/justi%C3%A7a-do-trabalho-disponibiliza-sistema-de-gest%C3%A3o-or%C3%A7ament%C3%A1ria-e-financeira-para-a-justi%C3%A7a-federal\" target=\"_blank\" rel=\"noopener\"><\/a>\n                <\/div>\n<\/p><\/div>\n<div class=\"materia\">\n<p>24\/8\/2022 &#8211; O Conselho Superior da Justi\u00e7a do Trabalho (CSJT) e o Conselho Superior da Justi\u00e7a Federal (CJF) firmaram, nesta segunda-feira (23), um acordo de coopera\u00e7\u00e3o t\u00e9cnica para que a Justi\u00e7a Trabalhista disponibilize seu Sistema de Gest\u00e3o Or\u00e7ament\u00e1ria e Financeira (Sigeo-JT) para a Justi\u00e7a Federal.\u00a0<\/p>\n<p>O acordo foi assinado pelo presidente do Tribunal Superior do Trabalho (TST) e do CSJT, ministro Emmanoel Pereira, e pelo presidente do Superior Tribunal de Justi\u00e7a (STJ) e do CJF, ministro Humberto Martins, na sede do TST.\u00a0<\/p>\n<h4>Tecnologia de ponta<\/h4>\n<p>Em uso h\u00e1 mais de cinco anos, o Sigeo-JT tornou-se um marco na gest\u00e3o administrativa no Poder Judici\u00e1rio. \u201cO sistema agrega experi\u00eancia de v\u00e1rios \u00f3rg\u00e3os e tem fun\u00e7\u00f5es vers\u00e1teis, de modo a atender a diversidade e as peculiaridades de cada um dos tribunais envolvidos, bem como a complexidade e a abrang\u00eancia de uma Justi\u00e7a socialmente necess\u00e1ria e presente em toda a extens\u00e3o do territ\u00f3rio nacional\u201d, afirmou o ministro Emmanoel Pereira.\u00a0<\/p>\n<p>Desenvolvida por equipes de tecnologia da informa\u00e7\u00e3o, de finan\u00e7as e de or\u00e7amento do TST, do CSJT e dos Tribunais Regionais do Trabalho (TRTs), a ferramenta re\u00fane, em plataforma \u00fanica, informa\u00e7\u00f5es do conselho e dos tribunais trabalhistas. Segundo o ministro Emmanoel Pereira, \u00e9 uma \u201ctecnologia de ponta\u201d, pois o sistema \u00e9 pioneiro na automatiza\u00e7\u00e3o do envio da Proposta Or\u00e7ament\u00e1ria ao Minist\u00e9rio da Economia e permite a integra\u00e7\u00e3o com o Sistema Integrado de Administra\u00e7\u00e3o Financeira (Siafi), do Poder Executivo.\u00a0<\/p>\n<p>Segundo o ministro Humberto Martins, o objetivo da Justi\u00e7a Federal \u00e9 &#8220;unificar procedimentos para a elabora\u00e7\u00e3o do or\u00e7amento anual, bem como na execu\u00e7\u00e3o or\u00e7ament\u00e1ria nas unidades da Justi\u00e7a Federal\u201d. O compartilhamento, a seu ver, representa uma oportunidade de trocar experi\u00eancias e de aprimorar a qualidade da distribui\u00e7\u00e3o or\u00e7ament\u00e1ria.\u00a0<\/p>\n<h4>Coopera\u00e7\u00e3o<\/h4>\n<p>\u201cTrata-se de uma a\u00e7\u00e3o concreta em prol do compartilhamento de iniciativas e da consolida\u00e7\u00e3o da parceria entre \u00f3rg\u00e3os afins do Judici\u00e1rio brasileiro\u201d, destacou o presidente do TST e do CSJT, ministro Emmanoel Pereira.\u00a0<\/p>\n<p>O presidente do STJ e do CJF complementa que a parceria fortalece o Poder Judici\u00e1rio, que \u201cdeve ser visto como uma \u00fanica Justi\u00e7a, a Justi\u00e7a que trabalha pela jurisdi\u00e7\u00e3o, mas que trabalha pelo Brasil, uma Justi\u00e7a unida\u201d.<\/p>\n<p>Al\u00e9m disso, os ministros ressaltaram que a coopera\u00e7\u00e3o reafirma o compromisso da Justi\u00e7a do Trabalho e da Justi\u00e7a Federal com cidad\u00e3s e cidad\u00e3os, pois materializa princ\u00edpios da administra\u00e7\u00e3o p\u00fablica e da adequada gest\u00e3o de recursos p\u00fablicos, como economicidade, efetividade, efic\u00e1cia e efici\u00eancia.\u00a0<\/p>\n<p>(NP\/AJ)<\/p>\n<\/div><\/div>\n<\/div>\n","protected":false},"excerpt":{"rendered":"<p>Acordo de coopera\u00e7\u00e3o t\u00e9cnica foi assinado pelo presidente do TST e do CSJT, ministro Emmanoel Pereira, e pelo presidente do STJ e do CJF, ministro Humberto Martins Ministros Emmanoel Pereira e Humberto Martins 24\/8\/2022 &#8211; O Conselho Superior da Justi\u00e7a do Trabalho (CSJT) e o Conselho Superior da Justi\u00e7a Federal (CJF) firmaram, nesta segunda-feira (23), [&hellip;]<\/p>\n","protected":false},"author":0,"featured_media":13779,"comment_status":"open","ping_status":"","sticky":false,"template":"","format":"standard","meta":{"footnotes":""},"categories":[5],"tags":[],"class_list":["post-13778","post","type-post","status-publish","format-standard","has-post-thumbnail","hentry","category-noticias-educacao-financeira"],"blocksy_meta":{"styles_descriptor":{"styles":{"desktop":"","tablet":"","mobile":""},"google_fonts":[],"version":6}},"yoast_head":"<!-- This site is optimized with the Yoast SEO plugin v27.4 - https:\/\/yoast.com\/product\/yoast-seo-wordpress\/ -->\n<title>Justi\u00e7a do Trabalho disponibiliza sistema de gest\u00e3o or\u00e7ament\u00e1ria e financeira para a Justi\u00e7a Federal - Contabilidade Caxias<\/title>\n<meta name=\"robots\" content=\"index, follow, max-snippet:-1, max-image-preview:large, max-video-preview:-1\" \/>\n<link rel=\"canonical\" href=\"https:\/\/contabilidadecaxias.com.br\/index.php\/2022\/08\/24\/justica-do-trabalho-disponibiliza-sistema-de-gestao-orcamentaria-e-financeira-para-a-justica-federal\/\" \/>\n<meta property=\"og:locale\" content=\"pt_BR\" \/>\n<meta property=\"og:type\" content=\"article\" \/>\n<meta property=\"og:title\" content=\"Justi\u00e7a do Trabalho disponibiliza sistema de gest\u00e3o or\u00e7ament\u00e1ria e financeira para a Justi\u00e7a Federal - Contabilidade Caxias\" \/>\n<meta property=\"og:description\" content=\"Acordo de coopera\u00e7\u00e3o t\u00e9cnica foi assinado pelo presidente do TST e do CSJT, ministro Emmanoel Pereira, e pelo presidente do STJ e do CJF, ministro Humberto Martins Ministros Emmanoel Pereira e Humberto Martins 24\/8\/2022 &#8211; O Conselho Superior da Justi\u00e7a do Trabalho (CSJT) e o Conselho Superior da Justi\u00e7a Federal (CJF) firmaram, nesta segunda-feira (23), [&hellip;]\" \/>\n<meta property=\"og:url\" content=\"https:\/\/contabilidadecaxias.com.br\/index.php\/2022\/08\/24\/justica-do-trabalho-disponibiliza-sistema-de-gestao-orcamentaria-e-financeira-para-a-justica-federal\/\" \/>\n<meta property=\"og:site_name\" content=\"Contabilidade Caxias\" \/>\n<meta property=\"article:published_time\" content=\"2022-08-24T21:14:52+00:00\" \/>\n<meta name=\"twitter:card\" content=\"summary_large_image\" \/>\n<meta name=\"twitter:label1\" content=\"Est. tempo de leitura\" \/>\n\t<meta name=\"twitter:data1\" content=\"2 minutos\" \/>\n<script type=\"application\/ld+json\" class=\"yoast-schema-graph\">{\"@context\":\"https:\\\/\\\/schema.org\",\"@graph\":[{\"@type\":\"Article\",\"@id\":\"https:\\\/\\\/contabilidadecaxias.com.br\\\/index.php\\\/2022\\\/08\\\/24\\\/justica-do-trabalho-disponibiliza-sistema-de-gestao-orcamentaria-e-financeira-para-a-justica-federal\\\/#article\",\"isPartOf\":{\"@id\":\"https:\\\/\\\/contabilidadecaxias.com.br\\\/index.php\\\/2022\\\/08\\\/24\\\/justica-do-trabalho-disponibiliza-sistema-de-gestao-orcamentaria-e-financeira-para-a-justica-federal\\\/\"},\"author\":{\"name\":\"\",\"@id\":\"\"},\"headline\":\"Justi\u00e7a do Trabalho disponibiliza sistema de gest\u00e3o or\u00e7ament\u00e1ria e financeira para a Justi\u00e7a Federal\",\"datePublished\":\"2022-08-24T21:14:52+00:00\",\"mainEntityOfPage\":{\"@id\":\"https:\\\/\\\/contabilidadecaxias.com.br\\\/index.php\\\/2022\\\/08\\\/24\\\/justica-do-trabalho-disponibiliza-sistema-de-gestao-orcamentaria-e-financeira-para-a-justica-federal\\\/\"},\"wordCount\":511,\"commentCount\":0,\"image\":{\"@id\":\"https:\\\/\\\/contabilidadecaxias.com.br\\\/index.php\\\/2022\\\/08\\\/24\\\/justica-do-trabalho-disponibiliza-sistema-de-gestao-orcamentaria-e-financeira-para-a-justica-federal\\\/#primaryimage\"},\"thumbnailUrl\":\"https:\\\/\\\/contabilidadecaxias.com.br\\\/wp-content\\\/uploads\\\/2022\\\/08\\\/4019f445-c41a-90a8-bdb5-727296cd4985-bVjUy6.jpeg\",\"articleSection\":[\"Educa\u00e7\u00e3o Financeira\"],\"inLanguage\":\"pt-BR\",\"potentialAction\":[{\"@type\":\"CommentAction\",\"name\":\"Comment\",\"target\":[\"https:\\\/\\\/contabilidadecaxias.com.br\\\/index.php\\\/2022\\\/08\\\/24\\\/justica-do-trabalho-disponibiliza-sistema-de-gestao-orcamentaria-e-financeira-para-a-justica-federal\\\/#respond\"]}]},{\"@type\":\"WebPage\",\"@id\":\"https:\\\/\\\/contabilidadecaxias.com.br\\\/index.php\\\/2022\\\/08\\\/24\\\/justica-do-trabalho-disponibiliza-sistema-de-gestao-orcamentaria-e-financeira-para-a-justica-federal\\\/\",\"url\":\"https:\\\/\\\/contabilidadecaxias.com.br\\\/index.php\\\/2022\\\/08\\\/24\\\/justica-do-trabalho-disponibiliza-sistema-de-gestao-orcamentaria-e-financeira-para-a-justica-federal\\\/\",\"name\":\"Justi\u00e7a do Trabalho disponibiliza sistema de gest\u00e3o or\u00e7ament\u00e1ria e financeira para a Justi\u00e7a Federal - Contabilidade Caxias\",\"isPartOf\":{\"@id\":\"https:\\\/\\\/contabilidadecaxias.com.br\\\/#website\"},\"primaryImageOfPage\":{\"@id\":\"https:\\\/\\\/contabilidadecaxias.com.br\\\/index.php\\\/2022\\\/08\\\/24\\\/justica-do-trabalho-disponibiliza-sistema-de-gestao-orcamentaria-e-financeira-para-a-justica-federal\\\/#primaryimage\"},\"image\":{\"@id\":\"https:\\\/\\\/contabilidadecaxias.com.br\\\/index.php\\\/2022\\\/08\\\/24\\\/justica-do-trabalho-disponibiliza-sistema-de-gestao-orcamentaria-e-financeira-para-a-justica-federal\\\/#primaryimage\"},\"thumbnailUrl\":\"https:\\\/\\\/contabilidadecaxias.com.br\\\/wp-content\\\/uploads\\\/2022\\\/08\\\/4019f445-c41a-90a8-bdb5-727296cd4985-bVjUy6.jpeg\",\"datePublished\":\"2022-08-24T21:14:52+00:00\",\"author\":{\"@id\":\"\"},\"breadcrumb\":{\"@id\":\"https:\\\/\\\/contabilidadecaxias.com.br\\\/index.php\\\/2022\\\/08\\\/24\\\/justica-do-trabalho-disponibiliza-sistema-de-gestao-orcamentaria-e-financeira-para-a-justica-federal\\\/#breadcrumb\"},\"inLanguage\":\"pt-BR\",\"potentialAction\":[{\"@type\":\"ReadAction\",\"target\":[\"https:\\\/\\\/contabilidadecaxias.com.br\\\/index.php\\\/2022\\\/08\\\/24\\\/justica-do-trabalho-disponibiliza-sistema-de-gestao-orcamentaria-e-financeira-para-a-justica-federal\\\/\"]}]},{\"@type\":\"ImageObject\",\"inLanguage\":\"pt-BR\",\"@id\":\"https:\\\/\\\/contabilidadecaxias.com.br\\\/index.php\\\/2022\\\/08\\\/24\\\/justica-do-trabalho-disponibiliza-sistema-de-gestao-orcamentaria-e-financeira-para-a-justica-federal\\\/#primaryimage\",\"url\":\"https:\\\/\\\/contabilidadecaxias.com.br\\\/wp-content\\\/uploads\\\/2022\\\/08\\\/4019f445-c41a-90a8-bdb5-727296cd4985-bVjUy6.jpeg\",\"contentUrl\":\"https:\\\/\\\/contabilidadecaxias.com.br\\\/wp-content\\\/uploads\\\/2022\\\/08\\\/4019f445-c41a-90a8-bdb5-727296cd4985-bVjUy6.jpeg\",\"width\":1280,\"height\":853},{\"@type\":\"BreadcrumbList\",\"@id\":\"https:\\\/\\\/contabilidadecaxias.com.br\\\/index.php\\\/2022\\\/08\\\/24\\\/justica-do-trabalho-disponibiliza-sistema-de-gestao-orcamentaria-e-financeira-para-a-justica-federal\\\/#breadcrumb\",\"itemListElement\":[{\"@type\":\"ListItem\",\"position\":1,\"name\":\"In\u00edcio\",\"item\":\"https:\\\/\\\/contabilidadecaxias.com.br\\\/\"},{\"@type\":\"ListItem\",\"position\":2,\"name\":\"Justi\u00e7a do Trabalho disponibiliza sistema de gest\u00e3o or\u00e7ament\u00e1ria e financeira para a Justi\u00e7a Federal\"}]},{\"@type\":\"WebSite\",\"@id\":\"https:\\\/\\\/contabilidadecaxias.com.br\\\/#website\",\"url\":\"https:\\\/\\\/contabilidadecaxias.com.br\\\/\",\"name\":\"Contabilidade Caxias\",\"description\":\"Site especializado em Contabilidade para Caxias.\",\"potentialAction\":[{\"@type\":\"SearchAction\",\"target\":{\"@type\":\"EntryPoint\",\"urlTemplate\":\"https:\\\/\\\/contabilidadecaxias.com.br\\\/?s={search_term_string}\"},\"query-input\":{\"@type\":\"PropertyValueSpecification\",\"valueRequired\":true,\"valueName\":\"search_term_string\"}}],\"inLanguage\":\"pt-BR\"}]}<\/script>\n<!-- \/ Yoast SEO plugin. -->","yoast_head_json":{"title":"Justi\u00e7a do Trabalho disponibiliza sistema de gest\u00e3o or\u00e7ament\u00e1ria e financeira para a Justi\u00e7a Federal - Contabilidade Caxias","robots":{"index":"index","follow":"follow","max-snippet":"max-snippet:-1","max-image-preview":"max-image-preview:large","max-video-preview":"max-video-preview:-1"},"canonical":"https:\/\/contabilidadecaxias.com.br\/index.php\/2022\/08\/24\/justica-do-trabalho-disponibiliza-sistema-de-gestao-orcamentaria-e-financeira-para-a-justica-federal\/","og_locale":"pt_BR","og_type":"article","og_title":"Justi\u00e7a do Trabalho disponibiliza sistema de gest\u00e3o or\u00e7ament\u00e1ria e financeira para a Justi\u00e7a Federal - Contabilidade Caxias","og_description":"Acordo de coopera\u00e7\u00e3o t\u00e9cnica foi assinado pelo presidente do TST e do CSJT, ministro Emmanoel Pereira, e pelo presidente do STJ e do CJF, ministro Humberto Martins Ministros Emmanoel Pereira e Humberto Martins 24\/8\/2022 &#8211; O Conselho Superior da Justi\u00e7a do Trabalho (CSJT) e o Conselho Superior da Justi\u00e7a Federal (CJF) firmaram, nesta segunda-feira (23), [&hellip;]","og_url":"https:\/\/contabilidadecaxias.com.br\/index.php\/2022\/08\/24\/justica-do-trabalho-disponibiliza-sistema-de-gestao-orcamentaria-e-financeira-para-a-justica-federal\/","og_site_name":"Contabilidade Caxias","article_published_time":"2022-08-24T21:14:52+00:00","twitter_card":"summary_large_image","twitter_misc":{"Est. tempo de leitura":"2 minutos"},"schema":{"@context":"https:\/\/schema.org","@graph":[{"@type":"Article","@id":"https:\/\/contabilidadecaxias.com.br\/index.php\/2022\/08\/24\/justica-do-trabalho-disponibiliza-sistema-de-gestao-orcamentaria-e-financeira-para-a-justica-federal\/#article","isPartOf":{"@id":"https:\/\/contabilidadecaxias.com.br\/index.php\/2022\/08\/24\/justica-do-trabalho-disponibiliza-sistema-de-gestao-orcamentaria-e-financeira-para-a-justica-federal\/"},"author":{"name":"","@id":""},"headline":"Justi\u00e7a do Trabalho disponibiliza sistema de gest\u00e3o or\u00e7ament\u00e1ria e financeira para a Justi\u00e7a Federal","datePublished":"2022-08-24T21:14:52+00:00","mainEntityOfPage":{"@id":"https:\/\/contabilidadecaxias.com.br\/index.php\/2022\/08\/24\/justica-do-trabalho-disponibiliza-sistema-de-gestao-orcamentaria-e-financeira-para-a-justica-federal\/"},"wordCount":511,"commentCount":0,"image":{"@id":"https:\/\/contabilidadecaxias.com.br\/index.php\/2022\/08\/24\/justica-do-trabalho-disponibiliza-sistema-de-gestao-orcamentaria-e-financeira-para-a-justica-federal\/#primaryimage"},"thumbnailUrl":"https:\/\/contabilidadecaxias.com.br\/wp-content\/uploads\/2022\/08\/4019f445-c41a-90a8-bdb5-727296cd4985-bVjUy6.jpeg","articleSection":["Educa\u00e7\u00e3o Financeira"],"inLanguage":"pt-BR","potentialAction":[{"@type":"CommentAction","name":"Comment","target":["https:\/\/contabilidadecaxias.com.br\/index.php\/2022\/08\/24\/justica-do-trabalho-disponibiliza-sistema-de-gestao-orcamentaria-e-financeira-para-a-justica-federal\/#respond"]}]},{"@type":"WebPage","@id":"https:\/\/contabilidadecaxias.com.br\/index.php\/2022\/08\/24\/justica-do-trabalho-disponibiliza-sistema-de-gestao-orcamentaria-e-financeira-para-a-justica-federal\/","url":"https:\/\/contabilidadecaxias.com.br\/index.php\/2022\/08\/24\/justica-do-trabalho-disponibiliza-sistema-de-gestao-orcamentaria-e-financeira-para-a-justica-federal\/","name":"Justi\u00e7a do Trabalho disponibiliza sistema de gest\u00e3o or\u00e7ament\u00e1ria e financeira para a Justi\u00e7a Federal - Contabilidade Caxias","isPartOf":{"@id":"https:\/\/contabilidadecaxias.com.br\/#website"},"primaryImageOfPage":{"@id":"https:\/\/contabilidadecaxias.com.br\/index.php\/2022\/08\/24\/justica-do-trabalho-disponibiliza-sistema-de-gestao-orcamentaria-e-financeira-para-a-justica-federal\/#primaryimage"},"image":{"@id":"https:\/\/contabilidadecaxias.com.br\/index.php\/2022\/08\/24\/justica-do-trabalho-disponibiliza-sistema-de-gestao-orcamentaria-e-financeira-para-a-justica-federal\/#primaryimage"},"thumbnailUrl":"https:\/\/contabilidadecaxias.com.br\/wp-content\/uploads\/2022\/08\/4019f445-c41a-90a8-bdb5-727296cd4985-bVjUy6.jpeg","datePublished":"2022-08-24T21:14:52+00:00","author":{"@id":""},"breadcrumb":{"@id":"https:\/\/contabilidadecaxias.com.br\/index.php\/2022\/08\/24\/justica-do-trabalho-disponibiliza-sistema-de-gestao-orcamentaria-e-financeira-para-a-justica-federal\/#breadcrumb"},"inLanguage":"pt-BR","potentialAction":[{"@type":"ReadAction","target":["https:\/\/contabilidadecaxias.com.br\/index.php\/2022\/08\/24\/justica-do-trabalho-disponibiliza-sistema-de-gestao-orcamentaria-e-financeira-para-a-justica-federal\/"]}]},{"@type":"ImageObject","inLanguage":"pt-BR","@id":"https:\/\/contabilidadecaxias.com.br\/index.php\/2022\/08\/24\/justica-do-trabalho-disponibiliza-sistema-de-gestao-orcamentaria-e-financeira-para-a-justica-federal\/#primaryimage","url":"https:\/\/contabilidadecaxias.com.br\/wp-content\/uploads\/2022\/08\/4019f445-c41a-90a8-bdb5-727296cd4985-bVjUy6.jpeg","contentUrl":"https:\/\/contabilidadecaxias.com.br\/wp-content\/uploads\/2022\/08\/4019f445-c41a-90a8-bdb5-727296cd4985-bVjUy6.jpeg","width":1280,"height":853},{"@type":"BreadcrumbList","@id":"https:\/\/contabilidadecaxias.com.br\/index.php\/2022\/08\/24\/justica-do-trabalho-disponibiliza-sistema-de-gestao-orcamentaria-e-financeira-para-a-justica-federal\/#breadcrumb","itemListElement":[{"@type":"ListItem","position":1,"name":"In\u00edcio","item":"https:\/\/contabilidadecaxias.com.br\/"},{"@type":"ListItem","position":2,"name":"Justi\u00e7a do Trabalho disponibiliza sistema de gest\u00e3o or\u00e7ament\u00e1ria e financeira para a Justi\u00e7a Federal"}]},{"@type":"WebSite","@id":"https:\/\/contabilidadecaxias.com.br\/#website","url":"https:\/\/contabilidadecaxias.com.br\/","name":"Contabilidade Caxias","description":"Site especializado em Contabilidade para Caxias.","potentialAction":[{"@type":"SearchAction","target":{"@type":"EntryPoint","urlTemplate":"https:\/\/contabilidadecaxias.com.br\/?s={search_term_string}"},"query-input":{"@type":"PropertyValueSpecification","valueRequired":true,"valueName":"search_term_string"}}],"inLanguage":"pt-BR"}]}},"_links":{"self":[{"href":"https:\/\/contabilidadecaxias.com.br\/index.php\/wp-json\/wp\/v2\/posts\/13778","targetHints":{"allow":["GET"]}}],"collection":[{"href":"https:\/\/contabilidadecaxias.com.br\/index.php\/wp-json\/wp\/v2\/posts"}],"about":[{"href":"https:\/\/contabilidadecaxias.com.br\/index.php\/wp-json\/wp\/v2\/types\/post"}],"replies":[{"embeddable":true,"href":"https:\/\/contabilidadecaxias.com.br\/index.php\/wp-json\/wp\/v2\/comments?post=13778"}],"version-history":[{"count":0,"href":"https:\/\/contabilidadecaxias.com.br\/index.php\/wp-json\/wp\/v2\/posts\/13778\/revisions"}],"wp:featuredmedia":[{"embeddable":true,"href":"https:\/\/contabilidadecaxias.com.br\/index.php\/wp-json\/wp\/v2\/media\/13779"}],"wp:attachment":[{"href":"https:\/\/contabilidadecaxias.com.br\/index.php\/wp-json\/wp\/v2\/media?parent=13778"}],"wp:term":[{"taxonomy":"category","embeddable":true,"href":"https:\/\/contabilidadecaxias.com.br\/index.php\/wp-json\/wp\/v2\/categories?post=13778"},{"taxonomy":"post_tag","embeddable":true,"href":"https:\/\/contabilidadecaxias.com.br\/index.php\/wp-json\/wp\/v2\/tags?post=13778"}],"curies":[{"name":"wp","href":"https:\/\/api.w.org\/{rel}","templated":true}]}}