{"id":13770,"date":"2022-08-24T16:04:19","date_gmt":"2022-08-24T19:04:19","guid":{"rendered":"https:\/\/contabilidadecaxias.com.br\/index.php\/2022\/08\/24\/rede-de-supermercados-e-condenada-a-pagar-150-mil-de-indenizacao-por-dano-moral-coletivo\/"},"modified":"2022-08-24T16:04:19","modified_gmt":"2022-08-24T19:04:19","slug":"rede-de-supermercados-e-condenada-a-pagar-150-mil-de-indenizacao-por-dano-moral-coletivo","status":"publish","type":"post","link":"https:\/\/contabilidadecaxias.com.br\/index.php\/2022\/08\/24\/rede-de-supermercados-e-condenada-a-pagar-150-mil-de-indenizacao-por-dano-moral-coletivo\/","title":{"rendered":"Rede de supermercados \u00e9 condenada a pagar 150 mil de indeniza\u00e7\u00e3o por dano moral coletivo"},"content":{"rendered":"<div>\n\u00a0<br \/>\n\u00a0\u00a0\u00a0\u00a0\u00a0\u00a0\u00a0\u00a0 \u00a0\u00a0\u00a0\u00a0\u00a0\u00a0\u00a0\u00a0 \u00a0\u00a0\u00a0\u00a0\u00a0\u00a0 <a href=\"https:\/\/www.tst.jus.br\/documents\/10157\/27885360\/23-08+VIVO+18H+BOL+SUPERMERCADO+ATRASO+SAL%C3%81RIO-+ANDERSON+CONRADO.mp3\/6bf64743-888d-5669-f054-613a2a0b227c?t=1661366967731\"> Baixe o \u00e1udio <\/a><\/div>\n<div><button>Reproduzir o \u00e1udio<\/button>\u00a0\u00a0<button>Pausar o \u00e1udio<\/button>\u00a0\u00a0<button>Aumentar o volume<\/button>\u00a0\u00a0<button>Diminuir o volume<\/button><\/div>\n<p>\u00a0<\/p>\n<p>24\/08\/22 &#8211;\u00a0O WMS Supermercados do Brasil, do munic\u00edpio ga\u00facho de Santo\u00a0 \u00c2ngelo, ter\u00e1 de pagar R$ 150 mil de indeniza\u00e7\u00e3o por dano moral coletivo. A condena\u00e7\u00e3o foi mantida pela Sexta Turma do Tribunal Superior do Trabalho, que constatou uma s\u00e9rie de irregularidades cometidas pela empresa que causaram preju\u00edzos aos empregados e \u00e0 coletividade, como o atraso reiterado no pagamento de sal\u00e1rios por quase um ano.\u00a0<\/p>\n<p>Acompanhe os detalhes do caso na reportagem de Anderson Conrado.<\/p>\n<p>Processo:\u00a0<a href=\"https:\/\/consultaprocessual.tst.jus.br\/consultaProcessual\/consultaTstNumUnica.do?consulta=Consultar&amp;conscsjt=&amp;numeroTst=1051&amp;digitoTst=04&amp;anoTst=2012&amp;orgaoTst=5&amp;tribunalTst=04&amp;varaTst=0741&amp;submit=Consultar\" target=\"_blank\" rel=\"noopener\">RR-1051-04.2012.5.04.0741<\/a><\/p>\n","protected":false},"excerpt":{"rendered":"<p>\u00a0 \u00a0\u00a0\u00a0\u00a0\u00a0\u00a0\u00a0\u00a0 \u00a0\u00a0\u00a0\u00a0\u00a0\u00a0\u00a0\u00a0 \u00a0\u00a0\u00a0\u00a0\u00a0\u00a0 Baixe o \u00e1udio Reproduzir o \u00e1udio\u00a0\u00a0Pausar o \u00e1udio\u00a0\u00a0Aumentar o volume\u00a0\u00a0Diminuir o volume \u00a0 24\/08\/22 &#8211;\u00a0O WMS Supermercados do Brasil, do munic\u00edpio ga\u00facho de Santo\u00a0 \u00c2ngelo, ter\u00e1 de pagar R$ 150 mil de indeniza\u00e7\u00e3o por dano moral coletivo. A condena\u00e7\u00e3o foi mantida pela Sexta Turma do Tribunal Superior do Trabalho, que constatou [&hellip;]<\/p>\n","protected":false},"author":0,"featured_media":0,"comment_status":"open","ping_status":"","sticky":false,"template":"","format":"standard","meta":{"footnotes":""},"categories":[5],"tags":[],"class_list":["post-13770","post","type-post","status-publish","format-standard","hentry","category-noticias-educacao-financeira"],"blocksy_meta":{"styles_descriptor":{"styles":{"desktop":"","tablet":"","mobile":""},"google_fonts":[],"version":6}},"yoast_head":"<!-- This site is optimized with the Yoast SEO plugin v27.4 - https:\/\/yoast.com\/product\/yoast-seo-wordpress\/ -->\n<title>Rede de supermercados \u00e9 condenada a pagar 150 mil de indeniza\u00e7\u00e3o por dano moral coletivo - Contabilidade Caxias<\/title>\n<meta name=\"robots\" content=\"index, follow, max-snippet:-1, max-image-preview:large, max-video-preview:-1\" \/>\n<link rel=\"canonical\" href=\"https:\/\/contabilidadecaxias.com.br\/index.php\/2022\/08\/24\/rede-de-supermercados-e-condenada-a-pagar-150-mil-de-indenizacao-por-dano-moral-coletivo\/\" \/>\n<meta property=\"og:locale\" content=\"pt_BR\" \/>\n<meta property=\"og:type\" content=\"article\" \/>\n<meta property=\"og:title\" content=\"Rede de supermercados \u00e9 condenada a pagar 150 mil de indeniza\u00e7\u00e3o por dano moral coletivo - Contabilidade Caxias\" \/>\n<meta property=\"og:description\" content=\"\u00a0 \u00a0\u00a0\u00a0\u00a0\u00a0\u00a0\u00a0\u00a0 \u00a0\u00a0\u00a0\u00a0\u00a0\u00a0\u00a0\u00a0 \u00a0\u00a0\u00a0\u00a0\u00a0\u00a0 Baixe o \u00e1udio Reproduzir o \u00e1udio\u00a0\u00a0Pausar o \u00e1udio\u00a0\u00a0Aumentar o volume\u00a0\u00a0Diminuir o volume \u00a0 24\/08\/22 &#8211;\u00a0O WMS Supermercados do Brasil, do munic\u00edpio ga\u00facho de Santo\u00a0 \u00c2ngelo, ter\u00e1 de pagar R$ 150 mil de indeniza\u00e7\u00e3o por dano moral coletivo. A condena\u00e7\u00e3o foi mantida pela Sexta Turma do Tribunal Superior do Trabalho, que constatou [&hellip;]\" \/>\n<meta property=\"og:url\" content=\"https:\/\/contabilidadecaxias.com.br\/index.php\/2022\/08\/24\/rede-de-supermercados-e-condenada-a-pagar-150-mil-de-indenizacao-por-dano-moral-coletivo\/\" \/>\n<meta property=\"og:site_name\" content=\"Contabilidade Caxias\" \/>\n<meta property=\"article:published_time\" content=\"2022-08-24T19:04:19+00:00\" \/>\n<meta name=\"twitter:card\" content=\"summary_large_image\" \/>\n<script type=\"application\/ld+json\" class=\"yoast-schema-graph\">{\"@context\":\"https:\\\/\\\/schema.org\",\"@graph\":[{\"@type\":\"Article\",\"@id\":\"https:\\\/\\\/contabilidadecaxias.com.br\\\/index.php\\\/2022\\\/08\\\/24\\\/rede-de-supermercados-e-condenada-a-pagar-150-mil-de-indenizacao-por-dano-moral-coletivo\\\/#article\",\"isPartOf\":{\"@id\":\"https:\\\/\\\/contabilidadecaxias.com.br\\\/index.php\\\/2022\\\/08\\\/24\\\/rede-de-supermercados-e-condenada-a-pagar-150-mil-de-indenizacao-por-dano-moral-coletivo\\\/\"},\"author\":{\"name\":\"\",\"@id\":\"\"},\"headline\":\"Rede de supermercados \u00e9 condenada a pagar 150 mil de indeniza\u00e7\u00e3o por dano moral coletivo\",\"datePublished\":\"2022-08-24T19:04:19+00:00\",\"mainEntityOfPage\":{\"@id\":\"https:\\\/\\\/contabilidadecaxias.com.br\\\/index.php\\\/2022\\\/08\\\/24\\\/rede-de-supermercados-e-condenada-a-pagar-150-mil-de-indenizacao-por-dano-moral-coletivo\\\/\"},\"wordCount\":112,\"commentCount\":0,\"articleSection\":[\"Educa\u00e7\u00e3o Financeira\"],\"inLanguage\":\"pt-BR\",\"potentialAction\":[{\"@type\":\"CommentAction\",\"name\":\"Comment\",\"target\":[\"https:\\\/\\\/contabilidadecaxias.com.br\\\/index.php\\\/2022\\\/08\\\/24\\\/rede-de-supermercados-e-condenada-a-pagar-150-mil-de-indenizacao-por-dano-moral-coletivo\\\/#respond\"]}]},{\"@type\":\"WebPage\",\"@id\":\"https:\\\/\\\/contabilidadecaxias.com.br\\\/index.php\\\/2022\\\/08\\\/24\\\/rede-de-supermercados-e-condenada-a-pagar-150-mil-de-indenizacao-por-dano-moral-coletivo\\\/\",\"url\":\"https:\\\/\\\/contabilidadecaxias.com.br\\\/index.php\\\/2022\\\/08\\\/24\\\/rede-de-supermercados-e-condenada-a-pagar-150-mil-de-indenizacao-por-dano-moral-coletivo\\\/\",\"name\":\"Rede de supermercados \u00e9 condenada a pagar 150 mil de indeniza\u00e7\u00e3o por dano moral coletivo - Contabilidade Caxias\",\"isPartOf\":{\"@id\":\"https:\\\/\\\/contabilidadecaxias.com.br\\\/#website\"},\"datePublished\":\"2022-08-24T19:04:19+00:00\",\"author\":{\"@id\":\"\"},\"breadcrumb\":{\"@id\":\"https:\\\/\\\/contabilidadecaxias.com.br\\\/index.php\\\/2022\\\/08\\\/24\\\/rede-de-supermercados-e-condenada-a-pagar-150-mil-de-indenizacao-por-dano-moral-coletivo\\\/#breadcrumb\"},\"inLanguage\":\"pt-BR\",\"potentialAction\":[{\"@type\":\"ReadAction\",\"target\":[\"https:\\\/\\\/contabilidadecaxias.com.br\\\/index.php\\\/2022\\\/08\\\/24\\\/rede-de-supermercados-e-condenada-a-pagar-150-mil-de-indenizacao-por-dano-moral-coletivo\\\/\"]}]},{\"@type\":\"BreadcrumbList\",\"@id\":\"https:\\\/\\\/contabilidadecaxias.com.br\\\/index.php\\\/2022\\\/08\\\/24\\\/rede-de-supermercados-e-condenada-a-pagar-150-mil-de-indenizacao-por-dano-moral-coletivo\\\/#breadcrumb\",\"itemListElement\":[{\"@type\":\"ListItem\",\"position\":1,\"name\":\"In\u00edcio\",\"item\":\"https:\\\/\\\/contabilidadecaxias.com.br\\\/\"},{\"@type\":\"ListItem\",\"position\":2,\"name\":\"Rede de supermercados \u00e9 condenada a pagar 150 mil de indeniza\u00e7\u00e3o por dano moral coletivo\"}]},{\"@type\":\"WebSite\",\"@id\":\"https:\\\/\\\/contabilidadecaxias.com.br\\\/#website\",\"url\":\"https:\\\/\\\/contabilidadecaxias.com.br\\\/\",\"name\":\"Contabilidade Caxias\",\"description\":\"Site especializado em Contabilidade para Caxias.\",\"potentialAction\":[{\"@type\":\"SearchAction\",\"target\":{\"@type\":\"EntryPoint\",\"urlTemplate\":\"https:\\\/\\\/contabilidadecaxias.com.br\\\/?s={search_term_string}\"},\"query-input\":{\"@type\":\"PropertyValueSpecification\",\"valueRequired\":true,\"valueName\":\"search_term_string\"}}],\"inLanguage\":\"pt-BR\"}]}<\/script>\n<!-- \/ Yoast SEO plugin. -->","yoast_head_json":{"title":"Rede de supermercados \u00e9 condenada a pagar 150 mil de indeniza\u00e7\u00e3o por dano moral coletivo - Contabilidade Caxias","robots":{"index":"index","follow":"follow","max-snippet":"max-snippet:-1","max-image-preview":"max-image-preview:large","max-video-preview":"max-video-preview:-1"},"canonical":"https:\/\/contabilidadecaxias.com.br\/index.php\/2022\/08\/24\/rede-de-supermercados-e-condenada-a-pagar-150-mil-de-indenizacao-por-dano-moral-coletivo\/","og_locale":"pt_BR","og_type":"article","og_title":"Rede de supermercados \u00e9 condenada a pagar 150 mil de indeniza\u00e7\u00e3o por dano moral coletivo - Contabilidade Caxias","og_description":"\u00a0 \u00a0\u00a0\u00a0\u00a0\u00a0\u00a0\u00a0\u00a0 \u00a0\u00a0\u00a0\u00a0\u00a0\u00a0\u00a0\u00a0 \u00a0\u00a0\u00a0\u00a0\u00a0\u00a0 Baixe o \u00e1udio Reproduzir o \u00e1udio\u00a0\u00a0Pausar o \u00e1udio\u00a0\u00a0Aumentar o volume\u00a0\u00a0Diminuir o volume \u00a0 24\/08\/22 &#8211;\u00a0O WMS Supermercados do Brasil, do munic\u00edpio ga\u00facho de Santo\u00a0 \u00c2ngelo, ter\u00e1 de pagar R$ 150 mil de indeniza\u00e7\u00e3o por dano moral coletivo. A condena\u00e7\u00e3o foi mantida pela Sexta Turma do Tribunal Superior do Trabalho, que constatou [&hellip;]","og_url":"https:\/\/contabilidadecaxias.com.br\/index.php\/2022\/08\/24\/rede-de-supermercados-e-condenada-a-pagar-150-mil-de-indenizacao-por-dano-moral-coletivo\/","og_site_name":"Contabilidade Caxias","article_published_time":"2022-08-24T19:04:19+00:00","twitter_card":"summary_large_image","schema":{"@context":"https:\/\/schema.org","@graph":[{"@type":"Article","@id":"https:\/\/contabilidadecaxias.com.br\/index.php\/2022\/08\/24\/rede-de-supermercados-e-condenada-a-pagar-150-mil-de-indenizacao-por-dano-moral-coletivo\/#article","isPartOf":{"@id":"https:\/\/contabilidadecaxias.com.br\/index.php\/2022\/08\/24\/rede-de-supermercados-e-condenada-a-pagar-150-mil-de-indenizacao-por-dano-moral-coletivo\/"},"author":{"name":"","@id":""},"headline":"Rede de supermercados \u00e9 condenada a pagar 150 mil de indeniza\u00e7\u00e3o por dano moral coletivo","datePublished":"2022-08-24T19:04:19+00:00","mainEntityOfPage":{"@id":"https:\/\/contabilidadecaxias.com.br\/index.php\/2022\/08\/24\/rede-de-supermercados-e-condenada-a-pagar-150-mil-de-indenizacao-por-dano-moral-coletivo\/"},"wordCount":112,"commentCount":0,"articleSection":["Educa\u00e7\u00e3o Financeira"],"inLanguage":"pt-BR","potentialAction":[{"@type":"CommentAction","name":"Comment","target":["https:\/\/contabilidadecaxias.com.br\/index.php\/2022\/08\/24\/rede-de-supermercados-e-condenada-a-pagar-150-mil-de-indenizacao-por-dano-moral-coletivo\/#respond"]}]},{"@type":"WebPage","@id":"https:\/\/contabilidadecaxias.com.br\/index.php\/2022\/08\/24\/rede-de-supermercados-e-condenada-a-pagar-150-mil-de-indenizacao-por-dano-moral-coletivo\/","url":"https:\/\/contabilidadecaxias.com.br\/index.php\/2022\/08\/24\/rede-de-supermercados-e-condenada-a-pagar-150-mil-de-indenizacao-por-dano-moral-coletivo\/","name":"Rede de supermercados \u00e9 condenada a pagar 150 mil de indeniza\u00e7\u00e3o por dano moral coletivo - Contabilidade Caxias","isPartOf":{"@id":"https:\/\/contabilidadecaxias.com.br\/#website"},"datePublished":"2022-08-24T19:04:19+00:00","author":{"@id":""},"breadcrumb":{"@id":"https:\/\/contabilidadecaxias.com.br\/index.php\/2022\/08\/24\/rede-de-supermercados-e-condenada-a-pagar-150-mil-de-indenizacao-por-dano-moral-coletivo\/#breadcrumb"},"inLanguage":"pt-BR","potentialAction":[{"@type":"ReadAction","target":["https:\/\/contabilidadecaxias.com.br\/index.php\/2022\/08\/24\/rede-de-supermercados-e-condenada-a-pagar-150-mil-de-indenizacao-por-dano-moral-coletivo\/"]}]},{"@type":"BreadcrumbList","@id":"https:\/\/contabilidadecaxias.com.br\/index.php\/2022\/08\/24\/rede-de-supermercados-e-condenada-a-pagar-150-mil-de-indenizacao-por-dano-moral-coletivo\/#breadcrumb","itemListElement":[{"@type":"ListItem","position":1,"name":"In\u00edcio","item":"https:\/\/contabilidadecaxias.com.br\/"},{"@type":"ListItem","position":2,"name":"Rede de supermercados \u00e9 condenada a pagar 150 mil de indeniza\u00e7\u00e3o por dano moral coletivo"}]},{"@type":"WebSite","@id":"https:\/\/contabilidadecaxias.com.br\/#website","url":"https:\/\/contabilidadecaxias.com.br\/","name":"Contabilidade Caxias","description":"Site especializado em Contabilidade para Caxias.","potentialAction":[{"@type":"SearchAction","target":{"@type":"EntryPoint","urlTemplate":"https:\/\/contabilidadecaxias.com.br\/?s={search_term_string}"},"query-input":{"@type":"PropertyValueSpecification","valueRequired":true,"valueName":"search_term_string"}}],"inLanguage":"pt-BR"}]}},"_links":{"self":[{"href":"https:\/\/contabilidadecaxias.com.br\/index.php\/wp-json\/wp\/v2\/posts\/13770","targetHints":{"allow":["GET"]}}],"collection":[{"href":"https:\/\/contabilidadecaxias.com.br\/index.php\/wp-json\/wp\/v2\/posts"}],"about":[{"href":"https:\/\/contabilidadecaxias.com.br\/index.php\/wp-json\/wp\/v2\/types\/post"}],"replies":[{"embeddable":true,"href":"https:\/\/contabilidadecaxias.com.br\/index.php\/wp-json\/wp\/v2\/comments?post=13770"}],"version-history":[{"count":0,"href":"https:\/\/contabilidadecaxias.com.br\/index.php\/wp-json\/wp\/v2\/posts\/13770\/revisions"}],"wp:attachment":[{"href":"https:\/\/contabilidadecaxias.com.br\/index.php\/wp-json\/wp\/v2\/media?parent=13770"}],"wp:term":[{"taxonomy":"category","embeddable":true,"href":"https:\/\/contabilidadecaxias.com.br\/index.php\/wp-json\/wp\/v2\/categories?post=13770"},{"taxonomy":"post_tag","embeddable":true,"href":"https:\/\/contabilidadecaxias.com.br\/index.php\/wp-json\/wp\/v2\/tags?post=13770"}],"curies":[{"name":"wp","href":"https:\/\/api.w.org\/{rel}","templated":true}]}}