{"id":13756,"date":"2022-08-23T18:23:29","date_gmt":"2022-08-23T21:23:29","guid":{"rendered":"https:\/\/contabilidadecaxias.com.br\/index.php\/2022\/08\/23\/semana-da-aprendizagem-estimula-insercao-de-jovens-no-mercado-de-trabalho\/"},"modified":"2022-08-23T18:23:29","modified_gmt":"2022-08-23T21:23:29","slug":"semana-da-aprendizagem-estimula-insercao-de-jovens-no-mercado-de-trabalho","status":"publish","type":"post","link":"https:\/\/contabilidadecaxias.com.br\/index.php\/2022\/08\/23\/semana-da-aprendizagem-estimula-insercao-de-jovens-no-mercado-de-trabalho\/","title":{"rendered":"Semana da Aprendizagem estimula inser\u00e7\u00e3o de jovens no mercado de trabalho"},"content":{"rendered":"<div class=\"noticia-wrapper\">\n<p><em><\/p>\n<p>A iniciativa da Justi\u00e7a do Trabalho vai at\u00e9 26 de agosto<\/p>\n<p><\/em><\/p>\n<div class=\"social-media-share mobile\">\n        <a class=\"share-facebook\" href=\"https:\/\/www.facebook.com\/sharer.php?u=https:\/\/www.tst.jus.br\/-\/semana-da-aprendizagem-estimula-inser%C3%A7%C3%A3o-de-jovens-no-mercado-de-trabalho\" target=\"_blank\" rel=\"noopener\"><\/a><br \/>\n        <a class=\"share-twitter\" href=\"https:\/\/twitter.com\/intent\/tweet?text=Semana%20da%20Aprendizagem%20estimula%20inser%C3%A7%C3%A3o%20de%20jovens%20no%20mercado%20de%20trabalho%0AVeja%20mais%20em:&amp;url=https:\/\/www.tst.jus.br\/-\/semana-da-aprendizagem-estimula-inser%C3%A7%C3%A3o-de-jovens-no-mercado-de-trabalho\" target=\"_blank\" rel=\"noopener\"><\/a><br \/>\n        <a class=\"share-linkedin\" href=\"https:\/\/www.linkedin.com\/shareArticle?mini=true&amp;url=https:\/\/www.tst.jus.br\/-\/semana-da-aprendizagem-estimula-inser%C3%A7%C3%A3o-de-jovens-no-mercado-de-trabalho&amp;title=Semana%20da%20Aprendizagem%20estimula%20inser%C3%A7%C3%A3o%20de%20jovens%20no%20mercado%20de%20trabalho\" target=\"_blank\" rel=\"noopener\"><\/a><br \/>\n        <a class=\"share-whatsapp\" href=\"https:\/\/web.whatsapp.com\/send?text=https:\/\/www.tst.jus.br\/-\/semana-da-aprendizagem-estimula-inser%C3%A7%C3%A3o-de-jovens-no-mercado-de-trabalho\" target=\"_blank\" rel=\"noopener\"><\/a><br \/>\n        <a class=\"share-googleplus\" href=\"https:\/\/plus.google.com\/share?url=https:\/\/www.tst.jus.br\/-\/semana-da-aprendizagem-estimula-inser%C3%A7%C3%A3o-de-jovens-no-mercado-de-trabalho\" target=\"_blank\" rel=\"noopener\"><\/a>\n    <\/div>\n<div class=\"news-body\">\n<div class=\"imagem-da-noticia\">\n<p>Semana da Aprendizagem 2022 &#8211; Aprender \u00e9 Crescer &#8211; 22 e 26 de agosto<\/p>\n<div class=\"social-media-share\">\n                    <a class=\"share-facebook\" href=\"https:\/\/www.facebook.com\/sharer.php?u=https:\/\/www.tst.jus.br\/-\/semana-da-aprendizagem-estimula-inser%C3%A7%C3%A3o-de-jovens-no-mercado-de-trabalho\" target=\"_blank\" rel=\"noopener\"><\/a><br \/>\n                    <a class=\"share-twitter\" href=\"https:\/\/twitter.com\/intent\/tweet?text=Semana%20da%20Aprendizagem%20estimula%20inser%C3%A7%C3%A3o%20de%20jovens%20no%20mercado%20de%20trabalho%0AVeja%20mais%20em:&amp;url=https:\/\/www.tst.jus.br\/-\/semana-da-aprendizagem-estimula-inser%C3%A7%C3%A3o-de-jovens-no-mercado-de-trabalho\" target=\"_blank\" rel=\"noopener\"><\/a><br \/>\n                    <a class=\"share-linkedin\" href=\"https:\/\/www.linkedin.com\/shareArticle?mini=true&amp;url=https:\/\/www.tst.jus.br\/-\/semana-da-aprendizagem-estimula-inser%C3%A7%C3%A3o-de-jovens-no-mercado-de-trabalho&amp;title=Semana%20da%20Aprendizagem%20estimula%20inser%C3%A7%C3%A3o%20de%20jovens%20no%20mercado%20de%20trabalho\" target=\"_blank\" rel=\"noopener\"><\/a><br \/>\n                    <a class=\"share-whatsapp\" href=\"https:\/\/web.whatsapp.com\/send?text=https:\/\/www.tst.jus.br\/-\/semana-da-aprendizagem-estimula-inser%C3%A7%C3%A3o-de-jovens-no-mercado-de-trabalho\" target=\"_blank\" rel=\"noopener\"><\/a><br \/>\n                    <a class=\"share-googleplus\" href=\"https:\/\/plus.google.com\/share?url=https:\/\/www.tst.jus.br\/-\/semana-da-aprendizagem-estimula-inser%C3%A7%C3%A3o-de-jovens-no-mercado-de-trabalho\" target=\"_blank\" rel=\"noopener\"><\/a>\n                <\/div>\n<\/p><\/div>\n<div class=\"materia\">\n<p>23\/08\/22 &#8211; Entre 22 e 26 de agosto, a Justi\u00e7a do Trabalho est\u00e1 mobilizada na Semana da Aprendizagem, iniciativa do Programa de Combate ao Trabalho Infantil e de Est\u00edmulo \u00e0 Aprendizagem. At\u00e9 sexta-feira, os Tribunais Regionais do Trabalho do pa\u00eds promover\u00e3o palestras, exposi\u00e7\u00f5es e audi\u00eancias p\u00fablicas sobre o tema, com a participa\u00e7\u00e3o de \u00f3rg\u00e3os integrantes da rede de prote\u00e7\u00e3o da crian\u00e7a e do adolescente, de organiza\u00e7\u00f5es governamentais e da sociedade civil.\u00a0<\/p>\n<h4>Aprender a crescer<\/h4>\n<p>O tema da Semana da Aprendizagem de 2022 \u00e9 \u201cAprender \u00e9 crescer\u201d. Faz parte da iniciativa uma campanha de comunica\u00e7\u00e3o, inspirada no universo dos games, que busca orientar os jovens e sensibilizar a sociedade sobre o tema e incentivar a supera\u00e7\u00e3o dos desafios da jornada profissional, com a aquisi\u00e7\u00e3o de experi\u00eancias e compet\u00eancias para avan\u00e7ar para as pr\u00f3ximas fases da vida. O material est\u00e1 sendo divulgado nos canais digitais dos tribunais da Justi\u00e7a do Trabalho durante a semana tem\u00e1tica.<\/p>\n<h4>Justi\u00e7a Social<\/h4>\n<p>Segundo o coordenador nacional do programa, ministro Evandro Valad\u00e3o, a iniciativa reafirma o papel da Justi\u00e7a Trabalhista como promotora da justi\u00e7a social. \u201cO objetivo \u00e9 fomentar medidas que estimulem a inser\u00e7\u00e3o de jovens no mercado de trabalho de forma regular, na condi\u00e7\u00e3o de aprendizes\u201d, disse. \u201cIsso gera oportunidades de qualifica\u00e7\u00e3o e de desenvolvimento pessoal e profissional para uma nova gera\u00e7\u00e3o de trabalhadores, garantindo-lhes, ao mesmo tempo, os direitos sociais \u00e0 educa\u00e7\u00e3o, ao trabalho e \u00e0 previd\u00eancia social\u201d, completou.<\/p>\n<h4>Benef\u00edcios da Aprendizagem<\/h4>\n<p>A aprendizagem garante \u00e0s pessoas de 14 a 24 anos direitos trabalhistas como carteira de trabalho, f\u00e9rias e 13\u00ba sal\u00e1rio, al\u00e9m de seguran\u00e7a na forma\u00e7\u00e3o escolar e qualifica\u00e7\u00e3o profissional, em jornada de at\u00e9 seis horas di\u00e1rias. Na condi\u00e7\u00e3o de aprendiz, os (as) jovens contam com diversas formas de suporte: de supervis\u00e3o, no cotidiano de trabalho; de professoras e professores, que passam conhecimento nas aulas de capacita\u00e7\u00e3o; e o da entidade empregadora, que o remunera.\u00a0<\/p>\n<p>As empresas, por sua vez, t\u00eam a oportunidade de preparar novos talentos, de acordo com suas demandas e sua cultura organizacional. A al\u00edquota de contribui\u00e7\u00e3o ao Fundo de Garantia do Tempo de Servi\u00e7o (FGTS) corresponde a 2% da remunera\u00e7\u00e3o &#8211; enquanto para o trabalhador convencional \u00e9 8%.<\/p>\n<h4>Lei da Aprendizagem<\/h4>\n<p>A Lei da Aprendizagem (<a href=\"https:\/\/www.planalto.gov.br\/ccivil_03\/leis\/l10097.htm\" target=\"_blank\" rel=\"noopener\">Lei 10.097\/2000<\/a>) estabelece que as empresas de m\u00e9dio e de grande porte devem contratar de 5% a 15% de aprendizes em rela\u00e7\u00e3o ao quadro de empregados cujas fun\u00e7\u00f5es demandem forma\u00e7\u00e3o profissional. Apesar de a obrigatoriedade ser espec\u00edfica para empresas maiores, qualquer organiza\u00e7\u00e3o pode contratar aprendizes, desde que seja respeitada a legisla\u00e7\u00e3o.\u00a0<\/p>\n<p>Pode ser aprendiz quem tem entre 14 e 24 anos incompletos e que tenha conclu\u00eddo ou que esteja cursando o ensino fundamental ou m\u00e9dio. Para pessoas com defici\u00eancia, n\u00e3o h\u00e1 limite de idade. Para atividades vedadas a menores de 21 anos, podem ser contratadas pessoas com at\u00e9 29 anos como aprendizes.<\/p>\n<p>A lei estabelece que a contrata\u00e7\u00e3o deve ter prazo determinado de at\u00e9 tr\u00eas anos. Para jovens com 15 anos incompletos, o limite do contrato \u00e9 de quatro anos; para pessoas com defici\u00eancia, n\u00e3o h\u00e1 prazo m\u00e1ximo.\u00a0<\/p>\n<p>A validade do contrato de aprendizagem requer que o jovem permane\u00e7a matriculado e frequentando a educa\u00e7\u00e3o formal (caso ainda n\u00e3o tenha conclu\u00eddo o ensino m\u00e9dio) e a inscri\u00e7\u00e3o em programa de aprendizagem profissional.<\/p>\n<p>Dados da Pesquisa Nacional por Amostra de Domic\u00edlios Cont\u00ednua (PNAD Cont\u00ednua), do Instituto Brasileiro de Geografia e Estat\u00edstica (IBGE), apontam que a taxa de desocupa\u00e7\u00e3o entre jovens de 14 a 17 anos chegou a 36,4% no primeiro trimestre deste ano. Entre jovens de 18 a 24 anos, ela \u00e9 de 22,8%. H\u00e1 dez anos, esses \u00edndices eram, respectivamente, de 24,8% e 16,1%. Os n\u00fameros consideram somente as pessoas que est\u00e3o em busca de trabalho.\u00a0<\/p>\n<p>(NP\/CF\/AJ)<\/p>\n<\/div><\/div>\n<\/div>\n","protected":false},"excerpt":{"rendered":"<p>A iniciativa da Justi\u00e7a do Trabalho vai at\u00e9 26 de agosto Semana da Aprendizagem 2022 &#8211; Aprender \u00e9 Crescer &#8211; 22 e 26 de agosto 23\/08\/22 &#8211; Entre 22 e 26 de agosto, a Justi\u00e7a do Trabalho est\u00e1 mobilizada na Semana da Aprendizagem, iniciativa do Programa de Combate ao Trabalho Infantil e de Est\u00edmulo \u00e0 [&hellip;]<\/p>\n","protected":false},"author":0,"featured_media":13757,"comment_status":"open","ping_status":"","sticky":false,"template":"","format":"standard","meta":{"footnotes":""},"categories":[5],"tags":[],"class_list":["post-13756","post","type-post","status-publish","format-standard","has-post-thumbnail","hentry","category-noticias-educacao-financeira"],"blocksy_meta":{"styles_descriptor":{"styles":{"desktop":"","tablet":"","mobile":""},"google_fonts":[],"version":6}},"yoast_head":"<!-- This site is optimized with the Yoast SEO plugin v27.4 - https:\/\/yoast.com\/product\/yoast-seo-wordpress\/ -->\n<title>Semana da Aprendizagem estimula inser\u00e7\u00e3o de jovens no mercado de trabalho - Contabilidade Caxias<\/title>\n<meta name=\"robots\" content=\"index, follow, max-snippet:-1, max-image-preview:large, max-video-preview:-1\" \/>\n<link rel=\"canonical\" href=\"https:\/\/contabilidadecaxias.com.br\/index.php\/2022\/08\/23\/semana-da-aprendizagem-estimula-insercao-de-jovens-no-mercado-de-trabalho\/\" \/>\n<meta property=\"og:locale\" content=\"pt_BR\" \/>\n<meta property=\"og:type\" content=\"article\" \/>\n<meta property=\"og:title\" content=\"Semana da Aprendizagem estimula inser\u00e7\u00e3o de jovens no mercado de trabalho - Contabilidade Caxias\" \/>\n<meta property=\"og:description\" content=\"A iniciativa da Justi\u00e7a do Trabalho vai at\u00e9 26 de agosto Semana da Aprendizagem 2022 &#8211; Aprender \u00e9 Crescer &#8211; 22 e 26 de agosto 23\/08\/22 &#8211; Entre 22 e 26 de agosto, a Justi\u00e7a do Trabalho est\u00e1 mobilizada na Semana da Aprendizagem, iniciativa do Programa de Combate ao Trabalho Infantil e de Est\u00edmulo \u00e0 [&hellip;]\" \/>\n<meta property=\"og:url\" content=\"https:\/\/contabilidadecaxias.com.br\/index.php\/2022\/08\/23\/semana-da-aprendizagem-estimula-insercao-de-jovens-no-mercado-de-trabalho\/\" \/>\n<meta property=\"og:site_name\" content=\"Contabilidade Caxias\" \/>\n<meta property=\"article:published_time\" content=\"2022-08-23T21:23:29+00:00\" \/>\n<meta name=\"twitter:card\" content=\"summary_large_image\" \/>\n<meta name=\"twitter:label1\" content=\"Est. tempo de leitura\" \/>\n\t<meta name=\"twitter:data1\" content=\"3 minutos\" \/>\n<script type=\"application\/ld+json\" class=\"yoast-schema-graph\">{\"@context\":\"https:\\\/\\\/schema.org\",\"@graph\":[{\"@type\":\"Article\",\"@id\":\"https:\\\/\\\/contabilidadecaxias.com.br\\\/index.php\\\/2022\\\/08\\\/23\\\/semana-da-aprendizagem-estimula-insercao-de-jovens-no-mercado-de-trabalho\\\/#article\",\"isPartOf\":{\"@id\":\"https:\\\/\\\/contabilidadecaxias.com.br\\\/index.php\\\/2022\\\/08\\\/23\\\/semana-da-aprendizagem-estimula-insercao-de-jovens-no-mercado-de-trabalho\\\/\"},\"author\":{\"name\":\"\",\"@id\":\"\"},\"headline\":\"Semana da Aprendizagem estimula inser\u00e7\u00e3o de jovens no mercado de trabalho\",\"datePublished\":\"2022-08-23T21:23:29+00:00\",\"mainEntityOfPage\":{\"@id\":\"https:\\\/\\\/contabilidadecaxias.com.br\\\/index.php\\\/2022\\\/08\\\/23\\\/semana-da-aprendizagem-estimula-insercao-de-jovens-no-mercado-de-trabalho\\\/\"},\"wordCount\":687,\"commentCount\":0,\"image\":{\"@id\":\"https:\\\/\\\/contabilidadecaxias.com.br\\\/index.php\\\/2022\\\/08\\\/23\\\/semana-da-aprendizagem-estimula-insercao-de-jovens-no-mercado-de-trabalho\\\/#primaryimage\"},\"thumbnailUrl\":\"https:\\\/\\\/contabilidadecaxias.com.br\\\/wp-content\\\/uploads\\\/2022\\\/08\\\/0ac4cc81-9f30-2bfd-0cfa-dd16db27f6e2-UpGycp.png\",\"articleSection\":[\"Educa\u00e7\u00e3o Financeira\"],\"inLanguage\":\"pt-BR\",\"potentialAction\":[{\"@type\":\"CommentAction\",\"name\":\"Comment\",\"target\":[\"https:\\\/\\\/contabilidadecaxias.com.br\\\/index.php\\\/2022\\\/08\\\/23\\\/semana-da-aprendizagem-estimula-insercao-de-jovens-no-mercado-de-trabalho\\\/#respond\"]}]},{\"@type\":\"WebPage\",\"@id\":\"https:\\\/\\\/contabilidadecaxias.com.br\\\/index.php\\\/2022\\\/08\\\/23\\\/semana-da-aprendizagem-estimula-insercao-de-jovens-no-mercado-de-trabalho\\\/\",\"url\":\"https:\\\/\\\/contabilidadecaxias.com.br\\\/index.php\\\/2022\\\/08\\\/23\\\/semana-da-aprendizagem-estimula-insercao-de-jovens-no-mercado-de-trabalho\\\/\",\"name\":\"Semana da Aprendizagem estimula inser\u00e7\u00e3o de jovens no mercado de trabalho - Contabilidade Caxias\",\"isPartOf\":{\"@id\":\"https:\\\/\\\/contabilidadecaxias.com.br\\\/#website\"},\"primaryImageOfPage\":{\"@id\":\"https:\\\/\\\/contabilidadecaxias.com.br\\\/index.php\\\/2022\\\/08\\\/23\\\/semana-da-aprendizagem-estimula-insercao-de-jovens-no-mercado-de-trabalho\\\/#primaryimage\"},\"image\":{\"@id\":\"https:\\\/\\\/contabilidadecaxias.com.br\\\/index.php\\\/2022\\\/08\\\/23\\\/semana-da-aprendizagem-estimula-insercao-de-jovens-no-mercado-de-trabalho\\\/#primaryimage\"},\"thumbnailUrl\":\"https:\\\/\\\/contabilidadecaxias.com.br\\\/wp-content\\\/uploads\\\/2022\\\/08\\\/0ac4cc81-9f30-2bfd-0cfa-dd16db27f6e2-UpGycp.png\",\"datePublished\":\"2022-08-23T21:23:29+00:00\",\"author\":{\"@id\":\"\"},\"breadcrumb\":{\"@id\":\"https:\\\/\\\/contabilidadecaxias.com.br\\\/index.php\\\/2022\\\/08\\\/23\\\/semana-da-aprendizagem-estimula-insercao-de-jovens-no-mercado-de-trabalho\\\/#breadcrumb\"},\"inLanguage\":\"pt-BR\",\"potentialAction\":[{\"@type\":\"ReadAction\",\"target\":[\"https:\\\/\\\/contabilidadecaxias.com.br\\\/index.php\\\/2022\\\/08\\\/23\\\/semana-da-aprendizagem-estimula-insercao-de-jovens-no-mercado-de-trabalho\\\/\"]}]},{\"@type\":\"ImageObject\",\"inLanguage\":\"pt-BR\",\"@id\":\"https:\\\/\\\/contabilidadecaxias.com.br\\\/index.php\\\/2022\\\/08\\\/23\\\/semana-da-aprendizagem-estimula-insercao-de-jovens-no-mercado-de-trabalho\\\/#primaryimage\",\"url\":\"https:\\\/\\\/contabilidadecaxias.com.br\\\/wp-content\\\/uploads\\\/2022\\\/08\\\/0ac4cc81-9f30-2bfd-0cfa-dd16db27f6e2-UpGycp.png\",\"contentUrl\":\"https:\\\/\\\/contabilidadecaxias.com.br\\\/wp-content\\\/uploads\\\/2022\\\/08\\\/0ac4cc81-9f30-2bfd-0cfa-dd16db27f6e2-UpGycp.png\",\"width\":2045,\"height\":1149},{\"@type\":\"BreadcrumbList\",\"@id\":\"https:\\\/\\\/contabilidadecaxias.com.br\\\/index.php\\\/2022\\\/08\\\/23\\\/semana-da-aprendizagem-estimula-insercao-de-jovens-no-mercado-de-trabalho\\\/#breadcrumb\",\"itemListElement\":[{\"@type\":\"ListItem\",\"position\":1,\"name\":\"In\u00edcio\",\"item\":\"https:\\\/\\\/contabilidadecaxias.com.br\\\/\"},{\"@type\":\"ListItem\",\"position\":2,\"name\":\"Semana da Aprendizagem estimula inser\u00e7\u00e3o de jovens no mercado de trabalho\"}]},{\"@type\":\"WebSite\",\"@id\":\"https:\\\/\\\/contabilidadecaxias.com.br\\\/#website\",\"url\":\"https:\\\/\\\/contabilidadecaxias.com.br\\\/\",\"name\":\"Contabilidade Caxias\",\"description\":\"Site especializado em Contabilidade para Caxias.\",\"potentialAction\":[{\"@type\":\"SearchAction\",\"target\":{\"@type\":\"EntryPoint\",\"urlTemplate\":\"https:\\\/\\\/contabilidadecaxias.com.br\\\/?s={search_term_string}\"},\"query-input\":{\"@type\":\"PropertyValueSpecification\",\"valueRequired\":true,\"valueName\":\"search_term_string\"}}],\"inLanguage\":\"pt-BR\"}]}<\/script>\n<!-- \/ Yoast SEO plugin. -->","yoast_head_json":{"title":"Semana da Aprendizagem estimula inser\u00e7\u00e3o de jovens no mercado de trabalho - Contabilidade Caxias","robots":{"index":"index","follow":"follow","max-snippet":"max-snippet:-1","max-image-preview":"max-image-preview:large","max-video-preview":"max-video-preview:-1"},"canonical":"https:\/\/contabilidadecaxias.com.br\/index.php\/2022\/08\/23\/semana-da-aprendizagem-estimula-insercao-de-jovens-no-mercado-de-trabalho\/","og_locale":"pt_BR","og_type":"article","og_title":"Semana da Aprendizagem estimula inser\u00e7\u00e3o de jovens no mercado de trabalho - Contabilidade Caxias","og_description":"A iniciativa da Justi\u00e7a do Trabalho vai at\u00e9 26 de agosto Semana da Aprendizagem 2022 &#8211; Aprender \u00e9 Crescer &#8211; 22 e 26 de agosto 23\/08\/22 &#8211; Entre 22 e 26 de agosto, a Justi\u00e7a do Trabalho est\u00e1 mobilizada na Semana da Aprendizagem, iniciativa do Programa de Combate ao Trabalho Infantil e de Est\u00edmulo \u00e0 [&hellip;]","og_url":"https:\/\/contabilidadecaxias.com.br\/index.php\/2022\/08\/23\/semana-da-aprendizagem-estimula-insercao-de-jovens-no-mercado-de-trabalho\/","og_site_name":"Contabilidade Caxias","article_published_time":"2022-08-23T21:23:29+00:00","twitter_card":"summary_large_image","twitter_misc":{"Est. tempo de leitura":"3 minutos"},"schema":{"@context":"https:\/\/schema.org","@graph":[{"@type":"Article","@id":"https:\/\/contabilidadecaxias.com.br\/index.php\/2022\/08\/23\/semana-da-aprendizagem-estimula-insercao-de-jovens-no-mercado-de-trabalho\/#article","isPartOf":{"@id":"https:\/\/contabilidadecaxias.com.br\/index.php\/2022\/08\/23\/semana-da-aprendizagem-estimula-insercao-de-jovens-no-mercado-de-trabalho\/"},"author":{"name":"","@id":""},"headline":"Semana da Aprendizagem estimula inser\u00e7\u00e3o de jovens no mercado de trabalho","datePublished":"2022-08-23T21:23:29+00:00","mainEntityOfPage":{"@id":"https:\/\/contabilidadecaxias.com.br\/index.php\/2022\/08\/23\/semana-da-aprendizagem-estimula-insercao-de-jovens-no-mercado-de-trabalho\/"},"wordCount":687,"commentCount":0,"image":{"@id":"https:\/\/contabilidadecaxias.com.br\/index.php\/2022\/08\/23\/semana-da-aprendizagem-estimula-insercao-de-jovens-no-mercado-de-trabalho\/#primaryimage"},"thumbnailUrl":"https:\/\/contabilidadecaxias.com.br\/wp-content\/uploads\/2022\/08\/0ac4cc81-9f30-2bfd-0cfa-dd16db27f6e2-UpGycp.png","articleSection":["Educa\u00e7\u00e3o Financeira"],"inLanguage":"pt-BR","potentialAction":[{"@type":"CommentAction","name":"Comment","target":["https:\/\/contabilidadecaxias.com.br\/index.php\/2022\/08\/23\/semana-da-aprendizagem-estimula-insercao-de-jovens-no-mercado-de-trabalho\/#respond"]}]},{"@type":"WebPage","@id":"https:\/\/contabilidadecaxias.com.br\/index.php\/2022\/08\/23\/semana-da-aprendizagem-estimula-insercao-de-jovens-no-mercado-de-trabalho\/","url":"https:\/\/contabilidadecaxias.com.br\/index.php\/2022\/08\/23\/semana-da-aprendizagem-estimula-insercao-de-jovens-no-mercado-de-trabalho\/","name":"Semana da Aprendizagem estimula inser\u00e7\u00e3o de jovens no mercado de trabalho - Contabilidade Caxias","isPartOf":{"@id":"https:\/\/contabilidadecaxias.com.br\/#website"},"primaryImageOfPage":{"@id":"https:\/\/contabilidadecaxias.com.br\/index.php\/2022\/08\/23\/semana-da-aprendizagem-estimula-insercao-de-jovens-no-mercado-de-trabalho\/#primaryimage"},"image":{"@id":"https:\/\/contabilidadecaxias.com.br\/index.php\/2022\/08\/23\/semana-da-aprendizagem-estimula-insercao-de-jovens-no-mercado-de-trabalho\/#primaryimage"},"thumbnailUrl":"https:\/\/contabilidadecaxias.com.br\/wp-content\/uploads\/2022\/08\/0ac4cc81-9f30-2bfd-0cfa-dd16db27f6e2-UpGycp.png","datePublished":"2022-08-23T21:23:29+00:00","author":{"@id":""},"breadcrumb":{"@id":"https:\/\/contabilidadecaxias.com.br\/index.php\/2022\/08\/23\/semana-da-aprendizagem-estimula-insercao-de-jovens-no-mercado-de-trabalho\/#breadcrumb"},"inLanguage":"pt-BR","potentialAction":[{"@type":"ReadAction","target":["https:\/\/contabilidadecaxias.com.br\/index.php\/2022\/08\/23\/semana-da-aprendizagem-estimula-insercao-de-jovens-no-mercado-de-trabalho\/"]}]},{"@type":"ImageObject","inLanguage":"pt-BR","@id":"https:\/\/contabilidadecaxias.com.br\/index.php\/2022\/08\/23\/semana-da-aprendizagem-estimula-insercao-de-jovens-no-mercado-de-trabalho\/#primaryimage","url":"https:\/\/contabilidadecaxias.com.br\/wp-content\/uploads\/2022\/08\/0ac4cc81-9f30-2bfd-0cfa-dd16db27f6e2-UpGycp.png","contentUrl":"https:\/\/contabilidadecaxias.com.br\/wp-content\/uploads\/2022\/08\/0ac4cc81-9f30-2bfd-0cfa-dd16db27f6e2-UpGycp.png","width":2045,"height":1149},{"@type":"BreadcrumbList","@id":"https:\/\/contabilidadecaxias.com.br\/index.php\/2022\/08\/23\/semana-da-aprendizagem-estimula-insercao-de-jovens-no-mercado-de-trabalho\/#breadcrumb","itemListElement":[{"@type":"ListItem","position":1,"name":"In\u00edcio","item":"https:\/\/contabilidadecaxias.com.br\/"},{"@type":"ListItem","position":2,"name":"Semana da Aprendizagem estimula inser\u00e7\u00e3o de jovens no mercado de trabalho"}]},{"@type":"WebSite","@id":"https:\/\/contabilidadecaxias.com.br\/#website","url":"https:\/\/contabilidadecaxias.com.br\/","name":"Contabilidade Caxias","description":"Site especializado em Contabilidade para Caxias.","potentialAction":[{"@type":"SearchAction","target":{"@type":"EntryPoint","urlTemplate":"https:\/\/contabilidadecaxias.com.br\/?s={search_term_string}"},"query-input":{"@type":"PropertyValueSpecification","valueRequired":true,"valueName":"search_term_string"}}],"inLanguage":"pt-BR"}]}},"_links":{"self":[{"href":"https:\/\/contabilidadecaxias.com.br\/index.php\/wp-json\/wp\/v2\/posts\/13756","targetHints":{"allow":["GET"]}}],"collection":[{"href":"https:\/\/contabilidadecaxias.com.br\/index.php\/wp-json\/wp\/v2\/posts"}],"about":[{"href":"https:\/\/contabilidadecaxias.com.br\/index.php\/wp-json\/wp\/v2\/types\/post"}],"replies":[{"embeddable":true,"href":"https:\/\/contabilidadecaxias.com.br\/index.php\/wp-json\/wp\/v2\/comments?post=13756"}],"version-history":[{"count":0,"href":"https:\/\/contabilidadecaxias.com.br\/index.php\/wp-json\/wp\/v2\/posts\/13756\/revisions"}],"wp:featuredmedia":[{"embeddable":true,"href":"https:\/\/contabilidadecaxias.com.br\/index.php\/wp-json\/wp\/v2\/media\/13757"}],"wp:attachment":[{"href":"https:\/\/contabilidadecaxias.com.br\/index.php\/wp-json\/wp\/v2\/media?parent=13756"}],"wp:term":[{"taxonomy":"category","embeddable":true,"href":"https:\/\/contabilidadecaxias.com.br\/index.php\/wp-json\/wp\/v2\/categories?post=13756"},{"taxonomy":"post_tag","embeddable":true,"href":"https:\/\/contabilidadecaxias.com.br\/index.php\/wp-json\/wp\/v2\/tags?post=13756"}],"curies":[{"name":"wp","href":"https:\/\/api.w.org\/{rel}","templated":true}]}}