{"id":13747,"date":"2022-08-23T17:04:15","date_gmt":"2022-08-23T20:04:15","guid":{"rendered":"https:\/\/contabilidadecaxias.com.br\/index.php\/2022\/08\/23\/sdc-afasta-contribuicao-assistencial-de-empregado-nao-sindicalizado\/"},"modified":"2022-08-23T17:04:15","modified_gmt":"2022-08-23T20:04:15","slug":"sdc-afasta-contribuicao-assistencial-de-empregado-nao-sindicalizado","status":"publish","type":"post","link":"https:\/\/contabilidadecaxias.com.br\/index.php\/2022\/08\/23\/sdc-afasta-contribuicao-assistencial-de-empregado-nao-sindicalizado\/","title":{"rendered":"SDC afasta contribui\u00e7\u00e3o assistencial de empregado n\u00e3o sindicalizado"},"content":{"rendered":"<div>\n\u00a0<br \/>\n\u00a0\u00a0\u00a0\u00a0\u00a0\u00a0\u00a0\u00a0 \u00a0\u00a0\u00a0\u00a0\u00a0\u00a0\u00a0\u00a0 \u00a0\u00a0\u00a0\u00a0\u00a0\u00a0 <a href=\"https:\/\/www.tst.jus.br\/documents\/10157\/27885360\/19-08+VIVO+18H+BOL+CONTRIBUI%C3%87%C3%83O+N%C3%83O+SINDICALIZADO.mp3\/582fc108-d83d-3224-c9d1-89c30476d63f?t=1661284139501\"> Baixe o \u00e1udio <\/a><\/div>\n<div><button>Reproduzir o \u00e1udio<\/button>\u00a0\u00a0<button>Pausar o \u00e1udio<\/button>\u00a0\u00a0<button>Aumentar o volume<\/button>\u00a0\u00a0<button>Diminuir o volume<\/button><\/div>\n<p>\u00a0<\/p>\n<p>23\/08\/22 &#8211;\u00a0A Se\u00e7\u00e3o Especializada em Diss\u00eddios Coletivos (SDC) do Tribunal Superior do Trabalho reformou a cl\u00e1usula do acordo coletivo celebrado entre entidades sindicais do setor de mobili\u00e1rio do Rio Grande do Sul que previa desconto nos sal\u00e1rios de todos os empregados da categoria, sindicalizados ou n\u00e3o, a t\u00edtulo de contribui\u00e7\u00e3o assistencial.<\/p>\n<p>Segundo o colegiado, a cl\u00e1usula afronta o princ\u00edpio constitucional da livre associa\u00e7\u00e3o, e, por isso, o desconto deve ficar restrito \u00e0s pessoas filiadas ao sindicato profissional.<\/p>\n<p>Conhe\u00e7a os detalhes da decis\u00e3o na reportagem de Anderson Conrado.<\/p>\n<p>Processo:<a href=\"https:\/\/consultaprocessual.tst.jus.br\/consultaProcessual\/consultaTstNumUnica.do?consulta=Consultar&amp;conscsjt=&amp;numeroTst=21255&amp;digitoTst=85&amp;anoTst=2017&amp;orgaoTst=5&amp;tribunalTst=04&amp;varaTst=0000&amp;submit=Consultar\" target=\"_blank\" rel=\"noopener\">\u00a0ROT-21255-85.2017.5.04.0000<\/a><\/p>\n","protected":false},"excerpt":{"rendered":"<p>\u00a0 \u00a0\u00a0\u00a0\u00a0\u00a0\u00a0\u00a0\u00a0 \u00a0\u00a0\u00a0\u00a0\u00a0\u00a0\u00a0\u00a0 \u00a0\u00a0\u00a0\u00a0\u00a0\u00a0 Baixe o \u00e1udio Reproduzir o \u00e1udio\u00a0\u00a0Pausar o \u00e1udio\u00a0\u00a0Aumentar o volume\u00a0\u00a0Diminuir o volume \u00a0 23\/08\/22 &#8211;\u00a0A Se\u00e7\u00e3o Especializada em Diss\u00eddios Coletivos (SDC) do Tribunal Superior do Trabalho reformou a cl\u00e1usula do acordo coletivo celebrado entre entidades sindicais do setor de mobili\u00e1rio do Rio Grande do Sul que previa desconto nos sal\u00e1rios de [&hellip;]<\/p>\n","protected":false},"author":0,"featured_media":0,"comment_status":"open","ping_status":"","sticky":false,"template":"","format":"standard","meta":{"footnotes":""},"categories":[5],"tags":[],"class_list":["post-13747","post","type-post","status-publish","format-standard","hentry","category-noticias-educacao-financeira"],"blocksy_meta":{"styles_descriptor":{"styles":{"desktop":"","tablet":"","mobile":""},"google_fonts":[],"version":6}},"yoast_head":"<!-- This site is optimized with the Yoast SEO plugin v27.4 - https:\/\/yoast.com\/product\/yoast-seo-wordpress\/ -->\n<title>SDC afasta contribui\u00e7\u00e3o assistencial de empregado n\u00e3o sindicalizado - Contabilidade Caxias<\/title>\n<meta name=\"robots\" content=\"index, follow, max-snippet:-1, max-image-preview:large, max-video-preview:-1\" \/>\n<link rel=\"canonical\" href=\"https:\/\/contabilidadecaxias.com.br\/index.php\/2022\/08\/23\/sdc-afasta-contribuicao-assistencial-de-empregado-nao-sindicalizado\/\" \/>\n<meta property=\"og:locale\" content=\"pt_BR\" \/>\n<meta property=\"og:type\" content=\"article\" \/>\n<meta property=\"og:title\" content=\"SDC afasta contribui\u00e7\u00e3o assistencial de empregado n\u00e3o sindicalizado - Contabilidade Caxias\" \/>\n<meta property=\"og:description\" content=\"\u00a0 \u00a0\u00a0\u00a0\u00a0\u00a0\u00a0\u00a0\u00a0 \u00a0\u00a0\u00a0\u00a0\u00a0\u00a0\u00a0\u00a0 \u00a0\u00a0\u00a0\u00a0\u00a0\u00a0 Baixe o \u00e1udio Reproduzir o \u00e1udio\u00a0\u00a0Pausar o \u00e1udio\u00a0\u00a0Aumentar o volume\u00a0\u00a0Diminuir o volume \u00a0 23\/08\/22 &#8211;\u00a0A Se\u00e7\u00e3o Especializada em Diss\u00eddios Coletivos (SDC) do Tribunal Superior do Trabalho reformou a cl\u00e1usula do acordo coletivo celebrado entre entidades sindicais do setor de mobili\u00e1rio do Rio Grande do Sul que previa desconto nos sal\u00e1rios de [&hellip;]\" \/>\n<meta property=\"og:url\" content=\"https:\/\/contabilidadecaxias.com.br\/index.php\/2022\/08\/23\/sdc-afasta-contribuicao-assistencial-de-empregado-nao-sindicalizado\/\" \/>\n<meta property=\"og:site_name\" content=\"Contabilidade Caxias\" \/>\n<meta property=\"article:published_time\" content=\"2022-08-23T20:04:15+00:00\" \/>\n<meta name=\"twitter:card\" content=\"summary_large_image\" \/>\n<meta name=\"twitter:label1\" content=\"Est. tempo de leitura\" \/>\n\t<meta name=\"twitter:data1\" content=\"1 minuto\" \/>\n<script type=\"application\/ld+json\" class=\"yoast-schema-graph\">{\"@context\":\"https:\\\/\\\/schema.org\",\"@graph\":[{\"@type\":\"Article\",\"@id\":\"https:\\\/\\\/contabilidadecaxias.com.br\\\/index.php\\\/2022\\\/08\\\/23\\\/sdc-afasta-contribuicao-assistencial-de-empregado-nao-sindicalizado\\\/#article\",\"isPartOf\":{\"@id\":\"https:\\\/\\\/contabilidadecaxias.com.br\\\/index.php\\\/2022\\\/08\\\/23\\\/sdc-afasta-contribuicao-assistencial-de-empregado-nao-sindicalizado\\\/\"},\"author\":{\"name\":\"\",\"@id\":\"\"},\"headline\":\"SDC afasta contribui\u00e7\u00e3o assistencial de empregado n\u00e3o sindicalizado\",\"datePublished\":\"2022-08-23T20:04:15+00:00\",\"mainEntityOfPage\":{\"@id\":\"https:\\\/\\\/contabilidadecaxias.com.br\\\/index.php\\\/2022\\\/08\\\/23\\\/sdc-afasta-contribuicao-assistencial-de-empregado-nao-sindicalizado\\\/\"},\"wordCount\":128,\"commentCount\":0,\"articleSection\":[\"Educa\u00e7\u00e3o Financeira\"],\"inLanguage\":\"pt-BR\",\"potentialAction\":[{\"@type\":\"CommentAction\",\"name\":\"Comment\",\"target\":[\"https:\\\/\\\/contabilidadecaxias.com.br\\\/index.php\\\/2022\\\/08\\\/23\\\/sdc-afasta-contribuicao-assistencial-de-empregado-nao-sindicalizado\\\/#respond\"]}]},{\"@type\":\"WebPage\",\"@id\":\"https:\\\/\\\/contabilidadecaxias.com.br\\\/index.php\\\/2022\\\/08\\\/23\\\/sdc-afasta-contribuicao-assistencial-de-empregado-nao-sindicalizado\\\/\",\"url\":\"https:\\\/\\\/contabilidadecaxias.com.br\\\/index.php\\\/2022\\\/08\\\/23\\\/sdc-afasta-contribuicao-assistencial-de-empregado-nao-sindicalizado\\\/\",\"name\":\"SDC afasta contribui\u00e7\u00e3o assistencial de empregado n\u00e3o sindicalizado - Contabilidade Caxias\",\"isPartOf\":{\"@id\":\"https:\\\/\\\/contabilidadecaxias.com.br\\\/#website\"},\"datePublished\":\"2022-08-23T20:04:15+00:00\",\"author\":{\"@id\":\"\"},\"breadcrumb\":{\"@id\":\"https:\\\/\\\/contabilidadecaxias.com.br\\\/index.php\\\/2022\\\/08\\\/23\\\/sdc-afasta-contribuicao-assistencial-de-empregado-nao-sindicalizado\\\/#breadcrumb\"},\"inLanguage\":\"pt-BR\",\"potentialAction\":[{\"@type\":\"ReadAction\",\"target\":[\"https:\\\/\\\/contabilidadecaxias.com.br\\\/index.php\\\/2022\\\/08\\\/23\\\/sdc-afasta-contribuicao-assistencial-de-empregado-nao-sindicalizado\\\/\"]}]},{\"@type\":\"BreadcrumbList\",\"@id\":\"https:\\\/\\\/contabilidadecaxias.com.br\\\/index.php\\\/2022\\\/08\\\/23\\\/sdc-afasta-contribuicao-assistencial-de-empregado-nao-sindicalizado\\\/#breadcrumb\",\"itemListElement\":[{\"@type\":\"ListItem\",\"position\":1,\"name\":\"In\u00edcio\",\"item\":\"https:\\\/\\\/contabilidadecaxias.com.br\\\/\"},{\"@type\":\"ListItem\",\"position\":2,\"name\":\"SDC afasta contribui\u00e7\u00e3o assistencial de empregado n\u00e3o sindicalizado\"}]},{\"@type\":\"WebSite\",\"@id\":\"https:\\\/\\\/contabilidadecaxias.com.br\\\/#website\",\"url\":\"https:\\\/\\\/contabilidadecaxias.com.br\\\/\",\"name\":\"Contabilidade Caxias\",\"description\":\"Site especializado em Contabilidade para Caxias.\",\"potentialAction\":[{\"@type\":\"SearchAction\",\"target\":{\"@type\":\"EntryPoint\",\"urlTemplate\":\"https:\\\/\\\/contabilidadecaxias.com.br\\\/?s={search_term_string}\"},\"query-input\":{\"@type\":\"PropertyValueSpecification\",\"valueRequired\":true,\"valueName\":\"search_term_string\"}}],\"inLanguage\":\"pt-BR\"}]}<\/script>\n<!-- \/ Yoast SEO plugin. -->","yoast_head_json":{"title":"SDC afasta contribui\u00e7\u00e3o assistencial de empregado n\u00e3o sindicalizado - Contabilidade Caxias","robots":{"index":"index","follow":"follow","max-snippet":"max-snippet:-1","max-image-preview":"max-image-preview:large","max-video-preview":"max-video-preview:-1"},"canonical":"https:\/\/contabilidadecaxias.com.br\/index.php\/2022\/08\/23\/sdc-afasta-contribuicao-assistencial-de-empregado-nao-sindicalizado\/","og_locale":"pt_BR","og_type":"article","og_title":"SDC afasta contribui\u00e7\u00e3o assistencial de empregado n\u00e3o sindicalizado - Contabilidade Caxias","og_description":"\u00a0 \u00a0\u00a0\u00a0\u00a0\u00a0\u00a0\u00a0\u00a0 \u00a0\u00a0\u00a0\u00a0\u00a0\u00a0\u00a0\u00a0 \u00a0\u00a0\u00a0\u00a0\u00a0\u00a0 Baixe o \u00e1udio Reproduzir o \u00e1udio\u00a0\u00a0Pausar o \u00e1udio\u00a0\u00a0Aumentar o volume\u00a0\u00a0Diminuir o volume \u00a0 23\/08\/22 &#8211;\u00a0A Se\u00e7\u00e3o Especializada em Diss\u00eddios Coletivos (SDC) do Tribunal Superior do Trabalho reformou a cl\u00e1usula do acordo coletivo celebrado entre entidades sindicais do setor de mobili\u00e1rio do Rio Grande do Sul que previa desconto nos sal\u00e1rios de [&hellip;]","og_url":"https:\/\/contabilidadecaxias.com.br\/index.php\/2022\/08\/23\/sdc-afasta-contribuicao-assistencial-de-empregado-nao-sindicalizado\/","og_site_name":"Contabilidade Caxias","article_published_time":"2022-08-23T20:04:15+00:00","twitter_card":"summary_large_image","twitter_misc":{"Est. tempo de leitura":"1 minuto"},"schema":{"@context":"https:\/\/schema.org","@graph":[{"@type":"Article","@id":"https:\/\/contabilidadecaxias.com.br\/index.php\/2022\/08\/23\/sdc-afasta-contribuicao-assistencial-de-empregado-nao-sindicalizado\/#article","isPartOf":{"@id":"https:\/\/contabilidadecaxias.com.br\/index.php\/2022\/08\/23\/sdc-afasta-contribuicao-assistencial-de-empregado-nao-sindicalizado\/"},"author":{"name":"","@id":""},"headline":"SDC afasta contribui\u00e7\u00e3o assistencial de empregado n\u00e3o sindicalizado","datePublished":"2022-08-23T20:04:15+00:00","mainEntityOfPage":{"@id":"https:\/\/contabilidadecaxias.com.br\/index.php\/2022\/08\/23\/sdc-afasta-contribuicao-assistencial-de-empregado-nao-sindicalizado\/"},"wordCount":128,"commentCount":0,"articleSection":["Educa\u00e7\u00e3o Financeira"],"inLanguage":"pt-BR","potentialAction":[{"@type":"CommentAction","name":"Comment","target":["https:\/\/contabilidadecaxias.com.br\/index.php\/2022\/08\/23\/sdc-afasta-contribuicao-assistencial-de-empregado-nao-sindicalizado\/#respond"]}]},{"@type":"WebPage","@id":"https:\/\/contabilidadecaxias.com.br\/index.php\/2022\/08\/23\/sdc-afasta-contribuicao-assistencial-de-empregado-nao-sindicalizado\/","url":"https:\/\/contabilidadecaxias.com.br\/index.php\/2022\/08\/23\/sdc-afasta-contribuicao-assistencial-de-empregado-nao-sindicalizado\/","name":"SDC afasta contribui\u00e7\u00e3o assistencial de empregado n\u00e3o sindicalizado - Contabilidade Caxias","isPartOf":{"@id":"https:\/\/contabilidadecaxias.com.br\/#website"},"datePublished":"2022-08-23T20:04:15+00:00","author":{"@id":""},"breadcrumb":{"@id":"https:\/\/contabilidadecaxias.com.br\/index.php\/2022\/08\/23\/sdc-afasta-contribuicao-assistencial-de-empregado-nao-sindicalizado\/#breadcrumb"},"inLanguage":"pt-BR","potentialAction":[{"@type":"ReadAction","target":["https:\/\/contabilidadecaxias.com.br\/index.php\/2022\/08\/23\/sdc-afasta-contribuicao-assistencial-de-empregado-nao-sindicalizado\/"]}]},{"@type":"BreadcrumbList","@id":"https:\/\/contabilidadecaxias.com.br\/index.php\/2022\/08\/23\/sdc-afasta-contribuicao-assistencial-de-empregado-nao-sindicalizado\/#breadcrumb","itemListElement":[{"@type":"ListItem","position":1,"name":"In\u00edcio","item":"https:\/\/contabilidadecaxias.com.br\/"},{"@type":"ListItem","position":2,"name":"SDC afasta contribui\u00e7\u00e3o assistencial de empregado n\u00e3o sindicalizado"}]},{"@type":"WebSite","@id":"https:\/\/contabilidadecaxias.com.br\/#website","url":"https:\/\/contabilidadecaxias.com.br\/","name":"Contabilidade Caxias","description":"Site especializado em Contabilidade para Caxias.","potentialAction":[{"@type":"SearchAction","target":{"@type":"EntryPoint","urlTemplate":"https:\/\/contabilidadecaxias.com.br\/?s={search_term_string}"},"query-input":{"@type":"PropertyValueSpecification","valueRequired":true,"valueName":"search_term_string"}}],"inLanguage":"pt-BR"}]}},"_links":{"self":[{"href":"https:\/\/contabilidadecaxias.com.br\/index.php\/wp-json\/wp\/v2\/posts\/13747","targetHints":{"allow":["GET"]}}],"collection":[{"href":"https:\/\/contabilidadecaxias.com.br\/index.php\/wp-json\/wp\/v2\/posts"}],"about":[{"href":"https:\/\/contabilidadecaxias.com.br\/index.php\/wp-json\/wp\/v2\/types\/post"}],"replies":[{"embeddable":true,"href":"https:\/\/contabilidadecaxias.com.br\/index.php\/wp-json\/wp\/v2\/comments?post=13747"}],"version-history":[{"count":0,"href":"https:\/\/contabilidadecaxias.com.br\/index.php\/wp-json\/wp\/v2\/posts\/13747\/revisions"}],"wp:attachment":[{"href":"https:\/\/contabilidadecaxias.com.br\/index.php\/wp-json\/wp\/v2\/media?parent=13747"}],"wp:term":[{"taxonomy":"category","embeddable":true,"href":"https:\/\/contabilidadecaxias.com.br\/index.php\/wp-json\/wp\/v2\/categories?post=13747"},{"taxonomy":"post_tag","embeddable":true,"href":"https:\/\/contabilidadecaxias.com.br\/index.php\/wp-json\/wp\/v2\/tags?post=13747"}],"curies":[{"name":"wp","href":"https:\/\/api.w.org\/{rel}","templated":true}]}}