{"id":13741,"date":"2022-08-23T14:06:19","date_gmt":"2022-08-23T17:06:19","guid":{"rendered":"https:\/\/contabilidadecaxias.com.br\/index.php\/2022\/08\/23\/rede-de-supermercados-e-condenada-por-atraso-reiterado-no-pagamento-de-salarios\/"},"modified":"2022-08-23T14:06:19","modified_gmt":"2022-08-23T17:06:19","slug":"rede-de-supermercados-e-condenada-por-atraso-reiterado-no-pagamento-de-salarios","status":"publish","type":"post","link":"https:\/\/contabilidadecaxias.com.br\/index.php\/2022\/08\/23\/rede-de-supermercados-e-condenada-por-atraso-reiterado-no-pagamento-de-salarios\/","title":{"rendered":"Rede de supermercados \u00e9 condenada por atraso reiterado no pagamento de sal\u00e1rios"},"content":{"rendered":"<div class=\"noticia-wrapper\">\n<p><em><\/p>\n<p>Essa e outras irregularidades configuraram dano moral coletivo\u00a0<\/p>\n<p><\/em><\/p>\n<div class=\"social-media-share mobile\">\n        <a class=\"share-facebook\" href=\"https:\/\/www.facebook.com\/sharer.php?u=https:\/\/www.tst.jus.br\/-\/rede-de-supermercados-%C3%A9-condenada-por-atraso-reiterado-no-pagamento-de-sal%C3%A1rios\" target=\"_blank\" rel=\"noopener\"><\/a><br \/>\n        <a class=\"share-twitter\" href=\"https:\/\/twitter.com\/intent\/tweet?text=Rede%20de%20supermercados%20%C3%A9%20condenada%20por%20atraso%20reiterado%20no%20pagamento%20de%20sal%C3%A1rios%0AVeja%20mais%20em:&amp;url=https:\/\/www.tst.jus.br\/-\/rede-de-supermercados-%C3%A9-condenada-por-atraso-reiterado-no-pagamento-de-sal%C3%A1rios\" target=\"_blank\" rel=\"noopener\"><\/a><br \/>\n        <a class=\"share-linkedin\" href=\"https:\/\/www.linkedin.com\/shareArticle?mini=true&amp;url=https:\/\/www.tst.jus.br\/-\/rede-de-supermercados-%C3%A9-condenada-por-atraso-reiterado-no-pagamento-de-sal%C3%A1rios&amp;title=Rede%20de%20supermercados%20%C3%A9%20condenada%20por%20atraso%20reiterado%20no%20pagamento%20de%20sal%C3%A1rios\" target=\"_blank\" rel=\"noopener\"><\/a><br \/>\n        <a class=\"share-whatsapp\" href=\"https:\/\/web.whatsapp.com\/send?text=https:\/\/www.tst.jus.br\/-\/rede-de-supermercados-%C3%A9-condenada-por-atraso-reiterado-no-pagamento-de-sal%C3%A1rios\" target=\"_blank\" rel=\"noopener\"><\/a><br \/>\n        <a class=\"share-googleplus\" href=\"https:\/\/plus.google.com\/share?url=https:\/\/www.tst.jus.br\/-\/rede-de-supermercados-%C3%A9-condenada-por-atraso-reiterado-no-pagamento-de-sal%C3%A1rios\" target=\"_blank\" rel=\"noopener\"><\/a>\n    <\/div>\n<div class=\"news-body\">\n<div class=\"imagem-da-noticia\">\n<p>Ministro Augusto C\u00e9sar<\/p>\n<div class=\"social-media-share\">\n                    <a class=\"share-facebook\" href=\"https:\/\/www.facebook.com\/sharer.php?u=https:\/\/www.tst.jus.br\/-\/rede-de-supermercados-%C3%A9-condenada-por-atraso-reiterado-no-pagamento-de-sal%C3%A1rios\" target=\"_blank\" rel=\"noopener\"><\/a><br \/>\n                    <a class=\"share-twitter\" href=\"https:\/\/twitter.com\/intent\/tweet?text=Rede%20de%20supermercados%20%C3%A9%20condenada%20por%20atraso%20reiterado%20no%20pagamento%20de%20sal%C3%A1rios%0AVeja%20mais%20em:&amp;url=https:\/\/www.tst.jus.br\/-\/rede-de-supermercados-%C3%A9-condenada-por-atraso-reiterado-no-pagamento-de-sal%C3%A1rios\" target=\"_blank\" rel=\"noopener\"><\/a><br \/>\n                    <a class=\"share-linkedin\" href=\"https:\/\/www.linkedin.com\/shareArticle?mini=true&amp;url=https:\/\/www.tst.jus.br\/-\/rede-de-supermercados-%C3%A9-condenada-por-atraso-reiterado-no-pagamento-de-sal%C3%A1rios&amp;title=Rede%20de%20supermercados%20%C3%A9%20condenada%20por%20atraso%20reiterado%20no%20pagamento%20de%20sal%C3%A1rios\" target=\"_blank\" rel=\"noopener\"><\/a><br \/>\n                    <a class=\"share-whatsapp\" href=\"https:\/\/web.whatsapp.com\/send?text=https:\/\/www.tst.jus.br\/-\/rede-de-supermercados-%C3%A9-condenada-por-atraso-reiterado-no-pagamento-de-sal%C3%A1rios\" target=\"_blank\" rel=\"noopener\"><\/a><br \/>\n                    <a class=\"share-googleplus\" href=\"https:\/\/plus.google.com\/share?url=https:\/\/www.tst.jus.br\/-\/rede-de-supermercados-%C3%A9-condenada-por-atraso-reiterado-no-pagamento-de-sal%C3%A1rios\" target=\"_blank\" rel=\"noopener\"><\/a>\n                <\/div>\n<\/p><\/div>\n<div class=\"materia\">\n<p>23\/08\/22 &#8211;\u00a0O WMS Supermercados do Brasil, do munic\u00edpio ga\u00facho de Santo\u00a0 \u00c2ngelo, ter\u00e1 de pagar R$ 150 mil de indeniza\u00e7\u00e3o por dano moral coletivo. A condena\u00e7\u00e3o foi mantida pela Sexta Turma do Tribunal Superior do Trabalho, que constatou uma s\u00e9rie de irregularidades cometidas pela empresa que causaram preju\u00edzos aos empregados e \u00e0 coletividade, como o atraso reiterado no pagamento de sal\u00e1rios por quase um ano.\u00a0<\/p>\n<h4>Danos \u00e0 sociedade<\/h4>\n<p>O Minist\u00e9rio P\u00fablico do Trabalho (MPT) ajuizou a\u00e7\u00e3o civil p\u00fablica, em 2012, com pedido para que o WMS Supermercados (Rede Walmart) fosse condenado a pagar R$ 200 mil de indeniza\u00e7\u00e3o como forma de compensar os preju\u00edzos causados \u00e0 sociedade. Segundo o MPT, as fiscaliza\u00e7\u00f5es constataram que a empresa demorava a pagar as verbas rescis\u00f3rias de empregados dispensados, exigia presta\u00e7\u00e3o de servi\u00e7os em feriados sem previs\u00e3o em acordo ou conven\u00e7\u00e3o coletiva de trabalho e atrasava, costumeiramente, o pagamento dos sal\u00e1rios de seus 60 empregados.<\/p>\n<p>Ainda de acordo com o Minist\u00e9rio P\u00fablico, n\u00e3o tinha sido poss\u00edvel solucionar essas quest\u00f5es administrativamente e, por isso, foi necess\u00e1rio ajuizar a a\u00e7\u00e3o, com o objetivo de prevenir a repeti\u00e7\u00e3o da pr\u00e1tica dos atos il\u00edcitos.\u00a0<\/p>\n<h4>Reincidente<\/h4>\n<p>Na Vara do Trabalho de Santo\u00a0 \u00c2ngelo, o supermercado foi condenado a pagar indeniza\u00e7\u00e3o\u00a0de R$ 150 mil, a ser revertida\u00a0ao Fundo de Amparo ao Trabalhador (FAT) ou a entidades filantr\u00f3picas e assistenciais sem fins lucrativos da regi\u00e3o. Na senten\u00e7a, o juiz destacou a gravidade dos danos aos direitos trabalhistas e fundamentais dos empregados causados pela rede de supermercados, que tem sido reincidente na pr\u00e1tica de atos lesivos contra seus colaboradores.\u00a0<\/p>\n<p>A condena\u00e7\u00e3o foi confirmada pelo Tribunal Regional do Trabalho da 4\u00aa Regi\u00e3o (RS), que entendeu que a ofensa, no caso, atingira os empregados da empresa e a coletividade, de modo geral, em raz\u00e3o da inseguran\u00e7a com a falta de cumprimento de normas legais.\u00a0<\/p>\n<h4>Condena\u00e7\u00e3o mantida<\/h4>\n<p>O ministro Augusto C\u00e9sar, relator do recurso de revista da WMS, constatou a exist\u00eancia de provas dos atos il\u00edcitos e explicou que tipo de dano moral \u00e9 presumido.<\/p>\n<p>Quanto ao valor fixado a t\u00edtulo de indeniza\u00e7\u00e3o, o ministro n\u00e3o o considerou desproporcional aos danos causados, tendo em vista se tratar \u201cde comportamento reincidente na conduta lesiva praticada por uma das maiores redes de supermercado do mundo\u201d.<\/p>\n<p>A decis\u00e3o foi un\u00e2nime.\u00a0<\/p>\n<p>(LF\/CF)<\/p>\n<p>Processo: <a href=\"https:\/\/consultaprocessual.tst.jus.br\/consultaProcessual\/consultaTstNumUnica.do?consulta=Consultar&amp;conscsjt=&amp;numeroTst=1051&amp;digitoTst=04&amp;anoTst=2012&amp;orgaoTst=5&amp;tribunalTst=04&amp;varaTst=0741&amp;submit=Consultar\" target=\"_blank\" rel=\"noopener\">RR-1051-04.2012.5.04.0741<\/a><\/p>\n<p>Esta mat\u00e9ria tem cunho meramente informativo.<br \/>\nPermitida a reprodu\u00e7\u00e3o mediante cita\u00e7\u00e3o da fonte.<br \/>\nSecretaria de Comunica\u00e7\u00e3o Social<br \/>\n<a href=\"https:\/\/www.tst.jus.br\/\" target=\"_blank\" rel=\"noopener\">Tribunal Superior do Trabalho<\/a><br \/>\nTel. (61) 3043-4907<br \/>\n<a href=\"mailto:secom@tst.jus.br\" target=\"\" rel=\"noopener\">secom@tst.jus.br<\/a><\/p>\n<\/div><\/div>\n<\/div>\n","protected":false},"excerpt":{"rendered":"<p>Essa e outras irregularidades configuraram dano moral coletivo\u00a0 Ministro Augusto C\u00e9sar 23\/08\/22 &#8211;\u00a0O WMS Supermercados do Brasil, do munic\u00edpio ga\u00facho de Santo\u00a0 \u00c2ngelo, ter\u00e1 de pagar R$ 150 mil de indeniza\u00e7\u00e3o por dano moral coletivo. A condena\u00e7\u00e3o foi mantida pela Sexta Turma do Tribunal Superior do Trabalho, que constatou uma s\u00e9rie de irregularidades cometidas pela [&hellip;]<\/p>\n","protected":false},"author":0,"featured_media":13742,"comment_status":"open","ping_status":"","sticky":false,"template":"","format":"standard","meta":{"footnotes":""},"categories":[5],"tags":[],"class_list":["post-13741","post","type-post","status-publish","format-standard","has-post-thumbnail","hentry","category-noticias-educacao-financeira"],"blocksy_meta":{"styles_descriptor":{"styles":{"desktop":"","tablet":"","mobile":""},"google_fonts":[],"version":6}},"yoast_head":"<!-- This site is optimized with the Yoast SEO plugin v27.4 - https:\/\/yoast.com\/product\/yoast-seo-wordpress\/ -->\n<title>Rede de supermercados \u00e9 condenada por atraso reiterado no pagamento de sal\u00e1rios - Contabilidade Caxias<\/title>\n<meta name=\"robots\" content=\"index, follow, max-snippet:-1, max-image-preview:large, max-video-preview:-1\" \/>\n<link rel=\"canonical\" href=\"https:\/\/contabilidadecaxias.com.br\/index.php\/2022\/08\/23\/rede-de-supermercados-e-condenada-por-atraso-reiterado-no-pagamento-de-salarios\/\" \/>\n<meta property=\"og:locale\" content=\"pt_BR\" \/>\n<meta property=\"og:type\" content=\"article\" \/>\n<meta property=\"og:title\" content=\"Rede de supermercados \u00e9 condenada por atraso reiterado no pagamento de sal\u00e1rios - Contabilidade Caxias\" \/>\n<meta property=\"og:description\" content=\"Essa e outras irregularidades configuraram dano moral coletivo\u00a0 Ministro Augusto C\u00e9sar 23\/08\/22 &#8211;\u00a0O WMS Supermercados do Brasil, do munic\u00edpio ga\u00facho de Santo\u00a0 \u00c2ngelo, ter\u00e1 de pagar R$ 150 mil de indeniza\u00e7\u00e3o por dano moral coletivo. A condena\u00e7\u00e3o foi mantida pela Sexta Turma do Tribunal Superior do Trabalho, que constatou uma s\u00e9rie de irregularidades cometidas pela [&hellip;]\" \/>\n<meta property=\"og:url\" content=\"https:\/\/contabilidadecaxias.com.br\/index.php\/2022\/08\/23\/rede-de-supermercados-e-condenada-por-atraso-reiterado-no-pagamento-de-salarios\/\" \/>\n<meta property=\"og:site_name\" content=\"Contabilidade Caxias\" \/>\n<meta property=\"article:published_time\" content=\"2022-08-23T17:06:19+00:00\" \/>\n<meta name=\"twitter:card\" content=\"summary_large_image\" \/>\n<meta name=\"twitter:label1\" content=\"Est. tempo de leitura\" \/>\n\t<meta name=\"twitter:data1\" content=\"2 minutos\" \/>\n<script type=\"application\/ld+json\" class=\"yoast-schema-graph\">{\"@context\":\"https:\\\/\\\/schema.org\",\"@graph\":[{\"@type\":\"Article\",\"@id\":\"https:\\\/\\\/contabilidadecaxias.com.br\\\/index.php\\\/2022\\\/08\\\/23\\\/rede-de-supermercados-e-condenada-por-atraso-reiterado-no-pagamento-de-salarios\\\/#article\",\"isPartOf\":{\"@id\":\"https:\\\/\\\/contabilidadecaxias.com.br\\\/index.php\\\/2022\\\/08\\\/23\\\/rede-de-supermercados-e-condenada-por-atraso-reiterado-no-pagamento-de-salarios\\\/\"},\"author\":{\"name\":\"\",\"@id\":\"\"},\"headline\":\"Rede de supermercados \u00e9 condenada por atraso reiterado no pagamento de sal\u00e1rios\",\"datePublished\":\"2022-08-23T17:06:19+00:00\",\"mainEntityOfPage\":{\"@id\":\"https:\\\/\\\/contabilidadecaxias.com.br\\\/index.php\\\/2022\\\/08\\\/23\\\/rede-de-supermercados-e-condenada-por-atraso-reiterado-no-pagamento-de-salarios\\\/\"},\"wordCount\":472,\"commentCount\":0,\"image\":{\"@id\":\"https:\\\/\\\/contabilidadecaxias.com.br\\\/index.php\\\/2022\\\/08\\\/23\\\/rede-de-supermercados-e-condenada-por-atraso-reiterado-no-pagamento-de-salarios\\\/#primaryimage\"},\"thumbnailUrl\":\"https:\\\/\\\/contabilidadecaxias.com.br\\\/wp-content\\\/uploads\\\/2022\\\/08\\\/f7b5ad3a-9567-f988-5957-c56c09b5e154-qdreu5-scaled.jpeg\",\"articleSection\":[\"Educa\u00e7\u00e3o Financeira\"],\"inLanguage\":\"pt-BR\",\"potentialAction\":[{\"@type\":\"CommentAction\",\"name\":\"Comment\",\"target\":[\"https:\\\/\\\/contabilidadecaxias.com.br\\\/index.php\\\/2022\\\/08\\\/23\\\/rede-de-supermercados-e-condenada-por-atraso-reiterado-no-pagamento-de-salarios\\\/#respond\"]}]},{\"@type\":\"WebPage\",\"@id\":\"https:\\\/\\\/contabilidadecaxias.com.br\\\/index.php\\\/2022\\\/08\\\/23\\\/rede-de-supermercados-e-condenada-por-atraso-reiterado-no-pagamento-de-salarios\\\/\",\"url\":\"https:\\\/\\\/contabilidadecaxias.com.br\\\/index.php\\\/2022\\\/08\\\/23\\\/rede-de-supermercados-e-condenada-por-atraso-reiterado-no-pagamento-de-salarios\\\/\",\"name\":\"Rede de supermercados \u00e9 condenada por atraso reiterado no pagamento de sal\u00e1rios - Contabilidade Caxias\",\"isPartOf\":{\"@id\":\"https:\\\/\\\/contabilidadecaxias.com.br\\\/#website\"},\"primaryImageOfPage\":{\"@id\":\"https:\\\/\\\/contabilidadecaxias.com.br\\\/index.php\\\/2022\\\/08\\\/23\\\/rede-de-supermercados-e-condenada-por-atraso-reiterado-no-pagamento-de-salarios\\\/#primaryimage\"},\"image\":{\"@id\":\"https:\\\/\\\/contabilidadecaxias.com.br\\\/index.php\\\/2022\\\/08\\\/23\\\/rede-de-supermercados-e-condenada-por-atraso-reiterado-no-pagamento-de-salarios\\\/#primaryimage\"},\"thumbnailUrl\":\"https:\\\/\\\/contabilidadecaxias.com.br\\\/wp-content\\\/uploads\\\/2022\\\/08\\\/f7b5ad3a-9567-f988-5957-c56c09b5e154-qdreu5-scaled.jpeg\",\"datePublished\":\"2022-08-23T17:06:19+00:00\",\"author\":{\"@id\":\"\"},\"breadcrumb\":{\"@id\":\"https:\\\/\\\/contabilidadecaxias.com.br\\\/index.php\\\/2022\\\/08\\\/23\\\/rede-de-supermercados-e-condenada-por-atraso-reiterado-no-pagamento-de-salarios\\\/#breadcrumb\"},\"inLanguage\":\"pt-BR\",\"potentialAction\":[{\"@type\":\"ReadAction\",\"target\":[\"https:\\\/\\\/contabilidadecaxias.com.br\\\/index.php\\\/2022\\\/08\\\/23\\\/rede-de-supermercados-e-condenada-por-atraso-reiterado-no-pagamento-de-salarios\\\/\"]}]},{\"@type\":\"ImageObject\",\"inLanguage\":\"pt-BR\",\"@id\":\"https:\\\/\\\/contabilidadecaxias.com.br\\\/index.php\\\/2022\\\/08\\\/23\\\/rede-de-supermercados-e-condenada-por-atraso-reiterado-no-pagamento-de-salarios\\\/#primaryimage\",\"url\":\"https:\\\/\\\/contabilidadecaxias.com.br\\\/wp-content\\\/uploads\\\/2022\\\/08\\\/f7b5ad3a-9567-f988-5957-c56c09b5e154-qdreu5-scaled.jpeg\",\"contentUrl\":\"https:\\\/\\\/contabilidadecaxias.com.br\\\/wp-content\\\/uploads\\\/2022\\\/08\\\/f7b5ad3a-9567-f988-5957-c56c09b5e154-qdreu5-scaled.jpeg\",\"width\":2560,\"height\":1707},{\"@type\":\"BreadcrumbList\",\"@id\":\"https:\\\/\\\/contabilidadecaxias.com.br\\\/index.php\\\/2022\\\/08\\\/23\\\/rede-de-supermercados-e-condenada-por-atraso-reiterado-no-pagamento-de-salarios\\\/#breadcrumb\",\"itemListElement\":[{\"@type\":\"ListItem\",\"position\":1,\"name\":\"In\u00edcio\",\"item\":\"https:\\\/\\\/contabilidadecaxias.com.br\\\/\"},{\"@type\":\"ListItem\",\"position\":2,\"name\":\"Rede de supermercados \u00e9 condenada por atraso reiterado no pagamento de sal\u00e1rios\"}]},{\"@type\":\"WebSite\",\"@id\":\"https:\\\/\\\/contabilidadecaxias.com.br\\\/#website\",\"url\":\"https:\\\/\\\/contabilidadecaxias.com.br\\\/\",\"name\":\"Contabilidade Caxias\",\"description\":\"Site especializado em Contabilidade para Caxias.\",\"potentialAction\":[{\"@type\":\"SearchAction\",\"target\":{\"@type\":\"EntryPoint\",\"urlTemplate\":\"https:\\\/\\\/contabilidadecaxias.com.br\\\/?s={search_term_string}\"},\"query-input\":{\"@type\":\"PropertyValueSpecification\",\"valueRequired\":true,\"valueName\":\"search_term_string\"}}],\"inLanguage\":\"pt-BR\"}]}<\/script>\n<!-- \/ Yoast SEO plugin. -->","yoast_head_json":{"title":"Rede de supermercados \u00e9 condenada por atraso reiterado no pagamento de sal\u00e1rios - Contabilidade Caxias","robots":{"index":"index","follow":"follow","max-snippet":"max-snippet:-1","max-image-preview":"max-image-preview:large","max-video-preview":"max-video-preview:-1"},"canonical":"https:\/\/contabilidadecaxias.com.br\/index.php\/2022\/08\/23\/rede-de-supermercados-e-condenada-por-atraso-reiterado-no-pagamento-de-salarios\/","og_locale":"pt_BR","og_type":"article","og_title":"Rede de supermercados \u00e9 condenada por atraso reiterado no pagamento de sal\u00e1rios - Contabilidade Caxias","og_description":"Essa e outras irregularidades configuraram dano moral coletivo\u00a0 Ministro Augusto C\u00e9sar 23\/08\/22 &#8211;\u00a0O WMS Supermercados do Brasil, do munic\u00edpio ga\u00facho de Santo\u00a0 \u00c2ngelo, ter\u00e1 de pagar R$ 150 mil de indeniza\u00e7\u00e3o por dano moral coletivo. A condena\u00e7\u00e3o foi mantida pela Sexta Turma do Tribunal Superior do Trabalho, que constatou uma s\u00e9rie de irregularidades cometidas pela [&hellip;]","og_url":"https:\/\/contabilidadecaxias.com.br\/index.php\/2022\/08\/23\/rede-de-supermercados-e-condenada-por-atraso-reiterado-no-pagamento-de-salarios\/","og_site_name":"Contabilidade Caxias","article_published_time":"2022-08-23T17:06:19+00:00","twitter_card":"summary_large_image","twitter_misc":{"Est. tempo de leitura":"2 minutos"},"schema":{"@context":"https:\/\/schema.org","@graph":[{"@type":"Article","@id":"https:\/\/contabilidadecaxias.com.br\/index.php\/2022\/08\/23\/rede-de-supermercados-e-condenada-por-atraso-reiterado-no-pagamento-de-salarios\/#article","isPartOf":{"@id":"https:\/\/contabilidadecaxias.com.br\/index.php\/2022\/08\/23\/rede-de-supermercados-e-condenada-por-atraso-reiterado-no-pagamento-de-salarios\/"},"author":{"name":"","@id":""},"headline":"Rede de supermercados \u00e9 condenada por atraso reiterado no pagamento de sal\u00e1rios","datePublished":"2022-08-23T17:06:19+00:00","mainEntityOfPage":{"@id":"https:\/\/contabilidadecaxias.com.br\/index.php\/2022\/08\/23\/rede-de-supermercados-e-condenada-por-atraso-reiterado-no-pagamento-de-salarios\/"},"wordCount":472,"commentCount":0,"image":{"@id":"https:\/\/contabilidadecaxias.com.br\/index.php\/2022\/08\/23\/rede-de-supermercados-e-condenada-por-atraso-reiterado-no-pagamento-de-salarios\/#primaryimage"},"thumbnailUrl":"https:\/\/contabilidadecaxias.com.br\/wp-content\/uploads\/2022\/08\/f7b5ad3a-9567-f988-5957-c56c09b5e154-qdreu5-scaled.jpeg","articleSection":["Educa\u00e7\u00e3o Financeira"],"inLanguage":"pt-BR","potentialAction":[{"@type":"CommentAction","name":"Comment","target":["https:\/\/contabilidadecaxias.com.br\/index.php\/2022\/08\/23\/rede-de-supermercados-e-condenada-por-atraso-reiterado-no-pagamento-de-salarios\/#respond"]}]},{"@type":"WebPage","@id":"https:\/\/contabilidadecaxias.com.br\/index.php\/2022\/08\/23\/rede-de-supermercados-e-condenada-por-atraso-reiterado-no-pagamento-de-salarios\/","url":"https:\/\/contabilidadecaxias.com.br\/index.php\/2022\/08\/23\/rede-de-supermercados-e-condenada-por-atraso-reiterado-no-pagamento-de-salarios\/","name":"Rede de supermercados \u00e9 condenada por atraso reiterado no pagamento de sal\u00e1rios - Contabilidade Caxias","isPartOf":{"@id":"https:\/\/contabilidadecaxias.com.br\/#website"},"primaryImageOfPage":{"@id":"https:\/\/contabilidadecaxias.com.br\/index.php\/2022\/08\/23\/rede-de-supermercados-e-condenada-por-atraso-reiterado-no-pagamento-de-salarios\/#primaryimage"},"image":{"@id":"https:\/\/contabilidadecaxias.com.br\/index.php\/2022\/08\/23\/rede-de-supermercados-e-condenada-por-atraso-reiterado-no-pagamento-de-salarios\/#primaryimage"},"thumbnailUrl":"https:\/\/contabilidadecaxias.com.br\/wp-content\/uploads\/2022\/08\/f7b5ad3a-9567-f988-5957-c56c09b5e154-qdreu5-scaled.jpeg","datePublished":"2022-08-23T17:06:19+00:00","author":{"@id":""},"breadcrumb":{"@id":"https:\/\/contabilidadecaxias.com.br\/index.php\/2022\/08\/23\/rede-de-supermercados-e-condenada-por-atraso-reiterado-no-pagamento-de-salarios\/#breadcrumb"},"inLanguage":"pt-BR","potentialAction":[{"@type":"ReadAction","target":["https:\/\/contabilidadecaxias.com.br\/index.php\/2022\/08\/23\/rede-de-supermercados-e-condenada-por-atraso-reiterado-no-pagamento-de-salarios\/"]}]},{"@type":"ImageObject","inLanguage":"pt-BR","@id":"https:\/\/contabilidadecaxias.com.br\/index.php\/2022\/08\/23\/rede-de-supermercados-e-condenada-por-atraso-reiterado-no-pagamento-de-salarios\/#primaryimage","url":"https:\/\/contabilidadecaxias.com.br\/wp-content\/uploads\/2022\/08\/f7b5ad3a-9567-f988-5957-c56c09b5e154-qdreu5-scaled.jpeg","contentUrl":"https:\/\/contabilidadecaxias.com.br\/wp-content\/uploads\/2022\/08\/f7b5ad3a-9567-f988-5957-c56c09b5e154-qdreu5-scaled.jpeg","width":2560,"height":1707},{"@type":"BreadcrumbList","@id":"https:\/\/contabilidadecaxias.com.br\/index.php\/2022\/08\/23\/rede-de-supermercados-e-condenada-por-atraso-reiterado-no-pagamento-de-salarios\/#breadcrumb","itemListElement":[{"@type":"ListItem","position":1,"name":"In\u00edcio","item":"https:\/\/contabilidadecaxias.com.br\/"},{"@type":"ListItem","position":2,"name":"Rede de supermercados \u00e9 condenada por atraso reiterado no pagamento de sal\u00e1rios"}]},{"@type":"WebSite","@id":"https:\/\/contabilidadecaxias.com.br\/#website","url":"https:\/\/contabilidadecaxias.com.br\/","name":"Contabilidade Caxias","description":"Site especializado em Contabilidade para Caxias.","potentialAction":[{"@type":"SearchAction","target":{"@type":"EntryPoint","urlTemplate":"https:\/\/contabilidadecaxias.com.br\/?s={search_term_string}"},"query-input":{"@type":"PropertyValueSpecification","valueRequired":true,"valueName":"search_term_string"}}],"inLanguage":"pt-BR"}]}},"_links":{"self":[{"href":"https:\/\/contabilidadecaxias.com.br\/index.php\/wp-json\/wp\/v2\/posts\/13741","targetHints":{"allow":["GET"]}}],"collection":[{"href":"https:\/\/contabilidadecaxias.com.br\/index.php\/wp-json\/wp\/v2\/posts"}],"about":[{"href":"https:\/\/contabilidadecaxias.com.br\/index.php\/wp-json\/wp\/v2\/types\/post"}],"replies":[{"embeddable":true,"href":"https:\/\/contabilidadecaxias.com.br\/index.php\/wp-json\/wp\/v2\/comments?post=13741"}],"version-history":[{"count":0,"href":"https:\/\/contabilidadecaxias.com.br\/index.php\/wp-json\/wp\/v2\/posts\/13741\/revisions"}],"wp:featuredmedia":[{"embeddable":true,"href":"https:\/\/contabilidadecaxias.com.br\/index.php\/wp-json\/wp\/v2\/media\/13742"}],"wp:attachment":[{"href":"https:\/\/contabilidadecaxias.com.br\/index.php\/wp-json\/wp\/v2\/media?parent=13741"}],"wp:term":[{"taxonomy":"category","embeddable":true,"href":"https:\/\/contabilidadecaxias.com.br\/index.php\/wp-json\/wp\/v2\/categories?post=13741"},{"taxonomy":"post_tag","embeddable":true,"href":"https:\/\/contabilidadecaxias.com.br\/index.php\/wp-json\/wp\/v2\/tags?post=13741"}],"curies":[{"name":"wp","href":"https:\/\/api.w.org\/{rel}","templated":true}]}}