{"id":13739,"date":"2022-08-23T14:06:15","date_gmt":"2022-08-23T17:06:15","guid":{"rendered":"https:\/\/contabilidadecaxias.com.br\/index.php\/2022\/08\/23\/testemunha-ocupante-de-cargo-de-gerente-e-considerada-suspeita-em-depoimento\/"},"modified":"2022-08-23T14:06:15","modified_gmt":"2022-08-23T17:06:15","slug":"testemunha-ocupante-de-cargo-de-gerente-e-considerada-suspeita-em-depoimento","status":"publish","type":"post","link":"https:\/\/contabilidadecaxias.com.br\/index.php\/2022\/08\/23\/testemunha-ocupante-de-cargo-de-gerente-e-considerada-suspeita-em-depoimento\/","title":{"rendered":"Testemunha ocupante de cargo de gerente \u00e9 considerada suspeita em depoimento"},"content":{"rendered":"<div class=\"noticia-wrapper\">\n<p><em><\/p>\n<p>Em cargo de confian\u00e7a, ela tinha poderes semelhantes aos do dono da empresa.<\/p>\n<p><\/em><\/p>\n<div class=\"social-media-share mobile\">\n        <a class=\"share-facebook\" href=\"https:\/\/www.facebook.com\/sharer.php?u=https:\/\/www.tst.jus.br\/-\/testemunha-ocupante-de-cargo-de-gerente-%C3%A9-considerada-suspeita-em-depoimento\" target=\"_blank\" rel=\"noopener\"><\/a><br \/>\n        <a class=\"share-twitter\" href=\"https:\/\/twitter.com\/intent\/tweet?text=Testemunha%20ocupante%20de%20cargo%20de%20gerente%20%C3%A9%20considerada%20suspeita%20em%20depoimento%0AVeja%20mais%20em:&amp;url=https:\/\/www.tst.jus.br\/-\/testemunha-ocupante-de-cargo-de-gerente-%C3%A9-considerada-suspeita-em-depoimento\" target=\"_blank\" rel=\"noopener\"><\/a><br \/>\n        <a class=\"share-linkedin\" href=\"https:\/\/www.linkedin.com\/shareArticle?mini=true&amp;url=https:\/\/www.tst.jus.br\/-\/testemunha-ocupante-de-cargo-de-gerente-%C3%A9-considerada-suspeita-em-depoimento&amp;title=Testemunha%20ocupante%20de%20cargo%20de%20gerente%20%C3%A9%20considerada%20suspeita%20em%20depoimento\" target=\"_blank\" rel=\"noopener\"><\/a><br \/>\n        <a class=\"share-whatsapp\" href=\"https:\/\/web.whatsapp.com\/send?text=https:\/\/www.tst.jus.br\/-\/testemunha-ocupante-de-cargo-de-gerente-%C3%A9-considerada-suspeita-em-depoimento\" target=\"_blank\" rel=\"noopener\"><\/a><br \/>\n        <a class=\"share-googleplus\" href=\"https:\/\/plus.google.com\/share?url=https:\/\/www.tst.jus.br\/-\/testemunha-ocupante-de-cargo-de-gerente-%C3%A9-considerada-suspeita-em-depoimento\" target=\"_blank\" rel=\"noopener\"><\/a>\n    <\/div>\n<div class=\"news-body\">\n<div class=\"imagem-da-noticia\">\n<p>Ministro Alberto Balazeiro<\/p>\n<div class=\"social-media-share\">\n                    <a class=\"share-facebook\" href=\"https:\/\/www.facebook.com\/sharer.php?u=https:\/\/www.tst.jus.br\/-\/testemunha-ocupante-de-cargo-de-gerente-%C3%A9-considerada-suspeita-em-depoimento\" target=\"_blank\" rel=\"noopener\"><\/a><br \/>\n                    <a class=\"share-twitter\" href=\"https:\/\/twitter.com\/intent\/tweet?text=Testemunha%20ocupante%20de%20cargo%20de%20gerente%20%C3%A9%20considerada%20suspeita%20em%20depoimento%0AVeja%20mais%20em:&amp;url=https:\/\/www.tst.jus.br\/-\/testemunha-ocupante-de-cargo-de-gerente-%C3%A9-considerada-suspeita-em-depoimento\" target=\"_blank\" rel=\"noopener\"><\/a><br \/>\n                    <a class=\"share-linkedin\" href=\"https:\/\/www.linkedin.com\/shareArticle?mini=true&amp;url=https:\/\/www.tst.jus.br\/-\/testemunha-ocupante-de-cargo-de-gerente-%C3%A9-considerada-suspeita-em-depoimento&amp;title=Testemunha%20ocupante%20de%20cargo%20de%20gerente%20%C3%A9%20considerada%20suspeita%20em%20depoimento\" target=\"_blank\" rel=\"noopener\"><\/a><br \/>\n                    <a class=\"share-whatsapp\" href=\"https:\/\/web.whatsapp.com\/send?text=https:\/\/www.tst.jus.br\/-\/testemunha-ocupante-de-cargo-de-gerente-%C3%A9-considerada-suspeita-em-depoimento\" target=\"_blank\" rel=\"noopener\"><\/a><br \/>\n                    <a class=\"share-googleplus\" href=\"https:\/\/plus.google.com\/share?url=https:\/\/www.tst.jus.br\/-\/testemunha-ocupante-de-cargo-de-gerente-%C3%A9-considerada-suspeita-em-depoimento\" target=\"_blank\" rel=\"noopener\"><\/a>\n                <\/div>\n<\/p><\/div>\n<div class=\"materia\">\n<p>23\/08\/22 &#8211;\u00a0A Terceira Turma do Tribunal Superior do Trabalho acolheu recurso de um ex-vendedor da Capelini Ind\u00fastria e Com\u00e9rcio de Tecidos Ltda., de Cerquilho (SP), que pedia para invalidar depoimento de testemunha da empresa em a\u00e7\u00e3o trabalhista. Segundo o empregado, a testemunha n\u00e3o tinha isen\u00e7\u00e3o de \u00e2nimo, pois, como gerente de vendas, tinha poder de mando e gest\u00e3o.\u00a0<\/p>\n<h4><em>Longa manus<\/em><\/h4>\n<p>O vendedor, que ajuizou a\u00e7\u00e3o pedindo o reconhecimento de v\u00ednculo com a empresa, disse que o gerente representava um &#8220;<em>longa manus<\/em>&#8221; (executor de ordens) do empregador e, dessa forma, n\u00e3o poderia dar um depoimento imparcial. Ainda, segundo ele, o depoimento poderia comprometer a verdade real, \u201cconfigurando o interesse no resultado da demanda\u201d.<\/p>\n<h4>Testemunha<\/h4>\n<p>Em contesta\u00e7\u00e3o, a Capelini argumentou que n\u00e3o h\u00e1 lei que disponha que um gerente \u2013 com ou sem poderes para aplicar san\u00e7\u00f5es a funcion\u00e1rio \u2013 n\u00e3o possa testemunhar em ju\u00edzo. De acordo com a empresa, o fato de o depoente exercer o cargo n\u00e3o o desqualificava como testemunha.<\/p>\n<h4>Penalidades<\/h4>\n<p>O ju\u00edzo da 1\u00aa Vara do Trabalho de Ribeir\u00e3o Preto negou o pedido, mas a senten\u00e7a foi reformada pelo Tribunal Regional do Trabalho da 15\u00aa Regi\u00e3o (Campinas\/SP). Segundo o TRT, o gerente, com poderes para aplicar penalidades, estaria equiparado \u00e0 figura do empregador. A decis\u00e3o ressalta que o depoimento foi considerado pelo ju\u00edzo para formar seu convencimento em rela\u00e7\u00e3o ao v\u00ednculo de emprego.<\/p>\n<h4>Isen\u00e7\u00e3o comprometida<\/h4>\n<p>O relator do recurso de revista do vendedor, ministro Alberto Balazeiro, votou pela invalida\u00e7\u00e3o do processo a partir da senten\u00e7a. Ele observou que o exerc\u00edcio de cargo de confian\u00e7a, por si s\u00f3, n\u00e3o torna a testemunha parcial ou compromete sua isen\u00e7\u00e3o de \u00e2nimo. No caso, por\u00e9m, foi constatado que ela tinha poderes similares ao do empregador. \u201cEntende-se que a isen\u00e7\u00e3o de \u00e2nimo estaria comprometida, considerando-se suspeita a testemunha nesses casos\u201d, conclu\u00edda. \u00a0<\/p>\n<p>(RR\/CF)<\/p>\n<p>Processo: <a href=\"https:\/\/consultaprocessual.tst.jus.br\/consultaProcessual\/consultaTstNumUnica.do?consulta=Consultar&amp;conscsjt=&amp;numeroTst=10599&amp;digitoTst=80&amp;anoTst=2019&amp;orgaoTst=5&amp;tribunalTst=15&amp;varaTst=0004&amp;submit=Consultar\" target=\"_blank\" rel=\"noopener\">RR-10599-80.2019.5.15.0004<\/a><\/p>\n<p><em>Esta mat\u00e9ria tem cunho meramente informativo.<br \/>\nPermitida a reprodu\u00e7\u00e3o mediante cita\u00e7\u00e3o da fonte.<br \/>\nSecretaria de Comunica\u00e7\u00e3o Social<br \/>\n<a href=\"https:\/\/www.tst.jus.br\/\" target=\"_blank\" rel=\"noopener\">Tribunal Superior do Trabalho<\/a><br \/>\nTel. (61) 3043-4907<br \/>\n<a href=\"mailto:secom@tst.jus.br\" target=\"\" rel=\"noopener\">secom@tst.jus.br<\/a><\/em><\/p>\n<\/div><\/div>\n<\/div>\n","protected":false},"excerpt":{"rendered":"<p>Em cargo de confian\u00e7a, ela tinha poderes semelhantes aos do dono da empresa. Ministro Alberto Balazeiro 23\/08\/22 &#8211;\u00a0A Terceira Turma do Tribunal Superior do Trabalho acolheu recurso de um ex-vendedor da Capelini Ind\u00fastria e Com\u00e9rcio de Tecidos Ltda., de Cerquilho (SP), que pedia para invalidar depoimento de testemunha da empresa em a\u00e7\u00e3o trabalhista. Segundo o [&hellip;]<\/p>\n","protected":false},"author":0,"featured_media":13740,"comment_status":"open","ping_status":"","sticky":false,"template":"","format":"standard","meta":{"footnotes":""},"categories":[5],"tags":[],"class_list":["post-13739","post","type-post","status-publish","format-standard","has-post-thumbnail","hentry","category-noticias-educacao-financeira"],"blocksy_meta":{"styles_descriptor":{"styles":{"desktop":"","tablet":"","mobile":""},"google_fonts":[],"version":6}},"yoast_head":"<!-- This site is optimized with the Yoast SEO plugin v27.4 - https:\/\/yoast.com\/product\/yoast-seo-wordpress\/ -->\n<title>Testemunha ocupante de cargo de gerente \u00e9 considerada suspeita em depoimento - Contabilidade Caxias<\/title>\n<meta name=\"robots\" content=\"index, follow, max-snippet:-1, max-image-preview:large, max-video-preview:-1\" \/>\n<link rel=\"canonical\" href=\"https:\/\/contabilidadecaxias.com.br\/index.php\/2022\/08\/23\/testemunha-ocupante-de-cargo-de-gerente-e-considerada-suspeita-em-depoimento\/\" \/>\n<meta property=\"og:locale\" content=\"pt_BR\" \/>\n<meta property=\"og:type\" content=\"article\" \/>\n<meta property=\"og:title\" content=\"Testemunha ocupante de cargo de gerente \u00e9 considerada suspeita em depoimento - Contabilidade Caxias\" \/>\n<meta property=\"og:description\" content=\"Em cargo de confian\u00e7a, ela tinha poderes semelhantes aos do dono da empresa. Ministro Alberto Balazeiro 23\/08\/22 &#8211;\u00a0A Terceira Turma do Tribunal Superior do Trabalho acolheu recurso de um ex-vendedor da Capelini Ind\u00fastria e Com\u00e9rcio de Tecidos Ltda., de Cerquilho (SP), que pedia para invalidar depoimento de testemunha da empresa em a\u00e7\u00e3o trabalhista. Segundo o [&hellip;]\" \/>\n<meta property=\"og:url\" content=\"https:\/\/contabilidadecaxias.com.br\/index.php\/2022\/08\/23\/testemunha-ocupante-de-cargo-de-gerente-e-considerada-suspeita-em-depoimento\/\" \/>\n<meta property=\"og:site_name\" content=\"Contabilidade Caxias\" \/>\n<meta property=\"article:published_time\" content=\"2022-08-23T17:06:15+00:00\" \/>\n<meta name=\"twitter:card\" content=\"summary_large_image\" \/>\n<meta name=\"twitter:label1\" content=\"Est. tempo de leitura\" \/>\n\t<meta name=\"twitter:data1\" content=\"2 minutos\" \/>\n<script type=\"application\/ld+json\" class=\"yoast-schema-graph\">{\"@context\":\"https:\\\/\\\/schema.org\",\"@graph\":[{\"@type\":\"Article\",\"@id\":\"https:\\\/\\\/contabilidadecaxias.com.br\\\/index.php\\\/2022\\\/08\\\/23\\\/testemunha-ocupante-de-cargo-de-gerente-e-considerada-suspeita-em-depoimento\\\/#article\",\"isPartOf\":{\"@id\":\"https:\\\/\\\/contabilidadecaxias.com.br\\\/index.php\\\/2022\\\/08\\\/23\\\/testemunha-ocupante-de-cargo-de-gerente-e-considerada-suspeita-em-depoimento\\\/\"},\"author\":{\"name\":\"\",\"@id\":\"\"},\"headline\":\"Testemunha ocupante de cargo de gerente \u00e9 considerada suspeita em depoimento\",\"datePublished\":\"2022-08-23T17:06:15+00:00\",\"mainEntityOfPage\":{\"@id\":\"https:\\\/\\\/contabilidadecaxias.com.br\\\/index.php\\\/2022\\\/08\\\/23\\\/testemunha-ocupante-de-cargo-de-gerente-e-considerada-suspeita-em-depoimento\\\/\"},\"wordCount\":391,\"commentCount\":0,\"image\":{\"@id\":\"https:\\\/\\\/contabilidadecaxias.com.br\\\/index.php\\\/2022\\\/08\\\/23\\\/testemunha-ocupante-de-cargo-de-gerente-e-considerada-suspeita-em-depoimento\\\/#primaryimage\"},\"thumbnailUrl\":\"https:\\\/\\\/contabilidadecaxias.com.br\\\/wp-content\\\/uploads\\\/2022\\\/08\\\/11c97770-106e-a3f8-d215-87235ab56fad-7Z1hFz.jpeg\",\"articleSection\":[\"Educa\u00e7\u00e3o Financeira\"],\"inLanguage\":\"pt-BR\",\"potentialAction\":[{\"@type\":\"CommentAction\",\"name\":\"Comment\",\"target\":[\"https:\\\/\\\/contabilidadecaxias.com.br\\\/index.php\\\/2022\\\/08\\\/23\\\/testemunha-ocupante-de-cargo-de-gerente-e-considerada-suspeita-em-depoimento\\\/#respond\"]}]},{\"@type\":\"WebPage\",\"@id\":\"https:\\\/\\\/contabilidadecaxias.com.br\\\/index.php\\\/2022\\\/08\\\/23\\\/testemunha-ocupante-de-cargo-de-gerente-e-considerada-suspeita-em-depoimento\\\/\",\"url\":\"https:\\\/\\\/contabilidadecaxias.com.br\\\/index.php\\\/2022\\\/08\\\/23\\\/testemunha-ocupante-de-cargo-de-gerente-e-considerada-suspeita-em-depoimento\\\/\",\"name\":\"Testemunha ocupante de cargo de gerente \u00e9 considerada suspeita em depoimento - Contabilidade Caxias\",\"isPartOf\":{\"@id\":\"https:\\\/\\\/contabilidadecaxias.com.br\\\/#website\"},\"primaryImageOfPage\":{\"@id\":\"https:\\\/\\\/contabilidadecaxias.com.br\\\/index.php\\\/2022\\\/08\\\/23\\\/testemunha-ocupante-de-cargo-de-gerente-e-considerada-suspeita-em-depoimento\\\/#primaryimage\"},\"image\":{\"@id\":\"https:\\\/\\\/contabilidadecaxias.com.br\\\/index.php\\\/2022\\\/08\\\/23\\\/testemunha-ocupante-de-cargo-de-gerente-e-considerada-suspeita-em-depoimento\\\/#primaryimage\"},\"thumbnailUrl\":\"https:\\\/\\\/contabilidadecaxias.com.br\\\/wp-content\\\/uploads\\\/2022\\\/08\\\/11c97770-106e-a3f8-d215-87235ab56fad-7Z1hFz.jpeg\",\"datePublished\":\"2022-08-23T17:06:15+00:00\",\"author\":{\"@id\":\"\"},\"breadcrumb\":{\"@id\":\"https:\\\/\\\/contabilidadecaxias.com.br\\\/index.php\\\/2022\\\/08\\\/23\\\/testemunha-ocupante-de-cargo-de-gerente-e-considerada-suspeita-em-depoimento\\\/#breadcrumb\"},\"inLanguage\":\"pt-BR\",\"potentialAction\":[{\"@type\":\"ReadAction\",\"target\":[\"https:\\\/\\\/contabilidadecaxias.com.br\\\/index.php\\\/2022\\\/08\\\/23\\\/testemunha-ocupante-de-cargo-de-gerente-e-considerada-suspeita-em-depoimento\\\/\"]}]},{\"@type\":\"ImageObject\",\"inLanguage\":\"pt-BR\",\"@id\":\"https:\\\/\\\/contabilidadecaxias.com.br\\\/index.php\\\/2022\\\/08\\\/23\\\/testemunha-ocupante-de-cargo-de-gerente-e-considerada-suspeita-em-depoimento\\\/#primaryimage\",\"url\":\"https:\\\/\\\/contabilidadecaxias.com.br\\\/wp-content\\\/uploads\\\/2022\\\/08\\\/11c97770-106e-a3f8-d215-87235ab56fad-7Z1hFz.jpeg\",\"contentUrl\":\"https:\\\/\\\/contabilidadecaxias.com.br\\\/wp-content\\\/uploads\\\/2022\\\/08\\\/11c97770-106e-a3f8-d215-87235ab56fad-7Z1hFz.jpeg\",\"width\":1200,\"height\":800},{\"@type\":\"BreadcrumbList\",\"@id\":\"https:\\\/\\\/contabilidadecaxias.com.br\\\/index.php\\\/2022\\\/08\\\/23\\\/testemunha-ocupante-de-cargo-de-gerente-e-considerada-suspeita-em-depoimento\\\/#breadcrumb\",\"itemListElement\":[{\"@type\":\"ListItem\",\"position\":1,\"name\":\"In\u00edcio\",\"item\":\"https:\\\/\\\/contabilidadecaxias.com.br\\\/\"},{\"@type\":\"ListItem\",\"position\":2,\"name\":\"Testemunha ocupante de cargo de gerente \u00e9 considerada suspeita em depoimento\"}]},{\"@type\":\"WebSite\",\"@id\":\"https:\\\/\\\/contabilidadecaxias.com.br\\\/#website\",\"url\":\"https:\\\/\\\/contabilidadecaxias.com.br\\\/\",\"name\":\"Contabilidade Caxias\",\"description\":\"Site especializado em Contabilidade para Caxias.\",\"potentialAction\":[{\"@type\":\"SearchAction\",\"target\":{\"@type\":\"EntryPoint\",\"urlTemplate\":\"https:\\\/\\\/contabilidadecaxias.com.br\\\/?s={search_term_string}\"},\"query-input\":{\"@type\":\"PropertyValueSpecification\",\"valueRequired\":true,\"valueName\":\"search_term_string\"}}],\"inLanguage\":\"pt-BR\"}]}<\/script>\n<!-- \/ Yoast SEO plugin. -->","yoast_head_json":{"title":"Testemunha ocupante de cargo de gerente \u00e9 considerada suspeita em depoimento - Contabilidade Caxias","robots":{"index":"index","follow":"follow","max-snippet":"max-snippet:-1","max-image-preview":"max-image-preview:large","max-video-preview":"max-video-preview:-1"},"canonical":"https:\/\/contabilidadecaxias.com.br\/index.php\/2022\/08\/23\/testemunha-ocupante-de-cargo-de-gerente-e-considerada-suspeita-em-depoimento\/","og_locale":"pt_BR","og_type":"article","og_title":"Testemunha ocupante de cargo de gerente \u00e9 considerada suspeita em depoimento - Contabilidade Caxias","og_description":"Em cargo de confian\u00e7a, ela tinha poderes semelhantes aos do dono da empresa. Ministro Alberto Balazeiro 23\/08\/22 &#8211;\u00a0A Terceira Turma do Tribunal Superior do Trabalho acolheu recurso de um ex-vendedor da Capelini Ind\u00fastria e Com\u00e9rcio de Tecidos Ltda., de Cerquilho (SP), que pedia para invalidar depoimento de testemunha da empresa em a\u00e7\u00e3o trabalhista. Segundo o [&hellip;]","og_url":"https:\/\/contabilidadecaxias.com.br\/index.php\/2022\/08\/23\/testemunha-ocupante-de-cargo-de-gerente-e-considerada-suspeita-em-depoimento\/","og_site_name":"Contabilidade Caxias","article_published_time":"2022-08-23T17:06:15+00:00","twitter_card":"summary_large_image","twitter_misc":{"Est. tempo de leitura":"2 minutos"},"schema":{"@context":"https:\/\/schema.org","@graph":[{"@type":"Article","@id":"https:\/\/contabilidadecaxias.com.br\/index.php\/2022\/08\/23\/testemunha-ocupante-de-cargo-de-gerente-e-considerada-suspeita-em-depoimento\/#article","isPartOf":{"@id":"https:\/\/contabilidadecaxias.com.br\/index.php\/2022\/08\/23\/testemunha-ocupante-de-cargo-de-gerente-e-considerada-suspeita-em-depoimento\/"},"author":{"name":"","@id":""},"headline":"Testemunha ocupante de cargo de gerente \u00e9 considerada suspeita em depoimento","datePublished":"2022-08-23T17:06:15+00:00","mainEntityOfPage":{"@id":"https:\/\/contabilidadecaxias.com.br\/index.php\/2022\/08\/23\/testemunha-ocupante-de-cargo-de-gerente-e-considerada-suspeita-em-depoimento\/"},"wordCount":391,"commentCount":0,"image":{"@id":"https:\/\/contabilidadecaxias.com.br\/index.php\/2022\/08\/23\/testemunha-ocupante-de-cargo-de-gerente-e-considerada-suspeita-em-depoimento\/#primaryimage"},"thumbnailUrl":"https:\/\/contabilidadecaxias.com.br\/wp-content\/uploads\/2022\/08\/11c97770-106e-a3f8-d215-87235ab56fad-7Z1hFz.jpeg","articleSection":["Educa\u00e7\u00e3o Financeira"],"inLanguage":"pt-BR","potentialAction":[{"@type":"CommentAction","name":"Comment","target":["https:\/\/contabilidadecaxias.com.br\/index.php\/2022\/08\/23\/testemunha-ocupante-de-cargo-de-gerente-e-considerada-suspeita-em-depoimento\/#respond"]}]},{"@type":"WebPage","@id":"https:\/\/contabilidadecaxias.com.br\/index.php\/2022\/08\/23\/testemunha-ocupante-de-cargo-de-gerente-e-considerada-suspeita-em-depoimento\/","url":"https:\/\/contabilidadecaxias.com.br\/index.php\/2022\/08\/23\/testemunha-ocupante-de-cargo-de-gerente-e-considerada-suspeita-em-depoimento\/","name":"Testemunha ocupante de cargo de gerente \u00e9 considerada suspeita em depoimento - Contabilidade Caxias","isPartOf":{"@id":"https:\/\/contabilidadecaxias.com.br\/#website"},"primaryImageOfPage":{"@id":"https:\/\/contabilidadecaxias.com.br\/index.php\/2022\/08\/23\/testemunha-ocupante-de-cargo-de-gerente-e-considerada-suspeita-em-depoimento\/#primaryimage"},"image":{"@id":"https:\/\/contabilidadecaxias.com.br\/index.php\/2022\/08\/23\/testemunha-ocupante-de-cargo-de-gerente-e-considerada-suspeita-em-depoimento\/#primaryimage"},"thumbnailUrl":"https:\/\/contabilidadecaxias.com.br\/wp-content\/uploads\/2022\/08\/11c97770-106e-a3f8-d215-87235ab56fad-7Z1hFz.jpeg","datePublished":"2022-08-23T17:06:15+00:00","author":{"@id":""},"breadcrumb":{"@id":"https:\/\/contabilidadecaxias.com.br\/index.php\/2022\/08\/23\/testemunha-ocupante-de-cargo-de-gerente-e-considerada-suspeita-em-depoimento\/#breadcrumb"},"inLanguage":"pt-BR","potentialAction":[{"@type":"ReadAction","target":["https:\/\/contabilidadecaxias.com.br\/index.php\/2022\/08\/23\/testemunha-ocupante-de-cargo-de-gerente-e-considerada-suspeita-em-depoimento\/"]}]},{"@type":"ImageObject","inLanguage":"pt-BR","@id":"https:\/\/contabilidadecaxias.com.br\/index.php\/2022\/08\/23\/testemunha-ocupante-de-cargo-de-gerente-e-considerada-suspeita-em-depoimento\/#primaryimage","url":"https:\/\/contabilidadecaxias.com.br\/wp-content\/uploads\/2022\/08\/11c97770-106e-a3f8-d215-87235ab56fad-7Z1hFz.jpeg","contentUrl":"https:\/\/contabilidadecaxias.com.br\/wp-content\/uploads\/2022\/08\/11c97770-106e-a3f8-d215-87235ab56fad-7Z1hFz.jpeg","width":1200,"height":800},{"@type":"BreadcrumbList","@id":"https:\/\/contabilidadecaxias.com.br\/index.php\/2022\/08\/23\/testemunha-ocupante-de-cargo-de-gerente-e-considerada-suspeita-em-depoimento\/#breadcrumb","itemListElement":[{"@type":"ListItem","position":1,"name":"In\u00edcio","item":"https:\/\/contabilidadecaxias.com.br\/"},{"@type":"ListItem","position":2,"name":"Testemunha ocupante de cargo de gerente \u00e9 considerada suspeita em depoimento"}]},{"@type":"WebSite","@id":"https:\/\/contabilidadecaxias.com.br\/#website","url":"https:\/\/contabilidadecaxias.com.br\/","name":"Contabilidade Caxias","description":"Site especializado em Contabilidade para Caxias.","potentialAction":[{"@type":"SearchAction","target":{"@type":"EntryPoint","urlTemplate":"https:\/\/contabilidadecaxias.com.br\/?s={search_term_string}"},"query-input":{"@type":"PropertyValueSpecification","valueRequired":true,"valueName":"search_term_string"}}],"inLanguage":"pt-BR"}]}},"_links":{"self":[{"href":"https:\/\/contabilidadecaxias.com.br\/index.php\/wp-json\/wp\/v2\/posts\/13739","targetHints":{"allow":["GET"]}}],"collection":[{"href":"https:\/\/contabilidadecaxias.com.br\/index.php\/wp-json\/wp\/v2\/posts"}],"about":[{"href":"https:\/\/contabilidadecaxias.com.br\/index.php\/wp-json\/wp\/v2\/types\/post"}],"replies":[{"embeddable":true,"href":"https:\/\/contabilidadecaxias.com.br\/index.php\/wp-json\/wp\/v2\/comments?post=13739"}],"version-history":[{"count":0,"href":"https:\/\/contabilidadecaxias.com.br\/index.php\/wp-json\/wp\/v2\/posts\/13739\/revisions"}],"wp:featuredmedia":[{"embeddable":true,"href":"https:\/\/contabilidadecaxias.com.br\/index.php\/wp-json\/wp\/v2\/media\/13740"}],"wp:attachment":[{"href":"https:\/\/contabilidadecaxias.com.br\/index.php\/wp-json\/wp\/v2\/media?parent=13739"}],"wp:term":[{"taxonomy":"category","embeddable":true,"href":"https:\/\/contabilidadecaxias.com.br\/index.php\/wp-json\/wp\/v2\/categories?post=13739"},{"taxonomy":"post_tag","embeddable":true,"href":"https:\/\/contabilidadecaxias.com.br\/index.php\/wp-json\/wp\/v2\/tags?post=13739"}],"curies":[{"name":"wp","href":"https:\/\/api.w.org\/{rel}","templated":true}]}}