{"id":13722,"date":"2022-08-22T14:07:25","date_gmt":"2022-08-22T17:07:25","guid":{"rendered":"https:\/\/contabilidadecaxias.com.br\/index.php\/2022\/08\/22\/montador-de-moveis-que-se-deslocava-em-moto-recebera-adicional-de-periculosidade\/"},"modified":"2022-08-22T14:07:25","modified_gmt":"2022-08-22T17:07:25","slug":"montador-de-moveis-que-se-deslocava-em-moto-recebera-adicional-de-periculosidade","status":"publish","type":"post","link":"https:\/\/contabilidadecaxias.com.br\/index.php\/2022\/08\/22\/montador-de-moveis-que-se-deslocava-em-moto-recebera-adicional-de-periculosidade\/","title":{"rendered":"Montador de m\u00f3veis que se deslocava em moto receber\u00e1 adicional de periculosidade"},"content":{"rendered":"<div class=\"noticia-wrapper\">\n<p><em><\/p>\n<p>A partir de 2014, a atividade passou a ser enquadrada como perigosa<\/p>\n<p><\/em><\/p>\n<div class=\"social-media-share mobile\">\n        <a class=\"share-facebook\" href=\"https:\/\/www.facebook.com\/sharer.php?u=https:\/\/www.tst.jus.br\/-\/montador-de-m%C3%B3veis-que-se-deslocava-em-moto-receber%C3%A1-adicional-de-periculosidade\" target=\"_blank\" rel=\"noopener\"><\/a><br \/>\n        <a class=\"share-twitter\" href=\"https:\/\/twitter.com\/intent\/tweet?text=Montador%20de%20m%C3%B3veis%20que%20se%20deslocava%20em%20moto%20receber%C3%A1%20adicional%20de%20periculosidade%0AVeja%20mais%20em:&amp;url=https:\/\/www.tst.jus.br\/-\/montador-de-m%C3%B3veis-que-se-deslocava-em-moto-receber%C3%A1-adicional-de-periculosidade\" target=\"_blank\" rel=\"noopener\"><\/a><br \/>\n        <a class=\"share-linkedin\" href=\"https:\/\/www.linkedin.com\/shareArticle?mini=true&amp;url=https:\/\/www.tst.jus.br\/-\/montador-de-m%C3%B3veis-que-se-deslocava-em-moto-receber%C3%A1-adicional-de-periculosidade&amp;title=Montador%20de%20m%C3%B3veis%20que%20se%20deslocava%20em%20moto%20receber%C3%A1%20adicional%20de%20periculosidade\" target=\"_blank\" rel=\"noopener\"><\/a><br \/>\n        <a class=\"share-whatsapp\" href=\"https:\/\/web.whatsapp.com\/send?text=https:\/\/www.tst.jus.br\/-\/montador-de-m%C3%B3veis-que-se-deslocava-em-moto-receber%C3%A1-adicional-de-periculosidade\" target=\"_blank\" rel=\"noopener\"><\/a><br \/>\n        <a class=\"share-googleplus\" href=\"https:\/\/plus.google.com\/share?url=https:\/\/www.tst.jus.br\/-\/montador-de-m%C3%B3veis-que-se-deslocava-em-moto-receber%C3%A1-adicional-de-periculosidade\" target=\"_blank\" rel=\"noopener\"><\/a>\n    <\/div>\n<div class=\"news-body\">\n<div class=\"imagem-da-noticia\">\n<p>Kit de ferramentas<\/p>\n<div class=\"social-media-share\">\n                    <a class=\"share-facebook\" href=\"https:\/\/www.facebook.com\/sharer.php?u=https:\/\/www.tst.jus.br\/-\/montador-de-m%C3%B3veis-que-se-deslocava-em-moto-receber%C3%A1-adicional-de-periculosidade\" target=\"_blank\" rel=\"noopener\"><\/a><br \/>\n                    <a class=\"share-twitter\" href=\"https:\/\/twitter.com\/intent\/tweet?text=Montador%20de%20m%C3%B3veis%20que%20se%20deslocava%20em%20moto%20receber%C3%A1%20adicional%20de%20periculosidade%0AVeja%20mais%20em:&amp;url=https:\/\/www.tst.jus.br\/-\/montador-de-m%C3%B3veis-que-se-deslocava-em-moto-receber%C3%A1-adicional-de-periculosidade\" target=\"_blank\" rel=\"noopener\"><\/a><br \/>\n                    <a class=\"share-linkedin\" href=\"https:\/\/www.linkedin.com\/shareArticle?mini=true&amp;url=https:\/\/www.tst.jus.br\/-\/montador-de-m%C3%B3veis-que-se-deslocava-em-moto-receber%C3%A1-adicional-de-periculosidade&amp;title=Montador%20de%20m%C3%B3veis%20que%20se%20deslocava%20em%20moto%20receber%C3%A1%20adicional%20de%20periculosidade\" target=\"_blank\" rel=\"noopener\"><\/a><br \/>\n                    <a class=\"share-whatsapp\" href=\"https:\/\/web.whatsapp.com\/send?text=https:\/\/www.tst.jus.br\/-\/montador-de-m%C3%B3veis-que-se-deslocava-em-moto-receber%C3%A1-adicional-de-periculosidade\" target=\"_blank\" rel=\"noopener\"><\/a><br \/>\n                    <a class=\"share-googleplus\" href=\"https:\/\/plus.google.com\/share?url=https:\/\/www.tst.jus.br\/-\/montador-de-m%C3%B3veis-que-se-deslocava-em-moto-receber%C3%A1-adicional-de-periculosidade\" target=\"_blank\" rel=\"noopener\"><\/a>\n                <\/div>\n<\/p><\/div>\n<div class=\"materia\">\n<p>22\/08\/22 &#8211;\u00a0A Quarta Turma do Tribunal Superior do Trabalho condenou a Via Varejo S.A, administradora das Casas Bahia, ao pagamento de adicional de periculosidade a um montador que utilizava motocicleta como meio de transporte para realizar as suas tarefas nas resid\u00eancias dos clientes. O colegiado proveu recurso do trabalhador sob o fundamento de que a atividade \u00e9 considerada perigosa.<\/p>\n<h4>Ve\u00edculo pr\u00f3prio<\/h4>\n<p>O Tribunal Regional do Trabalho da 2\u00aa Regi\u00e3o (SP) havia indeferido o pedido de adicional porque, segundo as testemunhas, a empresa exigia que ele tivesse ve\u00edculo pr\u00f3prio, mas n\u00e3o especificava qual o tipo (se motocicleta ou autom\u00f3vel).\u00a0<\/p>\n<h4>Benef\u00edcio<\/h4>\n<p>Inconformado com a decis\u00e3o desfavor\u00e1vel, a defesa do montador interp\u00f4s o recurso de revista sustentando que, embora n\u00e3o houvesse a exig\u00eancia do uso da motocicleta, a empresa teria se beneficiado da sua utiliza\u00e7\u00e3o para o cumprimento das tarefas determinadas.<\/p>\n<h4>Enquadramento<\/h4>\n<p>A relatora, ministra Maria Cristina Peduzzi, explicou que, nos termos do par\u00e1grafo 4\u00ba do artigo 193 da CLT, com a reda\u00e7\u00e3o dada pela <a href=\"https:\/\/www.planalto.gov.br\/ccivil_03\/_Ato2011-2014\/2014\/Lei\/L12997.htm\" target=\"_blank\" rel=\"noopener\">Lei 12.997\/2014<\/a>, \u201cs\u00e3o tamb\u00e9m consideradas perigosas as atividades de trabalhador em motocicleta\u201d. \u00a0Por sua vez, a <a href=\"https:\/\/www.trt2.jus.br\/geral\/tribunal2\/ORGAOS\/MTE\/Portaria\/P1565_14.html\" target=\"_blank\" rel=\"noopener\">Portaria 1.565\/2014 <\/a>do Minist\u00e9rio do Trabalho e Previd\u00eancia, editada 14\/10\/2014), aprovou o anexo 5 da <a href=\"https:\/\/www.gov.br\/trabalho-e-previdencia\/pt-br\/composicao\/orgaos-especificos\/secretaria-de-trabalho\/inspecao\/seguranca-e-saude-no-trabalho\/ctpp-nrs\/norma-regulamentadora-no-6-nr-6\" target=\"_blank\" rel=\"noopener\">Norma Regulamentadora 16<\/a> (atividades perigosas em motocicleta).<\/p>\n<p>Por for\u00e7a da portaria, o TST j\u00e1 firmou entendimento de que \u00e9 devido o adicional de periculosidade aos empregados que fazem uso de motocicleta, por se tratar de atividade reconhecidamente perigosa. A jurisprud\u00eancia avan\u00e7ou, tamb\u00e9m, para considerar devida a parcela aos montadores de m\u00f3veis na mesma situa\u00e7\u00e3o discutida no processo.\u00a0<\/p>\n<p>Dessa forma, a tese do TRT de que o adicional n\u00e3o era devido porque o empregado poderia utilizar outro ve\u00edculo n\u00e3o deveria prosperar. \u201cA obrigatoriedade do uso do equipamento n\u00e3o est\u00e1 entre as exce\u00e7\u00f5es contidas na Norma Regulamentadora que disciplina as atividades perigosas no uso de motocicleta\u201d, concluiu.<\/p>\n<p>Por unanimidade, o colegiado deferiu o adicional no per\u00edodo compreendido entre a vig\u00eancia da portaria ministerial e a extin\u00e7\u00e3o do contrato de trabalho .<\/p>\n<p>(DA\/CF)<\/p>\n<p>Processo: <a href=\"https:\/\/consultaprocessual.tst.jus.br\/consultaProcessual\/consultaTstNumUnica.do?consulta=Consultar&amp;conscsjt=&amp;numeroTst=1000141&amp;digitoTst=76&amp;anoTst=2018&amp;orgaoTst=5&amp;tribunalTst=02&amp;varaTst=0232&amp;submit=Consultar\" target=\"_blank\" rel=\"noopener\">RR-1000141-76.2018.5.02.0232<\/a><\/p>\n<p>Esta mat\u00e9ria tem cunho meramente informativo.<br \/>\nPermitida a reprodu\u00e7\u00e3o mediante cita\u00e7\u00e3o da fonte.<br \/>\nSecretaria de Comunica\u00e7\u00e3o Social<br \/>\n<a href=\"https:\/\/www.tst.jus.br\/\" target=\"_blank\" rel=\"noopener\">Tribunal Superior do Trabalho<\/a><br \/>\nTel. (61) 3043-4907\u00a0<br \/>\n<a href=\"mailto:secom@tst.jus.br\" target=\"\" rel=\"noopener\">secom@tst.jus.br<\/a><\/p>\n<\/div><\/div>\n<\/div>\n","protected":false},"excerpt":{"rendered":"<p>A partir de 2014, a atividade passou a ser enquadrada como perigosa Kit de ferramentas 22\/08\/22 &#8211;\u00a0A Quarta Turma do Tribunal Superior do Trabalho condenou a Via Varejo S.A, administradora das Casas Bahia, ao pagamento de adicional de periculosidade a um montador que utilizava motocicleta como meio de transporte para realizar as suas tarefas nas [&hellip;]<\/p>\n","protected":false},"author":0,"featured_media":13723,"comment_status":"open","ping_status":"","sticky":false,"template":"","format":"standard","meta":{"footnotes":""},"categories":[5],"tags":[],"class_list":["post-13722","post","type-post","status-publish","format-standard","has-post-thumbnail","hentry","category-noticias-educacao-financeira"],"blocksy_meta":{"styles_descriptor":{"styles":{"desktop":"","tablet":"","mobile":""},"google_fonts":[],"version":6}},"yoast_head":"<!-- This site is optimized with the Yoast SEO plugin v27.4 - https:\/\/yoast.com\/product\/yoast-seo-wordpress\/ -->\n<title>Montador de m\u00f3veis que se deslocava em moto receber\u00e1 adicional de periculosidade - Contabilidade Caxias<\/title>\n<meta name=\"robots\" content=\"index, follow, max-snippet:-1, max-image-preview:large, max-video-preview:-1\" \/>\n<link rel=\"canonical\" href=\"https:\/\/contabilidadecaxias.com.br\/index.php\/2022\/08\/22\/montador-de-moveis-que-se-deslocava-em-moto-recebera-adicional-de-periculosidade\/\" \/>\n<meta property=\"og:locale\" content=\"pt_BR\" \/>\n<meta property=\"og:type\" content=\"article\" \/>\n<meta property=\"og:title\" content=\"Montador de m\u00f3veis que se deslocava em moto receber\u00e1 adicional de periculosidade - Contabilidade Caxias\" \/>\n<meta property=\"og:description\" content=\"A partir de 2014, a atividade passou a ser enquadrada como perigosa Kit de ferramentas 22\/08\/22 &#8211;\u00a0A Quarta Turma do Tribunal Superior do Trabalho condenou a Via Varejo S.A, administradora das Casas Bahia, ao pagamento de adicional de periculosidade a um montador que utilizava motocicleta como meio de transporte para realizar as suas tarefas nas [&hellip;]\" \/>\n<meta property=\"og:url\" content=\"https:\/\/contabilidadecaxias.com.br\/index.php\/2022\/08\/22\/montador-de-moveis-que-se-deslocava-em-moto-recebera-adicional-de-periculosidade\/\" \/>\n<meta property=\"og:site_name\" content=\"Contabilidade Caxias\" \/>\n<meta property=\"article:published_time\" content=\"2022-08-22T17:07:25+00:00\" \/>\n<meta name=\"twitter:card\" content=\"summary_large_image\" \/>\n<meta name=\"twitter:label1\" content=\"Est. tempo de leitura\" \/>\n\t<meta name=\"twitter:data1\" content=\"2 minutos\" \/>\n<script type=\"application\/ld+json\" class=\"yoast-schema-graph\">{\"@context\":\"https:\\\/\\\/schema.org\",\"@graph\":[{\"@type\":\"Article\",\"@id\":\"https:\\\/\\\/contabilidadecaxias.com.br\\\/index.php\\\/2022\\\/08\\\/22\\\/montador-de-moveis-que-se-deslocava-em-moto-recebera-adicional-de-periculosidade\\\/#article\",\"isPartOf\":{\"@id\":\"https:\\\/\\\/contabilidadecaxias.com.br\\\/index.php\\\/2022\\\/08\\\/22\\\/montador-de-moveis-que-se-deslocava-em-moto-recebera-adicional-de-periculosidade\\\/\"},\"author\":{\"name\":\"\",\"@id\":\"\"},\"headline\":\"Montador de m\u00f3veis que se deslocava em moto receber\u00e1 adicional de periculosidade\",\"datePublished\":\"2022-08-22T17:07:25+00:00\",\"mainEntityOfPage\":{\"@id\":\"https:\\\/\\\/contabilidadecaxias.com.br\\\/index.php\\\/2022\\\/08\\\/22\\\/montador-de-moveis-que-se-deslocava-em-moto-recebera-adicional-de-periculosidade\\\/\"},\"wordCount\":410,\"commentCount\":0,\"image\":{\"@id\":\"https:\\\/\\\/contabilidadecaxias.com.br\\\/index.php\\\/2022\\\/08\\\/22\\\/montador-de-moveis-que-se-deslocava-em-moto-recebera-adicional-de-periculosidade\\\/#primaryimage\"},\"thumbnailUrl\":\"https:\\\/\\\/contabilidadecaxias.com.br\\\/wp-content\\\/uploads\\\/2022\\\/08\\\/530eecce-2422-f8c4-80ee-4d8a9b7cfc36-Rmkl7N.jpeg\",\"articleSection\":[\"Educa\u00e7\u00e3o Financeira\"],\"inLanguage\":\"pt-BR\",\"potentialAction\":[{\"@type\":\"CommentAction\",\"name\":\"Comment\",\"target\":[\"https:\\\/\\\/contabilidadecaxias.com.br\\\/index.php\\\/2022\\\/08\\\/22\\\/montador-de-moveis-que-se-deslocava-em-moto-recebera-adicional-de-periculosidade\\\/#respond\"]}]},{\"@type\":\"WebPage\",\"@id\":\"https:\\\/\\\/contabilidadecaxias.com.br\\\/index.php\\\/2022\\\/08\\\/22\\\/montador-de-moveis-que-se-deslocava-em-moto-recebera-adicional-de-periculosidade\\\/\",\"url\":\"https:\\\/\\\/contabilidadecaxias.com.br\\\/index.php\\\/2022\\\/08\\\/22\\\/montador-de-moveis-que-se-deslocava-em-moto-recebera-adicional-de-periculosidade\\\/\",\"name\":\"Montador de m\u00f3veis que se deslocava em moto receber\u00e1 adicional de periculosidade - Contabilidade Caxias\",\"isPartOf\":{\"@id\":\"https:\\\/\\\/contabilidadecaxias.com.br\\\/#website\"},\"primaryImageOfPage\":{\"@id\":\"https:\\\/\\\/contabilidadecaxias.com.br\\\/index.php\\\/2022\\\/08\\\/22\\\/montador-de-moveis-que-se-deslocava-em-moto-recebera-adicional-de-periculosidade\\\/#primaryimage\"},\"image\":{\"@id\":\"https:\\\/\\\/contabilidadecaxias.com.br\\\/index.php\\\/2022\\\/08\\\/22\\\/montador-de-moveis-que-se-deslocava-em-moto-recebera-adicional-de-periculosidade\\\/#primaryimage\"},\"thumbnailUrl\":\"https:\\\/\\\/contabilidadecaxias.com.br\\\/wp-content\\\/uploads\\\/2022\\\/08\\\/530eecce-2422-f8c4-80ee-4d8a9b7cfc36-Rmkl7N.jpeg\",\"datePublished\":\"2022-08-22T17:07:25+00:00\",\"author\":{\"@id\":\"\"},\"breadcrumb\":{\"@id\":\"https:\\\/\\\/contabilidadecaxias.com.br\\\/index.php\\\/2022\\\/08\\\/22\\\/montador-de-moveis-que-se-deslocava-em-moto-recebera-adicional-de-periculosidade\\\/#breadcrumb\"},\"inLanguage\":\"pt-BR\",\"potentialAction\":[{\"@type\":\"ReadAction\",\"target\":[\"https:\\\/\\\/contabilidadecaxias.com.br\\\/index.php\\\/2022\\\/08\\\/22\\\/montador-de-moveis-que-se-deslocava-em-moto-recebera-adicional-de-periculosidade\\\/\"]}]},{\"@type\":\"ImageObject\",\"inLanguage\":\"pt-BR\",\"@id\":\"https:\\\/\\\/contabilidadecaxias.com.br\\\/index.php\\\/2022\\\/08\\\/22\\\/montador-de-moveis-que-se-deslocava-em-moto-recebera-adicional-de-periculosidade\\\/#primaryimage\",\"url\":\"https:\\\/\\\/contabilidadecaxias.com.br\\\/wp-content\\\/uploads\\\/2022\\\/08\\\/530eecce-2422-f8c4-80ee-4d8a9b7cfc36-Rmkl7N.jpeg\",\"contentUrl\":\"https:\\\/\\\/contabilidadecaxias.com.br\\\/wp-content\\\/uploads\\\/2022\\\/08\\\/530eecce-2422-f8c4-80ee-4d8a9b7cfc36-Rmkl7N.jpeg\",\"width\":2159,\"height\":1388},{\"@type\":\"BreadcrumbList\",\"@id\":\"https:\\\/\\\/contabilidadecaxias.com.br\\\/index.php\\\/2022\\\/08\\\/22\\\/montador-de-moveis-que-se-deslocava-em-moto-recebera-adicional-de-periculosidade\\\/#breadcrumb\",\"itemListElement\":[{\"@type\":\"ListItem\",\"position\":1,\"name\":\"In\u00edcio\",\"item\":\"https:\\\/\\\/contabilidadecaxias.com.br\\\/\"},{\"@type\":\"ListItem\",\"position\":2,\"name\":\"Montador de m\u00f3veis que se deslocava em moto receber\u00e1 adicional de periculosidade\"}]},{\"@type\":\"WebSite\",\"@id\":\"https:\\\/\\\/contabilidadecaxias.com.br\\\/#website\",\"url\":\"https:\\\/\\\/contabilidadecaxias.com.br\\\/\",\"name\":\"Contabilidade Caxias\",\"description\":\"Site especializado em Contabilidade para Caxias.\",\"potentialAction\":[{\"@type\":\"SearchAction\",\"target\":{\"@type\":\"EntryPoint\",\"urlTemplate\":\"https:\\\/\\\/contabilidadecaxias.com.br\\\/?s={search_term_string}\"},\"query-input\":{\"@type\":\"PropertyValueSpecification\",\"valueRequired\":true,\"valueName\":\"search_term_string\"}}],\"inLanguage\":\"pt-BR\"}]}<\/script>\n<!-- \/ Yoast SEO plugin. -->","yoast_head_json":{"title":"Montador de m\u00f3veis que se deslocava em moto receber\u00e1 adicional de periculosidade - Contabilidade Caxias","robots":{"index":"index","follow":"follow","max-snippet":"max-snippet:-1","max-image-preview":"max-image-preview:large","max-video-preview":"max-video-preview:-1"},"canonical":"https:\/\/contabilidadecaxias.com.br\/index.php\/2022\/08\/22\/montador-de-moveis-que-se-deslocava-em-moto-recebera-adicional-de-periculosidade\/","og_locale":"pt_BR","og_type":"article","og_title":"Montador de m\u00f3veis que se deslocava em moto receber\u00e1 adicional de periculosidade - Contabilidade Caxias","og_description":"A partir de 2014, a atividade passou a ser enquadrada como perigosa Kit de ferramentas 22\/08\/22 &#8211;\u00a0A Quarta Turma do Tribunal Superior do Trabalho condenou a Via Varejo S.A, administradora das Casas Bahia, ao pagamento de adicional de periculosidade a um montador que utilizava motocicleta como meio de transporte para realizar as suas tarefas nas [&hellip;]","og_url":"https:\/\/contabilidadecaxias.com.br\/index.php\/2022\/08\/22\/montador-de-moveis-que-se-deslocava-em-moto-recebera-adicional-de-periculosidade\/","og_site_name":"Contabilidade Caxias","article_published_time":"2022-08-22T17:07:25+00:00","twitter_card":"summary_large_image","twitter_misc":{"Est. tempo de leitura":"2 minutos"},"schema":{"@context":"https:\/\/schema.org","@graph":[{"@type":"Article","@id":"https:\/\/contabilidadecaxias.com.br\/index.php\/2022\/08\/22\/montador-de-moveis-que-se-deslocava-em-moto-recebera-adicional-de-periculosidade\/#article","isPartOf":{"@id":"https:\/\/contabilidadecaxias.com.br\/index.php\/2022\/08\/22\/montador-de-moveis-que-se-deslocava-em-moto-recebera-adicional-de-periculosidade\/"},"author":{"name":"","@id":""},"headline":"Montador de m\u00f3veis que se deslocava em moto receber\u00e1 adicional de periculosidade","datePublished":"2022-08-22T17:07:25+00:00","mainEntityOfPage":{"@id":"https:\/\/contabilidadecaxias.com.br\/index.php\/2022\/08\/22\/montador-de-moveis-que-se-deslocava-em-moto-recebera-adicional-de-periculosidade\/"},"wordCount":410,"commentCount":0,"image":{"@id":"https:\/\/contabilidadecaxias.com.br\/index.php\/2022\/08\/22\/montador-de-moveis-que-se-deslocava-em-moto-recebera-adicional-de-periculosidade\/#primaryimage"},"thumbnailUrl":"https:\/\/contabilidadecaxias.com.br\/wp-content\/uploads\/2022\/08\/530eecce-2422-f8c4-80ee-4d8a9b7cfc36-Rmkl7N.jpeg","articleSection":["Educa\u00e7\u00e3o Financeira"],"inLanguage":"pt-BR","potentialAction":[{"@type":"CommentAction","name":"Comment","target":["https:\/\/contabilidadecaxias.com.br\/index.php\/2022\/08\/22\/montador-de-moveis-que-se-deslocava-em-moto-recebera-adicional-de-periculosidade\/#respond"]}]},{"@type":"WebPage","@id":"https:\/\/contabilidadecaxias.com.br\/index.php\/2022\/08\/22\/montador-de-moveis-que-se-deslocava-em-moto-recebera-adicional-de-periculosidade\/","url":"https:\/\/contabilidadecaxias.com.br\/index.php\/2022\/08\/22\/montador-de-moveis-que-se-deslocava-em-moto-recebera-adicional-de-periculosidade\/","name":"Montador de m\u00f3veis que se deslocava em moto receber\u00e1 adicional de periculosidade - Contabilidade Caxias","isPartOf":{"@id":"https:\/\/contabilidadecaxias.com.br\/#website"},"primaryImageOfPage":{"@id":"https:\/\/contabilidadecaxias.com.br\/index.php\/2022\/08\/22\/montador-de-moveis-que-se-deslocava-em-moto-recebera-adicional-de-periculosidade\/#primaryimage"},"image":{"@id":"https:\/\/contabilidadecaxias.com.br\/index.php\/2022\/08\/22\/montador-de-moveis-que-se-deslocava-em-moto-recebera-adicional-de-periculosidade\/#primaryimage"},"thumbnailUrl":"https:\/\/contabilidadecaxias.com.br\/wp-content\/uploads\/2022\/08\/530eecce-2422-f8c4-80ee-4d8a9b7cfc36-Rmkl7N.jpeg","datePublished":"2022-08-22T17:07:25+00:00","author":{"@id":""},"breadcrumb":{"@id":"https:\/\/contabilidadecaxias.com.br\/index.php\/2022\/08\/22\/montador-de-moveis-que-se-deslocava-em-moto-recebera-adicional-de-periculosidade\/#breadcrumb"},"inLanguage":"pt-BR","potentialAction":[{"@type":"ReadAction","target":["https:\/\/contabilidadecaxias.com.br\/index.php\/2022\/08\/22\/montador-de-moveis-que-se-deslocava-em-moto-recebera-adicional-de-periculosidade\/"]}]},{"@type":"ImageObject","inLanguage":"pt-BR","@id":"https:\/\/contabilidadecaxias.com.br\/index.php\/2022\/08\/22\/montador-de-moveis-que-se-deslocava-em-moto-recebera-adicional-de-periculosidade\/#primaryimage","url":"https:\/\/contabilidadecaxias.com.br\/wp-content\/uploads\/2022\/08\/530eecce-2422-f8c4-80ee-4d8a9b7cfc36-Rmkl7N.jpeg","contentUrl":"https:\/\/contabilidadecaxias.com.br\/wp-content\/uploads\/2022\/08\/530eecce-2422-f8c4-80ee-4d8a9b7cfc36-Rmkl7N.jpeg","width":2159,"height":1388},{"@type":"BreadcrumbList","@id":"https:\/\/contabilidadecaxias.com.br\/index.php\/2022\/08\/22\/montador-de-moveis-que-se-deslocava-em-moto-recebera-adicional-de-periculosidade\/#breadcrumb","itemListElement":[{"@type":"ListItem","position":1,"name":"In\u00edcio","item":"https:\/\/contabilidadecaxias.com.br\/"},{"@type":"ListItem","position":2,"name":"Montador de m\u00f3veis que se deslocava em moto receber\u00e1 adicional de periculosidade"}]},{"@type":"WebSite","@id":"https:\/\/contabilidadecaxias.com.br\/#website","url":"https:\/\/contabilidadecaxias.com.br\/","name":"Contabilidade Caxias","description":"Site especializado em Contabilidade para Caxias.","potentialAction":[{"@type":"SearchAction","target":{"@type":"EntryPoint","urlTemplate":"https:\/\/contabilidadecaxias.com.br\/?s={search_term_string}"},"query-input":{"@type":"PropertyValueSpecification","valueRequired":true,"valueName":"search_term_string"}}],"inLanguage":"pt-BR"}]}},"_links":{"self":[{"href":"https:\/\/contabilidadecaxias.com.br\/index.php\/wp-json\/wp\/v2\/posts\/13722","targetHints":{"allow":["GET"]}}],"collection":[{"href":"https:\/\/contabilidadecaxias.com.br\/index.php\/wp-json\/wp\/v2\/posts"}],"about":[{"href":"https:\/\/contabilidadecaxias.com.br\/index.php\/wp-json\/wp\/v2\/types\/post"}],"replies":[{"embeddable":true,"href":"https:\/\/contabilidadecaxias.com.br\/index.php\/wp-json\/wp\/v2\/comments?post=13722"}],"version-history":[{"count":0,"href":"https:\/\/contabilidadecaxias.com.br\/index.php\/wp-json\/wp\/v2\/posts\/13722\/revisions"}],"wp:featuredmedia":[{"embeddable":true,"href":"https:\/\/contabilidadecaxias.com.br\/index.php\/wp-json\/wp\/v2\/media\/13723"}],"wp:attachment":[{"href":"https:\/\/contabilidadecaxias.com.br\/index.php\/wp-json\/wp\/v2\/media?parent=13722"}],"wp:term":[{"taxonomy":"category","embeddable":true,"href":"https:\/\/contabilidadecaxias.com.br\/index.php\/wp-json\/wp\/v2\/categories?post=13722"},{"taxonomy":"post_tag","embeddable":true,"href":"https:\/\/contabilidadecaxias.com.br\/index.php\/wp-json\/wp\/v2\/tags?post=13722"}],"curies":[{"name":"wp","href":"https:\/\/api.w.org\/{rel}","templated":true}]}}