{"id":13712,"date":"2022-08-19T19:02:17","date_gmt":"2022-08-19T22:02:17","guid":{"rendered":"https:\/\/contabilidadecaxias.com.br\/index.php\/2022\/08\/19\/tst-divulga-lista-de-desembargadoras-e-desembargadores-inscritos-para-vaga-de-ministro\/"},"modified":"2022-08-19T19:02:17","modified_gmt":"2022-08-19T22:02:17","slug":"tst-divulga-lista-de-desembargadoras-e-desembargadores-inscritos-para-vaga-de-ministro","status":"publish","type":"post","link":"https:\/\/contabilidadecaxias.com.br\/index.php\/2022\/08\/19\/tst-divulga-lista-de-desembargadoras-e-desembargadores-inscritos-para-vaga-de-ministro\/","title":{"rendered":"TST divulga lista de desembargadoras e desembargadores inscritos para vaga de ministro"},"content":{"rendered":"<div class=\"noticia-wrapper\">\n<p><em><\/p>\n<p>A vaga ser\u00e1 aberta com a aposentadoria do ministro Renato de Lacerda Paiva, em setembro<\/p>\n<p><\/em><\/p>\n<div class=\"social-media-share mobile\">\n        <a class=\"share-facebook\" href=\"https:\/\/www.facebook.com\/sharer.php?u=https:\/\/www.tst.jus.br\/-\/tst-divulga-lista-de-desembargadoras-e-desembargadores-inscritos-para-vaga-de-ministro-1\" target=\"_blank\" rel=\"noopener\"><\/a><br \/>\n        <a class=\"share-twitter\" href=\"https:\/\/twitter.com\/intent\/tweet?text=TST%20divulga%20lista%20de%20desembargadoras%20e%20desembargadores%20inscritos%20para%20vaga%20de%20ministro%0AVeja%20mais%20em:&amp;url=https:\/\/www.tst.jus.br\/-\/tst-divulga-lista-de-desembargadoras-e-desembargadores-inscritos-para-vaga-de-ministro-1\" target=\"_blank\" rel=\"noopener\"><\/a><br \/>\n        <a class=\"share-linkedin\" href=\"https:\/\/www.linkedin.com\/shareArticle?mini=true&amp;url=https:\/\/www.tst.jus.br\/-\/tst-divulga-lista-de-desembargadoras-e-desembargadores-inscritos-para-vaga-de-ministro-1&amp;title=TST%20divulga%20lista%20de%20desembargadoras%20e%20desembargadores%20inscritos%20para%20vaga%20de%20ministro\" target=\"_blank\" rel=\"noopener\"><\/a><br \/>\n        <a class=\"share-whatsapp\" href=\"https:\/\/web.whatsapp.com\/send?text=https:\/\/www.tst.jus.br\/-\/tst-divulga-lista-de-desembargadoras-e-desembargadores-inscritos-para-vaga-de-ministro-1\" target=\"_blank\" rel=\"noopener\"><\/a><br \/>\n        <a class=\"share-googleplus\" href=\"https:\/\/plus.google.com\/share?url=https:\/\/www.tst.jus.br\/-\/tst-divulga-lista-de-desembargadoras-e-desembargadores-inscritos-para-vaga-de-ministro-1\" target=\"_blank\" rel=\"noopener\"><\/a>\n    <\/div>\n<div class=\"news-body\">\n<div class=\"imagem-da-noticia\">\n<p>Detalhe da fachada do edif\u00edcio-sede do TST<\/p>\n<div class=\"social-media-share\">\n                    <a class=\"share-facebook\" href=\"https:\/\/www.facebook.com\/sharer.php?u=https:\/\/www.tst.jus.br\/-\/tst-divulga-lista-de-desembargadoras-e-desembargadores-inscritos-para-vaga-de-ministro-1\" target=\"_blank\" rel=\"noopener\"><\/a><br \/>\n                    <a class=\"share-twitter\" href=\"https:\/\/twitter.com\/intent\/tweet?text=TST%20divulga%20lista%20de%20desembargadoras%20e%20desembargadores%20inscritos%20para%20vaga%20de%20ministro%0AVeja%20mais%20em:&amp;url=https:\/\/www.tst.jus.br\/-\/tst-divulga-lista-de-desembargadoras-e-desembargadores-inscritos-para-vaga-de-ministro-1\" target=\"_blank\" rel=\"noopener\"><\/a><br \/>\n                    <a class=\"share-linkedin\" href=\"https:\/\/www.linkedin.com\/shareArticle?mini=true&amp;url=https:\/\/www.tst.jus.br\/-\/tst-divulga-lista-de-desembargadoras-e-desembargadores-inscritos-para-vaga-de-ministro-1&amp;title=TST%20divulga%20lista%20de%20desembargadoras%20e%20desembargadores%20inscritos%20para%20vaga%20de%20ministro\" target=\"_blank\" rel=\"noopener\"><\/a><br \/>\n                    <a class=\"share-whatsapp\" href=\"https:\/\/web.whatsapp.com\/send?text=https:\/\/www.tst.jus.br\/-\/tst-divulga-lista-de-desembargadoras-e-desembargadores-inscritos-para-vaga-de-ministro-1\" target=\"_blank\" rel=\"noopener\"><\/a><br \/>\n                    <a class=\"share-googleplus\" href=\"https:\/\/plus.google.com\/share?url=https:\/\/www.tst.jus.br\/-\/tst-divulga-lista-de-desembargadoras-e-desembargadores-inscritos-para-vaga-de-ministro-1\" target=\"_blank\" rel=\"noopener\"><\/a>\n                <\/div>\n<\/p><\/div>\n<div class=\"materia\">\n<p>19\/08\/22 &#8211; A Presid\u00eancia do Tribunal Superior do Trabalho recebeu a inscri\u00e7\u00e3o de seis desembargadoras e 13 desembargadores de Tribunais Regionais do Trabalho candidatos \u00e0 vaga de ministro do Tribunal destinada \u00e0 carreira da magistratura, em decorr\u00eancia da aposentadoria do ministro Renato de Lacerda Paiva, a partir de 8\/9.<\/p>\n<p>Atendendo ao disposto no artigo 111-A, inciso II, da Constitui\u00e7\u00e3o da Rep\u00fablica, o Pleno do TST se reunir\u00e1, em sess\u00e3o a ser designada pelo presidente do Tribunal, ministro Emmanoel pereira, para escolher, por escrut\u00ednio secreto, a lista tr\u00edplice que ser\u00e1 encaminhada ao presidente da Rep\u00fablica, a quem cabe a indica\u00e7\u00e3o dos integrantes dos Tribunais Superiores.<\/p>\n<p>O indicado ou a indicada ser\u00e1 sabatinado pela Comiss\u00e3o de Constitui\u00e7\u00e3o e Justi\u00e7a do Senado Federal, e, ap\u00f3s a aprova\u00e7\u00e3o pela Comiss\u00e3o, o nome ser\u00e1 submetido ao plen\u00e1rio do Senado Federal antes da nomea\u00e7\u00e3o.<\/p>\n<p>A seguir, a lista dos inscritos:<\/p>\n<p><strong>TRT da 1\u00aa Regi\u00e3o (RJ)<\/strong><br \/>\nAngelo Galv\u00e3o Zamorano<br \/>\nLeonardo Dias Borges<\/p>\n<p><strong>TRT da 2\u00aa Regi\u00e3o (SP)<\/strong><br \/>\nAlvaro Alves N\u00f4ga<\/p>\n<p><strong>TRT da 3\u00aa Regi\u00e3o (RS)<\/strong><br \/>\nLuciane Cardoso Barzotto<br \/>\nMar\u00e7al Henri dos Santos Figueiredo<\/p>\n<p><strong>TRT da 7\u00aa Regi\u00e3o (CE)<\/strong><br \/>\nPaulo Regis Machado Botelho<\/p>\n<p><strong>TRT da 8\u00aa Regi\u00e3o (PA\/AP)<\/strong><br \/>\nFrancisco S\u00e9rgio Silva Rocha<\/p>\n<p><strong>TRT da 9\u00aa Regi\u00e3o (PR)<\/strong><br \/>\nC\u00e9lio Horst Waldraff<\/p>\n<p><strong>TRT da 10\u00aa Regi\u00e3o (DF\/TO)<\/strong><br \/>\nAlexandre Nery Rodrigues de Oliveira<br \/>\nRicardo Alencar Machado<\/p>\n<p><strong>TRT da 15\u00aa Regi\u00e3o (Campinas\/SP)<\/strong><br \/>\nAna Paula Pellegrina Lockmann<br \/>\nFrancisco Alberto da Motta Peixoto Giordani<br \/>\nTereza Aparecida Asta Gemignani<\/p>\n<p><strong>TRT da 16\u00aa Regi\u00e3o (PB)<\/strong><br \/>\nFrancisco Jos\u00e9 de Carvalho Neto<\/p>\n<p><strong>TRT da 19\u00aa Regi\u00e3o (GO)<\/strong><br \/>\nAnne Helena Fischer Inojosa<\/p>\n<p><strong>TRT da 21\u00aa Regi\u00e3o (RN)<\/strong><br \/>\nBento Herculano Duarte Neto<br \/>\nJoseane Dantas dos Santos<\/p>\n<p><strong>TRT da 22\u00aa Regi\u00e3o (PI)<\/strong><br \/>\nLiana Chaib<\/p>\n<p><strong>TRT da 24\u00aa Regi\u00e3o (MS)<\/strong><br \/>\nJo\u00e3o Marcelo Balsanelli<\/p>\n<p>(Secom\/TST)<\/p>\n<\/div><\/div>\n<\/div>\n","protected":false},"excerpt":{"rendered":"<p>A vaga ser\u00e1 aberta com a aposentadoria do ministro Renato de Lacerda Paiva, em setembro Detalhe da fachada do edif\u00edcio-sede do TST 19\/08\/22 &#8211; A Presid\u00eancia do Tribunal Superior do Trabalho recebeu a inscri\u00e7\u00e3o de seis desembargadoras e 13 desembargadores de Tribunais Regionais do Trabalho candidatos \u00e0 vaga de ministro do Tribunal destinada \u00e0 carreira [&hellip;]<\/p>\n","protected":false},"author":0,"featured_media":13713,"comment_status":"open","ping_status":"","sticky":false,"template":"","format":"standard","meta":{"footnotes":""},"categories":[5],"tags":[],"class_list":["post-13712","post","type-post","status-publish","format-standard","has-post-thumbnail","hentry","category-noticias-educacao-financeira"],"blocksy_meta":{"styles_descriptor":{"styles":{"desktop":"","tablet":"","mobile":""},"google_fonts":[],"version":6}},"yoast_head":"<!-- This site is optimized with the Yoast SEO plugin v27.4 - https:\/\/yoast.com\/product\/yoast-seo-wordpress\/ -->\n<title>TST divulga lista de desembargadoras e desembargadores inscritos para vaga de ministro - Contabilidade Caxias<\/title>\n<meta name=\"robots\" content=\"index, follow, max-snippet:-1, max-image-preview:large, max-video-preview:-1\" \/>\n<link rel=\"canonical\" href=\"https:\/\/contabilidadecaxias.com.br\/index.php\/2022\/08\/19\/tst-divulga-lista-de-desembargadoras-e-desembargadores-inscritos-para-vaga-de-ministro\/\" \/>\n<meta property=\"og:locale\" content=\"pt_BR\" \/>\n<meta property=\"og:type\" content=\"article\" \/>\n<meta property=\"og:title\" content=\"TST divulga lista de desembargadoras e desembargadores inscritos para vaga de ministro - Contabilidade Caxias\" \/>\n<meta property=\"og:description\" content=\"A vaga ser\u00e1 aberta com a aposentadoria do ministro Renato de Lacerda Paiva, em setembro Detalhe da fachada do edif\u00edcio-sede do TST 19\/08\/22 &#8211; A Presid\u00eancia do Tribunal Superior do Trabalho recebeu a inscri\u00e7\u00e3o de seis desembargadoras e 13 desembargadores de Tribunais Regionais do Trabalho candidatos \u00e0 vaga de ministro do Tribunal destinada \u00e0 carreira [&hellip;]\" \/>\n<meta property=\"og:url\" content=\"https:\/\/contabilidadecaxias.com.br\/index.php\/2022\/08\/19\/tst-divulga-lista-de-desembargadoras-e-desembargadores-inscritos-para-vaga-de-ministro\/\" \/>\n<meta property=\"og:site_name\" content=\"Contabilidade Caxias\" \/>\n<meta property=\"article:published_time\" content=\"2022-08-19T22:02:17+00:00\" \/>\n<meta name=\"twitter:card\" content=\"summary_large_image\" \/>\n<meta name=\"twitter:label1\" content=\"Est. tempo de leitura\" \/>\n\t<meta name=\"twitter:data1\" content=\"2 minutos\" \/>\n<script type=\"application\/ld+json\" class=\"yoast-schema-graph\">{\"@context\":\"https:\\\/\\\/schema.org\",\"@graph\":[{\"@type\":\"Article\",\"@id\":\"https:\\\/\\\/contabilidadecaxias.com.br\\\/index.php\\\/2022\\\/08\\\/19\\\/tst-divulga-lista-de-desembargadoras-e-desembargadores-inscritos-para-vaga-de-ministro\\\/#article\",\"isPartOf\":{\"@id\":\"https:\\\/\\\/contabilidadecaxias.com.br\\\/index.php\\\/2022\\\/08\\\/19\\\/tst-divulga-lista-de-desembargadoras-e-desembargadores-inscritos-para-vaga-de-ministro\\\/\"},\"author\":{\"name\":\"\",\"@id\":\"\"},\"headline\":\"TST divulga lista de desembargadoras e desembargadores inscritos para vaga de ministro\",\"datePublished\":\"2022-08-19T22:02:17+00:00\",\"mainEntityOfPage\":{\"@id\":\"https:\\\/\\\/contabilidadecaxias.com.br\\\/index.php\\\/2022\\\/08\\\/19\\\/tst-divulga-lista-de-desembargadoras-e-desembargadores-inscritos-para-vaga-de-ministro\\\/\"},\"wordCount\":340,\"commentCount\":0,\"image\":{\"@id\":\"https:\\\/\\\/contabilidadecaxias.com.br\\\/index.php\\\/2022\\\/08\\\/19\\\/tst-divulga-lista-de-desembargadoras-e-desembargadores-inscritos-para-vaga-de-ministro\\\/#primaryimage\"},\"thumbnailUrl\":\"https:\\\/\\\/contabilidadecaxias.com.br\\\/wp-content\\\/uploads\\\/2022\\\/08\\\/f99e8e0b-a178-72aa-1c53-a132689f1c10-lobSUb.jpeg\",\"articleSection\":[\"Educa\u00e7\u00e3o Financeira\"],\"inLanguage\":\"pt-BR\",\"potentialAction\":[{\"@type\":\"CommentAction\",\"name\":\"Comment\",\"target\":[\"https:\\\/\\\/contabilidadecaxias.com.br\\\/index.php\\\/2022\\\/08\\\/19\\\/tst-divulga-lista-de-desembargadoras-e-desembargadores-inscritos-para-vaga-de-ministro\\\/#respond\"]}]},{\"@type\":\"WebPage\",\"@id\":\"https:\\\/\\\/contabilidadecaxias.com.br\\\/index.php\\\/2022\\\/08\\\/19\\\/tst-divulga-lista-de-desembargadoras-e-desembargadores-inscritos-para-vaga-de-ministro\\\/\",\"url\":\"https:\\\/\\\/contabilidadecaxias.com.br\\\/index.php\\\/2022\\\/08\\\/19\\\/tst-divulga-lista-de-desembargadoras-e-desembargadores-inscritos-para-vaga-de-ministro\\\/\",\"name\":\"TST divulga lista de desembargadoras e desembargadores inscritos para vaga de ministro - Contabilidade Caxias\",\"isPartOf\":{\"@id\":\"https:\\\/\\\/contabilidadecaxias.com.br\\\/#website\"},\"primaryImageOfPage\":{\"@id\":\"https:\\\/\\\/contabilidadecaxias.com.br\\\/index.php\\\/2022\\\/08\\\/19\\\/tst-divulga-lista-de-desembargadoras-e-desembargadores-inscritos-para-vaga-de-ministro\\\/#primaryimage\"},\"image\":{\"@id\":\"https:\\\/\\\/contabilidadecaxias.com.br\\\/index.php\\\/2022\\\/08\\\/19\\\/tst-divulga-lista-de-desembargadoras-e-desembargadores-inscritos-para-vaga-de-ministro\\\/#primaryimage\"},\"thumbnailUrl\":\"https:\\\/\\\/contabilidadecaxias.com.br\\\/wp-content\\\/uploads\\\/2022\\\/08\\\/f99e8e0b-a178-72aa-1c53-a132689f1c10-lobSUb.jpeg\",\"datePublished\":\"2022-08-19T22:02:17+00:00\",\"author\":{\"@id\":\"\"},\"breadcrumb\":{\"@id\":\"https:\\\/\\\/contabilidadecaxias.com.br\\\/index.php\\\/2022\\\/08\\\/19\\\/tst-divulga-lista-de-desembargadoras-e-desembargadores-inscritos-para-vaga-de-ministro\\\/#breadcrumb\"},\"inLanguage\":\"pt-BR\",\"potentialAction\":[{\"@type\":\"ReadAction\",\"target\":[\"https:\\\/\\\/contabilidadecaxias.com.br\\\/index.php\\\/2022\\\/08\\\/19\\\/tst-divulga-lista-de-desembargadoras-e-desembargadores-inscritos-para-vaga-de-ministro\\\/\"]}]},{\"@type\":\"ImageObject\",\"inLanguage\":\"pt-BR\",\"@id\":\"https:\\\/\\\/contabilidadecaxias.com.br\\\/index.php\\\/2022\\\/08\\\/19\\\/tst-divulga-lista-de-desembargadoras-e-desembargadores-inscritos-para-vaga-de-ministro\\\/#primaryimage\",\"url\":\"https:\\\/\\\/contabilidadecaxias.com.br\\\/wp-content\\\/uploads\\\/2022\\\/08\\\/f99e8e0b-a178-72aa-1c53-a132689f1c10-lobSUb.jpeg\",\"contentUrl\":\"https:\\\/\\\/contabilidadecaxias.com.br\\\/wp-content\\\/uploads\\\/2022\\\/08\\\/f99e8e0b-a178-72aa-1c53-a132689f1c10-lobSUb.jpeg\",\"width\":800,\"height\":525},{\"@type\":\"BreadcrumbList\",\"@id\":\"https:\\\/\\\/contabilidadecaxias.com.br\\\/index.php\\\/2022\\\/08\\\/19\\\/tst-divulga-lista-de-desembargadoras-e-desembargadores-inscritos-para-vaga-de-ministro\\\/#breadcrumb\",\"itemListElement\":[{\"@type\":\"ListItem\",\"position\":1,\"name\":\"In\u00edcio\",\"item\":\"https:\\\/\\\/contabilidadecaxias.com.br\\\/\"},{\"@type\":\"ListItem\",\"position\":2,\"name\":\"TST divulga lista de desembargadoras e desembargadores inscritos para vaga de ministro\"}]},{\"@type\":\"WebSite\",\"@id\":\"https:\\\/\\\/contabilidadecaxias.com.br\\\/#website\",\"url\":\"https:\\\/\\\/contabilidadecaxias.com.br\\\/\",\"name\":\"Contabilidade Caxias\",\"description\":\"Site especializado em Contabilidade para Caxias.\",\"potentialAction\":[{\"@type\":\"SearchAction\",\"target\":{\"@type\":\"EntryPoint\",\"urlTemplate\":\"https:\\\/\\\/contabilidadecaxias.com.br\\\/?s={search_term_string}\"},\"query-input\":{\"@type\":\"PropertyValueSpecification\",\"valueRequired\":true,\"valueName\":\"search_term_string\"}}],\"inLanguage\":\"pt-BR\"}]}<\/script>\n<!-- \/ Yoast SEO plugin. -->","yoast_head_json":{"title":"TST divulga lista de desembargadoras e desembargadores inscritos para vaga de ministro - Contabilidade Caxias","robots":{"index":"index","follow":"follow","max-snippet":"max-snippet:-1","max-image-preview":"max-image-preview:large","max-video-preview":"max-video-preview:-1"},"canonical":"https:\/\/contabilidadecaxias.com.br\/index.php\/2022\/08\/19\/tst-divulga-lista-de-desembargadoras-e-desembargadores-inscritos-para-vaga-de-ministro\/","og_locale":"pt_BR","og_type":"article","og_title":"TST divulga lista de desembargadoras e desembargadores inscritos para vaga de ministro - Contabilidade Caxias","og_description":"A vaga ser\u00e1 aberta com a aposentadoria do ministro Renato de Lacerda Paiva, em setembro Detalhe da fachada do edif\u00edcio-sede do TST 19\/08\/22 &#8211; A Presid\u00eancia do Tribunal Superior do Trabalho recebeu a inscri\u00e7\u00e3o de seis desembargadoras e 13 desembargadores de Tribunais Regionais do Trabalho candidatos \u00e0 vaga de ministro do Tribunal destinada \u00e0 carreira [&hellip;]","og_url":"https:\/\/contabilidadecaxias.com.br\/index.php\/2022\/08\/19\/tst-divulga-lista-de-desembargadoras-e-desembargadores-inscritos-para-vaga-de-ministro\/","og_site_name":"Contabilidade Caxias","article_published_time":"2022-08-19T22:02:17+00:00","twitter_card":"summary_large_image","twitter_misc":{"Est. tempo de leitura":"2 minutos"},"schema":{"@context":"https:\/\/schema.org","@graph":[{"@type":"Article","@id":"https:\/\/contabilidadecaxias.com.br\/index.php\/2022\/08\/19\/tst-divulga-lista-de-desembargadoras-e-desembargadores-inscritos-para-vaga-de-ministro\/#article","isPartOf":{"@id":"https:\/\/contabilidadecaxias.com.br\/index.php\/2022\/08\/19\/tst-divulga-lista-de-desembargadoras-e-desembargadores-inscritos-para-vaga-de-ministro\/"},"author":{"name":"","@id":""},"headline":"TST divulga lista de desembargadoras e desembargadores inscritos para vaga de ministro","datePublished":"2022-08-19T22:02:17+00:00","mainEntityOfPage":{"@id":"https:\/\/contabilidadecaxias.com.br\/index.php\/2022\/08\/19\/tst-divulga-lista-de-desembargadoras-e-desembargadores-inscritos-para-vaga-de-ministro\/"},"wordCount":340,"commentCount":0,"image":{"@id":"https:\/\/contabilidadecaxias.com.br\/index.php\/2022\/08\/19\/tst-divulga-lista-de-desembargadoras-e-desembargadores-inscritos-para-vaga-de-ministro\/#primaryimage"},"thumbnailUrl":"https:\/\/contabilidadecaxias.com.br\/wp-content\/uploads\/2022\/08\/f99e8e0b-a178-72aa-1c53-a132689f1c10-lobSUb.jpeg","articleSection":["Educa\u00e7\u00e3o Financeira"],"inLanguage":"pt-BR","potentialAction":[{"@type":"CommentAction","name":"Comment","target":["https:\/\/contabilidadecaxias.com.br\/index.php\/2022\/08\/19\/tst-divulga-lista-de-desembargadoras-e-desembargadores-inscritos-para-vaga-de-ministro\/#respond"]}]},{"@type":"WebPage","@id":"https:\/\/contabilidadecaxias.com.br\/index.php\/2022\/08\/19\/tst-divulga-lista-de-desembargadoras-e-desembargadores-inscritos-para-vaga-de-ministro\/","url":"https:\/\/contabilidadecaxias.com.br\/index.php\/2022\/08\/19\/tst-divulga-lista-de-desembargadoras-e-desembargadores-inscritos-para-vaga-de-ministro\/","name":"TST divulga lista de desembargadoras e desembargadores inscritos para vaga de ministro - Contabilidade Caxias","isPartOf":{"@id":"https:\/\/contabilidadecaxias.com.br\/#website"},"primaryImageOfPage":{"@id":"https:\/\/contabilidadecaxias.com.br\/index.php\/2022\/08\/19\/tst-divulga-lista-de-desembargadoras-e-desembargadores-inscritos-para-vaga-de-ministro\/#primaryimage"},"image":{"@id":"https:\/\/contabilidadecaxias.com.br\/index.php\/2022\/08\/19\/tst-divulga-lista-de-desembargadoras-e-desembargadores-inscritos-para-vaga-de-ministro\/#primaryimage"},"thumbnailUrl":"https:\/\/contabilidadecaxias.com.br\/wp-content\/uploads\/2022\/08\/f99e8e0b-a178-72aa-1c53-a132689f1c10-lobSUb.jpeg","datePublished":"2022-08-19T22:02:17+00:00","author":{"@id":""},"breadcrumb":{"@id":"https:\/\/contabilidadecaxias.com.br\/index.php\/2022\/08\/19\/tst-divulga-lista-de-desembargadoras-e-desembargadores-inscritos-para-vaga-de-ministro\/#breadcrumb"},"inLanguage":"pt-BR","potentialAction":[{"@type":"ReadAction","target":["https:\/\/contabilidadecaxias.com.br\/index.php\/2022\/08\/19\/tst-divulga-lista-de-desembargadoras-e-desembargadores-inscritos-para-vaga-de-ministro\/"]}]},{"@type":"ImageObject","inLanguage":"pt-BR","@id":"https:\/\/contabilidadecaxias.com.br\/index.php\/2022\/08\/19\/tst-divulga-lista-de-desembargadoras-e-desembargadores-inscritos-para-vaga-de-ministro\/#primaryimage","url":"https:\/\/contabilidadecaxias.com.br\/wp-content\/uploads\/2022\/08\/f99e8e0b-a178-72aa-1c53-a132689f1c10-lobSUb.jpeg","contentUrl":"https:\/\/contabilidadecaxias.com.br\/wp-content\/uploads\/2022\/08\/f99e8e0b-a178-72aa-1c53-a132689f1c10-lobSUb.jpeg","width":800,"height":525},{"@type":"BreadcrumbList","@id":"https:\/\/contabilidadecaxias.com.br\/index.php\/2022\/08\/19\/tst-divulga-lista-de-desembargadoras-e-desembargadores-inscritos-para-vaga-de-ministro\/#breadcrumb","itemListElement":[{"@type":"ListItem","position":1,"name":"In\u00edcio","item":"https:\/\/contabilidadecaxias.com.br\/"},{"@type":"ListItem","position":2,"name":"TST divulga lista de desembargadoras e desembargadores inscritos para vaga de ministro"}]},{"@type":"WebSite","@id":"https:\/\/contabilidadecaxias.com.br\/#website","url":"https:\/\/contabilidadecaxias.com.br\/","name":"Contabilidade Caxias","description":"Site especializado em Contabilidade para Caxias.","potentialAction":[{"@type":"SearchAction","target":{"@type":"EntryPoint","urlTemplate":"https:\/\/contabilidadecaxias.com.br\/?s={search_term_string}"},"query-input":{"@type":"PropertyValueSpecification","valueRequired":true,"valueName":"search_term_string"}}],"inLanguage":"pt-BR"}]}},"_links":{"self":[{"href":"https:\/\/contabilidadecaxias.com.br\/index.php\/wp-json\/wp\/v2\/posts\/13712","targetHints":{"allow":["GET"]}}],"collection":[{"href":"https:\/\/contabilidadecaxias.com.br\/index.php\/wp-json\/wp\/v2\/posts"}],"about":[{"href":"https:\/\/contabilidadecaxias.com.br\/index.php\/wp-json\/wp\/v2\/types\/post"}],"replies":[{"embeddable":true,"href":"https:\/\/contabilidadecaxias.com.br\/index.php\/wp-json\/wp\/v2\/comments?post=13712"}],"version-history":[{"count":0,"href":"https:\/\/contabilidadecaxias.com.br\/index.php\/wp-json\/wp\/v2\/posts\/13712\/revisions"}],"wp:featuredmedia":[{"embeddable":true,"href":"https:\/\/contabilidadecaxias.com.br\/index.php\/wp-json\/wp\/v2\/media\/13713"}],"wp:attachment":[{"href":"https:\/\/contabilidadecaxias.com.br\/index.php\/wp-json\/wp\/v2\/media?parent=13712"}],"wp:term":[{"taxonomy":"category","embeddable":true,"href":"https:\/\/contabilidadecaxias.com.br\/index.php\/wp-json\/wp\/v2\/categories?post=13712"},{"taxonomy":"post_tag","embeddable":true,"href":"https:\/\/contabilidadecaxias.com.br\/index.php\/wp-json\/wp\/v2\/tags?post=13712"}],"curies":[{"name":"wp","href":"https:\/\/api.w.org\/{rel}","templated":true}]}}