{"id":13710,"date":"2022-08-19T17:08:46","date_gmt":"2022-08-19T20:08:46","guid":{"rendered":"https:\/\/contabilidadecaxias.com.br\/index.php\/2022\/08\/19\/tst-afasta-contribuicao-assistencial-de-empregado-nao-sindicalizado\/"},"modified":"2022-08-19T17:08:46","modified_gmt":"2022-08-19T20:08:46","slug":"tst-afasta-contribuicao-assistencial-de-empregado-nao-sindicalizado","status":"publish","type":"post","link":"https:\/\/contabilidadecaxias.com.br\/index.php\/2022\/08\/19\/tst-afasta-contribuicao-assistencial-de-empregado-nao-sindicalizado\/","title":{"rendered":"TST afasta contribui\u00e7\u00e3o assistencial de empregado n\u00e3o sindicalizado\u00a0"},"content":{"rendered":"<div class=\"noticia-wrapper\">\n<p><em><\/p>\n<p>Para a SDC, cl\u00e1usula de acordo coletivo ofendia o princ\u00edpio constitucional da livre associa\u00e7\u00e3o<\/p>\n<p><\/em><\/p>\n<div class=\"social-media-share mobile\">\n        <a class=\"share-facebook\" href=\"https:\/\/www.facebook.com\/sharer.php?u=https:\/\/www.tst.jus.br\/-\/tst-afasta-contribui%C3%A7%C3%A3o-assistencial-de-empregado-n%C3%A3o-sindicalizado%C2%A0\" target=\"_blank\" rel=\"noopener\"><\/a><br \/>\n        <a class=\"share-twitter\" href=\"https:\/\/twitter.com\/intent\/tweet?text=TST%20afasta%20contribui%C3%A7%C3%A3o%20assistencial%20de%20empregado%20n%C3%A3o%20sindicalizado%C2%A0%0AVeja%20mais%20em:&amp;url=https:\/\/www.tst.jus.br\/-\/tst-afasta-contribui%C3%A7%C3%A3o-assistencial-de-empregado-n%C3%A3o-sindicalizado%C2%A0\" target=\"_blank\" rel=\"noopener\"><\/a><br \/>\n        <a class=\"share-linkedin\" href=\"https:\/\/www.linkedin.com\/shareArticle?mini=true&amp;url=https:\/\/www.tst.jus.br\/-\/tst-afasta-contribui%C3%A7%C3%A3o-assistencial-de-empregado-n%C3%A3o-sindicalizado%C2%A0&amp;title=TST%20afasta%20contribui%C3%A7%C3%A3o%20assistencial%20de%20empregado%20n%C3%A3o%20sindicalizado%C2%A0\" target=\"_blank\" rel=\"noopener\"><\/a><br \/>\n        <a class=\"share-whatsapp\" href=\"https:\/\/web.whatsapp.com\/send?text=https:\/\/www.tst.jus.br\/-\/tst-afasta-contribui%C3%A7%C3%A3o-assistencial-de-empregado-n%C3%A3o-sindicalizado%C2%A0\" target=\"_blank\" rel=\"noopener\"><\/a><br \/>\n        <a class=\"share-googleplus\" href=\"https:\/\/plus.google.com\/share?url=https:\/\/www.tst.jus.br\/-\/tst-afasta-contribui%C3%A7%C3%A3o-assistencial-de-empregado-n%C3%A3o-sindicalizado%C2%A0\" target=\"_blank\" rel=\"noopener\"><\/a>\n    <\/div>\n<div class=\"news-body\">\n<div class=\"imagem-da-noticia\">\n<p>Ministra K\u00e1tia Arruda<\/p>\n<div class=\"social-media-share\">\n                    <a class=\"share-facebook\" href=\"https:\/\/www.facebook.com\/sharer.php?u=https:\/\/www.tst.jus.br\/-\/tst-afasta-contribui%C3%A7%C3%A3o-assistencial-de-empregado-n%C3%A3o-sindicalizado%C2%A0\" target=\"_blank\" rel=\"noopener\"><\/a><br \/>\n                    <a class=\"share-twitter\" href=\"https:\/\/twitter.com\/intent\/tweet?text=TST%20afasta%20contribui%C3%A7%C3%A3o%20assistencial%20de%20empregado%20n%C3%A3o%20sindicalizado%C2%A0%0AVeja%20mais%20em:&amp;url=https:\/\/www.tst.jus.br\/-\/tst-afasta-contribui%C3%A7%C3%A3o-assistencial-de-empregado-n%C3%A3o-sindicalizado%C2%A0\" target=\"_blank\" rel=\"noopener\"><\/a><br \/>\n                    <a class=\"share-linkedin\" href=\"https:\/\/www.linkedin.com\/shareArticle?mini=true&amp;url=https:\/\/www.tst.jus.br\/-\/tst-afasta-contribui%C3%A7%C3%A3o-assistencial-de-empregado-n%C3%A3o-sindicalizado%C2%A0&amp;title=TST%20afasta%20contribui%C3%A7%C3%A3o%20assistencial%20de%20empregado%20n%C3%A3o%20sindicalizado%C2%A0\" target=\"_blank\" rel=\"noopener\"><\/a><br \/>\n                    <a class=\"share-whatsapp\" href=\"https:\/\/web.whatsapp.com\/send?text=https:\/\/www.tst.jus.br\/-\/tst-afasta-contribui%C3%A7%C3%A3o-assistencial-de-empregado-n%C3%A3o-sindicalizado%C2%A0\" target=\"_blank\" rel=\"noopener\"><\/a><br \/>\n                    <a class=\"share-googleplus\" href=\"https:\/\/plus.google.com\/share?url=https:\/\/www.tst.jus.br\/-\/tst-afasta-contribui%C3%A7%C3%A3o-assistencial-de-empregado-n%C3%A3o-sindicalizado%C2%A0\" target=\"_blank\" rel=\"noopener\"><\/a>\n                <\/div>\n<\/p><\/div>\n<div class=\"materia\">\n<p>19\/08\/22 &#8211;\u00a0A Se\u00e7\u00e3o Especializada em Diss\u00eddios Coletivos (SDC) do Tribunal Superior do Trabalho reformou a cl\u00e1usula do acordo coletivo celebrado entre entidades sindicais do setor de mobili\u00e1rio do Rio Grande do Sul que previa desconto nos sal\u00e1rios de todos os empregados da categoria, sindicalizados ou n\u00e3o, a t\u00edtulo de contribui\u00e7\u00e3o assistencial. Segundo o colegiado, a cl\u00e1usula afronta o princ\u00edpio constitucional da livre associa\u00e7\u00e3o, e, por isso, o desconto deve ficar restrito \u00e0s pessoas filiadas ao sindicato profissional.\u00a0<\/p>\n<h4>Desconto<\/h4>\n<p>Em maio de 2016, o Sindicato dos Trabalhadores nas Ind\u00fastrias da Constru\u00e7\u00e3o e do Mobili\u00e1rio do Rio Grande ajuizou diss\u00eddio coletivo contra o Sindicato Intermunicipal das Ind\u00fastrias de Serrarias, Carpintarias, Tanoarias, Esquadrias, Marcenarias, M\u00f3veis, Madeiras Compensadas e Laminadas, Aglomerados e Chapas de Fibras de Madeiras do Estado do Rio Grande do Sul. Na sequ\u00eancia, as entidades celebram um acordo coletivo que foi homologado pelo Tribunal Regional do Trabalho da 4\u00aa Regi\u00e3o (RS). Contudo, o Minist\u00e9rio P\u00fablico do Trabalho (MPT) ingressou com recurso ordin\u00e1rio no TST para questionar a homologa\u00e7\u00e3o da cl\u00e1usula que trata da contribui\u00e7\u00e3o assistencial dos empregados. \u00a0<\/p>\n<p>Segundo o MPT, a previs\u00e3o desrespeita os princ\u00edpios constitucionais da livre associa\u00e7\u00e3o sindical, da legalidade e da intangibilidade salarial. A refer\u00eancia era o <a href=\"https:\/\/www.tst.jus.br\/web\/guest\/precedentes-normativos\" target=\"_blank\" rel=\"noopener\">Precedente Normativo 119<\/a> do TST, que disp\u00f5e sobre a mat\u00e9ria no mesmo sentido.\u00a0<\/p>\n<h4>STF<\/h4>\n<p>A relatora do caso, ministra K\u00e1tia Arruda, observou que o entendimento do TST \u00e9 de que a fixa\u00e7\u00e3o de contribui\u00e7\u00e3o em instrumento coletivo deve contemplar percentual razo\u00e1vel de desconto, restrito aos associados ao sindicato. Embora tenha compreens\u00e3o diversa sobre esse tema, ela ressaltou que o Supremo Tribunal Federal (STF) j\u00e1 afastou a possibilidade de imposi\u00e7\u00e3o de contribui\u00e7\u00e3o assistencial para empregados n\u00e3o filiados.\u00a0<\/p>\n<p>O fundamento que prevalece, segundo a relatora, \u00e9 de que a entidade sindical tem o direito de fixar descontos, por meio de assembleia-geral, mas tamb\u00e9m deve considerar o direito \u00e0 livre associa\u00e7\u00e3o e \u00e0 sindicaliza\u00e7\u00e3o. Nesse contexto, a cl\u00e1usula do acordo homologado pelo TRT precisava ter a reda\u00e7\u00e3o ajustada \u00e0 jurisprud\u00eancia do TST, consagrada no Precedente Normativo 119.\u00a0<\/p>\n<p>A decis\u00e3o foi un\u00e2nime.<\/p>\n<p>(LF\/CF)<\/p>\n<p>Processo: <a href=\"https:\/\/consultaprocessual.tst.jus.br\/consultaProcessual\/consultaTstNumUnica.do?consulta=Consultar&amp;conscsjt=&amp;numeroTst=21255&amp;digitoTst=85&amp;anoTst=2017&amp;orgaoTst=5&amp;tribunalTst=04&amp;varaTst=0000&amp;submit=Consultar\" target=\"_blank\" rel=\"noopener\">ROT-21255-85.2017.5.04.0000<\/a><\/p>\n<p>Esta mat\u00e9ria tem cunho meramente informativo.<br \/>\nPermitida a reprodu\u00e7\u00e3o mediante cita\u00e7\u00e3o da fonte.<br \/>\nSecretaria de Comunica\u00e7\u00e3o Social<br \/>\n<a href=\"https:\/\/www.tst.jus.br\/\" target=\"_blank\" rel=\"noopener\">Tribunal Superior do Trabalho<\/a><br \/>\nTel. (61) 3043-4907<br \/>\n<a href=\"mailto:secom@tst.jus.br\" target=\"\" rel=\"noopener\">secom@tst.jus.br<\/a><\/p>\n<\/div><\/div>\n<\/div>\n","protected":false},"excerpt":{"rendered":"<p>Para a SDC, cl\u00e1usula de acordo coletivo ofendia o princ\u00edpio constitucional da livre associa\u00e7\u00e3o Ministra K\u00e1tia Arruda 19\/08\/22 &#8211;\u00a0A Se\u00e7\u00e3o Especializada em Diss\u00eddios Coletivos (SDC) do Tribunal Superior do Trabalho reformou a cl\u00e1usula do acordo coletivo celebrado entre entidades sindicais do setor de mobili\u00e1rio do Rio Grande do Sul que previa desconto nos sal\u00e1rios de [&hellip;]<\/p>\n","protected":false},"author":0,"featured_media":13711,"comment_status":"open","ping_status":"","sticky":false,"template":"","format":"standard","meta":{"footnotes":""},"categories":[5],"tags":[],"class_list":["post-13710","post","type-post","status-publish","format-standard","has-post-thumbnail","hentry","category-noticias-educacao-financeira"],"blocksy_meta":{"styles_descriptor":{"styles":{"desktop":"","tablet":"","mobile":""},"google_fonts":[],"version":6}},"yoast_head":"<!-- This site is optimized with the Yoast SEO plugin v27.4 - https:\/\/yoast.com\/product\/yoast-seo-wordpress\/ -->\n<title>TST afasta contribui\u00e7\u00e3o assistencial de empregado n\u00e3o sindicalizado\u00a0 - Contabilidade Caxias<\/title>\n<meta name=\"robots\" content=\"index, follow, max-snippet:-1, max-image-preview:large, max-video-preview:-1\" \/>\n<link rel=\"canonical\" href=\"https:\/\/contabilidadecaxias.com.br\/index.php\/2022\/08\/19\/tst-afasta-contribuicao-assistencial-de-empregado-nao-sindicalizado\/\" \/>\n<meta property=\"og:locale\" content=\"pt_BR\" \/>\n<meta property=\"og:type\" content=\"article\" \/>\n<meta property=\"og:title\" content=\"TST afasta contribui\u00e7\u00e3o assistencial de empregado n\u00e3o sindicalizado\u00a0 - Contabilidade Caxias\" \/>\n<meta property=\"og:description\" content=\"Para a SDC, cl\u00e1usula de acordo coletivo ofendia o princ\u00edpio constitucional da livre associa\u00e7\u00e3o Ministra K\u00e1tia Arruda 19\/08\/22 &#8211;\u00a0A Se\u00e7\u00e3o Especializada em Diss\u00eddios Coletivos (SDC) do Tribunal Superior do Trabalho reformou a cl\u00e1usula do acordo coletivo celebrado entre entidades sindicais do setor de mobili\u00e1rio do Rio Grande do Sul que previa desconto nos sal\u00e1rios de [&hellip;]\" \/>\n<meta property=\"og:url\" content=\"https:\/\/contabilidadecaxias.com.br\/index.php\/2022\/08\/19\/tst-afasta-contribuicao-assistencial-de-empregado-nao-sindicalizado\/\" \/>\n<meta property=\"og:site_name\" content=\"Contabilidade Caxias\" \/>\n<meta property=\"article:published_time\" content=\"2022-08-19T20:08:46+00:00\" \/>\n<meta name=\"twitter:card\" content=\"summary_large_image\" \/>\n<meta name=\"twitter:label1\" content=\"Est. tempo de leitura\" \/>\n\t<meta name=\"twitter:data1\" content=\"2 minutos\" \/>\n<script type=\"application\/ld+json\" class=\"yoast-schema-graph\">{\"@context\":\"https:\\\/\\\/schema.org\",\"@graph\":[{\"@type\":\"Article\",\"@id\":\"https:\\\/\\\/contabilidadecaxias.com.br\\\/index.php\\\/2022\\\/08\\\/19\\\/tst-afasta-contribuicao-assistencial-de-empregado-nao-sindicalizado\\\/#article\",\"isPartOf\":{\"@id\":\"https:\\\/\\\/contabilidadecaxias.com.br\\\/index.php\\\/2022\\\/08\\\/19\\\/tst-afasta-contribuicao-assistencial-de-empregado-nao-sindicalizado\\\/\"},\"author\":{\"name\":\"\",\"@id\":\"\"},\"headline\":\"TST afasta contribui\u00e7\u00e3o assistencial de empregado n\u00e3o sindicalizado\u00a0\",\"datePublished\":\"2022-08-19T20:08:46+00:00\",\"mainEntityOfPage\":{\"@id\":\"https:\\\/\\\/contabilidadecaxias.com.br\\\/index.php\\\/2022\\\/08\\\/19\\\/tst-afasta-contribuicao-assistencial-de-empregado-nao-sindicalizado\\\/\"},\"wordCount\":442,\"commentCount\":0,\"image\":{\"@id\":\"https:\\\/\\\/contabilidadecaxias.com.br\\\/index.php\\\/2022\\\/08\\\/19\\\/tst-afasta-contribuicao-assistencial-de-empregado-nao-sindicalizado\\\/#primaryimage\"},\"thumbnailUrl\":\"https:\\\/\\\/contabilidadecaxias.com.br\\\/wp-content\\\/uploads\\\/2022\\\/08\\\/06964675-cc86-5dff-1bf3-38a81ad5f6bd-Kuzdaw-scaled.jpeg\",\"articleSection\":[\"Educa\u00e7\u00e3o Financeira\"],\"inLanguage\":\"pt-BR\",\"potentialAction\":[{\"@type\":\"CommentAction\",\"name\":\"Comment\",\"target\":[\"https:\\\/\\\/contabilidadecaxias.com.br\\\/index.php\\\/2022\\\/08\\\/19\\\/tst-afasta-contribuicao-assistencial-de-empregado-nao-sindicalizado\\\/#respond\"]}]},{\"@type\":\"WebPage\",\"@id\":\"https:\\\/\\\/contabilidadecaxias.com.br\\\/index.php\\\/2022\\\/08\\\/19\\\/tst-afasta-contribuicao-assistencial-de-empregado-nao-sindicalizado\\\/\",\"url\":\"https:\\\/\\\/contabilidadecaxias.com.br\\\/index.php\\\/2022\\\/08\\\/19\\\/tst-afasta-contribuicao-assistencial-de-empregado-nao-sindicalizado\\\/\",\"name\":\"TST afasta contribui\u00e7\u00e3o assistencial de empregado n\u00e3o sindicalizado\u00a0 - Contabilidade Caxias\",\"isPartOf\":{\"@id\":\"https:\\\/\\\/contabilidadecaxias.com.br\\\/#website\"},\"primaryImageOfPage\":{\"@id\":\"https:\\\/\\\/contabilidadecaxias.com.br\\\/index.php\\\/2022\\\/08\\\/19\\\/tst-afasta-contribuicao-assistencial-de-empregado-nao-sindicalizado\\\/#primaryimage\"},\"image\":{\"@id\":\"https:\\\/\\\/contabilidadecaxias.com.br\\\/index.php\\\/2022\\\/08\\\/19\\\/tst-afasta-contribuicao-assistencial-de-empregado-nao-sindicalizado\\\/#primaryimage\"},\"thumbnailUrl\":\"https:\\\/\\\/contabilidadecaxias.com.br\\\/wp-content\\\/uploads\\\/2022\\\/08\\\/06964675-cc86-5dff-1bf3-38a81ad5f6bd-Kuzdaw-scaled.jpeg\",\"datePublished\":\"2022-08-19T20:08:46+00:00\",\"author\":{\"@id\":\"\"},\"breadcrumb\":{\"@id\":\"https:\\\/\\\/contabilidadecaxias.com.br\\\/index.php\\\/2022\\\/08\\\/19\\\/tst-afasta-contribuicao-assistencial-de-empregado-nao-sindicalizado\\\/#breadcrumb\"},\"inLanguage\":\"pt-BR\",\"potentialAction\":[{\"@type\":\"ReadAction\",\"target\":[\"https:\\\/\\\/contabilidadecaxias.com.br\\\/index.php\\\/2022\\\/08\\\/19\\\/tst-afasta-contribuicao-assistencial-de-empregado-nao-sindicalizado\\\/\"]}]},{\"@type\":\"ImageObject\",\"inLanguage\":\"pt-BR\",\"@id\":\"https:\\\/\\\/contabilidadecaxias.com.br\\\/index.php\\\/2022\\\/08\\\/19\\\/tst-afasta-contribuicao-assistencial-de-empregado-nao-sindicalizado\\\/#primaryimage\",\"url\":\"https:\\\/\\\/contabilidadecaxias.com.br\\\/wp-content\\\/uploads\\\/2022\\\/08\\\/06964675-cc86-5dff-1bf3-38a81ad5f6bd-Kuzdaw-scaled.jpeg\",\"contentUrl\":\"https:\\\/\\\/contabilidadecaxias.com.br\\\/wp-content\\\/uploads\\\/2022\\\/08\\\/06964675-cc86-5dff-1bf3-38a81ad5f6bd-Kuzdaw-scaled.jpeg\",\"width\":2560,\"height\":1707},{\"@type\":\"BreadcrumbList\",\"@id\":\"https:\\\/\\\/contabilidadecaxias.com.br\\\/index.php\\\/2022\\\/08\\\/19\\\/tst-afasta-contribuicao-assistencial-de-empregado-nao-sindicalizado\\\/#breadcrumb\",\"itemListElement\":[{\"@type\":\"ListItem\",\"position\":1,\"name\":\"In\u00edcio\",\"item\":\"https:\\\/\\\/contabilidadecaxias.com.br\\\/\"},{\"@type\":\"ListItem\",\"position\":2,\"name\":\"TST afasta contribui\u00e7\u00e3o assistencial de empregado n\u00e3o sindicalizado\u00a0\"}]},{\"@type\":\"WebSite\",\"@id\":\"https:\\\/\\\/contabilidadecaxias.com.br\\\/#website\",\"url\":\"https:\\\/\\\/contabilidadecaxias.com.br\\\/\",\"name\":\"Contabilidade Caxias\",\"description\":\"Site especializado em Contabilidade para Caxias.\",\"potentialAction\":[{\"@type\":\"SearchAction\",\"target\":{\"@type\":\"EntryPoint\",\"urlTemplate\":\"https:\\\/\\\/contabilidadecaxias.com.br\\\/?s={search_term_string}\"},\"query-input\":{\"@type\":\"PropertyValueSpecification\",\"valueRequired\":true,\"valueName\":\"search_term_string\"}}],\"inLanguage\":\"pt-BR\"}]}<\/script>\n<!-- \/ Yoast SEO plugin. -->","yoast_head_json":{"title":"TST afasta contribui\u00e7\u00e3o assistencial de empregado n\u00e3o sindicalizado\u00a0 - Contabilidade Caxias","robots":{"index":"index","follow":"follow","max-snippet":"max-snippet:-1","max-image-preview":"max-image-preview:large","max-video-preview":"max-video-preview:-1"},"canonical":"https:\/\/contabilidadecaxias.com.br\/index.php\/2022\/08\/19\/tst-afasta-contribuicao-assistencial-de-empregado-nao-sindicalizado\/","og_locale":"pt_BR","og_type":"article","og_title":"TST afasta contribui\u00e7\u00e3o assistencial de empregado n\u00e3o sindicalizado\u00a0 - Contabilidade Caxias","og_description":"Para a SDC, cl\u00e1usula de acordo coletivo ofendia o princ\u00edpio constitucional da livre associa\u00e7\u00e3o Ministra K\u00e1tia Arruda 19\/08\/22 &#8211;\u00a0A Se\u00e7\u00e3o Especializada em Diss\u00eddios Coletivos (SDC) do Tribunal Superior do Trabalho reformou a cl\u00e1usula do acordo coletivo celebrado entre entidades sindicais do setor de mobili\u00e1rio do Rio Grande do Sul que previa desconto nos sal\u00e1rios de [&hellip;]","og_url":"https:\/\/contabilidadecaxias.com.br\/index.php\/2022\/08\/19\/tst-afasta-contribuicao-assistencial-de-empregado-nao-sindicalizado\/","og_site_name":"Contabilidade Caxias","article_published_time":"2022-08-19T20:08:46+00:00","twitter_card":"summary_large_image","twitter_misc":{"Est. tempo de leitura":"2 minutos"},"schema":{"@context":"https:\/\/schema.org","@graph":[{"@type":"Article","@id":"https:\/\/contabilidadecaxias.com.br\/index.php\/2022\/08\/19\/tst-afasta-contribuicao-assistencial-de-empregado-nao-sindicalizado\/#article","isPartOf":{"@id":"https:\/\/contabilidadecaxias.com.br\/index.php\/2022\/08\/19\/tst-afasta-contribuicao-assistencial-de-empregado-nao-sindicalizado\/"},"author":{"name":"","@id":""},"headline":"TST afasta contribui\u00e7\u00e3o assistencial de empregado n\u00e3o sindicalizado\u00a0","datePublished":"2022-08-19T20:08:46+00:00","mainEntityOfPage":{"@id":"https:\/\/contabilidadecaxias.com.br\/index.php\/2022\/08\/19\/tst-afasta-contribuicao-assistencial-de-empregado-nao-sindicalizado\/"},"wordCount":442,"commentCount":0,"image":{"@id":"https:\/\/contabilidadecaxias.com.br\/index.php\/2022\/08\/19\/tst-afasta-contribuicao-assistencial-de-empregado-nao-sindicalizado\/#primaryimage"},"thumbnailUrl":"https:\/\/contabilidadecaxias.com.br\/wp-content\/uploads\/2022\/08\/06964675-cc86-5dff-1bf3-38a81ad5f6bd-Kuzdaw-scaled.jpeg","articleSection":["Educa\u00e7\u00e3o Financeira"],"inLanguage":"pt-BR","potentialAction":[{"@type":"CommentAction","name":"Comment","target":["https:\/\/contabilidadecaxias.com.br\/index.php\/2022\/08\/19\/tst-afasta-contribuicao-assistencial-de-empregado-nao-sindicalizado\/#respond"]}]},{"@type":"WebPage","@id":"https:\/\/contabilidadecaxias.com.br\/index.php\/2022\/08\/19\/tst-afasta-contribuicao-assistencial-de-empregado-nao-sindicalizado\/","url":"https:\/\/contabilidadecaxias.com.br\/index.php\/2022\/08\/19\/tst-afasta-contribuicao-assistencial-de-empregado-nao-sindicalizado\/","name":"TST afasta contribui\u00e7\u00e3o assistencial de empregado n\u00e3o sindicalizado\u00a0 - Contabilidade Caxias","isPartOf":{"@id":"https:\/\/contabilidadecaxias.com.br\/#website"},"primaryImageOfPage":{"@id":"https:\/\/contabilidadecaxias.com.br\/index.php\/2022\/08\/19\/tst-afasta-contribuicao-assistencial-de-empregado-nao-sindicalizado\/#primaryimage"},"image":{"@id":"https:\/\/contabilidadecaxias.com.br\/index.php\/2022\/08\/19\/tst-afasta-contribuicao-assistencial-de-empregado-nao-sindicalizado\/#primaryimage"},"thumbnailUrl":"https:\/\/contabilidadecaxias.com.br\/wp-content\/uploads\/2022\/08\/06964675-cc86-5dff-1bf3-38a81ad5f6bd-Kuzdaw-scaled.jpeg","datePublished":"2022-08-19T20:08:46+00:00","author":{"@id":""},"breadcrumb":{"@id":"https:\/\/contabilidadecaxias.com.br\/index.php\/2022\/08\/19\/tst-afasta-contribuicao-assistencial-de-empregado-nao-sindicalizado\/#breadcrumb"},"inLanguage":"pt-BR","potentialAction":[{"@type":"ReadAction","target":["https:\/\/contabilidadecaxias.com.br\/index.php\/2022\/08\/19\/tst-afasta-contribuicao-assistencial-de-empregado-nao-sindicalizado\/"]}]},{"@type":"ImageObject","inLanguage":"pt-BR","@id":"https:\/\/contabilidadecaxias.com.br\/index.php\/2022\/08\/19\/tst-afasta-contribuicao-assistencial-de-empregado-nao-sindicalizado\/#primaryimage","url":"https:\/\/contabilidadecaxias.com.br\/wp-content\/uploads\/2022\/08\/06964675-cc86-5dff-1bf3-38a81ad5f6bd-Kuzdaw-scaled.jpeg","contentUrl":"https:\/\/contabilidadecaxias.com.br\/wp-content\/uploads\/2022\/08\/06964675-cc86-5dff-1bf3-38a81ad5f6bd-Kuzdaw-scaled.jpeg","width":2560,"height":1707},{"@type":"BreadcrumbList","@id":"https:\/\/contabilidadecaxias.com.br\/index.php\/2022\/08\/19\/tst-afasta-contribuicao-assistencial-de-empregado-nao-sindicalizado\/#breadcrumb","itemListElement":[{"@type":"ListItem","position":1,"name":"In\u00edcio","item":"https:\/\/contabilidadecaxias.com.br\/"},{"@type":"ListItem","position":2,"name":"TST afasta contribui\u00e7\u00e3o assistencial de empregado n\u00e3o sindicalizado\u00a0"}]},{"@type":"WebSite","@id":"https:\/\/contabilidadecaxias.com.br\/#website","url":"https:\/\/contabilidadecaxias.com.br\/","name":"Contabilidade Caxias","description":"Site especializado em Contabilidade para Caxias.","potentialAction":[{"@type":"SearchAction","target":{"@type":"EntryPoint","urlTemplate":"https:\/\/contabilidadecaxias.com.br\/?s={search_term_string}"},"query-input":{"@type":"PropertyValueSpecification","valueRequired":true,"valueName":"search_term_string"}}],"inLanguage":"pt-BR"}]}},"_links":{"self":[{"href":"https:\/\/contabilidadecaxias.com.br\/index.php\/wp-json\/wp\/v2\/posts\/13710","targetHints":{"allow":["GET"]}}],"collection":[{"href":"https:\/\/contabilidadecaxias.com.br\/index.php\/wp-json\/wp\/v2\/posts"}],"about":[{"href":"https:\/\/contabilidadecaxias.com.br\/index.php\/wp-json\/wp\/v2\/types\/post"}],"replies":[{"embeddable":true,"href":"https:\/\/contabilidadecaxias.com.br\/index.php\/wp-json\/wp\/v2\/comments?post=13710"}],"version-history":[{"count":0,"href":"https:\/\/contabilidadecaxias.com.br\/index.php\/wp-json\/wp\/v2\/posts\/13710\/revisions"}],"wp:featuredmedia":[{"embeddable":true,"href":"https:\/\/contabilidadecaxias.com.br\/index.php\/wp-json\/wp\/v2\/media\/13711"}],"wp:attachment":[{"href":"https:\/\/contabilidadecaxias.com.br\/index.php\/wp-json\/wp\/v2\/media?parent=13710"}],"wp:term":[{"taxonomy":"category","embeddable":true,"href":"https:\/\/contabilidadecaxias.com.br\/index.php\/wp-json\/wp\/v2\/categories?post=13710"},{"taxonomy":"post_tag","embeddable":true,"href":"https:\/\/contabilidadecaxias.com.br\/index.php\/wp-json\/wp\/v2\/tags?post=13710"}],"curies":[{"name":"wp","href":"https:\/\/api.w.org\/{rel}","templated":true}]}}