{"id":13709,"date":"2022-08-19T17:08:45","date_gmt":"2022-08-19T20:08:45","guid":{"rendered":"https:\/\/contabilidadecaxias.com.br\/index.php\/2022\/08\/19\/ministro-lelio-bentes-correa-e-eleito-para-a-presidencia-do-tst-e-do-csjt-destaques-da-semana\/"},"modified":"2022-08-19T17:08:45","modified_gmt":"2022-08-19T20:08:45","slug":"ministro-lelio-bentes-correa-e-eleito-para-a-presidencia-do-tst-e-do-csjt-destaques-da-semana","status":"publish","type":"post","link":"https:\/\/contabilidadecaxias.com.br\/index.php\/2022\/08\/19\/ministro-lelio-bentes-correa-e-eleito-para-a-presidencia-do-tst-e-do-csjt-destaques-da-semana\/","title":{"rendered":"Ministro Lelio Bentes Corr\u00eaa \u00e9 eleito para a presid\u00eancia do TST e do CSJT | Destaques da Semana"},"content":{"rendered":"<div>\n\u00a0<br \/>\n\u00a0\u00a0\u00a0\u00a0\u00a0\u00a0\u00a0\u00a0 \u00a0\u00a0\u00a0\u00a0\u00a0\u00a0\u00a0\u00a0 \u00a0\u00a0\u00a0\u00a0\u00a0\u00a0 <a href=\"https:\/\/www.tst.jus.br\/documents\/10157\/27885360\/PGM+1612+-+DESTAQUES+DA+SEMANA.mp3\/f487bf3e-771e-bbff-2d98-cc1b228c2073?t=1660929391094\"> Baixe o \u00e1udio <\/a><\/div>\n<div><button>Reproduzir o \u00e1udio<\/button>\u00a0\u00a0<button>Pausar o \u00e1udio<\/button>\u00a0\u00a0<button>Aumentar o volume<\/button>\u00a0\u00a0<button>Diminuir o volume<\/button><\/div>\n<p>\u00a0<\/p>\n<p>19\/08\/22 &#8211; O ministro L\u00e9lio Bentes Corr\u00eaa foi eleito de forma un\u00e2nime para presidir o Tribunal Superior do Trabalho (TST) e o\u00a0Conselho Superior da Justi\u00e7a do Trabalho (CSJT).\u00a0O\u00a0ministro Aloysio Corr\u00eaa da Veiga ocupar\u00e1 o vice-presid\u00eancia, e a corregedora-geral da Justi\u00e7a do Trabalho ser\u00e1 a ministra Dora Maria da Costa. A posse da nova administra\u00e7\u00e3o ser\u00e1 realizada em 13 de outubro.<\/p>\n<p>Outro destaque \u00e9 a Semana de Aprendizagem que ocorrer\u00e1 entre 22 e 26 de agosto e ter\u00e1 a participa\u00e7\u00e3o de todos os Tribunais Regionais do Trabalho com palestras e oficinas voltadas para o assunto.<\/p>\n<p>Aperte o play e confira os detalhes com a rep\u00f3rter Evinny Ara\u00fajo\u00a0<\/p>\n","protected":false},"excerpt":{"rendered":"<p>\u00a0 \u00a0\u00a0\u00a0\u00a0\u00a0\u00a0\u00a0\u00a0 \u00a0\u00a0\u00a0\u00a0\u00a0\u00a0\u00a0\u00a0 \u00a0\u00a0\u00a0\u00a0\u00a0\u00a0 Baixe o \u00e1udio Reproduzir o \u00e1udio\u00a0\u00a0Pausar o \u00e1udio\u00a0\u00a0Aumentar o volume\u00a0\u00a0Diminuir o volume \u00a0 19\/08\/22 &#8211; O ministro L\u00e9lio Bentes Corr\u00eaa foi eleito de forma un\u00e2nime para presidir o Tribunal Superior do Trabalho (TST) e o\u00a0Conselho Superior da Justi\u00e7a do Trabalho (CSJT).\u00a0O\u00a0ministro Aloysio Corr\u00eaa da Veiga ocupar\u00e1 o vice-presid\u00eancia, e a corregedora-geral [&hellip;]<\/p>\n","protected":false},"author":0,"featured_media":0,"comment_status":"open","ping_status":"","sticky":false,"template":"","format":"standard","meta":{"footnotes":""},"categories":[5],"tags":[],"class_list":["post-13709","post","type-post","status-publish","format-standard","hentry","category-noticias-educacao-financeira"],"blocksy_meta":{"styles_descriptor":{"styles":{"desktop":"","tablet":"","mobile":""},"google_fonts":[],"version":6}},"yoast_head":"<!-- This site is optimized with the Yoast SEO plugin v27.4 - https:\/\/yoast.com\/product\/yoast-seo-wordpress\/ -->\n<title>Ministro Lelio Bentes Corr\u00eaa \u00e9 eleito para a presid\u00eancia do TST e do CSJT | Destaques da Semana - Contabilidade Caxias<\/title>\n<meta name=\"robots\" content=\"index, follow, max-snippet:-1, max-image-preview:large, max-video-preview:-1\" \/>\n<link rel=\"canonical\" href=\"https:\/\/contabilidadecaxias.com.br\/index.php\/2022\/08\/19\/ministro-lelio-bentes-correa-e-eleito-para-a-presidencia-do-tst-e-do-csjt-destaques-da-semana\/\" \/>\n<meta property=\"og:locale\" content=\"pt_BR\" \/>\n<meta property=\"og:type\" content=\"article\" \/>\n<meta property=\"og:title\" content=\"Ministro Lelio Bentes Corr\u00eaa \u00e9 eleito para a presid\u00eancia do TST e do CSJT | Destaques da Semana - Contabilidade Caxias\" \/>\n<meta property=\"og:description\" content=\"\u00a0 \u00a0\u00a0\u00a0\u00a0\u00a0\u00a0\u00a0\u00a0 \u00a0\u00a0\u00a0\u00a0\u00a0\u00a0\u00a0\u00a0 \u00a0\u00a0\u00a0\u00a0\u00a0\u00a0 Baixe o \u00e1udio Reproduzir o \u00e1udio\u00a0\u00a0Pausar o \u00e1udio\u00a0\u00a0Aumentar o volume\u00a0\u00a0Diminuir o volume \u00a0 19\/08\/22 &#8211; O ministro L\u00e9lio Bentes Corr\u00eaa foi eleito de forma un\u00e2nime para presidir o Tribunal Superior do Trabalho (TST) e o\u00a0Conselho Superior da Justi\u00e7a do Trabalho (CSJT).\u00a0O\u00a0ministro Aloysio Corr\u00eaa da Veiga ocupar\u00e1 o vice-presid\u00eancia, e a corregedora-geral [&hellip;]\" \/>\n<meta property=\"og:url\" content=\"https:\/\/contabilidadecaxias.com.br\/index.php\/2022\/08\/19\/ministro-lelio-bentes-correa-e-eleito-para-a-presidencia-do-tst-e-do-csjt-destaques-da-semana\/\" \/>\n<meta property=\"og:site_name\" content=\"Contabilidade Caxias\" \/>\n<meta property=\"article:published_time\" content=\"2022-08-19T20:08:45+00:00\" \/>\n<meta name=\"twitter:card\" content=\"summary_large_image\" \/>\n<meta name=\"twitter:label1\" content=\"Est. tempo de leitura\" \/>\n\t<meta name=\"twitter:data1\" content=\"1 minuto\" \/>\n<script type=\"application\/ld+json\" class=\"yoast-schema-graph\">{\"@context\":\"https:\\\/\\\/schema.org\",\"@graph\":[{\"@type\":\"Article\",\"@id\":\"https:\\\/\\\/contabilidadecaxias.com.br\\\/index.php\\\/2022\\\/08\\\/19\\\/ministro-lelio-bentes-correa-e-eleito-para-a-presidencia-do-tst-e-do-csjt-destaques-da-semana\\\/#article\",\"isPartOf\":{\"@id\":\"https:\\\/\\\/contabilidadecaxias.com.br\\\/index.php\\\/2022\\\/08\\\/19\\\/ministro-lelio-bentes-correa-e-eleito-para-a-presidencia-do-tst-e-do-csjt-destaques-da-semana\\\/\"},\"author\":{\"name\":\"\",\"@id\":\"\"},\"headline\":\"Ministro Lelio Bentes Corr\u00eaa \u00e9 eleito para a presid\u00eancia do TST e do CSJT | Destaques da Semana\",\"datePublished\":\"2022-08-19T20:08:45+00:00\",\"mainEntityOfPage\":{\"@id\":\"https:\\\/\\\/contabilidadecaxias.com.br\\\/index.php\\\/2022\\\/08\\\/19\\\/ministro-lelio-bentes-correa-e-eleito-para-a-presidencia-do-tst-e-do-csjt-destaques-da-semana\\\/\"},\"wordCount\":148,\"commentCount\":0,\"articleSection\":[\"Educa\u00e7\u00e3o Financeira\"],\"inLanguage\":\"pt-BR\",\"potentialAction\":[{\"@type\":\"CommentAction\",\"name\":\"Comment\",\"target\":[\"https:\\\/\\\/contabilidadecaxias.com.br\\\/index.php\\\/2022\\\/08\\\/19\\\/ministro-lelio-bentes-correa-e-eleito-para-a-presidencia-do-tst-e-do-csjt-destaques-da-semana\\\/#respond\"]}]},{\"@type\":\"WebPage\",\"@id\":\"https:\\\/\\\/contabilidadecaxias.com.br\\\/index.php\\\/2022\\\/08\\\/19\\\/ministro-lelio-bentes-correa-e-eleito-para-a-presidencia-do-tst-e-do-csjt-destaques-da-semana\\\/\",\"url\":\"https:\\\/\\\/contabilidadecaxias.com.br\\\/index.php\\\/2022\\\/08\\\/19\\\/ministro-lelio-bentes-correa-e-eleito-para-a-presidencia-do-tst-e-do-csjt-destaques-da-semana\\\/\",\"name\":\"Ministro Lelio Bentes Corr\u00eaa \u00e9 eleito para a presid\u00eancia do TST e do CSJT | Destaques da Semana - Contabilidade Caxias\",\"isPartOf\":{\"@id\":\"https:\\\/\\\/contabilidadecaxias.com.br\\\/#website\"},\"datePublished\":\"2022-08-19T20:08:45+00:00\",\"author\":{\"@id\":\"\"},\"breadcrumb\":{\"@id\":\"https:\\\/\\\/contabilidadecaxias.com.br\\\/index.php\\\/2022\\\/08\\\/19\\\/ministro-lelio-bentes-correa-e-eleito-para-a-presidencia-do-tst-e-do-csjt-destaques-da-semana\\\/#breadcrumb\"},\"inLanguage\":\"pt-BR\",\"potentialAction\":[{\"@type\":\"ReadAction\",\"target\":[\"https:\\\/\\\/contabilidadecaxias.com.br\\\/index.php\\\/2022\\\/08\\\/19\\\/ministro-lelio-bentes-correa-e-eleito-para-a-presidencia-do-tst-e-do-csjt-destaques-da-semana\\\/\"]}]},{\"@type\":\"BreadcrumbList\",\"@id\":\"https:\\\/\\\/contabilidadecaxias.com.br\\\/index.php\\\/2022\\\/08\\\/19\\\/ministro-lelio-bentes-correa-e-eleito-para-a-presidencia-do-tst-e-do-csjt-destaques-da-semana\\\/#breadcrumb\",\"itemListElement\":[{\"@type\":\"ListItem\",\"position\":1,\"name\":\"In\u00edcio\",\"item\":\"https:\\\/\\\/contabilidadecaxias.com.br\\\/\"},{\"@type\":\"ListItem\",\"position\":2,\"name\":\"Ministro Lelio Bentes Corr\u00eaa \u00e9 eleito para a presid\u00eancia do TST e do CSJT | Destaques da Semana\"}]},{\"@type\":\"WebSite\",\"@id\":\"https:\\\/\\\/contabilidadecaxias.com.br\\\/#website\",\"url\":\"https:\\\/\\\/contabilidadecaxias.com.br\\\/\",\"name\":\"Contabilidade Caxias\",\"description\":\"Site especializado em Contabilidade para Caxias.\",\"potentialAction\":[{\"@type\":\"SearchAction\",\"target\":{\"@type\":\"EntryPoint\",\"urlTemplate\":\"https:\\\/\\\/contabilidadecaxias.com.br\\\/?s={search_term_string}\"},\"query-input\":{\"@type\":\"PropertyValueSpecification\",\"valueRequired\":true,\"valueName\":\"search_term_string\"}}],\"inLanguage\":\"pt-BR\"}]}<\/script>\n<!-- \/ Yoast SEO plugin. -->","yoast_head_json":{"title":"Ministro Lelio Bentes Corr\u00eaa \u00e9 eleito para a presid\u00eancia do TST e do CSJT | Destaques da Semana - Contabilidade Caxias","robots":{"index":"index","follow":"follow","max-snippet":"max-snippet:-1","max-image-preview":"max-image-preview:large","max-video-preview":"max-video-preview:-1"},"canonical":"https:\/\/contabilidadecaxias.com.br\/index.php\/2022\/08\/19\/ministro-lelio-bentes-correa-e-eleito-para-a-presidencia-do-tst-e-do-csjt-destaques-da-semana\/","og_locale":"pt_BR","og_type":"article","og_title":"Ministro Lelio Bentes Corr\u00eaa \u00e9 eleito para a presid\u00eancia do TST e do CSJT | Destaques da Semana - Contabilidade Caxias","og_description":"\u00a0 \u00a0\u00a0\u00a0\u00a0\u00a0\u00a0\u00a0\u00a0 \u00a0\u00a0\u00a0\u00a0\u00a0\u00a0\u00a0\u00a0 \u00a0\u00a0\u00a0\u00a0\u00a0\u00a0 Baixe o \u00e1udio Reproduzir o \u00e1udio\u00a0\u00a0Pausar o \u00e1udio\u00a0\u00a0Aumentar o volume\u00a0\u00a0Diminuir o volume \u00a0 19\/08\/22 &#8211; O ministro L\u00e9lio Bentes Corr\u00eaa foi eleito de forma un\u00e2nime para presidir o Tribunal Superior do Trabalho (TST) e o\u00a0Conselho Superior da Justi\u00e7a do Trabalho (CSJT).\u00a0O\u00a0ministro Aloysio Corr\u00eaa da Veiga ocupar\u00e1 o vice-presid\u00eancia, e a corregedora-geral [&hellip;]","og_url":"https:\/\/contabilidadecaxias.com.br\/index.php\/2022\/08\/19\/ministro-lelio-bentes-correa-e-eleito-para-a-presidencia-do-tst-e-do-csjt-destaques-da-semana\/","og_site_name":"Contabilidade Caxias","article_published_time":"2022-08-19T20:08:45+00:00","twitter_card":"summary_large_image","twitter_misc":{"Est. tempo de leitura":"1 minuto"},"schema":{"@context":"https:\/\/schema.org","@graph":[{"@type":"Article","@id":"https:\/\/contabilidadecaxias.com.br\/index.php\/2022\/08\/19\/ministro-lelio-bentes-correa-e-eleito-para-a-presidencia-do-tst-e-do-csjt-destaques-da-semana\/#article","isPartOf":{"@id":"https:\/\/contabilidadecaxias.com.br\/index.php\/2022\/08\/19\/ministro-lelio-bentes-correa-e-eleito-para-a-presidencia-do-tst-e-do-csjt-destaques-da-semana\/"},"author":{"name":"","@id":""},"headline":"Ministro Lelio Bentes Corr\u00eaa \u00e9 eleito para a presid\u00eancia do TST e do CSJT | Destaques da Semana","datePublished":"2022-08-19T20:08:45+00:00","mainEntityOfPage":{"@id":"https:\/\/contabilidadecaxias.com.br\/index.php\/2022\/08\/19\/ministro-lelio-bentes-correa-e-eleito-para-a-presidencia-do-tst-e-do-csjt-destaques-da-semana\/"},"wordCount":148,"commentCount":0,"articleSection":["Educa\u00e7\u00e3o Financeira"],"inLanguage":"pt-BR","potentialAction":[{"@type":"CommentAction","name":"Comment","target":["https:\/\/contabilidadecaxias.com.br\/index.php\/2022\/08\/19\/ministro-lelio-bentes-correa-e-eleito-para-a-presidencia-do-tst-e-do-csjt-destaques-da-semana\/#respond"]}]},{"@type":"WebPage","@id":"https:\/\/contabilidadecaxias.com.br\/index.php\/2022\/08\/19\/ministro-lelio-bentes-correa-e-eleito-para-a-presidencia-do-tst-e-do-csjt-destaques-da-semana\/","url":"https:\/\/contabilidadecaxias.com.br\/index.php\/2022\/08\/19\/ministro-lelio-bentes-correa-e-eleito-para-a-presidencia-do-tst-e-do-csjt-destaques-da-semana\/","name":"Ministro Lelio Bentes Corr\u00eaa \u00e9 eleito para a presid\u00eancia do TST e do CSJT | Destaques da Semana - Contabilidade Caxias","isPartOf":{"@id":"https:\/\/contabilidadecaxias.com.br\/#website"},"datePublished":"2022-08-19T20:08:45+00:00","author":{"@id":""},"breadcrumb":{"@id":"https:\/\/contabilidadecaxias.com.br\/index.php\/2022\/08\/19\/ministro-lelio-bentes-correa-e-eleito-para-a-presidencia-do-tst-e-do-csjt-destaques-da-semana\/#breadcrumb"},"inLanguage":"pt-BR","potentialAction":[{"@type":"ReadAction","target":["https:\/\/contabilidadecaxias.com.br\/index.php\/2022\/08\/19\/ministro-lelio-bentes-correa-e-eleito-para-a-presidencia-do-tst-e-do-csjt-destaques-da-semana\/"]}]},{"@type":"BreadcrumbList","@id":"https:\/\/contabilidadecaxias.com.br\/index.php\/2022\/08\/19\/ministro-lelio-bentes-correa-e-eleito-para-a-presidencia-do-tst-e-do-csjt-destaques-da-semana\/#breadcrumb","itemListElement":[{"@type":"ListItem","position":1,"name":"In\u00edcio","item":"https:\/\/contabilidadecaxias.com.br\/"},{"@type":"ListItem","position":2,"name":"Ministro Lelio Bentes Corr\u00eaa \u00e9 eleito para a presid\u00eancia do TST e do CSJT | Destaques da Semana"}]},{"@type":"WebSite","@id":"https:\/\/contabilidadecaxias.com.br\/#website","url":"https:\/\/contabilidadecaxias.com.br\/","name":"Contabilidade Caxias","description":"Site especializado em Contabilidade para Caxias.","potentialAction":[{"@type":"SearchAction","target":{"@type":"EntryPoint","urlTemplate":"https:\/\/contabilidadecaxias.com.br\/?s={search_term_string}"},"query-input":{"@type":"PropertyValueSpecification","valueRequired":true,"valueName":"search_term_string"}}],"inLanguage":"pt-BR"}]}},"_links":{"self":[{"href":"https:\/\/contabilidadecaxias.com.br\/index.php\/wp-json\/wp\/v2\/posts\/13709","targetHints":{"allow":["GET"]}}],"collection":[{"href":"https:\/\/contabilidadecaxias.com.br\/index.php\/wp-json\/wp\/v2\/posts"}],"about":[{"href":"https:\/\/contabilidadecaxias.com.br\/index.php\/wp-json\/wp\/v2\/types\/post"}],"replies":[{"embeddable":true,"href":"https:\/\/contabilidadecaxias.com.br\/index.php\/wp-json\/wp\/v2\/comments?post=13709"}],"version-history":[{"count":0,"href":"https:\/\/contabilidadecaxias.com.br\/index.php\/wp-json\/wp\/v2\/posts\/13709\/revisions"}],"wp:attachment":[{"href":"https:\/\/contabilidadecaxias.com.br\/index.php\/wp-json\/wp\/v2\/media?parent=13709"}],"wp:term":[{"taxonomy":"category","embeddable":true,"href":"https:\/\/contabilidadecaxias.com.br\/index.php\/wp-json\/wp\/v2\/categories?post=13709"},{"taxonomy":"post_tag","embeddable":true,"href":"https:\/\/contabilidadecaxias.com.br\/index.php\/wp-json\/wp\/v2\/tags?post=13709"}],"curies":[{"name":"wp","href":"https:\/\/api.w.org\/{rel}","templated":true}]}}