{"id":13603,"date":"2022-08-18T09:17:40","date_gmt":"2022-08-18T12:17:40","guid":{"rendered":"https:\/\/contabilidadecaxias.com.br\/index.php\/2022\/08\/18\/reconhecida-responsabilidade-de-empresa-por-atropelamento-de-caminhoneiro\/"},"modified":"2022-08-18T09:17:40","modified_gmt":"2022-08-18T12:17:40","slug":"reconhecida-responsabilidade-de-empresa-por-atropelamento-de-caminhoneiro","status":"publish","type":"post","link":"https:\/\/contabilidadecaxias.com.br\/index.php\/2022\/08\/18\/reconhecida-responsabilidade-de-empresa-por-atropelamento-de-caminhoneiro\/","title":{"rendered":"Reconhecida responsabilidade de empresa por atropelamento de caminhoneiro\u00a0"},"content":{"rendered":"<div class=\"noticia-wrapper\">\n<p><em><\/p>\n<p>Ele morreu quando se deslocava de carona, em uma motocicleta, para comprar bateria nova para o caminh\u00e3o<\/p>\n<p><\/em><\/p>\n<div class=\"social-media-share mobile\">\n        <a class=\"share-facebook\" href=\"https:\/\/www.facebook.com\/sharer.php?u=https:\/\/www.tst.jus.br\/-\/reconhecida-responsabilidade-de-empresa-por-atropelamento-de-caminhoneiro%C2%A0\" target=\"_blank\" rel=\"noopener\"><\/a><br \/>\n        <a class=\"share-twitter\" href=\"https:\/\/twitter.com\/intent\/tweet?text=Reconhecida%20responsabilidade%20de%20empresa%20por%20atropelamento%20de%20caminhoneiro%C2%A0%0AVeja%20mais%20em:&amp;url=https:\/\/www.tst.jus.br\/-\/reconhecida-responsabilidade-de-empresa-por-atropelamento-de-caminhoneiro%C2%A0\" target=\"_blank\" rel=\"noopener\"><\/a><br \/>\n        <a class=\"share-linkedin\" href=\"https:\/\/www.linkedin.com\/shareArticle?mini=true&amp;url=https:\/\/www.tst.jus.br\/-\/reconhecida-responsabilidade-de-empresa-por-atropelamento-de-caminhoneiro%C2%A0&amp;title=Reconhecida%20responsabilidade%20de%20empresa%20por%20atropelamento%20de%20caminhoneiro%C2%A0\" target=\"_blank\" rel=\"noopener\"><\/a><br \/>\n        <a class=\"share-whatsapp\" href=\"https:\/\/web.whatsapp.com\/send?text=https:\/\/www.tst.jus.br\/-\/reconhecida-responsabilidade-de-empresa-por-atropelamento-de-caminhoneiro%C2%A0\" target=\"_blank\" rel=\"noopener\"><\/a><br \/>\n        <a class=\"share-googleplus\" href=\"https:\/\/plus.google.com\/share?url=https:\/\/www.tst.jus.br\/-\/reconhecida-responsabilidade-de-empresa-por-atropelamento-de-caminhoneiro%C2%A0\" target=\"_blank\" rel=\"noopener\"><\/a>\n    <\/div>\n<div class=\"news-body\">\n<div class=\"imagem-da-noticia\">\n<p>Caminh\u00e3o em rodovia. Foto: CNT<\/p>\n<div class=\"social-media-share\">\n                    <a class=\"share-facebook\" href=\"https:\/\/www.facebook.com\/sharer.php?u=https:\/\/www.tst.jus.br\/-\/reconhecida-responsabilidade-de-empresa-por-atropelamento-de-caminhoneiro%C2%A0\" target=\"_blank\" rel=\"noopener\"><\/a><br \/>\n                    <a class=\"share-twitter\" href=\"https:\/\/twitter.com\/intent\/tweet?text=Reconhecida%20responsabilidade%20de%20empresa%20por%20atropelamento%20de%20caminhoneiro%C2%A0%0AVeja%20mais%20em:&amp;url=https:\/\/www.tst.jus.br\/-\/reconhecida-responsabilidade-de-empresa-por-atropelamento-de-caminhoneiro%C2%A0\" target=\"_blank\" rel=\"noopener\"><\/a><br \/>\n                    <a class=\"share-linkedin\" href=\"https:\/\/www.linkedin.com\/shareArticle?mini=true&amp;url=https:\/\/www.tst.jus.br\/-\/reconhecida-responsabilidade-de-empresa-por-atropelamento-de-caminhoneiro%C2%A0&amp;title=Reconhecida%20responsabilidade%20de%20empresa%20por%20atropelamento%20de%20caminhoneiro%C2%A0\" target=\"_blank\" rel=\"noopener\"><\/a><br \/>\n                    <a class=\"share-whatsapp\" href=\"https:\/\/web.whatsapp.com\/send?text=https:\/\/www.tst.jus.br\/-\/reconhecida-responsabilidade-de-empresa-por-atropelamento-de-caminhoneiro%C2%A0\" target=\"_blank\" rel=\"noopener\"><\/a><br \/>\n                    <a class=\"share-googleplus\" href=\"https:\/\/plus.google.com\/share?url=https:\/\/www.tst.jus.br\/-\/reconhecida-responsabilidade-de-empresa-por-atropelamento-de-caminhoneiro%C2%A0\" target=\"_blank\" rel=\"noopener\"><\/a>\n                <\/div>\n<\/p><\/div>\n<div class=\"materia\">\n<p>18\/08\/22 &#8211; A Terceira Turma do Tribunal Superior do Trabalho reconheceu a responsabilidade da obriga\u00e7\u00e3o da Com\u00e9rcio e Transportes Tope Ltda., de Xaxim (SC), pelo acidente que resultou na morte de um caminhoneiro que se deslocava, na garupa da motocicleta de um mec\u00e2nico, para comprar bateria para o caminh\u00e3o. Para o colegiado, em raz\u00e3o do risco da atividade, a responsabiliza\u00e7\u00e3o do empregador n\u00e3o depende da demonstra\u00e7\u00e3o de culpa ou de dolo.<\/p>\n<h4>Bateria arriada<\/h4>\n<p>A reclama\u00e7\u00e3o trabalhista foi ajuizada pela filha menor e pela esposa do caminhoneiro. Segundo o processo, em 30\/10\/2012, \u00e0s 5h, quando estava a caminho da cidade de Vilhena, em Rond\u00f4nia, ele n\u00e3o conseguiu dar partida no ve\u00edculo. Ao chegar a uma oficina, o mec\u00e2nico pegou sua motocicleta, com os equipamentos numa esp\u00e9cie de carretinha na lateral, e deu carona para o motorista. No trajeto de volta ao caminh\u00e3o, por volta das 7h50, a moto foi abalroada de frente por um caminh\u00e3o na dire\u00e7\u00e3o.<\/p>\n<p>O pedido de indeniza\u00e7\u00e3o foi negado pelo ju\u00edzo da 1\u00aa Vara do Trabalho de Xanxer\u00ea (SC), por considerar que a atividade de motorista de caminh\u00e3o n\u00e3o exp\u00f4s o trabalhador a riscos al\u00e9m dos experimentados por todos que transitam em vias p\u00fablicas. O Tribunal Regional do Trabalho da 12\u00aa Regi\u00e3o manteve a decis\u00e3o.<\/p>\n<h4>Risco acentuado<\/h4>\n<p>Para o relator do recurso de revista das familiares, ministro Mauricio Godinho Delgado, acidentes do trabalho, na maioria das vezes, s\u00e3o perfeitamente previs\u00edveis e podem ser prevenidos, pois suas causas s\u00e3o identific\u00e1veis e podem ser neutralizadas ou mesmo eliminadas. \u201cN\u00e3o h\u00e1 d\u00favida de que a atividade de motorista em rodovias, pela pr\u00f3pria natureza do tr\u00e2nsito nessas vias, exp\u00f5e o trabalhador a riscos mais acentuados do que se submete a coletividade\u201d, afirmou.<\/p>\n<h4>Responsabilidade objetiva<\/h4>\n<p>No entendimento do relator, apesar de o trabalhador n\u00e3o estar conduzindo o caminh\u00e3o no momento do acidente, o deslocamento na motocicleta se motivou pela necessidade de comprar uma bateria para o ve\u00edculo da empresa, em benef\u00edcio desta. \u201cLogo, a controv\u00e9rsia deve ser examinada sob o enfoque da responsabilidade objetiva\u201d, ressaltou.\u00a0<\/p>\n<p>O ministro explicou que, na aplica\u00e7\u00e3o da teoria do risco, n\u00e3o se considera o caso fortuito como excludente da responsabilidade objetiva, j\u00e1 que o fato imprevis\u00edvel est\u00e1 ligado \u00e0 atividade da empregadora e acobertado pelo conceito de risco mais amplo.\u00a0<\/p>\n<h4>Grau de responsabilidade<\/h4>\n<p>Contudo, segundo o colegiado, a eventual corresponsabilidade de terceiro pelo acidente pode afetar o grau de responsabilidade da empresa, diminuindo o montante indenizat\u00f3rio, mas n\u00e3o excluir o dever de indenizar. Por isso, \u00a0o processo retornar\u00e1 \u00e0 Vara do Trabalho de origem, para an\u00e1lise dos pedidos de indeniza\u00e7\u00e3o por danos materiais e morais.<\/p>\n<p>(GL\/CF) \u00a0\u00a0 \u00a0\u00a0\u00a0 \u00a0<\/p>\n<p>Processo: <a href=\"https:\/\/aplicacao7.tst.jus.br\/esij\/VisualizarPecas.do?loadPorNumProcFormatado=1&amp;numProc=493&amp;digito=53&amp;anoProc=2014&amp;justica=5&amp;numTribunal=12&amp;numVara=0025#Peca38451047\" target=\"_blank\" rel=\"noopener\">ED-ED-ARR-493-53.2014.5.12.0025<\/a><\/p>\n<p><em>Esta mat\u00e9ria tem cunho meramente informativo.<br \/>\nPermitida a reprodu\u00e7\u00e3o mediante cita\u00e7\u00e3o da fonte.<br \/>\nSecretaria de Comunica\u00e7\u00e3o Social<br \/>\n<a href=\"https:\/\/www.tst.jus.br\/\" target=\"_blank\" rel=\"noopener\">Tribunal Superior do Trabalho<\/a><br \/>\nTel. (61) 3043-4907<br \/>\n<a href=\"mailto:secom@tst.jus.br\" target=\"\" rel=\"noopener\">secom@tst.jus.br<\/a><\/em><\/p>\n<\/div><\/div>\n<\/div>\n","protected":false},"excerpt":{"rendered":"<p>Ele morreu quando se deslocava de carona, em uma motocicleta, para comprar bateria nova para o caminh\u00e3o Caminh\u00e3o em rodovia. Foto: CNT 18\/08\/22 &#8211; A Terceira Turma do Tribunal Superior do Trabalho reconheceu a responsabilidade da obriga\u00e7\u00e3o da Com\u00e9rcio e Transportes Tope Ltda., de Xaxim (SC), pelo acidente que resultou na morte de um caminhoneiro [&hellip;]<\/p>\n","protected":false},"author":0,"featured_media":13604,"comment_status":"open","ping_status":"","sticky":false,"template":"","format":"standard","meta":{"footnotes":""},"categories":[5],"tags":[],"class_list":["post-13603","post","type-post","status-publish","format-standard","has-post-thumbnail","hentry","category-noticias-educacao-financeira"],"blocksy_meta":{"styles_descriptor":{"styles":{"desktop":"","tablet":"","mobile":""},"google_fonts":[],"version":6}},"yoast_head":"<!-- This site is optimized with the Yoast SEO plugin v27.4 - https:\/\/yoast.com\/product\/yoast-seo-wordpress\/ -->\n<title>Reconhecida responsabilidade de empresa por atropelamento de caminhoneiro\u00a0 - Contabilidade Caxias<\/title>\n<meta name=\"robots\" content=\"index, follow, max-snippet:-1, max-image-preview:large, max-video-preview:-1\" \/>\n<link rel=\"canonical\" href=\"https:\/\/contabilidadecaxias.com.br\/index.php\/2022\/08\/18\/reconhecida-responsabilidade-de-empresa-por-atropelamento-de-caminhoneiro\/\" \/>\n<meta property=\"og:locale\" content=\"pt_BR\" \/>\n<meta property=\"og:type\" content=\"article\" \/>\n<meta property=\"og:title\" content=\"Reconhecida responsabilidade de empresa por atropelamento de caminhoneiro\u00a0 - Contabilidade Caxias\" \/>\n<meta property=\"og:description\" content=\"Ele morreu quando se deslocava de carona, em uma motocicleta, para comprar bateria nova para o caminh\u00e3o Caminh\u00e3o em rodovia. Foto: CNT 18\/08\/22 &#8211; A Terceira Turma do Tribunal Superior do Trabalho reconheceu a responsabilidade da obriga\u00e7\u00e3o da Com\u00e9rcio e Transportes Tope Ltda., de Xaxim (SC), pelo acidente que resultou na morte de um caminhoneiro [&hellip;]\" \/>\n<meta property=\"og:url\" content=\"https:\/\/contabilidadecaxias.com.br\/index.php\/2022\/08\/18\/reconhecida-responsabilidade-de-empresa-por-atropelamento-de-caminhoneiro\/\" \/>\n<meta property=\"og:site_name\" content=\"Contabilidade Caxias\" \/>\n<meta property=\"article:published_time\" content=\"2022-08-18T12:17:40+00:00\" \/>\n<meta name=\"twitter:card\" content=\"summary_large_image\" \/>\n<meta name=\"twitter:label1\" content=\"Est. tempo de leitura\" \/>\n\t<meta name=\"twitter:data1\" content=\"3 minutos\" \/>\n<script type=\"application\/ld+json\" class=\"yoast-schema-graph\">{\"@context\":\"https:\\\/\\\/schema.org\",\"@graph\":[{\"@type\":\"Article\",\"@id\":\"https:\\\/\\\/contabilidadecaxias.com.br\\\/index.php\\\/2022\\\/08\\\/18\\\/reconhecida-responsabilidade-de-empresa-por-atropelamento-de-caminhoneiro\\\/#article\",\"isPartOf\":{\"@id\":\"https:\\\/\\\/contabilidadecaxias.com.br\\\/index.php\\\/2022\\\/08\\\/18\\\/reconhecida-responsabilidade-de-empresa-por-atropelamento-de-caminhoneiro\\\/\"},\"author\":{\"name\":\"\",\"@id\":\"\"},\"headline\":\"Reconhecida responsabilidade de empresa por atropelamento de caminhoneiro\u00a0\",\"datePublished\":\"2022-08-18T12:17:40+00:00\",\"mainEntityOfPage\":{\"@id\":\"https:\\\/\\\/contabilidadecaxias.com.br\\\/index.php\\\/2022\\\/08\\\/18\\\/reconhecida-responsabilidade-de-empresa-por-atropelamento-de-caminhoneiro\\\/\"},\"wordCount\":537,\"commentCount\":0,\"image\":{\"@id\":\"https:\\\/\\\/contabilidadecaxias.com.br\\\/index.php\\\/2022\\\/08\\\/18\\\/reconhecida-responsabilidade-de-empresa-por-atropelamento-de-caminhoneiro\\\/#primaryimage\"},\"thumbnailUrl\":\"https:\\\/\\\/contabilidadecaxias.com.br\\\/wp-content\\\/uploads\\\/2022\\\/08\\\/baf127a6-f37d-f02b-df61-cbf1c7c716e4-iwDnUY.jpeg\",\"articleSection\":[\"Educa\u00e7\u00e3o Financeira\"],\"inLanguage\":\"pt-BR\",\"potentialAction\":[{\"@type\":\"CommentAction\",\"name\":\"Comment\",\"target\":[\"https:\\\/\\\/contabilidadecaxias.com.br\\\/index.php\\\/2022\\\/08\\\/18\\\/reconhecida-responsabilidade-de-empresa-por-atropelamento-de-caminhoneiro\\\/#respond\"]}]},{\"@type\":\"WebPage\",\"@id\":\"https:\\\/\\\/contabilidadecaxias.com.br\\\/index.php\\\/2022\\\/08\\\/18\\\/reconhecida-responsabilidade-de-empresa-por-atropelamento-de-caminhoneiro\\\/\",\"url\":\"https:\\\/\\\/contabilidadecaxias.com.br\\\/index.php\\\/2022\\\/08\\\/18\\\/reconhecida-responsabilidade-de-empresa-por-atropelamento-de-caminhoneiro\\\/\",\"name\":\"Reconhecida responsabilidade de empresa por atropelamento de caminhoneiro\u00a0 - Contabilidade Caxias\",\"isPartOf\":{\"@id\":\"https:\\\/\\\/contabilidadecaxias.com.br\\\/#website\"},\"primaryImageOfPage\":{\"@id\":\"https:\\\/\\\/contabilidadecaxias.com.br\\\/index.php\\\/2022\\\/08\\\/18\\\/reconhecida-responsabilidade-de-empresa-por-atropelamento-de-caminhoneiro\\\/#primaryimage\"},\"image\":{\"@id\":\"https:\\\/\\\/contabilidadecaxias.com.br\\\/index.php\\\/2022\\\/08\\\/18\\\/reconhecida-responsabilidade-de-empresa-por-atropelamento-de-caminhoneiro\\\/#primaryimage\"},\"thumbnailUrl\":\"https:\\\/\\\/contabilidadecaxias.com.br\\\/wp-content\\\/uploads\\\/2022\\\/08\\\/baf127a6-f37d-f02b-df61-cbf1c7c716e4-iwDnUY.jpeg\",\"datePublished\":\"2022-08-18T12:17:40+00:00\",\"author\":{\"@id\":\"\"},\"breadcrumb\":{\"@id\":\"https:\\\/\\\/contabilidadecaxias.com.br\\\/index.php\\\/2022\\\/08\\\/18\\\/reconhecida-responsabilidade-de-empresa-por-atropelamento-de-caminhoneiro\\\/#breadcrumb\"},\"inLanguage\":\"pt-BR\",\"potentialAction\":[{\"@type\":\"ReadAction\",\"target\":[\"https:\\\/\\\/contabilidadecaxias.com.br\\\/index.php\\\/2022\\\/08\\\/18\\\/reconhecida-responsabilidade-de-empresa-por-atropelamento-de-caminhoneiro\\\/\"]}]},{\"@type\":\"ImageObject\",\"inLanguage\":\"pt-BR\",\"@id\":\"https:\\\/\\\/contabilidadecaxias.com.br\\\/index.php\\\/2022\\\/08\\\/18\\\/reconhecida-responsabilidade-de-empresa-por-atropelamento-de-caminhoneiro\\\/#primaryimage\",\"url\":\"https:\\\/\\\/contabilidadecaxias.com.br\\\/wp-content\\\/uploads\\\/2022\\\/08\\\/baf127a6-f37d-f02b-df61-cbf1c7c716e4-iwDnUY.jpeg\",\"contentUrl\":\"https:\\\/\\\/contabilidadecaxias.com.br\\\/wp-content\\\/uploads\\\/2022\\\/08\\\/baf127a6-f37d-f02b-df61-cbf1c7c716e4-iwDnUY.jpeg\",\"width\":1170,\"height\":700},{\"@type\":\"BreadcrumbList\",\"@id\":\"https:\\\/\\\/contabilidadecaxias.com.br\\\/index.php\\\/2022\\\/08\\\/18\\\/reconhecida-responsabilidade-de-empresa-por-atropelamento-de-caminhoneiro\\\/#breadcrumb\",\"itemListElement\":[{\"@type\":\"ListItem\",\"position\":1,\"name\":\"In\u00edcio\",\"item\":\"https:\\\/\\\/contabilidadecaxias.com.br\\\/\"},{\"@type\":\"ListItem\",\"position\":2,\"name\":\"Reconhecida responsabilidade de empresa por atropelamento de caminhoneiro\u00a0\"}]},{\"@type\":\"WebSite\",\"@id\":\"https:\\\/\\\/contabilidadecaxias.com.br\\\/#website\",\"url\":\"https:\\\/\\\/contabilidadecaxias.com.br\\\/\",\"name\":\"Contabilidade Caxias\",\"description\":\"Site especializado em Contabilidade para Caxias.\",\"potentialAction\":[{\"@type\":\"SearchAction\",\"target\":{\"@type\":\"EntryPoint\",\"urlTemplate\":\"https:\\\/\\\/contabilidadecaxias.com.br\\\/?s={search_term_string}\"},\"query-input\":{\"@type\":\"PropertyValueSpecification\",\"valueRequired\":true,\"valueName\":\"search_term_string\"}}],\"inLanguage\":\"pt-BR\"}]}<\/script>\n<!-- \/ Yoast SEO plugin. -->","yoast_head_json":{"title":"Reconhecida responsabilidade de empresa por atropelamento de caminhoneiro\u00a0 - Contabilidade Caxias","robots":{"index":"index","follow":"follow","max-snippet":"max-snippet:-1","max-image-preview":"max-image-preview:large","max-video-preview":"max-video-preview:-1"},"canonical":"https:\/\/contabilidadecaxias.com.br\/index.php\/2022\/08\/18\/reconhecida-responsabilidade-de-empresa-por-atropelamento-de-caminhoneiro\/","og_locale":"pt_BR","og_type":"article","og_title":"Reconhecida responsabilidade de empresa por atropelamento de caminhoneiro\u00a0 - Contabilidade Caxias","og_description":"Ele morreu quando se deslocava de carona, em uma motocicleta, para comprar bateria nova para o caminh\u00e3o Caminh\u00e3o em rodovia. Foto: CNT 18\/08\/22 &#8211; A Terceira Turma do Tribunal Superior do Trabalho reconheceu a responsabilidade da obriga\u00e7\u00e3o da Com\u00e9rcio e Transportes Tope Ltda., de Xaxim (SC), pelo acidente que resultou na morte de um caminhoneiro [&hellip;]","og_url":"https:\/\/contabilidadecaxias.com.br\/index.php\/2022\/08\/18\/reconhecida-responsabilidade-de-empresa-por-atropelamento-de-caminhoneiro\/","og_site_name":"Contabilidade Caxias","article_published_time":"2022-08-18T12:17:40+00:00","twitter_card":"summary_large_image","twitter_misc":{"Est. tempo de leitura":"3 minutos"},"schema":{"@context":"https:\/\/schema.org","@graph":[{"@type":"Article","@id":"https:\/\/contabilidadecaxias.com.br\/index.php\/2022\/08\/18\/reconhecida-responsabilidade-de-empresa-por-atropelamento-de-caminhoneiro\/#article","isPartOf":{"@id":"https:\/\/contabilidadecaxias.com.br\/index.php\/2022\/08\/18\/reconhecida-responsabilidade-de-empresa-por-atropelamento-de-caminhoneiro\/"},"author":{"name":"","@id":""},"headline":"Reconhecida responsabilidade de empresa por atropelamento de caminhoneiro\u00a0","datePublished":"2022-08-18T12:17:40+00:00","mainEntityOfPage":{"@id":"https:\/\/contabilidadecaxias.com.br\/index.php\/2022\/08\/18\/reconhecida-responsabilidade-de-empresa-por-atropelamento-de-caminhoneiro\/"},"wordCount":537,"commentCount":0,"image":{"@id":"https:\/\/contabilidadecaxias.com.br\/index.php\/2022\/08\/18\/reconhecida-responsabilidade-de-empresa-por-atropelamento-de-caminhoneiro\/#primaryimage"},"thumbnailUrl":"https:\/\/contabilidadecaxias.com.br\/wp-content\/uploads\/2022\/08\/baf127a6-f37d-f02b-df61-cbf1c7c716e4-iwDnUY.jpeg","articleSection":["Educa\u00e7\u00e3o Financeira"],"inLanguage":"pt-BR","potentialAction":[{"@type":"CommentAction","name":"Comment","target":["https:\/\/contabilidadecaxias.com.br\/index.php\/2022\/08\/18\/reconhecida-responsabilidade-de-empresa-por-atropelamento-de-caminhoneiro\/#respond"]}]},{"@type":"WebPage","@id":"https:\/\/contabilidadecaxias.com.br\/index.php\/2022\/08\/18\/reconhecida-responsabilidade-de-empresa-por-atropelamento-de-caminhoneiro\/","url":"https:\/\/contabilidadecaxias.com.br\/index.php\/2022\/08\/18\/reconhecida-responsabilidade-de-empresa-por-atropelamento-de-caminhoneiro\/","name":"Reconhecida responsabilidade de empresa por atropelamento de caminhoneiro\u00a0 - Contabilidade Caxias","isPartOf":{"@id":"https:\/\/contabilidadecaxias.com.br\/#website"},"primaryImageOfPage":{"@id":"https:\/\/contabilidadecaxias.com.br\/index.php\/2022\/08\/18\/reconhecida-responsabilidade-de-empresa-por-atropelamento-de-caminhoneiro\/#primaryimage"},"image":{"@id":"https:\/\/contabilidadecaxias.com.br\/index.php\/2022\/08\/18\/reconhecida-responsabilidade-de-empresa-por-atropelamento-de-caminhoneiro\/#primaryimage"},"thumbnailUrl":"https:\/\/contabilidadecaxias.com.br\/wp-content\/uploads\/2022\/08\/baf127a6-f37d-f02b-df61-cbf1c7c716e4-iwDnUY.jpeg","datePublished":"2022-08-18T12:17:40+00:00","author":{"@id":""},"breadcrumb":{"@id":"https:\/\/contabilidadecaxias.com.br\/index.php\/2022\/08\/18\/reconhecida-responsabilidade-de-empresa-por-atropelamento-de-caminhoneiro\/#breadcrumb"},"inLanguage":"pt-BR","potentialAction":[{"@type":"ReadAction","target":["https:\/\/contabilidadecaxias.com.br\/index.php\/2022\/08\/18\/reconhecida-responsabilidade-de-empresa-por-atropelamento-de-caminhoneiro\/"]}]},{"@type":"ImageObject","inLanguage":"pt-BR","@id":"https:\/\/contabilidadecaxias.com.br\/index.php\/2022\/08\/18\/reconhecida-responsabilidade-de-empresa-por-atropelamento-de-caminhoneiro\/#primaryimage","url":"https:\/\/contabilidadecaxias.com.br\/wp-content\/uploads\/2022\/08\/baf127a6-f37d-f02b-df61-cbf1c7c716e4-iwDnUY.jpeg","contentUrl":"https:\/\/contabilidadecaxias.com.br\/wp-content\/uploads\/2022\/08\/baf127a6-f37d-f02b-df61-cbf1c7c716e4-iwDnUY.jpeg","width":1170,"height":700},{"@type":"BreadcrumbList","@id":"https:\/\/contabilidadecaxias.com.br\/index.php\/2022\/08\/18\/reconhecida-responsabilidade-de-empresa-por-atropelamento-de-caminhoneiro\/#breadcrumb","itemListElement":[{"@type":"ListItem","position":1,"name":"In\u00edcio","item":"https:\/\/contabilidadecaxias.com.br\/"},{"@type":"ListItem","position":2,"name":"Reconhecida responsabilidade de empresa por atropelamento de caminhoneiro\u00a0"}]},{"@type":"WebSite","@id":"https:\/\/contabilidadecaxias.com.br\/#website","url":"https:\/\/contabilidadecaxias.com.br\/","name":"Contabilidade Caxias","description":"Site especializado em Contabilidade para Caxias.","potentialAction":[{"@type":"SearchAction","target":{"@type":"EntryPoint","urlTemplate":"https:\/\/contabilidadecaxias.com.br\/?s={search_term_string}"},"query-input":{"@type":"PropertyValueSpecification","valueRequired":true,"valueName":"search_term_string"}}],"inLanguage":"pt-BR"}]}},"_links":{"self":[{"href":"https:\/\/contabilidadecaxias.com.br\/index.php\/wp-json\/wp\/v2\/posts\/13603","targetHints":{"allow":["GET"]}}],"collection":[{"href":"https:\/\/contabilidadecaxias.com.br\/index.php\/wp-json\/wp\/v2\/posts"}],"about":[{"href":"https:\/\/contabilidadecaxias.com.br\/index.php\/wp-json\/wp\/v2\/types\/post"}],"replies":[{"embeddable":true,"href":"https:\/\/contabilidadecaxias.com.br\/index.php\/wp-json\/wp\/v2\/comments?post=13603"}],"version-history":[{"count":0,"href":"https:\/\/contabilidadecaxias.com.br\/index.php\/wp-json\/wp\/v2\/posts\/13603\/revisions"}],"wp:featuredmedia":[{"embeddable":true,"href":"https:\/\/contabilidadecaxias.com.br\/index.php\/wp-json\/wp\/v2\/media\/13604"}],"wp:attachment":[{"href":"https:\/\/contabilidadecaxias.com.br\/index.php\/wp-json\/wp\/v2\/media?parent=13603"}],"wp:term":[{"taxonomy":"category","embeddable":true,"href":"https:\/\/contabilidadecaxias.com.br\/index.php\/wp-json\/wp\/v2\/categories?post=13603"},{"taxonomy":"post_tag","embeddable":true,"href":"https:\/\/contabilidadecaxias.com.br\/index.php\/wp-json\/wp\/v2\/tags?post=13603"}],"curies":[{"name":"wp","href":"https:\/\/api.w.org\/{rel}","templated":true}]}}