{"id":13477,"date":"2022-08-16T22:03:43","date_gmt":"2022-08-17T01:03:43","guid":{"rendered":"https:\/\/contabilidadecaxias.com.br\/index.php\/2022\/08\/16\/presidente-do-tst-participa-de-posse-da-nova-direcao-do-tse-2\/"},"modified":"2022-08-16T22:03:43","modified_gmt":"2022-08-17T01:03:43","slug":"presidente-do-tst-participa-de-posse-da-nova-direcao-do-tse-2","status":"publish","type":"post","link":"https:\/\/contabilidadecaxias.com.br\/index.php\/2022\/08\/16\/presidente-do-tst-participa-de-posse-da-nova-direcao-do-tse-2\/","title":{"rendered":"Presidente do TST participa de posse da nova dire\u00e7\u00e3o do TSE"},"content":{"rendered":"<div class=\"noticia-wrapper\">\n<p><em><\/p>\n<p>Ministro Emmanoel Pereira acompanhou a cerim\u00f4nia nesta ter\u00e7a-feira (16)<\/p>\n<p><\/em><\/p>\n<div class=\"social-media-share mobile\">\n        <a class=\"share-facebook\" href=\"https:\/\/www.facebook.com\/sharer.php?u=https:\/\/www.tst.jus.br\/-\/presidente-do-tst-participa-de-posse-da-nova-dire%C3%A7%C3%A3o-do-tse-1\" target=\"_blank\" rel=\"noopener\"><\/a><br \/>\n        <a class=\"share-twitter\" href=\"https:\/\/twitter.com\/intent\/tweet?text=Presidente%20do%20TST%20participa%20de%20posse%20da%20nova%20dire%C3%A7%C3%A3o%20do%20TSE%0AVeja%20mais%20em:&amp;url=https:\/\/www.tst.jus.br\/-\/presidente-do-tst-participa-de-posse-da-nova-dire%C3%A7%C3%A3o-do-tse-1\" target=\"_blank\" rel=\"noopener\"><\/a><br \/>\n        <a class=\"share-linkedin\" href=\"https:\/\/www.linkedin.com\/shareArticle?mini=true&amp;url=https:\/\/www.tst.jus.br\/-\/presidente-do-tst-participa-de-posse-da-nova-dire%C3%A7%C3%A3o-do-tse-1&amp;title=Presidente%20do%20TST%20participa%20de%20posse%20da%20nova%20dire%C3%A7%C3%A3o%20do%20TSE\" target=\"_blank\" rel=\"noopener\"><\/a><br \/>\n        <a class=\"share-whatsapp\" href=\"https:\/\/web.whatsapp.com\/send?text=https:\/\/www.tst.jus.br\/-\/presidente-do-tst-participa-de-posse-da-nova-dire%C3%A7%C3%A3o-do-tse-1\" target=\"_blank\" rel=\"noopener\"><\/a><br \/>\n        <a class=\"share-googleplus\" href=\"https:\/\/plus.google.com\/share?url=https:\/\/www.tst.jus.br\/-\/presidente-do-tst-participa-de-posse-da-nova-dire%C3%A7%C3%A3o-do-tse-1\" target=\"_blank\" rel=\"noopener\"><\/a>\n    <\/div>\n<div class=\"news-body\">\n<div class=\"imagem-da-noticia\">\n<p>Posse da nova dire\u00e7\u00e3o do Tribunal Superior Eleitoral. Foto: Secom\/TSE<\/p>\n<div class=\"social-media-share\">\n                    <a class=\"share-facebook\" href=\"https:\/\/www.facebook.com\/sharer.php?u=https:\/\/www.tst.jus.br\/-\/presidente-do-tst-participa-de-posse-da-nova-dire%C3%A7%C3%A3o-do-tse-1\" target=\"_blank\" rel=\"noopener\"><\/a><br \/>\n                    <a class=\"share-twitter\" href=\"https:\/\/twitter.com\/intent\/tweet?text=Presidente%20do%20TST%20participa%20de%20posse%20da%20nova%20dire%C3%A7%C3%A3o%20do%20TSE%0AVeja%20mais%20em:&amp;url=https:\/\/www.tst.jus.br\/-\/presidente-do-tst-participa-de-posse-da-nova-dire%C3%A7%C3%A3o-do-tse-1\" target=\"_blank\" rel=\"noopener\"><\/a><br \/>\n                    <a class=\"share-linkedin\" href=\"https:\/\/www.linkedin.com\/shareArticle?mini=true&amp;url=https:\/\/www.tst.jus.br\/-\/presidente-do-tst-participa-de-posse-da-nova-dire%C3%A7%C3%A3o-do-tse-1&amp;title=Presidente%20do%20TST%20participa%20de%20posse%20da%20nova%20dire%C3%A7%C3%A3o%20do%20TSE\" target=\"_blank\" rel=\"noopener\"><\/a><br \/>\n                    <a class=\"share-whatsapp\" href=\"https:\/\/web.whatsapp.com\/send?text=https:\/\/www.tst.jus.br\/-\/presidente-do-tst-participa-de-posse-da-nova-dire%C3%A7%C3%A3o-do-tse-1\" target=\"_blank\" rel=\"noopener\"><\/a><br \/>\n                    <a class=\"share-googleplus\" href=\"https:\/\/plus.google.com\/share?url=https:\/\/www.tst.jus.br\/-\/presidente-do-tst-participa-de-posse-da-nova-dire%C3%A7%C3%A3o-do-tse-1\" target=\"_blank\" rel=\"noopener\"><\/a>\n                <\/div>\n<\/p><\/div>\n<div class=\"materia\">\n<p>16\/08\/22 &#8211; O presidente do Tribunal Superior do Trabalho (TST), Emmanoel Pereira, acompanhou, nesta ter\u00e7a-feira (16), a posse dos novos dirigentes do Tribunal Superior Eleitoral (TSE). Foram empossados os ministros Alexandre de Moraes, como presidente, e Ricardo Lewandowski, como vice-presidente. Eles estar\u00e3o \u00e0 frente da organiza\u00e7\u00e3o das elei\u00e7\u00f5es majorit\u00e1rias brasileiras deste ano.\u00a0<\/p>\n<h4>Defesa do sistema eleitoral<\/h4>\n<p>Ao ser empossado, o ministro Alexandre de Moraes, defendeu a agilidade e a confian\u00e7a no sistema eleitoral brasileiro e nas urnas eletr\u00f4nicas. \u00a0\u201cSomos uma das maiores democracias do mundo em voto popular. Mas somos a \u00fanica que apura e divulga os resultados eleitorais no mesmo dia, com agilidade, seguran\u00e7a, compet\u00eancia e transpar\u00eancia. Isso \u00e9 motivo de orgulho nacional\u201d, afirmou.\u00a0<\/p>\n<h4>Democracia como constru\u00e7\u00e3o coletiva<\/h4>\n<p>Para o novo presidente do TSE, a democracia \u201cn\u00e3o \u00e9 um caminho f\u00e1cil, exato ou previs\u00edvel, mas \u00e9 o \u00fanico caminho&#8221;. A democracia, segundo Alexandre de Moraes, \u00e9 uma constru\u00e7\u00e3o coletiva das pessoas que acreditam na liberdade, na paz, no desenvolvimento, na dignidade da pessoa humana, no pleno emprego, no fim da fome, na redu\u00e7\u00e3o das desigualdades, na preval\u00eancia da educa\u00e7\u00e3o e na garantia de sa\u00fade a toda sociedade brasileira e de todos os que acreditam na soberania popular. \u201cE mais do que isso, de todos os que acreditam e confiam na sabedoria popular. Viva a democracia!\u201d, concluiu.<\/p>\n<h4>Avalista da soberania<\/h4>\n<p>Presente \u00e0 cerim\u00f4nia, o presidente do TST parabenizou os integrantes da nova dire\u00e7\u00e3o da Corte eleitoral. \u201cO Tribunal Superior Eleitoral garantir\u00e1 a legitimidade, a lisura e a normalidade do pleito com dois juristas experientes, que conhecem a Justi\u00e7a brasileira e a import\u00e2ncia dos cargos que assumem\u201d, afirmou o ministro Emmanoel Pereira.\u00a0<\/p>\n<p>\u201cCom a posse de hoje ganha a institui\u00e7\u00e3o, que representa a democracia e \u00e9 a guardi\u00e3 da autenticidade das elei\u00e7\u00f5es e avalista da soberania popular, da igualdade e da liberdade como garantia do exerc\u00edcio da cidadania\u201d, finalizou.<\/p>\n<p>Tamb\u00e9m participaram da cerim\u00f4nia o presidente da Rep\u00fablica, Jair Bolsonaro, os presidentes do Supremo Tribunal Federal (STF), ministro Luiz Fux, da C\u00e2mara dos Deputados, Arthur Lira, e do Senado Federal, Rodrigo Pacheco. O procurador-geral da Rep\u00fablica, Augusto Aras e o presidente do Conselho Federal da Ordem dos Advogados do Brasil, Beto Simonetti, tamb\u00e9m estavam presentes, entre outras autoridades.<\/p>\n<p>(JS\/TG\/CF)<\/p>\n<p>\n\u00a0<\/p>\n<\/div><\/div>\n<\/div>\n","protected":false},"excerpt":{"rendered":"<p>Ministro Emmanoel Pereira acompanhou a cerim\u00f4nia nesta ter\u00e7a-feira (16) Posse da nova dire\u00e7\u00e3o do Tribunal Superior Eleitoral. Foto: Secom\/TSE 16\/08\/22 &#8211; O presidente do Tribunal Superior do Trabalho (TST), Emmanoel Pereira, acompanhou, nesta ter\u00e7a-feira (16), a posse dos novos dirigentes do Tribunal Superior Eleitoral (TSE). Foram empossados os ministros Alexandre de Moraes, como presidente, e [&hellip;]<\/p>\n","protected":false},"author":0,"featured_media":13478,"comment_status":"open","ping_status":"","sticky":false,"template":"","format":"standard","meta":{"footnotes":""},"categories":[5],"tags":[],"class_list":["post-13477","post","type-post","status-publish","format-standard","has-post-thumbnail","hentry","category-noticias-educacao-financeira"],"blocksy_meta":{"styles_descriptor":{"styles":{"desktop":"","tablet":"","mobile":""},"google_fonts":[],"version":6}},"yoast_head":"<!-- This site is optimized with the Yoast SEO plugin v27.4 - https:\/\/yoast.com\/product\/yoast-seo-wordpress\/ -->\n<title>Presidente do TST participa de posse da nova dire\u00e7\u00e3o do TSE - Contabilidade Caxias<\/title>\n<meta name=\"robots\" content=\"index, follow, max-snippet:-1, max-image-preview:large, max-video-preview:-1\" \/>\n<link rel=\"canonical\" href=\"https:\/\/contabilidadecaxias.com.br\/index.php\/2022\/08\/16\/presidente-do-tst-participa-de-posse-da-nova-direcao-do-tse-2\/\" \/>\n<meta property=\"og:locale\" content=\"pt_BR\" \/>\n<meta property=\"og:type\" content=\"article\" \/>\n<meta property=\"og:title\" content=\"Presidente do TST participa de posse da nova dire\u00e7\u00e3o do TSE - Contabilidade Caxias\" \/>\n<meta property=\"og:description\" content=\"Ministro Emmanoel Pereira acompanhou a cerim\u00f4nia nesta ter\u00e7a-feira (16) Posse da nova dire\u00e7\u00e3o do Tribunal Superior Eleitoral. Foto: Secom\/TSE 16\/08\/22 &#8211; O presidente do Tribunal Superior do Trabalho (TST), Emmanoel Pereira, acompanhou, nesta ter\u00e7a-feira (16), a posse dos novos dirigentes do Tribunal Superior Eleitoral (TSE). Foram empossados os ministros Alexandre de Moraes, como presidente, e [&hellip;]\" \/>\n<meta property=\"og:url\" content=\"https:\/\/contabilidadecaxias.com.br\/index.php\/2022\/08\/16\/presidente-do-tst-participa-de-posse-da-nova-direcao-do-tse-2\/\" \/>\n<meta property=\"og:site_name\" content=\"Contabilidade Caxias\" \/>\n<meta property=\"article:published_time\" content=\"2022-08-17T01:03:43+00:00\" \/>\n<meta name=\"twitter:card\" content=\"summary_large_image\" \/>\n<meta name=\"twitter:label1\" content=\"Est. tempo de leitura\" \/>\n\t<meta name=\"twitter:data1\" content=\"2 minutos\" \/>\n<script type=\"application\/ld+json\" class=\"yoast-schema-graph\">{\"@context\":\"https:\\\/\\\/schema.org\",\"@graph\":[{\"@type\":\"Article\",\"@id\":\"https:\\\/\\\/contabilidadecaxias.com.br\\\/index.php\\\/2022\\\/08\\\/16\\\/presidente-do-tst-participa-de-posse-da-nova-direcao-do-tse-2\\\/#article\",\"isPartOf\":{\"@id\":\"https:\\\/\\\/contabilidadecaxias.com.br\\\/index.php\\\/2022\\\/08\\\/16\\\/presidente-do-tst-participa-de-posse-da-nova-direcao-do-tse-2\\\/\"},\"author\":{\"name\":\"\",\"@id\":\"\"},\"headline\":\"Presidente do TST participa de posse da nova dire\u00e7\u00e3o do TSE\",\"datePublished\":\"2022-08-17T01:03:43+00:00\",\"mainEntityOfPage\":{\"@id\":\"https:\\\/\\\/contabilidadecaxias.com.br\\\/index.php\\\/2022\\\/08\\\/16\\\/presidente-do-tst-participa-de-posse-da-nova-direcao-do-tse-2\\\/\"},\"wordCount\":426,\"commentCount\":0,\"image\":{\"@id\":\"https:\\\/\\\/contabilidadecaxias.com.br\\\/index.php\\\/2022\\\/08\\\/16\\\/presidente-do-tst-participa-de-posse-da-nova-direcao-do-tse-2\\\/#primaryimage\"},\"thumbnailUrl\":\"https:\\\/\\\/contabilidadecaxias.com.br\\\/wp-content\\\/uploads\\\/2022\\\/08\\\/85cd66cc-a737-6448-e4d3-cdb011a81040-v8guiG.jpeg\",\"articleSection\":[\"Educa\u00e7\u00e3o Financeira\"],\"inLanguage\":\"pt-BR\",\"potentialAction\":[{\"@type\":\"CommentAction\",\"name\":\"Comment\",\"target\":[\"https:\\\/\\\/contabilidadecaxias.com.br\\\/index.php\\\/2022\\\/08\\\/16\\\/presidente-do-tst-participa-de-posse-da-nova-direcao-do-tse-2\\\/#respond\"]}]},{\"@type\":\"WebPage\",\"@id\":\"https:\\\/\\\/contabilidadecaxias.com.br\\\/index.php\\\/2022\\\/08\\\/16\\\/presidente-do-tst-participa-de-posse-da-nova-direcao-do-tse-2\\\/\",\"url\":\"https:\\\/\\\/contabilidadecaxias.com.br\\\/index.php\\\/2022\\\/08\\\/16\\\/presidente-do-tst-participa-de-posse-da-nova-direcao-do-tse-2\\\/\",\"name\":\"Presidente do TST participa de posse da nova dire\u00e7\u00e3o do TSE - Contabilidade Caxias\",\"isPartOf\":{\"@id\":\"https:\\\/\\\/contabilidadecaxias.com.br\\\/#website\"},\"primaryImageOfPage\":{\"@id\":\"https:\\\/\\\/contabilidadecaxias.com.br\\\/index.php\\\/2022\\\/08\\\/16\\\/presidente-do-tst-participa-de-posse-da-nova-direcao-do-tse-2\\\/#primaryimage\"},\"image\":{\"@id\":\"https:\\\/\\\/contabilidadecaxias.com.br\\\/index.php\\\/2022\\\/08\\\/16\\\/presidente-do-tst-participa-de-posse-da-nova-direcao-do-tse-2\\\/#primaryimage\"},\"thumbnailUrl\":\"https:\\\/\\\/contabilidadecaxias.com.br\\\/wp-content\\\/uploads\\\/2022\\\/08\\\/85cd66cc-a737-6448-e4d3-cdb011a81040-v8guiG.jpeg\",\"datePublished\":\"2022-08-17T01:03:43+00:00\",\"author\":{\"@id\":\"\"},\"breadcrumb\":{\"@id\":\"https:\\\/\\\/contabilidadecaxias.com.br\\\/index.php\\\/2022\\\/08\\\/16\\\/presidente-do-tst-participa-de-posse-da-nova-direcao-do-tse-2\\\/#breadcrumb\"},\"inLanguage\":\"pt-BR\",\"potentialAction\":[{\"@type\":\"ReadAction\",\"target\":[\"https:\\\/\\\/contabilidadecaxias.com.br\\\/index.php\\\/2022\\\/08\\\/16\\\/presidente-do-tst-participa-de-posse-da-nova-direcao-do-tse-2\\\/\"]}]},{\"@type\":\"ImageObject\",\"inLanguage\":\"pt-BR\",\"@id\":\"https:\\\/\\\/contabilidadecaxias.com.br\\\/index.php\\\/2022\\\/08\\\/16\\\/presidente-do-tst-participa-de-posse-da-nova-direcao-do-tse-2\\\/#primaryimage\",\"url\":\"https:\\\/\\\/contabilidadecaxias.com.br\\\/wp-content\\\/uploads\\\/2022\\\/08\\\/85cd66cc-a737-6448-e4d3-cdb011a81040-v8guiG.jpeg\",\"contentUrl\":\"https:\\\/\\\/contabilidadecaxias.com.br\\\/wp-content\\\/uploads\\\/2022\\\/08\\\/85cd66cc-a737-6448-e4d3-cdb011a81040-v8guiG.jpeg\",\"width\":690,\"height\":459},{\"@type\":\"BreadcrumbList\",\"@id\":\"https:\\\/\\\/contabilidadecaxias.com.br\\\/index.php\\\/2022\\\/08\\\/16\\\/presidente-do-tst-participa-de-posse-da-nova-direcao-do-tse-2\\\/#breadcrumb\",\"itemListElement\":[{\"@type\":\"ListItem\",\"position\":1,\"name\":\"In\u00edcio\",\"item\":\"https:\\\/\\\/contabilidadecaxias.com.br\\\/\"},{\"@type\":\"ListItem\",\"position\":2,\"name\":\"Presidente do TST participa de posse da nova dire\u00e7\u00e3o do TSE\"}]},{\"@type\":\"WebSite\",\"@id\":\"https:\\\/\\\/contabilidadecaxias.com.br\\\/#website\",\"url\":\"https:\\\/\\\/contabilidadecaxias.com.br\\\/\",\"name\":\"Contabilidade Caxias\",\"description\":\"Site especializado em Contabilidade para Caxias.\",\"potentialAction\":[{\"@type\":\"SearchAction\",\"target\":{\"@type\":\"EntryPoint\",\"urlTemplate\":\"https:\\\/\\\/contabilidadecaxias.com.br\\\/?s={search_term_string}\"},\"query-input\":{\"@type\":\"PropertyValueSpecification\",\"valueRequired\":true,\"valueName\":\"search_term_string\"}}],\"inLanguage\":\"pt-BR\"}]}<\/script>\n<!-- \/ Yoast SEO plugin. -->","yoast_head_json":{"title":"Presidente do TST participa de posse da nova dire\u00e7\u00e3o do TSE - Contabilidade Caxias","robots":{"index":"index","follow":"follow","max-snippet":"max-snippet:-1","max-image-preview":"max-image-preview:large","max-video-preview":"max-video-preview:-1"},"canonical":"https:\/\/contabilidadecaxias.com.br\/index.php\/2022\/08\/16\/presidente-do-tst-participa-de-posse-da-nova-direcao-do-tse-2\/","og_locale":"pt_BR","og_type":"article","og_title":"Presidente do TST participa de posse da nova dire\u00e7\u00e3o do TSE - Contabilidade Caxias","og_description":"Ministro Emmanoel Pereira acompanhou a cerim\u00f4nia nesta ter\u00e7a-feira (16) Posse da nova dire\u00e7\u00e3o do Tribunal Superior Eleitoral. Foto: Secom\/TSE 16\/08\/22 &#8211; O presidente do Tribunal Superior do Trabalho (TST), Emmanoel Pereira, acompanhou, nesta ter\u00e7a-feira (16), a posse dos novos dirigentes do Tribunal Superior Eleitoral (TSE). Foram empossados os ministros Alexandre de Moraes, como presidente, e [&hellip;]","og_url":"https:\/\/contabilidadecaxias.com.br\/index.php\/2022\/08\/16\/presidente-do-tst-participa-de-posse-da-nova-direcao-do-tse-2\/","og_site_name":"Contabilidade Caxias","article_published_time":"2022-08-17T01:03:43+00:00","twitter_card":"summary_large_image","twitter_misc":{"Est. tempo de leitura":"2 minutos"},"schema":{"@context":"https:\/\/schema.org","@graph":[{"@type":"Article","@id":"https:\/\/contabilidadecaxias.com.br\/index.php\/2022\/08\/16\/presidente-do-tst-participa-de-posse-da-nova-direcao-do-tse-2\/#article","isPartOf":{"@id":"https:\/\/contabilidadecaxias.com.br\/index.php\/2022\/08\/16\/presidente-do-tst-participa-de-posse-da-nova-direcao-do-tse-2\/"},"author":{"name":"","@id":""},"headline":"Presidente do TST participa de posse da nova dire\u00e7\u00e3o do TSE","datePublished":"2022-08-17T01:03:43+00:00","mainEntityOfPage":{"@id":"https:\/\/contabilidadecaxias.com.br\/index.php\/2022\/08\/16\/presidente-do-tst-participa-de-posse-da-nova-direcao-do-tse-2\/"},"wordCount":426,"commentCount":0,"image":{"@id":"https:\/\/contabilidadecaxias.com.br\/index.php\/2022\/08\/16\/presidente-do-tst-participa-de-posse-da-nova-direcao-do-tse-2\/#primaryimage"},"thumbnailUrl":"https:\/\/contabilidadecaxias.com.br\/wp-content\/uploads\/2022\/08\/85cd66cc-a737-6448-e4d3-cdb011a81040-v8guiG.jpeg","articleSection":["Educa\u00e7\u00e3o Financeira"],"inLanguage":"pt-BR","potentialAction":[{"@type":"CommentAction","name":"Comment","target":["https:\/\/contabilidadecaxias.com.br\/index.php\/2022\/08\/16\/presidente-do-tst-participa-de-posse-da-nova-direcao-do-tse-2\/#respond"]}]},{"@type":"WebPage","@id":"https:\/\/contabilidadecaxias.com.br\/index.php\/2022\/08\/16\/presidente-do-tst-participa-de-posse-da-nova-direcao-do-tse-2\/","url":"https:\/\/contabilidadecaxias.com.br\/index.php\/2022\/08\/16\/presidente-do-tst-participa-de-posse-da-nova-direcao-do-tse-2\/","name":"Presidente do TST participa de posse da nova dire\u00e7\u00e3o do TSE - Contabilidade Caxias","isPartOf":{"@id":"https:\/\/contabilidadecaxias.com.br\/#website"},"primaryImageOfPage":{"@id":"https:\/\/contabilidadecaxias.com.br\/index.php\/2022\/08\/16\/presidente-do-tst-participa-de-posse-da-nova-direcao-do-tse-2\/#primaryimage"},"image":{"@id":"https:\/\/contabilidadecaxias.com.br\/index.php\/2022\/08\/16\/presidente-do-tst-participa-de-posse-da-nova-direcao-do-tse-2\/#primaryimage"},"thumbnailUrl":"https:\/\/contabilidadecaxias.com.br\/wp-content\/uploads\/2022\/08\/85cd66cc-a737-6448-e4d3-cdb011a81040-v8guiG.jpeg","datePublished":"2022-08-17T01:03:43+00:00","author":{"@id":""},"breadcrumb":{"@id":"https:\/\/contabilidadecaxias.com.br\/index.php\/2022\/08\/16\/presidente-do-tst-participa-de-posse-da-nova-direcao-do-tse-2\/#breadcrumb"},"inLanguage":"pt-BR","potentialAction":[{"@type":"ReadAction","target":["https:\/\/contabilidadecaxias.com.br\/index.php\/2022\/08\/16\/presidente-do-tst-participa-de-posse-da-nova-direcao-do-tse-2\/"]}]},{"@type":"ImageObject","inLanguage":"pt-BR","@id":"https:\/\/contabilidadecaxias.com.br\/index.php\/2022\/08\/16\/presidente-do-tst-participa-de-posse-da-nova-direcao-do-tse-2\/#primaryimage","url":"https:\/\/contabilidadecaxias.com.br\/wp-content\/uploads\/2022\/08\/85cd66cc-a737-6448-e4d3-cdb011a81040-v8guiG.jpeg","contentUrl":"https:\/\/contabilidadecaxias.com.br\/wp-content\/uploads\/2022\/08\/85cd66cc-a737-6448-e4d3-cdb011a81040-v8guiG.jpeg","width":690,"height":459},{"@type":"BreadcrumbList","@id":"https:\/\/contabilidadecaxias.com.br\/index.php\/2022\/08\/16\/presidente-do-tst-participa-de-posse-da-nova-direcao-do-tse-2\/#breadcrumb","itemListElement":[{"@type":"ListItem","position":1,"name":"In\u00edcio","item":"https:\/\/contabilidadecaxias.com.br\/"},{"@type":"ListItem","position":2,"name":"Presidente do TST participa de posse da nova dire\u00e7\u00e3o do TSE"}]},{"@type":"WebSite","@id":"https:\/\/contabilidadecaxias.com.br\/#website","url":"https:\/\/contabilidadecaxias.com.br\/","name":"Contabilidade Caxias","description":"Site especializado em Contabilidade para Caxias.","potentialAction":[{"@type":"SearchAction","target":{"@type":"EntryPoint","urlTemplate":"https:\/\/contabilidadecaxias.com.br\/?s={search_term_string}"},"query-input":{"@type":"PropertyValueSpecification","valueRequired":true,"valueName":"search_term_string"}}],"inLanguage":"pt-BR"}]}},"_links":{"self":[{"href":"https:\/\/contabilidadecaxias.com.br\/index.php\/wp-json\/wp\/v2\/posts\/13477","targetHints":{"allow":["GET"]}}],"collection":[{"href":"https:\/\/contabilidadecaxias.com.br\/index.php\/wp-json\/wp\/v2\/posts"}],"about":[{"href":"https:\/\/contabilidadecaxias.com.br\/index.php\/wp-json\/wp\/v2\/types\/post"}],"replies":[{"embeddable":true,"href":"https:\/\/contabilidadecaxias.com.br\/index.php\/wp-json\/wp\/v2\/comments?post=13477"}],"version-history":[{"count":0,"href":"https:\/\/contabilidadecaxias.com.br\/index.php\/wp-json\/wp\/v2\/posts\/13477\/revisions"}],"wp:featuredmedia":[{"embeddable":true,"href":"https:\/\/contabilidadecaxias.com.br\/index.php\/wp-json\/wp\/v2\/media\/13478"}],"wp:attachment":[{"href":"https:\/\/contabilidadecaxias.com.br\/index.php\/wp-json\/wp\/v2\/media?parent=13477"}],"wp:term":[{"taxonomy":"category","embeddable":true,"href":"https:\/\/contabilidadecaxias.com.br\/index.php\/wp-json\/wp\/v2\/categories?post=13477"},{"taxonomy":"post_tag","embeddable":true,"href":"https:\/\/contabilidadecaxias.com.br\/index.php\/wp-json\/wp\/v2\/tags?post=13477"}],"curies":[{"name":"wp","href":"https:\/\/api.w.org\/{rel}","templated":true}]}}