{"id":13458,"date":"2022-08-16T19:02:13","date_gmt":"2022-08-16T22:02:13","guid":{"rendered":"https:\/\/contabilidadecaxias.com.br\/index.php\/2022\/08\/16\/correicao-ordinaria-no-trt-5-ba-e-iniciada-e-vai-ate-sexta-19-8\/"},"modified":"2022-08-16T19:02:13","modified_gmt":"2022-08-16T22:02:13","slug":"correicao-ordinaria-no-trt-5-ba-e-iniciada-e-vai-ate-sexta-19-8","status":"publish","type":"post","link":"https:\/\/contabilidadecaxias.com.br\/index.php\/2022\/08\/16\/correicao-ordinaria-no-trt-5-ba-e-iniciada-e-vai-ate-sexta-19-8\/","title":{"rendered":"Correi\u00e7\u00e3o Ordin\u00e1ria no TRT-5 (BA) \u00e9 iniciada e vai at\u00e9 sexta (19\/8)"},"content":{"rendered":"<div class=\"noticia-wrapper\">\n<p><em><\/p>\n<p>A edi\u00e7\u00e3o da Corregedoria Solid\u00e1ria no TRT-5 (BA) est\u00e1 arrecadando alimentos e recursos at\u00e9 esta ter\u00e7a-feira (16\/8).<\/p>\n<p><\/em><\/p>\n<div class=\"social-media-share mobile\">\n        <a class=\"share-facebook\" href=\"https:\/\/www.facebook.com\/sharer.php?u=https:\/\/www.tst.jus.br\/-\/correi%C3%A7%C3%A3o-ordin%C3%A1ria-no-trt-5-ba-%C3%A9-iniciada-e-vai-at%C3%A9-sexta-19-8-\" target=\"_blank\" rel=\"noopener\"><\/a><br \/>\n        <a class=\"share-twitter\" href=\"https:\/\/twitter.com\/intent\/tweet?text=Correi%C3%A7%C3%A3o%20Ordin%C3%A1ria%20no%20TRT-5%20(BA)%20%C3%A9%20iniciada%20e%20vai%20at%C3%A9%20sexta%20(19\/8)%0AVeja%20mais%20em:&amp;url=https:\/\/www.tst.jus.br\/-\/correi%C3%A7%C3%A3o-ordin%C3%A1ria-no-trt-5-ba-%C3%A9-iniciada-e-vai-at%C3%A9-sexta-19-8-\" target=\"_blank\" rel=\"noopener\"><\/a><br \/>\n        <a class=\"share-linkedin\" href=\"https:\/\/www.linkedin.com\/shareArticle?mini=true&amp;url=https:\/\/www.tst.jus.br\/-\/correi%C3%A7%C3%A3o-ordin%C3%A1ria-no-trt-5-ba-%C3%A9-iniciada-e-vai-at%C3%A9-sexta-19-8-&amp;title=Correi%C3%A7%C3%A3o%20Ordin%C3%A1ria%20no%20TRT-5%20(BA)%20%C3%A9%20iniciada%20e%20vai%20at%C3%A9%20sexta%20(19\/8)\" target=\"_blank\" rel=\"noopener\"><\/a><br \/>\n        <a class=\"share-whatsapp\" href=\"https:\/\/web.whatsapp.com\/send?text=https:\/\/www.tst.jus.br\/-\/correi%C3%A7%C3%A3o-ordin%C3%A1ria-no-trt-5-ba-%C3%A9-iniciada-e-vai-at%C3%A9-sexta-19-8-\" target=\"_blank\" rel=\"noopener\"><\/a><br \/>\n        <a class=\"share-googleplus\" href=\"https:\/\/plus.google.com\/share?url=https:\/\/www.tst.jus.br\/-\/correi%C3%A7%C3%A3o-ordin%C3%A1ria-no-trt-5-ba-%C3%A9-iniciada-e-vai-at%C3%A9-sexta-19-8-\" target=\"_blank\" rel=\"noopener\"><\/a>\n    <\/div>\n<div class=\"news-body\">\n<div class=\"imagem-da-noticia\">\n<p>Fachada do edif\u00edcio-sede do TRT da 15\u00aa Regi\u00e3o (BA)<\/p>\n<div class=\"social-media-share\">\n                    <a class=\"share-facebook\" href=\"https:\/\/www.facebook.com\/sharer.php?u=https:\/\/www.tst.jus.br\/-\/correi%C3%A7%C3%A3o-ordin%C3%A1ria-no-trt-5-ba-%C3%A9-iniciada-e-vai-at%C3%A9-sexta-19-8-\" target=\"_blank\" rel=\"noopener\"><\/a><br \/>\n                    <a class=\"share-twitter\" href=\"https:\/\/twitter.com\/intent\/tweet?text=Correi%C3%A7%C3%A3o%20Ordin%C3%A1ria%20no%20TRT-5%20(BA)%20%C3%A9%20iniciada%20e%20vai%20at%C3%A9%20sexta%20(19\/8)%0AVeja%20mais%20em:&amp;url=https:\/\/www.tst.jus.br\/-\/correi%C3%A7%C3%A3o-ordin%C3%A1ria-no-trt-5-ba-%C3%A9-iniciada-e-vai-at%C3%A9-sexta-19-8-\" target=\"_blank\" rel=\"noopener\"><\/a><br \/>\n                    <a class=\"share-linkedin\" href=\"https:\/\/www.linkedin.com\/shareArticle?mini=true&amp;url=https:\/\/www.tst.jus.br\/-\/correi%C3%A7%C3%A3o-ordin%C3%A1ria-no-trt-5-ba-%C3%A9-iniciada-e-vai-at%C3%A9-sexta-19-8-&amp;title=Correi%C3%A7%C3%A3o%20Ordin%C3%A1ria%20no%20TRT-5%20(BA)%20%C3%A9%20iniciada%20e%20vai%20at%C3%A9%20sexta%20(19\/8)\" target=\"_blank\" rel=\"noopener\"><\/a><br \/>\n                    <a class=\"share-whatsapp\" href=\"https:\/\/web.whatsapp.com\/send?text=https:\/\/www.tst.jus.br\/-\/correi%C3%A7%C3%A3o-ordin%C3%A1ria-no-trt-5-ba-%C3%A9-iniciada-e-vai-at%C3%A9-sexta-19-8-\" target=\"_blank\" rel=\"noopener\"><\/a><br \/>\n                    <a class=\"share-googleplus\" href=\"https:\/\/plus.google.com\/share?url=https:\/\/www.tst.jus.br\/-\/correi%C3%A7%C3%A3o-ordin%C3%A1ria-no-trt-5-ba-%C3%A9-iniciada-e-vai-at%C3%A9-sexta-19-8-\" target=\"_blank\" rel=\"noopener\"><\/a>\n                <\/div>\n<\/p><\/div>\n<div class=\"materia\">\n<p><strong>16\/8\/2022<\/strong> &#8211; Magistrados auxiliares e a assessoria do corregedor-geral da Justi\u00e7a do Trabalho, ministro Caputo Bastos, deram in\u00edcio, na manh\u00e3 desta segunda (15\/8), \u00e0 correi\u00e7\u00e3o ordin\u00e1ria no Tribunal Regional do Trabalho da 5\u00aa Regi\u00e3o (TRT-5), que vai at\u00e9 a pr\u00f3xima sexta (19\/8), quando ocorrer\u00e1 a sess\u00e3o de encerramento em sess\u00e3o do Tribunal Pleno. A comitiva foi recebida pela presidente do Tribunal, desembargadora D\u00e9bora Machado, que colocou sua equipe \u00e0 disposi\u00e7\u00e3o para a execu\u00e7\u00e3o dos trabalhos.<\/p>\n<p><strong>Agenda<\/strong><\/p>\n<p>Nesta ter\u00e7a, o corregedor-geral da Justi\u00e7a do Trabalho, ministro Caputo Bastos, se re\u00fane \u00a0as desembargadoras e desembargadores que comp\u00f5em a Administra\u00e7\u00e3o do TRT-5 (BA), al\u00e9m de realizar visita aos Centros de Concilia\u00e7\u00e3o de 1\u00ba e 2\u00ba Graus da capital baiana (Cejusc-1 e Cejusc-2) e a Escola Judicial (Ejud-5). O ministro ainda vai se reunir com as magistradas e magistrados que comp\u00f5em o tribunal.<\/p>\n<p>Na quarta-feira (17), receber\u00e1 representantes da advocacia e magistrados, conforme agenda previamente disponibilizada. Na quinta, \u00a0o ministro participar\u00e1 da inaugura\u00e7\u00e3o do <a href=\"https:\/\/www.trt5.jus.br\/noticias\/trt-5-reforca-parceria-com-instituicoes-para-inauguracao-sac-trabalhista#content\" target=\"_blank\" rel=\"noopener\"><strong>primeiro SAC Trabalhista do Brasil<\/strong><\/a>, projeto da Justi\u00e7a do Trabalho na Bahia.\u00a0<\/p>\n<p>O encerramento da correi\u00e7\u00e3o de 2022 ser\u00e1 na sexta-feira (19), no audit\u00f3rio do Tribunal Pleno do TRT-5, com a leitura da ata da correi\u00e7\u00e3o.<\/p>\n<p><strong>Solidariedade<\/strong><\/p>\n<p>A edi\u00e7\u00e3o da Corregedoria Solid\u00e1ria no TRT-5 (BA) est\u00e1 arrecadando alimentos e recursos para a aquisi\u00e7\u00e3o de g\u00eaneros aliment\u00edcios at\u00e9 esta ter\u00e7a-feira (16\/8). A doa\u00e7\u00f5es est\u00e3o sendo arrecadadas em caixas localizadas nos pr\u00e9dios da Justi\u00e7a do Trabalho na Regi\u00e3o Metropolitana de Salvador (RMS) e nas sedes do Minist\u00e9rio P\u00fablico do Trabalho na Bahia (MPT-BA) e da Se\u00e7\u00e3o Bahia da Ordem dos Advogados do Brasil (OAB-BA).<\/p>\n<p>Doa\u00e7\u00f5es em dinheiro poder\u00e3o ser feitas, no mesmo per\u00edodo, pelo Pix 14739320\/0001-72, CNPJ da Associa\u00e7\u00e3o dos Magistrados da Justi\u00e7a do Trabalho da 5\u00aa Regi\u00e3o (Amatra5). \u00a0A entrega das doa\u00e7\u00f5es ser\u00e1 realizada na quinta-feira (18\/8), para a Associa\u00e7\u00e3o Adonai, na Mata Escura, e para a Institui\u00e7\u00e3o Beneficente Concei\u00e7\u00e3o Macedo, em Nazar\u00e9, entidades que atendem crian\u00e7as carentes.<\/p>\n<p>A Corregedoria Solid\u00e1ria acontece nos tribunais que passam por correi\u00e7\u00e3o durante a gest\u00e3o do ministro Guilherme Augusto Caputo Bastos. A campanha \u00e9 a extens\u00e3o de uma pr\u00e1tica que o gabinete do ministro realiza desde 2016. A iniciativa \u201cGMCB Solid\u00e1rio\u201d (GMCB \u00e9 a sigla para Gabinete do Ministro Caputo Bastos) j\u00e1 distribuiu mais de 10 toneladas de alimentos, com v\u00e1rias pessoas e institui\u00e7\u00f5es beneficiadas no Distrito Federal e regi\u00e3o.<\/p>\n<p><em>Com informa\u00e7\u00f5es do <a href=\"https:\/\/www.trt5.jus.br\/noticias\/correicao-ordinaria-trt-5-iniciada-vai-ate-sexta-198#content\" target=\"_blank\" rel=\"noopener\"><strong>TRT da 5\u00aa Regi\u00e3o (BA)<\/strong><\/a><\/em><\/p>\n<\/div><\/div>\n<\/div>\n","protected":false},"excerpt":{"rendered":"<p>A edi\u00e7\u00e3o da Corregedoria Solid\u00e1ria no TRT-5 (BA) est\u00e1 arrecadando alimentos e recursos at\u00e9 esta ter\u00e7a-feira (16\/8). Fachada do edif\u00edcio-sede do TRT da 15\u00aa Regi\u00e3o (BA) 16\/8\/2022 &#8211; Magistrados auxiliares e a assessoria do corregedor-geral da Justi\u00e7a do Trabalho, ministro Caputo Bastos, deram in\u00edcio, na manh\u00e3 desta segunda (15\/8), \u00e0 correi\u00e7\u00e3o ordin\u00e1ria no Tribunal Regional [&hellip;]<\/p>\n","protected":false},"author":0,"featured_media":13459,"comment_status":"open","ping_status":"","sticky":false,"template":"","format":"standard","meta":{"footnotes":""},"categories":[5],"tags":[],"class_list":["post-13458","post","type-post","status-publish","format-standard","has-post-thumbnail","hentry","category-noticias-educacao-financeira"],"blocksy_meta":{"styles_descriptor":{"styles":{"desktop":"","tablet":"","mobile":""},"google_fonts":[],"version":6}},"yoast_head":"<!-- This site is optimized with the Yoast SEO plugin v27.4 - https:\/\/yoast.com\/product\/yoast-seo-wordpress\/ -->\n<title>Correi\u00e7\u00e3o Ordin\u00e1ria no TRT-5 (BA) \u00e9 iniciada e vai at\u00e9 sexta (19\/8) - Contabilidade Caxias<\/title>\n<meta name=\"robots\" content=\"index, follow, max-snippet:-1, max-image-preview:large, max-video-preview:-1\" \/>\n<link rel=\"canonical\" href=\"https:\/\/contabilidadecaxias.com.br\/index.php\/2022\/08\/16\/correicao-ordinaria-no-trt-5-ba-e-iniciada-e-vai-ate-sexta-19-8\/\" \/>\n<meta property=\"og:locale\" content=\"pt_BR\" \/>\n<meta property=\"og:type\" content=\"article\" \/>\n<meta property=\"og:title\" content=\"Correi\u00e7\u00e3o Ordin\u00e1ria no TRT-5 (BA) \u00e9 iniciada e vai at\u00e9 sexta (19\/8) - Contabilidade Caxias\" \/>\n<meta property=\"og:description\" content=\"A edi\u00e7\u00e3o da Corregedoria Solid\u00e1ria no TRT-5 (BA) est\u00e1 arrecadando alimentos e recursos at\u00e9 esta ter\u00e7a-feira (16\/8). Fachada do edif\u00edcio-sede do TRT da 15\u00aa Regi\u00e3o (BA) 16\/8\/2022 &#8211; Magistrados auxiliares e a assessoria do corregedor-geral da Justi\u00e7a do Trabalho, ministro Caputo Bastos, deram in\u00edcio, na manh\u00e3 desta segunda (15\/8), \u00e0 correi\u00e7\u00e3o ordin\u00e1ria no Tribunal Regional [&hellip;]\" \/>\n<meta property=\"og:url\" content=\"https:\/\/contabilidadecaxias.com.br\/index.php\/2022\/08\/16\/correicao-ordinaria-no-trt-5-ba-e-iniciada-e-vai-ate-sexta-19-8\/\" \/>\n<meta property=\"og:site_name\" content=\"Contabilidade Caxias\" \/>\n<meta property=\"article:published_time\" content=\"2022-08-16T22:02:13+00:00\" \/>\n<meta name=\"twitter:card\" content=\"summary_large_image\" \/>\n<meta name=\"twitter:label1\" content=\"Est. tempo de leitura\" \/>\n\t<meta name=\"twitter:data1\" content=\"2 minutos\" \/>\n<script type=\"application\/ld+json\" class=\"yoast-schema-graph\">{\"@context\":\"https:\\\/\\\/schema.org\",\"@graph\":[{\"@type\":\"Article\",\"@id\":\"https:\\\/\\\/contabilidadecaxias.com.br\\\/index.php\\\/2022\\\/08\\\/16\\\/correicao-ordinaria-no-trt-5-ba-e-iniciada-e-vai-ate-sexta-19-8\\\/#article\",\"isPartOf\":{\"@id\":\"https:\\\/\\\/contabilidadecaxias.com.br\\\/index.php\\\/2022\\\/08\\\/16\\\/correicao-ordinaria-no-trt-5-ba-e-iniciada-e-vai-ate-sexta-19-8\\\/\"},\"author\":{\"name\":\"\",\"@id\":\"\"},\"headline\":\"Correi\u00e7\u00e3o Ordin\u00e1ria no TRT-5 (BA) \u00e9 iniciada e vai at\u00e9 sexta (19\\\/8)\",\"datePublished\":\"2022-08-16T22:02:13+00:00\",\"mainEntityOfPage\":{\"@id\":\"https:\\\/\\\/contabilidadecaxias.com.br\\\/index.php\\\/2022\\\/08\\\/16\\\/correicao-ordinaria-no-trt-5-ba-e-iniciada-e-vai-ate-sexta-19-8\\\/\"},\"wordCount\":475,\"commentCount\":0,\"image\":{\"@id\":\"https:\\\/\\\/contabilidadecaxias.com.br\\\/index.php\\\/2022\\\/08\\\/16\\\/correicao-ordinaria-no-trt-5-ba-e-iniciada-e-vai-ate-sexta-19-8\\\/#primaryimage\"},\"thumbnailUrl\":\"https:\\\/\\\/contabilidadecaxias.com.br\\\/wp-content\\\/uploads\\\/2022\\\/08\\\/72fd2cca-5d71-ec6c-ce36-1fed0888e87b-CVJmDb.png\",\"articleSection\":[\"Educa\u00e7\u00e3o Financeira\"],\"inLanguage\":\"pt-BR\",\"potentialAction\":[{\"@type\":\"CommentAction\",\"name\":\"Comment\",\"target\":[\"https:\\\/\\\/contabilidadecaxias.com.br\\\/index.php\\\/2022\\\/08\\\/16\\\/correicao-ordinaria-no-trt-5-ba-e-iniciada-e-vai-ate-sexta-19-8\\\/#respond\"]}]},{\"@type\":\"WebPage\",\"@id\":\"https:\\\/\\\/contabilidadecaxias.com.br\\\/index.php\\\/2022\\\/08\\\/16\\\/correicao-ordinaria-no-trt-5-ba-e-iniciada-e-vai-ate-sexta-19-8\\\/\",\"url\":\"https:\\\/\\\/contabilidadecaxias.com.br\\\/index.php\\\/2022\\\/08\\\/16\\\/correicao-ordinaria-no-trt-5-ba-e-iniciada-e-vai-ate-sexta-19-8\\\/\",\"name\":\"Correi\u00e7\u00e3o Ordin\u00e1ria no TRT-5 (BA) \u00e9 iniciada e vai at\u00e9 sexta (19\\\/8) - Contabilidade Caxias\",\"isPartOf\":{\"@id\":\"https:\\\/\\\/contabilidadecaxias.com.br\\\/#website\"},\"primaryImageOfPage\":{\"@id\":\"https:\\\/\\\/contabilidadecaxias.com.br\\\/index.php\\\/2022\\\/08\\\/16\\\/correicao-ordinaria-no-trt-5-ba-e-iniciada-e-vai-ate-sexta-19-8\\\/#primaryimage\"},\"image\":{\"@id\":\"https:\\\/\\\/contabilidadecaxias.com.br\\\/index.php\\\/2022\\\/08\\\/16\\\/correicao-ordinaria-no-trt-5-ba-e-iniciada-e-vai-ate-sexta-19-8\\\/#primaryimage\"},\"thumbnailUrl\":\"https:\\\/\\\/contabilidadecaxias.com.br\\\/wp-content\\\/uploads\\\/2022\\\/08\\\/72fd2cca-5d71-ec6c-ce36-1fed0888e87b-CVJmDb.png\",\"datePublished\":\"2022-08-16T22:02:13+00:00\",\"author\":{\"@id\":\"\"},\"breadcrumb\":{\"@id\":\"https:\\\/\\\/contabilidadecaxias.com.br\\\/index.php\\\/2022\\\/08\\\/16\\\/correicao-ordinaria-no-trt-5-ba-e-iniciada-e-vai-ate-sexta-19-8\\\/#breadcrumb\"},\"inLanguage\":\"pt-BR\",\"potentialAction\":[{\"@type\":\"ReadAction\",\"target\":[\"https:\\\/\\\/contabilidadecaxias.com.br\\\/index.php\\\/2022\\\/08\\\/16\\\/correicao-ordinaria-no-trt-5-ba-e-iniciada-e-vai-ate-sexta-19-8\\\/\"]}]},{\"@type\":\"ImageObject\",\"inLanguage\":\"pt-BR\",\"@id\":\"https:\\\/\\\/contabilidadecaxias.com.br\\\/index.php\\\/2022\\\/08\\\/16\\\/correicao-ordinaria-no-trt-5-ba-e-iniciada-e-vai-ate-sexta-19-8\\\/#primaryimage\",\"url\":\"https:\\\/\\\/contabilidadecaxias.com.br\\\/wp-content\\\/uploads\\\/2022\\\/08\\\/72fd2cca-5d71-ec6c-ce36-1fed0888e87b-CVJmDb.png\",\"contentUrl\":\"https:\\\/\\\/contabilidadecaxias.com.br\\\/wp-content\\\/uploads\\\/2022\\\/08\\\/72fd2cca-5d71-ec6c-ce36-1fed0888e87b-CVJmDb.png\",\"width\":600,\"height\":400},{\"@type\":\"BreadcrumbList\",\"@id\":\"https:\\\/\\\/contabilidadecaxias.com.br\\\/index.php\\\/2022\\\/08\\\/16\\\/correicao-ordinaria-no-trt-5-ba-e-iniciada-e-vai-ate-sexta-19-8\\\/#breadcrumb\",\"itemListElement\":[{\"@type\":\"ListItem\",\"position\":1,\"name\":\"In\u00edcio\",\"item\":\"https:\\\/\\\/contabilidadecaxias.com.br\\\/\"},{\"@type\":\"ListItem\",\"position\":2,\"name\":\"Correi\u00e7\u00e3o Ordin\u00e1ria no TRT-5 (BA) \u00e9 iniciada e vai at\u00e9 sexta (19\\\/8)\"}]},{\"@type\":\"WebSite\",\"@id\":\"https:\\\/\\\/contabilidadecaxias.com.br\\\/#website\",\"url\":\"https:\\\/\\\/contabilidadecaxias.com.br\\\/\",\"name\":\"Contabilidade Caxias\",\"description\":\"Site especializado em Contabilidade para Caxias.\",\"potentialAction\":[{\"@type\":\"SearchAction\",\"target\":{\"@type\":\"EntryPoint\",\"urlTemplate\":\"https:\\\/\\\/contabilidadecaxias.com.br\\\/?s={search_term_string}\"},\"query-input\":{\"@type\":\"PropertyValueSpecification\",\"valueRequired\":true,\"valueName\":\"search_term_string\"}}],\"inLanguage\":\"pt-BR\"}]}<\/script>\n<!-- \/ Yoast SEO plugin. -->","yoast_head_json":{"title":"Correi\u00e7\u00e3o Ordin\u00e1ria no TRT-5 (BA) \u00e9 iniciada e vai at\u00e9 sexta (19\/8) - Contabilidade Caxias","robots":{"index":"index","follow":"follow","max-snippet":"max-snippet:-1","max-image-preview":"max-image-preview:large","max-video-preview":"max-video-preview:-1"},"canonical":"https:\/\/contabilidadecaxias.com.br\/index.php\/2022\/08\/16\/correicao-ordinaria-no-trt-5-ba-e-iniciada-e-vai-ate-sexta-19-8\/","og_locale":"pt_BR","og_type":"article","og_title":"Correi\u00e7\u00e3o Ordin\u00e1ria no TRT-5 (BA) \u00e9 iniciada e vai at\u00e9 sexta (19\/8) - Contabilidade Caxias","og_description":"A edi\u00e7\u00e3o da Corregedoria Solid\u00e1ria no TRT-5 (BA) est\u00e1 arrecadando alimentos e recursos at\u00e9 esta ter\u00e7a-feira (16\/8). Fachada do edif\u00edcio-sede do TRT da 15\u00aa Regi\u00e3o (BA) 16\/8\/2022 &#8211; Magistrados auxiliares e a assessoria do corregedor-geral da Justi\u00e7a do Trabalho, ministro Caputo Bastos, deram in\u00edcio, na manh\u00e3 desta segunda (15\/8), \u00e0 correi\u00e7\u00e3o ordin\u00e1ria no Tribunal Regional [&hellip;]","og_url":"https:\/\/contabilidadecaxias.com.br\/index.php\/2022\/08\/16\/correicao-ordinaria-no-trt-5-ba-e-iniciada-e-vai-ate-sexta-19-8\/","og_site_name":"Contabilidade Caxias","article_published_time":"2022-08-16T22:02:13+00:00","twitter_card":"summary_large_image","twitter_misc":{"Est. tempo de leitura":"2 minutos"},"schema":{"@context":"https:\/\/schema.org","@graph":[{"@type":"Article","@id":"https:\/\/contabilidadecaxias.com.br\/index.php\/2022\/08\/16\/correicao-ordinaria-no-trt-5-ba-e-iniciada-e-vai-ate-sexta-19-8\/#article","isPartOf":{"@id":"https:\/\/contabilidadecaxias.com.br\/index.php\/2022\/08\/16\/correicao-ordinaria-no-trt-5-ba-e-iniciada-e-vai-ate-sexta-19-8\/"},"author":{"name":"","@id":""},"headline":"Correi\u00e7\u00e3o Ordin\u00e1ria no TRT-5 (BA) \u00e9 iniciada e vai at\u00e9 sexta (19\/8)","datePublished":"2022-08-16T22:02:13+00:00","mainEntityOfPage":{"@id":"https:\/\/contabilidadecaxias.com.br\/index.php\/2022\/08\/16\/correicao-ordinaria-no-trt-5-ba-e-iniciada-e-vai-ate-sexta-19-8\/"},"wordCount":475,"commentCount":0,"image":{"@id":"https:\/\/contabilidadecaxias.com.br\/index.php\/2022\/08\/16\/correicao-ordinaria-no-trt-5-ba-e-iniciada-e-vai-ate-sexta-19-8\/#primaryimage"},"thumbnailUrl":"https:\/\/contabilidadecaxias.com.br\/wp-content\/uploads\/2022\/08\/72fd2cca-5d71-ec6c-ce36-1fed0888e87b-CVJmDb.png","articleSection":["Educa\u00e7\u00e3o Financeira"],"inLanguage":"pt-BR","potentialAction":[{"@type":"CommentAction","name":"Comment","target":["https:\/\/contabilidadecaxias.com.br\/index.php\/2022\/08\/16\/correicao-ordinaria-no-trt-5-ba-e-iniciada-e-vai-ate-sexta-19-8\/#respond"]}]},{"@type":"WebPage","@id":"https:\/\/contabilidadecaxias.com.br\/index.php\/2022\/08\/16\/correicao-ordinaria-no-trt-5-ba-e-iniciada-e-vai-ate-sexta-19-8\/","url":"https:\/\/contabilidadecaxias.com.br\/index.php\/2022\/08\/16\/correicao-ordinaria-no-trt-5-ba-e-iniciada-e-vai-ate-sexta-19-8\/","name":"Correi\u00e7\u00e3o Ordin\u00e1ria no TRT-5 (BA) \u00e9 iniciada e vai at\u00e9 sexta (19\/8) - Contabilidade Caxias","isPartOf":{"@id":"https:\/\/contabilidadecaxias.com.br\/#website"},"primaryImageOfPage":{"@id":"https:\/\/contabilidadecaxias.com.br\/index.php\/2022\/08\/16\/correicao-ordinaria-no-trt-5-ba-e-iniciada-e-vai-ate-sexta-19-8\/#primaryimage"},"image":{"@id":"https:\/\/contabilidadecaxias.com.br\/index.php\/2022\/08\/16\/correicao-ordinaria-no-trt-5-ba-e-iniciada-e-vai-ate-sexta-19-8\/#primaryimage"},"thumbnailUrl":"https:\/\/contabilidadecaxias.com.br\/wp-content\/uploads\/2022\/08\/72fd2cca-5d71-ec6c-ce36-1fed0888e87b-CVJmDb.png","datePublished":"2022-08-16T22:02:13+00:00","author":{"@id":""},"breadcrumb":{"@id":"https:\/\/contabilidadecaxias.com.br\/index.php\/2022\/08\/16\/correicao-ordinaria-no-trt-5-ba-e-iniciada-e-vai-ate-sexta-19-8\/#breadcrumb"},"inLanguage":"pt-BR","potentialAction":[{"@type":"ReadAction","target":["https:\/\/contabilidadecaxias.com.br\/index.php\/2022\/08\/16\/correicao-ordinaria-no-trt-5-ba-e-iniciada-e-vai-ate-sexta-19-8\/"]}]},{"@type":"ImageObject","inLanguage":"pt-BR","@id":"https:\/\/contabilidadecaxias.com.br\/index.php\/2022\/08\/16\/correicao-ordinaria-no-trt-5-ba-e-iniciada-e-vai-ate-sexta-19-8\/#primaryimage","url":"https:\/\/contabilidadecaxias.com.br\/wp-content\/uploads\/2022\/08\/72fd2cca-5d71-ec6c-ce36-1fed0888e87b-CVJmDb.png","contentUrl":"https:\/\/contabilidadecaxias.com.br\/wp-content\/uploads\/2022\/08\/72fd2cca-5d71-ec6c-ce36-1fed0888e87b-CVJmDb.png","width":600,"height":400},{"@type":"BreadcrumbList","@id":"https:\/\/contabilidadecaxias.com.br\/index.php\/2022\/08\/16\/correicao-ordinaria-no-trt-5-ba-e-iniciada-e-vai-ate-sexta-19-8\/#breadcrumb","itemListElement":[{"@type":"ListItem","position":1,"name":"In\u00edcio","item":"https:\/\/contabilidadecaxias.com.br\/"},{"@type":"ListItem","position":2,"name":"Correi\u00e7\u00e3o Ordin\u00e1ria no TRT-5 (BA) \u00e9 iniciada e vai at\u00e9 sexta (19\/8)"}]},{"@type":"WebSite","@id":"https:\/\/contabilidadecaxias.com.br\/#website","url":"https:\/\/contabilidadecaxias.com.br\/","name":"Contabilidade Caxias","description":"Site especializado em Contabilidade para Caxias.","potentialAction":[{"@type":"SearchAction","target":{"@type":"EntryPoint","urlTemplate":"https:\/\/contabilidadecaxias.com.br\/?s={search_term_string}"},"query-input":{"@type":"PropertyValueSpecification","valueRequired":true,"valueName":"search_term_string"}}],"inLanguage":"pt-BR"}]}},"_links":{"self":[{"href":"https:\/\/contabilidadecaxias.com.br\/index.php\/wp-json\/wp\/v2\/posts\/13458","targetHints":{"allow":["GET"]}}],"collection":[{"href":"https:\/\/contabilidadecaxias.com.br\/index.php\/wp-json\/wp\/v2\/posts"}],"about":[{"href":"https:\/\/contabilidadecaxias.com.br\/index.php\/wp-json\/wp\/v2\/types\/post"}],"replies":[{"embeddable":true,"href":"https:\/\/contabilidadecaxias.com.br\/index.php\/wp-json\/wp\/v2\/comments?post=13458"}],"version-history":[{"count":0,"href":"https:\/\/contabilidadecaxias.com.br\/index.php\/wp-json\/wp\/v2\/posts\/13458\/revisions"}],"wp:featuredmedia":[{"embeddable":true,"href":"https:\/\/contabilidadecaxias.com.br\/index.php\/wp-json\/wp\/v2\/media\/13459"}],"wp:attachment":[{"href":"https:\/\/contabilidadecaxias.com.br\/index.php\/wp-json\/wp\/v2\/media?parent=13458"}],"wp:term":[{"taxonomy":"category","embeddable":true,"href":"https:\/\/contabilidadecaxias.com.br\/index.php\/wp-json\/wp\/v2\/categories?post=13458"},{"taxonomy":"post_tag","embeddable":true,"href":"https:\/\/contabilidadecaxias.com.br\/index.php\/wp-json\/wp\/v2\/tags?post=13458"}],"curies":[{"name":"wp","href":"https:\/\/api.w.org\/{rel}","templated":true}]}}