{"id":13433,"date":"2022-08-16T13:02:17","date_gmt":"2022-08-16T16:02:17","guid":{"rendered":"https:\/\/contabilidadecaxias.com.br\/index.php\/2022\/08\/16\/professora-sera-indenizada-por-dispensa-no-inicio-do-semestre-letivo\/"},"modified":"2022-08-16T13:02:17","modified_gmt":"2022-08-16T16:02:17","slug":"professora-sera-indenizada-por-dispensa-no-inicio-do-semestre-letivo","status":"publish","type":"post","link":"https:\/\/contabilidadecaxias.com.br\/index.php\/2022\/08\/16\/professora-sera-indenizada-por-dispensa-no-inicio-do-semestre-letivo\/","title":{"rendered":"Professora ser\u00e1 indenizada por dispensa no in\u00edcio do semestre letivo"},"content":{"rendered":"<div class=\"noticia-wrapper\">\n<p><em><\/p>\n<p>Para a 3\u00aa Turma, as circunst\u00e2ncias do caso configuraram abuso de poder diretivo<\/p>\n<p><\/em><\/p>\n<div class=\"social-media-share mobile\">\n        <a class=\"share-facebook\" href=\"https:\/\/www.facebook.com\/sharer.php?u=https:\/\/www.tst.jus.br\/-\/faculdade-%C3%A9-condenada-por-dispensar-professora-no-in%C3%ADcio-do-semestre-letivo\" target=\"_blank\" rel=\"noopener\"><\/a><br \/>\n        <a class=\"share-twitter\" href=\"https:\/\/twitter.com\/intent\/tweet?text=Professora%20ser%C3%A1%20indenizada%20por%20dispensa%20no%20in%C3%ADcio%20do%20semestre%20letivo%0AVeja%20mais%20em:&amp;url=https:\/\/www.tst.jus.br\/-\/faculdade-%C3%A9-condenada-por-dispensar-professora-no-in%C3%ADcio-do-semestre-letivo\" target=\"_blank\" rel=\"noopener\"><\/a><br \/>\n        <a class=\"share-linkedin\" href=\"https:\/\/www.linkedin.com\/shareArticle?mini=true&amp;url=https:\/\/www.tst.jus.br\/-\/faculdade-%C3%A9-condenada-por-dispensar-professora-no-in%C3%ADcio-do-semestre-letivo&amp;title=Professora%20ser%C3%A1%20indenizada%20por%20dispensa%20no%20in%C3%ADcio%20do%20semestre%20letivo\" target=\"_blank\" rel=\"noopener\"><\/a><br \/>\n        <a class=\"share-whatsapp\" href=\"https:\/\/web.whatsapp.com\/send?text=https:\/\/www.tst.jus.br\/-\/faculdade-%C3%A9-condenada-por-dispensar-professora-no-in%C3%ADcio-do-semestre-letivo\" target=\"_blank\" rel=\"noopener\"><\/a><br \/>\n        <a class=\"share-googleplus\" href=\"https:\/\/plus.google.com\/share?url=https:\/\/www.tst.jus.br\/-\/faculdade-%C3%A9-condenada-por-dispensar-professora-no-in%C3%ADcio-do-semestre-letivo\" target=\"_blank\" rel=\"noopener\"><\/a>\n    <\/div>\n<div class=\"news-body\">\n<div class=\"imagem-da-noticia\">\n<p>Ministro Alberto Balazeiro<\/p>\n<div class=\"social-media-share\">\n                    <a class=\"share-facebook\" href=\"https:\/\/www.facebook.com\/sharer.php?u=https:\/\/www.tst.jus.br\/-\/faculdade-%C3%A9-condenada-por-dispensar-professora-no-in%C3%ADcio-do-semestre-letivo\" target=\"_blank\" rel=\"noopener\"><\/a><br \/>\n                    <a class=\"share-twitter\" href=\"https:\/\/twitter.com\/intent\/tweet?text=Professora%20ser%C3%A1%20indenizada%20por%20dispensa%20no%20in%C3%ADcio%20do%20semestre%20letivo%0AVeja%20mais%20em:&amp;url=https:\/\/www.tst.jus.br\/-\/faculdade-%C3%A9-condenada-por-dispensar-professora-no-in%C3%ADcio-do-semestre-letivo\" target=\"_blank\" rel=\"noopener\"><\/a><br \/>\n                    <a class=\"share-linkedin\" href=\"https:\/\/www.linkedin.com\/shareArticle?mini=true&amp;url=https:\/\/www.tst.jus.br\/-\/faculdade-%C3%A9-condenada-por-dispensar-professora-no-in%C3%ADcio-do-semestre-letivo&amp;title=Professora%20ser%C3%A1%20indenizada%20por%20dispensa%20no%20in%C3%ADcio%20do%20semestre%20letivo\" target=\"_blank\" rel=\"noopener\"><\/a><br \/>\n                    <a class=\"share-whatsapp\" href=\"https:\/\/web.whatsapp.com\/send?text=https:\/\/www.tst.jus.br\/-\/faculdade-%C3%A9-condenada-por-dispensar-professora-no-in%C3%ADcio-do-semestre-letivo\" target=\"_blank\" rel=\"noopener\"><\/a><br \/>\n                    <a class=\"share-googleplus\" href=\"https:\/\/plus.google.com\/share?url=https:\/\/www.tst.jus.br\/-\/faculdade-%C3%A9-condenada-por-dispensar-professora-no-in%C3%ADcio-do-semestre-letivo\" target=\"_blank\" rel=\"noopener\"><\/a>\n                <\/div>\n<\/p><\/div>\n<div class=\"materia\">\n<p>16\/08\/22 &#8211;\u00a0A Terceira Turma do Tribunal Superior do Trabalho condenou a Sociedade Educacional do Vale do Itapocu Ltda., de Guaramirim (SC), a indenizar uma professora universit\u00e1ria demitida um m\u00eas antes do in\u00edcio do semestre letivo. Segundo o colegiado, as circunst\u00e2ncias do caso configuraram abuso de poder diretivo da faculdade, notadamente em raz\u00e3o da dificuldade que a professora teria de conseguir vaga em outra institui\u00e7\u00e3o de ensino, tendo em vista o in\u00edcio das aulas.<\/p>\n<h4>Dispensa<\/h4>\n<p>A professora, respons\u00e1vel pela coordena\u00e7\u00e3o de tr\u00eas cursos (Engenharia de Produ\u00e7\u00e3o, Engenharia Qu\u00edmica e Engenharia El\u00e9trica), foi dispensada em 17\/1\/2019, durante o recesso escolar. Na reclama\u00e7\u00e3o trabalhista, ela sustentou que a dispensa a impedira de buscar nova coloca\u00e7\u00e3o, pois, neste per\u00edodo, as institui\u00e7\u00f5es educacionais j\u00e1 haviam formado seu quadro de professores para o semestre letivo.\u00a0<\/p>\n<p>Segundo ela, como praxe, conforme calend\u00e1rio acad\u00eamico, entre novembro e dezembro de 2018, a faculdade havia solicitado que ela montasse o quadro de hor\u00e1rios dos cursos de Engenharia Qu\u00edmica e Engenharia de Produ\u00e7\u00e3o e que organizasse o in\u00edcio do pr\u00f3ximo ano. Assim, havia, a seu ver, a expectativa leg\u00edtima de continuidade na rela\u00e7\u00e3o de emprego e, por isso, n\u00e3o buscou coloca\u00e7\u00e3o em outras institui\u00e7\u00f5es.<\/p>\n<h4>Autonomia universit\u00e1ria<\/h4>\n<p>Em sua defesa, a sociedade educacional sustentou que a dispensa se dera de forma respeitosa. Outro argumento foi o de que as institui\u00e7\u00f5es universit\u00e1rias t\u00eam autonomia did\u00e1tico-cient\u00edfica, administrativa e de gest\u00e3o financeira e patrimonial, e a lei n\u00e3o assegura nenhum tipo de estabilidade a professores. Assim, para configurar o dever de indenizar, deve ser comprovada alguma conduta reprov\u00e1vel, indevida ou culposa.<\/p>\n<h4>Sem provas<\/h4>\n<p>O ju\u00edzo de primeiro grau concluiu que a dispensa acarretou a perda de uma chance da professora de manter a atividade docente no primeiro semestre de 2019 e deferiu o pagamento de indeniza\u00e7\u00e3o por danos materiais. Negou, entretanto, o pedido relativo aos danos morais, por considerar que n\u00e3o havia prova suficiente de constrangimento ou abalo moral capaz de caracterizar viola\u00e7\u00e3o de sua honra ou imagem. A senten\u00e7a foi mantida pelo Tribunal Regional do Trabalho da 12\u00aa Regi\u00e3o (SC).<\/p>\n<h4>Perda de uma chance<\/h4>\n<p>O relator do recurso de revista da professora, ministro Alberto Balazeiro, explicou que, nos termos da &#8220;teoria da perda de uma chance&#8221; (artigos 186 e 927 do C\u00f3digo Civil), a v\u00edtima, privada da oportunidade de obter certa vantagem, em raz\u00e3o de ato il\u00edcito praticado pelo ofensor, tem direito a indeniza\u00e7\u00e3o pelo preju\u00edzo material sofrido, ante a real probabilidade de um resultado favor\u00e1vel esperado<\/p>\n<h4>Expectativa justa<\/h4>\n<p>Segundo o relator, a despedida sem justa causa n\u00e3o caracteriza, por si s\u00f3, ato il\u00edcito ou abuso de direito. No caso, por\u00e9m, a dispensa ocorreu quando a professora j\u00e1 tinha expectativa justa e real de continuar na institui\u00e7\u00e3o de ensino. \u201cA despeito das peculiaridades inerentes \u00e0 atividade, a institui\u00e7\u00e3o incorreu em abuso de direito, desrespeitando os princ\u00edpios da boa-f\u00e9 objetiva e do valor social do trabalho\u201d, concluiu.<\/p>\n<p>Por unanimidade, a indeniza\u00e7\u00e3o foi fixada em R$ 30 mil.<\/p>\n<p>(NV\/CF)<\/p>\n<p>Processo: <a href=\"https:\/\/aplicacao4.tst.jus.br\/consultaProcessual\/resumoForm.do?consulta=1&amp;numeroInt=307800&amp;anoInt=2020\" target=\"_blank\" rel=\"noopener\">RR-408-28.2019.5.12.0046<\/a><\/p>\n<p><em>Esta mat\u00e9ria tem cunho meramente informativo.<br \/>\nPermitida a reprodu\u00e7\u00e3o mediante cita\u00e7\u00e3o da fonte.<br \/>\nSecretaria de Comunica\u00e7\u00e3o Social<br \/>\n<a href=\"https:\/\/www.tst.jus.br\/\" target=\"_blank\" rel=\"noopener\">Tribunal Superior do Trabalho<\/a><br \/>\nTel. (61) 3043-4907<br \/>\n<a href=\"mailto:secom@tst.jus.br%C2%A0\" target=\"\" rel=\"noopener\">secom@tst.jus.br\u00a0<\/a><\/em><br \/>\n\u00a0<\/p>\n<\/div><\/div>\n<\/div>\n","protected":false},"excerpt":{"rendered":"<p>Para a 3\u00aa Turma, as circunst\u00e2ncias do caso configuraram abuso de poder diretivo Ministro Alberto Balazeiro 16\/08\/22 &#8211;\u00a0A Terceira Turma do Tribunal Superior do Trabalho condenou a Sociedade Educacional do Vale do Itapocu Ltda., de Guaramirim (SC), a indenizar uma professora universit\u00e1ria demitida um m\u00eas antes do in\u00edcio do semestre letivo. Segundo o colegiado, as [&hellip;]<\/p>\n","protected":false},"author":0,"featured_media":13434,"comment_status":"open","ping_status":"","sticky":false,"template":"","format":"standard","meta":{"footnotes":""},"categories":[5],"tags":[],"class_list":["post-13433","post","type-post","status-publish","format-standard","has-post-thumbnail","hentry","category-noticias-educacao-financeira"],"blocksy_meta":{"styles_descriptor":{"styles":{"desktop":"","tablet":"","mobile":""},"google_fonts":[],"version":6}},"yoast_head":"<!-- This site is optimized with the Yoast SEO plugin v27.4 - https:\/\/yoast.com\/product\/yoast-seo-wordpress\/ -->\n<title>Professora ser\u00e1 indenizada por dispensa no in\u00edcio do semestre letivo - Contabilidade Caxias<\/title>\n<meta name=\"robots\" content=\"index, follow, max-snippet:-1, max-image-preview:large, max-video-preview:-1\" \/>\n<link rel=\"canonical\" href=\"https:\/\/contabilidadecaxias.com.br\/index.php\/2022\/08\/16\/professora-sera-indenizada-por-dispensa-no-inicio-do-semestre-letivo\/\" \/>\n<meta property=\"og:locale\" content=\"pt_BR\" \/>\n<meta property=\"og:type\" content=\"article\" \/>\n<meta property=\"og:title\" content=\"Professora ser\u00e1 indenizada por dispensa no in\u00edcio do semestre letivo - Contabilidade Caxias\" \/>\n<meta property=\"og:description\" content=\"Para a 3\u00aa Turma, as circunst\u00e2ncias do caso configuraram abuso de poder diretivo Ministro Alberto Balazeiro 16\/08\/22 &#8211;\u00a0A Terceira Turma do Tribunal Superior do Trabalho condenou a Sociedade Educacional do Vale do Itapocu Ltda., de Guaramirim (SC), a indenizar uma professora universit\u00e1ria demitida um m\u00eas antes do in\u00edcio do semestre letivo. Segundo o colegiado, as [&hellip;]\" \/>\n<meta property=\"og:url\" content=\"https:\/\/contabilidadecaxias.com.br\/index.php\/2022\/08\/16\/professora-sera-indenizada-por-dispensa-no-inicio-do-semestre-letivo\/\" \/>\n<meta property=\"og:site_name\" content=\"Contabilidade Caxias\" \/>\n<meta property=\"article:published_time\" content=\"2022-08-16T16:02:17+00:00\" \/>\n<meta name=\"twitter:card\" content=\"summary_large_image\" \/>\n<meta name=\"twitter:label1\" content=\"Est. tempo de leitura\" \/>\n\t<meta name=\"twitter:data1\" content=\"3 minutos\" \/>\n<script type=\"application\/ld+json\" class=\"yoast-schema-graph\">{\"@context\":\"https:\\\/\\\/schema.org\",\"@graph\":[{\"@type\":\"Article\",\"@id\":\"https:\\\/\\\/contabilidadecaxias.com.br\\\/index.php\\\/2022\\\/08\\\/16\\\/professora-sera-indenizada-por-dispensa-no-inicio-do-semestre-letivo\\\/#article\",\"isPartOf\":{\"@id\":\"https:\\\/\\\/contabilidadecaxias.com.br\\\/index.php\\\/2022\\\/08\\\/16\\\/professora-sera-indenizada-por-dispensa-no-inicio-do-semestre-letivo\\\/\"},\"author\":{\"name\":\"\",\"@id\":\"\"},\"headline\":\"Professora ser\u00e1 indenizada por dispensa no in\u00edcio do semestre letivo\",\"datePublished\":\"2022-08-16T16:02:17+00:00\",\"mainEntityOfPage\":{\"@id\":\"https:\\\/\\\/contabilidadecaxias.com.br\\\/index.php\\\/2022\\\/08\\\/16\\\/professora-sera-indenizada-por-dispensa-no-inicio-do-semestre-letivo\\\/\"},\"wordCount\":595,\"commentCount\":0,\"image\":{\"@id\":\"https:\\\/\\\/contabilidadecaxias.com.br\\\/index.php\\\/2022\\\/08\\\/16\\\/professora-sera-indenizada-por-dispensa-no-inicio-do-semestre-letivo\\\/#primaryimage\"},\"thumbnailUrl\":\"https:\\\/\\\/contabilidadecaxias.com.br\\\/wp-content\\\/uploads\\\/2022\\\/08\\\/230e2260-5c97-b994-ef7f-b4551cfde8bd-Jd1I0s.jpeg\",\"articleSection\":[\"Educa\u00e7\u00e3o Financeira\"],\"inLanguage\":\"pt-BR\",\"potentialAction\":[{\"@type\":\"CommentAction\",\"name\":\"Comment\",\"target\":[\"https:\\\/\\\/contabilidadecaxias.com.br\\\/index.php\\\/2022\\\/08\\\/16\\\/professora-sera-indenizada-por-dispensa-no-inicio-do-semestre-letivo\\\/#respond\"]}]},{\"@type\":\"WebPage\",\"@id\":\"https:\\\/\\\/contabilidadecaxias.com.br\\\/index.php\\\/2022\\\/08\\\/16\\\/professora-sera-indenizada-por-dispensa-no-inicio-do-semestre-letivo\\\/\",\"url\":\"https:\\\/\\\/contabilidadecaxias.com.br\\\/index.php\\\/2022\\\/08\\\/16\\\/professora-sera-indenizada-por-dispensa-no-inicio-do-semestre-letivo\\\/\",\"name\":\"Professora ser\u00e1 indenizada por dispensa no in\u00edcio do semestre letivo - Contabilidade Caxias\",\"isPartOf\":{\"@id\":\"https:\\\/\\\/contabilidadecaxias.com.br\\\/#website\"},\"primaryImageOfPage\":{\"@id\":\"https:\\\/\\\/contabilidadecaxias.com.br\\\/index.php\\\/2022\\\/08\\\/16\\\/professora-sera-indenizada-por-dispensa-no-inicio-do-semestre-letivo\\\/#primaryimage\"},\"image\":{\"@id\":\"https:\\\/\\\/contabilidadecaxias.com.br\\\/index.php\\\/2022\\\/08\\\/16\\\/professora-sera-indenizada-por-dispensa-no-inicio-do-semestre-letivo\\\/#primaryimage\"},\"thumbnailUrl\":\"https:\\\/\\\/contabilidadecaxias.com.br\\\/wp-content\\\/uploads\\\/2022\\\/08\\\/230e2260-5c97-b994-ef7f-b4551cfde8bd-Jd1I0s.jpeg\",\"datePublished\":\"2022-08-16T16:02:17+00:00\",\"author\":{\"@id\":\"\"},\"breadcrumb\":{\"@id\":\"https:\\\/\\\/contabilidadecaxias.com.br\\\/index.php\\\/2022\\\/08\\\/16\\\/professora-sera-indenizada-por-dispensa-no-inicio-do-semestre-letivo\\\/#breadcrumb\"},\"inLanguage\":\"pt-BR\",\"potentialAction\":[{\"@type\":\"ReadAction\",\"target\":[\"https:\\\/\\\/contabilidadecaxias.com.br\\\/index.php\\\/2022\\\/08\\\/16\\\/professora-sera-indenizada-por-dispensa-no-inicio-do-semestre-letivo\\\/\"]}]},{\"@type\":\"ImageObject\",\"inLanguage\":\"pt-BR\",\"@id\":\"https:\\\/\\\/contabilidadecaxias.com.br\\\/index.php\\\/2022\\\/08\\\/16\\\/professora-sera-indenizada-por-dispensa-no-inicio-do-semestre-letivo\\\/#primaryimage\",\"url\":\"https:\\\/\\\/contabilidadecaxias.com.br\\\/wp-content\\\/uploads\\\/2022\\\/08\\\/230e2260-5c97-b994-ef7f-b4551cfde8bd-Jd1I0s.jpeg\",\"contentUrl\":\"https:\\\/\\\/contabilidadecaxias.com.br\\\/wp-content\\\/uploads\\\/2022\\\/08\\\/230e2260-5c97-b994-ef7f-b4551cfde8bd-Jd1I0s.jpeg\",\"width\":1200,\"height\":800},{\"@type\":\"BreadcrumbList\",\"@id\":\"https:\\\/\\\/contabilidadecaxias.com.br\\\/index.php\\\/2022\\\/08\\\/16\\\/professora-sera-indenizada-por-dispensa-no-inicio-do-semestre-letivo\\\/#breadcrumb\",\"itemListElement\":[{\"@type\":\"ListItem\",\"position\":1,\"name\":\"In\u00edcio\",\"item\":\"https:\\\/\\\/contabilidadecaxias.com.br\\\/\"},{\"@type\":\"ListItem\",\"position\":2,\"name\":\"Professora ser\u00e1 indenizada por dispensa no in\u00edcio do semestre letivo\"}]},{\"@type\":\"WebSite\",\"@id\":\"https:\\\/\\\/contabilidadecaxias.com.br\\\/#website\",\"url\":\"https:\\\/\\\/contabilidadecaxias.com.br\\\/\",\"name\":\"Contabilidade Caxias\",\"description\":\"Site especializado em Contabilidade para Caxias.\",\"potentialAction\":[{\"@type\":\"SearchAction\",\"target\":{\"@type\":\"EntryPoint\",\"urlTemplate\":\"https:\\\/\\\/contabilidadecaxias.com.br\\\/?s={search_term_string}\"},\"query-input\":{\"@type\":\"PropertyValueSpecification\",\"valueRequired\":true,\"valueName\":\"search_term_string\"}}],\"inLanguage\":\"pt-BR\"}]}<\/script>\n<!-- \/ Yoast SEO plugin. -->","yoast_head_json":{"title":"Professora ser\u00e1 indenizada por dispensa no in\u00edcio do semestre letivo - Contabilidade Caxias","robots":{"index":"index","follow":"follow","max-snippet":"max-snippet:-1","max-image-preview":"max-image-preview:large","max-video-preview":"max-video-preview:-1"},"canonical":"https:\/\/contabilidadecaxias.com.br\/index.php\/2022\/08\/16\/professora-sera-indenizada-por-dispensa-no-inicio-do-semestre-letivo\/","og_locale":"pt_BR","og_type":"article","og_title":"Professora ser\u00e1 indenizada por dispensa no in\u00edcio do semestre letivo - Contabilidade Caxias","og_description":"Para a 3\u00aa Turma, as circunst\u00e2ncias do caso configuraram abuso de poder diretivo Ministro Alberto Balazeiro 16\/08\/22 &#8211;\u00a0A Terceira Turma do Tribunal Superior do Trabalho condenou a Sociedade Educacional do Vale do Itapocu Ltda., de Guaramirim (SC), a indenizar uma professora universit\u00e1ria demitida um m\u00eas antes do in\u00edcio do semestre letivo. Segundo o colegiado, as [&hellip;]","og_url":"https:\/\/contabilidadecaxias.com.br\/index.php\/2022\/08\/16\/professora-sera-indenizada-por-dispensa-no-inicio-do-semestre-letivo\/","og_site_name":"Contabilidade Caxias","article_published_time":"2022-08-16T16:02:17+00:00","twitter_card":"summary_large_image","twitter_misc":{"Est. tempo de leitura":"3 minutos"},"schema":{"@context":"https:\/\/schema.org","@graph":[{"@type":"Article","@id":"https:\/\/contabilidadecaxias.com.br\/index.php\/2022\/08\/16\/professora-sera-indenizada-por-dispensa-no-inicio-do-semestre-letivo\/#article","isPartOf":{"@id":"https:\/\/contabilidadecaxias.com.br\/index.php\/2022\/08\/16\/professora-sera-indenizada-por-dispensa-no-inicio-do-semestre-letivo\/"},"author":{"name":"","@id":""},"headline":"Professora ser\u00e1 indenizada por dispensa no in\u00edcio do semestre letivo","datePublished":"2022-08-16T16:02:17+00:00","mainEntityOfPage":{"@id":"https:\/\/contabilidadecaxias.com.br\/index.php\/2022\/08\/16\/professora-sera-indenizada-por-dispensa-no-inicio-do-semestre-letivo\/"},"wordCount":595,"commentCount":0,"image":{"@id":"https:\/\/contabilidadecaxias.com.br\/index.php\/2022\/08\/16\/professora-sera-indenizada-por-dispensa-no-inicio-do-semestre-letivo\/#primaryimage"},"thumbnailUrl":"https:\/\/contabilidadecaxias.com.br\/wp-content\/uploads\/2022\/08\/230e2260-5c97-b994-ef7f-b4551cfde8bd-Jd1I0s.jpeg","articleSection":["Educa\u00e7\u00e3o Financeira"],"inLanguage":"pt-BR","potentialAction":[{"@type":"CommentAction","name":"Comment","target":["https:\/\/contabilidadecaxias.com.br\/index.php\/2022\/08\/16\/professora-sera-indenizada-por-dispensa-no-inicio-do-semestre-letivo\/#respond"]}]},{"@type":"WebPage","@id":"https:\/\/contabilidadecaxias.com.br\/index.php\/2022\/08\/16\/professora-sera-indenizada-por-dispensa-no-inicio-do-semestre-letivo\/","url":"https:\/\/contabilidadecaxias.com.br\/index.php\/2022\/08\/16\/professora-sera-indenizada-por-dispensa-no-inicio-do-semestre-letivo\/","name":"Professora ser\u00e1 indenizada por dispensa no in\u00edcio do semestre letivo - Contabilidade Caxias","isPartOf":{"@id":"https:\/\/contabilidadecaxias.com.br\/#website"},"primaryImageOfPage":{"@id":"https:\/\/contabilidadecaxias.com.br\/index.php\/2022\/08\/16\/professora-sera-indenizada-por-dispensa-no-inicio-do-semestre-letivo\/#primaryimage"},"image":{"@id":"https:\/\/contabilidadecaxias.com.br\/index.php\/2022\/08\/16\/professora-sera-indenizada-por-dispensa-no-inicio-do-semestre-letivo\/#primaryimage"},"thumbnailUrl":"https:\/\/contabilidadecaxias.com.br\/wp-content\/uploads\/2022\/08\/230e2260-5c97-b994-ef7f-b4551cfde8bd-Jd1I0s.jpeg","datePublished":"2022-08-16T16:02:17+00:00","author":{"@id":""},"breadcrumb":{"@id":"https:\/\/contabilidadecaxias.com.br\/index.php\/2022\/08\/16\/professora-sera-indenizada-por-dispensa-no-inicio-do-semestre-letivo\/#breadcrumb"},"inLanguage":"pt-BR","potentialAction":[{"@type":"ReadAction","target":["https:\/\/contabilidadecaxias.com.br\/index.php\/2022\/08\/16\/professora-sera-indenizada-por-dispensa-no-inicio-do-semestre-letivo\/"]}]},{"@type":"ImageObject","inLanguage":"pt-BR","@id":"https:\/\/contabilidadecaxias.com.br\/index.php\/2022\/08\/16\/professora-sera-indenizada-por-dispensa-no-inicio-do-semestre-letivo\/#primaryimage","url":"https:\/\/contabilidadecaxias.com.br\/wp-content\/uploads\/2022\/08\/230e2260-5c97-b994-ef7f-b4551cfde8bd-Jd1I0s.jpeg","contentUrl":"https:\/\/contabilidadecaxias.com.br\/wp-content\/uploads\/2022\/08\/230e2260-5c97-b994-ef7f-b4551cfde8bd-Jd1I0s.jpeg","width":1200,"height":800},{"@type":"BreadcrumbList","@id":"https:\/\/contabilidadecaxias.com.br\/index.php\/2022\/08\/16\/professora-sera-indenizada-por-dispensa-no-inicio-do-semestre-letivo\/#breadcrumb","itemListElement":[{"@type":"ListItem","position":1,"name":"In\u00edcio","item":"https:\/\/contabilidadecaxias.com.br\/"},{"@type":"ListItem","position":2,"name":"Professora ser\u00e1 indenizada por dispensa no in\u00edcio do semestre letivo"}]},{"@type":"WebSite","@id":"https:\/\/contabilidadecaxias.com.br\/#website","url":"https:\/\/contabilidadecaxias.com.br\/","name":"Contabilidade Caxias","description":"Site especializado em Contabilidade para Caxias.","potentialAction":[{"@type":"SearchAction","target":{"@type":"EntryPoint","urlTemplate":"https:\/\/contabilidadecaxias.com.br\/?s={search_term_string}"},"query-input":{"@type":"PropertyValueSpecification","valueRequired":true,"valueName":"search_term_string"}}],"inLanguage":"pt-BR"}]}},"_links":{"self":[{"href":"https:\/\/contabilidadecaxias.com.br\/index.php\/wp-json\/wp\/v2\/posts\/13433","targetHints":{"allow":["GET"]}}],"collection":[{"href":"https:\/\/contabilidadecaxias.com.br\/index.php\/wp-json\/wp\/v2\/posts"}],"about":[{"href":"https:\/\/contabilidadecaxias.com.br\/index.php\/wp-json\/wp\/v2\/types\/post"}],"replies":[{"embeddable":true,"href":"https:\/\/contabilidadecaxias.com.br\/index.php\/wp-json\/wp\/v2\/comments?post=13433"}],"version-history":[{"count":0,"href":"https:\/\/contabilidadecaxias.com.br\/index.php\/wp-json\/wp\/v2\/posts\/13433\/revisions"}],"wp:featuredmedia":[{"embeddable":true,"href":"https:\/\/contabilidadecaxias.com.br\/index.php\/wp-json\/wp\/v2\/media\/13434"}],"wp:attachment":[{"href":"https:\/\/contabilidadecaxias.com.br\/index.php\/wp-json\/wp\/v2\/media?parent=13433"}],"wp:term":[{"taxonomy":"category","embeddable":true,"href":"https:\/\/contabilidadecaxias.com.br\/index.php\/wp-json\/wp\/v2\/categories?post=13433"},{"taxonomy":"post_tag","embeddable":true,"href":"https:\/\/contabilidadecaxias.com.br\/index.php\/wp-json\/wp\/v2\/tags?post=13433"}],"curies":[{"name":"wp","href":"https:\/\/api.w.org\/{rel}","templated":true}]}}