{"id":13373,"date":"2022-08-15T20:11:39","date_gmt":"2022-08-15T23:11:39","guid":{"rendered":"https:\/\/contabilidadecaxias.com.br\/index.php\/2022\/08\/15\/tst-elege-ministro-lelio-bentes-correa-para-a-presidencia\/"},"modified":"2022-08-15T20:11:39","modified_gmt":"2022-08-15T23:11:39","slug":"tst-elege-ministro-lelio-bentes-correa-para-a-presidencia","status":"publish","type":"post","link":"https:\/\/contabilidadecaxias.com.br\/index.php\/2022\/08\/15\/tst-elege-ministro-lelio-bentes-correa-para-a-presidencia\/","title":{"rendered":"TST elege ministro Lelio Bentes Corr\u00eaa para a Presid\u00eancia\u00a0"},"content":{"rendered":"<div class=\"noticia-wrapper\">\n<p><em><\/p>\n<p>O vice-presidente ser\u00e1 o ministro Aloysio Corr\u00eaa da Veiga, e a ministra Dora Maria da Costa foi eleita corregedora-geral.<\/p>\n<p><\/em><\/p>\n<div class=\"social-media-share mobile\">\n        <a class=\"share-facebook\" href=\"https:\/\/www.facebook.com\/sharer.php?u=https:\/\/www.tst.jus.br\/-\/tst-elege-ministro-lelio-bentes-corr%C3%AAa-para-a-presid%C3%AAncia%C2%A0\" target=\"_blank\" rel=\"noopener\"><\/a><br \/>\n        <a class=\"share-twitter\" href=\"https:\/\/twitter.com\/intent\/tweet?text=TST%20elege%20ministro%20Lelio%20Bentes%20Corr%C3%AAa%20para%20a%20Presid%C3%AAncia%C2%A0%0AVeja%20mais%20em:&amp;url=https:\/\/www.tst.jus.br\/-\/tst-elege-ministro-lelio-bentes-corr%C3%AAa-para-a-presid%C3%AAncia%C2%A0\" target=\"_blank\" rel=\"noopener\"><\/a><br \/>\n        <a class=\"share-linkedin\" href=\"https:\/\/www.linkedin.com\/shareArticle?mini=true&amp;url=https:\/\/www.tst.jus.br\/-\/tst-elege-ministro-lelio-bentes-corr%C3%AAa-para-a-presid%C3%AAncia%C2%A0&amp;title=TST%20elege%20ministro%20Lelio%20Bentes%20Corr%C3%AAa%20para%20a%20Presid%C3%AAncia%C2%A0\" target=\"_blank\" rel=\"noopener\"><\/a><br \/>\n        <a class=\"share-whatsapp\" href=\"https:\/\/web.whatsapp.com\/send?text=https:\/\/www.tst.jus.br\/-\/tst-elege-ministro-lelio-bentes-corr%C3%AAa-para-a-presid%C3%AAncia%C2%A0\" target=\"_blank\" rel=\"noopener\"><\/a><br \/>\n        <a class=\"share-googleplus\" href=\"https:\/\/plus.google.com\/share?url=https:\/\/www.tst.jus.br\/-\/tst-elege-ministro-lelio-bentes-corr%C3%AAa-para-a-presid%C3%AAncia%C2%A0\" target=\"_blank\" rel=\"noopener\"><\/a>\n    <\/div>\n<div class=\"news-body\">\n<div class=\"imagem-da-noticia\">\n<p>Ministro Lelio Bentes Corr\u00eaa<\/p>\n<div class=\"social-media-share\">\n                    <a class=\"share-facebook\" href=\"https:\/\/www.facebook.com\/sharer.php?u=https:\/\/www.tst.jus.br\/-\/tst-elege-ministro-lelio-bentes-corr%C3%AAa-para-a-presid%C3%AAncia%C2%A0\" target=\"_blank\" rel=\"noopener\"><\/a><br \/>\n                    <a class=\"share-twitter\" href=\"https:\/\/twitter.com\/intent\/tweet?text=TST%20elege%20ministro%20Lelio%20Bentes%20Corr%C3%AAa%20para%20a%20Presid%C3%AAncia%C2%A0%0AVeja%20mais%20em:&amp;url=https:\/\/www.tst.jus.br\/-\/tst-elege-ministro-lelio-bentes-corr%C3%AAa-para-a-presid%C3%AAncia%C2%A0\" target=\"_blank\" rel=\"noopener\"><\/a><br \/>\n                    <a class=\"share-linkedin\" href=\"https:\/\/www.linkedin.com\/shareArticle?mini=true&amp;url=https:\/\/www.tst.jus.br\/-\/tst-elege-ministro-lelio-bentes-corr%C3%AAa-para-a-presid%C3%AAncia%C2%A0&amp;title=TST%20elege%20ministro%20Lelio%20Bentes%20Corr%C3%AAa%20para%20a%20Presid%C3%AAncia%C2%A0\" target=\"_blank\" rel=\"noopener\"><\/a><br \/>\n                    <a class=\"share-whatsapp\" href=\"https:\/\/web.whatsapp.com\/send?text=https:\/\/www.tst.jus.br\/-\/tst-elege-ministro-lelio-bentes-corr%C3%AAa-para-a-presid%C3%AAncia%C2%A0\" target=\"_blank\" rel=\"noopener\"><\/a><br \/>\n                    <a class=\"share-googleplus\" href=\"https:\/\/plus.google.com\/share?url=https:\/\/www.tst.jus.br\/-\/tst-elege-ministro-lelio-bentes-corr%C3%AAa-para-a-presid%C3%AAncia%C2%A0\" target=\"_blank\" rel=\"noopener\"><\/a>\n                <\/div>\n<\/p><\/div>\n<div class=\"materia\">\n<p>15\/08\/22 &#8211; Em sess\u00e3o extraordin\u00e1ria do Tribunal Pleno, realizada nesta segunda-feira, o Tribunal Superior do Trabalho elegeu, em vota\u00e7\u00e3o un\u00e2nime, o ministro Lelio Bentes Corr\u00eaa para presidir a Corte e o Conselho Superior da Justi\u00e7a do Trabalho (CSJT). O vice-presidente ser\u00e1 o ministro Aloysio Corr\u00eaa da Veiga, e a corregedora-geral da Justi\u00e7a do Trabalho ser\u00e1 a ministra Dora Maria da Costa. A posse da nova dire\u00e7\u00e3o se dar\u00e1 em sess\u00e3o solene em 13\/10.<\/p>\n<h4>Justi\u00e7a social<\/h4>\n<p>O presidente do TST e do CSJT, ministro Emmanoel Pereira, manifestou sua confian\u00e7a numa transi\u00e7\u00e3o serena, transparente e colaborativa, \u201cpilares essenciais de qualquer gest\u00e3o\u201d. Ao parabenizar seu sucessor, lembrou a carreira do ministro Lelio Bentes Corr\u00eaa, que ocupou diversas posi\u00e7\u00f5es, inclusive em organismos internacionais, e chega \u00e0 cadeira 19 anos depois da sua posse no TST.\u00a0<\/p>\n<p>Segundo o presidente do TST, a nova gest\u00e3o assumir\u00e1 num momento sens\u00edvel, ap\u00f3s longo per\u00edodo pand\u00eamico, em que as institui\u00e7\u00f5es buscam a normalidade dos servi\u00e7os, mas ainda sob os desafios da crise econ\u00f4mica. O ministro reiterou a preocupa\u00e7\u00e3o da JT com a sa\u00fade das empresas, a perda de postos de trabalho, as novas modalidades de presta\u00e7\u00e3o de servi\u00e7os e a pacifica\u00e7\u00e3o de temas relacionados \u00e0 Reforma Trabalhista. \u201c\u00c9 preciso estabilizar as decis\u00f5es e a seguran\u00e7a jur\u00eddica, mas preservando patamar civilizat\u00f3rio m\u00ednimo de direitos, buscar incansavelmente as garantias da cidadania, a dimens\u00e3o social da magistratura, a humaniza\u00e7\u00e3o do Poder Judici\u00e1rio, a aproxima\u00e7\u00e3o com a sociedade, especialmente os exclu\u00eddos, as minorias e os hipossuficientes\u201d, afirmou.\u00a0<\/p>\n<p>A seu ver, o futuro presidente se amolda perfeitamente aos desafios do enfoque recentemente institu\u00eddo pelo TST\u00a0ao adotar o lema \u201cO Tribunal da Justi\u00e7a Social\u201d, que visa reafirmar a ess\u00eancia da Justi\u00e7a do Trabalho no imagin\u00e1rio social e nas pr\u00e1ticas institucionais focadas na defesa dos direitos humanos como a prote\u00e7\u00e3o ao trabalho dos jovens e o combate ao trabalho infantil e an\u00e1logo ao escravo. \u201cO ministro Lelio, representante maior dos direitos humanos neste Tribunal, saber\u00e1 aperfei\u00e7oar a pauta humanizada e inclusiva\u201d, concluiu.<\/p>\n<h4>Uni\u00e3o, democracia e transpar\u00eancia<\/h4>\n<p>Ao agradecer a confian\u00e7a dos colegas, o ministro Lelio Bentes Corr\u00eaa disse que a vota\u00e7\u00e3o un\u00e2nime na nova gest\u00e3o, mais do que a repeti\u00e7\u00e3o de uma tradi\u00e7\u00e3o de 81 anos de eleger os mais antigos, representa a renova\u00e7\u00e3o de uni\u00e3o para os desafios que ainda est\u00e3o \u00e0 frente. \u201cA Justi\u00e7a do Trabalho n\u00e3o faltar\u00e1 com o nosso pa\u00eds, nesse momento que clama por entendimento, di\u00e1logo, sensibilidade, humanismo\u201d, afirmou. \u201c\u00c9 aqui que os mais humildes encontram prote\u00e7\u00e3o contra a viola\u00e7\u00e3o de seus direitos, que buscam acolhimento os que foram maltratados pela vida no curso de sua atividade profissional\u201d.\u00a0<\/p>\n<p>Segundo o ministro, a nova gest\u00e3o ter\u00e1 a determina\u00e7\u00e3o e a vontade para prosseguir na consecu\u00e7\u00e3o do objetivo \u00faltimo da Justi\u00e7a do Trabalho, que \u00e9 a promo\u00e7\u00e3o da justi\u00e7a social. \u201cN\u00e3o h\u00e1 uni\u00e3o sem democracia, e n\u00e3o h\u00e1 democracia sem transpar\u00eancia\u201d, assinalou. \u201c\u00c9 com forte cren\u00e7a na relev\u00e2ncia desses tr\u00eas pilares que haveremos de conduzir o TST e o CSJT por esses dois anos\u201d<\/p>\n<p>Lelio Bentes cumprimentou a atual administra\u00e7\u00e3o pelo trabalho que vem realizando, com compromisso, reconhecimento social e engajamento com as causas que a sociedade espera que sejam abra\u00e7adas pelo poder p\u00fablico. \u201cVamos dar continuidade a esse compromisso com a sociedade brasileira e a ela trazer o conforto e a prote\u00e7\u00e3o efetiva dos direitos humanos e essenciais\u201d, afirmou.<\/p>\n<p>Confira, abaixo, o perfil da nova dire\u00e7\u00e3o.<\/p>\n<h4>Ministro Lelio Bentes Corr\u00eaa<\/h4>\n<p>O pr\u00f3ximo presidente do TST nasceu em Niter\u00f3i (RJ), em 3\/7\/1965. \u00c9 bacharel em Direito pela Universidade de Bras\u00edlia (UnB) e mestre em Direito Internacional dos Direitos Humanos pela Universidade de Essex, na Inglaterra. No Minist\u00e9rio P\u00fablico do Trabalho, chefiou a Coordenadoria Nacional de Combate ao Trabalho Infantil e Prote\u00e7\u00e3o do Trabalhador Adolescente e integrou o Conselho Superior do MPT. Na Organiza\u00e7\u00e3o Internacional do Trabalho (OIT), atuou como oficial de programas para a Am\u00e9rica Latina do Programa Internacional para a Erradica\u00e7\u00e3o do Trabalho Infantil (Ipec) e integrou a Comiss\u00e3o de Peritos em Aplica\u00e7\u00e3o de Normas Internacionais. \u00c9 autor de estudos diversos, com destaque para a \u00e1rea dos direitos humanos, em especial trabalho infantil e trabalho escravo, e coordenou a Marcha Global contra o Trabalho Infantil na Am\u00e9rica do Sul de 1997 a 1999.<\/p>\n<p>No TST desde julho de 2003, presidiu a Comiss\u00e3o da Justi\u00e7a do Trabalho para a Erradica\u00e7\u00e3o do Trabalho Infantil e a Primeira Turma e foi corregedor-geral da Justi\u00e7a do Trabalho no bi\u00eanio 2018-2020. Integra, atualmente, a Sexta Turma, a Se\u00e7\u00e3o Especializada em Diss\u00eddios Individuais 1 (SDI-1) e o \u00d3rg\u00e3o Especial. Foi membro do Conselho Nacional de Justi\u00e7a (CNJ) de 2015 a 2017 e presidiu o F\u00f3rum Nacional da Inf\u00e2ncia e da Juventude (Foninj) e o Comit\u00ea Nacional Judicial de Enfrentamento \u00e0 Explora\u00e7\u00e3o do Trabalho em Condi\u00e7\u00f5es An\u00e1logas \u00e0 de Escravo e ao Tr\u00e1fico de Pessoas.\u00a0<\/p>\n<p>Leia o <a href=\"https:\/\/www.tst.jus.br\/web\/guest\/ministros\/-\/asset_publisher\/vKn1\/content\/id\/11209?_com_liferay_asset_publisher_web_portlet_AssetPublisherPortlet_INSTANCE_vKn1_redirect=https%3A%2F%2Fwww.tst.jus.br%3A443%2Fweb%2Fguest%2Fministros%3Fp_p_id%3Dcom_liferay_asset_publisher_web_portlet_AssetPublisherPortlet_INSTANCE_vKn1%26p_p_lifecycle%3D0%26p_p_state%3Dnormal%26p_p_mode%3Dview%26_com_liferay_asset_publisher_web_portlet_AssetPublisherPortlet_INSTANCE_vKn1_cur%3D0%26p_r_p_resetCur%3Dfalse%26_com_liferay_asset_publisher_web_portlet_AssetPublisherPortlet_INSTANCE_vKn1_assetEntryId%3D11209\" target=\"_blank\" rel=\"noopener\">perfil completo do ministro<\/a>.<\/p>\n<h4>Ministro Aloysio Corr\u00eaa da Veiga<\/h4>\n<p>O vice-presidente eleito nasceu em 1\u00ba\/10\/1950 em Petr\u00f3polis (RJ), onde se formou em Direito pela Faculdade de Direito da Universidade Cat\u00f3lica. Ingressou na magistratura em 1981, como juiz do trabalho substituto da 1\u00aa Regi\u00e3o (Rio de Janeiro), e foi promovido por merecimento, em 1984, a juiz do trabalho presidente de Junta de Concilia\u00e7\u00e3o e Julgamento (atual Vara do Trabalho) e, em 1996, a desembargador do TRT da 1\u00aa Regi\u00e3o (RJ).\u00a0<\/p>\n<p>Professor da Faculdade de Direito da Universidade Cat\u00f3lica de Petr\u00f3polis, \u00e9 autor de trabalhos jur\u00eddicos publicados em livros em coautoria e em diversas revistas especializadas. Empossado no TST em 28\/12\/2004, presidiu a Sexta Turma, integrou o Conselho Superior da Justi\u00e7a do Trabalho (CSJT), foi diretor da Escola Nacional de Forma\u00e7\u00e3o e Aperfei\u00e7oamento de Magistrados do Trabalho (Enamat) e corregedor-geral da Justi\u00e7a do Trabalho. Atualmente, integra a Oitava Turma, a SDI-1, o \u00d3rg\u00e3o Especial e o Tribunal Pleno. Comp\u00f4s o CNJ no bi\u00eanio 2017\/2019.<\/p>\n<p>Leia o <a href=\"https:\/\/www.tst.jus.br\/web\/guest\/ministros\/-\/asset_publisher\/vKn1\/content\/id\/11221?_com_liferay_asset_publisher_web_portlet_AssetPublisherPortlet_INSTANCE_vKn1_redirect=https%3A%2F%2Fwww.tst.jus.br%3A443%2Fweb%2Fguest%2Fministros%3Fp_p_id%3Dcom_liferay_asset_publisher_web_portlet_AssetPublisherPortlet_INSTANCE_vKn1%26p_p_lifecycle%3D0%26p_p_state%3Dnormal%26p_p_mode%3Dview%26_com_liferay_asset_publisher_web_portlet_AssetPublisherPortlet_INSTANCE_vKn1_cur%3D0%26p_r_p_resetCur%3Dfalse%26_com_liferay_asset_publisher_web_portlet_AssetPublisherPortlet_INSTANCE_vKn1_assetEntryId%3D11221\" target=\"_blank\" rel=\"noopener\">perfil completo do ministro<\/a>.<\/p>\n<h4>Ministra Dora Maria da Costa<\/h4>\n<p>Atual vice-presidente do TST, a pr\u00f3xima corregedora-geral da Justi\u00e7a do Trabalho foi empossada como ministra do TST, em vaga destinada \u00e0 carreira da magistratura, em 17\/5\/2007. Dora Maria da Costa nasceu em Dores do Indai\u00e1 (MG), formou-se em Direito pela Pontif\u00edcia Universidade Cat\u00f3lica de Minas Gerais e especializou-se em Direito e Processo do Trabalho pela Universidade Federal de Goi\u00e1s. Ingressou na Justi\u00e7a do Trabalho da 3\u00aa Regi\u00e3o (MG), por concurso p\u00fablico, como auxiliar judici\u00e1rio, sendo promovida a t\u00e9cnico judici\u00e1rio. Em 1987, ingressou na magistratura como ju\u00edza do trabalho substituta do Tribunal Regional do Trabalho da 10\u00aa Regi\u00e3o (DF\/TO) e, em 2002, foi promovida a ju\u00edza do TRT da 18\u00aa Regi\u00e3o (GO) \u2013 \u00f3rg\u00e3o que presidiu no bi\u00eanio 2005\/2007. No TST, integrou a Oitava Turma do TST e dirigiu a Escola Nacional de Forma\u00e7\u00e3o e Aperfei\u00e7oamento de Magistrados do Trabalho (Enamat).<\/p>\n<p>Leia o <a href=\"https:\/\/www.tst.jus.br\/web\/guest\/ministros\/-\/asset_publisher\/vKn1\/content\/id\/11407?_com_liferay_asset_publisher_web_portlet_AssetPublisherPortlet_INSTANCE_vKn1_redirect=https%3A%2F%2Fwww.tst.jus.br%3A443%2Fweb%2Fguest%2Fministros%3Fp_p_id%3Dcom_liferay_asset_publisher_web_portlet_AssetPublisherPortlet_INSTANCE_vKn1%26p_p_lifecycle%3D0%26p_p_state%3Dnormal%26p_p_mode%3Dview%26_com_liferay_asset_publisher_web_portlet_AssetPublisherPortlet_INSTANCE_vKn1_cur%3D0%26p_r_p_resetCur%3Dfalse%26_com_liferay_asset_publisher_web_portlet_AssetPublisherPortlet_INSTANCE_vKn1_assetEntryId%3D11407\" target=\"_blank\" rel=\"noopener\">perfil completo da ministra<\/a>.<\/p>\n<p>(CF\/TG)<\/p>\n<\/div><\/div>\n<\/div>\n","protected":false},"excerpt":{"rendered":"<p>O vice-presidente ser\u00e1 o ministro Aloysio Corr\u00eaa da Veiga, e a ministra Dora Maria da Costa foi eleita corregedora-geral. Ministro Lelio Bentes Corr\u00eaa 15\/08\/22 &#8211; Em sess\u00e3o extraordin\u00e1ria do Tribunal Pleno, realizada nesta segunda-feira, o Tribunal Superior do Trabalho elegeu, em vota\u00e7\u00e3o un\u00e2nime, o ministro Lelio Bentes Corr\u00eaa para presidir a Corte e o Conselho [&hellip;]<\/p>\n","protected":false},"author":0,"featured_media":13374,"comment_status":"open","ping_status":"","sticky":false,"template":"","format":"standard","meta":{"footnotes":""},"categories":[5],"tags":[],"class_list":["post-13373","post","type-post","status-publish","format-standard","has-post-thumbnail","hentry","category-noticias-educacao-financeira"],"blocksy_meta":{"styles_descriptor":{"styles":{"desktop":"","tablet":"","mobile":""},"google_fonts":[],"version":6}},"yoast_head":"<!-- This site is optimized with the Yoast SEO plugin v27.4 - https:\/\/yoast.com\/product\/yoast-seo-wordpress\/ -->\n<title>TST elege ministro Lelio Bentes Corr\u00eaa para a Presid\u00eancia\u00a0 - Contabilidade Caxias<\/title>\n<meta name=\"robots\" content=\"index, follow, max-snippet:-1, max-image-preview:large, max-video-preview:-1\" \/>\n<link rel=\"canonical\" href=\"https:\/\/contabilidadecaxias.com.br\/index.php\/2022\/08\/15\/tst-elege-ministro-lelio-bentes-correa-para-a-presidencia\/\" \/>\n<meta property=\"og:locale\" content=\"pt_BR\" \/>\n<meta property=\"og:type\" content=\"article\" \/>\n<meta property=\"og:title\" content=\"TST elege ministro Lelio Bentes Corr\u00eaa para a Presid\u00eancia\u00a0 - Contabilidade Caxias\" \/>\n<meta property=\"og:description\" content=\"O vice-presidente ser\u00e1 o ministro Aloysio Corr\u00eaa da Veiga, e a ministra Dora Maria da Costa foi eleita corregedora-geral. Ministro Lelio Bentes Corr\u00eaa 15\/08\/22 &#8211; Em sess\u00e3o extraordin\u00e1ria do Tribunal Pleno, realizada nesta segunda-feira, o Tribunal Superior do Trabalho elegeu, em vota\u00e7\u00e3o un\u00e2nime, o ministro Lelio Bentes Corr\u00eaa para presidir a Corte e o Conselho [&hellip;]\" \/>\n<meta property=\"og:url\" content=\"https:\/\/contabilidadecaxias.com.br\/index.php\/2022\/08\/15\/tst-elege-ministro-lelio-bentes-correa-para-a-presidencia\/\" \/>\n<meta property=\"og:site_name\" content=\"Contabilidade Caxias\" \/>\n<meta property=\"article:published_time\" content=\"2022-08-15T23:11:39+00:00\" \/>\n<meta name=\"twitter:card\" content=\"summary_large_image\" \/>\n<meta name=\"twitter:label1\" content=\"Est. tempo de leitura\" \/>\n\t<meta name=\"twitter:data1\" content=\"6 minutos\" \/>\n<script type=\"application\/ld+json\" class=\"yoast-schema-graph\">{\"@context\":\"https:\\\/\\\/schema.org\",\"@graph\":[{\"@type\":\"Article\",\"@id\":\"https:\\\/\\\/contabilidadecaxias.com.br\\\/index.php\\\/2022\\\/08\\\/15\\\/tst-elege-ministro-lelio-bentes-correa-para-a-presidencia\\\/#article\",\"isPartOf\":{\"@id\":\"https:\\\/\\\/contabilidadecaxias.com.br\\\/index.php\\\/2022\\\/08\\\/15\\\/tst-elege-ministro-lelio-bentes-correa-para-a-presidencia\\\/\"},\"author\":{\"name\":\"\",\"@id\":\"\"},\"headline\":\"TST elege ministro Lelio Bentes Corr\u00eaa para a Presid\u00eancia\u00a0\",\"datePublished\":\"2022-08-15T23:11:39+00:00\",\"mainEntityOfPage\":{\"@id\":\"https:\\\/\\\/contabilidadecaxias.com.br\\\/index.php\\\/2022\\\/08\\\/15\\\/tst-elege-ministro-lelio-bentes-correa-para-a-presidencia\\\/\"},\"wordCount\":1254,\"commentCount\":0,\"image\":{\"@id\":\"https:\\\/\\\/contabilidadecaxias.com.br\\\/index.php\\\/2022\\\/08\\\/15\\\/tst-elege-ministro-lelio-bentes-correa-para-a-presidencia\\\/#primaryimage\"},\"thumbnailUrl\":\"https:\\\/\\\/contabilidadecaxias.com.br\\\/wp-content\\\/uploads\\\/2022\\\/08\\\/0e0b56dc-50a3-4e66-e920-1af176986a03-epUcUw.jpeg\",\"articleSection\":[\"Educa\u00e7\u00e3o Financeira\"],\"inLanguage\":\"pt-BR\",\"potentialAction\":[{\"@type\":\"CommentAction\",\"name\":\"Comment\",\"target\":[\"https:\\\/\\\/contabilidadecaxias.com.br\\\/index.php\\\/2022\\\/08\\\/15\\\/tst-elege-ministro-lelio-bentes-correa-para-a-presidencia\\\/#respond\"]}]},{\"@type\":\"WebPage\",\"@id\":\"https:\\\/\\\/contabilidadecaxias.com.br\\\/index.php\\\/2022\\\/08\\\/15\\\/tst-elege-ministro-lelio-bentes-correa-para-a-presidencia\\\/\",\"url\":\"https:\\\/\\\/contabilidadecaxias.com.br\\\/index.php\\\/2022\\\/08\\\/15\\\/tst-elege-ministro-lelio-bentes-correa-para-a-presidencia\\\/\",\"name\":\"TST elege ministro Lelio Bentes Corr\u00eaa para a Presid\u00eancia\u00a0 - Contabilidade Caxias\",\"isPartOf\":{\"@id\":\"https:\\\/\\\/contabilidadecaxias.com.br\\\/#website\"},\"primaryImageOfPage\":{\"@id\":\"https:\\\/\\\/contabilidadecaxias.com.br\\\/index.php\\\/2022\\\/08\\\/15\\\/tst-elege-ministro-lelio-bentes-correa-para-a-presidencia\\\/#primaryimage\"},\"image\":{\"@id\":\"https:\\\/\\\/contabilidadecaxias.com.br\\\/index.php\\\/2022\\\/08\\\/15\\\/tst-elege-ministro-lelio-bentes-correa-para-a-presidencia\\\/#primaryimage\"},\"thumbnailUrl\":\"https:\\\/\\\/contabilidadecaxias.com.br\\\/wp-content\\\/uploads\\\/2022\\\/08\\\/0e0b56dc-50a3-4e66-e920-1af176986a03-epUcUw.jpeg\",\"datePublished\":\"2022-08-15T23:11:39+00:00\",\"author\":{\"@id\":\"\"},\"breadcrumb\":{\"@id\":\"https:\\\/\\\/contabilidadecaxias.com.br\\\/index.php\\\/2022\\\/08\\\/15\\\/tst-elege-ministro-lelio-bentes-correa-para-a-presidencia\\\/#breadcrumb\"},\"inLanguage\":\"pt-BR\",\"potentialAction\":[{\"@type\":\"ReadAction\",\"target\":[\"https:\\\/\\\/contabilidadecaxias.com.br\\\/index.php\\\/2022\\\/08\\\/15\\\/tst-elege-ministro-lelio-bentes-correa-para-a-presidencia\\\/\"]}]},{\"@type\":\"ImageObject\",\"inLanguage\":\"pt-BR\",\"@id\":\"https:\\\/\\\/contabilidadecaxias.com.br\\\/index.php\\\/2022\\\/08\\\/15\\\/tst-elege-ministro-lelio-bentes-correa-para-a-presidencia\\\/#primaryimage\",\"url\":\"https:\\\/\\\/contabilidadecaxias.com.br\\\/wp-content\\\/uploads\\\/2022\\\/08\\\/0e0b56dc-50a3-4e66-e920-1af176986a03-epUcUw.jpeg\",\"contentUrl\":\"https:\\\/\\\/contabilidadecaxias.com.br\\\/wp-content\\\/uploads\\\/2022\\\/08\\\/0e0b56dc-50a3-4e66-e920-1af176986a03-epUcUw.jpeg\",\"width\":1280,\"height\":853},{\"@type\":\"BreadcrumbList\",\"@id\":\"https:\\\/\\\/contabilidadecaxias.com.br\\\/index.php\\\/2022\\\/08\\\/15\\\/tst-elege-ministro-lelio-bentes-correa-para-a-presidencia\\\/#breadcrumb\",\"itemListElement\":[{\"@type\":\"ListItem\",\"position\":1,\"name\":\"In\u00edcio\",\"item\":\"https:\\\/\\\/contabilidadecaxias.com.br\\\/\"},{\"@type\":\"ListItem\",\"position\":2,\"name\":\"TST elege ministro Lelio Bentes Corr\u00eaa para a Presid\u00eancia\u00a0\"}]},{\"@type\":\"WebSite\",\"@id\":\"https:\\\/\\\/contabilidadecaxias.com.br\\\/#website\",\"url\":\"https:\\\/\\\/contabilidadecaxias.com.br\\\/\",\"name\":\"Contabilidade Caxias\",\"description\":\"Site especializado em Contabilidade para Caxias.\",\"potentialAction\":[{\"@type\":\"SearchAction\",\"target\":{\"@type\":\"EntryPoint\",\"urlTemplate\":\"https:\\\/\\\/contabilidadecaxias.com.br\\\/?s={search_term_string}\"},\"query-input\":{\"@type\":\"PropertyValueSpecification\",\"valueRequired\":true,\"valueName\":\"search_term_string\"}}],\"inLanguage\":\"pt-BR\"}]}<\/script>\n<!-- \/ Yoast SEO plugin. -->","yoast_head_json":{"title":"TST elege ministro Lelio Bentes Corr\u00eaa para a Presid\u00eancia\u00a0 - Contabilidade Caxias","robots":{"index":"index","follow":"follow","max-snippet":"max-snippet:-1","max-image-preview":"max-image-preview:large","max-video-preview":"max-video-preview:-1"},"canonical":"https:\/\/contabilidadecaxias.com.br\/index.php\/2022\/08\/15\/tst-elege-ministro-lelio-bentes-correa-para-a-presidencia\/","og_locale":"pt_BR","og_type":"article","og_title":"TST elege ministro Lelio Bentes Corr\u00eaa para a Presid\u00eancia\u00a0 - Contabilidade Caxias","og_description":"O vice-presidente ser\u00e1 o ministro Aloysio Corr\u00eaa da Veiga, e a ministra Dora Maria da Costa foi eleita corregedora-geral. Ministro Lelio Bentes Corr\u00eaa 15\/08\/22 &#8211; Em sess\u00e3o extraordin\u00e1ria do Tribunal Pleno, realizada nesta segunda-feira, o Tribunal Superior do Trabalho elegeu, em vota\u00e7\u00e3o un\u00e2nime, o ministro Lelio Bentes Corr\u00eaa para presidir a Corte e o Conselho [&hellip;]","og_url":"https:\/\/contabilidadecaxias.com.br\/index.php\/2022\/08\/15\/tst-elege-ministro-lelio-bentes-correa-para-a-presidencia\/","og_site_name":"Contabilidade Caxias","article_published_time":"2022-08-15T23:11:39+00:00","twitter_card":"summary_large_image","twitter_misc":{"Est. tempo de leitura":"6 minutos"},"schema":{"@context":"https:\/\/schema.org","@graph":[{"@type":"Article","@id":"https:\/\/contabilidadecaxias.com.br\/index.php\/2022\/08\/15\/tst-elege-ministro-lelio-bentes-correa-para-a-presidencia\/#article","isPartOf":{"@id":"https:\/\/contabilidadecaxias.com.br\/index.php\/2022\/08\/15\/tst-elege-ministro-lelio-bentes-correa-para-a-presidencia\/"},"author":{"name":"","@id":""},"headline":"TST elege ministro Lelio Bentes Corr\u00eaa para a Presid\u00eancia\u00a0","datePublished":"2022-08-15T23:11:39+00:00","mainEntityOfPage":{"@id":"https:\/\/contabilidadecaxias.com.br\/index.php\/2022\/08\/15\/tst-elege-ministro-lelio-bentes-correa-para-a-presidencia\/"},"wordCount":1254,"commentCount":0,"image":{"@id":"https:\/\/contabilidadecaxias.com.br\/index.php\/2022\/08\/15\/tst-elege-ministro-lelio-bentes-correa-para-a-presidencia\/#primaryimage"},"thumbnailUrl":"https:\/\/contabilidadecaxias.com.br\/wp-content\/uploads\/2022\/08\/0e0b56dc-50a3-4e66-e920-1af176986a03-epUcUw.jpeg","articleSection":["Educa\u00e7\u00e3o Financeira"],"inLanguage":"pt-BR","potentialAction":[{"@type":"CommentAction","name":"Comment","target":["https:\/\/contabilidadecaxias.com.br\/index.php\/2022\/08\/15\/tst-elege-ministro-lelio-bentes-correa-para-a-presidencia\/#respond"]}]},{"@type":"WebPage","@id":"https:\/\/contabilidadecaxias.com.br\/index.php\/2022\/08\/15\/tst-elege-ministro-lelio-bentes-correa-para-a-presidencia\/","url":"https:\/\/contabilidadecaxias.com.br\/index.php\/2022\/08\/15\/tst-elege-ministro-lelio-bentes-correa-para-a-presidencia\/","name":"TST elege ministro Lelio Bentes Corr\u00eaa para a Presid\u00eancia\u00a0 - Contabilidade Caxias","isPartOf":{"@id":"https:\/\/contabilidadecaxias.com.br\/#website"},"primaryImageOfPage":{"@id":"https:\/\/contabilidadecaxias.com.br\/index.php\/2022\/08\/15\/tst-elege-ministro-lelio-bentes-correa-para-a-presidencia\/#primaryimage"},"image":{"@id":"https:\/\/contabilidadecaxias.com.br\/index.php\/2022\/08\/15\/tst-elege-ministro-lelio-bentes-correa-para-a-presidencia\/#primaryimage"},"thumbnailUrl":"https:\/\/contabilidadecaxias.com.br\/wp-content\/uploads\/2022\/08\/0e0b56dc-50a3-4e66-e920-1af176986a03-epUcUw.jpeg","datePublished":"2022-08-15T23:11:39+00:00","author":{"@id":""},"breadcrumb":{"@id":"https:\/\/contabilidadecaxias.com.br\/index.php\/2022\/08\/15\/tst-elege-ministro-lelio-bentes-correa-para-a-presidencia\/#breadcrumb"},"inLanguage":"pt-BR","potentialAction":[{"@type":"ReadAction","target":["https:\/\/contabilidadecaxias.com.br\/index.php\/2022\/08\/15\/tst-elege-ministro-lelio-bentes-correa-para-a-presidencia\/"]}]},{"@type":"ImageObject","inLanguage":"pt-BR","@id":"https:\/\/contabilidadecaxias.com.br\/index.php\/2022\/08\/15\/tst-elege-ministro-lelio-bentes-correa-para-a-presidencia\/#primaryimage","url":"https:\/\/contabilidadecaxias.com.br\/wp-content\/uploads\/2022\/08\/0e0b56dc-50a3-4e66-e920-1af176986a03-epUcUw.jpeg","contentUrl":"https:\/\/contabilidadecaxias.com.br\/wp-content\/uploads\/2022\/08\/0e0b56dc-50a3-4e66-e920-1af176986a03-epUcUw.jpeg","width":1280,"height":853},{"@type":"BreadcrumbList","@id":"https:\/\/contabilidadecaxias.com.br\/index.php\/2022\/08\/15\/tst-elege-ministro-lelio-bentes-correa-para-a-presidencia\/#breadcrumb","itemListElement":[{"@type":"ListItem","position":1,"name":"In\u00edcio","item":"https:\/\/contabilidadecaxias.com.br\/"},{"@type":"ListItem","position":2,"name":"TST elege ministro Lelio Bentes Corr\u00eaa para a Presid\u00eancia\u00a0"}]},{"@type":"WebSite","@id":"https:\/\/contabilidadecaxias.com.br\/#website","url":"https:\/\/contabilidadecaxias.com.br\/","name":"Contabilidade Caxias","description":"Site especializado em Contabilidade para Caxias.","potentialAction":[{"@type":"SearchAction","target":{"@type":"EntryPoint","urlTemplate":"https:\/\/contabilidadecaxias.com.br\/?s={search_term_string}"},"query-input":{"@type":"PropertyValueSpecification","valueRequired":true,"valueName":"search_term_string"}}],"inLanguage":"pt-BR"}]}},"_links":{"self":[{"href":"https:\/\/contabilidadecaxias.com.br\/index.php\/wp-json\/wp\/v2\/posts\/13373","targetHints":{"allow":["GET"]}}],"collection":[{"href":"https:\/\/contabilidadecaxias.com.br\/index.php\/wp-json\/wp\/v2\/posts"}],"about":[{"href":"https:\/\/contabilidadecaxias.com.br\/index.php\/wp-json\/wp\/v2\/types\/post"}],"replies":[{"embeddable":true,"href":"https:\/\/contabilidadecaxias.com.br\/index.php\/wp-json\/wp\/v2\/comments?post=13373"}],"version-history":[{"count":0,"href":"https:\/\/contabilidadecaxias.com.br\/index.php\/wp-json\/wp\/v2\/posts\/13373\/revisions"}],"wp:featuredmedia":[{"embeddable":true,"href":"https:\/\/contabilidadecaxias.com.br\/index.php\/wp-json\/wp\/v2\/media\/13374"}],"wp:attachment":[{"href":"https:\/\/contabilidadecaxias.com.br\/index.php\/wp-json\/wp\/v2\/media?parent=13373"}],"wp:term":[{"taxonomy":"category","embeddable":true,"href":"https:\/\/contabilidadecaxias.com.br\/index.php\/wp-json\/wp\/v2\/categories?post=13373"},{"taxonomy":"post_tag","embeddable":true,"href":"https:\/\/contabilidadecaxias.com.br\/index.php\/wp-json\/wp\/v2\/tags?post=13373"}],"curies":[{"name":"wp","href":"https:\/\/api.w.org\/{rel}","templated":true}]}}