{"id":13361,"date":"2022-08-15T18:16:36","date_gmt":"2022-08-15T21:16:36","guid":{"rendered":"https:\/\/contabilidadecaxias.com.br\/index.php\/2022\/08\/15\/o-reconhecimento-de-uma-gestao-historica-a-frente-do-tst-2\/"},"modified":"2022-08-15T18:16:36","modified_gmt":"2022-08-15T21:16:36","slug":"o-reconhecimento-de-uma-gestao-historica-a-frente-do-tst-2","status":"publish","type":"post","link":"https:\/\/contabilidadecaxias.com.br\/index.php\/2022\/08\/15\/o-reconhecimento-de-uma-gestao-historica-a-frente-do-tst-2\/","title":{"rendered":"O reconhecimento de uma gest\u00e3o hist\u00f3rica \u00e0 frente do TST"},"content":{"rendered":"<\/p>\n<p>15\/08\/22 &#8211; O presidente do Tribunal Superior do Trabalho (TST) e do Conselho Superior da Justi\u00e7a do Trabalho (CSJT), ministro Emmanoel Pereira, recebeu a medalha e o trof\u00e9u Raymundo Faoro do Conselho Federal da Ordem dos Advogados do Brasil (OAB), em reconhecimento \u00e0 trajet\u00f3ria do magistrado do TST nos \u00faltimos 20 anos, al\u00e9m da contribui\u00e7\u00e3o \u00e0 advocacia brasileira.<\/p>\n","protected":false},"excerpt":{"rendered":"<p>15\/08\/22 &#8211; O presidente do Tribunal Superior do Trabalho (TST) e do Conselho Superior da Justi\u00e7a do Trabalho (CSJT), ministro Emmanoel Pereira, recebeu a medalha e o trof\u00e9u Raymundo Faoro do Conselho Federal da Ordem dos Advogados do Brasil (OAB), em reconhecimento \u00e0 trajet\u00f3ria do magistrado do TST nos \u00faltimos 20 anos, al\u00e9m da contribui\u00e7\u00e3o [&hellip;]<\/p>\n","protected":false},"author":0,"featured_media":0,"comment_status":"open","ping_status":"","sticky":false,"template":"","format":"standard","meta":{"footnotes":""},"categories":[5],"tags":[],"class_list":["post-13361","post","type-post","status-publish","format-standard","hentry","category-noticias-educacao-financeira"],"blocksy_meta":{"styles_descriptor":{"styles":{"desktop":"","tablet":"","mobile":""},"google_fonts":[],"version":6}},"yoast_head":"<!-- This site is optimized with the Yoast SEO plugin v27.4 - https:\/\/yoast.com\/product\/yoast-seo-wordpress\/ -->\n<title>O reconhecimento de uma gest\u00e3o hist\u00f3rica \u00e0 frente do TST - Contabilidade Caxias<\/title>\n<meta name=\"robots\" content=\"index, follow, max-snippet:-1, max-image-preview:large, max-video-preview:-1\" \/>\n<link rel=\"canonical\" href=\"https:\/\/contabilidadecaxias.com.br\/index.php\/2022\/08\/15\/o-reconhecimento-de-uma-gestao-historica-a-frente-do-tst-2\/\" \/>\n<meta property=\"og:locale\" content=\"pt_BR\" \/>\n<meta property=\"og:type\" content=\"article\" \/>\n<meta property=\"og:title\" content=\"O reconhecimento de uma gest\u00e3o hist\u00f3rica \u00e0 frente do TST - Contabilidade Caxias\" \/>\n<meta property=\"og:description\" content=\"15\/08\/22 &#8211; O presidente do Tribunal Superior do Trabalho (TST) e do Conselho Superior da Justi\u00e7a do Trabalho (CSJT), ministro Emmanoel Pereira, recebeu a medalha e o trof\u00e9u Raymundo Faoro do Conselho Federal da Ordem dos Advogados do Brasil (OAB), em reconhecimento \u00e0 trajet\u00f3ria do magistrado do TST nos \u00faltimos 20 anos, al\u00e9m da contribui\u00e7\u00e3o [&hellip;]\" \/>\n<meta property=\"og:url\" content=\"https:\/\/contabilidadecaxias.com.br\/index.php\/2022\/08\/15\/o-reconhecimento-de-uma-gestao-historica-a-frente-do-tst-2\/\" \/>\n<meta property=\"og:site_name\" content=\"Contabilidade Caxias\" \/>\n<meta property=\"article:published_time\" content=\"2022-08-15T21:16:36+00:00\" \/>\n<meta name=\"twitter:card\" content=\"summary_large_image\" \/>\n<script type=\"application\/ld+json\" class=\"yoast-schema-graph\">{\"@context\":\"https:\\\/\\\/schema.org\",\"@graph\":[{\"@type\":\"Article\",\"@id\":\"https:\\\/\\\/contabilidadecaxias.com.br\\\/index.php\\\/2022\\\/08\\\/15\\\/o-reconhecimento-de-uma-gestao-historica-a-frente-do-tst-2\\\/#article\",\"isPartOf\":{\"@id\":\"https:\\\/\\\/contabilidadecaxias.com.br\\\/index.php\\\/2022\\\/08\\\/15\\\/o-reconhecimento-de-uma-gestao-historica-a-frente-do-tst-2\\\/\"},\"author\":{\"name\":\"\",\"@id\":\"\"},\"headline\":\"O reconhecimento de uma gest\u00e3o hist\u00f3rica \u00e0 frente do TST\",\"datePublished\":\"2022-08-15T21:16:36+00:00\",\"mainEntityOfPage\":{\"@id\":\"https:\\\/\\\/contabilidadecaxias.com.br\\\/index.php\\\/2022\\\/08\\\/15\\\/o-reconhecimento-de-uma-gestao-historica-a-frente-do-tst-2\\\/\"},\"wordCount\":70,\"commentCount\":0,\"articleSection\":[\"Educa\u00e7\u00e3o Financeira\"],\"inLanguage\":\"pt-BR\",\"potentialAction\":[{\"@type\":\"CommentAction\",\"name\":\"Comment\",\"target\":[\"https:\\\/\\\/contabilidadecaxias.com.br\\\/index.php\\\/2022\\\/08\\\/15\\\/o-reconhecimento-de-uma-gestao-historica-a-frente-do-tst-2\\\/#respond\"]}]},{\"@type\":\"WebPage\",\"@id\":\"https:\\\/\\\/contabilidadecaxias.com.br\\\/index.php\\\/2022\\\/08\\\/15\\\/o-reconhecimento-de-uma-gestao-historica-a-frente-do-tst-2\\\/\",\"url\":\"https:\\\/\\\/contabilidadecaxias.com.br\\\/index.php\\\/2022\\\/08\\\/15\\\/o-reconhecimento-de-uma-gestao-historica-a-frente-do-tst-2\\\/\",\"name\":\"O reconhecimento de uma gest\u00e3o hist\u00f3rica \u00e0 frente do TST - Contabilidade Caxias\",\"isPartOf\":{\"@id\":\"https:\\\/\\\/contabilidadecaxias.com.br\\\/#website\"},\"datePublished\":\"2022-08-15T21:16:36+00:00\",\"author\":{\"@id\":\"\"},\"breadcrumb\":{\"@id\":\"https:\\\/\\\/contabilidadecaxias.com.br\\\/index.php\\\/2022\\\/08\\\/15\\\/o-reconhecimento-de-uma-gestao-historica-a-frente-do-tst-2\\\/#breadcrumb\"},\"inLanguage\":\"pt-BR\",\"potentialAction\":[{\"@type\":\"ReadAction\",\"target\":[\"https:\\\/\\\/contabilidadecaxias.com.br\\\/index.php\\\/2022\\\/08\\\/15\\\/o-reconhecimento-de-uma-gestao-historica-a-frente-do-tst-2\\\/\"]}]},{\"@type\":\"BreadcrumbList\",\"@id\":\"https:\\\/\\\/contabilidadecaxias.com.br\\\/index.php\\\/2022\\\/08\\\/15\\\/o-reconhecimento-de-uma-gestao-historica-a-frente-do-tst-2\\\/#breadcrumb\",\"itemListElement\":[{\"@type\":\"ListItem\",\"position\":1,\"name\":\"In\u00edcio\",\"item\":\"https:\\\/\\\/contabilidadecaxias.com.br\\\/\"},{\"@type\":\"ListItem\",\"position\":2,\"name\":\"O reconhecimento de uma gest\u00e3o hist\u00f3rica \u00e0 frente do TST\"}]},{\"@type\":\"WebSite\",\"@id\":\"https:\\\/\\\/contabilidadecaxias.com.br\\\/#website\",\"url\":\"https:\\\/\\\/contabilidadecaxias.com.br\\\/\",\"name\":\"Contabilidade Caxias\",\"description\":\"Site especializado em Contabilidade para Caxias.\",\"potentialAction\":[{\"@type\":\"SearchAction\",\"target\":{\"@type\":\"EntryPoint\",\"urlTemplate\":\"https:\\\/\\\/contabilidadecaxias.com.br\\\/?s={search_term_string}\"},\"query-input\":{\"@type\":\"PropertyValueSpecification\",\"valueRequired\":true,\"valueName\":\"search_term_string\"}}],\"inLanguage\":\"pt-BR\"}]}<\/script>\n<!-- \/ Yoast SEO plugin. -->","yoast_head_json":{"title":"O reconhecimento de uma gest\u00e3o hist\u00f3rica \u00e0 frente do TST - Contabilidade Caxias","robots":{"index":"index","follow":"follow","max-snippet":"max-snippet:-1","max-image-preview":"max-image-preview:large","max-video-preview":"max-video-preview:-1"},"canonical":"https:\/\/contabilidadecaxias.com.br\/index.php\/2022\/08\/15\/o-reconhecimento-de-uma-gestao-historica-a-frente-do-tst-2\/","og_locale":"pt_BR","og_type":"article","og_title":"O reconhecimento de uma gest\u00e3o hist\u00f3rica \u00e0 frente do TST - Contabilidade Caxias","og_description":"15\/08\/22 &#8211; O presidente do Tribunal Superior do Trabalho (TST) e do Conselho Superior da Justi\u00e7a do Trabalho (CSJT), ministro Emmanoel Pereira, recebeu a medalha e o trof\u00e9u Raymundo Faoro do Conselho Federal da Ordem dos Advogados do Brasil (OAB), em reconhecimento \u00e0 trajet\u00f3ria do magistrado do TST nos \u00faltimos 20 anos, al\u00e9m da contribui\u00e7\u00e3o [&hellip;]","og_url":"https:\/\/contabilidadecaxias.com.br\/index.php\/2022\/08\/15\/o-reconhecimento-de-uma-gestao-historica-a-frente-do-tst-2\/","og_site_name":"Contabilidade Caxias","article_published_time":"2022-08-15T21:16:36+00:00","twitter_card":"summary_large_image","schema":{"@context":"https:\/\/schema.org","@graph":[{"@type":"Article","@id":"https:\/\/contabilidadecaxias.com.br\/index.php\/2022\/08\/15\/o-reconhecimento-de-uma-gestao-historica-a-frente-do-tst-2\/#article","isPartOf":{"@id":"https:\/\/contabilidadecaxias.com.br\/index.php\/2022\/08\/15\/o-reconhecimento-de-uma-gestao-historica-a-frente-do-tst-2\/"},"author":{"name":"","@id":""},"headline":"O reconhecimento de uma gest\u00e3o hist\u00f3rica \u00e0 frente do TST","datePublished":"2022-08-15T21:16:36+00:00","mainEntityOfPage":{"@id":"https:\/\/contabilidadecaxias.com.br\/index.php\/2022\/08\/15\/o-reconhecimento-de-uma-gestao-historica-a-frente-do-tst-2\/"},"wordCount":70,"commentCount":0,"articleSection":["Educa\u00e7\u00e3o Financeira"],"inLanguage":"pt-BR","potentialAction":[{"@type":"CommentAction","name":"Comment","target":["https:\/\/contabilidadecaxias.com.br\/index.php\/2022\/08\/15\/o-reconhecimento-de-uma-gestao-historica-a-frente-do-tst-2\/#respond"]}]},{"@type":"WebPage","@id":"https:\/\/contabilidadecaxias.com.br\/index.php\/2022\/08\/15\/o-reconhecimento-de-uma-gestao-historica-a-frente-do-tst-2\/","url":"https:\/\/contabilidadecaxias.com.br\/index.php\/2022\/08\/15\/o-reconhecimento-de-uma-gestao-historica-a-frente-do-tst-2\/","name":"O reconhecimento de uma gest\u00e3o hist\u00f3rica \u00e0 frente do TST - Contabilidade Caxias","isPartOf":{"@id":"https:\/\/contabilidadecaxias.com.br\/#website"},"datePublished":"2022-08-15T21:16:36+00:00","author":{"@id":""},"breadcrumb":{"@id":"https:\/\/contabilidadecaxias.com.br\/index.php\/2022\/08\/15\/o-reconhecimento-de-uma-gestao-historica-a-frente-do-tst-2\/#breadcrumb"},"inLanguage":"pt-BR","potentialAction":[{"@type":"ReadAction","target":["https:\/\/contabilidadecaxias.com.br\/index.php\/2022\/08\/15\/o-reconhecimento-de-uma-gestao-historica-a-frente-do-tst-2\/"]}]},{"@type":"BreadcrumbList","@id":"https:\/\/contabilidadecaxias.com.br\/index.php\/2022\/08\/15\/o-reconhecimento-de-uma-gestao-historica-a-frente-do-tst-2\/#breadcrumb","itemListElement":[{"@type":"ListItem","position":1,"name":"In\u00edcio","item":"https:\/\/contabilidadecaxias.com.br\/"},{"@type":"ListItem","position":2,"name":"O reconhecimento de uma gest\u00e3o hist\u00f3rica \u00e0 frente do TST"}]},{"@type":"WebSite","@id":"https:\/\/contabilidadecaxias.com.br\/#website","url":"https:\/\/contabilidadecaxias.com.br\/","name":"Contabilidade Caxias","description":"Site especializado em Contabilidade para Caxias.","potentialAction":[{"@type":"SearchAction","target":{"@type":"EntryPoint","urlTemplate":"https:\/\/contabilidadecaxias.com.br\/?s={search_term_string}"},"query-input":{"@type":"PropertyValueSpecification","valueRequired":true,"valueName":"search_term_string"}}],"inLanguage":"pt-BR"}]}},"_links":{"self":[{"href":"https:\/\/contabilidadecaxias.com.br\/index.php\/wp-json\/wp\/v2\/posts\/13361","targetHints":{"allow":["GET"]}}],"collection":[{"href":"https:\/\/contabilidadecaxias.com.br\/index.php\/wp-json\/wp\/v2\/posts"}],"about":[{"href":"https:\/\/contabilidadecaxias.com.br\/index.php\/wp-json\/wp\/v2\/types\/post"}],"replies":[{"embeddable":true,"href":"https:\/\/contabilidadecaxias.com.br\/index.php\/wp-json\/wp\/v2\/comments?post=13361"}],"version-history":[{"count":0,"href":"https:\/\/contabilidadecaxias.com.br\/index.php\/wp-json\/wp\/v2\/posts\/13361\/revisions"}],"wp:attachment":[{"href":"https:\/\/contabilidadecaxias.com.br\/index.php\/wp-json\/wp\/v2\/media?parent=13361"}],"wp:term":[{"taxonomy":"category","embeddable":true,"href":"https:\/\/contabilidadecaxias.com.br\/index.php\/wp-json\/wp\/v2\/categories?post=13361"},{"taxonomy":"post_tag","embeddable":true,"href":"https:\/\/contabilidadecaxias.com.br\/index.php\/wp-json\/wp\/v2\/tags?post=13361"}],"curies":[{"name":"wp","href":"https:\/\/api.w.org\/{rel}","templated":true}]}}