{"id":13344,"date":"2022-08-15T15:02:24","date_gmt":"2022-08-15T18:02:24","guid":{"rendered":"https:\/\/contabilidadecaxias.com.br\/index.php\/2022\/08\/15\/jornalista-nao-recebera-adicional-de-acumulo-de-funcao-de-fotografa\/"},"modified":"2022-08-15T15:02:24","modified_gmt":"2022-08-15T18:02:24","slug":"jornalista-nao-recebera-adicional-de-acumulo-de-funcao-de-fotografa","status":"publish","type":"post","link":"https:\/\/contabilidadecaxias.com.br\/index.php\/2022\/08\/15\/jornalista-nao-recebera-adicional-de-acumulo-de-funcao-de-fotografa\/","title":{"rendered":"Jornalista n\u00e3o receber\u00e1 adicional de ac\u00famulo de fun\u00e7\u00e3o de fot\u00f3grafa\u00a0"},"content":{"rendered":"<div class=\"noticia-wrapper\">\n<p><em><\/p>\n<p>Segundo o relator, n\u00e3o ficou demonstrada a transcend\u00eancia da causa<\/p>\n<p><\/em><\/p>\n<div class=\"social-media-share mobile\">\n        <a class=\"share-facebook\" href=\"https:\/\/www.facebook.com\/sharer.php?u=https:\/\/www.tst.jus.br\/-\/jornalista-n%C3%A3o-receber%C3%A1-adicional-de-ac%C3%BAmulo-de-fun%C3%A7%C3%A3o-de-fot%C3%B3grafa%C2%A0\" target=\"_blank\" rel=\"noopener\"><\/a><br \/>\n        <a class=\"share-twitter\" href=\"https:\/\/twitter.com\/intent\/tweet?text=Jornalista%20n%C3%A3o%20receber%C3%A1%20adicional%20de%20ac%C3%BAmulo%20de%20fun%C3%A7%C3%A3o%20de%20fot%C3%B3grafa%C2%A0%0AVeja%20mais%20em:&amp;url=https:\/\/www.tst.jus.br\/-\/jornalista-n%C3%A3o-receber%C3%A1-adicional-de-ac%C3%BAmulo-de-fun%C3%A7%C3%A3o-de-fot%C3%B3grafa%C2%A0\" target=\"_blank\" rel=\"noopener\"><\/a><br \/>\n        <a class=\"share-linkedin\" href=\"https:\/\/www.linkedin.com\/shareArticle?mini=true&amp;url=https:\/\/www.tst.jus.br\/-\/jornalista-n%C3%A3o-receber%C3%A1-adicional-de-ac%C3%BAmulo-de-fun%C3%A7%C3%A3o-de-fot%C3%B3grafa%C2%A0&amp;title=Jornalista%20n%C3%A3o%20receber%C3%A1%20adicional%20de%20ac%C3%BAmulo%20de%20fun%C3%A7%C3%A3o%20de%20fot%C3%B3grafa%C2%A0\" target=\"_blank\" rel=\"noopener\"><\/a><br \/>\n        <a class=\"share-whatsapp\" href=\"https:\/\/web.whatsapp.com\/send?text=https:\/\/www.tst.jus.br\/-\/jornalista-n%C3%A3o-receber%C3%A1-adicional-de-ac%C3%BAmulo-de-fun%C3%A7%C3%A3o-de-fot%C3%B3grafa%C2%A0\" target=\"_blank\" rel=\"noopener\"><\/a><br \/>\n        <a class=\"share-googleplus\" href=\"https:\/\/plus.google.com\/share?url=https:\/\/www.tst.jus.br\/-\/jornalista-n%C3%A3o-receber%C3%A1-adicional-de-ac%C3%BAmulo-de-fun%C3%A7%C3%A3o-de-fot%C3%B3grafa%C2%A0\" target=\"_blank\" rel=\"noopener\"><\/a>\n    <\/div>\n<div class=\"news-body\">\n<div class=\"imagem-da-noticia\">\n<p>Imagem ilustrativa de pessoa ao computador manuseando m\u00e1quina fotogr\u00e1fica<\/p>\n<div class=\"social-media-share\">\n                    <a class=\"share-facebook\" href=\"https:\/\/www.facebook.com\/sharer.php?u=https:\/\/www.tst.jus.br\/-\/jornalista-n%C3%A3o-receber%C3%A1-adicional-de-ac%C3%BAmulo-de-fun%C3%A7%C3%A3o-de-fot%C3%B3grafa%C2%A0\" target=\"_blank\" rel=\"noopener\"><\/a><br \/>\n                    <a class=\"share-twitter\" href=\"https:\/\/twitter.com\/intent\/tweet?text=Jornalista%20n%C3%A3o%20receber%C3%A1%20adicional%20de%20ac%C3%BAmulo%20de%20fun%C3%A7%C3%A3o%20de%20fot%C3%B3grafa%C2%A0%0AVeja%20mais%20em:&amp;url=https:\/\/www.tst.jus.br\/-\/jornalista-n%C3%A3o-receber%C3%A1-adicional-de-ac%C3%BAmulo-de-fun%C3%A7%C3%A3o-de-fot%C3%B3grafa%C2%A0\" target=\"_blank\" rel=\"noopener\"><\/a><br \/>\n                    <a class=\"share-linkedin\" href=\"https:\/\/www.linkedin.com\/shareArticle?mini=true&amp;url=https:\/\/www.tst.jus.br\/-\/jornalista-n%C3%A3o-receber%C3%A1-adicional-de-ac%C3%BAmulo-de-fun%C3%A7%C3%A3o-de-fot%C3%B3grafa%C2%A0&amp;title=Jornalista%20n%C3%A3o%20receber%C3%A1%20adicional%20de%20ac%C3%BAmulo%20de%20fun%C3%A7%C3%A3o%20de%20fot%C3%B3grafa%C2%A0\" target=\"_blank\" rel=\"noopener\"><\/a><br \/>\n                    <a class=\"share-whatsapp\" href=\"https:\/\/web.whatsapp.com\/send?text=https:\/\/www.tst.jus.br\/-\/jornalista-n%C3%A3o-receber%C3%A1-adicional-de-ac%C3%BAmulo-de-fun%C3%A7%C3%A3o-de-fot%C3%B3grafa%C2%A0\" target=\"_blank\" rel=\"noopener\"><\/a><br \/>\n                    <a class=\"share-googleplus\" href=\"https:\/\/plus.google.com\/share?url=https:\/\/www.tst.jus.br\/-\/jornalista-n%C3%A3o-receber%C3%A1-adicional-de-ac%C3%BAmulo-de-fun%C3%A7%C3%A3o-de-fot%C3%B3grafa%C2%A0\" target=\"_blank\" rel=\"noopener\"><\/a>\n                <\/div>\n<\/p><\/div>\n<div class=\"materia\">\n<p>15\/08\/22 &#8211;\u00a0A Primeira Turma do Tribunal Superior do Trabalho rejeitou o exame do recurso de revista de uma jornalista contra decis\u00e3o que indeferiu seu pedido de diferen\u00e7as salariais pelo ac\u00famulo de fun\u00e7\u00e3o como fot\u00f3grafa no Centro Brasileiro de Pesquisa em Avalia\u00e7\u00e3o e Sele\u00e7\u00e3o e de Promo\u00e7\u00e3o de Eventos (Cebraspe), associa\u00e7\u00e3o civil sem fins lucrativos de Bras\u00edlia (DF).\u00a0<\/p>\n<h4>Atribui\u00e7\u00f5es<\/h4>\n<p>Na reclama\u00e7\u00e3o trabalhista, a jornalista disse que, al\u00e9m das atribui\u00e7\u00f5es do cargo, ela fazia desenvolvia atividades de cobertura fotogr\u00e1fica de eventos, elabora\u00e7\u00e3o de roteiros para v\u00eddeos institucionais, filmagens e \u00e1udio de v\u00eddeos, desenvolvimento de identidade visual para projetos fotojornal\u00edsticos, atribui\u00e7\u00f5es \u00e0 fun\u00e7\u00e3o de fot\u00f3grafo. Segundo ela, o plano de cargos e sal\u00e1rios da Cebraspe delimitava expressamente as fun\u00e7\u00f5es de fot\u00f3grafo e jornalista. Para a primeira, exige-se curso superior completo na \u00e1rea ou curso de fotografia e, no m\u00ednimo, dois anos de experi\u00eancia, e, para a segunda, curso superior completo em jornalismo e, no m\u00ednimo, quatro anos de experi\u00eancia.\u00a0<\/p>\n<p>Tamb\u00e9m sustentou que assumia rotineiramente tarefas pr\u00f3prias de sua gestora, de maior complexidade e responsabilidade, em ac\u00famulo \u00e0s suas pr\u00f3prias atribui\u00e7\u00f5es. Pediu, assim, o deferimento do adicional de 30%.<\/p>\n<h4>Iniciativa pr\u00f3pria<\/h4>\n<p>O Cebraspe, em sua defesa, sustentou que a jornalista realizava essas atividades por iniciativa pr\u00f3pria, e, mesmo que n\u00e3o o fosse, elas podem ser enquadradas nas atribui\u00e7\u00f5es do cargo de jornalista, que prev\u00ea expressamente \u201cexecutar outras atividades de mesma natureza e grau de complexidade\u201d.<\/p>\n<h4>Campo de atua\u00e7\u00e3o<\/h4>\n<p>O ju\u00edzo de primeiro grau considerou que as tarefas elencadas por ela como pr\u00f3prias de fot\u00f3grafo n\u00e3o est\u00e3o necessariamente fora do campo de atua\u00e7\u00e3o de uma jornalista, sobretudo quando se considera que o Cebraspe n\u00e3o \u00e9 uma empresa de jornalismo, em que seria exig\u00edvel mais rigor na diferencia\u00e7\u00e3o de incumb\u00eancias. \u00a0Assim, o incontroverso trabalho com fotografia n\u00e3o caracteriza ac\u00famulo de fun\u00e7\u00e3o para uma Jornalista de uma associa\u00e7\u00e3o civil.\u00a0<\/p>\n<p>Contudo, deferiu adicional de 15% do sal\u00e1rio fixo da jornalista, tendo em vista a comprova\u00e7\u00e3o, mediante testemunhas, de que ela exercia rotineiramente atribui\u00e7\u00f5es da chefia, e n\u00e3o apenas de apoio eventual.<\/p>\n<p>O Tribunal Regional do Trabalho da 10\u00aa Regi\u00e3o (DF\/TO) manteve a senten\u00e7a.<\/p>\n<h4>Sem transcend\u00eancia<\/h4>\n<p>O relator do agravo de instrumento pelo qual a jornalista pretendia rediscutir o caso no TST, ministro Hugo Scheuermann, assinalou que o exame do recurso tem como pressuposto a transcend\u00eancia econ\u00f4mica, pol\u00edtica, social ou jur\u00eddica &#8211; e, no caso, esse requisito n\u00e3o foi preenchido.\u00a0<\/p>\n<p>Segundo o ministro, o TRT exp\u00f4s claramente os motivos pelos quais concluiu n\u00e3o ter havido o alegado ac\u00famulo de fun\u00e7\u00e3o. \u201cDelineado que as tarefas ligadas \u00e0 fotografia n\u00e3o eram estranhas \u00e0 condi\u00e7\u00e3o pessoal e contratual da empregada como jornalista, notadamente considerando as atividades empresariais, restaram repelidas as alega\u00e7\u00f5es em dire\u00e7\u00e3o diversa, inclusive as de que o plano de cargos e sal\u00e1rios respaldaria a caracteriza\u00e7\u00e3o do suposto ac\u00famulo de fun\u00e7\u00f5es\u201d, afirmou.<\/p>\n<p>A decis\u00e3o foi un\u00e2nime.<\/p>\n<p>(NC\/CF)<\/p>\n<p>Processo: <a href=\"https:\/\/aplicacao4.tst.jus.br\/consultaProcessual\/resumoForm.do?consulta=1&amp;numeroInt=314513&amp;anoInt=2021\" target=\"_blank\" rel=\"noopener\">Ag-AIRR-982-89.2019.5.10.0019<\/a><\/p>\n<p>Esta mat\u00e9ria tem cunho meramente informativo.<br \/>\nPermitida a reprodu\u00e7\u00e3o mediante cita\u00e7\u00e3o da fonte.<br \/>\nSecretaria de Comunica\u00e7\u00e3o Social<br \/>\n<a href=\"https:\/\/www.tst.jus.br\/\" target=\"_blank\" rel=\"noopener\">Tribunal Superior do Trabalho<\/a><br \/>\nTel. (61) 3043-4907<br \/>\n<a href=\"mailto:secom@tst.jus.br%20%C2%A0\" target=\"\" rel=\"noopener\">secom@tst.jus.br \u00a0<\/a><\/p>\n<\/div><\/div>\n<\/div>\n","protected":false},"excerpt":{"rendered":"<p>Segundo o relator, n\u00e3o ficou demonstrada a transcend\u00eancia da causa Imagem ilustrativa de pessoa ao computador manuseando m\u00e1quina fotogr\u00e1fica 15\/08\/22 &#8211;\u00a0A Primeira Turma do Tribunal Superior do Trabalho rejeitou o exame do recurso de revista de uma jornalista contra decis\u00e3o que indeferiu seu pedido de diferen\u00e7as salariais pelo ac\u00famulo de fun\u00e7\u00e3o como fot\u00f3grafa no Centro [&hellip;]<\/p>\n","protected":false},"author":0,"featured_media":13345,"comment_status":"open","ping_status":"","sticky":false,"template":"","format":"standard","meta":{"footnotes":""},"categories":[5],"tags":[],"class_list":["post-13344","post","type-post","status-publish","format-standard","has-post-thumbnail","hentry","category-noticias-educacao-financeira"],"blocksy_meta":{"styles_descriptor":{"styles":{"desktop":"","tablet":"","mobile":""},"google_fonts":[],"version":6}},"yoast_head":"<!-- This site is optimized with the Yoast SEO plugin v27.5 - https:\/\/yoast.com\/product\/yoast-seo-wordpress\/ -->\n<title>Jornalista n\u00e3o receber\u00e1 adicional de ac\u00famulo de fun\u00e7\u00e3o de fot\u00f3grafa\u00a0 - Contabilidade Caxias<\/title>\n<meta name=\"robots\" content=\"index, follow, max-snippet:-1, max-image-preview:large, max-video-preview:-1\" \/>\n<link rel=\"canonical\" href=\"https:\/\/contabilidadecaxias.com.br\/index.php\/2022\/08\/15\/jornalista-nao-recebera-adicional-de-acumulo-de-funcao-de-fotografa\/\" \/>\n<meta property=\"og:locale\" content=\"pt_BR\" \/>\n<meta property=\"og:type\" content=\"article\" \/>\n<meta property=\"og:title\" content=\"Jornalista n\u00e3o receber\u00e1 adicional de ac\u00famulo de fun\u00e7\u00e3o de fot\u00f3grafa\u00a0 - Contabilidade Caxias\" \/>\n<meta property=\"og:description\" content=\"Segundo o relator, n\u00e3o ficou demonstrada a transcend\u00eancia da causa Imagem ilustrativa de pessoa ao computador manuseando m\u00e1quina fotogr\u00e1fica 15\/08\/22 &#8211;\u00a0A Primeira Turma do Tribunal Superior do Trabalho rejeitou o exame do recurso de revista de uma jornalista contra decis\u00e3o que indeferiu seu pedido de diferen\u00e7as salariais pelo ac\u00famulo de fun\u00e7\u00e3o como fot\u00f3grafa no Centro [&hellip;]\" \/>\n<meta property=\"og:url\" content=\"https:\/\/contabilidadecaxias.com.br\/index.php\/2022\/08\/15\/jornalista-nao-recebera-adicional-de-acumulo-de-funcao-de-fotografa\/\" \/>\n<meta property=\"og:site_name\" content=\"Contabilidade Caxias\" \/>\n<meta property=\"article:published_time\" content=\"2022-08-15T18:02:24+00:00\" \/>\n<meta name=\"twitter:card\" content=\"summary_large_image\" \/>\n<meta name=\"twitter:label1\" content=\"Est. tempo de leitura\" \/>\n\t<meta name=\"twitter:data1\" content=\"3 minutos\" \/>\n<script type=\"application\/ld+json\" class=\"yoast-schema-graph\">{\"@context\":\"https:\\\/\\\/schema.org\",\"@graph\":[{\"@type\":\"Article\",\"@id\":\"https:\\\/\\\/contabilidadecaxias.com.br\\\/index.php\\\/2022\\\/08\\\/15\\\/jornalista-nao-recebera-adicional-de-acumulo-de-funcao-de-fotografa\\\/#article\",\"isPartOf\":{\"@id\":\"https:\\\/\\\/contabilidadecaxias.com.br\\\/index.php\\\/2022\\\/08\\\/15\\\/jornalista-nao-recebera-adicional-de-acumulo-de-funcao-de-fotografa\\\/\"},\"author\":{\"name\":\"\",\"@id\":\"\"},\"headline\":\"Jornalista n\u00e3o receber\u00e1 adicional de ac\u00famulo de fun\u00e7\u00e3o de fot\u00f3grafa\u00a0\",\"datePublished\":\"2022-08-15T18:02:24+00:00\",\"mainEntityOfPage\":{\"@id\":\"https:\\\/\\\/contabilidadecaxias.com.br\\\/index.php\\\/2022\\\/08\\\/15\\\/jornalista-nao-recebera-adicional-de-acumulo-de-funcao-de-fotografa\\\/\"},\"wordCount\":611,\"commentCount\":0,\"image\":{\"@id\":\"https:\\\/\\\/contabilidadecaxias.com.br\\\/index.php\\\/2022\\\/08\\\/15\\\/jornalista-nao-recebera-adicional-de-acumulo-de-funcao-de-fotografa\\\/#primaryimage\"},\"thumbnailUrl\":\"https:\\\/\\\/contabilidadecaxias.com.br\\\/wp-content\\\/uploads\\\/2022\\\/08\\\/6675aa0b-fa8a-8b31-59c6-42468f96c46f-SYj763.jpeg\",\"articleSection\":[\"Educa\u00e7\u00e3o Financeira\"],\"inLanguage\":\"pt-BR\",\"potentialAction\":[{\"@type\":\"CommentAction\",\"name\":\"Comment\",\"target\":[\"https:\\\/\\\/contabilidadecaxias.com.br\\\/index.php\\\/2022\\\/08\\\/15\\\/jornalista-nao-recebera-adicional-de-acumulo-de-funcao-de-fotografa\\\/#respond\"]}]},{\"@type\":\"WebPage\",\"@id\":\"https:\\\/\\\/contabilidadecaxias.com.br\\\/index.php\\\/2022\\\/08\\\/15\\\/jornalista-nao-recebera-adicional-de-acumulo-de-funcao-de-fotografa\\\/\",\"url\":\"https:\\\/\\\/contabilidadecaxias.com.br\\\/index.php\\\/2022\\\/08\\\/15\\\/jornalista-nao-recebera-adicional-de-acumulo-de-funcao-de-fotografa\\\/\",\"name\":\"Jornalista n\u00e3o receber\u00e1 adicional de ac\u00famulo de fun\u00e7\u00e3o de fot\u00f3grafa\u00a0 - Contabilidade Caxias\",\"isPartOf\":{\"@id\":\"https:\\\/\\\/contabilidadecaxias.com.br\\\/#website\"},\"primaryImageOfPage\":{\"@id\":\"https:\\\/\\\/contabilidadecaxias.com.br\\\/index.php\\\/2022\\\/08\\\/15\\\/jornalista-nao-recebera-adicional-de-acumulo-de-funcao-de-fotografa\\\/#primaryimage\"},\"image\":{\"@id\":\"https:\\\/\\\/contabilidadecaxias.com.br\\\/index.php\\\/2022\\\/08\\\/15\\\/jornalista-nao-recebera-adicional-de-acumulo-de-funcao-de-fotografa\\\/#primaryimage\"},\"thumbnailUrl\":\"https:\\\/\\\/contabilidadecaxias.com.br\\\/wp-content\\\/uploads\\\/2022\\\/08\\\/6675aa0b-fa8a-8b31-59c6-42468f96c46f-SYj763.jpeg\",\"datePublished\":\"2022-08-15T18:02:24+00:00\",\"author\":{\"@id\":\"\"},\"breadcrumb\":{\"@id\":\"https:\\\/\\\/contabilidadecaxias.com.br\\\/index.php\\\/2022\\\/08\\\/15\\\/jornalista-nao-recebera-adicional-de-acumulo-de-funcao-de-fotografa\\\/#breadcrumb\"},\"inLanguage\":\"pt-BR\",\"potentialAction\":[{\"@type\":\"ReadAction\",\"target\":[\"https:\\\/\\\/contabilidadecaxias.com.br\\\/index.php\\\/2022\\\/08\\\/15\\\/jornalista-nao-recebera-adicional-de-acumulo-de-funcao-de-fotografa\\\/\"]}]},{\"@type\":\"ImageObject\",\"inLanguage\":\"pt-BR\",\"@id\":\"https:\\\/\\\/contabilidadecaxias.com.br\\\/index.php\\\/2022\\\/08\\\/15\\\/jornalista-nao-recebera-adicional-de-acumulo-de-funcao-de-fotografa\\\/#primaryimage\",\"url\":\"https:\\\/\\\/contabilidadecaxias.com.br\\\/wp-content\\\/uploads\\\/2022\\\/08\\\/6675aa0b-fa8a-8b31-59c6-42468f96c46f-SYj763.jpeg\",\"contentUrl\":\"https:\\\/\\\/contabilidadecaxias.com.br\\\/wp-content\\\/uploads\\\/2022\\\/08\\\/6675aa0b-fa8a-8b31-59c6-42468f96c46f-SYj763.jpeg\",\"width\":1280,\"height\":853},{\"@type\":\"BreadcrumbList\",\"@id\":\"https:\\\/\\\/contabilidadecaxias.com.br\\\/index.php\\\/2022\\\/08\\\/15\\\/jornalista-nao-recebera-adicional-de-acumulo-de-funcao-de-fotografa\\\/#breadcrumb\",\"itemListElement\":[{\"@type\":\"ListItem\",\"position\":1,\"name\":\"In\u00edcio\",\"item\":\"https:\\\/\\\/contabilidadecaxias.com.br\\\/\"},{\"@type\":\"ListItem\",\"position\":2,\"name\":\"Jornalista n\u00e3o receber\u00e1 adicional de ac\u00famulo de fun\u00e7\u00e3o de fot\u00f3grafa\u00a0\"}]},{\"@type\":\"WebSite\",\"@id\":\"https:\\\/\\\/contabilidadecaxias.com.br\\\/#website\",\"url\":\"https:\\\/\\\/contabilidadecaxias.com.br\\\/\",\"name\":\"Contabilidade Caxias\",\"description\":\"Site especializado em Contabilidade para Caxias.\",\"potentialAction\":[{\"@type\":\"SearchAction\",\"target\":{\"@type\":\"EntryPoint\",\"urlTemplate\":\"https:\\\/\\\/contabilidadecaxias.com.br\\\/?s={search_term_string}\"},\"query-input\":{\"@type\":\"PropertyValueSpecification\",\"valueRequired\":true,\"valueName\":\"search_term_string\"}}],\"inLanguage\":\"pt-BR\"}]}<\/script>\n<!-- \/ Yoast SEO plugin. -->","yoast_head_json":{"title":"Jornalista n\u00e3o receber\u00e1 adicional de ac\u00famulo de fun\u00e7\u00e3o de fot\u00f3grafa\u00a0 - Contabilidade Caxias","robots":{"index":"index","follow":"follow","max-snippet":"max-snippet:-1","max-image-preview":"max-image-preview:large","max-video-preview":"max-video-preview:-1"},"canonical":"https:\/\/contabilidadecaxias.com.br\/index.php\/2022\/08\/15\/jornalista-nao-recebera-adicional-de-acumulo-de-funcao-de-fotografa\/","og_locale":"pt_BR","og_type":"article","og_title":"Jornalista n\u00e3o receber\u00e1 adicional de ac\u00famulo de fun\u00e7\u00e3o de fot\u00f3grafa\u00a0 - Contabilidade Caxias","og_description":"Segundo o relator, n\u00e3o ficou demonstrada a transcend\u00eancia da causa Imagem ilustrativa de pessoa ao computador manuseando m\u00e1quina fotogr\u00e1fica 15\/08\/22 &#8211;\u00a0A Primeira Turma do Tribunal Superior do Trabalho rejeitou o exame do recurso de revista de uma jornalista contra decis\u00e3o que indeferiu seu pedido de diferen\u00e7as salariais pelo ac\u00famulo de fun\u00e7\u00e3o como fot\u00f3grafa no Centro [&hellip;]","og_url":"https:\/\/contabilidadecaxias.com.br\/index.php\/2022\/08\/15\/jornalista-nao-recebera-adicional-de-acumulo-de-funcao-de-fotografa\/","og_site_name":"Contabilidade Caxias","article_published_time":"2022-08-15T18:02:24+00:00","twitter_card":"summary_large_image","twitter_misc":{"Est. tempo de leitura":"3 minutos"},"schema":{"@context":"https:\/\/schema.org","@graph":[{"@type":"Article","@id":"https:\/\/contabilidadecaxias.com.br\/index.php\/2022\/08\/15\/jornalista-nao-recebera-adicional-de-acumulo-de-funcao-de-fotografa\/#article","isPartOf":{"@id":"https:\/\/contabilidadecaxias.com.br\/index.php\/2022\/08\/15\/jornalista-nao-recebera-adicional-de-acumulo-de-funcao-de-fotografa\/"},"author":{"name":"","@id":""},"headline":"Jornalista n\u00e3o receber\u00e1 adicional de ac\u00famulo de fun\u00e7\u00e3o de fot\u00f3grafa\u00a0","datePublished":"2022-08-15T18:02:24+00:00","mainEntityOfPage":{"@id":"https:\/\/contabilidadecaxias.com.br\/index.php\/2022\/08\/15\/jornalista-nao-recebera-adicional-de-acumulo-de-funcao-de-fotografa\/"},"wordCount":611,"commentCount":0,"image":{"@id":"https:\/\/contabilidadecaxias.com.br\/index.php\/2022\/08\/15\/jornalista-nao-recebera-adicional-de-acumulo-de-funcao-de-fotografa\/#primaryimage"},"thumbnailUrl":"https:\/\/contabilidadecaxias.com.br\/wp-content\/uploads\/2022\/08\/6675aa0b-fa8a-8b31-59c6-42468f96c46f-SYj763.jpeg","articleSection":["Educa\u00e7\u00e3o Financeira"],"inLanguage":"pt-BR","potentialAction":[{"@type":"CommentAction","name":"Comment","target":["https:\/\/contabilidadecaxias.com.br\/index.php\/2022\/08\/15\/jornalista-nao-recebera-adicional-de-acumulo-de-funcao-de-fotografa\/#respond"]}]},{"@type":"WebPage","@id":"https:\/\/contabilidadecaxias.com.br\/index.php\/2022\/08\/15\/jornalista-nao-recebera-adicional-de-acumulo-de-funcao-de-fotografa\/","url":"https:\/\/contabilidadecaxias.com.br\/index.php\/2022\/08\/15\/jornalista-nao-recebera-adicional-de-acumulo-de-funcao-de-fotografa\/","name":"Jornalista n\u00e3o receber\u00e1 adicional de ac\u00famulo de fun\u00e7\u00e3o de fot\u00f3grafa\u00a0 - Contabilidade Caxias","isPartOf":{"@id":"https:\/\/contabilidadecaxias.com.br\/#website"},"primaryImageOfPage":{"@id":"https:\/\/contabilidadecaxias.com.br\/index.php\/2022\/08\/15\/jornalista-nao-recebera-adicional-de-acumulo-de-funcao-de-fotografa\/#primaryimage"},"image":{"@id":"https:\/\/contabilidadecaxias.com.br\/index.php\/2022\/08\/15\/jornalista-nao-recebera-adicional-de-acumulo-de-funcao-de-fotografa\/#primaryimage"},"thumbnailUrl":"https:\/\/contabilidadecaxias.com.br\/wp-content\/uploads\/2022\/08\/6675aa0b-fa8a-8b31-59c6-42468f96c46f-SYj763.jpeg","datePublished":"2022-08-15T18:02:24+00:00","author":{"@id":""},"breadcrumb":{"@id":"https:\/\/contabilidadecaxias.com.br\/index.php\/2022\/08\/15\/jornalista-nao-recebera-adicional-de-acumulo-de-funcao-de-fotografa\/#breadcrumb"},"inLanguage":"pt-BR","potentialAction":[{"@type":"ReadAction","target":["https:\/\/contabilidadecaxias.com.br\/index.php\/2022\/08\/15\/jornalista-nao-recebera-adicional-de-acumulo-de-funcao-de-fotografa\/"]}]},{"@type":"ImageObject","inLanguage":"pt-BR","@id":"https:\/\/contabilidadecaxias.com.br\/index.php\/2022\/08\/15\/jornalista-nao-recebera-adicional-de-acumulo-de-funcao-de-fotografa\/#primaryimage","url":"https:\/\/contabilidadecaxias.com.br\/wp-content\/uploads\/2022\/08\/6675aa0b-fa8a-8b31-59c6-42468f96c46f-SYj763.jpeg","contentUrl":"https:\/\/contabilidadecaxias.com.br\/wp-content\/uploads\/2022\/08\/6675aa0b-fa8a-8b31-59c6-42468f96c46f-SYj763.jpeg","width":1280,"height":853},{"@type":"BreadcrumbList","@id":"https:\/\/contabilidadecaxias.com.br\/index.php\/2022\/08\/15\/jornalista-nao-recebera-adicional-de-acumulo-de-funcao-de-fotografa\/#breadcrumb","itemListElement":[{"@type":"ListItem","position":1,"name":"In\u00edcio","item":"https:\/\/contabilidadecaxias.com.br\/"},{"@type":"ListItem","position":2,"name":"Jornalista n\u00e3o receber\u00e1 adicional de ac\u00famulo de fun\u00e7\u00e3o de fot\u00f3grafa\u00a0"}]},{"@type":"WebSite","@id":"https:\/\/contabilidadecaxias.com.br\/#website","url":"https:\/\/contabilidadecaxias.com.br\/","name":"Contabilidade Caxias","description":"Site especializado em Contabilidade para Caxias.","potentialAction":[{"@type":"SearchAction","target":{"@type":"EntryPoint","urlTemplate":"https:\/\/contabilidadecaxias.com.br\/?s={search_term_string}"},"query-input":{"@type":"PropertyValueSpecification","valueRequired":true,"valueName":"search_term_string"}}],"inLanguage":"pt-BR"}]}},"_links":{"self":[{"href":"https:\/\/contabilidadecaxias.com.br\/index.php\/wp-json\/wp\/v2\/posts\/13344","targetHints":{"allow":["GET"]}}],"collection":[{"href":"https:\/\/contabilidadecaxias.com.br\/index.php\/wp-json\/wp\/v2\/posts"}],"about":[{"href":"https:\/\/contabilidadecaxias.com.br\/index.php\/wp-json\/wp\/v2\/types\/post"}],"replies":[{"embeddable":true,"href":"https:\/\/contabilidadecaxias.com.br\/index.php\/wp-json\/wp\/v2\/comments?post=13344"}],"version-history":[{"count":0,"href":"https:\/\/contabilidadecaxias.com.br\/index.php\/wp-json\/wp\/v2\/posts\/13344\/revisions"}],"wp:featuredmedia":[{"embeddable":true,"href":"https:\/\/contabilidadecaxias.com.br\/index.php\/wp-json\/wp\/v2\/media\/13345"}],"wp:attachment":[{"href":"https:\/\/contabilidadecaxias.com.br\/index.php\/wp-json\/wp\/v2\/media?parent=13344"}],"wp:term":[{"taxonomy":"category","embeddable":true,"href":"https:\/\/contabilidadecaxias.com.br\/index.php\/wp-json\/wp\/v2\/categories?post=13344"},{"taxonomy":"post_tag","embeddable":true,"href":"https:\/\/contabilidadecaxias.com.br\/index.php\/wp-json\/wp\/v2\/tags?post=13344"}],"curies":[{"name":"wp","href":"https:\/\/api.w.org\/{rel}","templated":true}]}}