{"id":13336,"date":"2022-08-15T14:06:23","date_gmt":"2022-08-15T17:06:23","guid":{"rendered":"https:\/\/contabilidadecaxias.com.br\/index.php\/2022\/08\/15\/presidente-do-tst-recebe-advogados-para-cafe-da-manha\/"},"modified":"2022-08-15T14:06:23","modified_gmt":"2022-08-15T17:06:23","slug":"presidente-do-tst-recebe-advogados-para-cafe-da-manha","status":"publish","type":"post","link":"https:\/\/contabilidadecaxias.com.br\/index.php\/2022\/08\/15\/presidente-do-tst-recebe-advogados-para-cafe-da-manha\/","title":{"rendered":"Presidente do TST recebe advogados para caf\u00e9 da manh\u00e3"},"content":{"rendered":"<div class=\"noticia-wrapper\">\n<p><em><\/p>\n<p>Na oportunidade, o ministro ressaltou o empenho da Justi\u00e7a do Trabalho na tomada de provid\u00eancias em favor dos advogados<\/p>\n<p><\/em><\/p>\n<div class=\"social-media-share mobile\">\n        <a class=\"share-facebook\" href=\"https:\/\/www.facebook.com\/sharer.php?u=https:\/\/www.tst.jus.br\/-\/presidente-do-tst-recebe-advogados-para-caf%C3%A9-da-manh%C3%A3\" target=\"_blank\" rel=\"noopener\"><\/a><br \/>\n        <a class=\"share-twitter\" href=\"https:\/\/twitter.com\/intent\/tweet?text=Presidente%20do%20TST%20recebe%20advogados%20para%20caf%C3%A9%20da%20manh%C3%A3%0AVeja%20mais%20em:&amp;url=https:\/\/www.tst.jus.br\/-\/presidente-do-tst-recebe-advogados-para-caf%C3%A9-da-manh%C3%A3\" target=\"_blank\" rel=\"noopener\"><\/a><br \/>\n        <a class=\"share-linkedin\" href=\"https:\/\/www.linkedin.com\/shareArticle?mini=true&amp;url=https:\/\/www.tst.jus.br\/-\/presidente-do-tst-recebe-advogados-para-caf%C3%A9-da-manh%C3%A3&amp;title=Presidente%20do%20TST%20recebe%20advogados%20para%20caf%C3%A9%20da%20manh%C3%A3\" target=\"_blank\" rel=\"noopener\"><\/a><br \/>\n        <a class=\"share-whatsapp\" href=\"https:\/\/web.whatsapp.com\/send?text=https:\/\/www.tst.jus.br\/-\/presidente-do-tst-recebe-advogados-para-caf%C3%A9-da-manh%C3%A3\" target=\"_blank\" rel=\"noopener\"><\/a><br \/>\n        <a class=\"share-googleplus\" href=\"https:\/\/plus.google.com\/share?url=https:\/\/www.tst.jus.br\/-\/presidente-do-tst-recebe-advogados-para-caf%C3%A9-da-manh%C3%A3\" target=\"_blank\" rel=\"noopener\"><\/a>\n    <\/div>\n<div class=\"news-body\">\n<div class=\"imagem-da-noticia\">\n<p>Caf\u00e9 da manh\u00e3 do ministro Emmanoel Pereira com representantes da advocacia<\/p>\n<div class=\"social-media-share\">\n                    <a class=\"share-facebook\" href=\"https:\/\/www.facebook.com\/sharer.php?u=https:\/\/www.tst.jus.br\/-\/presidente-do-tst-recebe-advogados-para-caf%C3%A9-da-manh%C3%A3\" target=\"_blank\" rel=\"noopener\"><\/a><br \/>\n                    <a class=\"share-twitter\" href=\"https:\/\/twitter.com\/intent\/tweet?text=Presidente%20do%20TST%20recebe%20advogados%20para%20caf%C3%A9%20da%20manh%C3%A3%0AVeja%20mais%20em:&amp;url=https:\/\/www.tst.jus.br\/-\/presidente-do-tst-recebe-advogados-para-caf%C3%A9-da-manh%C3%A3\" target=\"_blank\" rel=\"noopener\"><\/a><br \/>\n                    <a class=\"share-linkedin\" href=\"https:\/\/www.linkedin.com\/shareArticle?mini=true&amp;url=https:\/\/www.tst.jus.br\/-\/presidente-do-tst-recebe-advogados-para-caf%C3%A9-da-manh%C3%A3&amp;title=Presidente%20do%20TST%20recebe%20advogados%20para%20caf%C3%A9%20da%20manh%C3%A3\" target=\"_blank\" rel=\"noopener\"><\/a><br \/>\n                    <a class=\"share-whatsapp\" href=\"https:\/\/web.whatsapp.com\/send?text=https:\/\/www.tst.jus.br\/-\/presidente-do-tst-recebe-advogados-para-caf%C3%A9-da-manh%C3%A3\" target=\"_blank\" rel=\"noopener\"><\/a><br \/>\n                    <a class=\"share-googleplus\" href=\"https:\/\/plus.google.com\/share?url=https:\/\/www.tst.jus.br\/-\/presidente-do-tst-recebe-advogados-para-caf%C3%A9-da-manh%C3%A3\" target=\"_blank\" rel=\"noopener\"><\/a>\n                <\/div>\n<\/p><\/div>\n<div class=\"materia\">\n<p>15\/08\/22 &#8211; O presidente do Tribunal Superior do Trabalho (TST) e do Conselho Superior da Justi\u00e7a do Trabalho (CSJT), ministro Emmanoel Pereira, recebeu para um caf\u00e9 da manh\u00e3 de cortesia advogados e operadores do Direito. O evento ocorreu nesta sexta-feira (12).<\/p>\n<p>Segundo o ministro, o encontro \u00e9 uma oportunidade para refor\u00e7ar o empenho do TST na tomada de provid\u00eancias em favor dos advogados. O presidente mencionou, entre outros exemplos, as novas funcionalidades desenvolvidas no Processo Judicial Eletr\u00f4nico (PJe). \u201cEstamos, sempre, de portas abertas \u00e0 advocacia. Agrade\u00e7o a todos pela presen\u00e7a e pela atua\u00e7\u00e3o, engrandecendo e fortalecendo, ainda mais, esta profiss\u00e3o t\u00e3o essencial \u00e0 Justi\u00e7a e valorizada pelo povo brasileiro\u201d, enfatizou.<\/p>\n<p>De acordo com o advogado trabalhista, Marcelo de Barros Dantas, a atua\u00e7\u00e3o do ministro Emmanoel Pereira, exaltando a fun\u00e7\u00e3o de uma justi\u00e7a social, \u00e9 imprescind\u00edvel para que n\u00e3o haja a aniquila\u00e7\u00e3o do capital sobre o trabalho. \u201cO ministro tem se empenhado muito na busca desse equil\u00edbrio das rela\u00e7\u00f5es entre patr\u00f5es e empregados. Isso \u00e9 motivo de muito orgulho para todos n\u00f3s, que militamos na Justi\u00e7a do Trabalho\u201d, ressaltou.<\/p>\n<p>Para a advogada e procuradora do estado do Rio Grande do Norte Magna Let\u00edcia de Azevedo Lopes C\u00e2mara, participar do encontro demonstra a relev\u00e2ncia da atua\u00e7\u00e3o dos advogados. \u201cEstarmos aqui denota a import\u00e2ncia da vincula\u00e7\u00e3o da advocacia \u00e0s cortes superiores e ao Minist\u00e9rio P\u00fablico, formando uma tr\u00edade essencial ao estado democr\u00e1tico de direito\u201d, resumiu.<\/p>\n<p>Para o advogado da Uni\u00e3o Bruno Godinho, \u201ca Justi\u00e7a do Trabalho tem uma relev\u00e2ncia enorme, e o gesto do presidente nesta recep\u00e7\u00e3o \u00e9 de uma generosidade, que dignifica a advocacia brasileira aproximando-nos do Poder Judici\u00e1rio\u201d.<\/p>\n<p>O mesmo pensamento \u00e9 compartilhado pela advogada Janaina Rangel, para quem o evento se revela como um espa\u00e7o de aproxima\u00e7\u00e3o. \u201cEste caf\u00e9 da manh\u00e3 \u00e9 um diferencial no nosso caminhar. Al\u00e9m de um reconhecimento, permite uma maior aproxima\u00e7\u00e3o da advocacia no \u00e2mbito do TST e a troca de experi\u00eancias\u201d, comentou. \u00a0<\/p>\n<p>O presidente concedeu ainda a medalha comemorativa dos 80 anos da Justi\u00e7a do Trabalho \u00e0s advogadas Ariadna Ribeiro Dantas e Anna Maria Reis.<\/p>\n<p>(AM\/GS)\u00a0<\/p>\n<\/div><\/div>\n<\/div>\n","protected":false},"excerpt":{"rendered":"<p>Na oportunidade, o ministro ressaltou o empenho da Justi\u00e7a do Trabalho na tomada de provid\u00eancias em favor dos advogados Caf\u00e9 da manh\u00e3 do ministro Emmanoel Pereira com representantes da advocacia 15\/08\/22 &#8211; O presidente do Tribunal Superior do Trabalho (TST) e do Conselho Superior da Justi\u00e7a do Trabalho (CSJT), ministro Emmanoel Pereira, recebeu para um [&hellip;]<\/p>\n","protected":false},"author":0,"featured_media":13337,"comment_status":"open","ping_status":"","sticky":false,"template":"","format":"standard","meta":{"footnotes":""},"categories":[5],"tags":[],"class_list":["post-13336","post","type-post","status-publish","format-standard","has-post-thumbnail","hentry","category-noticias-educacao-financeira"],"blocksy_meta":{"styles_descriptor":{"styles":{"desktop":"","tablet":"","mobile":""},"google_fonts":[],"version":6}},"yoast_head":"<!-- This site is optimized with the Yoast SEO plugin v27.4 - https:\/\/yoast.com\/product\/yoast-seo-wordpress\/ -->\n<title>Presidente do TST recebe advogados para caf\u00e9 da manh\u00e3 - Contabilidade Caxias<\/title>\n<meta name=\"robots\" content=\"index, follow, max-snippet:-1, max-image-preview:large, max-video-preview:-1\" \/>\n<link rel=\"canonical\" href=\"https:\/\/contabilidadecaxias.com.br\/index.php\/2022\/08\/15\/presidente-do-tst-recebe-advogados-para-cafe-da-manha\/\" \/>\n<meta property=\"og:locale\" content=\"pt_BR\" \/>\n<meta property=\"og:type\" content=\"article\" \/>\n<meta property=\"og:title\" content=\"Presidente do TST recebe advogados para caf\u00e9 da manh\u00e3 - Contabilidade Caxias\" \/>\n<meta property=\"og:description\" content=\"Na oportunidade, o ministro ressaltou o empenho da Justi\u00e7a do Trabalho na tomada de provid\u00eancias em favor dos advogados Caf\u00e9 da manh\u00e3 do ministro Emmanoel Pereira com representantes da advocacia 15\/08\/22 &#8211; O presidente do Tribunal Superior do Trabalho (TST) e do Conselho Superior da Justi\u00e7a do Trabalho (CSJT), ministro Emmanoel Pereira, recebeu para um [&hellip;]\" \/>\n<meta property=\"og:url\" content=\"https:\/\/contabilidadecaxias.com.br\/index.php\/2022\/08\/15\/presidente-do-tst-recebe-advogados-para-cafe-da-manha\/\" \/>\n<meta property=\"og:site_name\" content=\"Contabilidade Caxias\" \/>\n<meta property=\"article:published_time\" content=\"2022-08-15T17:06:23+00:00\" \/>\n<meta name=\"twitter:card\" content=\"summary_large_image\" \/>\n<meta name=\"twitter:label1\" content=\"Est. tempo de leitura\" \/>\n\t<meta name=\"twitter:data1\" content=\"2 minutos\" \/>\n<script type=\"application\/ld+json\" class=\"yoast-schema-graph\">{\"@context\":\"https:\\\/\\\/schema.org\",\"@graph\":[{\"@type\":\"Article\",\"@id\":\"https:\\\/\\\/contabilidadecaxias.com.br\\\/index.php\\\/2022\\\/08\\\/15\\\/presidente-do-tst-recebe-advogados-para-cafe-da-manha\\\/#article\",\"isPartOf\":{\"@id\":\"https:\\\/\\\/contabilidadecaxias.com.br\\\/index.php\\\/2022\\\/08\\\/15\\\/presidente-do-tst-recebe-advogados-para-cafe-da-manha\\\/\"},\"author\":{\"name\":\"\",\"@id\":\"\"},\"headline\":\"Presidente do TST recebe advogados para caf\u00e9 da manh\u00e3\",\"datePublished\":\"2022-08-15T17:06:23+00:00\",\"mainEntityOfPage\":{\"@id\":\"https:\\\/\\\/contabilidadecaxias.com.br\\\/index.php\\\/2022\\\/08\\\/15\\\/presidente-do-tst-recebe-advogados-para-cafe-da-manha\\\/\"},\"wordCount\":414,\"commentCount\":0,\"image\":{\"@id\":\"https:\\\/\\\/contabilidadecaxias.com.br\\\/index.php\\\/2022\\\/08\\\/15\\\/presidente-do-tst-recebe-advogados-para-cafe-da-manha\\\/#primaryimage\"},\"thumbnailUrl\":\"https:\\\/\\\/contabilidadecaxias.com.br\\\/wp-content\\\/uploads\\\/2022\\\/08\\\/9370fb00-b64e-4eb0-f0e8-71888f5c28c4-dQb6EH.jpeg\",\"articleSection\":[\"Educa\u00e7\u00e3o Financeira\"],\"inLanguage\":\"pt-BR\",\"potentialAction\":[{\"@type\":\"CommentAction\",\"name\":\"Comment\",\"target\":[\"https:\\\/\\\/contabilidadecaxias.com.br\\\/index.php\\\/2022\\\/08\\\/15\\\/presidente-do-tst-recebe-advogados-para-cafe-da-manha\\\/#respond\"]}]},{\"@type\":\"WebPage\",\"@id\":\"https:\\\/\\\/contabilidadecaxias.com.br\\\/index.php\\\/2022\\\/08\\\/15\\\/presidente-do-tst-recebe-advogados-para-cafe-da-manha\\\/\",\"url\":\"https:\\\/\\\/contabilidadecaxias.com.br\\\/index.php\\\/2022\\\/08\\\/15\\\/presidente-do-tst-recebe-advogados-para-cafe-da-manha\\\/\",\"name\":\"Presidente do TST recebe advogados para caf\u00e9 da manh\u00e3 - Contabilidade Caxias\",\"isPartOf\":{\"@id\":\"https:\\\/\\\/contabilidadecaxias.com.br\\\/#website\"},\"primaryImageOfPage\":{\"@id\":\"https:\\\/\\\/contabilidadecaxias.com.br\\\/index.php\\\/2022\\\/08\\\/15\\\/presidente-do-tst-recebe-advogados-para-cafe-da-manha\\\/#primaryimage\"},\"image\":{\"@id\":\"https:\\\/\\\/contabilidadecaxias.com.br\\\/index.php\\\/2022\\\/08\\\/15\\\/presidente-do-tst-recebe-advogados-para-cafe-da-manha\\\/#primaryimage\"},\"thumbnailUrl\":\"https:\\\/\\\/contabilidadecaxias.com.br\\\/wp-content\\\/uploads\\\/2022\\\/08\\\/9370fb00-b64e-4eb0-f0e8-71888f5c28c4-dQb6EH.jpeg\",\"datePublished\":\"2022-08-15T17:06:23+00:00\",\"author\":{\"@id\":\"\"},\"breadcrumb\":{\"@id\":\"https:\\\/\\\/contabilidadecaxias.com.br\\\/index.php\\\/2022\\\/08\\\/15\\\/presidente-do-tst-recebe-advogados-para-cafe-da-manha\\\/#breadcrumb\"},\"inLanguage\":\"pt-BR\",\"potentialAction\":[{\"@type\":\"ReadAction\",\"target\":[\"https:\\\/\\\/contabilidadecaxias.com.br\\\/index.php\\\/2022\\\/08\\\/15\\\/presidente-do-tst-recebe-advogados-para-cafe-da-manha\\\/\"]}]},{\"@type\":\"ImageObject\",\"inLanguage\":\"pt-BR\",\"@id\":\"https:\\\/\\\/contabilidadecaxias.com.br\\\/index.php\\\/2022\\\/08\\\/15\\\/presidente-do-tst-recebe-advogados-para-cafe-da-manha\\\/#primaryimage\",\"url\":\"https:\\\/\\\/contabilidadecaxias.com.br\\\/wp-content\\\/uploads\\\/2022\\\/08\\\/9370fb00-b64e-4eb0-f0e8-71888f5c28c4-dQb6EH.jpeg\",\"contentUrl\":\"https:\\\/\\\/contabilidadecaxias.com.br\\\/wp-content\\\/uploads\\\/2022\\\/08\\\/9370fb00-b64e-4eb0-f0e8-71888f5c28c4-dQb6EH.jpeg\",\"width\":1000,\"height\":667},{\"@type\":\"BreadcrumbList\",\"@id\":\"https:\\\/\\\/contabilidadecaxias.com.br\\\/index.php\\\/2022\\\/08\\\/15\\\/presidente-do-tst-recebe-advogados-para-cafe-da-manha\\\/#breadcrumb\",\"itemListElement\":[{\"@type\":\"ListItem\",\"position\":1,\"name\":\"In\u00edcio\",\"item\":\"https:\\\/\\\/contabilidadecaxias.com.br\\\/\"},{\"@type\":\"ListItem\",\"position\":2,\"name\":\"Presidente do TST recebe advogados para caf\u00e9 da manh\u00e3\"}]},{\"@type\":\"WebSite\",\"@id\":\"https:\\\/\\\/contabilidadecaxias.com.br\\\/#website\",\"url\":\"https:\\\/\\\/contabilidadecaxias.com.br\\\/\",\"name\":\"Contabilidade Caxias\",\"description\":\"Site especializado em Contabilidade para Caxias.\",\"potentialAction\":[{\"@type\":\"SearchAction\",\"target\":{\"@type\":\"EntryPoint\",\"urlTemplate\":\"https:\\\/\\\/contabilidadecaxias.com.br\\\/?s={search_term_string}\"},\"query-input\":{\"@type\":\"PropertyValueSpecification\",\"valueRequired\":true,\"valueName\":\"search_term_string\"}}],\"inLanguage\":\"pt-BR\"}]}<\/script>\n<!-- \/ Yoast SEO plugin. -->","yoast_head_json":{"title":"Presidente do TST recebe advogados para caf\u00e9 da manh\u00e3 - Contabilidade Caxias","robots":{"index":"index","follow":"follow","max-snippet":"max-snippet:-1","max-image-preview":"max-image-preview:large","max-video-preview":"max-video-preview:-1"},"canonical":"https:\/\/contabilidadecaxias.com.br\/index.php\/2022\/08\/15\/presidente-do-tst-recebe-advogados-para-cafe-da-manha\/","og_locale":"pt_BR","og_type":"article","og_title":"Presidente do TST recebe advogados para caf\u00e9 da manh\u00e3 - Contabilidade Caxias","og_description":"Na oportunidade, o ministro ressaltou o empenho da Justi\u00e7a do Trabalho na tomada de provid\u00eancias em favor dos advogados Caf\u00e9 da manh\u00e3 do ministro Emmanoel Pereira com representantes da advocacia 15\/08\/22 &#8211; O presidente do Tribunal Superior do Trabalho (TST) e do Conselho Superior da Justi\u00e7a do Trabalho (CSJT), ministro Emmanoel Pereira, recebeu para um [&hellip;]","og_url":"https:\/\/contabilidadecaxias.com.br\/index.php\/2022\/08\/15\/presidente-do-tst-recebe-advogados-para-cafe-da-manha\/","og_site_name":"Contabilidade Caxias","article_published_time":"2022-08-15T17:06:23+00:00","twitter_card":"summary_large_image","twitter_misc":{"Est. tempo de leitura":"2 minutos"},"schema":{"@context":"https:\/\/schema.org","@graph":[{"@type":"Article","@id":"https:\/\/contabilidadecaxias.com.br\/index.php\/2022\/08\/15\/presidente-do-tst-recebe-advogados-para-cafe-da-manha\/#article","isPartOf":{"@id":"https:\/\/contabilidadecaxias.com.br\/index.php\/2022\/08\/15\/presidente-do-tst-recebe-advogados-para-cafe-da-manha\/"},"author":{"name":"","@id":""},"headline":"Presidente do TST recebe advogados para caf\u00e9 da manh\u00e3","datePublished":"2022-08-15T17:06:23+00:00","mainEntityOfPage":{"@id":"https:\/\/contabilidadecaxias.com.br\/index.php\/2022\/08\/15\/presidente-do-tst-recebe-advogados-para-cafe-da-manha\/"},"wordCount":414,"commentCount":0,"image":{"@id":"https:\/\/contabilidadecaxias.com.br\/index.php\/2022\/08\/15\/presidente-do-tst-recebe-advogados-para-cafe-da-manha\/#primaryimage"},"thumbnailUrl":"https:\/\/contabilidadecaxias.com.br\/wp-content\/uploads\/2022\/08\/9370fb00-b64e-4eb0-f0e8-71888f5c28c4-dQb6EH.jpeg","articleSection":["Educa\u00e7\u00e3o Financeira"],"inLanguage":"pt-BR","potentialAction":[{"@type":"CommentAction","name":"Comment","target":["https:\/\/contabilidadecaxias.com.br\/index.php\/2022\/08\/15\/presidente-do-tst-recebe-advogados-para-cafe-da-manha\/#respond"]}]},{"@type":"WebPage","@id":"https:\/\/contabilidadecaxias.com.br\/index.php\/2022\/08\/15\/presidente-do-tst-recebe-advogados-para-cafe-da-manha\/","url":"https:\/\/contabilidadecaxias.com.br\/index.php\/2022\/08\/15\/presidente-do-tst-recebe-advogados-para-cafe-da-manha\/","name":"Presidente do TST recebe advogados para caf\u00e9 da manh\u00e3 - Contabilidade Caxias","isPartOf":{"@id":"https:\/\/contabilidadecaxias.com.br\/#website"},"primaryImageOfPage":{"@id":"https:\/\/contabilidadecaxias.com.br\/index.php\/2022\/08\/15\/presidente-do-tst-recebe-advogados-para-cafe-da-manha\/#primaryimage"},"image":{"@id":"https:\/\/contabilidadecaxias.com.br\/index.php\/2022\/08\/15\/presidente-do-tst-recebe-advogados-para-cafe-da-manha\/#primaryimage"},"thumbnailUrl":"https:\/\/contabilidadecaxias.com.br\/wp-content\/uploads\/2022\/08\/9370fb00-b64e-4eb0-f0e8-71888f5c28c4-dQb6EH.jpeg","datePublished":"2022-08-15T17:06:23+00:00","author":{"@id":""},"breadcrumb":{"@id":"https:\/\/contabilidadecaxias.com.br\/index.php\/2022\/08\/15\/presidente-do-tst-recebe-advogados-para-cafe-da-manha\/#breadcrumb"},"inLanguage":"pt-BR","potentialAction":[{"@type":"ReadAction","target":["https:\/\/contabilidadecaxias.com.br\/index.php\/2022\/08\/15\/presidente-do-tst-recebe-advogados-para-cafe-da-manha\/"]}]},{"@type":"ImageObject","inLanguage":"pt-BR","@id":"https:\/\/contabilidadecaxias.com.br\/index.php\/2022\/08\/15\/presidente-do-tst-recebe-advogados-para-cafe-da-manha\/#primaryimage","url":"https:\/\/contabilidadecaxias.com.br\/wp-content\/uploads\/2022\/08\/9370fb00-b64e-4eb0-f0e8-71888f5c28c4-dQb6EH.jpeg","contentUrl":"https:\/\/contabilidadecaxias.com.br\/wp-content\/uploads\/2022\/08\/9370fb00-b64e-4eb0-f0e8-71888f5c28c4-dQb6EH.jpeg","width":1000,"height":667},{"@type":"BreadcrumbList","@id":"https:\/\/contabilidadecaxias.com.br\/index.php\/2022\/08\/15\/presidente-do-tst-recebe-advogados-para-cafe-da-manha\/#breadcrumb","itemListElement":[{"@type":"ListItem","position":1,"name":"In\u00edcio","item":"https:\/\/contabilidadecaxias.com.br\/"},{"@type":"ListItem","position":2,"name":"Presidente do TST recebe advogados para caf\u00e9 da manh\u00e3"}]},{"@type":"WebSite","@id":"https:\/\/contabilidadecaxias.com.br\/#website","url":"https:\/\/contabilidadecaxias.com.br\/","name":"Contabilidade Caxias","description":"Site especializado em Contabilidade para Caxias.","potentialAction":[{"@type":"SearchAction","target":{"@type":"EntryPoint","urlTemplate":"https:\/\/contabilidadecaxias.com.br\/?s={search_term_string}"},"query-input":{"@type":"PropertyValueSpecification","valueRequired":true,"valueName":"search_term_string"}}],"inLanguage":"pt-BR"}]}},"_links":{"self":[{"href":"https:\/\/contabilidadecaxias.com.br\/index.php\/wp-json\/wp\/v2\/posts\/13336","targetHints":{"allow":["GET"]}}],"collection":[{"href":"https:\/\/contabilidadecaxias.com.br\/index.php\/wp-json\/wp\/v2\/posts"}],"about":[{"href":"https:\/\/contabilidadecaxias.com.br\/index.php\/wp-json\/wp\/v2\/types\/post"}],"replies":[{"embeddable":true,"href":"https:\/\/contabilidadecaxias.com.br\/index.php\/wp-json\/wp\/v2\/comments?post=13336"}],"version-history":[{"count":0,"href":"https:\/\/contabilidadecaxias.com.br\/index.php\/wp-json\/wp\/v2\/posts\/13336\/revisions"}],"wp:featuredmedia":[{"embeddable":true,"href":"https:\/\/contabilidadecaxias.com.br\/index.php\/wp-json\/wp\/v2\/media\/13337"}],"wp:attachment":[{"href":"https:\/\/contabilidadecaxias.com.br\/index.php\/wp-json\/wp\/v2\/media?parent=13336"}],"wp:term":[{"taxonomy":"category","embeddable":true,"href":"https:\/\/contabilidadecaxias.com.br\/index.php\/wp-json\/wp\/v2\/categories?post=13336"},{"taxonomy":"post_tag","embeddable":true,"href":"https:\/\/contabilidadecaxias.com.br\/index.php\/wp-json\/wp\/v2\/tags?post=13336"}],"curies":[{"name":"wp","href":"https:\/\/api.w.org\/{rel}","templated":true}]}}