{"id":13334,"date":"2022-08-15T14:06:20","date_gmt":"2022-08-15T17:06:20","guid":{"rendered":"https:\/\/contabilidadecaxias.com.br\/index.php\/2022\/08\/15\/faculdade-nao-precisara-reintegrar-professores-demitidos-em-bh\/"},"modified":"2022-08-15T14:06:20","modified_gmt":"2022-08-15T17:06:20","slug":"faculdade-nao-precisara-reintegrar-professores-demitidos-em-bh","status":"publish","type":"post","link":"https:\/\/contabilidadecaxias.com.br\/index.php\/2022\/08\/15\/faculdade-nao-precisara-reintegrar-professores-demitidos-em-bh\/","title":{"rendered":"Faculdade n\u00e3o precisar\u00e1 reintegrar professores demitidos em BH"},"content":{"rendered":"<div class=\"noticia-wrapper\">\n<p><em><\/p>\n<p>A SDI-2 reconheceu que a institui\u00e7\u00e3o n\u00e3o estava obrigada a fazer negocia\u00e7\u00e3o pr\u00e9via<\/p>\n<p><\/em><\/p>\n<div class=\"social-media-share mobile\">\n        <a class=\"share-facebook\" href=\"https:\/\/www.facebook.com\/sharer.php?u=https:\/\/www.tst.jus.br\/-\/faculdade-n%C3%A3o-precisar%C3%A1-reintegrar-professores-demitidos-em-bh\" target=\"_blank\" rel=\"noopener\"><\/a><br \/>\n        <a class=\"share-twitter\" href=\"https:\/\/twitter.com\/intent\/tweet?text=Faculdade%20n%C3%A3o%20precisar%C3%A1%20reintegrar%20professores%20demitidos%20em%20BH%0AVeja%20mais%20em:&amp;url=https:\/\/www.tst.jus.br\/-\/faculdade-n%C3%A3o-precisar%C3%A1-reintegrar-professores-demitidos-em-bh\" target=\"_blank\" rel=\"noopener\"><\/a><br \/>\n        <a class=\"share-linkedin\" href=\"https:\/\/www.linkedin.com\/shareArticle?mini=true&amp;url=https:\/\/www.tst.jus.br\/-\/faculdade-n%C3%A3o-precisar%C3%A1-reintegrar-professores-demitidos-em-bh&amp;title=Faculdade%20n%C3%A3o%20precisar%C3%A1%20reintegrar%20professores%20demitidos%20em%20BH\" target=\"_blank\" rel=\"noopener\"><\/a><br \/>\n        <a class=\"share-whatsapp\" href=\"https:\/\/web.whatsapp.com\/send?text=https:\/\/www.tst.jus.br\/-\/faculdade-n%C3%A3o-precisar%C3%A1-reintegrar-professores-demitidos-em-bh\" target=\"_blank\" rel=\"noopener\"><\/a><br \/>\n        <a class=\"share-googleplus\" href=\"https:\/\/plus.google.com\/share?url=https:\/\/www.tst.jus.br\/-\/faculdade-n%C3%A3o-precisar%C3%A1-reintegrar-professores-demitidos-em-bh\" target=\"_blank\" rel=\"noopener\"><\/a>\n    <\/div>\n<div class=\"news-body\">\n<div class=\"imagem-da-noticia\">\n<p>Ministro Emmanoel Pereira, presidente do TST<\/p>\n<div class=\"social-media-share\">\n                    <a class=\"share-facebook\" href=\"https:\/\/www.facebook.com\/sharer.php?u=https:\/\/www.tst.jus.br\/-\/faculdade-n%C3%A3o-precisar%C3%A1-reintegrar-professores-demitidos-em-bh\" target=\"_blank\" rel=\"noopener\"><\/a><br \/>\n                    <a class=\"share-twitter\" href=\"https:\/\/twitter.com\/intent\/tweet?text=Faculdade%20n%C3%A3o%20precisar%C3%A1%20reintegrar%20professores%20demitidos%20em%20BH%0AVeja%20mais%20em:&amp;url=https:\/\/www.tst.jus.br\/-\/faculdade-n%C3%A3o-precisar%C3%A1-reintegrar-professores-demitidos-em-bh\" target=\"_blank\" rel=\"noopener\"><\/a><br \/>\n                    <a class=\"share-linkedin\" href=\"https:\/\/www.linkedin.com\/shareArticle?mini=true&amp;url=https:\/\/www.tst.jus.br\/-\/faculdade-n%C3%A3o-precisar%C3%A1-reintegrar-professores-demitidos-em-bh&amp;title=Faculdade%20n%C3%A3o%20precisar%C3%A1%20reintegrar%20professores%20demitidos%20em%20BH\" target=\"_blank\" rel=\"noopener\"><\/a><br \/>\n                    <a class=\"share-whatsapp\" href=\"https:\/\/web.whatsapp.com\/send?text=https:\/\/www.tst.jus.br\/-\/faculdade-n%C3%A3o-precisar%C3%A1-reintegrar-professores-demitidos-em-bh\" target=\"_blank\" rel=\"noopener\"><\/a><br \/>\n                    <a class=\"share-googleplus\" href=\"https:\/\/plus.google.com\/share?url=https:\/\/www.tst.jus.br\/-\/faculdade-n%C3%A3o-precisar%C3%A1-reintegrar-professores-demitidos-em-bh\" target=\"_blank\" rel=\"noopener\"><\/a>\n                <\/div>\n<\/p><\/div>\n<div class=\"materia\">\n<p>15\/08\/22 &#8211; A \u00a0Subse\u00e7\u00e3o II Especializada em Diss\u00eddios Individuais (SDI-2) do Tribunal Superior do Trabalho concluiu que a Sociedade de Ensino Superior Est\u00e1cio de S\u00e1 n\u00e3o est\u00e1 obrigada a reintegrar cerca de 100 professores demitidos sem justa causa, em Belo Horizonte (MG), pelo fato de n\u00e3o ter negociado a medida com o Sindicato dos Professores do Estado de Minas Gerais (Sinpro-MG). A decis\u00e3o do colegiado est\u00e1 amparada no entendimento do Supremo Tribunal Federal (STF) que admite a dispensa coletiva sem a necessidade de autoriza\u00e7\u00e3o pr\u00e9via da entidade sindical ou da celebra\u00e7\u00e3o de conven\u00e7\u00e3o ou acordo coletivo de trabalho para validar o ato.\u00a0<\/p>\n<h4>Dispensa<\/h4>\n<p>As dispensas ocorreram em novembro e dezembro de 2017, levando o Sinpro-MG a ajuizar a\u00e7\u00e3o civil p\u00fablica pedindo a reintegra\u00e7\u00e3o do grupo. A tutela de urg\u00eancia foi indeferida pelo ju\u00edzo da 46\u00aa Vara do Trabalho de Belo Horizonte.<\/p>\n<p>Na ocasi\u00e3o, o sindicato tamb\u00e9m requereu que a institui\u00e7\u00e3o apresentasse, em ju\u00edzo, a lista completa dos profissionais demitidos, com os respectivos termos de rescis\u00e3o contratual, e das pessoas que estariam sendo contratadas e os valores de seus sal\u00e1rios. Esse pedido foi acolhido, mas a Est\u00e1cio n\u00e3o foi proibida de promover novas dispensas.<\/p>\n<h4>Mandado de seguran\u00e7a<\/h4>\n<p>Contra a negativa, o sindicato impetrou mandado de seguran\u00e7a, argumentando que a Est\u00e1cio, na qualidade de segunda maior institui\u00e7\u00e3o de ensino do pa\u00eds, havia demitido, sem justa causa, 1.200 professores do seu quadro de pessoal, que totalizava \u00a0cerca de sete mil professores. Apenas em Belo Horizonte, foram dispensados aproximadamente 100 profissionais. \u00a0<\/p>\n<p>Para o Sinpro, a Constitui\u00e7\u00e3o Federal n\u00e3o autoriza a dispensa coletiva de forma arbitr\u00e1ria, e a contrata\u00e7\u00e3o de outras pessoas em condi\u00e7\u00f5es de trabalho inferiores configura fraude trabalhista.<\/p>\n<h4>Di\u00e1logo entre as partes<\/h4>\n<p>O Tribunal Regional do Trabalho da 3\u00aa Regi\u00e3o (MG) determinou a imediata reintegra\u00e7\u00e3o dos professores demitidos em Belo Horizonte, sob pena de multa di\u00e1ria de R$500 por professor em caso de descumprimento. Segundo o TRT, o entendimento do TST \u00e9 de que a dispensa em massa de trabalhadores requer, para sua validade, ampla e pr\u00e9via negocia\u00e7\u00e3o coletiva, considerando os princ\u00edpios constitucionais da dignidade da pessoa humana, do valor social do trabalho e da fun\u00e7\u00e3o social da empresa.<\/p>\n<p>No recurso ordin\u00e1rio apresentado ao TST, a Est\u00e1cio defendeu, em s\u00edntese, a legalidade da dispensa coletiva com base na Reforma Trabalhista e pediu a suspens\u00e3o imediata da obriga\u00e7\u00e3o de reintegrar os professores demitidos.<\/p>\n<h4>Sem exig\u00eancia legal<\/h4>\n<p>Em car\u00e1ter liminar, o presidente do TST, ministro Emmanoel Pereira, afastou a obriga\u00e7\u00e3o. Ele levou em considera\u00e7\u00e3o que os empregados n\u00e3o tinham estabilidade no emprego e que o artigo 477-A da CLT, inclu\u00eddo pela Reforma Trabalhista (<a href=\"https:\/\/www.planalto.gov.br\/ccivil_03\/_ato2015-2018\/2017\/lei\/l13467.htm\" target=\"_blank\" rel=\"noopener\">Lei 13.467\/2017<\/a>), afasta a necessidade de autoriza\u00e7\u00e3o pr\u00e9via de entidade sindical ou de instrumento normativo para a validade das dispensas individuais, pl\u00farimas ou coletivas e o fato de que o ato de dispensa \u00e9 direito do empregador. \u201cNessas condi\u00e7\u00f5es, n\u00e3o prevalece a afirma\u00e7\u00e3o de ocorr\u00eancia de dispensa arbitr\u00e1ria pela aus\u00eancia de negocia\u00e7\u00e3o coletiva pr\u00e9via \u00e0 dispensa em massa\u201d, concluiu.\u00a0<\/p>\n<p>O ministro manteve, contudo, a determina\u00e7\u00e3o da apresenta\u00e7\u00e3o das listas de rescis\u00f5es e contrata\u00e7\u00f5es pela institui\u00e7\u00e3o de ensino.<\/p>\n<h4>Interven\u00e7\u00e3o sindical x autoriza\u00e7\u00e3o pr\u00e9via<\/h4>\n<p>Na an\u00e1lise do m\u00e9rito do recurso pela SDI-2, na sess\u00e3o de 9\/8, o presidente do TST observou que a Se\u00e7\u00e3o Especializada em Diss\u00eddios Coletivos (SDC), no processo <a href=\"https:\/\/consultaprocessual.tst.jus.br\/consultaProcessual\/consultaTstNumUnica.do?consulta=Consultar&amp;conscsjt=&amp;numeroTst=30900&amp;digitoTst=12&amp;anoTst=2009&amp;orgaoTst=5&amp;tribunalTst=15&amp;varaTst=0000&amp;submit=Consultar\" target=\"_blank\" rel=\"noopener\">RODC-30900-12.2009.5.15.0000<\/a>, firmou entendimento de que a negocia\u00e7\u00e3o coletiva \u00e9 o instrumento h\u00e1bil para a solu\u00e7\u00e3o do conflito que envolve dispensa coletiva. Contra essa decis\u00e3o, as empresas envolvidas recorreram ao Supremo Tribunal Federal (<a href=\"https:\/\/portal.stf.jus.br\/processos\/detalhe.asp?incidente=5059065\" target=\"_blank\" rel=\"noopener\">Recurso Extraordin\u00e1rio 999435<\/a>), que fixou a tese, de car\u00e1ter vinculante (<a href=\"https:\/\/portal.stf.jus.br\/repercussaogeral\/teses.asp\" target=\"_blank\" rel=\"noopener\">Tema 638 <\/a>de Repercuss\u00e3o Geral do STF), de que a interven\u00e7\u00e3o sindical pr\u00e9via \u00e9 exig\u00eancia procedimental imprescind\u00edvel para dispensa em massa, mas n\u00e3o se confunde com a autoriza\u00e7\u00e3o pr\u00e9via da entidade sindical ou a celebra\u00e7\u00e3o de conven\u00e7\u00e3o ou acordo coletivo. Isso afasta a tese do sindicato de que a institui\u00e7\u00e3o de ensino n\u00e3o poderia dispensar os professores sem antes iniciar negocia\u00e7\u00e3o coletiva.<\/p>\n<p>De acordo com o ministro Emmanoel Pereira, o exame de eventual irregularidade nas rescis\u00f5es e nas novas contrata\u00e7\u00f5es ser\u00e1 feito na a\u00e7\u00e3o civil p\u00fablica em tramita\u00e7\u00e3o na 46\u00aa Vara do Trabalho de BH.<\/p>\n<p>Posi\u00e7\u00e3o do STF<\/p>\n<p>O ministro Douglas Alencar apresentou voto convergente ao do relator, tendo em vista a posi\u00e7\u00e3o do Supremo acerca desse tema. Ele ressaltou que a decis\u00e3o do STF n\u00e3o fixara as consequ\u00eancias decorrentes da quebra do dever negocial pr\u00e9vio, apesar de ter reconhecido a necessidade do di\u00e1logo social antes das demiss\u00f5es coletivas.<\/p>\n<p>J\u00e1 o ministro Alberto Balazeiro divergiu do relator, por entender que a aus\u00eancia de negocia\u00e7\u00e3o coletiva pr\u00e9via est\u00e1 em desalinho com a orienta\u00e7\u00e3o do Supremo. O ministro Pinto Martins manifestou ressalva de entendimento.\u00a0<\/p>\n<p>A decis\u00e3o foi por maioria de votos.\u00a0<\/p>\n<p>(LF\/CF)<\/p>\n<p>Processo: <a href=\"https:\/\/consultaprocessual.tst.jus.br\/consultaProcessual\/consultaTstNumUnica.do?consulta=Consultar&amp;conscsjt=&amp;numeroTst=11778&amp;digitoTst=65&amp;anoTst=2017&amp;orgaoTst=5&amp;tribunalTst=03&amp;varaTst=0000&amp;submit=Consultar\" target=\"_blank\" rel=\"noopener\">RO-11778-65.2017.5.03.0000<\/a><\/p>\n<p>Esta mat\u00e9ria tem cunho meramente informativo.<br \/>\nPermitida a reprodu\u00e7\u00e3o mediante cita\u00e7\u00e3o da fonte.<br \/>\nSecretaria de Comunica\u00e7\u00e3o Social<br \/>\n<a href=\"https:\/\/www.tst.jus.br\/\" target=\"_blank\" rel=\"noopener\">Tribunal Superior do Trabalho<\/a><br \/>\nTel. (61) 3043-4907<br \/>\n<a href=\"mailto:secom@tst.jus.br\" target=\"\" rel=\"noopener\">secom@tst.jus.br<\/a><\/p>\n<\/div><\/div>\n<\/div>\n","protected":false},"excerpt":{"rendered":"<p>A SDI-2 reconheceu que a institui\u00e7\u00e3o n\u00e3o estava obrigada a fazer negocia\u00e7\u00e3o pr\u00e9via Ministro Emmanoel Pereira, presidente do TST 15\/08\/22 &#8211; A \u00a0Subse\u00e7\u00e3o II Especializada em Diss\u00eddios Individuais (SDI-2) do Tribunal Superior do Trabalho concluiu que a Sociedade de Ensino Superior Est\u00e1cio de S\u00e1 n\u00e3o est\u00e1 obrigada a reintegrar cerca de 100 professores demitidos sem [&hellip;]<\/p>\n","protected":false},"author":0,"featured_media":13335,"comment_status":"open","ping_status":"","sticky":false,"template":"","format":"standard","meta":{"footnotes":""},"categories":[5],"tags":[],"class_list":["post-13334","post","type-post","status-publish","format-standard","has-post-thumbnail","hentry","category-noticias-educacao-financeira"],"blocksy_meta":{"styles_descriptor":{"styles":{"desktop":"","tablet":"","mobile":""},"google_fonts":[],"version":6}},"yoast_head":"<!-- This site is optimized with the Yoast SEO plugin v27.4 - https:\/\/yoast.com\/product\/yoast-seo-wordpress\/ -->\n<title>Faculdade n\u00e3o precisar\u00e1 reintegrar professores demitidos em BH - Contabilidade Caxias<\/title>\n<meta name=\"robots\" content=\"index, follow, max-snippet:-1, max-image-preview:large, max-video-preview:-1\" \/>\n<link rel=\"canonical\" href=\"https:\/\/contabilidadecaxias.com.br\/index.php\/2022\/08\/15\/faculdade-nao-precisara-reintegrar-professores-demitidos-em-bh\/\" \/>\n<meta property=\"og:locale\" content=\"pt_BR\" \/>\n<meta property=\"og:type\" content=\"article\" \/>\n<meta property=\"og:title\" content=\"Faculdade n\u00e3o precisar\u00e1 reintegrar professores demitidos em BH - Contabilidade Caxias\" \/>\n<meta property=\"og:description\" content=\"A SDI-2 reconheceu que a institui\u00e7\u00e3o n\u00e3o estava obrigada a fazer negocia\u00e7\u00e3o pr\u00e9via Ministro Emmanoel Pereira, presidente do TST 15\/08\/22 &#8211; A \u00a0Subse\u00e7\u00e3o II Especializada em Diss\u00eddios Individuais (SDI-2) do Tribunal Superior do Trabalho concluiu que a Sociedade de Ensino Superior Est\u00e1cio de S\u00e1 n\u00e3o est\u00e1 obrigada a reintegrar cerca de 100 professores demitidos sem [&hellip;]\" \/>\n<meta property=\"og:url\" content=\"https:\/\/contabilidadecaxias.com.br\/index.php\/2022\/08\/15\/faculdade-nao-precisara-reintegrar-professores-demitidos-em-bh\/\" \/>\n<meta property=\"og:site_name\" content=\"Contabilidade Caxias\" \/>\n<meta property=\"article:published_time\" content=\"2022-08-15T17:06:20+00:00\" \/>\n<meta name=\"twitter:card\" content=\"summary_large_image\" \/>\n<meta name=\"twitter:label1\" content=\"Est. tempo de leitura\" \/>\n\t<meta name=\"twitter:data1\" content=\"5 minutos\" \/>\n<script type=\"application\/ld+json\" class=\"yoast-schema-graph\">{\"@context\":\"https:\\\/\\\/schema.org\",\"@graph\":[{\"@type\":\"Article\",\"@id\":\"https:\\\/\\\/contabilidadecaxias.com.br\\\/index.php\\\/2022\\\/08\\\/15\\\/faculdade-nao-precisara-reintegrar-professores-demitidos-em-bh\\\/#article\",\"isPartOf\":{\"@id\":\"https:\\\/\\\/contabilidadecaxias.com.br\\\/index.php\\\/2022\\\/08\\\/15\\\/faculdade-nao-precisara-reintegrar-professores-demitidos-em-bh\\\/\"},\"author\":{\"name\":\"\",\"@id\":\"\"},\"headline\":\"Faculdade n\u00e3o precisar\u00e1 reintegrar professores demitidos em BH\",\"datePublished\":\"2022-08-15T17:06:20+00:00\",\"mainEntityOfPage\":{\"@id\":\"https:\\\/\\\/contabilidadecaxias.com.br\\\/index.php\\\/2022\\\/08\\\/15\\\/faculdade-nao-precisara-reintegrar-professores-demitidos-em-bh\\\/\"},\"wordCount\":933,\"commentCount\":0,\"image\":{\"@id\":\"https:\\\/\\\/contabilidadecaxias.com.br\\\/index.php\\\/2022\\\/08\\\/15\\\/faculdade-nao-precisara-reintegrar-professores-demitidos-em-bh\\\/#primaryimage\"},\"thumbnailUrl\":\"https:\\\/\\\/contabilidadecaxias.com.br\\\/wp-content\\\/uploads\\\/2022\\\/08\\\/33187e6b-2820-1063-7d7d-6ca20d738d34-c4DA1Y.jpeg\",\"articleSection\":[\"Educa\u00e7\u00e3o Financeira\"],\"inLanguage\":\"pt-BR\",\"potentialAction\":[{\"@type\":\"CommentAction\",\"name\":\"Comment\",\"target\":[\"https:\\\/\\\/contabilidadecaxias.com.br\\\/index.php\\\/2022\\\/08\\\/15\\\/faculdade-nao-precisara-reintegrar-professores-demitidos-em-bh\\\/#respond\"]}]},{\"@type\":\"WebPage\",\"@id\":\"https:\\\/\\\/contabilidadecaxias.com.br\\\/index.php\\\/2022\\\/08\\\/15\\\/faculdade-nao-precisara-reintegrar-professores-demitidos-em-bh\\\/\",\"url\":\"https:\\\/\\\/contabilidadecaxias.com.br\\\/index.php\\\/2022\\\/08\\\/15\\\/faculdade-nao-precisara-reintegrar-professores-demitidos-em-bh\\\/\",\"name\":\"Faculdade n\u00e3o precisar\u00e1 reintegrar professores demitidos em BH - Contabilidade Caxias\",\"isPartOf\":{\"@id\":\"https:\\\/\\\/contabilidadecaxias.com.br\\\/#website\"},\"primaryImageOfPage\":{\"@id\":\"https:\\\/\\\/contabilidadecaxias.com.br\\\/index.php\\\/2022\\\/08\\\/15\\\/faculdade-nao-precisara-reintegrar-professores-demitidos-em-bh\\\/#primaryimage\"},\"image\":{\"@id\":\"https:\\\/\\\/contabilidadecaxias.com.br\\\/index.php\\\/2022\\\/08\\\/15\\\/faculdade-nao-precisara-reintegrar-professores-demitidos-em-bh\\\/#primaryimage\"},\"thumbnailUrl\":\"https:\\\/\\\/contabilidadecaxias.com.br\\\/wp-content\\\/uploads\\\/2022\\\/08\\\/33187e6b-2820-1063-7d7d-6ca20d738d34-c4DA1Y.jpeg\",\"datePublished\":\"2022-08-15T17:06:20+00:00\",\"author\":{\"@id\":\"\"},\"breadcrumb\":{\"@id\":\"https:\\\/\\\/contabilidadecaxias.com.br\\\/index.php\\\/2022\\\/08\\\/15\\\/faculdade-nao-precisara-reintegrar-professores-demitidos-em-bh\\\/#breadcrumb\"},\"inLanguage\":\"pt-BR\",\"potentialAction\":[{\"@type\":\"ReadAction\",\"target\":[\"https:\\\/\\\/contabilidadecaxias.com.br\\\/index.php\\\/2022\\\/08\\\/15\\\/faculdade-nao-precisara-reintegrar-professores-demitidos-em-bh\\\/\"]}]},{\"@type\":\"ImageObject\",\"inLanguage\":\"pt-BR\",\"@id\":\"https:\\\/\\\/contabilidadecaxias.com.br\\\/index.php\\\/2022\\\/08\\\/15\\\/faculdade-nao-precisara-reintegrar-professores-demitidos-em-bh\\\/#primaryimage\",\"url\":\"https:\\\/\\\/contabilidadecaxias.com.br\\\/wp-content\\\/uploads\\\/2022\\\/08\\\/33187e6b-2820-1063-7d7d-6ca20d738d34-c4DA1Y.jpeg\",\"contentUrl\":\"https:\\\/\\\/contabilidadecaxias.com.br\\\/wp-content\\\/uploads\\\/2022\\\/08\\\/33187e6b-2820-1063-7d7d-6ca20d738d34-c4DA1Y.jpeg\",\"width\":1280,\"height\":853},{\"@type\":\"BreadcrumbList\",\"@id\":\"https:\\\/\\\/contabilidadecaxias.com.br\\\/index.php\\\/2022\\\/08\\\/15\\\/faculdade-nao-precisara-reintegrar-professores-demitidos-em-bh\\\/#breadcrumb\",\"itemListElement\":[{\"@type\":\"ListItem\",\"position\":1,\"name\":\"In\u00edcio\",\"item\":\"https:\\\/\\\/contabilidadecaxias.com.br\\\/\"},{\"@type\":\"ListItem\",\"position\":2,\"name\":\"Faculdade n\u00e3o precisar\u00e1 reintegrar professores demitidos em BH\"}]},{\"@type\":\"WebSite\",\"@id\":\"https:\\\/\\\/contabilidadecaxias.com.br\\\/#website\",\"url\":\"https:\\\/\\\/contabilidadecaxias.com.br\\\/\",\"name\":\"Contabilidade Caxias\",\"description\":\"Site especializado em Contabilidade para Caxias.\",\"potentialAction\":[{\"@type\":\"SearchAction\",\"target\":{\"@type\":\"EntryPoint\",\"urlTemplate\":\"https:\\\/\\\/contabilidadecaxias.com.br\\\/?s={search_term_string}\"},\"query-input\":{\"@type\":\"PropertyValueSpecification\",\"valueRequired\":true,\"valueName\":\"search_term_string\"}}],\"inLanguage\":\"pt-BR\"}]}<\/script>\n<!-- \/ Yoast SEO plugin. -->","yoast_head_json":{"title":"Faculdade n\u00e3o precisar\u00e1 reintegrar professores demitidos em BH - Contabilidade Caxias","robots":{"index":"index","follow":"follow","max-snippet":"max-snippet:-1","max-image-preview":"max-image-preview:large","max-video-preview":"max-video-preview:-1"},"canonical":"https:\/\/contabilidadecaxias.com.br\/index.php\/2022\/08\/15\/faculdade-nao-precisara-reintegrar-professores-demitidos-em-bh\/","og_locale":"pt_BR","og_type":"article","og_title":"Faculdade n\u00e3o precisar\u00e1 reintegrar professores demitidos em BH - Contabilidade Caxias","og_description":"A SDI-2 reconheceu que a institui\u00e7\u00e3o n\u00e3o estava obrigada a fazer negocia\u00e7\u00e3o pr\u00e9via Ministro Emmanoel Pereira, presidente do TST 15\/08\/22 &#8211; A \u00a0Subse\u00e7\u00e3o II Especializada em Diss\u00eddios Individuais (SDI-2) do Tribunal Superior do Trabalho concluiu que a Sociedade de Ensino Superior Est\u00e1cio de S\u00e1 n\u00e3o est\u00e1 obrigada a reintegrar cerca de 100 professores demitidos sem [&hellip;]","og_url":"https:\/\/contabilidadecaxias.com.br\/index.php\/2022\/08\/15\/faculdade-nao-precisara-reintegrar-professores-demitidos-em-bh\/","og_site_name":"Contabilidade Caxias","article_published_time":"2022-08-15T17:06:20+00:00","twitter_card":"summary_large_image","twitter_misc":{"Est. tempo de leitura":"5 minutos"},"schema":{"@context":"https:\/\/schema.org","@graph":[{"@type":"Article","@id":"https:\/\/contabilidadecaxias.com.br\/index.php\/2022\/08\/15\/faculdade-nao-precisara-reintegrar-professores-demitidos-em-bh\/#article","isPartOf":{"@id":"https:\/\/contabilidadecaxias.com.br\/index.php\/2022\/08\/15\/faculdade-nao-precisara-reintegrar-professores-demitidos-em-bh\/"},"author":{"name":"","@id":""},"headline":"Faculdade n\u00e3o precisar\u00e1 reintegrar professores demitidos em BH","datePublished":"2022-08-15T17:06:20+00:00","mainEntityOfPage":{"@id":"https:\/\/contabilidadecaxias.com.br\/index.php\/2022\/08\/15\/faculdade-nao-precisara-reintegrar-professores-demitidos-em-bh\/"},"wordCount":933,"commentCount":0,"image":{"@id":"https:\/\/contabilidadecaxias.com.br\/index.php\/2022\/08\/15\/faculdade-nao-precisara-reintegrar-professores-demitidos-em-bh\/#primaryimage"},"thumbnailUrl":"https:\/\/contabilidadecaxias.com.br\/wp-content\/uploads\/2022\/08\/33187e6b-2820-1063-7d7d-6ca20d738d34-c4DA1Y.jpeg","articleSection":["Educa\u00e7\u00e3o Financeira"],"inLanguage":"pt-BR","potentialAction":[{"@type":"CommentAction","name":"Comment","target":["https:\/\/contabilidadecaxias.com.br\/index.php\/2022\/08\/15\/faculdade-nao-precisara-reintegrar-professores-demitidos-em-bh\/#respond"]}]},{"@type":"WebPage","@id":"https:\/\/contabilidadecaxias.com.br\/index.php\/2022\/08\/15\/faculdade-nao-precisara-reintegrar-professores-demitidos-em-bh\/","url":"https:\/\/contabilidadecaxias.com.br\/index.php\/2022\/08\/15\/faculdade-nao-precisara-reintegrar-professores-demitidos-em-bh\/","name":"Faculdade n\u00e3o precisar\u00e1 reintegrar professores demitidos em BH - Contabilidade Caxias","isPartOf":{"@id":"https:\/\/contabilidadecaxias.com.br\/#website"},"primaryImageOfPage":{"@id":"https:\/\/contabilidadecaxias.com.br\/index.php\/2022\/08\/15\/faculdade-nao-precisara-reintegrar-professores-demitidos-em-bh\/#primaryimage"},"image":{"@id":"https:\/\/contabilidadecaxias.com.br\/index.php\/2022\/08\/15\/faculdade-nao-precisara-reintegrar-professores-demitidos-em-bh\/#primaryimage"},"thumbnailUrl":"https:\/\/contabilidadecaxias.com.br\/wp-content\/uploads\/2022\/08\/33187e6b-2820-1063-7d7d-6ca20d738d34-c4DA1Y.jpeg","datePublished":"2022-08-15T17:06:20+00:00","author":{"@id":""},"breadcrumb":{"@id":"https:\/\/contabilidadecaxias.com.br\/index.php\/2022\/08\/15\/faculdade-nao-precisara-reintegrar-professores-demitidos-em-bh\/#breadcrumb"},"inLanguage":"pt-BR","potentialAction":[{"@type":"ReadAction","target":["https:\/\/contabilidadecaxias.com.br\/index.php\/2022\/08\/15\/faculdade-nao-precisara-reintegrar-professores-demitidos-em-bh\/"]}]},{"@type":"ImageObject","inLanguage":"pt-BR","@id":"https:\/\/contabilidadecaxias.com.br\/index.php\/2022\/08\/15\/faculdade-nao-precisara-reintegrar-professores-demitidos-em-bh\/#primaryimage","url":"https:\/\/contabilidadecaxias.com.br\/wp-content\/uploads\/2022\/08\/33187e6b-2820-1063-7d7d-6ca20d738d34-c4DA1Y.jpeg","contentUrl":"https:\/\/contabilidadecaxias.com.br\/wp-content\/uploads\/2022\/08\/33187e6b-2820-1063-7d7d-6ca20d738d34-c4DA1Y.jpeg","width":1280,"height":853},{"@type":"BreadcrumbList","@id":"https:\/\/contabilidadecaxias.com.br\/index.php\/2022\/08\/15\/faculdade-nao-precisara-reintegrar-professores-demitidos-em-bh\/#breadcrumb","itemListElement":[{"@type":"ListItem","position":1,"name":"In\u00edcio","item":"https:\/\/contabilidadecaxias.com.br\/"},{"@type":"ListItem","position":2,"name":"Faculdade n\u00e3o precisar\u00e1 reintegrar professores demitidos em BH"}]},{"@type":"WebSite","@id":"https:\/\/contabilidadecaxias.com.br\/#website","url":"https:\/\/contabilidadecaxias.com.br\/","name":"Contabilidade Caxias","description":"Site especializado em Contabilidade para Caxias.","potentialAction":[{"@type":"SearchAction","target":{"@type":"EntryPoint","urlTemplate":"https:\/\/contabilidadecaxias.com.br\/?s={search_term_string}"},"query-input":{"@type":"PropertyValueSpecification","valueRequired":true,"valueName":"search_term_string"}}],"inLanguage":"pt-BR"}]}},"_links":{"self":[{"href":"https:\/\/contabilidadecaxias.com.br\/index.php\/wp-json\/wp\/v2\/posts\/13334","targetHints":{"allow":["GET"]}}],"collection":[{"href":"https:\/\/contabilidadecaxias.com.br\/index.php\/wp-json\/wp\/v2\/posts"}],"about":[{"href":"https:\/\/contabilidadecaxias.com.br\/index.php\/wp-json\/wp\/v2\/types\/post"}],"replies":[{"embeddable":true,"href":"https:\/\/contabilidadecaxias.com.br\/index.php\/wp-json\/wp\/v2\/comments?post=13334"}],"version-history":[{"count":0,"href":"https:\/\/contabilidadecaxias.com.br\/index.php\/wp-json\/wp\/v2\/posts\/13334\/revisions"}],"wp:featuredmedia":[{"embeddable":true,"href":"https:\/\/contabilidadecaxias.com.br\/index.php\/wp-json\/wp\/v2\/media\/13335"}],"wp:attachment":[{"href":"https:\/\/contabilidadecaxias.com.br\/index.php\/wp-json\/wp\/v2\/media?parent=13334"}],"wp:term":[{"taxonomy":"category","embeddable":true,"href":"https:\/\/contabilidadecaxias.com.br\/index.php\/wp-json\/wp\/v2\/categories?post=13334"},{"taxonomy":"post_tag","embeddable":true,"href":"https:\/\/contabilidadecaxias.com.br\/index.php\/wp-json\/wp\/v2\/tags?post=13334"}],"curies":[{"name":"wp","href":"https:\/\/api.w.org\/{rel}","templated":true}]}}