{"id":13172,"date":"2022-08-12T11:04:50","date_gmt":"2022-08-12T14:04:50","guid":{"rendered":"https:\/\/contabilidadecaxias.com.br\/index.php\/2022\/08\/12\/fazendeiro-de-mato-grosso-do-sul-nao-consegue-tirar-nome-de-lista-do-trabalho-escravo\/"},"modified":"2022-08-12T11:04:50","modified_gmt":"2022-08-12T14:04:50","slug":"fazendeiro-de-mato-grosso-do-sul-nao-consegue-tirar-nome-de-lista-do-trabalho-escravo","status":"publish","type":"post","link":"https:\/\/contabilidadecaxias.com.br\/index.php\/2022\/08\/12\/fazendeiro-de-mato-grosso-do-sul-nao-consegue-tirar-nome-de-lista-do-trabalho-escravo\/","title":{"rendered":"Fazendeiro de Mato Grosso do Sul n\u00e3o consegue tirar nome de lista do trabalho escravo"},"content":{"rendered":"<div class=\"noticia-wrapper\">\n<p><em><\/p>\n<p>Para a 6\u00aa Turma, a prote\u00e7\u00e3o legal engloba tamb\u00e9m a dignidade da pessoa humana e os direitos trabalhistas e previdenci\u00e1rios<\/p>\n<p><\/em><\/p>\n<div class=\"social-media-share mobile\">\n        <a class=\"share-facebook\" href=\"https:\/\/www.facebook.com\/sharer.php?u=https:\/\/www.tst.jus.br\/-\/fazendeiro-de-mato-grosso-do-sul-n%C3%A3o-consegue-tirar-nome-de-lista-do-trabalho-escravo\" target=\"_blank\" rel=\"noopener\"><\/a><br \/>\n        <a class=\"share-twitter\" href=\"https:\/\/twitter.com\/intent\/tweet?text=Fazendeiro%20de%20Mato%20Grosso%20do%20Sul%20n%C3%A3o%20consegue%20tirar%20nome%20de%20lista%20do%20trabalho%20escravo%0AVeja%20mais%20em:&amp;url=https:\/\/www.tst.jus.br\/-\/fazendeiro-de-mato-grosso-do-sul-n%C3%A3o-consegue-tirar-nome-de-lista-do-trabalho-escravo\" target=\"_blank\" rel=\"noopener\"><\/a><br \/>\n        <a class=\"share-linkedin\" href=\"https:\/\/www.linkedin.com\/shareArticle?mini=true&amp;url=https:\/\/www.tst.jus.br\/-\/fazendeiro-de-mato-grosso-do-sul-n%C3%A3o-consegue-tirar-nome-de-lista-do-trabalho-escravo&amp;title=Fazendeiro%20de%20Mato%20Grosso%20do%20Sul%20n%C3%A3o%20consegue%20tirar%20nome%20de%20lista%20do%20trabalho%20escravo\" target=\"_blank\" rel=\"noopener\"><\/a><br \/>\n        <a class=\"share-whatsapp\" href=\"https:\/\/web.whatsapp.com\/send?text=https:\/\/www.tst.jus.br\/-\/fazendeiro-de-mato-grosso-do-sul-n%C3%A3o-consegue-tirar-nome-de-lista-do-trabalho-escravo\" target=\"_blank\" rel=\"noopener\"><\/a><br \/>\n        <a class=\"share-googleplus\" href=\"https:\/\/plus.google.com\/share?url=https:\/\/www.tst.jus.br\/-\/fazendeiro-de-mato-grosso-do-sul-n%C3%A3o-consegue-tirar-nome-de-lista-do-trabalho-escravo\" target=\"_blank\" rel=\"noopener\"><\/a>\n    <\/div>\n<div class=\"news-body\">\n<div class=\"imagem-da-noticia\">\n<p>Trabalhadores em carvoaria. Foto: MPT<\/p>\n<div class=\"social-media-share\">\n                    <a class=\"share-facebook\" href=\"https:\/\/www.facebook.com\/sharer.php?u=https:\/\/www.tst.jus.br\/-\/fazendeiro-de-mato-grosso-do-sul-n%C3%A3o-consegue-tirar-nome-de-lista-do-trabalho-escravo\" target=\"_blank\" rel=\"noopener\"><\/a><br \/>\n                    <a class=\"share-twitter\" href=\"https:\/\/twitter.com\/intent\/tweet?text=Fazendeiro%20de%20Mato%20Grosso%20do%20Sul%20n%C3%A3o%20consegue%20tirar%20nome%20de%20lista%20do%20trabalho%20escravo%0AVeja%20mais%20em:&amp;url=https:\/\/www.tst.jus.br\/-\/fazendeiro-de-mato-grosso-do-sul-n%C3%A3o-consegue-tirar-nome-de-lista-do-trabalho-escravo\" target=\"_blank\" rel=\"noopener\"><\/a><br \/>\n                    <a class=\"share-linkedin\" href=\"https:\/\/www.linkedin.com\/shareArticle?mini=true&amp;url=https:\/\/www.tst.jus.br\/-\/fazendeiro-de-mato-grosso-do-sul-n%C3%A3o-consegue-tirar-nome-de-lista-do-trabalho-escravo&amp;title=Fazendeiro%20de%20Mato%20Grosso%20do%20Sul%20n%C3%A3o%20consegue%20tirar%20nome%20de%20lista%20do%20trabalho%20escravo\" target=\"_blank\" rel=\"noopener\"><\/a><br \/>\n                    <a class=\"share-whatsapp\" href=\"https:\/\/web.whatsapp.com\/send?text=https:\/\/www.tst.jus.br\/-\/fazendeiro-de-mato-grosso-do-sul-n%C3%A3o-consegue-tirar-nome-de-lista-do-trabalho-escravo\" target=\"_blank\" rel=\"noopener\"><\/a><br \/>\n                    <a class=\"share-googleplus\" href=\"https:\/\/plus.google.com\/share?url=https:\/\/www.tst.jus.br\/-\/fazendeiro-de-mato-grosso-do-sul-n%C3%A3o-consegue-tirar-nome-de-lista-do-trabalho-escravo\" target=\"_blank\" rel=\"noopener\"><\/a>\n                <\/div>\n<\/p><\/div>\n<div class=\"materia\">\n<p>12\/08\/22 &#8211;\u00a0A Sexta Turma do Tribunal Superior do Trabalho julgou improcedente o pedido de um pecuarista de Mato Grosso do Sul para a retirada de seu nome do cadastro de empregadores que tenham mantido trabalhadores em condi\u00e7\u00f5es an\u00e1logas \u00e0 escravid\u00e3o (conhecida como \u201clista suja\u201d). Para o colegiado, o fato de o propriet\u00e1rio ter arrendado parte das terras para terceiro n\u00e3o o exclui da responsabilidade pela explora\u00e7\u00e3o do trabalho em condi\u00e7\u00f5es degradantes.<\/p>\n<h4>Carvoejamento<\/h4>\n<p>O pecuarista, propriet\u00e1rio de fazendas em S\u00e3o Gabriel D\u2019Oeste (MS), foi autuado, em 2008, pela fiscaliza\u00e7\u00e3o do trabalho. Os fiscais encontraram tr\u00eas homens e uma mulher submetidos a condi\u00e7\u00f5es degradantes na atividade de carvoejamento. Eles trabalhavam das 5h \u00e0s 17h, com pequeno intervalo para o almo\u00e7o, de segunda a s\u00e1bado, e, apesar de terem folga aos domingos, n\u00e3o tinham condi\u00e7\u00f5es de sair do local. O pagamento era por produ\u00e7\u00e3o, Os trabalhadores recebiam por produ\u00e7\u00e3o, que variava de acordo com a atividade de cada um, n\u00e3o usavam equipamentos de prote\u00e7\u00e3o individual (EPIs) e n\u00e3o haviam passado por exames admissionais nem recebido orienta\u00e7\u00f5es sobre os riscos da atividade. Tamb\u00e9m n\u00e3o havia instala\u00e7\u00f5es sanit\u00e1rias nem alojamento adequado, e eles tinham de utilizar o mato pr\u00f3ximo \u00e0 bateria de fornos para suas necessidades fisiol\u00f3gicas.<\/p>\n<p>Al\u00e9m de lavrar diversos autos de infra\u00e7\u00e3o, a fiscaliza\u00e7\u00e3o tamb\u00e9m determinou a inclus\u00e3o do fazendeiro no cadastro do Minist\u00e9rio do Trabalho e Previd\u00eancia.<\/p>\n<h4>Arrendamento<\/h4>\n<p>Contra as medidas, o fazendeiro acionou a Justi\u00e7a do Trabalho sustentando ter arrendado parte das terras para uma terceira pessoa, que, agindo com autonomia e independ\u00eancia, teria contratado os trabalhadores para a carvoaria, a partir da madeira que ele havia extra\u00eddo para a forma\u00e7\u00e3o de pastagem. Al\u00e9m da exclus\u00e3o de seu nome do cadastro, ele pedia indeniza\u00e7\u00e3o por danos morais contra a Uni\u00e3o.<\/p>\n<p>O ju\u00edzo da 1\u00aa Vara do Trabalho de Campo Grande (MS) julgou o pedido improcedente, mas o Tribunal Regional do Trabalho da 24\u00aa Regi\u00e3o entendeu que as infra\u00e7\u00f5es apontadas pela fiscaliza\u00e7\u00e3o n\u00e3o tinham rela\u00e7\u00e3o com a submiss\u00e3o de trabalhadores a condi\u00e7\u00f5es an\u00e1logas \u00e0 de escravo.\u00a0<\/p>\n<p>Entre outros pontos, o TRT considerou que o propriet\u00e1rio do im\u00f3vel rural havia se comprometido, mediante Termo de Ajuste de Conduta (TAC), a adotar medidas direcionadas \u00e0s quest\u00f5es que envolvem a explora\u00e7\u00e3o de sua \u00e1rea e o trabalho necess\u00e1rio para esse fim. Tamb\u00e9m entendeu que o fato de ele n\u00e3o ter participado diretamente na carvoaria deve ser considerado para a exclus\u00e3o do seu nome na lista de empregadores.\u00a0<\/p>\n<p>A Uni\u00e3o recorreu, ent\u00e3o, ao TST.\u00a0<\/p>\n<h4>Condi\u00e7\u00f5es degradantes<\/h4>\n<p>O relator do recurso de revista, ministro Augusto C\u00e9sar, explicou que, a partir da altera\u00e7\u00e3o do artigo 149 do C\u00f3digo Penal pela Lei 10.803\/2003, o crime de reduzir algu\u00e9m \u00e0 condi\u00e7\u00e3o an\u00e1loga \u00e0 escravid\u00e3o passou a abranger, literalmente, a execu\u00e7\u00e3o de jornada exaustiva e a sujei\u00e7\u00e3o a condi\u00e7\u00f5es degradantes de trabalho. \u201cA configura\u00e7\u00e3o do trabalho escravo atual n\u00e3o depende da restri\u00e7\u00e3o da liberdade do trabalhador, conforme jurisprud\u00eancia do STF, que entende que o bem jur\u00eddico tutelado vai al\u00e9m da liberdade individual, englobando tamb\u00e9m a dignidade da pessoa humana e os direitos trabalhistas e previdenci\u00e1rios, que constituem o sistema social trazido pela Constitui\u00e7\u00e3o\u201d, assinalou.<\/p>\n<p>No caso, o ministro destacou que, no contexto descrito pelo TRT, deve ser reconhecida a viola\u00e7\u00e3o de dispositivos constitucionais e da Lei 5.889\/1973, que estatui normas reguladoras do trabalho rural. Para o colegiado, na condi\u00e7\u00e3o de propriet\u00e1rio rural, o empregador, ainda que indiretamente, se beneficia da m\u00e3o de obra das pessoas que prestavam servi\u00e7os em condi\u00e7\u00f5es degradantes. Assim, n\u00e3o procede a alega\u00e7\u00e3o de que elas prestavam servi\u00e7os para um arrendat\u00e1rio e explorador de carvoaria no local, e n\u00e3o ao dono das fazendas.\u00a0<\/p>\n<p>A decis\u00e3o foi un\u00e2nime.<\/p>\n<p>(GL\/CF)<\/p>\n<p>Processo: <a href=\"https:\/\/consultaprocessual.tst.jus.br\/consultaProcessual\/consultaTstNumUnica.do?consulta=Consultar&amp;conscsjt=&amp;numeroTst=1001&amp;digitoTst=43&amp;anoTst=2011&amp;orgaoTst=5&amp;tribunalTst=24&amp;varaTst=0001&amp;submit=Consultar\" target=\"_blank\" rel=\"noopener\">RR-1001-43.2011.5.24.0001<\/a><\/p>\n<p>Esta mat\u00e9ria tem cunho meramente informativo.<br \/>\nPermitida a reprodu\u00e7\u00e3o mediante cita\u00e7\u00e3o da fonte.<br \/>\nSecretaria de Comunica\u00e7\u00e3o Social<br \/>\n<a href=\"https:\/\/www.tst.jus.br\/\" target=\"_blank\" rel=\"noopener\">Tribunal Superior do Trabalho<\/a><br \/>\nTel. (61) 3043-4907<br \/>\n<a href=\"mailto:secom@tst.jus.br\" target=\"\" rel=\"noopener\">secom@tst.jus.br<\/a><\/p>\n<\/div><\/div>\n<\/div>\n","protected":false},"excerpt":{"rendered":"<p>Para a 6\u00aa Turma, a prote\u00e7\u00e3o legal engloba tamb\u00e9m a dignidade da pessoa humana e os direitos trabalhistas e previdenci\u00e1rios Trabalhadores em carvoaria. Foto: MPT 12\/08\/22 &#8211;\u00a0A Sexta Turma do Tribunal Superior do Trabalho julgou improcedente o pedido de um pecuarista de Mato Grosso do Sul para a retirada de seu nome do cadastro de [&hellip;]<\/p>\n","protected":false},"author":0,"featured_media":13173,"comment_status":"open","ping_status":"","sticky":false,"template":"","format":"standard","meta":{"footnotes":""},"categories":[5],"tags":[],"class_list":["post-13172","post","type-post","status-publish","format-standard","has-post-thumbnail","hentry","category-noticias-educacao-financeira"],"blocksy_meta":{"styles_descriptor":{"styles":{"desktop":"","tablet":"","mobile":""},"google_fonts":[],"version":6}},"yoast_head":"<!-- This site is optimized with the Yoast SEO plugin v27.5 - https:\/\/yoast.com\/product\/yoast-seo-wordpress\/ -->\n<title>Fazendeiro de Mato Grosso do Sul n\u00e3o consegue tirar nome de lista do trabalho escravo - Contabilidade Caxias<\/title>\n<meta name=\"robots\" content=\"index, follow, max-snippet:-1, max-image-preview:large, max-video-preview:-1\" \/>\n<link rel=\"canonical\" href=\"https:\/\/contabilidadecaxias.com.br\/index.php\/2022\/08\/12\/fazendeiro-de-mato-grosso-do-sul-nao-consegue-tirar-nome-de-lista-do-trabalho-escravo\/\" \/>\n<meta property=\"og:locale\" content=\"pt_BR\" \/>\n<meta property=\"og:type\" content=\"article\" \/>\n<meta property=\"og:title\" content=\"Fazendeiro de Mato Grosso do Sul n\u00e3o consegue tirar nome de lista do trabalho escravo - Contabilidade Caxias\" \/>\n<meta property=\"og:description\" content=\"Para a 6\u00aa Turma, a prote\u00e7\u00e3o legal engloba tamb\u00e9m a dignidade da pessoa humana e os direitos trabalhistas e previdenci\u00e1rios Trabalhadores em carvoaria. Foto: MPT 12\/08\/22 &#8211;\u00a0A Sexta Turma do Tribunal Superior do Trabalho julgou improcedente o pedido de um pecuarista de Mato Grosso do Sul para a retirada de seu nome do cadastro de [&hellip;]\" \/>\n<meta property=\"og:url\" content=\"https:\/\/contabilidadecaxias.com.br\/index.php\/2022\/08\/12\/fazendeiro-de-mato-grosso-do-sul-nao-consegue-tirar-nome-de-lista-do-trabalho-escravo\/\" \/>\n<meta property=\"og:site_name\" content=\"Contabilidade Caxias\" \/>\n<meta property=\"article:published_time\" content=\"2022-08-12T14:04:50+00:00\" \/>\n<meta name=\"twitter:card\" content=\"summary_large_image\" \/>\n<meta name=\"twitter:label1\" content=\"Est. tempo de leitura\" \/>\n\t<meta name=\"twitter:data1\" content=\"4 minutos\" \/>\n<script type=\"application\/ld+json\" class=\"yoast-schema-graph\">{\"@context\":\"https:\\\/\\\/schema.org\",\"@graph\":[{\"@type\":\"Article\",\"@id\":\"https:\\\/\\\/contabilidadecaxias.com.br\\\/index.php\\\/2022\\\/08\\\/12\\\/fazendeiro-de-mato-grosso-do-sul-nao-consegue-tirar-nome-de-lista-do-trabalho-escravo\\\/#article\",\"isPartOf\":{\"@id\":\"https:\\\/\\\/contabilidadecaxias.com.br\\\/index.php\\\/2022\\\/08\\\/12\\\/fazendeiro-de-mato-grosso-do-sul-nao-consegue-tirar-nome-de-lista-do-trabalho-escravo\\\/\"},\"author\":{\"name\":\"\",\"@id\":\"\"},\"headline\":\"Fazendeiro de Mato Grosso do Sul n\u00e3o consegue tirar nome de lista do trabalho escravo\",\"datePublished\":\"2022-08-12T14:04:50+00:00\",\"mainEntityOfPage\":{\"@id\":\"https:\\\/\\\/contabilidadecaxias.com.br\\\/index.php\\\/2022\\\/08\\\/12\\\/fazendeiro-de-mato-grosso-do-sul-nao-consegue-tirar-nome-de-lista-do-trabalho-escravo\\\/\"},\"wordCount\":763,\"commentCount\":0,\"image\":{\"@id\":\"https:\\\/\\\/contabilidadecaxias.com.br\\\/index.php\\\/2022\\\/08\\\/12\\\/fazendeiro-de-mato-grosso-do-sul-nao-consegue-tirar-nome-de-lista-do-trabalho-escravo\\\/#primaryimage\"},\"thumbnailUrl\":\"https:\\\/\\\/contabilidadecaxias.com.br\\\/wp-content\\\/uploads\\\/2022\\\/08\\\/fe08a206-11a9-83b6-0839-ba3e80a53a26-jddCla.jpeg\",\"articleSection\":[\"Educa\u00e7\u00e3o Financeira\"],\"inLanguage\":\"pt-BR\",\"potentialAction\":[{\"@type\":\"CommentAction\",\"name\":\"Comment\",\"target\":[\"https:\\\/\\\/contabilidadecaxias.com.br\\\/index.php\\\/2022\\\/08\\\/12\\\/fazendeiro-de-mato-grosso-do-sul-nao-consegue-tirar-nome-de-lista-do-trabalho-escravo\\\/#respond\"]}]},{\"@type\":\"WebPage\",\"@id\":\"https:\\\/\\\/contabilidadecaxias.com.br\\\/index.php\\\/2022\\\/08\\\/12\\\/fazendeiro-de-mato-grosso-do-sul-nao-consegue-tirar-nome-de-lista-do-trabalho-escravo\\\/\",\"url\":\"https:\\\/\\\/contabilidadecaxias.com.br\\\/index.php\\\/2022\\\/08\\\/12\\\/fazendeiro-de-mato-grosso-do-sul-nao-consegue-tirar-nome-de-lista-do-trabalho-escravo\\\/\",\"name\":\"Fazendeiro de Mato Grosso do Sul n\u00e3o consegue tirar nome de lista do trabalho escravo - Contabilidade Caxias\",\"isPartOf\":{\"@id\":\"https:\\\/\\\/contabilidadecaxias.com.br\\\/#website\"},\"primaryImageOfPage\":{\"@id\":\"https:\\\/\\\/contabilidadecaxias.com.br\\\/index.php\\\/2022\\\/08\\\/12\\\/fazendeiro-de-mato-grosso-do-sul-nao-consegue-tirar-nome-de-lista-do-trabalho-escravo\\\/#primaryimage\"},\"image\":{\"@id\":\"https:\\\/\\\/contabilidadecaxias.com.br\\\/index.php\\\/2022\\\/08\\\/12\\\/fazendeiro-de-mato-grosso-do-sul-nao-consegue-tirar-nome-de-lista-do-trabalho-escravo\\\/#primaryimage\"},\"thumbnailUrl\":\"https:\\\/\\\/contabilidadecaxias.com.br\\\/wp-content\\\/uploads\\\/2022\\\/08\\\/fe08a206-11a9-83b6-0839-ba3e80a53a26-jddCla.jpeg\",\"datePublished\":\"2022-08-12T14:04:50+00:00\",\"author\":{\"@id\":\"\"},\"breadcrumb\":{\"@id\":\"https:\\\/\\\/contabilidadecaxias.com.br\\\/index.php\\\/2022\\\/08\\\/12\\\/fazendeiro-de-mato-grosso-do-sul-nao-consegue-tirar-nome-de-lista-do-trabalho-escravo\\\/#breadcrumb\"},\"inLanguage\":\"pt-BR\",\"potentialAction\":[{\"@type\":\"ReadAction\",\"target\":[\"https:\\\/\\\/contabilidadecaxias.com.br\\\/index.php\\\/2022\\\/08\\\/12\\\/fazendeiro-de-mato-grosso-do-sul-nao-consegue-tirar-nome-de-lista-do-trabalho-escravo\\\/\"]}]},{\"@type\":\"ImageObject\",\"inLanguage\":\"pt-BR\",\"@id\":\"https:\\\/\\\/contabilidadecaxias.com.br\\\/index.php\\\/2022\\\/08\\\/12\\\/fazendeiro-de-mato-grosso-do-sul-nao-consegue-tirar-nome-de-lista-do-trabalho-escravo\\\/#primaryimage\",\"url\":\"https:\\\/\\\/contabilidadecaxias.com.br\\\/wp-content\\\/uploads\\\/2022\\\/08\\\/fe08a206-11a9-83b6-0839-ba3e80a53a26-jddCla.jpeg\",\"contentUrl\":\"https:\\\/\\\/contabilidadecaxias.com.br\\\/wp-content\\\/uploads\\\/2022\\\/08\\\/fe08a206-11a9-83b6-0839-ba3e80a53a26-jddCla.jpeg\",\"width\":460,\"height\":345},{\"@type\":\"BreadcrumbList\",\"@id\":\"https:\\\/\\\/contabilidadecaxias.com.br\\\/index.php\\\/2022\\\/08\\\/12\\\/fazendeiro-de-mato-grosso-do-sul-nao-consegue-tirar-nome-de-lista-do-trabalho-escravo\\\/#breadcrumb\",\"itemListElement\":[{\"@type\":\"ListItem\",\"position\":1,\"name\":\"In\u00edcio\",\"item\":\"https:\\\/\\\/contabilidadecaxias.com.br\\\/\"},{\"@type\":\"ListItem\",\"position\":2,\"name\":\"Fazendeiro de Mato Grosso do Sul n\u00e3o consegue tirar nome de lista do trabalho escravo\"}]},{\"@type\":\"WebSite\",\"@id\":\"https:\\\/\\\/contabilidadecaxias.com.br\\\/#website\",\"url\":\"https:\\\/\\\/contabilidadecaxias.com.br\\\/\",\"name\":\"Contabilidade Caxias\",\"description\":\"Site especializado em Contabilidade para Caxias.\",\"potentialAction\":[{\"@type\":\"SearchAction\",\"target\":{\"@type\":\"EntryPoint\",\"urlTemplate\":\"https:\\\/\\\/contabilidadecaxias.com.br\\\/?s={search_term_string}\"},\"query-input\":{\"@type\":\"PropertyValueSpecification\",\"valueRequired\":true,\"valueName\":\"search_term_string\"}}],\"inLanguage\":\"pt-BR\"}]}<\/script>\n<!-- \/ Yoast SEO plugin. -->","yoast_head_json":{"title":"Fazendeiro de Mato Grosso do Sul n\u00e3o consegue tirar nome de lista do trabalho escravo - Contabilidade Caxias","robots":{"index":"index","follow":"follow","max-snippet":"max-snippet:-1","max-image-preview":"max-image-preview:large","max-video-preview":"max-video-preview:-1"},"canonical":"https:\/\/contabilidadecaxias.com.br\/index.php\/2022\/08\/12\/fazendeiro-de-mato-grosso-do-sul-nao-consegue-tirar-nome-de-lista-do-trabalho-escravo\/","og_locale":"pt_BR","og_type":"article","og_title":"Fazendeiro de Mato Grosso do Sul n\u00e3o consegue tirar nome de lista do trabalho escravo - Contabilidade Caxias","og_description":"Para a 6\u00aa Turma, a prote\u00e7\u00e3o legal engloba tamb\u00e9m a dignidade da pessoa humana e os direitos trabalhistas e previdenci\u00e1rios Trabalhadores em carvoaria. Foto: MPT 12\/08\/22 &#8211;\u00a0A Sexta Turma do Tribunal Superior do Trabalho julgou improcedente o pedido de um pecuarista de Mato Grosso do Sul para a retirada de seu nome do cadastro de [&hellip;]","og_url":"https:\/\/contabilidadecaxias.com.br\/index.php\/2022\/08\/12\/fazendeiro-de-mato-grosso-do-sul-nao-consegue-tirar-nome-de-lista-do-trabalho-escravo\/","og_site_name":"Contabilidade Caxias","article_published_time":"2022-08-12T14:04:50+00:00","twitter_card":"summary_large_image","twitter_misc":{"Est. tempo de leitura":"4 minutos"},"schema":{"@context":"https:\/\/schema.org","@graph":[{"@type":"Article","@id":"https:\/\/contabilidadecaxias.com.br\/index.php\/2022\/08\/12\/fazendeiro-de-mato-grosso-do-sul-nao-consegue-tirar-nome-de-lista-do-trabalho-escravo\/#article","isPartOf":{"@id":"https:\/\/contabilidadecaxias.com.br\/index.php\/2022\/08\/12\/fazendeiro-de-mato-grosso-do-sul-nao-consegue-tirar-nome-de-lista-do-trabalho-escravo\/"},"author":{"name":"","@id":""},"headline":"Fazendeiro de Mato Grosso do Sul n\u00e3o consegue tirar nome de lista do trabalho escravo","datePublished":"2022-08-12T14:04:50+00:00","mainEntityOfPage":{"@id":"https:\/\/contabilidadecaxias.com.br\/index.php\/2022\/08\/12\/fazendeiro-de-mato-grosso-do-sul-nao-consegue-tirar-nome-de-lista-do-trabalho-escravo\/"},"wordCount":763,"commentCount":0,"image":{"@id":"https:\/\/contabilidadecaxias.com.br\/index.php\/2022\/08\/12\/fazendeiro-de-mato-grosso-do-sul-nao-consegue-tirar-nome-de-lista-do-trabalho-escravo\/#primaryimage"},"thumbnailUrl":"https:\/\/contabilidadecaxias.com.br\/wp-content\/uploads\/2022\/08\/fe08a206-11a9-83b6-0839-ba3e80a53a26-jddCla.jpeg","articleSection":["Educa\u00e7\u00e3o Financeira"],"inLanguage":"pt-BR","potentialAction":[{"@type":"CommentAction","name":"Comment","target":["https:\/\/contabilidadecaxias.com.br\/index.php\/2022\/08\/12\/fazendeiro-de-mato-grosso-do-sul-nao-consegue-tirar-nome-de-lista-do-trabalho-escravo\/#respond"]}]},{"@type":"WebPage","@id":"https:\/\/contabilidadecaxias.com.br\/index.php\/2022\/08\/12\/fazendeiro-de-mato-grosso-do-sul-nao-consegue-tirar-nome-de-lista-do-trabalho-escravo\/","url":"https:\/\/contabilidadecaxias.com.br\/index.php\/2022\/08\/12\/fazendeiro-de-mato-grosso-do-sul-nao-consegue-tirar-nome-de-lista-do-trabalho-escravo\/","name":"Fazendeiro de Mato Grosso do Sul n\u00e3o consegue tirar nome de lista do trabalho escravo - Contabilidade Caxias","isPartOf":{"@id":"https:\/\/contabilidadecaxias.com.br\/#website"},"primaryImageOfPage":{"@id":"https:\/\/contabilidadecaxias.com.br\/index.php\/2022\/08\/12\/fazendeiro-de-mato-grosso-do-sul-nao-consegue-tirar-nome-de-lista-do-trabalho-escravo\/#primaryimage"},"image":{"@id":"https:\/\/contabilidadecaxias.com.br\/index.php\/2022\/08\/12\/fazendeiro-de-mato-grosso-do-sul-nao-consegue-tirar-nome-de-lista-do-trabalho-escravo\/#primaryimage"},"thumbnailUrl":"https:\/\/contabilidadecaxias.com.br\/wp-content\/uploads\/2022\/08\/fe08a206-11a9-83b6-0839-ba3e80a53a26-jddCla.jpeg","datePublished":"2022-08-12T14:04:50+00:00","author":{"@id":""},"breadcrumb":{"@id":"https:\/\/contabilidadecaxias.com.br\/index.php\/2022\/08\/12\/fazendeiro-de-mato-grosso-do-sul-nao-consegue-tirar-nome-de-lista-do-trabalho-escravo\/#breadcrumb"},"inLanguage":"pt-BR","potentialAction":[{"@type":"ReadAction","target":["https:\/\/contabilidadecaxias.com.br\/index.php\/2022\/08\/12\/fazendeiro-de-mato-grosso-do-sul-nao-consegue-tirar-nome-de-lista-do-trabalho-escravo\/"]}]},{"@type":"ImageObject","inLanguage":"pt-BR","@id":"https:\/\/contabilidadecaxias.com.br\/index.php\/2022\/08\/12\/fazendeiro-de-mato-grosso-do-sul-nao-consegue-tirar-nome-de-lista-do-trabalho-escravo\/#primaryimage","url":"https:\/\/contabilidadecaxias.com.br\/wp-content\/uploads\/2022\/08\/fe08a206-11a9-83b6-0839-ba3e80a53a26-jddCla.jpeg","contentUrl":"https:\/\/contabilidadecaxias.com.br\/wp-content\/uploads\/2022\/08\/fe08a206-11a9-83b6-0839-ba3e80a53a26-jddCla.jpeg","width":460,"height":345},{"@type":"BreadcrumbList","@id":"https:\/\/contabilidadecaxias.com.br\/index.php\/2022\/08\/12\/fazendeiro-de-mato-grosso-do-sul-nao-consegue-tirar-nome-de-lista-do-trabalho-escravo\/#breadcrumb","itemListElement":[{"@type":"ListItem","position":1,"name":"In\u00edcio","item":"https:\/\/contabilidadecaxias.com.br\/"},{"@type":"ListItem","position":2,"name":"Fazendeiro de Mato Grosso do Sul n\u00e3o consegue tirar nome de lista do trabalho escravo"}]},{"@type":"WebSite","@id":"https:\/\/contabilidadecaxias.com.br\/#website","url":"https:\/\/contabilidadecaxias.com.br\/","name":"Contabilidade Caxias","description":"Site especializado em Contabilidade para Caxias.","potentialAction":[{"@type":"SearchAction","target":{"@type":"EntryPoint","urlTemplate":"https:\/\/contabilidadecaxias.com.br\/?s={search_term_string}"},"query-input":{"@type":"PropertyValueSpecification","valueRequired":true,"valueName":"search_term_string"}}],"inLanguage":"pt-BR"}]}},"_links":{"self":[{"href":"https:\/\/contabilidadecaxias.com.br\/index.php\/wp-json\/wp\/v2\/posts\/13172","targetHints":{"allow":["GET"]}}],"collection":[{"href":"https:\/\/contabilidadecaxias.com.br\/index.php\/wp-json\/wp\/v2\/posts"}],"about":[{"href":"https:\/\/contabilidadecaxias.com.br\/index.php\/wp-json\/wp\/v2\/types\/post"}],"replies":[{"embeddable":true,"href":"https:\/\/contabilidadecaxias.com.br\/index.php\/wp-json\/wp\/v2\/comments?post=13172"}],"version-history":[{"count":0,"href":"https:\/\/contabilidadecaxias.com.br\/index.php\/wp-json\/wp\/v2\/posts\/13172\/revisions"}],"wp:featuredmedia":[{"embeddable":true,"href":"https:\/\/contabilidadecaxias.com.br\/index.php\/wp-json\/wp\/v2\/media\/13173"}],"wp:attachment":[{"href":"https:\/\/contabilidadecaxias.com.br\/index.php\/wp-json\/wp\/v2\/media?parent=13172"}],"wp:term":[{"taxonomy":"category","embeddable":true,"href":"https:\/\/contabilidadecaxias.com.br\/index.php\/wp-json\/wp\/v2\/categories?post=13172"},{"taxonomy":"post_tag","embeddable":true,"href":"https:\/\/contabilidadecaxias.com.br\/index.php\/wp-json\/wp\/v2\/tags?post=13172"}],"curies":[{"name":"wp","href":"https:\/\/api.w.org\/{rel}","templated":true}]}}