{"id":13131,"date":"2022-08-11T20:08:27","date_gmt":"2022-08-11T23:08:27","guid":{"rendered":"https:\/\/contabilidadecaxias.com.br\/index.php\/2022\/08\/11\/autoridades-e-personalidades-brasileiras-sao-homenageadas-com-ordem-do-merito-judiciario-do-trabalho-2022\/"},"modified":"2022-08-11T20:08:27","modified_gmt":"2022-08-11T23:08:27","slug":"autoridades-e-personalidades-brasileiras-sao-homenageadas-com-ordem-do-merito-judiciario-do-trabalho-2022","status":"publish","type":"post","link":"https:\/\/contabilidadecaxias.com.br\/index.php\/2022\/08\/11\/autoridades-e-personalidades-brasileiras-sao-homenageadas-com-ordem-do-merito-judiciario-do-trabalho-2022\/","title":{"rendered":"Autoridades e personalidades brasileiras s\u00e3o homenageadas com Ordem do M\u00e9rito Judici\u00e1rio do Trabalho 2022"},"content":{"rendered":"<div class=\"noticia-wrapper\">\n<p><em><\/p>\n<p>Cerim\u00f4nia, realizada nesta quinta (11), homenageou 60 pessoas que contribu\u00edram para a institui\u00e7\u00e3o<\/p>\n<p><\/em><\/p>\n<div class=\"social-media-share mobile\">\n        <a class=\"share-facebook\" href=\"https:\/\/www.facebook.com\/sharer.php?u=https:\/\/www.tst.jus.br\/-\/autoridades-e-personalidades-brasileiras-s%C3%A3o-homenageadas-com-%C2%A0ordem-do-m%C3%A9rito-judici%C3%A1rio-do-trabalho-2022\" target=\"_blank\" rel=\"noopener\"><\/a><br \/>\n        <a class=\"share-twitter\" href=\"https:\/\/twitter.com\/intent\/tweet?text=Autoridades%20e%20personalidades%20brasileiras%20s%C3%A3o%20homenageadas%20com%20Ordem%20do%20M%C3%A9rito%20Judici%C3%A1rio%20do%20Trabalho%202022%0AVeja%20mais%20em:&amp;url=https:\/\/www.tst.jus.br\/-\/autoridades-e-personalidades-brasileiras-s%C3%A3o-homenageadas-com-%C2%A0ordem-do-m%C3%A9rito-judici%C3%A1rio-do-trabalho-2022\" target=\"_blank\" rel=\"noopener\"><\/a><br \/>\n        <a class=\"share-linkedin\" href=\"https:\/\/www.linkedin.com\/shareArticle?mini=true&amp;url=https:\/\/www.tst.jus.br\/-\/autoridades-e-personalidades-brasileiras-s%C3%A3o-homenageadas-com-%C2%A0ordem-do-m%C3%A9rito-judici%C3%A1rio-do-trabalho-2022&amp;title=Autoridades%20e%20personalidades%20brasileiras%20s%C3%A3o%20homenageadas%20com%20Ordem%20do%20M%C3%A9rito%20Judici%C3%A1rio%20do%20Trabalho%202022\" target=\"_blank\" rel=\"noopener\"><\/a><br \/>\n        <a class=\"share-whatsapp\" href=\"https:\/\/web.whatsapp.com\/send?text=https:\/\/www.tst.jus.br\/-\/autoridades-e-personalidades-brasileiras-s%C3%A3o-homenageadas-com-%C2%A0ordem-do-m%C3%A9rito-judici%C3%A1rio-do-trabalho-2022\" target=\"_blank\" rel=\"noopener\"><\/a><br \/>\n        <a class=\"share-googleplus\" href=\"https:\/\/plus.google.com\/share?url=https:\/\/www.tst.jus.br\/-\/autoridades-e-personalidades-brasileiras-s%C3%A3o-homenageadas-com-%C2%A0ordem-do-m%C3%A9rito-judici%C3%A1rio-do-trabalho-2022\" target=\"_blank\" rel=\"noopener\"><\/a>\n    <\/div>\n<div class=\"news-body\">\n<div class=\"imagem-da-noticia\">\n<p>Vista a\u00e9rea da solenidade de outorga da Ordem do M\u00e9rito Judici\u00e1rio do Trabalho<\/p>\n<div class=\"social-media-share\">\n                    <a class=\"share-facebook\" href=\"https:\/\/www.facebook.com\/sharer.php?u=https:\/\/www.tst.jus.br\/-\/autoridades-e-personalidades-brasileiras-s%C3%A3o-homenageadas-com-%C2%A0ordem-do-m%C3%A9rito-judici%C3%A1rio-do-trabalho-2022\" target=\"_blank\" rel=\"noopener\"><\/a><br \/>\n                    <a class=\"share-twitter\" href=\"https:\/\/twitter.com\/intent\/tweet?text=Autoridades%20e%20personalidades%20brasileiras%20s%C3%A3o%20homenageadas%20com%20Ordem%20do%20M%C3%A9rito%20Judici%C3%A1rio%20do%20Trabalho%202022%0AVeja%20mais%20em:&amp;url=https:\/\/www.tst.jus.br\/-\/autoridades-e-personalidades-brasileiras-s%C3%A3o-homenageadas-com-%C2%A0ordem-do-m%C3%A9rito-judici%C3%A1rio-do-trabalho-2022\" target=\"_blank\" rel=\"noopener\"><\/a><br \/>\n                    <a class=\"share-linkedin\" href=\"https:\/\/www.linkedin.com\/shareArticle?mini=true&amp;url=https:\/\/www.tst.jus.br\/-\/autoridades-e-personalidades-brasileiras-s%C3%A3o-homenageadas-com-%C2%A0ordem-do-m%C3%A9rito-judici%C3%A1rio-do-trabalho-2022&amp;title=Autoridades%20e%20personalidades%20brasileiras%20s%C3%A3o%20homenageadas%20com%20Ordem%20do%20M%C3%A9rito%20Judici%C3%A1rio%20do%20Trabalho%202022\" target=\"_blank\" rel=\"noopener\"><\/a><br \/>\n                    <a class=\"share-whatsapp\" href=\"https:\/\/web.whatsapp.com\/send?text=https:\/\/www.tst.jus.br\/-\/autoridades-e-personalidades-brasileiras-s%C3%A3o-homenageadas-com-%C2%A0ordem-do-m%C3%A9rito-judici%C3%A1rio-do-trabalho-2022\" target=\"_blank\" rel=\"noopener\"><\/a><br \/>\n                    <a class=\"share-googleplus\" href=\"https:\/\/plus.google.com\/share?url=https:\/\/www.tst.jus.br\/-\/autoridades-e-personalidades-brasileiras-s%C3%A3o-homenageadas-com-%C2%A0ordem-do-m%C3%A9rito-judici%C3%A1rio-do-trabalho-2022\" target=\"_blank\" rel=\"noopener\"><\/a>\n                <\/div>\n<\/p><\/div>\n<div class=\"materia\">\n<p>11\/08\/22 &#8211; O Tribunal Superior do Trabalho (TST) realizou, nesta quinta-feira (11), a cerim\u00f4nia de outorga da Ordem do M\u00e9rito Judici\u00e1rio do Trabalho (OMJT) de 2022. A comenda \u00e9 concedida, desde a d\u00e9cada de 1970, a institui\u00e7\u00f5es e personalidades que se destacaram no exerc\u00edcio de suas profiss\u00f5es ou pelos servi\u00e7os prestados \u00e0 sociedade e \u00e0 Justi\u00e7a do Trabalho.<\/p>\n<p>Para o presidente do TST, ministro Emmanoel Pereira, a homenagem \u00e9 uma forma de reconhecer a atua\u00e7\u00e3o de v\u00e1rios brasileiros em suas respectivas \u00e1reas profissionais. \u201cEstamos homenageando todas as pessoas que trabalharam diuturnamente em prol da Justi\u00e7a do Trabalho e dos objetivos do Tribunal da Justi\u00e7a Social\u201d, enfatizou.<\/p>\n<p>Para o presidente do Conselho Federal da Ordem dos Advogados do Brasil (OAB), Beto Simonetti, foi uma honra receber a comenda no grau Grande Oficial. \u201cDivido essa homenagem com os mais de um milh\u00e3o de advogados que atuam atualmente no Brasil\u201d, pontuou.<\/p>\n<p>A Universidade Federal do Rio Grande do Norte (UFRN) foi a institui\u00e7\u00e3o homenageada na edi\u00e7\u00e3o de 2022 do evento. Para o vice-reitor, Henio Ferreira de Miranda, foi uma grande satisfa\u00e7\u00e3o receber a comenda. \u201cEstamos trabalhando em parceria com a Justi\u00e7a do Trabalho desde a assinatura do termo de coopera\u00e7\u00e3o na \u00e1rea de tecnologia. Nosso lema \u00e9 \u2018dar para receber\u2019, e, no momento em que colaboramos com o TST, tamb\u00e9m estamos aprendendo\u201d, finalizou. \u00a0<\/p>\n<p>Outras personalidades tamb\u00e9m foram homenageadas. Na lista, magistrados, advogados, autoridades pol\u00edticas, empres\u00e1rios e docentes. Entre elas, \u00a0a reitora da Universidade de Bras\u00edlia (UnB), M\u00e1rcia Abrah\u00e3o Moura, o cineasta Renato Barbieri, e o ministro do Trabalho e Previd\u00eancia, Jos\u00e9 Carlos Oliveira.\u00a0<\/p>\n<p>Veja a <a href=\"https:\/\/www.tst.jus.br\/documents\/10157\/2374827\/%5BOMJT%5D+Convite+Digital-01.png\/85a766ff-8902-e754-eaf0-08207ee50611?t=1659464103763\" target=\"_blank\" rel=\"noopener\">lista completa dos agraciados<\/a>.<\/p>\n<p>Confira as fotos do evento no <a href=\"https:\/\/www.flickr.com\/photos\/tst_oficial\/albums\/72177720301225381\" target=\"_blank\" rel=\"noopener\">Flickr oficial do TST<\/a>.<\/p>\n<p>A cerim\u00f4nia foi transmitida na \u00edntegra pelo canal oficial do TST no Youtube. Assista:\u00a0<\/p>\n<div class=\"embed-responsive embed-responsive-16by9\"><\/div>\n<p>\u00a0<\/p>\n<p>(JS\/CF\/TG)<\/p>\n<\/div><\/div>\n<\/div>\n","protected":false},"excerpt":{"rendered":"<p>Cerim\u00f4nia, realizada nesta quinta (11), homenageou 60 pessoas que contribu\u00edram para a institui\u00e7\u00e3o Vista a\u00e9rea da solenidade de outorga da Ordem do M\u00e9rito Judici\u00e1rio do Trabalho 11\/08\/22 &#8211; O Tribunal Superior do Trabalho (TST) realizou, nesta quinta-feira (11), a cerim\u00f4nia de outorga da Ordem do M\u00e9rito Judici\u00e1rio do Trabalho (OMJT) de 2022. A comenda \u00e9 [&hellip;]<\/p>\n","protected":false},"author":0,"featured_media":13132,"comment_status":"open","ping_status":"","sticky":false,"template":"","format":"standard","meta":{"footnotes":""},"categories":[5],"tags":[],"class_list":["post-13131","post","type-post","status-publish","format-standard","has-post-thumbnail","hentry","category-noticias-educacao-financeira"],"blocksy_meta":{"styles_descriptor":{"styles":{"desktop":"","tablet":"","mobile":""},"google_fonts":[],"version":6}},"yoast_head":"<!-- This site is optimized with the Yoast SEO plugin v27.4 - https:\/\/yoast.com\/product\/yoast-seo-wordpress\/ -->\n<title>Autoridades e personalidades brasileiras s\u00e3o homenageadas com Ordem do M\u00e9rito Judici\u00e1rio do Trabalho 2022 - Contabilidade Caxias<\/title>\n<meta name=\"robots\" content=\"index, follow, max-snippet:-1, max-image-preview:large, max-video-preview:-1\" \/>\n<link rel=\"canonical\" href=\"https:\/\/contabilidadecaxias.com.br\/index.php\/2022\/08\/11\/autoridades-e-personalidades-brasileiras-sao-homenageadas-com-ordem-do-merito-judiciario-do-trabalho-2022\/\" \/>\n<meta property=\"og:locale\" content=\"pt_BR\" \/>\n<meta property=\"og:type\" content=\"article\" \/>\n<meta property=\"og:title\" content=\"Autoridades e personalidades brasileiras s\u00e3o homenageadas com Ordem do M\u00e9rito Judici\u00e1rio do Trabalho 2022 - Contabilidade Caxias\" \/>\n<meta property=\"og:description\" content=\"Cerim\u00f4nia, realizada nesta quinta (11), homenageou 60 pessoas que contribu\u00edram para a institui\u00e7\u00e3o Vista a\u00e9rea da solenidade de outorga da Ordem do M\u00e9rito Judici\u00e1rio do Trabalho 11\/08\/22 &#8211; O Tribunal Superior do Trabalho (TST) realizou, nesta quinta-feira (11), a cerim\u00f4nia de outorga da Ordem do M\u00e9rito Judici\u00e1rio do Trabalho (OMJT) de 2022. A comenda \u00e9 [&hellip;]\" \/>\n<meta property=\"og:url\" content=\"https:\/\/contabilidadecaxias.com.br\/index.php\/2022\/08\/11\/autoridades-e-personalidades-brasileiras-sao-homenageadas-com-ordem-do-merito-judiciario-do-trabalho-2022\/\" \/>\n<meta property=\"og:site_name\" content=\"Contabilidade Caxias\" \/>\n<meta property=\"article:published_time\" content=\"2022-08-11T23:08:27+00:00\" \/>\n<meta name=\"twitter:card\" content=\"summary_large_image\" \/>\n<meta name=\"twitter:label1\" content=\"Est. tempo de leitura\" \/>\n\t<meta name=\"twitter:data1\" content=\"2 minutos\" \/>\n<script type=\"application\/ld+json\" class=\"yoast-schema-graph\">{\"@context\":\"https:\\\/\\\/schema.org\",\"@graph\":[{\"@type\":\"Article\",\"@id\":\"https:\\\/\\\/contabilidadecaxias.com.br\\\/index.php\\\/2022\\\/08\\\/11\\\/autoridades-e-personalidades-brasileiras-sao-homenageadas-com-ordem-do-merito-judiciario-do-trabalho-2022\\\/#article\",\"isPartOf\":{\"@id\":\"https:\\\/\\\/contabilidadecaxias.com.br\\\/index.php\\\/2022\\\/08\\\/11\\\/autoridades-e-personalidades-brasileiras-sao-homenageadas-com-ordem-do-merito-judiciario-do-trabalho-2022\\\/\"},\"author\":{\"name\":\"\",\"@id\":\"\"},\"headline\":\"Autoridades e personalidades brasileiras s\u00e3o homenageadas com Ordem do M\u00e9rito Judici\u00e1rio do Trabalho 2022\",\"datePublished\":\"2022-08-11T23:08:27+00:00\",\"mainEntityOfPage\":{\"@id\":\"https:\\\/\\\/contabilidadecaxias.com.br\\\/index.php\\\/2022\\\/08\\\/11\\\/autoridades-e-personalidades-brasileiras-sao-homenageadas-com-ordem-do-merito-judiciario-do-trabalho-2022\\\/\"},\"wordCount\":357,\"commentCount\":0,\"image\":{\"@id\":\"https:\\\/\\\/contabilidadecaxias.com.br\\\/index.php\\\/2022\\\/08\\\/11\\\/autoridades-e-personalidades-brasileiras-sao-homenageadas-com-ordem-do-merito-judiciario-do-trabalho-2022\\\/#primaryimage\"},\"thumbnailUrl\":\"https:\\\/\\\/contabilidadecaxias.com.br\\\/wp-content\\\/uploads\\\/2022\\\/08\\\/whatsapp-image-2022-08-11-at-19.40.54.jpeg\",\"articleSection\":[\"Educa\u00e7\u00e3o Financeira\"],\"inLanguage\":\"pt-BR\",\"potentialAction\":[{\"@type\":\"CommentAction\",\"name\":\"Comment\",\"target\":[\"https:\\\/\\\/contabilidadecaxias.com.br\\\/index.php\\\/2022\\\/08\\\/11\\\/autoridades-e-personalidades-brasileiras-sao-homenageadas-com-ordem-do-merito-judiciario-do-trabalho-2022\\\/#respond\"]}]},{\"@type\":\"WebPage\",\"@id\":\"https:\\\/\\\/contabilidadecaxias.com.br\\\/index.php\\\/2022\\\/08\\\/11\\\/autoridades-e-personalidades-brasileiras-sao-homenageadas-com-ordem-do-merito-judiciario-do-trabalho-2022\\\/\",\"url\":\"https:\\\/\\\/contabilidadecaxias.com.br\\\/index.php\\\/2022\\\/08\\\/11\\\/autoridades-e-personalidades-brasileiras-sao-homenageadas-com-ordem-do-merito-judiciario-do-trabalho-2022\\\/\",\"name\":\"Autoridades e personalidades brasileiras s\u00e3o homenageadas com Ordem do M\u00e9rito Judici\u00e1rio do Trabalho 2022 - Contabilidade Caxias\",\"isPartOf\":{\"@id\":\"https:\\\/\\\/contabilidadecaxias.com.br\\\/#website\"},\"primaryImageOfPage\":{\"@id\":\"https:\\\/\\\/contabilidadecaxias.com.br\\\/index.php\\\/2022\\\/08\\\/11\\\/autoridades-e-personalidades-brasileiras-sao-homenageadas-com-ordem-do-merito-judiciario-do-trabalho-2022\\\/#primaryimage\"},\"image\":{\"@id\":\"https:\\\/\\\/contabilidadecaxias.com.br\\\/index.php\\\/2022\\\/08\\\/11\\\/autoridades-e-personalidades-brasileiras-sao-homenageadas-com-ordem-do-merito-judiciario-do-trabalho-2022\\\/#primaryimage\"},\"thumbnailUrl\":\"https:\\\/\\\/contabilidadecaxias.com.br\\\/wp-content\\\/uploads\\\/2022\\\/08\\\/whatsapp-image-2022-08-11-at-19.40.54.jpeg\",\"datePublished\":\"2022-08-11T23:08:27+00:00\",\"author\":{\"@id\":\"\"},\"breadcrumb\":{\"@id\":\"https:\\\/\\\/contabilidadecaxias.com.br\\\/index.php\\\/2022\\\/08\\\/11\\\/autoridades-e-personalidades-brasileiras-sao-homenageadas-com-ordem-do-merito-judiciario-do-trabalho-2022\\\/#breadcrumb\"},\"inLanguage\":\"pt-BR\",\"potentialAction\":[{\"@type\":\"ReadAction\",\"target\":[\"https:\\\/\\\/contabilidadecaxias.com.br\\\/index.php\\\/2022\\\/08\\\/11\\\/autoridades-e-personalidades-brasileiras-sao-homenageadas-com-ordem-do-merito-judiciario-do-trabalho-2022\\\/\"]}]},{\"@type\":\"ImageObject\",\"inLanguage\":\"pt-BR\",\"@id\":\"https:\\\/\\\/contabilidadecaxias.com.br\\\/index.php\\\/2022\\\/08\\\/11\\\/autoridades-e-personalidades-brasileiras-sao-homenageadas-com-ordem-do-merito-judiciario-do-trabalho-2022\\\/#primaryimage\",\"url\":\"https:\\\/\\\/contabilidadecaxias.com.br\\\/wp-content\\\/uploads\\\/2022\\\/08\\\/whatsapp-image-2022-08-11-at-19.40.54.jpeg\",\"contentUrl\":\"https:\\\/\\\/contabilidadecaxias.com.br\\\/wp-content\\\/uploads\\\/2022\\\/08\\\/whatsapp-image-2022-08-11-at-19.40.54.jpeg\",\"width\":1280,\"height\":853},{\"@type\":\"BreadcrumbList\",\"@id\":\"https:\\\/\\\/contabilidadecaxias.com.br\\\/index.php\\\/2022\\\/08\\\/11\\\/autoridades-e-personalidades-brasileiras-sao-homenageadas-com-ordem-do-merito-judiciario-do-trabalho-2022\\\/#breadcrumb\",\"itemListElement\":[{\"@type\":\"ListItem\",\"position\":1,\"name\":\"In\u00edcio\",\"item\":\"https:\\\/\\\/contabilidadecaxias.com.br\\\/\"},{\"@type\":\"ListItem\",\"position\":2,\"name\":\"Autoridades e personalidades brasileiras s\u00e3o homenageadas com Ordem do M\u00e9rito Judici\u00e1rio do Trabalho 2022\"}]},{\"@type\":\"WebSite\",\"@id\":\"https:\\\/\\\/contabilidadecaxias.com.br\\\/#website\",\"url\":\"https:\\\/\\\/contabilidadecaxias.com.br\\\/\",\"name\":\"Contabilidade Caxias\",\"description\":\"Site especializado em Contabilidade para Caxias.\",\"potentialAction\":[{\"@type\":\"SearchAction\",\"target\":{\"@type\":\"EntryPoint\",\"urlTemplate\":\"https:\\\/\\\/contabilidadecaxias.com.br\\\/?s={search_term_string}\"},\"query-input\":{\"@type\":\"PropertyValueSpecification\",\"valueRequired\":true,\"valueName\":\"search_term_string\"}}],\"inLanguage\":\"pt-BR\"}]}<\/script>\n<!-- \/ Yoast SEO plugin. -->","yoast_head_json":{"title":"Autoridades e personalidades brasileiras s\u00e3o homenageadas com Ordem do M\u00e9rito Judici\u00e1rio do Trabalho 2022 - Contabilidade Caxias","robots":{"index":"index","follow":"follow","max-snippet":"max-snippet:-1","max-image-preview":"max-image-preview:large","max-video-preview":"max-video-preview:-1"},"canonical":"https:\/\/contabilidadecaxias.com.br\/index.php\/2022\/08\/11\/autoridades-e-personalidades-brasileiras-sao-homenageadas-com-ordem-do-merito-judiciario-do-trabalho-2022\/","og_locale":"pt_BR","og_type":"article","og_title":"Autoridades e personalidades brasileiras s\u00e3o homenageadas com Ordem do M\u00e9rito Judici\u00e1rio do Trabalho 2022 - Contabilidade Caxias","og_description":"Cerim\u00f4nia, realizada nesta quinta (11), homenageou 60 pessoas que contribu\u00edram para a institui\u00e7\u00e3o Vista a\u00e9rea da solenidade de outorga da Ordem do M\u00e9rito Judici\u00e1rio do Trabalho 11\/08\/22 &#8211; O Tribunal Superior do Trabalho (TST) realizou, nesta quinta-feira (11), a cerim\u00f4nia de outorga da Ordem do M\u00e9rito Judici\u00e1rio do Trabalho (OMJT) de 2022. A comenda \u00e9 [&hellip;]","og_url":"https:\/\/contabilidadecaxias.com.br\/index.php\/2022\/08\/11\/autoridades-e-personalidades-brasileiras-sao-homenageadas-com-ordem-do-merito-judiciario-do-trabalho-2022\/","og_site_name":"Contabilidade Caxias","article_published_time":"2022-08-11T23:08:27+00:00","twitter_card":"summary_large_image","twitter_misc":{"Est. tempo de leitura":"2 minutos"},"schema":{"@context":"https:\/\/schema.org","@graph":[{"@type":"Article","@id":"https:\/\/contabilidadecaxias.com.br\/index.php\/2022\/08\/11\/autoridades-e-personalidades-brasileiras-sao-homenageadas-com-ordem-do-merito-judiciario-do-trabalho-2022\/#article","isPartOf":{"@id":"https:\/\/contabilidadecaxias.com.br\/index.php\/2022\/08\/11\/autoridades-e-personalidades-brasileiras-sao-homenageadas-com-ordem-do-merito-judiciario-do-trabalho-2022\/"},"author":{"name":"","@id":""},"headline":"Autoridades e personalidades brasileiras s\u00e3o homenageadas com Ordem do M\u00e9rito Judici\u00e1rio do Trabalho 2022","datePublished":"2022-08-11T23:08:27+00:00","mainEntityOfPage":{"@id":"https:\/\/contabilidadecaxias.com.br\/index.php\/2022\/08\/11\/autoridades-e-personalidades-brasileiras-sao-homenageadas-com-ordem-do-merito-judiciario-do-trabalho-2022\/"},"wordCount":357,"commentCount":0,"image":{"@id":"https:\/\/contabilidadecaxias.com.br\/index.php\/2022\/08\/11\/autoridades-e-personalidades-brasileiras-sao-homenageadas-com-ordem-do-merito-judiciario-do-trabalho-2022\/#primaryimage"},"thumbnailUrl":"https:\/\/contabilidadecaxias.com.br\/wp-content\/uploads\/2022\/08\/whatsapp-image-2022-08-11-at-19.40.54.jpeg","articleSection":["Educa\u00e7\u00e3o Financeira"],"inLanguage":"pt-BR","potentialAction":[{"@type":"CommentAction","name":"Comment","target":["https:\/\/contabilidadecaxias.com.br\/index.php\/2022\/08\/11\/autoridades-e-personalidades-brasileiras-sao-homenageadas-com-ordem-do-merito-judiciario-do-trabalho-2022\/#respond"]}]},{"@type":"WebPage","@id":"https:\/\/contabilidadecaxias.com.br\/index.php\/2022\/08\/11\/autoridades-e-personalidades-brasileiras-sao-homenageadas-com-ordem-do-merito-judiciario-do-trabalho-2022\/","url":"https:\/\/contabilidadecaxias.com.br\/index.php\/2022\/08\/11\/autoridades-e-personalidades-brasileiras-sao-homenageadas-com-ordem-do-merito-judiciario-do-trabalho-2022\/","name":"Autoridades e personalidades brasileiras s\u00e3o homenageadas com Ordem do M\u00e9rito Judici\u00e1rio do Trabalho 2022 - Contabilidade Caxias","isPartOf":{"@id":"https:\/\/contabilidadecaxias.com.br\/#website"},"primaryImageOfPage":{"@id":"https:\/\/contabilidadecaxias.com.br\/index.php\/2022\/08\/11\/autoridades-e-personalidades-brasileiras-sao-homenageadas-com-ordem-do-merito-judiciario-do-trabalho-2022\/#primaryimage"},"image":{"@id":"https:\/\/contabilidadecaxias.com.br\/index.php\/2022\/08\/11\/autoridades-e-personalidades-brasileiras-sao-homenageadas-com-ordem-do-merito-judiciario-do-trabalho-2022\/#primaryimage"},"thumbnailUrl":"https:\/\/contabilidadecaxias.com.br\/wp-content\/uploads\/2022\/08\/whatsapp-image-2022-08-11-at-19.40.54.jpeg","datePublished":"2022-08-11T23:08:27+00:00","author":{"@id":""},"breadcrumb":{"@id":"https:\/\/contabilidadecaxias.com.br\/index.php\/2022\/08\/11\/autoridades-e-personalidades-brasileiras-sao-homenageadas-com-ordem-do-merito-judiciario-do-trabalho-2022\/#breadcrumb"},"inLanguage":"pt-BR","potentialAction":[{"@type":"ReadAction","target":["https:\/\/contabilidadecaxias.com.br\/index.php\/2022\/08\/11\/autoridades-e-personalidades-brasileiras-sao-homenageadas-com-ordem-do-merito-judiciario-do-trabalho-2022\/"]}]},{"@type":"ImageObject","inLanguage":"pt-BR","@id":"https:\/\/contabilidadecaxias.com.br\/index.php\/2022\/08\/11\/autoridades-e-personalidades-brasileiras-sao-homenageadas-com-ordem-do-merito-judiciario-do-trabalho-2022\/#primaryimage","url":"https:\/\/contabilidadecaxias.com.br\/wp-content\/uploads\/2022\/08\/whatsapp-image-2022-08-11-at-19.40.54.jpeg","contentUrl":"https:\/\/contabilidadecaxias.com.br\/wp-content\/uploads\/2022\/08\/whatsapp-image-2022-08-11-at-19.40.54.jpeg","width":1280,"height":853},{"@type":"BreadcrumbList","@id":"https:\/\/contabilidadecaxias.com.br\/index.php\/2022\/08\/11\/autoridades-e-personalidades-brasileiras-sao-homenageadas-com-ordem-do-merito-judiciario-do-trabalho-2022\/#breadcrumb","itemListElement":[{"@type":"ListItem","position":1,"name":"In\u00edcio","item":"https:\/\/contabilidadecaxias.com.br\/"},{"@type":"ListItem","position":2,"name":"Autoridades e personalidades brasileiras s\u00e3o homenageadas com Ordem do M\u00e9rito Judici\u00e1rio do Trabalho 2022"}]},{"@type":"WebSite","@id":"https:\/\/contabilidadecaxias.com.br\/#website","url":"https:\/\/contabilidadecaxias.com.br\/","name":"Contabilidade Caxias","description":"Site especializado em Contabilidade para Caxias.","potentialAction":[{"@type":"SearchAction","target":{"@type":"EntryPoint","urlTemplate":"https:\/\/contabilidadecaxias.com.br\/?s={search_term_string}"},"query-input":{"@type":"PropertyValueSpecification","valueRequired":true,"valueName":"search_term_string"}}],"inLanguage":"pt-BR"}]}},"_links":{"self":[{"href":"https:\/\/contabilidadecaxias.com.br\/index.php\/wp-json\/wp\/v2\/posts\/13131","targetHints":{"allow":["GET"]}}],"collection":[{"href":"https:\/\/contabilidadecaxias.com.br\/index.php\/wp-json\/wp\/v2\/posts"}],"about":[{"href":"https:\/\/contabilidadecaxias.com.br\/index.php\/wp-json\/wp\/v2\/types\/post"}],"replies":[{"embeddable":true,"href":"https:\/\/contabilidadecaxias.com.br\/index.php\/wp-json\/wp\/v2\/comments?post=13131"}],"version-history":[{"count":0,"href":"https:\/\/contabilidadecaxias.com.br\/index.php\/wp-json\/wp\/v2\/posts\/13131\/revisions"}],"wp:featuredmedia":[{"embeddable":true,"href":"https:\/\/contabilidadecaxias.com.br\/index.php\/wp-json\/wp\/v2\/media\/13132"}],"wp:attachment":[{"href":"https:\/\/contabilidadecaxias.com.br\/index.php\/wp-json\/wp\/v2\/media?parent=13131"}],"wp:term":[{"taxonomy":"category","embeddable":true,"href":"https:\/\/contabilidadecaxias.com.br\/index.php\/wp-json\/wp\/v2\/categories?post=13131"},{"taxonomy":"post_tag","embeddable":true,"href":"https:\/\/contabilidadecaxias.com.br\/index.php\/wp-json\/wp\/v2\/tags?post=13131"}],"curies":[{"name":"wp","href":"https:\/\/api.w.org\/{rel}","templated":true}]}}