{"id":13111,"date":"2022-08-11T18:04:50","date_gmt":"2022-08-11T21:04:50","guid":{"rendered":"https:\/\/contabilidadecaxias.com.br\/index.php\/2022\/08\/11\/ordem-do-merito-judiciario-do-trabalho-acompanhe-ao-vivo\/"},"modified":"2022-08-11T18:04:50","modified_gmt":"2022-08-11T21:04:50","slug":"ordem-do-merito-judiciario-do-trabalho-acompanhe-ao-vivo","status":"publish","type":"post","link":"https:\/\/contabilidadecaxias.com.br\/index.php\/2022\/08\/11\/ordem-do-merito-judiciario-do-trabalho-acompanhe-ao-vivo\/","title":{"rendered":"Ordem do M\u00e9rito Judici\u00e1rio do Trabalho: acompanhe ao vivo"},"content":{"rendered":"<div class=\"noticia-wrapper\">\n<p><em><\/p>\n<p>A solenidade de entrega das medalhas tem transmiss\u00e3o em tempo real pelo canal do TST no YouTube<\/p>\n<p><\/em><\/p>\n<div class=\"social-media-share mobile\">\n        <a class=\"share-facebook\" href=\"https:\/\/www.facebook.com\/sharer.php?u=https:\/\/www.tst.jus.br\/-\/ordem-do-m%C3%A9rito-judici%C3%A1rio-do-trabalho-acompanhe-ao-vivo\" target=\"_blank\" rel=\"noopener\"><\/a><br \/>\n        <a class=\"share-twitter\" href=\"https:\/\/twitter.com\/intent\/tweet?text=Ordem%20do%20M%C3%A9rito%20Judici%C3%A1rio%20do%20Trabalho:%20acompanhe%20ao%20vivo%0AVeja%20mais%20em:&amp;url=https:\/\/www.tst.jus.br\/-\/ordem-do-m%C3%A9rito-judici%C3%A1rio-do-trabalho-acompanhe-ao-vivo\" target=\"_blank\" rel=\"noopener\"><\/a><br \/>\n        <a class=\"share-linkedin\" href=\"https:\/\/www.linkedin.com\/shareArticle?mini=true&amp;url=https:\/\/www.tst.jus.br\/-\/ordem-do-m%C3%A9rito-judici%C3%A1rio-do-trabalho-acompanhe-ao-vivo&amp;title=Ordem%20do%20M%C3%A9rito%20Judici%C3%A1rio%20do%20Trabalho:%20acompanhe%20ao%20vivo\" target=\"_blank\" rel=\"noopener\"><\/a><br \/>\n        <a class=\"share-whatsapp\" href=\"https:\/\/web.whatsapp.com\/send?text=https:\/\/www.tst.jus.br\/-\/ordem-do-m%C3%A9rito-judici%C3%A1rio-do-trabalho-acompanhe-ao-vivo\" target=\"_blank\" rel=\"noopener\"><\/a><br \/>\n        <a class=\"share-googleplus\" href=\"https:\/\/plus.google.com\/share?url=https:\/\/www.tst.jus.br\/-\/ordem-do-m%C3%A9rito-judici%C3%A1rio-do-trabalho-acompanhe-ao-vivo\" target=\"_blank\" rel=\"noopener\"><\/a>\n    <\/div>\n<div class=\"news-body\">\n<div class=\"imagem-da-noticia\">\n<div class=\"social-media-share\">\n                    <a class=\"share-facebook\" href=\"https:\/\/www.facebook.com\/sharer.php?u=https:\/\/www.tst.jus.br\/-\/ordem-do-m%C3%A9rito-judici%C3%A1rio-do-trabalho-acompanhe-ao-vivo\" target=\"_blank\" rel=\"noopener\"><\/a><br \/>\n                    <a class=\"share-twitter\" href=\"https:\/\/twitter.com\/intent\/tweet?text=Ordem%20do%20M%C3%A9rito%20Judici%C3%A1rio%20do%20Trabalho:%20acompanhe%20ao%20vivo%0AVeja%20mais%20em:&amp;url=https:\/\/www.tst.jus.br\/-\/ordem-do-m%C3%A9rito-judici%C3%A1rio-do-trabalho-acompanhe-ao-vivo\" target=\"_blank\" rel=\"noopener\"><\/a><br \/>\n                    <a class=\"share-linkedin\" href=\"https:\/\/www.linkedin.com\/shareArticle?mini=true&amp;url=https:\/\/www.tst.jus.br\/-\/ordem-do-m%C3%A9rito-judici%C3%A1rio-do-trabalho-acompanhe-ao-vivo&amp;title=Ordem%20do%20M%C3%A9rito%20Judici%C3%A1rio%20do%20Trabalho:%20acompanhe%20ao%20vivo\" target=\"_blank\" rel=\"noopener\"><\/a><br \/>\n                    <a class=\"share-whatsapp\" href=\"https:\/\/web.whatsapp.com\/send?text=https:\/\/www.tst.jus.br\/-\/ordem-do-m%C3%A9rito-judici%C3%A1rio-do-trabalho-acompanhe-ao-vivo\" target=\"_blank\" rel=\"noopener\"><\/a><br \/>\n                    <a class=\"share-googleplus\" href=\"https:\/\/plus.google.com\/share?url=https:\/\/www.tst.jus.br\/-\/ordem-do-m%C3%A9rito-judici%C3%A1rio-do-trabalho-acompanhe-ao-vivo\" target=\"_blank\" rel=\"noopener\"><\/a>\n                <\/div>\n<\/p><\/div>\n<div class=\"materia\">\n<p>11\/08\/22 &#8211; A cerim\u00f4nia de outorga da Ordem do M\u00e9rito Judici\u00e1rio do Trabalho (OMJT) de 2022, realizada nesta quarta-feira (11), a partir das 17h, pelo Tribunal Superior do Trabalho, tem transmiss\u00e3o ao vivo pelo canal no TST do YouTube. Acompanhe:<\/p>\n<div class=\"embed-responsive embed-responsive-16by9\"><\/div>\n<p>\u00a0<\/p>\n<p>Entre as personalidades homenageadas est\u00e3o o ministro do Superior Tribunal de Justi\u00e7a (STJ) Sebasti\u00e3o Alves dos Reis J\u00fanior, o presidente do Conselho Nacional da Ordem dos Advogados do Brasil, Jos\u00e9 Alberto Simonetti, a senadora Simone Tebet, a reitora da Universidade de Bras\u00edlia (UnB), M\u00e1rcia Abrah\u00e3o Moura, o prefeito de Natal (RN), \u00c1lvaro Costa Dias, o ministro do Trabalho e Previd\u00eancia, Jos\u00e9 Carlos Oliveira, e o cineasta Renato Barbieri, entre outros. A institui\u00e7\u00e3o que receber\u00e1 a comenda este ano \u00e9 a Universidade Federal do Rio Grande do Norte.\u00a0<\/p>\n<p>Leia mais:<\/p>\n<p>8\/8\/22 &#8211;\u00a0<a href=\"https:\/\/www.tst.jus.br\/web\/guest\/-\/tst-realiza-solenidade-da-ordem-do-m%C3%A9rito-judici%C3%A1rio-do-trabalho-na-quinta-feira-11-\" target=\"_blank\" rel=\"noopener\">TST realiza solenidade da Ordem do M\u00e9rito Judici\u00e1rio do Trabalho na quinta-feira (11)<\/a><\/p>\n<\/div><\/div>\n<\/div>\n","protected":false},"excerpt":{"rendered":"<p>A solenidade de entrega das medalhas tem transmiss\u00e3o em tempo real pelo canal do TST no YouTube 11\/08\/22 &#8211; A cerim\u00f4nia de outorga da Ordem do M\u00e9rito Judici\u00e1rio do Trabalho (OMJT) de 2022, realizada nesta quarta-feira (11), a partir das 17h, pelo Tribunal Superior do Trabalho, tem transmiss\u00e3o ao vivo pelo canal no TST do [&hellip;]<\/p>\n","protected":false},"author":0,"featured_media":13112,"comment_status":"open","ping_status":"","sticky":false,"template":"","format":"standard","meta":{"footnotes":""},"categories":[5],"tags":[],"class_list":["post-13111","post","type-post","status-publish","format-standard","has-post-thumbnail","hentry","category-noticias-educacao-financeira"],"blocksy_meta":{"styles_descriptor":{"styles":{"desktop":"","tablet":"","mobile":""},"google_fonts":[],"version":6}},"yoast_head":"<!-- This site is optimized with the Yoast SEO plugin v27.4 - https:\/\/yoast.com\/product\/yoast-seo-wordpress\/ -->\n<title>Ordem do M\u00e9rito Judici\u00e1rio do Trabalho: acompanhe ao vivo - Contabilidade Caxias<\/title>\n<meta name=\"robots\" content=\"index, follow, max-snippet:-1, max-image-preview:large, max-video-preview:-1\" \/>\n<link rel=\"canonical\" href=\"https:\/\/contabilidadecaxias.com.br\/index.php\/2022\/08\/11\/ordem-do-merito-judiciario-do-trabalho-acompanhe-ao-vivo\/\" \/>\n<meta property=\"og:locale\" content=\"pt_BR\" \/>\n<meta property=\"og:type\" content=\"article\" \/>\n<meta property=\"og:title\" content=\"Ordem do M\u00e9rito Judici\u00e1rio do Trabalho: acompanhe ao vivo - Contabilidade Caxias\" \/>\n<meta property=\"og:description\" content=\"A solenidade de entrega das medalhas tem transmiss\u00e3o em tempo real pelo canal do TST no YouTube 11\/08\/22 &#8211; A cerim\u00f4nia de outorga da Ordem do M\u00e9rito Judici\u00e1rio do Trabalho (OMJT) de 2022, realizada nesta quarta-feira (11), a partir das 17h, pelo Tribunal Superior do Trabalho, tem transmiss\u00e3o ao vivo pelo canal no TST do [&hellip;]\" \/>\n<meta property=\"og:url\" content=\"https:\/\/contabilidadecaxias.com.br\/index.php\/2022\/08\/11\/ordem-do-merito-judiciario-do-trabalho-acompanhe-ao-vivo\/\" \/>\n<meta property=\"og:site_name\" content=\"Contabilidade Caxias\" \/>\n<meta property=\"article:published_time\" content=\"2022-08-11T21:04:50+00:00\" \/>\n<meta name=\"twitter:card\" content=\"summary_large_image\" \/>\n<meta name=\"twitter:label1\" content=\"Est. tempo de leitura\" \/>\n\t<meta name=\"twitter:data1\" content=\"1 minuto\" \/>\n<script type=\"application\/ld+json\" class=\"yoast-schema-graph\">{\"@context\":\"https:\\\/\\\/schema.org\",\"@graph\":[{\"@type\":\"Article\",\"@id\":\"https:\\\/\\\/contabilidadecaxias.com.br\\\/index.php\\\/2022\\\/08\\\/11\\\/ordem-do-merito-judiciario-do-trabalho-acompanhe-ao-vivo\\\/#article\",\"isPartOf\":{\"@id\":\"https:\\\/\\\/contabilidadecaxias.com.br\\\/index.php\\\/2022\\\/08\\\/11\\\/ordem-do-merito-judiciario-do-trabalho-acompanhe-ao-vivo\\\/\"},\"author\":{\"name\":\"\",\"@id\":\"\"},\"headline\":\"Ordem do M\u00e9rito Judici\u00e1rio do Trabalho: acompanhe ao vivo\",\"datePublished\":\"2022-08-11T21:04:50+00:00\",\"mainEntityOfPage\":{\"@id\":\"https:\\\/\\\/contabilidadecaxias.com.br\\\/index.php\\\/2022\\\/08\\\/11\\\/ordem-do-merito-judiciario-do-trabalho-acompanhe-ao-vivo\\\/\"},\"wordCount\":182,\"commentCount\":0,\"image\":{\"@id\":\"https:\\\/\\\/contabilidadecaxias.com.br\\\/index.php\\\/2022\\\/08\\\/11\\\/ordem-do-merito-judiciario-do-trabalho-acompanhe-ao-vivo\\\/#primaryimage\"},\"thumbnailUrl\":\"https:\\\/\\\/contabilidadecaxias.com.br\\\/wp-content\\\/uploads\\\/2022\\\/08\\\/62b0304e-729c-6225-58ca-3cc8813da3c9-wUmyab.jpeg\",\"articleSection\":[\"Educa\u00e7\u00e3o Financeira\"],\"inLanguage\":\"pt-BR\",\"potentialAction\":[{\"@type\":\"CommentAction\",\"name\":\"Comment\",\"target\":[\"https:\\\/\\\/contabilidadecaxias.com.br\\\/index.php\\\/2022\\\/08\\\/11\\\/ordem-do-merito-judiciario-do-trabalho-acompanhe-ao-vivo\\\/#respond\"]}]},{\"@type\":\"WebPage\",\"@id\":\"https:\\\/\\\/contabilidadecaxias.com.br\\\/index.php\\\/2022\\\/08\\\/11\\\/ordem-do-merito-judiciario-do-trabalho-acompanhe-ao-vivo\\\/\",\"url\":\"https:\\\/\\\/contabilidadecaxias.com.br\\\/index.php\\\/2022\\\/08\\\/11\\\/ordem-do-merito-judiciario-do-trabalho-acompanhe-ao-vivo\\\/\",\"name\":\"Ordem do M\u00e9rito Judici\u00e1rio do Trabalho: acompanhe ao vivo - Contabilidade Caxias\",\"isPartOf\":{\"@id\":\"https:\\\/\\\/contabilidadecaxias.com.br\\\/#website\"},\"primaryImageOfPage\":{\"@id\":\"https:\\\/\\\/contabilidadecaxias.com.br\\\/index.php\\\/2022\\\/08\\\/11\\\/ordem-do-merito-judiciario-do-trabalho-acompanhe-ao-vivo\\\/#primaryimage\"},\"image\":{\"@id\":\"https:\\\/\\\/contabilidadecaxias.com.br\\\/index.php\\\/2022\\\/08\\\/11\\\/ordem-do-merito-judiciario-do-trabalho-acompanhe-ao-vivo\\\/#primaryimage\"},\"thumbnailUrl\":\"https:\\\/\\\/contabilidadecaxias.com.br\\\/wp-content\\\/uploads\\\/2022\\\/08\\\/62b0304e-729c-6225-58ca-3cc8813da3c9-wUmyab.jpeg\",\"datePublished\":\"2022-08-11T21:04:50+00:00\",\"author\":{\"@id\":\"\"},\"breadcrumb\":{\"@id\":\"https:\\\/\\\/contabilidadecaxias.com.br\\\/index.php\\\/2022\\\/08\\\/11\\\/ordem-do-merito-judiciario-do-trabalho-acompanhe-ao-vivo\\\/#breadcrumb\"},\"inLanguage\":\"pt-BR\",\"potentialAction\":[{\"@type\":\"ReadAction\",\"target\":[\"https:\\\/\\\/contabilidadecaxias.com.br\\\/index.php\\\/2022\\\/08\\\/11\\\/ordem-do-merito-judiciario-do-trabalho-acompanhe-ao-vivo\\\/\"]}]},{\"@type\":\"ImageObject\",\"inLanguage\":\"pt-BR\",\"@id\":\"https:\\\/\\\/contabilidadecaxias.com.br\\\/index.php\\\/2022\\\/08\\\/11\\\/ordem-do-merito-judiciario-do-trabalho-acompanhe-ao-vivo\\\/#primaryimage\",\"url\":\"https:\\\/\\\/contabilidadecaxias.com.br\\\/wp-content\\\/uploads\\\/2022\\\/08\\\/62b0304e-729c-6225-58ca-3cc8813da3c9-wUmyab.jpeg\",\"contentUrl\":\"https:\\\/\\\/contabilidadecaxias.com.br\\\/wp-content\\\/uploads\\\/2022\\\/08\\\/62b0304e-729c-6225-58ca-3cc8813da3c9-wUmyab.jpeg\",\"width\":1800,\"height\":1200},{\"@type\":\"BreadcrumbList\",\"@id\":\"https:\\\/\\\/contabilidadecaxias.com.br\\\/index.php\\\/2022\\\/08\\\/11\\\/ordem-do-merito-judiciario-do-trabalho-acompanhe-ao-vivo\\\/#breadcrumb\",\"itemListElement\":[{\"@type\":\"ListItem\",\"position\":1,\"name\":\"In\u00edcio\",\"item\":\"https:\\\/\\\/contabilidadecaxias.com.br\\\/\"},{\"@type\":\"ListItem\",\"position\":2,\"name\":\"Ordem do M\u00e9rito Judici\u00e1rio do Trabalho: acompanhe ao vivo\"}]},{\"@type\":\"WebSite\",\"@id\":\"https:\\\/\\\/contabilidadecaxias.com.br\\\/#website\",\"url\":\"https:\\\/\\\/contabilidadecaxias.com.br\\\/\",\"name\":\"Contabilidade Caxias\",\"description\":\"Site especializado em Contabilidade para Caxias.\",\"potentialAction\":[{\"@type\":\"SearchAction\",\"target\":{\"@type\":\"EntryPoint\",\"urlTemplate\":\"https:\\\/\\\/contabilidadecaxias.com.br\\\/?s={search_term_string}\"},\"query-input\":{\"@type\":\"PropertyValueSpecification\",\"valueRequired\":true,\"valueName\":\"search_term_string\"}}],\"inLanguage\":\"pt-BR\"}]}<\/script>\n<!-- \/ Yoast SEO plugin. -->","yoast_head_json":{"title":"Ordem do M\u00e9rito Judici\u00e1rio do Trabalho: acompanhe ao vivo - Contabilidade Caxias","robots":{"index":"index","follow":"follow","max-snippet":"max-snippet:-1","max-image-preview":"max-image-preview:large","max-video-preview":"max-video-preview:-1"},"canonical":"https:\/\/contabilidadecaxias.com.br\/index.php\/2022\/08\/11\/ordem-do-merito-judiciario-do-trabalho-acompanhe-ao-vivo\/","og_locale":"pt_BR","og_type":"article","og_title":"Ordem do M\u00e9rito Judici\u00e1rio do Trabalho: acompanhe ao vivo - Contabilidade Caxias","og_description":"A solenidade de entrega das medalhas tem transmiss\u00e3o em tempo real pelo canal do TST no YouTube 11\/08\/22 &#8211; A cerim\u00f4nia de outorga da Ordem do M\u00e9rito Judici\u00e1rio do Trabalho (OMJT) de 2022, realizada nesta quarta-feira (11), a partir das 17h, pelo Tribunal Superior do Trabalho, tem transmiss\u00e3o ao vivo pelo canal no TST do [&hellip;]","og_url":"https:\/\/contabilidadecaxias.com.br\/index.php\/2022\/08\/11\/ordem-do-merito-judiciario-do-trabalho-acompanhe-ao-vivo\/","og_site_name":"Contabilidade Caxias","article_published_time":"2022-08-11T21:04:50+00:00","twitter_card":"summary_large_image","twitter_misc":{"Est. tempo de leitura":"1 minuto"},"schema":{"@context":"https:\/\/schema.org","@graph":[{"@type":"Article","@id":"https:\/\/contabilidadecaxias.com.br\/index.php\/2022\/08\/11\/ordem-do-merito-judiciario-do-trabalho-acompanhe-ao-vivo\/#article","isPartOf":{"@id":"https:\/\/contabilidadecaxias.com.br\/index.php\/2022\/08\/11\/ordem-do-merito-judiciario-do-trabalho-acompanhe-ao-vivo\/"},"author":{"name":"","@id":""},"headline":"Ordem do M\u00e9rito Judici\u00e1rio do Trabalho: acompanhe ao vivo","datePublished":"2022-08-11T21:04:50+00:00","mainEntityOfPage":{"@id":"https:\/\/contabilidadecaxias.com.br\/index.php\/2022\/08\/11\/ordem-do-merito-judiciario-do-trabalho-acompanhe-ao-vivo\/"},"wordCount":182,"commentCount":0,"image":{"@id":"https:\/\/contabilidadecaxias.com.br\/index.php\/2022\/08\/11\/ordem-do-merito-judiciario-do-trabalho-acompanhe-ao-vivo\/#primaryimage"},"thumbnailUrl":"https:\/\/contabilidadecaxias.com.br\/wp-content\/uploads\/2022\/08\/62b0304e-729c-6225-58ca-3cc8813da3c9-wUmyab.jpeg","articleSection":["Educa\u00e7\u00e3o Financeira"],"inLanguage":"pt-BR","potentialAction":[{"@type":"CommentAction","name":"Comment","target":["https:\/\/contabilidadecaxias.com.br\/index.php\/2022\/08\/11\/ordem-do-merito-judiciario-do-trabalho-acompanhe-ao-vivo\/#respond"]}]},{"@type":"WebPage","@id":"https:\/\/contabilidadecaxias.com.br\/index.php\/2022\/08\/11\/ordem-do-merito-judiciario-do-trabalho-acompanhe-ao-vivo\/","url":"https:\/\/contabilidadecaxias.com.br\/index.php\/2022\/08\/11\/ordem-do-merito-judiciario-do-trabalho-acompanhe-ao-vivo\/","name":"Ordem do M\u00e9rito Judici\u00e1rio do Trabalho: acompanhe ao vivo - Contabilidade Caxias","isPartOf":{"@id":"https:\/\/contabilidadecaxias.com.br\/#website"},"primaryImageOfPage":{"@id":"https:\/\/contabilidadecaxias.com.br\/index.php\/2022\/08\/11\/ordem-do-merito-judiciario-do-trabalho-acompanhe-ao-vivo\/#primaryimage"},"image":{"@id":"https:\/\/contabilidadecaxias.com.br\/index.php\/2022\/08\/11\/ordem-do-merito-judiciario-do-trabalho-acompanhe-ao-vivo\/#primaryimage"},"thumbnailUrl":"https:\/\/contabilidadecaxias.com.br\/wp-content\/uploads\/2022\/08\/62b0304e-729c-6225-58ca-3cc8813da3c9-wUmyab.jpeg","datePublished":"2022-08-11T21:04:50+00:00","author":{"@id":""},"breadcrumb":{"@id":"https:\/\/contabilidadecaxias.com.br\/index.php\/2022\/08\/11\/ordem-do-merito-judiciario-do-trabalho-acompanhe-ao-vivo\/#breadcrumb"},"inLanguage":"pt-BR","potentialAction":[{"@type":"ReadAction","target":["https:\/\/contabilidadecaxias.com.br\/index.php\/2022\/08\/11\/ordem-do-merito-judiciario-do-trabalho-acompanhe-ao-vivo\/"]}]},{"@type":"ImageObject","inLanguage":"pt-BR","@id":"https:\/\/contabilidadecaxias.com.br\/index.php\/2022\/08\/11\/ordem-do-merito-judiciario-do-trabalho-acompanhe-ao-vivo\/#primaryimage","url":"https:\/\/contabilidadecaxias.com.br\/wp-content\/uploads\/2022\/08\/62b0304e-729c-6225-58ca-3cc8813da3c9-wUmyab.jpeg","contentUrl":"https:\/\/contabilidadecaxias.com.br\/wp-content\/uploads\/2022\/08\/62b0304e-729c-6225-58ca-3cc8813da3c9-wUmyab.jpeg","width":1800,"height":1200},{"@type":"BreadcrumbList","@id":"https:\/\/contabilidadecaxias.com.br\/index.php\/2022\/08\/11\/ordem-do-merito-judiciario-do-trabalho-acompanhe-ao-vivo\/#breadcrumb","itemListElement":[{"@type":"ListItem","position":1,"name":"In\u00edcio","item":"https:\/\/contabilidadecaxias.com.br\/"},{"@type":"ListItem","position":2,"name":"Ordem do M\u00e9rito Judici\u00e1rio do Trabalho: acompanhe ao vivo"}]},{"@type":"WebSite","@id":"https:\/\/contabilidadecaxias.com.br\/#website","url":"https:\/\/contabilidadecaxias.com.br\/","name":"Contabilidade Caxias","description":"Site especializado em Contabilidade para Caxias.","potentialAction":[{"@type":"SearchAction","target":{"@type":"EntryPoint","urlTemplate":"https:\/\/contabilidadecaxias.com.br\/?s={search_term_string}"},"query-input":{"@type":"PropertyValueSpecification","valueRequired":true,"valueName":"search_term_string"}}],"inLanguage":"pt-BR"}]}},"_links":{"self":[{"href":"https:\/\/contabilidadecaxias.com.br\/index.php\/wp-json\/wp\/v2\/posts\/13111","targetHints":{"allow":["GET"]}}],"collection":[{"href":"https:\/\/contabilidadecaxias.com.br\/index.php\/wp-json\/wp\/v2\/posts"}],"about":[{"href":"https:\/\/contabilidadecaxias.com.br\/index.php\/wp-json\/wp\/v2\/types\/post"}],"replies":[{"embeddable":true,"href":"https:\/\/contabilidadecaxias.com.br\/index.php\/wp-json\/wp\/v2\/comments?post=13111"}],"version-history":[{"count":0,"href":"https:\/\/contabilidadecaxias.com.br\/index.php\/wp-json\/wp\/v2\/posts\/13111\/revisions"}],"wp:featuredmedia":[{"embeddable":true,"href":"https:\/\/contabilidadecaxias.com.br\/index.php\/wp-json\/wp\/v2\/media\/13112"}],"wp:attachment":[{"href":"https:\/\/contabilidadecaxias.com.br\/index.php\/wp-json\/wp\/v2\/media?parent=13111"}],"wp:term":[{"taxonomy":"category","embeddable":true,"href":"https:\/\/contabilidadecaxias.com.br\/index.php\/wp-json\/wp\/v2\/categories?post=13111"},{"taxonomy":"post_tag","embeddable":true,"href":"https:\/\/contabilidadecaxias.com.br\/index.php\/wp-json\/wp\/v2\/tags?post=13111"}],"curies":[{"name":"wp","href":"https:\/\/api.w.org\/{rel}","templated":true}]}}