{"id":13011,"date":"2022-08-10T13:02:31","date_gmt":"2022-08-10T16:02:31","guid":{"rendered":"https:\/\/contabilidadecaxias.com.br\/index.php\/2022\/08\/10\/empregado-que-rejeitou-reintegracao-nao-recebera-indenizacao-substitutiva-por-estabilidade\/"},"modified":"2022-08-10T13:02:31","modified_gmt":"2022-08-10T16:02:31","slug":"empregado-que-rejeitou-reintegracao-nao-recebera-indenizacao-substitutiva-por-estabilidade","status":"publish","type":"post","link":"https:\/\/contabilidadecaxias.com.br\/index.php\/2022\/08\/10\/empregado-que-rejeitou-reintegracao-nao-recebera-indenizacao-substitutiva-por-estabilidade\/","title":{"rendered":"Empregado que rejeitou reintegra\u00e7\u00e3o n\u00e3o receber\u00e1 indeniza\u00e7\u00e3o substitutiva por estabilidade"},"content":{"rendered":"<div class=\"noticia-wrapper\">\n<p><em><\/p>\n<p>Para a maioria da 5\u00aa Turma, n\u00e3o h\u00e1 direito indispon\u00edvel \u00e0 garantia do emprego<\/p>\n<p><\/em><\/p>\n<div class=\"social-media-share mobile\">\n        <a class=\"share-facebook\" href=\"https:\/\/www.facebook.com\/sharer.php?u=https:\/\/www.tst.jus.br\/-\/empregado-que-rejeitou-reintegra%C3%A7%C3%A3o-n%C3%A3o-receber%C3%A1-indeniza%C3%A7%C3%A3o-substitutiva-por-estabilidade\" target=\"_blank\" rel=\"noopener\"><\/a><br \/>\n        <a class=\"share-twitter\" href=\"https:\/\/twitter.com\/intent\/tweet?text=Empregado%20que%20rejeitou%20reintegra%C3%A7%C3%A3o%20n%C3%A3o%20receber%C3%A1%20indeniza%C3%A7%C3%A3o%20substitutiva%20por%20estabilidade%0AVeja%20mais%20em:&amp;url=https:\/\/www.tst.jus.br\/-\/empregado-que-rejeitou-reintegra%C3%A7%C3%A3o-n%C3%A3o-receber%C3%A1-indeniza%C3%A7%C3%A3o-substitutiva-por-estabilidade\" target=\"_blank\" rel=\"noopener\"><\/a><br \/>\n        <a class=\"share-linkedin\" href=\"https:\/\/www.linkedin.com\/shareArticle?mini=true&amp;url=https:\/\/www.tst.jus.br\/-\/empregado-que-rejeitou-reintegra%C3%A7%C3%A3o-n%C3%A3o-receber%C3%A1-indeniza%C3%A7%C3%A3o-substitutiva-por-estabilidade&amp;title=Empregado%20que%20rejeitou%20reintegra%C3%A7%C3%A3o%20n%C3%A3o%20receber%C3%A1%20indeniza%C3%A7%C3%A3o%20substitutiva%20por%20estabilidade\" target=\"_blank\" rel=\"noopener\"><\/a><br \/>\n        <a class=\"share-whatsapp\" href=\"https:\/\/web.whatsapp.com\/send?text=https:\/\/www.tst.jus.br\/-\/empregado-que-rejeitou-reintegra%C3%A7%C3%A3o-n%C3%A3o-receber%C3%A1-indeniza%C3%A7%C3%A3o-substitutiva-por-estabilidade\" target=\"_blank\" rel=\"noopener\"><\/a><br \/>\n        <a class=\"share-googleplus\" href=\"https:\/\/plus.google.com\/share?url=https:\/\/www.tst.jus.br\/-\/empregado-que-rejeitou-reintegra%C3%A7%C3%A3o-n%C3%A3o-receber%C3%A1-indeniza%C3%A7%C3%A3o-substitutiva-por-estabilidade\" target=\"_blank\" rel=\"noopener\"><\/a>\n    <\/div>\n<div class=\"news-body\">\n<div class=\"imagem-da-noticia\">\n<p>Ministro Breno Medeiros<\/p>\n<div class=\"social-media-share\">\n                    <a class=\"share-facebook\" href=\"https:\/\/www.facebook.com\/sharer.php?u=https:\/\/www.tst.jus.br\/-\/empregado-que-rejeitou-reintegra%C3%A7%C3%A3o-n%C3%A3o-receber%C3%A1-indeniza%C3%A7%C3%A3o-substitutiva-por-estabilidade\" target=\"_blank\" rel=\"noopener\"><\/a><br \/>\n                    <a class=\"share-twitter\" href=\"https:\/\/twitter.com\/intent\/tweet?text=Empregado%20que%20rejeitou%20reintegra%C3%A7%C3%A3o%20n%C3%A3o%20receber%C3%A1%20indeniza%C3%A7%C3%A3o%20substitutiva%20por%20estabilidade%0AVeja%20mais%20em:&amp;url=https:\/\/www.tst.jus.br\/-\/empregado-que-rejeitou-reintegra%C3%A7%C3%A3o-n%C3%A3o-receber%C3%A1-indeniza%C3%A7%C3%A3o-substitutiva-por-estabilidade\" target=\"_blank\" rel=\"noopener\"><\/a><br \/>\n                    <a class=\"share-linkedin\" href=\"https:\/\/www.linkedin.com\/shareArticle?mini=true&amp;url=https:\/\/www.tst.jus.br\/-\/empregado-que-rejeitou-reintegra%C3%A7%C3%A3o-n%C3%A3o-receber%C3%A1-indeniza%C3%A7%C3%A3o-substitutiva-por-estabilidade&amp;title=Empregado%20que%20rejeitou%20reintegra%C3%A7%C3%A3o%20n%C3%A3o%20receber%C3%A1%20indeniza%C3%A7%C3%A3o%20substitutiva%20por%20estabilidade\" target=\"_blank\" rel=\"noopener\"><\/a><br \/>\n                    <a class=\"share-whatsapp\" href=\"https:\/\/web.whatsapp.com\/send?text=https:\/\/www.tst.jus.br\/-\/empregado-que-rejeitou-reintegra%C3%A7%C3%A3o-n%C3%A3o-receber%C3%A1-indeniza%C3%A7%C3%A3o-substitutiva-por-estabilidade\" target=\"_blank\" rel=\"noopener\"><\/a><br \/>\n                    <a class=\"share-googleplus\" href=\"https:\/\/plus.google.com\/share?url=https:\/\/www.tst.jus.br\/-\/empregado-que-rejeitou-reintegra%C3%A7%C3%A3o-n%C3%A3o-receber%C3%A1-indeniza%C3%A7%C3%A3o-substitutiva-por-estabilidade\" target=\"_blank\" rel=\"noopener\"><\/a>\n                <\/div>\n<\/p><\/div>\n<div class=\"materia\">\n<p>10\/08\/22 &#8211;\u00a0A Quinta Turma do Tribunal Superior do Trabalho rejeitou o exame do recurso de um auxiliar de forno contra decis\u00e3o que indeferiu seu pedido de indeniza\u00e7\u00e3o substitutiva pelo per\u00edodo de estabilidade acident\u00e1ria, ap\u00f3s ele ter rejeitado a reintegra\u00e7\u00e3o, durante audi\u00eancia de concilia\u00e7\u00e3o, por ter obtido novo emprego. Para o colegiado, n\u00e3o se pode converter a recusa da proposta em direito indenizat\u00f3rio, desconsiderando a vontade livremente manifestada por ele em ju\u00edzo.<\/p>\n<h4>Acidente<\/h4>\n<p>O auxiliar de forno fora contratado pela Avant Recursos Humanos para prestar servi\u00e7os para a Sunplay Ind\u00fastria e Com\u00e9rcio, fabricante de pl\u00e1sticos de Guarulhos (SP). Na reclama\u00e7\u00e3o trabalhista, ele relatou ter sofrido acidente de trabalho em dezembro de 2015, quando uma forma vazia atingiu sua m\u00e3o esquerda, provocando fraturas.\u00a0<\/p>\n<h4>Proposta recusada<\/h4>\n<p>Na audi\u00eancia de concilia\u00e7\u00e3o, a empresa colocou o cargo \u00e0 disposi\u00e7\u00e3o do auxiliar, mas ele rejeitou a reintegra\u00e7\u00e3o porque, na ocasi\u00e3o, j\u00e1 tinha obtido novo emprego. O ju\u00edzo da 3\u00aa Vara do Trabalho de Guarulhos, ent\u00e3o, deferiu a indeniza\u00e7\u00e3o substitutiva do per\u00edodo, por entender que o fundamento para a aquisi\u00e7\u00e3o do direito \u00e0 estabilidade provis\u00f3ria \u00e9 a ocorr\u00eancia de acidente do trabalho, independentemente do recebimento do aux\u00edlio-doen\u00e7a ou da recusa \u00e0 reintegra\u00e7\u00e3o. A empresa tamb\u00e9m foi condenada ao pagamento de indeniza\u00e7\u00e3o por dano moral no valor de R$ 50 mil.<\/p>\n<h4>Desinteresse<\/h4>\n<p>A senten\u00e7a, no entanto, foi reformada pelo Tribunal Regional do Trabalho da 2\u00aa Regi\u00e3o, que afastou a indeniza\u00e7\u00e3o substitutiva da estabilidade e reduziu o valor da indeniza\u00e7\u00e3o por dano moral para R$ 2 mil. Segundo o TRT, o trabalhador havia demonstrado \u201ctotal desinteresse\u201d na continuidade do contrato de trabalho, configurando, assim, a ren\u00fancia \u00e0 estabilidade a que teria direito.<\/p>\n<h4>Direito dispon\u00edvel<\/h4>\n<p>Prevaleceu, no julgamento do recurso de revista do auxiliar, o voto do ministro Breno Medeiros, para quem n\u00e3o h\u00e1 um direito absoluto \u00e0 convers\u00e3o do per\u00edodo de estabilidade em indeniza\u00e7\u00e3o substitutiva. Ele assinalou que a situa\u00e7\u00e3o \u00e9 diferente da estabilidade da gestante, que, por dizer respeito \u00e0 prote\u00e7\u00e3o do beb\u00ea, \u00e9 um direito indispon\u00edvel. \u201cNo caso do empregado afastado por acidente do trabalho e que n\u00e3o retorna ao emprego ap\u00f3s a libera\u00e7\u00e3o previdenci\u00e1ria para gozar da estabilidade acident\u00e1ria, n\u00e3o existe essa indisponibilidade\u201d, afirmou.<\/p>\n<p>Segundo o ministro, a manifesta\u00e7\u00e3o individual da aus\u00eancia de interesse em retornar ao antigo trabalho afasta qualquer pretens\u00e3o em torno desse instituto legal. \u201cO direito de retorno, portanto, n\u00e3o se converte em indeniza\u00e7\u00e3o substitutiva quando a evas\u00e3o do posto de trabalho se d\u00e1 por iniciativa do empregado, que assume um contrato em outra empresa, em lugar de retornar ao seu antigo local de trabalho, exatamente porque aqui n\u00e3o incide nenhuma hip\u00f3tese de irrenunciabilidade do direito \u00e0 estabilidade\u201d, concluiu<\/p>\n<p>A decis\u00e3o foi por maioria, vencido o relator, desembargador convocado Jo\u00e3o Pedro Silvestrin.<\/p>\n<p>(GL\/CF) \u00a0\u00a0 \u00a0\u00a0\u00a0 \u00a0<\/p>\n<p>Processo: <a href=\"https:\/\/aplicacao7.tst.jus.br\/esij\/VisualizarPecas.do?loadPorNumProcFormatado=1&amp;numProc=718&amp;digito=95&amp;anoProc=2011&amp;justica=5&amp;numTribunal=09&amp;numVara=0014\" target=\"_blank\" rel=\"noopener\">RR-1000931-79.2016.5.02.0313<\/a><\/p>\n<p><em>Esta mat\u00e9ria tem cunho meramente informativo<br \/>\nPermitida a reprodu\u00e7\u00e3o mediante cita\u00e7\u00e3o da fonte.<br \/>\nSecretaria de Comunica\u00e7\u00e3o Social<br \/>\n<a href=\"https:\/\/www.tst.jus.br\/\" target=\"_blank\" rel=\"noopener\">Tribunal Superior do Trabalho<\/a><br \/>\nTel. (61) 3043-4907<br \/>\n<a href=\"mailto:secom@tst.jus.br\" target=\"\" rel=\"noopener\">secom@tst.jus.br<\/a><\/em><\/p>\n<\/div><\/div>\n<\/div>\n","protected":false},"excerpt":{"rendered":"<p>Para a maioria da 5\u00aa Turma, n\u00e3o h\u00e1 direito indispon\u00edvel \u00e0 garantia do emprego Ministro Breno Medeiros 10\/08\/22 &#8211;\u00a0A Quinta Turma do Tribunal Superior do Trabalho rejeitou o exame do recurso de um auxiliar de forno contra decis\u00e3o que indeferiu seu pedido de indeniza\u00e7\u00e3o substitutiva pelo per\u00edodo de estabilidade acident\u00e1ria, ap\u00f3s ele ter rejeitado a [&hellip;]<\/p>\n","protected":false},"author":0,"featured_media":13012,"comment_status":"open","ping_status":"","sticky":false,"template":"","format":"standard","meta":{"footnotes":""},"categories":[5],"tags":[],"class_list":["post-13011","post","type-post","status-publish","format-standard","has-post-thumbnail","hentry","category-noticias-educacao-financeira"],"blocksy_meta":{"styles_descriptor":{"styles":{"desktop":"","tablet":"","mobile":""},"google_fonts":[],"version":6}},"yoast_head":"<!-- This site is optimized with the Yoast SEO plugin v27.5 - https:\/\/yoast.com\/product\/yoast-seo-wordpress\/ -->\n<title>Empregado que rejeitou reintegra\u00e7\u00e3o n\u00e3o receber\u00e1 indeniza\u00e7\u00e3o substitutiva por estabilidade - Contabilidade Caxias<\/title>\n<meta name=\"robots\" content=\"index, follow, max-snippet:-1, max-image-preview:large, max-video-preview:-1\" \/>\n<link rel=\"canonical\" href=\"https:\/\/contabilidadecaxias.com.br\/index.php\/2022\/08\/10\/empregado-que-rejeitou-reintegracao-nao-recebera-indenizacao-substitutiva-por-estabilidade\/\" \/>\n<meta property=\"og:locale\" content=\"pt_BR\" \/>\n<meta property=\"og:type\" content=\"article\" \/>\n<meta property=\"og:title\" content=\"Empregado que rejeitou reintegra\u00e7\u00e3o n\u00e3o receber\u00e1 indeniza\u00e7\u00e3o substitutiva por estabilidade - Contabilidade Caxias\" \/>\n<meta property=\"og:description\" content=\"Para a maioria da 5\u00aa Turma, n\u00e3o h\u00e1 direito indispon\u00edvel \u00e0 garantia do emprego Ministro Breno Medeiros 10\/08\/22 &#8211;\u00a0A Quinta Turma do Tribunal Superior do Trabalho rejeitou o exame do recurso de um auxiliar de forno contra decis\u00e3o que indeferiu seu pedido de indeniza\u00e7\u00e3o substitutiva pelo per\u00edodo de estabilidade acident\u00e1ria, ap\u00f3s ele ter rejeitado a [&hellip;]\" \/>\n<meta property=\"og:url\" content=\"https:\/\/contabilidadecaxias.com.br\/index.php\/2022\/08\/10\/empregado-que-rejeitou-reintegracao-nao-recebera-indenizacao-substitutiva-por-estabilidade\/\" \/>\n<meta property=\"og:site_name\" content=\"Contabilidade Caxias\" \/>\n<meta property=\"article:published_time\" content=\"2022-08-10T16:02:31+00:00\" \/>\n<meta name=\"twitter:card\" content=\"summary_large_image\" \/>\n<meta name=\"twitter:label1\" content=\"Est. tempo de leitura\" \/>\n\t<meta name=\"twitter:data1\" content=\"3 minutos\" \/>\n<script type=\"application\/ld+json\" class=\"yoast-schema-graph\">{\"@context\":\"https:\\\/\\\/schema.org\",\"@graph\":[{\"@type\":\"Article\",\"@id\":\"https:\\\/\\\/contabilidadecaxias.com.br\\\/index.php\\\/2022\\\/08\\\/10\\\/empregado-que-rejeitou-reintegracao-nao-recebera-indenizacao-substitutiva-por-estabilidade\\\/#article\",\"isPartOf\":{\"@id\":\"https:\\\/\\\/contabilidadecaxias.com.br\\\/index.php\\\/2022\\\/08\\\/10\\\/empregado-que-rejeitou-reintegracao-nao-recebera-indenizacao-substitutiva-por-estabilidade\\\/\"},\"author\":{\"name\":\"\",\"@id\":\"\"},\"headline\":\"Empregado que rejeitou reintegra\u00e7\u00e3o n\u00e3o receber\u00e1 indeniza\u00e7\u00e3o substitutiva por estabilidade\",\"datePublished\":\"2022-08-10T16:02:31+00:00\",\"mainEntityOfPage\":{\"@id\":\"https:\\\/\\\/contabilidadecaxias.com.br\\\/index.php\\\/2022\\\/08\\\/10\\\/empregado-que-rejeitou-reintegracao-nao-recebera-indenizacao-substitutiva-por-estabilidade\\\/\"},\"wordCount\":563,\"commentCount\":0,\"image\":{\"@id\":\"https:\\\/\\\/contabilidadecaxias.com.br\\\/index.php\\\/2022\\\/08\\\/10\\\/empregado-que-rejeitou-reintegracao-nao-recebera-indenizacao-substitutiva-por-estabilidade\\\/#primaryimage\"},\"thumbnailUrl\":\"https:\\\/\\\/contabilidadecaxias.com.br\\\/wp-content\\\/uploads\\\/2022\\\/08\\\/cdc9d078-2b87-1e3f-c123-bbc6affd4995-tnIEZu.jpeg\",\"articleSection\":[\"Educa\u00e7\u00e3o Financeira\"],\"inLanguage\":\"pt-BR\",\"potentialAction\":[{\"@type\":\"CommentAction\",\"name\":\"Comment\",\"target\":[\"https:\\\/\\\/contabilidadecaxias.com.br\\\/index.php\\\/2022\\\/08\\\/10\\\/empregado-que-rejeitou-reintegracao-nao-recebera-indenizacao-substitutiva-por-estabilidade\\\/#respond\"]}]},{\"@type\":\"WebPage\",\"@id\":\"https:\\\/\\\/contabilidadecaxias.com.br\\\/index.php\\\/2022\\\/08\\\/10\\\/empregado-que-rejeitou-reintegracao-nao-recebera-indenizacao-substitutiva-por-estabilidade\\\/\",\"url\":\"https:\\\/\\\/contabilidadecaxias.com.br\\\/index.php\\\/2022\\\/08\\\/10\\\/empregado-que-rejeitou-reintegracao-nao-recebera-indenizacao-substitutiva-por-estabilidade\\\/\",\"name\":\"Empregado que rejeitou reintegra\u00e7\u00e3o n\u00e3o receber\u00e1 indeniza\u00e7\u00e3o substitutiva por estabilidade - Contabilidade Caxias\",\"isPartOf\":{\"@id\":\"https:\\\/\\\/contabilidadecaxias.com.br\\\/#website\"},\"primaryImageOfPage\":{\"@id\":\"https:\\\/\\\/contabilidadecaxias.com.br\\\/index.php\\\/2022\\\/08\\\/10\\\/empregado-que-rejeitou-reintegracao-nao-recebera-indenizacao-substitutiva-por-estabilidade\\\/#primaryimage\"},\"image\":{\"@id\":\"https:\\\/\\\/contabilidadecaxias.com.br\\\/index.php\\\/2022\\\/08\\\/10\\\/empregado-que-rejeitou-reintegracao-nao-recebera-indenizacao-substitutiva-por-estabilidade\\\/#primaryimage\"},\"thumbnailUrl\":\"https:\\\/\\\/contabilidadecaxias.com.br\\\/wp-content\\\/uploads\\\/2022\\\/08\\\/cdc9d078-2b87-1e3f-c123-bbc6affd4995-tnIEZu.jpeg\",\"datePublished\":\"2022-08-10T16:02:31+00:00\",\"author\":{\"@id\":\"\"},\"breadcrumb\":{\"@id\":\"https:\\\/\\\/contabilidadecaxias.com.br\\\/index.php\\\/2022\\\/08\\\/10\\\/empregado-que-rejeitou-reintegracao-nao-recebera-indenizacao-substitutiva-por-estabilidade\\\/#breadcrumb\"},\"inLanguage\":\"pt-BR\",\"potentialAction\":[{\"@type\":\"ReadAction\",\"target\":[\"https:\\\/\\\/contabilidadecaxias.com.br\\\/index.php\\\/2022\\\/08\\\/10\\\/empregado-que-rejeitou-reintegracao-nao-recebera-indenizacao-substitutiva-por-estabilidade\\\/\"]}]},{\"@type\":\"ImageObject\",\"inLanguage\":\"pt-BR\",\"@id\":\"https:\\\/\\\/contabilidadecaxias.com.br\\\/index.php\\\/2022\\\/08\\\/10\\\/empregado-que-rejeitou-reintegracao-nao-recebera-indenizacao-substitutiva-por-estabilidade\\\/#primaryimage\",\"url\":\"https:\\\/\\\/contabilidadecaxias.com.br\\\/wp-content\\\/uploads\\\/2022\\\/08\\\/cdc9d078-2b87-1e3f-c123-bbc6affd4995-tnIEZu.jpeg\",\"contentUrl\":\"https:\\\/\\\/contabilidadecaxias.com.br\\\/wp-content\\\/uploads\\\/2022\\\/08\\\/cdc9d078-2b87-1e3f-c123-bbc6affd4995-tnIEZu.jpeg\",\"width\":1280,\"height\":853},{\"@type\":\"BreadcrumbList\",\"@id\":\"https:\\\/\\\/contabilidadecaxias.com.br\\\/index.php\\\/2022\\\/08\\\/10\\\/empregado-que-rejeitou-reintegracao-nao-recebera-indenizacao-substitutiva-por-estabilidade\\\/#breadcrumb\",\"itemListElement\":[{\"@type\":\"ListItem\",\"position\":1,\"name\":\"In\u00edcio\",\"item\":\"https:\\\/\\\/contabilidadecaxias.com.br\\\/\"},{\"@type\":\"ListItem\",\"position\":2,\"name\":\"Empregado que rejeitou reintegra\u00e7\u00e3o n\u00e3o receber\u00e1 indeniza\u00e7\u00e3o substitutiva por estabilidade\"}]},{\"@type\":\"WebSite\",\"@id\":\"https:\\\/\\\/contabilidadecaxias.com.br\\\/#website\",\"url\":\"https:\\\/\\\/contabilidadecaxias.com.br\\\/\",\"name\":\"Contabilidade Caxias\",\"description\":\"Site especializado em Contabilidade para Caxias.\",\"potentialAction\":[{\"@type\":\"SearchAction\",\"target\":{\"@type\":\"EntryPoint\",\"urlTemplate\":\"https:\\\/\\\/contabilidadecaxias.com.br\\\/?s={search_term_string}\"},\"query-input\":{\"@type\":\"PropertyValueSpecification\",\"valueRequired\":true,\"valueName\":\"search_term_string\"}}],\"inLanguage\":\"pt-BR\"}]}<\/script>\n<!-- \/ Yoast SEO plugin. -->","yoast_head_json":{"title":"Empregado que rejeitou reintegra\u00e7\u00e3o n\u00e3o receber\u00e1 indeniza\u00e7\u00e3o substitutiva por estabilidade - Contabilidade Caxias","robots":{"index":"index","follow":"follow","max-snippet":"max-snippet:-1","max-image-preview":"max-image-preview:large","max-video-preview":"max-video-preview:-1"},"canonical":"https:\/\/contabilidadecaxias.com.br\/index.php\/2022\/08\/10\/empregado-que-rejeitou-reintegracao-nao-recebera-indenizacao-substitutiva-por-estabilidade\/","og_locale":"pt_BR","og_type":"article","og_title":"Empregado que rejeitou reintegra\u00e7\u00e3o n\u00e3o receber\u00e1 indeniza\u00e7\u00e3o substitutiva por estabilidade - Contabilidade Caxias","og_description":"Para a maioria da 5\u00aa Turma, n\u00e3o h\u00e1 direito indispon\u00edvel \u00e0 garantia do emprego Ministro Breno Medeiros 10\/08\/22 &#8211;\u00a0A Quinta Turma do Tribunal Superior do Trabalho rejeitou o exame do recurso de um auxiliar de forno contra decis\u00e3o que indeferiu seu pedido de indeniza\u00e7\u00e3o substitutiva pelo per\u00edodo de estabilidade acident\u00e1ria, ap\u00f3s ele ter rejeitado a [&hellip;]","og_url":"https:\/\/contabilidadecaxias.com.br\/index.php\/2022\/08\/10\/empregado-que-rejeitou-reintegracao-nao-recebera-indenizacao-substitutiva-por-estabilidade\/","og_site_name":"Contabilidade Caxias","article_published_time":"2022-08-10T16:02:31+00:00","twitter_card":"summary_large_image","twitter_misc":{"Est. tempo de leitura":"3 minutos"},"schema":{"@context":"https:\/\/schema.org","@graph":[{"@type":"Article","@id":"https:\/\/contabilidadecaxias.com.br\/index.php\/2022\/08\/10\/empregado-que-rejeitou-reintegracao-nao-recebera-indenizacao-substitutiva-por-estabilidade\/#article","isPartOf":{"@id":"https:\/\/contabilidadecaxias.com.br\/index.php\/2022\/08\/10\/empregado-que-rejeitou-reintegracao-nao-recebera-indenizacao-substitutiva-por-estabilidade\/"},"author":{"name":"","@id":""},"headline":"Empregado que rejeitou reintegra\u00e7\u00e3o n\u00e3o receber\u00e1 indeniza\u00e7\u00e3o substitutiva por estabilidade","datePublished":"2022-08-10T16:02:31+00:00","mainEntityOfPage":{"@id":"https:\/\/contabilidadecaxias.com.br\/index.php\/2022\/08\/10\/empregado-que-rejeitou-reintegracao-nao-recebera-indenizacao-substitutiva-por-estabilidade\/"},"wordCount":563,"commentCount":0,"image":{"@id":"https:\/\/contabilidadecaxias.com.br\/index.php\/2022\/08\/10\/empregado-que-rejeitou-reintegracao-nao-recebera-indenizacao-substitutiva-por-estabilidade\/#primaryimage"},"thumbnailUrl":"https:\/\/contabilidadecaxias.com.br\/wp-content\/uploads\/2022\/08\/cdc9d078-2b87-1e3f-c123-bbc6affd4995-tnIEZu.jpeg","articleSection":["Educa\u00e7\u00e3o Financeira"],"inLanguage":"pt-BR","potentialAction":[{"@type":"CommentAction","name":"Comment","target":["https:\/\/contabilidadecaxias.com.br\/index.php\/2022\/08\/10\/empregado-que-rejeitou-reintegracao-nao-recebera-indenizacao-substitutiva-por-estabilidade\/#respond"]}]},{"@type":"WebPage","@id":"https:\/\/contabilidadecaxias.com.br\/index.php\/2022\/08\/10\/empregado-que-rejeitou-reintegracao-nao-recebera-indenizacao-substitutiva-por-estabilidade\/","url":"https:\/\/contabilidadecaxias.com.br\/index.php\/2022\/08\/10\/empregado-que-rejeitou-reintegracao-nao-recebera-indenizacao-substitutiva-por-estabilidade\/","name":"Empregado que rejeitou reintegra\u00e7\u00e3o n\u00e3o receber\u00e1 indeniza\u00e7\u00e3o substitutiva por estabilidade - Contabilidade Caxias","isPartOf":{"@id":"https:\/\/contabilidadecaxias.com.br\/#website"},"primaryImageOfPage":{"@id":"https:\/\/contabilidadecaxias.com.br\/index.php\/2022\/08\/10\/empregado-que-rejeitou-reintegracao-nao-recebera-indenizacao-substitutiva-por-estabilidade\/#primaryimage"},"image":{"@id":"https:\/\/contabilidadecaxias.com.br\/index.php\/2022\/08\/10\/empregado-que-rejeitou-reintegracao-nao-recebera-indenizacao-substitutiva-por-estabilidade\/#primaryimage"},"thumbnailUrl":"https:\/\/contabilidadecaxias.com.br\/wp-content\/uploads\/2022\/08\/cdc9d078-2b87-1e3f-c123-bbc6affd4995-tnIEZu.jpeg","datePublished":"2022-08-10T16:02:31+00:00","author":{"@id":""},"breadcrumb":{"@id":"https:\/\/contabilidadecaxias.com.br\/index.php\/2022\/08\/10\/empregado-que-rejeitou-reintegracao-nao-recebera-indenizacao-substitutiva-por-estabilidade\/#breadcrumb"},"inLanguage":"pt-BR","potentialAction":[{"@type":"ReadAction","target":["https:\/\/contabilidadecaxias.com.br\/index.php\/2022\/08\/10\/empregado-que-rejeitou-reintegracao-nao-recebera-indenizacao-substitutiva-por-estabilidade\/"]}]},{"@type":"ImageObject","inLanguage":"pt-BR","@id":"https:\/\/contabilidadecaxias.com.br\/index.php\/2022\/08\/10\/empregado-que-rejeitou-reintegracao-nao-recebera-indenizacao-substitutiva-por-estabilidade\/#primaryimage","url":"https:\/\/contabilidadecaxias.com.br\/wp-content\/uploads\/2022\/08\/cdc9d078-2b87-1e3f-c123-bbc6affd4995-tnIEZu.jpeg","contentUrl":"https:\/\/contabilidadecaxias.com.br\/wp-content\/uploads\/2022\/08\/cdc9d078-2b87-1e3f-c123-bbc6affd4995-tnIEZu.jpeg","width":1280,"height":853},{"@type":"BreadcrumbList","@id":"https:\/\/contabilidadecaxias.com.br\/index.php\/2022\/08\/10\/empregado-que-rejeitou-reintegracao-nao-recebera-indenizacao-substitutiva-por-estabilidade\/#breadcrumb","itemListElement":[{"@type":"ListItem","position":1,"name":"In\u00edcio","item":"https:\/\/contabilidadecaxias.com.br\/"},{"@type":"ListItem","position":2,"name":"Empregado que rejeitou reintegra\u00e7\u00e3o n\u00e3o receber\u00e1 indeniza\u00e7\u00e3o substitutiva por estabilidade"}]},{"@type":"WebSite","@id":"https:\/\/contabilidadecaxias.com.br\/#website","url":"https:\/\/contabilidadecaxias.com.br\/","name":"Contabilidade Caxias","description":"Site especializado em Contabilidade para Caxias.","potentialAction":[{"@type":"SearchAction","target":{"@type":"EntryPoint","urlTemplate":"https:\/\/contabilidadecaxias.com.br\/?s={search_term_string}"},"query-input":{"@type":"PropertyValueSpecification","valueRequired":true,"valueName":"search_term_string"}}],"inLanguage":"pt-BR"}]}},"_links":{"self":[{"href":"https:\/\/contabilidadecaxias.com.br\/index.php\/wp-json\/wp\/v2\/posts\/13011","targetHints":{"allow":["GET"]}}],"collection":[{"href":"https:\/\/contabilidadecaxias.com.br\/index.php\/wp-json\/wp\/v2\/posts"}],"about":[{"href":"https:\/\/contabilidadecaxias.com.br\/index.php\/wp-json\/wp\/v2\/types\/post"}],"replies":[{"embeddable":true,"href":"https:\/\/contabilidadecaxias.com.br\/index.php\/wp-json\/wp\/v2\/comments?post=13011"}],"version-history":[{"count":0,"href":"https:\/\/contabilidadecaxias.com.br\/index.php\/wp-json\/wp\/v2\/posts\/13011\/revisions"}],"wp:featuredmedia":[{"embeddable":true,"href":"https:\/\/contabilidadecaxias.com.br\/index.php\/wp-json\/wp\/v2\/media\/13012"}],"wp:attachment":[{"href":"https:\/\/contabilidadecaxias.com.br\/index.php\/wp-json\/wp\/v2\/media?parent=13011"}],"wp:term":[{"taxonomy":"category","embeddable":true,"href":"https:\/\/contabilidadecaxias.com.br\/index.php\/wp-json\/wp\/v2\/categories?post=13011"},{"taxonomy":"post_tag","embeddable":true,"href":"https:\/\/contabilidadecaxias.com.br\/index.php\/wp-json\/wp\/v2\/tags?post=13011"}],"curies":[{"name":"wp","href":"https:\/\/api.w.org\/{rel}","templated":true}]}}