{"id":12942,"date":"2022-08-09T10:02:29","date_gmt":"2022-08-09T13:02:29","guid":{"rendered":"https:\/\/contabilidadecaxias.com.br\/index.php\/2022\/08\/09\/tst-reduz-bloqueio-de-creditos-de-empresa-mineira-de-comunicacao\/"},"modified":"2022-08-09T10:02:29","modified_gmt":"2022-08-09T13:02:29","slug":"tst-reduz-bloqueio-de-creditos-de-empresa-mineira-de-comunicacao","status":"publish","type":"post","link":"https:\/\/contabilidadecaxias.com.br\/index.php\/2022\/08\/09\/tst-reduz-bloqueio-de-creditos-de-empresa-mineira-de-comunicacao\/","title":{"rendered":"TST reduz bloqueio de cr\u00e9ditos de empresa mineira de comunica\u00e7\u00e3o\u00a0"},"content":{"rendered":"<div class=\"noticia-wrapper\">\n<p><em><\/p>\n<p>A medida visa \u00e0 pr\u00f3pria manuten\u00e7\u00e3o da atividade empresarial.<\/p>\n<p><\/em><\/p>\n<div class=\"social-media-share mobile\">\n        <a class=\"share-facebook\" href=\"https:\/\/www.facebook.com\/sharer.php?u=https:\/\/www.tst.jus.br\/-\/tst-reduz-bloqueio-de-cr%C3%A9ditos-de-empresa-mineira-de-comunica%C3%A7%C3%A3o%C2%A0\" target=\"_blank\" rel=\"noopener\"><\/a><br \/>\n        <a class=\"share-twitter\" href=\"https:\/\/twitter.com\/intent\/tweet?text=TST%20reduz%20bloqueio%20de%20cr%C3%A9ditos%20de%20empresa%20mineira%20de%20comunica%C3%A7%C3%A3o%C2%A0%0AVeja%20mais%20em:&amp;url=https:\/\/www.tst.jus.br\/-\/tst-reduz-bloqueio-de-cr%C3%A9ditos-de-empresa-mineira-de-comunica%C3%A7%C3%A3o%C2%A0\" target=\"_blank\" rel=\"noopener\"><\/a><br \/>\n        <a class=\"share-linkedin\" href=\"https:\/\/www.linkedin.com\/shareArticle?mini=true&amp;url=https:\/\/www.tst.jus.br\/-\/tst-reduz-bloqueio-de-cr%C3%A9ditos-de-empresa-mineira-de-comunica%C3%A7%C3%A3o%C2%A0&amp;title=TST%20reduz%20bloqueio%20de%20cr%C3%A9ditos%20de%20empresa%20mineira%20de%20comunica%C3%A7%C3%A3o%C2%A0\" target=\"_blank\" rel=\"noopener\"><\/a><br \/>\n        <a class=\"share-whatsapp\" href=\"https:\/\/web.whatsapp.com\/send?text=https:\/\/www.tst.jus.br\/-\/tst-reduz-bloqueio-de-cr%C3%A9ditos-de-empresa-mineira-de-comunica%C3%A7%C3%A3o%C2%A0\" target=\"_blank\" rel=\"noopener\"><\/a><br \/>\n        <a class=\"share-googleplus\" href=\"https:\/\/plus.google.com\/share?url=https:\/\/www.tst.jus.br\/-\/tst-reduz-bloqueio-de-cr%C3%A9ditos-de-empresa-mineira-de-comunica%C3%A7%C3%A3o%C2%A0\" target=\"_blank\" rel=\"noopener\"><\/a>\n    <\/div>\n<div class=\"news-body\">\n<div class=\"imagem-da-noticia\">\n<p>Ministro Alberto Balazeiro<\/p>\n<div class=\"social-media-share\">\n                    <a class=\"share-facebook\" href=\"https:\/\/www.facebook.com\/sharer.php?u=https:\/\/www.tst.jus.br\/-\/tst-reduz-bloqueio-de-cr%C3%A9ditos-de-empresa-mineira-de-comunica%C3%A7%C3%A3o%C2%A0\" target=\"_blank\" rel=\"noopener\"><\/a><br \/>\n                    <a class=\"share-twitter\" href=\"https:\/\/twitter.com\/intent\/tweet?text=TST%20reduz%20bloqueio%20de%20cr%C3%A9ditos%20de%20empresa%20mineira%20de%20comunica%C3%A7%C3%A3o%C2%A0%0AVeja%20mais%20em:&amp;url=https:\/\/www.tst.jus.br\/-\/tst-reduz-bloqueio-de-cr%C3%A9ditos-de-empresa-mineira-de-comunica%C3%A7%C3%A3o%C2%A0\" target=\"_blank\" rel=\"noopener\"><\/a><br \/>\n                    <a class=\"share-linkedin\" href=\"https:\/\/www.linkedin.com\/shareArticle?mini=true&amp;url=https:\/\/www.tst.jus.br\/-\/tst-reduz-bloqueio-de-cr%C3%A9ditos-de-empresa-mineira-de-comunica%C3%A7%C3%A3o%C2%A0&amp;title=TST%20reduz%20bloqueio%20de%20cr%C3%A9ditos%20de%20empresa%20mineira%20de%20comunica%C3%A7%C3%A3o%C2%A0\" target=\"_blank\" rel=\"noopener\"><\/a><br \/>\n                    <a class=\"share-whatsapp\" href=\"https:\/\/web.whatsapp.com\/send?text=https:\/\/www.tst.jus.br\/-\/tst-reduz-bloqueio-de-cr%C3%A9ditos-de-empresa-mineira-de-comunica%C3%A7%C3%A3o%C2%A0\" target=\"_blank\" rel=\"noopener\"><\/a><br \/>\n                    <a class=\"share-googleplus\" href=\"https:\/\/plus.google.com\/share?url=https:\/\/www.tst.jus.br\/-\/tst-reduz-bloqueio-de-cr%C3%A9ditos-de-empresa-mineira-de-comunica%C3%A7%C3%A3o%C2%A0\" target=\"_blank\" rel=\"noopener\"><\/a>\n                <\/div>\n<\/p><\/div>\n<div class=\"materia\">\n<p>09\/08\/22 &#8211;\u00a0A Subse\u00e7\u00e3o II Especializada em Diss\u00eddios Individuais (SDI-2) do Tribunal Superior do Trabalho limitou o bloqueio das contas da Rede Vitoriosa de Comunica\u00e7\u00f5es, de Ituiutaba (MG), a 15% dos cr\u00e9ditos da empresa junto ao SBT, de quem a emissora \u00e9 afiliada.\u00a0<br \/>\nPara o colegiado, a restri\u00e7\u00e3o de 60% dos cr\u00e9ditos, como fora decidido nas inst\u00e2ncias anteriores em duas a\u00e7\u00f5es, comprometeria gravemente o regular funcionamento das atividades empresariais. Assim, reduzir o montante do bloqueio atende, simultaneamente, aos direitos dos credores e da devedora, que passa ter a execu\u00e7\u00e3o processada de forma menos gravosa.<\/p>\n<h4>Sobrestamento<\/h4>\n<p>A emissora havia firmado acordo com uma contadora, homologado pela Justi\u00e7a do Trabalho, visando ao pagamento de diversas parcelas referentes ao contrato de trabalho, com previs\u00e3o de multa de 50% no caso de atraso no pagamento das parcelas. Como algumas foram quitadas com atraso, a contadora pediu a execu\u00e7\u00e3o da multa, de cerca de R$ 217 mil, e o ju\u00edzo da 6\u00aa Vara do Trabalho de Uberl\u00e2ndia determinou o sobrestamento dos cr\u00e9ditos da empresa junto ao SBT.<\/p>\n<p>Contra o bloqueio, a empresa impetrou mandado de seguran\u00e7a e obteve, no Tribunal Regional do Trabalho da 3\u00aa Regi\u00e3o (MG), obteve sua limita\u00e7\u00e3o a 30% dos cr\u00e9ditos. A Vitoriosa recorreu, ent\u00e3o, ao TST, argumentando que haveria outros bens pass\u00edveis de penhora e que a penhora de faturamento \u00e9 a s\u00e9tima na ordem legal de grada\u00e7\u00e3o.\u00a0<\/p>\n<h4>Percentual razo\u00e1vel<\/h4>\n<p>O relator do recurso da empresa, ministro Alberto Balazeiro, explicou que a ordem de bloqueio de cr\u00e9ditos do devedor junto a terceiros \u00e9 uma situa\u00e7\u00e3o f\u00e1tico-jur\u00eddica assemelhada \u00e0 penhora de faturamento. Assim, a constri\u00e7\u00e3o \u00e9 legal, mas deve se limitar a um percentual razo\u00e1vel, para que n\u00e3o comprometa o funcionamento regular das atividades do devedor. O caso, a seu ver, \u00e9 de aplica\u00e7\u00e3o anal\u00f3gica da Orienta\u00e7\u00e3o Jurisprudencial (OJ) 93 da SDI-2, que trata da possibilidade de penhora sobre parte da renda de estabelecimento comercial.<\/p>\n<p>Um dos pontos observados pelo relator \u00e9 que, em outra a\u00e7\u00e3o, com credores distintos, tamb\u00e9m foi determinada a constri\u00e7\u00e3o de 30% dos cr\u00e9ditos. Embora essa decis\u00e3o n\u00e3o seja questionada no mandado de seguran\u00e7a, \u00a0Balazeiro considerou que a afeta\u00e7\u00e3o de 60% dos cr\u00e9ditos da emissora junto ao SBT compromete gravemente o regular funcionamento de suas atividades empresariais.<\/p>\n<p>A limita\u00e7\u00e3o do bloqueio a 15%, para o colegiado, atende, simultaneamente, os direitos dos credores \u00e0 satisfa\u00e7\u00e3o integral e mais c\u00e9lere poss\u00edvel da execu\u00e7\u00e3o e da devedora de ter a execu\u00e7\u00e3o processada da forma menos gravosa poss\u00edvel.<\/p>\n<p>\u00a0(GL\/CF)<\/p>\n<p>Processo: <a href=\"https:\/\/consultaprocessual.tst.jus.br\/consultaProcessual\/consultaTstNumUnica.do?consulta=Consultar&amp;conscsjt=&amp;numeroTst=11055&amp;digitoTst=07&amp;anoTst=2021&amp;orgaoTst=5&amp;tribunalTst=03&amp;varaTst=0000&amp;submit=Consultar\" target=\"_blank\" rel=\"noopener\">ROT-11055-07.2021.5.03.0000<\/a><\/p>\n<p>Esta mat\u00e9ria tem cunho meramente informativo.<br \/>\nPermitida a reprodu\u00e7\u00e3o mediante cita\u00e7\u00e3o da fonte.<br \/>\nSecretaria de Comunica\u00e7\u00e3o Social<br \/>\n<a href=\"https:\/\/www.tst.jus.br\/\" target=\"_blank\" rel=\"noopener\">Tribunal Superior do Trabalho<\/a><br \/>\nTel. (61) 3043-4907<br \/>\n<a href=\"mailto:secom@tst.jus.br\" target=\"\" rel=\"noopener\">secom@tst.jus.br<\/a><\/p>\n<\/div><\/div>\n<\/div>\n","protected":false},"excerpt":{"rendered":"<p>A medida visa \u00e0 pr\u00f3pria manuten\u00e7\u00e3o da atividade empresarial. Ministro Alberto Balazeiro 09\/08\/22 &#8211;\u00a0A Subse\u00e7\u00e3o II Especializada em Diss\u00eddios Individuais (SDI-2) do Tribunal Superior do Trabalho limitou o bloqueio das contas da Rede Vitoriosa de Comunica\u00e7\u00f5es, de Ituiutaba (MG), a 15% dos cr\u00e9ditos da empresa junto ao SBT, de quem a emissora \u00e9 afiliada.\u00a0 Para [&hellip;]<\/p>\n","protected":false},"author":0,"featured_media":12943,"comment_status":"open","ping_status":"","sticky":false,"template":"","format":"standard","meta":{"footnotes":""},"categories":[5],"tags":[],"class_list":["post-12942","post","type-post","status-publish","format-standard","has-post-thumbnail","hentry","category-noticias-educacao-financeira"],"blocksy_meta":{"styles_descriptor":{"styles":{"desktop":"","tablet":"","mobile":""},"google_fonts":[],"version":6}},"yoast_head":"<!-- This site is optimized with the Yoast SEO plugin v27.4 - https:\/\/yoast.com\/product\/yoast-seo-wordpress\/ -->\n<title>TST reduz bloqueio de cr\u00e9ditos de empresa mineira de comunica\u00e7\u00e3o\u00a0 - Contabilidade Caxias<\/title>\n<meta name=\"robots\" content=\"index, follow, max-snippet:-1, max-image-preview:large, max-video-preview:-1\" \/>\n<link rel=\"canonical\" href=\"https:\/\/contabilidadecaxias.com.br\/index.php\/2022\/08\/09\/tst-reduz-bloqueio-de-creditos-de-empresa-mineira-de-comunicacao\/\" \/>\n<meta property=\"og:locale\" content=\"pt_BR\" \/>\n<meta property=\"og:type\" content=\"article\" \/>\n<meta property=\"og:title\" content=\"TST reduz bloqueio de cr\u00e9ditos de empresa mineira de comunica\u00e7\u00e3o\u00a0 - Contabilidade Caxias\" \/>\n<meta property=\"og:description\" content=\"A medida visa \u00e0 pr\u00f3pria manuten\u00e7\u00e3o da atividade empresarial. Ministro Alberto Balazeiro 09\/08\/22 &#8211;\u00a0A Subse\u00e7\u00e3o II Especializada em Diss\u00eddios Individuais (SDI-2) do Tribunal Superior do Trabalho limitou o bloqueio das contas da Rede Vitoriosa de Comunica\u00e7\u00f5es, de Ituiutaba (MG), a 15% dos cr\u00e9ditos da empresa junto ao SBT, de quem a emissora \u00e9 afiliada.\u00a0 Para [&hellip;]\" \/>\n<meta property=\"og:url\" content=\"https:\/\/contabilidadecaxias.com.br\/index.php\/2022\/08\/09\/tst-reduz-bloqueio-de-creditos-de-empresa-mineira-de-comunicacao\/\" \/>\n<meta property=\"og:site_name\" content=\"Contabilidade Caxias\" \/>\n<meta property=\"article:published_time\" content=\"2022-08-09T13:02:29+00:00\" \/>\n<meta name=\"twitter:card\" content=\"summary_large_image\" \/>\n<meta name=\"twitter:label1\" content=\"Est. tempo de leitura\" \/>\n\t<meta name=\"twitter:data1\" content=\"2 minutos\" \/>\n<script type=\"application\/ld+json\" class=\"yoast-schema-graph\">{\"@context\":\"https:\\\/\\\/schema.org\",\"@graph\":[{\"@type\":\"Article\",\"@id\":\"https:\\\/\\\/contabilidadecaxias.com.br\\\/index.php\\\/2022\\\/08\\\/09\\\/tst-reduz-bloqueio-de-creditos-de-empresa-mineira-de-comunicacao\\\/#article\",\"isPartOf\":{\"@id\":\"https:\\\/\\\/contabilidadecaxias.com.br\\\/index.php\\\/2022\\\/08\\\/09\\\/tst-reduz-bloqueio-de-creditos-de-empresa-mineira-de-comunicacao\\\/\"},\"author\":{\"name\":\"\",\"@id\":\"\"},\"headline\":\"TST reduz bloqueio de cr\u00e9ditos de empresa mineira de comunica\u00e7\u00e3o\u00a0\",\"datePublished\":\"2022-08-09T13:02:29+00:00\",\"mainEntityOfPage\":{\"@id\":\"https:\\\/\\\/contabilidadecaxias.com.br\\\/index.php\\\/2022\\\/08\\\/09\\\/tst-reduz-bloqueio-de-creditos-de-empresa-mineira-de-comunicacao\\\/\"},\"wordCount\":497,\"commentCount\":0,\"image\":{\"@id\":\"https:\\\/\\\/contabilidadecaxias.com.br\\\/index.php\\\/2022\\\/08\\\/09\\\/tst-reduz-bloqueio-de-creditos-de-empresa-mineira-de-comunicacao\\\/#primaryimage\"},\"thumbnailUrl\":\"https:\\\/\\\/contabilidadecaxias.com.br\\\/wp-content\\\/uploads\\\/2022\\\/08\\\/4a7555da-bb17-95ed-8780-c6aacce90d8e-FtrH0M.jpeg\",\"articleSection\":[\"Educa\u00e7\u00e3o Financeira\"],\"inLanguage\":\"pt-BR\",\"potentialAction\":[{\"@type\":\"CommentAction\",\"name\":\"Comment\",\"target\":[\"https:\\\/\\\/contabilidadecaxias.com.br\\\/index.php\\\/2022\\\/08\\\/09\\\/tst-reduz-bloqueio-de-creditos-de-empresa-mineira-de-comunicacao\\\/#respond\"]}]},{\"@type\":\"WebPage\",\"@id\":\"https:\\\/\\\/contabilidadecaxias.com.br\\\/index.php\\\/2022\\\/08\\\/09\\\/tst-reduz-bloqueio-de-creditos-de-empresa-mineira-de-comunicacao\\\/\",\"url\":\"https:\\\/\\\/contabilidadecaxias.com.br\\\/index.php\\\/2022\\\/08\\\/09\\\/tst-reduz-bloqueio-de-creditos-de-empresa-mineira-de-comunicacao\\\/\",\"name\":\"TST reduz bloqueio de cr\u00e9ditos de empresa mineira de comunica\u00e7\u00e3o\u00a0 - Contabilidade Caxias\",\"isPartOf\":{\"@id\":\"https:\\\/\\\/contabilidadecaxias.com.br\\\/#website\"},\"primaryImageOfPage\":{\"@id\":\"https:\\\/\\\/contabilidadecaxias.com.br\\\/index.php\\\/2022\\\/08\\\/09\\\/tst-reduz-bloqueio-de-creditos-de-empresa-mineira-de-comunicacao\\\/#primaryimage\"},\"image\":{\"@id\":\"https:\\\/\\\/contabilidadecaxias.com.br\\\/index.php\\\/2022\\\/08\\\/09\\\/tst-reduz-bloqueio-de-creditos-de-empresa-mineira-de-comunicacao\\\/#primaryimage\"},\"thumbnailUrl\":\"https:\\\/\\\/contabilidadecaxias.com.br\\\/wp-content\\\/uploads\\\/2022\\\/08\\\/4a7555da-bb17-95ed-8780-c6aacce90d8e-FtrH0M.jpeg\",\"datePublished\":\"2022-08-09T13:02:29+00:00\",\"author\":{\"@id\":\"\"},\"breadcrumb\":{\"@id\":\"https:\\\/\\\/contabilidadecaxias.com.br\\\/index.php\\\/2022\\\/08\\\/09\\\/tst-reduz-bloqueio-de-creditos-de-empresa-mineira-de-comunicacao\\\/#breadcrumb\"},\"inLanguage\":\"pt-BR\",\"potentialAction\":[{\"@type\":\"ReadAction\",\"target\":[\"https:\\\/\\\/contabilidadecaxias.com.br\\\/index.php\\\/2022\\\/08\\\/09\\\/tst-reduz-bloqueio-de-creditos-de-empresa-mineira-de-comunicacao\\\/\"]}]},{\"@type\":\"ImageObject\",\"inLanguage\":\"pt-BR\",\"@id\":\"https:\\\/\\\/contabilidadecaxias.com.br\\\/index.php\\\/2022\\\/08\\\/09\\\/tst-reduz-bloqueio-de-creditos-de-empresa-mineira-de-comunicacao\\\/#primaryimage\",\"url\":\"https:\\\/\\\/contabilidadecaxias.com.br\\\/wp-content\\\/uploads\\\/2022\\\/08\\\/4a7555da-bb17-95ed-8780-c6aacce90d8e-FtrH0M.jpeg\",\"contentUrl\":\"https:\\\/\\\/contabilidadecaxias.com.br\\\/wp-content\\\/uploads\\\/2022\\\/08\\\/4a7555da-bb17-95ed-8780-c6aacce90d8e-FtrH0M.jpeg\",\"width\":1280,\"height\":853},{\"@type\":\"BreadcrumbList\",\"@id\":\"https:\\\/\\\/contabilidadecaxias.com.br\\\/index.php\\\/2022\\\/08\\\/09\\\/tst-reduz-bloqueio-de-creditos-de-empresa-mineira-de-comunicacao\\\/#breadcrumb\",\"itemListElement\":[{\"@type\":\"ListItem\",\"position\":1,\"name\":\"In\u00edcio\",\"item\":\"https:\\\/\\\/contabilidadecaxias.com.br\\\/\"},{\"@type\":\"ListItem\",\"position\":2,\"name\":\"TST reduz bloqueio de cr\u00e9ditos de empresa mineira de comunica\u00e7\u00e3o\u00a0\"}]},{\"@type\":\"WebSite\",\"@id\":\"https:\\\/\\\/contabilidadecaxias.com.br\\\/#website\",\"url\":\"https:\\\/\\\/contabilidadecaxias.com.br\\\/\",\"name\":\"Contabilidade Caxias\",\"description\":\"Site especializado em Contabilidade para Caxias.\",\"potentialAction\":[{\"@type\":\"SearchAction\",\"target\":{\"@type\":\"EntryPoint\",\"urlTemplate\":\"https:\\\/\\\/contabilidadecaxias.com.br\\\/?s={search_term_string}\"},\"query-input\":{\"@type\":\"PropertyValueSpecification\",\"valueRequired\":true,\"valueName\":\"search_term_string\"}}],\"inLanguage\":\"pt-BR\"}]}<\/script>\n<!-- \/ Yoast SEO plugin. -->","yoast_head_json":{"title":"TST reduz bloqueio de cr\u00e9ditos de empresa mineira de comunica\u00e7\u00e3o\u00a0 - Contabilidade Caxias","robots":{"index":"index","follow":"follow","max-snippet":"max-snippet:-1","max-image-preview":"max-image-preview:large","max-video-preview":"max-video-preview:-1"},"canonical":"https:\/\/contabilidadecaxias.com.br\/index.php\/2022\/08\/09\/tst-reduz-bloqueio-de-creditos-de-empresa-mineira-de-comunicacao\/","og_locale":"pt_BR","og_type":"article","og_title":"TST reduz bloqueio de cr\u00e9ditos de empresa mineira de comunica\u00e7\u00e3o\u00a0 - Contabilidade Caxias","og_description":"A medida visa \u00e0 pr\u00f3pria manuten\u00e7\u00e3o da atividade empresarial. Ministro Alberto Balazeiro 09\/08\/22 &#8211;\u00a0A Subse\u00e7\u00e3o II Especializada em Diss\u00eddios Individuais (SDI-2) do Tribunal Superior do Trabalho limitou o bloqueio das contas da Rede Vitoriosa de Comunica\u00e7\u00f5es, de Ituiutaba (MG), a 15% dos cr\u00e9ditos da empresa junto ao SBT, de quem a emissora \u00e9 afiliada.\u00a0 Para [&hellip;]","og_url":"https:\/\/contabilidadecaxias.com.br\/index.php\/2022\/08\/09\/tst-reduz-bloqueio-de-creditos-de-empresa-mineira-de-comunicacao\/","og_site_name":"Contabilidade Caxias","article_published_time":"2022-08-09T13:02:29+00:00","twitter_card":"summary_large_image","twitter_misc":{"Est. tempo de leitura":"2 minutos"},"schema":{"@context":"https:\/\/schema.org","@graph":[{"@type":"Article","@id":"https:\/\/contabilidadecaxias.com.br\/index.php\/2022\/08\/09\/tst-reduz-bloqueio-de-creditos-de-empresa-mineira-de-comunicacao\/#article","isPartOf":{"@id":"https:\/\/contabilidadecaxias.com.br\/index.php\/2022\/08\/09\/tst-reduz-bloqueio-de-creditos-de-empresa-mineira-de-comunicacao\/"},"author":{"name":"","@id":""},"headline":"TST reduz bloqueio de cr\u00e9ditos de empresa mineira de comunica\u00e7\u00e3o\u00a0","datePublished":"2022-08-09T13:02:29+00:00","mainEntityOfPage":{"@id":"https:\/\/contabilidadecaxias.com.br\/index.php\/2022\/08\/09\/tst-reduz-bloqueio-de-creditos-de-empresa-mineira-de-comunicacao\/"},"wordCount":497,"commentCount":0,"image":{"@id":"https:\/\/contabilidadecaxias.com.br\/index.php\/2022\/08\/09\/tst-reduz-bloqueio-de-creditos-de-empresa-mineira-de-comunicacao\/#primaryimage"},"thumbnailUrl":"https:\/\/contabilidadecaxias.com.br\/wp-content\/uploads\/2022\/08\/4a7555da-bb17-95ed-8780-c6aacce90d8e-FtrH0M.jpeg","articleSection":["Educa\u00e7\u00e3o Financeira"],"inLanguage":"pt-BR","potentialAction":[{"@type":"CommentAction","name":"Comment","target":["https:\/\/contabilidadecaxias.com.br\/index.php\/2022\/08\/09\/tst-reduz-bloqueio-de-creditos-de-empresa-mineira-de-comunicacao\/#respond"]}]},{"@type":"WebPage","@id":"https:\/\/contabilidadecaxias.com.br\/index.php\/2022\/08\/09\/tst-reduz-bloqueio-de-creditos-de-empresa-mineira-de-comunicacao\/","url":"https:\/\/contabilidadecaxias.com.br\/index.php\/2022\/08\/09\/tst-reduz-bloqueio-de-creditos-de-empresa-mineira-de-comunicacao\/","name":"TST reduz bloqueio de cr\u00e9ditos de empresa mineira de comunica\u00e7\u00e3o\u00a0 - Contabilidade Caxias","isPartOf":{"@id":"https:\/\/contabilidadecaxias.com.br\/#website"},"primaryImageOfPage":{"@id":"https:\/\/contabilidadecaxias.com.br\/index.php\/2022\/08\/09\/tst-reduz-bloqueio-de-creditos-de-empresa-mineira-de-comunicacao\/#primaryimage"},"image":{"@id":"https:\/\/contabilidadecaxias.com.br\/index.php\/2022\/08\/09\/tst-reduz-bloqueio-de-creditos-de-empresa-mineira-de-comunicacao\/#primaryimage"},"thumbnailUrl":"https:\/\/contabilidadecaxias.com.br\/wp-content\/uploads\/2022\/08\/4a7555da-bb17-95ed-8780-c6aacce90d8e-FtrH0M.jpeg","datePublished":"2022-08-09T13:02:29+00:00","author":{"@id":""},"breadcrumb":{"@id":"https:\/\/contabilidadecaxias.com.br\/index.php\/2022\/08\/09\/tst-reduz-bloqueio-de-creditos-de-empresa-mineira-de-comunicacao\/#breadcrumb"},"inLanguage":"pt-BR","potentialAction":[{"@type":"ReadAction","target":["https:\/\/contabilidadecaxias.com.br\/index.php\/2022\/08\/09\/tst-reduz-bloqueio-de-creditos-de-empresa-mineira-de-comunicacao\/"]}]},{"@type":"ImageObject","inLanguage":"pt-BR","@id":"https:\/\/contabilidadecaxias.com.br\/index.php\/2022\/08\/09\/tst-reduz-bloqueio-de-creditos-de-empresa-mineira-de-comunicacao\/#primaryimage","url":"https:\/\/contabilidadecaxias.com.br\/wp-content\/uploads\/2022\/08\/4a7555da-bb17-95ed-8780-c6aacce90d8e-FtrH0M.jpeg","contentUrl":"https:\/\/contabilidadecaxias.com.br\/wp-content\/uploads\/2022\/08\/4a7555da-bb17-95ed-8780-c6aacce90d8e-FtrH0M.jpeg","width":1280,"height":853},{"@type":"BreadcrumbList","@id":"https:\/\/contabilidadecaxias.com.br\/index.php\/2022\/08\/09\/tst-reduz-bloqueio-de-creditos-de-empresa-mineira-de-comunicacao\/#breadcrumb","itemListElement":[{"@type":"ListItem","position":1,"name":"In\u00edcio","item":"https:\/\/contabilidadecaxias.com.br\/"},{"@type":"ListItem","position":2,"name":"TST reduz bloqueio de cr\u00e9ditos de empresa mineira de comunica\u00e7\u00e3o\u00a0"}]},{"@type":"WebSite","@id":"https:\/\/contabilidadecaxias.com.br\/#website","url":"https:\/\/contabilidadecaxias.com.br\/","name":"Contabilidade Caxias","description":"Site especializado em Contabilidade para Caxias.","potentialAction":[{"@type":"SearchAction","target":{"@type":"EntryPoint","urlTemplate":"https:\/\/contabilidadecaxias.com.br\/?s={search_term_string}"},"query-input":{"@type":"PropertyValueSpecification","valueRequired":true,"valueName":"search_term_string"}}],"inLanguage":"pt-BR"}]}},"_links":{"self":[{"href":"https:\/\/contabilidadecaxias.com.br\/index.php\/wp-json\/wp\/v2\/posts\/12942","targetHints":{"allow":["GET"]}}],"collection":[{"href":"https:\/\/contabilidadecaxias.com.br\/index.php\/wp-json\/wp\/v2\/posts"}],"about":[{"href":"https:\/\/contabilidadecaxias.com.br\/index.php\/wp-json\/wp\/v2\/types\/post"}],"replies":[{"embeddable":true,"href":"https:\/\/contabilidadecaxias.com.br\/index.php\/wp-json\/wp\/v2\/comments?post=12942"}],"version-history":[{"count":0,"href":"https:\/\/contabilidadecaxias.com.br\/index.php\/wp-json\/wp\/v2\/posts\/12942\/revisions"}],"wp:featuredmedia":[{"embeddable":true,"href":"https:\/\/contabilidadecaxias.com.br\/index.php\/wp-json\/wp\/v2\/media\/12943"}],"wp:attachment":[{"href":"https:\/\/contabilidadecaxias.com.br\/index.php\/wp-json\/wp\/v2\/media?parent=12942"}],"wp:term":[{"taxonomy":"category","embeddable":true,"href":"https:\/\/contabilidadecaxias.com.br\/index.php\/wp-json\/wp\/v2\/categories?post=12942"},{"taxonomy":"post_tag","embeddable":true,"href":"https:\/\/contabilidadecaxias.com.br\/index.php\/wp-json\/wp\/v2\/tags?post=12942"}],"curies":[{"name":"wp","href":"https:\/\/api.w.org\/{rel}","templated":true}]}}