{"id":12895,"date":"2022-08-08T20:09:23","date_gmt":"2022-08-08T23:09:23","guid":{"rendered":"https:\/\/contabilidadecaxias.com.br\/index.php\/2022\/08\/08\/tst-lanca-rede-de-pesquisa-judiciaria-da-justica-do-trabalho-em-workshop-com-trts\/"},"modified":"2022-08-08T20:09:23","modified_gmt":"2022-08-08T23:09:23","slug":"tst-lanca-rede-de-pesquisa-judiciaria-da-justica-do-trabalho-em-workshop-com-trts","status":"publish","type":"post","link":"https:\/\/contabilidadecaxias.com.br\/index.php\/2022\/08\/08\/tst-lanca-rede-de-pesquisa-judiciaria-da-justica-do-trabalho-em-workshop-com-trts\/","title":{"rendered":"TST lan\u00e7a rede de pesquisa judici\u00e1ria da Justi\u00e7a do Trabalho em workshop com TRTs"},"content":{"rendered":"<div class=\"noticia-wrapper\">\n<p><em><\/p>\n<p>Evento tamb\u00e9m serviu para que tribunais se organizem com o objetivo de lan\u00e7arem os pr\u00f3prios sistemas de pesquisa<\/p>\n<p><\/em><\/p>\n<div class=\"social-media-share mobile\">\n        <a class=\"share-facebook\" href=\"https:\/\/www.facebook.com\/sharer.php?u=https:\/\/www.tst.jus.br\/-\/tst-lan%C3%A7a-rede-de-pesquisa-judici%C3%A1ria-da-justi%C3%A7a-do-trabalho-em-workshop-com-trts\" target=\"_blank\" rel=\"noopener\"><\/a><br \/>\n        <a class=\"share-twitter\" href=\"https:\/\/twitter.com\/intent\/tweet?text=TST%20lan%C3%A7a%20rede%20de%20pesquisa%20judici%C3%A1ria%20da%20Justi%C3%A7a%20do%20Trabalho%20em%20workshop%20com%20TRTs%0AVeja%20mais%20em:&amp;url=https:\/\/www.tst.jus.br\/-\/tst-lan%C3%A7a-rede-de-pesquisa-judici%C3%A1ria-da-justi%C3%A7a-do-trabalho-em-workshop-com-trts\" target=\"_blank\" rel=\"noopener\"><\/a><br \/>\n        <a class=\"share-linkedin\" href=\"https:\/\/www.linkedin.com\/shareArticle?mini=true&amp;url=https:\/\/www.tst.jus.br\/-\/tst-lan%C3%A7a-rede-de-pesquisa-judici%C3%A1ria-da-justi%C3%A7a-do-trabalho-em-workshop-com-trts&amp;title=TST%20lan%C3%A7a%20rede%20de%20pesquisa%20judici%C3%A1ria%20da%20Justi%C3%A7a%20do%20Trabalho%20em%20workshop%20com%20TRTs\" target=\"_blank\" rel=\"noopener\"><\/a><br \/>\n        <a class=\"share-whatsapp\" href=\"https:\/\/web.whatsapp.com\/send?text=https:\/\/www.tst.jus.br\/-\/tst-lan%C3%A7a-rede-de-pesquisa-judici%C3%A1ria-da-justi%C3%A7a-do-trabalho-em-workshop-com-trts\" target=\"_blank\" rel=\"noopener\"><\/a><br \/>\n        <a class=\"share-googleplus\" href=\"https:\/\/plus.google.com\/share?url=https:\/\/www.tst.jus.br\/-\/tst-lan%C3%A7a-rede-de-pesquisa-judici%C3%A1ria-da-justi%C3%A7a-do-trabalho-em-workshop-com-trts\" target=\"_blank\" rel=\"noopener\"><\/a>\n    <\/div>\n<div class=\"news-body\">\n<div class=\"imagem-da-noticia\">\n<p>Ilustra\u00e7\u00e3o de pessoa digitando em notebook com barra de pesquisa em primeiro plano<\/p>\n<div class=\"social-media-share\">\n                    <a class=\"share-facebook\" href=\"https:\/\/www.facebook.com\/sharer.php?u=https:\/\/www.tst.jus.br\/-\/tst-lan%C3%A7a-rede-de-pesquisa-judici%C3%A1ria-da-justi%C3%A7a-do-trabalho-em-workshop-com-trts\" target=\"_blank\" rel=\"noopener\"><\/a><br \/>\n                    <a class=\"share-twitter\" href=\"https:\/\/twitter.com\/intent\/tweet?text=TST%20lan%C3%A7a%20rede%20de%20pesquisa%20judici%C3%A1ria%20da%20Justi%C3%A7a%20do%20Trabalho%20em%20workshop%20com%20TRTs%0AVeja%20mais%20em:&amp;url=https:\/\/www.tst.jus.br\/-\/tst-lan%C3%A7a-rede-de-pesquisa-judici%C3%A1ria-da-justi%C3%A7a-do-trabalho-em-workshop-com-trts\" target=\"_blank\" rel=\"noopener\"><\/a><br \/>\n                    <a class=\"share-linkedin\" href=\"https:\/\/www.linkedin.com\/shareArticle?mini=true&amp;url=https:\/\/www.tst.jus.br\/-\/tst-lan%C3%A7a-rede-de-pesquisa-judici%C3%A1ria-da-justi%C3%A7a-do-trabalho-em-workshop-com-trts&amp;title=TST%20lan%C3%A7a%20rede%20de%20pesquisa%20judici%C3%A1ria%20da%20Justi%C3%A7a%20do%20Trabalho%20em%20workshop%20com%20TRTs\" target=\"_blank\" rel=\"noopener\"><\/a><br \/>\n                    <a class=\"share-whatsapp\" href=\"https:\/\/web.whatsapp.com\/send?text=https:\/\/www.tst.jus.br\/-\/tst-lan%C3%A7a-rede-de-pesquisa-judici%C3%A1ria-da-justi%C3%A7a-do-trabalho-em-workshop-com-trts\" target=\"_blank\" rel=\"noopener\"><\/a><br \/>\n                    <a class=\"share-googleplus\" href=\"https:\/\/plus.google.com\/share?url=https:\/\/www.tst.jus.br\/-\/tst-lan%C3%A7a-rede-de-pesquisa-judici%C3%A1ria-da-justi%C3%A7a-do-trabalho-em-workshop-com-trts\" target=\"_blank\" rel=\"noopener\"><\/a>\n                <\/div>\n<\/p><\/div>\n<div class=\"materia\">\n<p>08\/08\/22 &#8211; O Tribunal Superior do Trabalho (TST) lan\u00e7ou, oficialmente, a Rede de Pesquisa Judici\u00e1ria da Justi\u00e7a do Trabalho. O evento ocorreu durante a realiza\u00e7\u00e3o de workshop com 84 representantes dos Tribunais Regionais do Trabalho (TRTs), na \u00faltima quinta-feira (4), em Bras\u00edlia.<\/p>\n<p>Segundo o secret\u00e1rio de Pesquisa Judici\u00e1ria e de Ci\u00eancia de Dados do TST, Alexandre dos Santos Cunha, o objetivo do encontro foi apresentar o modelo constru\u00eddo no \u00e2mbito do TST e do Conselho Superior da Justi\u00e7a do Trabalho (CSJT) e ouvir como est\u00e1 seu processo de implanta\u00e7\u00e3o nos 24 TRTs do pa\u00eds. De acordo com o secret\u00e1rio, pelo menos seis TRTs j\u00e1 est\u00e3o mais avan\u00e7ados para implementar as redes de pesquisa judici\u00e1ria nas pr\u00f3ximas semanas.\u00a0<\/p>\n<h4>Rede de Pesquisa<\/h4>\n<p>O Conselho Nacional de Justi\u00e7a (CNJ) determinou, a partir da aprova\u00e7\u00e3o da <a href=\"https:\/\/atos.cnj.jus.br\/atos\/detalhar\/4577\" target=\"_blank\" rel=\"noopener\">Resolu\u00e7\u00e3o 462<\/a>, a cria\u00e7\u00e3o da Rede de Pesquisas Judici\u00e1rias e a instala\u00e7\u00e3o de grupos de pesquisas em todos os tribunais do pa\u00eds. A data limite para implanta\u00e7\u00e3o do projeto \u00e9 4\/10.<\/p>\n<p>No TST, a <a href=\"https:\/\/portalextranet.tst.jus.br\/web\/tst-intranet\/-\/secretaria-de-pesquisa-judici%C3%A1ria-e-ci%C3%AAncia-de-dados-%C3%A9-a-nova-unidade-do-tst?inheritRedirect=true&amp;redirect=https%3A%2F%2Fportalextranet.tst.jus.br%3A443%2Fweb%2Ftst-intranet%2Finicio%3Fp_p_id%3Dcom_liferay_portal_search_web_portlet_SearchPortlet%26p_p_lifecycle%3D0%26p_p_state%3Dmaximized%26p_p_mode%3Dview%26_com_liferay_portal_search_web_portlet_SearchPortlet_redirect%3Dhttps%253A%252F%252Fportalextranet.tst.jus.br%253A443%252Fweb%252Ftst-intranet%252Finicio%253Fp_p_id%253Dcom_liferay_portal_search_web_portlet_SearchPortlet%2526p_p_lifecycle%253D0%2526p_p_state%253Dnormal%2526p_p_mode%253Dview%26_com_liferay_portal_search_web_portlet_SearchPortlet_mvcPath%3D%252Fsearch.jsp%26_com_liferay_portal_search_web_portlet_SearchPortlet_keywords%3Dpesquisa%2Bjudici%25C3%25A1ria%26_com_liferay_portal_search_web_portlet_SearchPortlet_formDate%3D1659645306870%26_com_liferay_portal_search_web_portlet_SearchPortlet_scope%3Dthis-site\" target=\"_blank\" rel=\"noopener\">Secretaria de Pesquisa Judici\u00e1ria e de Ci\u00eancia de Dados<\/a> foi criada em maio e j\u00e1 est\u00e1 em pleno funcionamento. A nova unidade \u00e9 respons\u00e1vel pela gest\u00e3o, pela organiza\u00e7\u00e3o e pela valida\u00e7\u00e3o de bases de dados, produ\u00e7\u00e3o de estat\u00edsticas e elabora\u00e7\u00e3o de pesquisas emp\u00edricas e diagn\u00f3sticos sobre a JT.<\/p>\n<p>(JS\/RT\/CF)<\/p>\n<\/div><\/div>\n<\/div>\n","protected":false},"excerpt":{"rendered":"<p>Evento tamb\u00e9m serviu para que tribunais se organizem com o objetivo de lan\u00e7arem os pr\u00f3prios sistemas de pesquisa Ilustra\u00e7\u00e3o de pessoa digitando em notebook com barra de pesquisa em primeiro plano 08\/08\/22 &#8211; O Tribunal Superior do Trabalho (TST) lan\u00e7ou, oficialmente, a Rede de Pesquisa Judici\u00e1ria da Justi\u00e7a do Trabalho. O evento ocorreu durante a [&hellip;]<\/p>\n","protected":false},"author":0,"featured_media":12896,"comment_status":"open","ping_status":"","sticky":false,"template":"","format":"standard","meta":{"footnotes":""},"categories":[5],"tags":[],"class_list":["post-12895","post","type-post","status-publish","format-standard","has-post-thumbnail","hentry","category-noticias-educacao-financeira"],"blocksy_meta":{"styles_descriptor":{"styles":{"desktop":"","tablet":"","mobile":""},"google_fonts":[],"version":6}},"yoast_head":"<!-- This site is optimized with the Yoast SEO plugin v27.4 - https:\/\/yoast.com\/product\/yoast-seo-wordpress\/ -->\n<title>TST lan\u00e7a rede de pesquisa judici\u00e1ria da Justi\u00e7a do Trabalho em workshop com TRTs - Contabilidade Caxias<\/title>\n<meta name=\"robots\" content=\"index, follow, max-snippet:-1, max-image-preview:large, max-video-preview:-1\" \/>\n<link rel=\"canonical\" href=\"https:\/\/contabilidadecaxias.com.br\/index.php\/2022\/08\/08\/tst-lanca-rede-de-pesquisa-judiciaria-da-justica-do-trabalho-em-workshop-com-trts\/\" \/>\n<meta property=\"og:locale\" content=\"pt_BR\" \/>\n<meta property=\"og:type\" content=\"article\" \/>\n<meta property=\"og:title\" content=\"TST lan\u00e7a rede de pesquisa judici\u00e1ria da Justi\u00e7a do Trabalho em workshop com TRTs - Contabilidade Caxias\" \/>\n<meta property=\"og:description\" content=\"Evento tamb\u00e9m serviu para que tribunais se organizem com o objetivo de lan\u00e7arem os pr\u00f3prios sistemas de pesquisa Ilustra\u00e7\u00e3o de pessoa digitando em notebook com barra de pesquisa em primeiro plano 08\/08\/22 &#8211; O Tribunal Superior do Trabalho (TST) lan\u00e7ou, oficialmente, a Rede de Pesquisa Judici\u00e1ria da Justi\u00e7a do Trabalho. O evento ocorreu durante a [&hellip;]\" \/>\n<meta property=\"og:url\" content=\"https:\/\/contabilidadecaxias.com.br\/index.php\/2022\/08\/08\/tst-lanca-rede-de-pesquisa-judiciaria-da-justica-do-trabalho-em-workshop-com-trts\/\" \/>\n<meta property=\"og:site_name\" content=\"Contabilidade Caxias\" \/>\n<meta property=\"article:published_time\" content=\"2022-08-08T23:09:23+00:00\" \/>\n<meta name=\"twitter:card\" content=\"summary_large_image\" \/>\n<meta name=\"twitter:label1\" content=\"Est. tempo de leitura\" \/>\n\t<meta name=\"twitter:data1\" content=\"1 minuto\" \/>\n<script type=\"application\/ld+json\" class=\"yoast-schema-graph\">{\"@context\":\"https:\\\/\\\/schema.org\",\"@graph\":[{\"@type\":\"Article\",\"@id\":\"https:\\\/\\\/contabilidadecaxias.com.br\\\/index.php\\\/2022\\\/08\\\/08\\\/tst-lanca-rede-de-pesquisa-judiciaria-da-justica-do-trabalho-em-workshop-com-trts\\\/#article\",\"isPartOf\":{\"@id\":\"https:\\\/\\\/contabilidadecaxias.com.br\\\/index.php\\\/2022\\\/08\\\/08\\\/tst-lanca-rede-de-pesquisa-judiciaria-da-justica-do-trabalho-em-workshop-com-trts\\\/\"},\"author\":{\"name\":\"\",\"@id\":\"\"},\"headline\":\"TST lan\u00e7a rede de pesquisa judici\u00e1ria da Justi\u00e7a do Trabalho em workshop com TRTs\",\"datePublished\":\"2022-08-08T23:09:23+00:00\",\"mainEntityOfPage\":{\"@id\":\"https:\\\/\\\/contabilidadecaxias.com.br\\\/index.php\\\/2022\\\/08\\\/08\\\/tst-lanca-rede-de-pesquisa-judiciaria-da-justica-do-trabalho-em-workshop-com-trts\\\/\"},\"wordCount\":297,\"commentCount\":0,\"image\":{\"@id\":\"https:\\\/\\\/contabilidadecaxias.com.br\\\/index.php\\\/2022\\\/08\\\/08\\\/tst-lanca-rede-de-pesquisa-judiciaria-da-justica-do-trabalho-em-workshop-com-trts\\\/#primaryimage\"},\"thumbnailUrl\":\"https:\\\/\\\/contabilidadecaxias.com.br\\\/wp-content\\\/uploads\\\/2022\\\/08\\\/37944039-271d-36a1-8747-49f4a3bcd44e-AkO5fp-scaled.jpeg\",\"articleSection\":[\"Educa\u00e7\u00e3o Financeira\"],\"inLanguage\":\"pt-BR\",\"potentialAction\":[{\"@type\":\"CommentAction\",\"name\":\"Comment\",\"target\":[\"https:\\\/\\\/contabilidadecaxias.com.br\\\/index.php\\\/2022\\\/08\\\/08\\\/tst-lanca-rede-de-pesquisa-judiciaria-da-justica-do-trabalho-em-workshop-com-trts\\\/#respond\"]}]},{\"@type\":\"WebPage\",\"@id\":\"https:\\\/\\\/contabilidadecaxias.com.br\\\/index.php\\\/2022\\\/08\\\/08\\\/tst-lanca-rede-de-pesquisa-judiciaria-da-justica-do-trabalho-em-workshop-com-trts\\\/\",\"url\":\"https:\\\/\\\/contabilidadecaxias.com.br\\\/index.php\\\/2022\\\/08\\\/08\\\/tst-lanca-rede-de-pesquisa-judiciaria-da-justica-do-trabalho-em-workshop-com-trts\\\/\",\"name\":\"TST lan\u00e7a rede de pesquisa judici\u00e1ria da Justi\u00e7a do Trabalho em workshop com TRTs - Contabilidade Caxias\",\"isPartOf\":{\"@id\":\"https:\\\/\\\/contabilidadecaxias.com.br\\\/#website\"},\"primaryImageOfPage\":{\"@id\":\"https:\\\/\\\/contabilidadecaxias.com.br\\\/index.php\\\/2022\\\/08\\\/08\\\/tst-lanca-rede-de-pesquisa-judiciaria-da-justica-do-trabalho-em-workshop-com-trts\\\/#primaryimage\"},\"image\":{\"@id\":\"https:\\\/\\\/contabilidadecaxias.com.br\\\/index.php\\\/2022\\\/08\\\/08\\\/tst-lanca-rede-de-pesquisa-judiciaria-da-justica-do-trabalho-em-workshop-com-trts\\\/#primaryimage\"},\"thumbnailUrl\":\"https:\\\/\\\/contabilidadecaxias.com.br\\\/wp-content\\\/uploads\\\/2022\\\/08\\\/37944039-271d-36a1-8747-49f4a3bcd44e-AkO5fp-scaled.jpeg\",\"datePublished\":\"2022-08-08T23:09:23+00:00\",\"author\":{\"@id\":\"\"},\"breadcrumb\":{\"@id\":\"https:\\\/\\\/contabilidadecaxias.com.br\\\/index.php\\\/2022\\\/08\\\/08\\\/tst-lanca-rede-de-pesquisa-judiciaria-da-justica-do-trabalho-em-workshop-com-trts\\\/#breadcrumb\"},\"inLanguage\":\"pt-BR\",\"potentialAction\":[{\"@type\":\"ReadAction\",\"target\":[\"https:\\\/\\\/contabilidadecaxias.com.br\\\/index.php\\\/2022\\\/08\\\/08\\\/tst-lanca-rede-de-pesquisa-judiciaria-da-justica-do-trabalho-em-workshop-com-trts\\\/\"]}]},{\"@type\":\"ImageObject\",\"inLanguage\":\"pt-BR\",\"@id\":\"https:\\\/\\\/contabilidadecaxias.com.br\\\/index.php\\\/2022\\\/08\\\/08\\\/tst-lanca-rede-de-pesquisa-judiciaria-da-justica-do-trabalho-em-workshop-com-trts\\\/#primaryimage\",\"url\":\"https:\\\/\\\/contabilidadecaxias.com.br\\\/wp-content\\\/uploads\\\/2022\\\/08\\\/37944039-271d-36a1-8747-49f4a3bcd44e-AkO5fp-scaled.jpeg\",\"contentUrl\":\"https:\\\/\\\/contabilidadecaxias.com.br\\\/wp-content\\\/uploads\\\/2022\\\/08\\\/37944039-271d-36a1-8747-49f4a3bcd44e-AkO5fp-scaled.jpeg\",\"width\":2560,\"height\":1707},{\"@type\":\"BreadcrumbList\",\"@id\":\"https:\\\/\\\/contabilidadecaxias.com.br\\\/index.php\\\/2022\\\/08\\\/08\\\/tst-lanca-rede-de-pesquisa-judiciaria-da-justica-do-trabalho-em-workshop-com-trts\\\/#breadcrumb\",\"itemListElement\":[{\"@type\":\"ListItem\",\"position\":1,\"name\":\"In\u00edcio\",\"item\":\"https:\\\/\\\/contabilidadecaxias.com.br\\\/\"},{\"@type\":\"ListItem\",\"position\":2,\"name\":\"TST lan\u00e7a rede de pesquisa judici\u00e1ria da Justi\u00e7a do Trabalho em workshop com TRTs\"}]},{\"@type\":\"WebSite\",\"@id\":\"https:\\\/\\\/contabilidadecaxias.com.br\\\/#website\",\"url\":\"https:\\\/\\\/contabilidadecaxias.com.br\\\/\",\"name\":\"Contabilidade Caxias\",\"description\":\"Site especializado em Contabilidade para Caxias.\",\"potentialAction\":[{\"@type\":\"SearchAction\",\"target\":{\"@type\":\"EntryPoint\",\"urlTemplate\":\"https:\\\/\\\/contabilidadecaxias.com.br\\\/?s={search_term_string}\"},\"query-input\":{\"@type\":\"PropertyValueSpecification\",\"valueRequired\":true,\"valueName\":\"search_term_string\"}}],\"inLanguage\":\"pt-BR\"}]}<\/script>\n<!-- \/ Yoast SEO plugin. -->","yoast_head_json":{"title":"TST lan\u00e7a rede de pesquisa judici\u00e1ria da Justi\u00e7a do Trabalho em workshop com TRTs - Contabilidade Caxias","robots":{"index":"index","follow":"follow","max-snippet":"max-snippet:-1","max-image-preview":"max-image-preview:large","max-video-preview":"max-video-preview:-1"},"canonical":"https:\/\/contabilidadecaxias.com.br\/index.php\/2022\/08\/08\/tst-lanca-rede-de-pesquisa-judiciaria-da-justica-do-trabalho-em-workshop-com-trts\/","og_locale":"pt_BR","og_type":"article","og_title":"TST lan\u00e7a rede de pesquisa judici\u00e1ria da Justi\u00e7a do Trabalho em workshop com TRTs - Contabilidade Caxias","og_description":"Evento tamb\u00e9m serviu para que tribunais se organizem com o objetivo de lan\u00e7arem os pr\u00f3prios sistemas de pesquisa Ilustra\u00e7\u00e3o de pessoa digitando em notebook com barra de pesquisa em primeiro plano 08\/08\/22 &#8211; O Tribunal Superior do Trabalho (TST) lan\u00e7ou, oficialmente, a Rede de Pesquisa Judici\u00e1ria da Justi\u00e7a do Trabalho. O evento ocorreu durante a [&hellip;]","og_url":"https:\/\/contabilidadecaxias.com.br\/index.php\/2022\/08\/08\/tst-lanca-rede-de-pesquisa-judiciaria-da-justica-do-trabalho-em-workshop-com-trts\/","og_site_name":"Contabilidade Caxias","article_published_time":"2022-08-08T23:09:23+00:00","twitter_card":"summary_large_image","twitter_misc":{"Est. tempo de leitura":"1 minuto"},"schema":{"@context":"https:\/\/schema.org","@graph":[{"@type":"Article","@id":"https:\/\/contabilidadecaxias.com.br\/index.php\/2022\/08\/08\/tst-lanca-rede-de-pesquisa-judiciaria-da-justica-do-trabalho-em-workshop-com-trts\/#article","isPartOf":{"@id":"https:\/\/contabilidadecaxias.com.br\/index.php\/2022\/08\/08\/tst-lanca-rede-de-pesquisa-judiciaria-da-justica-do-trabalho-em-workshop-com-trts\/"},"author":{"name":"","@id":""},"headline":"TST lan\u00e7a rede de pesquisa judici\u00e1ria da Justi\u00e7a do Trabalho em workshop com TRTs","datePublished":"2022-08-08T23:09:23+00:00","mainEntityOfPage":{"@id":"https:\/\/contabilidadecaxias.com.br\/index.php\/2022\/08\/08\/tst-lanca-rede-de-pesquisa-judiciaria-da-justica-do-trabalho-em-workshop-com-trts\/"},"wordCount":297,"commentCount":0,"image":{"@id":"https:\/\/contabilidadecaxias.com.br\/index.php\/2022\/08\/08\/tst-lanca-rede-de-pesquisa-judiciaria-da-justica-do-trabalho-em-workshop-com-trts\/#primaryimage"},"thumbnailUrl":"https:\/\/contabilidadecaxias.com.br\/wp-content\/uploads\/2022\/08\/37944039-271d-36a1-8747-49f4a3bcd44e-AkO5fp-scaled.jpeg","articleSection":["Educa\u00e7\u00e3o Financeira"],"inLanguage":"pt-BR","potentialAction":[{"@type":"CommentAction","name":"Comment","target":["https:\/\/contabilidadecaxias.com.br\/index.php\/2022\/08\/08\/tst-lanca-rede-de-pesquisa-judiciaria-da-justica-do-trabalho-em-workshop-com-trts\/#respond"]}]},{"@type":"WebPage","@id":"https:\/\/contabilidadecaxias.com.br\/index.php\/2022\/08\/08\/tst-lanca-rede-de-pesquisa-judiciaria-da-justica-do-trabalho-em-workshop-com-trts\/","url":"https:\/\/contabilidadecaxias.com.br\/index.php\/2022\/08\/08\/tst-lanca-rede-de-pesquisa-judiciaria-da-justica-do-trabalho-em-workshop-com-trts\/","name":"TST lan\u00e7a rede de pesquisa judici\u00e1ria da Justi\u00e7a do Trabalho em workshop com TRTs - Contabilidade Caxias","isPartOf":{"@id":"https:\/\/contabilidadecaxias.com.br\/#website"},"primaryImageOfPage":{"@id":"https:\/\/contabilidadecaxias.com.br\/index.php\/2022\/08\/08\/tst-lanca-rede-de-pesquisa-judiciaria-da-justica-do-trabalho-em-workshop-com-trts\/#primaryimage"},"image":{"@id":"https:\/\/contabilidadecaxias.com.br\/index.php\/2022\/08\/08\/tst-lanca-rede-de-pesquisa-judiciaria-da-justica-do-trabalho-em-workshop-com-trts\/#primaryimage"},"thumbnailUrl":"https:\/\/contabilidadecaxias.com.br\/wp-content\/uploads\/2022\/08\/37944039-271d-36a1-8747-49f4a3bcd44e-AkO5fp-scaled.jpeg","datePublished":"2022-08-08T23:09:23+00:00","author":{"@id":""},"breadcrumb":{"@id":"https:\/\/contabilidadecaxias.com.br\/index.php\/2022\/08\/08\/tst-lanca-rede-de-pesquisa-judiciaria-da-justica-do-trabalho-em-workshop-com-trts\/#breadcrumb"},"inLanguage":"pt-BR","potentialAction":[{"@type":"ReadAction","target":["https:\/\/contabilidadecaxias.com.br\/index.php\/2022\/08\/08\/tst-lanca-rede-de-pesquisa-judiciaria-da-justica-do-trabalho-em-workshop-com-trts\/"]}]},{"@type":"ImageObject","inLanguage":"pt-BR","@id":"https:\/\/contabilidadecaxias.com.br\/index.php\/2022\/08\/08\/tst-lanca-rede-de-pesquisa-judiciaria-da-justica-do-trabalho-em-workshop-com-trts\/#primaryimage","url":"https:\/\/contabilidadecaxias.com.br\/wp-content\/uploads\/2022\/08\/37944039-271d-36a1-8747-49f4a3bcd44e-AkO5fp-scaled.jpeg","contentUrl":"https:\/\/contabilidadecaxias.com.br\/wp-content\/uploads\/2022\/08\/37944039-271d-36a1-8747-49f4a3bcd44e-AkO5fp-scaled.jpeg","width":2560,"height":1707},{"@type":"BreadcrumbList","@id":"https:\/\/contabilidadecaxias.com.br\/index.php\/2022\/08\/08\/tst-lanca-rede-de-pesquisa-judiciaria-da-justica-do-trabalho-em-workshop-com-trts\/#breadcrumb","itemListElement":[{"@type":"ListItem","position":1,"name":"In\u00edcio","item":"https:\/\/contabilidadecaxias.com.br\/"},{"@type":"ListItem","position":2,"name":"TST lan\u00e7a rede de pesquisa judici\u00e1ria da Justi\u00e7a do Trabalho em workshop com TRTs"}]},{"@type":"WebSite","@id":"https:\/\/contabilidadecaxias.com.br\/#website","url":"https:\/\/contabilidadecaxias.com.br\/","name":"Contabilidade Caxias","description":"Site especializado em Contabilidade para Caxias.","potentialAction":[{"@type":"SearchAction","target":{"@type":"EntryPoint","urlTemplate":"https:\/\/contabilidadecaxias.com.br\/?s={search_term_string}"},"query-input":{"@type":"PropertyValueSpecification","valueRequired":true,"valueName":"search_term_string"}}],"inLanguage":"pt-BR"}]}},"_links":{"self":[{"href":"https:\/\/contabilidadecaxias.com.br\/index.php\/wp-json\/wp\/v2\/posts\/12895","targetHints":{"allow":["GET"]}}],"collection":[{"href":"https:\/\/contabilidadecaxias.com.br\/index.php\/wp-json\/wp\/v2\/posts"}],"about":[{"href":"https:\/\/contabilidadecaxias.com.br\/index.php\/wp-json\/wp\/v2\/types\/post"}],"replies":[{"embeddable":true,"href":"https:\/\/contabilidadecaxias.com.br\/index.php\/wp-json\/wp\/v2\/comments?post=12895"}],"version-history":[{"count":0,"href":"https:\/\/contabilidadecaxias.com.br\/index.php\/wp-json\/wp\/v2\/posts\/12895\/revisions"}],"wp:featuredmedia":[{"embeddable":true,"href":"https:\/\/contabilidadecaxias.com.br\/index.php\/wp-json\/wp\/v2\/media\/12896"}],"wp:attachment":[{"href":"https:\/\/contabilidadecaxias.com.br\/index.php\/wp-json\/wp\/v2\/media?parent=12895"}],"wp:term":[{"taxonomy":"category","embeddable":true,"href":"https:\/\/contabilidadecaxias.com.br\/index.php\/wp-json\/wp\/v2\/categories?post=12895"},{"taxonomy":"post_tag","embeddable":true,"href":"https:\/\/contabilidadecaxias.com.br\/index.php\/wp-json\/wp\/v2\/tags?post=12895"}],"curies":[{"name":"wp","href":"https:\/\/api.w.org\/{rel}","templated":true}]}}