{"id":12677,"date":"2022-08-05T18:06:05","date_gmt":"2022-08-05T21:06:05","guid":{"rendered":"https:\/\/contabilidadecaxias.com.br\/index.php\/2022\/08\/05\/presidente-do-tst-concede-medalha-dos-80-anos-da-justica-do-trabalho-ao-ministro-nelson-jobim\/"},"modified":"2022-08-05T18:06:05","modified_gmt":"2022-08-05T21:06:05","slug":"presidente-do-tst-concede-medalha-dos-80-anos-da-justica-do-trabalho-ao-ministro-nelson-jobim","status":"publish","type":"post","link":"https:\/\/contabilidadecaxias.com.br\/index.php\/2022\/08\/05\/presidente-do-tst-concede-medalha-dos-80-anos-da-justica-do-trabalho-ao-ministro-nelson-jobim\/","title":{"rendered":"Presidente do TST concede medalha dos 80 anos da Justi\u00e7a do Trabalho ao ministro Nelson Jobim"},"content":{"rendered":"<\/p>\n<p>05\/08\/22 &#8211; O presidente do Tribunal Superior do Trabalho (TST) e do Conselho Superior da Justi\u00e7a do Trabalho (CSJT), ministro Emmanoel Pereira, concedeu ao ministro Nelson Jobim, presidente do Supremo Tribunal Federal (STF) no bi\u00eanio 2004-2006, a medalha comemorativa aos 80 anos da Justi\u00e7a do Trabalho. A outorga ocorreu nesta quarta-feira (27) no Gabinete da Presid\u00eancia do TST.<\/p>\n<p>Segundo o ministro Emmanoel Pereira, homenagear o ministro Nelson Jobim \u00e9 homenagear o pr\u00f3prio STF. \u201cQuando eu cheguei ao TST, o ministro Jobim era um grande parceiro. E essa parceria continua. Eu n\u00e3o poderia passar pela Presid\u00eancia sem distinguir o ministro, que sempre atuou pelo fortalecimento das compet\u00eancias da Justi\u00e7a do Trabalho\u201d, afirmou.<\/p>\n","protected":false},"excerpt":{"rendered":"<p>05\/08\/22 &#8211; O presidente do Tribunal Superior do Trabalho (TST) e do Conselho Superior da Justi\u00e7a do Trabalho (CSJT), ministro Emmanoel Pereira, concedeu ao ministro Nelson Jobim, presidente do Supremo Tribunal Federal (STF) no bi\u00eanio 2004-2006, a medalha comemorativa aos 80 anos da Justi\u00e7a do Trabalho. A outorga ocorreu nesta quarta-feira (27) no Gabinete da [&hellip;]<\/p>\n","protected":false},"author":0,"featured_media":0,"comment_status":"open","ping_status":"","sticky":false,"template":"","format":"standard","meta":{"footnotes":""},"categories":[5],"tags":[],"class_list":["post-12677","post","type-post","status-publish","format-standard","hentry","category-noticias-educacao-financeira"],"blocksy_meta":{"styles_descriptor":{"styles":{"desktop":"","tablet":"","mobile":""},"google_fonts":[],"version":6}},"yoast_head":"<!-- This site is optimized with the Yoast SEO plugin v27.4 - https:\/\/yoast.com\/product\/yoast-seo-wordpress\/ -->\n<title>Presidente do TST concede medalha dos 80 anos da Justi\u00e7a do Trabalho ao ministro Nelson Jobim - Contabilidade Caxias<\/title>\n<meta name=\"robots\" content=\"index, follow, max-snippet:-1, max-image-preview:large, max-video-preview:-1\" \/>\n<link rel=\"canonical\" href=\"https:\/\/contabilidadecaxias.com.br\/index.php\/2022\/08\/05\/presidente-do-tst-concede-medalha-dos-80-anos-da-justica-do-trabalho-ao-ministro-nelson-jobim\/\" \/>\n<meta property=\"og:locale\" content=\"pt_BR\" \/>\n<meta property=\"og:type\" content=\"article\" \/>\n<meta property=\"og:title\" content=\"Presidente do TST concede medalha dos 80 anos da Justi\u00e7a do Trabalho ao ministro Nelson Jobim - Contabilidade Caxias\" \/>\n<meta property=\"og:description\" content=\"05\/08\/22 &#8211; O presidente do Tribunal Superior do Trabalho (TST) e do Conselho Superior da Justi\u00e7a do Trabalho (CSJT), ministro Emmanoel Pereira, concedeu ao ministro Nelson Jobim, presidente do Supremo Tribunal Federal (STF) no bi\u00eanio 2004-2006, a medalha comemorativa aos 80 anos da Justi\u00e7a do Trabalho. A outorga ocorreu nesta quarta-feira (27) no Gabinete da [&hellip;]\" \/>\n<meta property=\"og:url\" content=\"https:\/\/contabilidadecaxias.com.br\/index.php\/2022\/08\/05\/presidente-do-tst-concede-medalha-dos-80-anos-da-justica-do-trabalho-ao-ministro-nelson-jobim\/\" \/>\n<meta property=\"og:site_name\" content=\"Contabilidade Caxias\" \/>\n<meta property=\"article:published_time\" content=\"2022-08-05T21:06:05+00:00\" \/>\n<meta name=\"twitter:card\" content=\"summary_large_image\" \/>\n<meta name=\"twitter:label1\" content=\"Est. tempo de leitura\" \/>\n\t<meta name=\"twitter:data1\" content=\"1 minuto\" \/>\n<script type=\"application\/ld+json\" class=\"yoast-schema-graph\">{\"@context\":\"https:\\\/\\\/schema.org\",\"@graph\":[{\"@type\":\"Article\",\"@id\":\"https:\\\/\\\/contabilidadecaxias.com.br\\\/index.php\\\/2022\\\/08\\\/05\\\/presidente-do-tst-concede-medalha-dos-80-anos-da-justica-do-trabalho-ao-ministro-nelson-jobim\\\/#article\",\"isPartOf\":{\"@id\":\"https:\\\/\\\/contabilidadecaxias.com.br\\\/index.php\\\/2022\\\/08\\\/05\\\/presidente-do-tst-concede-medalha-dos-80-anos-da-justica-do-trabalho-ao-ministro-nelson-jobim\\\/\"},\"author\":{\"name\":\"\",\"@id\":\"\"},\"headline\":\"Presidente do TST concede medalha dos 80 anos da Justi\u00e7a do Trabalho ao ministro Nelson Jobim\",\"datePublished\":\"2022-08-05T21:06:05+00:00\",\"mainEntityOfPage\":{\"@id\":\"https:\\\/\\\/contabilidadecaxias.com.br\\\/index.php\\\/2022\\\/08\\\/05\\\/presidente-do-tst-concede-medalha-dos-80-anos-da-justica-do-trabalho-ao-ministro-nelson-jobim\\\/\"},\"wordCount\":132,\"commentCount\":0,\"articleSection\":[\"Educa\u00e7\u00e3o Financeira\"],\"inLanguage\":\"pt-BR\",\"potentialAction\":[{\"@type\":\"CommentAction\",\"name\":\"Comment\",\"target\":[\"https:\\\/\\\/contabilidadecaxias.com.br\\\/index.php\\\/2022\\\/08\\\/05\\\/presidente-do-tst-concede-medalha-dos-80-anos-da-justica-do-trabalho-ao-ministro-nelson-jobim\\\/#respond\"]}]},{\"@type\":\"WebPage\",\"@id\":\"https:\\\/\\\/contabilidadecaxias.com.br\\\/index.php\\\/2022\\\/08\\\/05\\\/presidente-do-tst-concede-medalha-dos-80-anos-da-justica-do-trabalho-ao-ministro-nelson-jobim\\\/\",\"url\":\"https:\\\/\\\/contabilidadecaxias.com.br\\\/index.php\\\/2022\\\/08\\\/05\\\/presidente-do-tst-concede-medalha-dos-80-anos-da-justica-do-trabalho-ao-ministro-nelson-jobim\\\/\",\"name\":\"Presidente do TST concede medalha dos 80 anos da Justi\u00e7a do Trabalho ao ministro Nelson Jobim - Contabilidade Caxias\",\"isPartOf\":{\"@id\":\"https:\\\/\\\/contabilidadecaxias.com.br\\\/#website\"},\"datePublished\":\"2022-08-05T21:06:05+00:00\",\"author\":{\"@id\":\"\"},\"breadcrumb\":{\"@id\":\"https:\\\/\\\/contabilidadecaxias.com.br\\\/index.php\\\/2022\\\/08\\\/05\\\/presidente-do-tst-concede-medalha-dos-80-anos-da-justica-do-trabalho-ao-ministro-nelson-jobim\\\/#breadcrumb\"},\"inLanguage\":\"pt-BR\",\"potentialAction\":[{\"@type\":\"ReadAction\",\"target\":[\"https:\\\/\\\/contabilidadecaxias.com.br\\\/index.php\\\/2022\\\/08\\\/05\\\/presidente-do-tst-concede-medalha-dos-80-anos-da-justica-do-trabalho-ao-ministro-nelson-jobim\\\/\"]}]},{\"@type\":\"BreadcrumbList\",\"@id\":\"https:\\\/\\\/contabilidadecaxias.com.br\\\/index.php\\\/2022\\\/08\\\/05\\\/presidente-do-tst-concede-medalha-dos-80-anos-da-justica-do-trabalho-ao-ministro-nelson-jobim\\\/#breadcrumb\",\"itemListElement\":[{\"@type\":\"ListItem\",\"position\":1,\"name\":\"In\u00edcio\",\"item\":\"https:\\\/\\\/contabilidadecaxias.com.br\\\/\"},{\"@type\":\"ListItem\",\"position\":2,\"name\":\"Presidente do TST concede medalha dos 80 anos da Justi\u00e7a do Trabalho ao ministro Nelson Jobim\"}]},{\"@type\":\"WebSite\",\"@id\":\"https:\\\/\\\/contabilidadecaxias.com.br\\\/#website\",\"url\":\"https:\\\/\\\/contabilidadecaxias.com.br\\\/\",\"name\":\"Contabilidade Caxias\",\"description\":\"Site especializado em Contabilidade para Caxias.\",\"potentialAction\":[{\"@type\":\"SearchAction\",\"target\":{\"@type\":\"EntryPoint\",\"urlTemplate\":\"https:\\\/\\\/contabilidadecaxias.com.br\\\/?s={search_term_string}\"},\"query-input\":{\"@type\":\"PropertyValueSpecification\",\"valueRequired\":true,\"valueName\":\"search_term_string\"}}],\"inLanguage\":\"pt-BR\"}]}<\/script>\n<!-- \/ Yoast SEO plugin. -->","yoast_head_json":{"title":"Presidente do TST concede medalha dos 80 anos da Justi\u00e7a do Trabalho ao ministro Nelson Jobim - Contabilidade Caxias","robots":{"index":"index","follow":"follow","max-snippet":"max-snippet:-1","max-image-preview":"max-image-preview:large","max-video-preview":"max-video-preview:-1"},"canonical":"https:\/\/contabilidadecaxias.com.br\/index.php\/2022\/08\/05\/presidente-do-tst-concede-medalha-dos-80-anos-da-justica-do-trabalho-ao-ministro-nelson-jobim\/","og_locale":"pt_BR","og_type":"article","og_title":"Presidente do TST concede medalha dos 80 anos da Justi\u00e7a do Trabalho ao ministro Nelson Jobim - Contabilidade Caxias","og_description":"05\/08\/22 &#8211; O presidente do Tribunal Superior do Trabalho (TST) e do Conselho Superior da Justi\u00e7a do Trabalho (CSJT), ministro Emmanoel Pereira, concedeu ao ministro Nelson Jobim, presidente do Supremo Tribunal Federal (STF) no bi\u00eanio 2004-2006, a medalha comemorativa aos 80 anos da Justi\u00e7a do Trabalho. A outorga ocorreu nesta quarta-feira (27) no Gabinete da [&hellip;]","og_url":"https:\/\/contabilidadecaxias.com.br\/index.php\/2022\/08\/05\/presidente-do-tst-concede-medalha-dos-80-anos-da-justica-do-trabalho-ao-ministro-nelson-jobim\/","og_site_name":"Contabilidade Caxias","article_published_time":"2022-08-05T21:06:05+00:00","twitter_card":"summary_large_image","twitter_misc":{"Est. tempo de leitura":"1 minuto"},"schema":{"@context":"https:\/\/schema.org","@graph":[{"@type":"Article","@id":"https:\/\/contabilidadecaxias.com.br\/index.php\/2022\/08\/05\/presidente-do-tst-concede-medalha-dos-80-anos-da-justica-do-trabalho-ao-ministro-nelson-jobim\/#article","isPartOf":{"@id":"https:\/\/contabilidadecaxias.com.br\/index.php\/2022\/08\/05\/presidente-do-tst-concede-medalha-dos-80-anos-da-justica-do-trabalho-ao-ministro-nelson-jobim\/"},"author":{"name":"","@id":""},"headline":"Presidente do TST concede medalha dos 80 anos da Justi\u00e7a do Trabalho ao ministro Nelson Jobim","datePublished":"2022-08-05T21:06:05+00:00","mainEntityOfPage":{"@id":"https:\/\/contabilidadecaxias.com.br\/index.php\/2022\/08\/05\/presidente-do-tst-concede-medalha-dos-80-anos-da-justica-do-trabalho-ao-ministro-nelson-jobim\/"},"wordCount":132,"commentCount":0,"articleSection":["Educa\u00e7\u00e3o Financeira"],"inLanguage":"pt-BR","potentialAction":[{"@type":"CommentAction","name":"Comment","target":["https:\/\/contabilidadecaxias.com.br\/index.php\/2022\/08\/05\/presidente-do-tst-concede-medalha-dos-80-anos-da-justica-do-trabalho-ao-ministro-nelson-jobim\/#respond"]}]},{"@type":"WebPage","@id":"https:\/\/contabilidadecaxias.com.br\/index.php\/2022\/08\/05\/presidente-do-tst-concede-medalha-dos-80-anos-da-justica-do-trabalho-ao-ministro-nelson-jobim\/","url":"https:\/\/contabilidadecaxias.com.br\/index.php\/2022\/08\/05\/presidente-do-tst-concede-medalha-dos-80-anos-da-justica-do-trabalho-ao-ministro-nelson-jobim\/","name":"Presidente do TST concede medalha dos 80 anos da Justi\u00e7a do Trabalho ao ministro Nelson Jobim - Contabilidade Caxias","isPartOf":{"@id":"https:\/\/contabilidadecaxias.com.br\/#website"},"datePublished":"2022-08-05T21:06:05+00:00","author":{"@id":""},"breadcrumb":{"@id":"https:\/\/contabilidadecaxias.com.br\/index.php\/2022\/08\/05\/presidente-do-tst-concede-medalha-dos-80-anos-da-justica-do-trabalho-ao-ministro-nelson-jobim\/#breadcrumb"},"inLanguage":"pt-BR","potentialAction":[{"@type":"ReadAction","target":["https:\/\/contabilidadecaxias.com.br\/index.php\/2022\/08\/05\/presidente-do-tst-concede-medalha-dos-80-anos-da-justica-do-trabalho-ao-ministro-nelson-jobim\/"]}]},{"@type":"BreadcrumbList","@id":"https:\/\/contabilidadecaxias.com.br\/index.php\/2022\/08\/05\/presidente-do-tst-concede-medalha-dos-80-anos-da-justica-do-trabalho-ao-ministro-nelson-jobim\/#breadcrumb","itemListElement":[{"@type":"ListItem","position":1,"name":"In\u00edcio","item":"https:\/\/contabilidadecaxias.com.br\/"},{"@type":"ListItem","position":2,"name":"Presidente do TST concede medalha dos 80 anos da Justi\u00e7a do Trabalho ao ministro Nelson Jobim"}]},{"@type":"WebSite","@id":"https:\/\/contabilidadecaxias.com.br\/#website","url":"https:\/\/contabilidadecaxias.com.br\/","name":"Contabilidade Caxias","description":"Site especializado em Contabilidade para Caxias.","potentialAction":[{"@type":"SearchAction","target":{"@type":"EntryPoint","urlTemplate":"https:\/\/contabilidadecaxias.com.br\/?s={search_term_string}"},"query-input":{"@type":"PropertyValueSpecification","valueRequired":true,"valueName":"search_term_string"}}],"inLanguage":"pt-BR"}]}},"_links":{"self":[{"href":"https:\/\/contabilidadecaxias.com.br\/index.php\/wp-json\/wp\/v2\/posts\/12677","targetHints":{"allow":["GET"]}}],"collection":[{"href":"https:\/\/contabilidadecaxias.com.br\/index.php\/wp-json\/wp\/v2\/posts"}],"about":[{"href":"https:\/\/contabilidadecaxias.com.br\/index.php\/wp-json\/wp\/v2\/types\/post"}],"replies":[{"embeddable":true,"href":"https:\/\/contabilidadecaxias.com.br\/index.php\/wp-json\/wp\/v2\/comments?post=12677"}],"version-history":[{"count":0,"href":"https:\/\/contabilidadecaxias.com.br\/index.php\/wp-json\/wp\/v2\/posts\/12677\/revisions"}],"wp:attachment":[{"href":"https:\/\/contabilidadecaxias.com.br\/index.php\/wp-json\/wp\/v2\/media?parent=12677"}],"wp:term":[{"taxonomy":"category","embeddable":true,"href":"https:\/\/contabilidadecaxias.com.br\/index.php\/wp-json\/wp\/v2\/categories?post=12677"},{"taxonomy":"post_tag","embeddable":true,"href":"https:\/\/contabilidadecaxias.com.br\/index.php\/wp-json\/wp\/v2\/tags?post=12677"}],"curies":[{"name":"wp","href":"https:\/\/api.w.org\/{rel}","templated":true}]}}