{"id":12645,"date":"2022-08-05T12:06:53","date_gmt":"2022-08-05T15:06:53","guid":{"rendered":"https:\/\/contabilidadecaxias.com.br\/index.php\/2022\/08\/05\/tst-reconhece-e-homenageia-trajetoria-de-ministros-aposentados\/"},"modified":"2022-08-05T12:06:53","modified_gmt":"2022-08-05T15:06:53","slug":"tst-reconhece-e-homenageia-trajetoria-de-ministros-aposentados","status":"publish","type":"post","link":"https:\/\/contabilidadecaxias.com.br\/index.php\/2022\/08\/05\/tst-reconhece-e-homenageia-trajetoria-de-ministros-aposentados\/","title":{"rendered":"TST reconhece e homenageia trajet\u00f3ria de ministros aposentados"},"content":{"rendered":"<div class=\"noticia-wrapper\">\n<p><em><\/p>\n<p>Eles receberam, nesta quinta-feira (4), a medalha dos 80 anos da Justi\u00e7a do Trabalho<\/p>\n<p><\/em><\/p>\n<div class=\"social-media-share mobile\">\n        <a class=\"share-facebook\" href=\"https:\/\/www.facebook.com\/sharer.php?u=https:\/\/www.tst.jus.br\/-\/tst-homenageia-ministros-aposentados\" target=\"_blank\" rel=\"noopener\"><\/a><br \/>\n        <a class=\"share-twitter\" href=\"https:\/\/twitter.com\/intent\/tweet?text=TST%20reconhece%20e%20homenageia%20trajet%C3%B3ria%20de%20ministros%20aposentados%0AVeja%20mais%20em:&amp;url=https:\/\/www.tst.jus.br\/-\/tst-homenageia-ministros-aposentados\" target=\"_blank\" rel=\"noopener\"><\/a><br \/>\n        <a class=\"share-linkedin\" href=\"https:\/\/www.linkedin.com\/shareArticle?mini=true&amp;url=https:\/\/www.tst.jus.br\/-\/tst-homenageia-ministros-aposentados&amp;title=TST%20reconhece%20e%20homenageia%20trajet%C3%B3ria%20de%20ministros%20aposentados\" target=\"_blank\" rel=\"noopener\"><\/a><br \/>\n        <a class=\"share-whatsapp\" href=\"https:\/\/web.whatsapp.com\/send?text=https:\/\/www.tst.jus.br\/-\/tst-homenageia-ministros-aposentados\" target=\"_blank\" rel=\"noopener\"><\/a><br \/>\n        <a class=\"share-googleplus\" href=\"https:\/\/plus.google.com\/share?url=https:\/\/www.tst.jus.br\/-\/tst-homenageia-ministros-aposentados\" target=\"_blank\" rel=\"noopener\"><\/a>\n    <\/div>\n<div class=\"news-body\">\n<div class=\"imagem-da-noticia\">\n<p>Homenagem aos ministros aposentados do TST<\/p>\n<div class=\"social-media-share\">\n                    <a class=\"share-facebook\" href=\"https:\/\/www.facebook.com\/sharer.php?u=https:\/\/www.tst.jus.br\/-\/tst-homenageia-ministros-aposentados\" target=\"_blank\" rel=\"noopener\"><\/a><br \/>\n                    <a class=\"share-twitter\" href=\"https:\/\/twitter.com\/intent\/tweet?text=TST%20reconhece%20e%20homenageia%20trajet%C3%B3ria%20de%20ministros%20aposentados%0AVeja%20mais%20em:&amp;url=https:\/\/www.tst.jus.br\/-\/tst-homenageia-ministros-aposentados\" target=\"_blank\" rel=\"noopener\"><\/a><br \/>\n                    <a class=\"share-linkedin\" href=\"https:\/\/www.linkedin.com\/shareArticle?mini=true&amp;url=https:\/\/www.tst.jus.br\/-\/tst-homenageia-ministros-aposentados&amp;title=TST%20reconhece%20e%20homenageia%20trajet%C3%B3ria%20de%20ministros%20aposentados\" target=\"_blank\" rel=\"noopener\"><\/a><br \/>\n                    <a class=\"share-whatsapp\" href=\"https:\/\/web.whatsapp.com\/send?text=https:\/\/www.tst.jus.br\/-\/tst-homenageia-ministros-aposentados\" target=\"_blank\" rel=\"noopener\"><\/a><br \/>\n                    <a class=\"share-googleplus\" href=\"https:\/\/plus.google.com\/share?url=https:\/\/www.tst.jus.br\/-\/tst-homenageia-ministros-aposentados\" target=\"_blank\" rel=\"noopener\"><\/a>\n                <\/div>\n<\/p><\/div>\n<div class=\"materia\">\n<p>05\/08\/22 &#8211;\u00a0O presidente do Tribunal Superior do Trabalho (TST) e do Conselho Superior da Justi\u00e7a do Trabalho (CSJT), ministro Emmanoel Pereira, concedeu a ministros aposentados do TST a medalha comemorativa dos 80 anos da Justi\u00e7a do Trabalho. A homenagem ocorreu nesta quinta-feira (4), no Sal\u00e3o Nobre do TST.\u00a0<\/p>\n<p>O presidente do TST destacou a oportunidade rara de receber os ministros que fizeram a hist\u00f3ria da Justi\u00e7a do Trabalho ao longo dos anos. \u201cO Tribunal, em ocasi\u00e3o oportuna de sua exist\u00eancia, obteve as valorosas contribui\u00e7\u00f5es dos ministros, plantadas em ideias, est\u00edmulos, estudos e trabalho \u00e1rduo\u201d, afirmou. \u201cS\u00e3o ministros de ontem, hoje e sempre, que dedicaram significativa por\u00e7\u00e3o de suas vidas ao firme prop\u00f3sito de atender aos anseios da popula\u00e7\u00e3o brasileira, assegurando aos trabalhadores uma Justi\u00e7a do Trabalho s\u00f3lida e eficaz\u201d.<\/p>\n<p>Foram homenageados os ministros aposentados Wagner Pimenta, Rider Nogueira de Brito, Vantuil Abdala, Jos\u00e9 Simpliciano Fernandes, Carlos Alberto Reis de Paula, Barros Levenhagen, Maria de Assis Calsing, M\u00e1rcio Eurico Vitral Amaro, Jo\u00e3o Batista Brito Pereira e Alberto Bresciani.<\/p>\n<h4>Homenageados<\/h4>\n<p>O ministro Wagner Pimenta, que dedicou 14 anos da sua vida profissional \u00e0 magistratura trabalhista, se sentiu honrado com a homenagem. \u201cEsse Tribunal nunca saiu do meu cora\u00e7\u00e3o. Fa\u00e7o parte dessa hist\u00f3ria, e essa homenagem me surpreendeu muito\u201d, afirmou.\u00a0<\/p>\n<p>J\u00e1 o ministro Rider Nogueira de Brito destacou que a homenagem \u00e9 um reconhecimento do trabalho desenvolvido por ele e por seus colegas em prol da institui\u00e7\u00e3o \u201cIngressei na Justi\u00e7a do Trabalho em 1959, como t\u00e9cnico judici\u00e1rio, e sa\u00ed em 2009, como presidente do TST\u201d, relembrou.<br \/>\n\u00a0<br \/>\nPara o ministro Vantuil Abdala, quando se homenageiam as pessoas que passaram pelo TST, homenageia-se a pr\u00f3pria institui\u00e7\u00e3o. &#8220;Hoje est\u00e1 sendo ressaltada a pr\u00f3pria hist\u00f3ria da Justi\u00e7a do Trabalho\u201d, destacou.\u00a0<\/p>\n<p>O ministro Jos\u00e9 Simpliciano frisou que relembrar os que j\u00e1 deixaram o exerc\u00edcio da atividade \u00e9 um gesto de grandeza. \u201cFoi um gesto de muita gratid\u00e3o\u201d.\u00a0<\/p>\n<p>Emocionado, o ministro Carlos Alberto Reis de Paula lembrou que o tribunal n\u00e3o se constr\u00f3i apenas nos dias de hoje, mas tem um passado. \u201cEssa homenagem \u00e9 t\u00e3o expressiva e t\u00e3o valiosa que a emo\u00e7\u00e3o foi muito forte\u201d, afirmou.\u00a0<\/p>\n<p>No mesmo sentido, o ministro Barros Levenhagen destacou a import\u00e2ncia do gesto. \u201cFoi uma surpresa muito boa receber essa homenagem. \u00c9 muito importante que uma institui\u00e7\u00e3o se lembre dos ministros aposentados\u201d.\u00a0<\/p>\n<p>A ministra Maria de Assis Calsing ficou muito feliz quando soube da homenagem. \u201cN\u00e3o podemos perder a mem\u00f3ria, tanto das pessoas quanto de uma institui\u00e7\u00e3o como a Justi\u00e7a do Trabalho, que completou 80 anos e foi constru\u00edda n\u00e3o s\u00f3 pelo trabalho dos magistrados, mas por todos os que a compuseram\u201d.\u00a0<\/p>\n<p>Para o ministro M\u00e1rcio Amaro, a homenagem \u00e9 um reconhecimento de sua atua\u00e7\u00e3o como magistrado. \u201c\u00c9 um s\u00edmbolo que marca essa administra\u00e7\u00e3o e as oito d\u00e9cadas da Justi\u00e7a do Trabalho com um gesto muito significativo\u201d.\u00a0<\/p>\n<p>O ministro Brito Pereira apontou o carinho muito grande que o TST tem pelos membros de hoje e de ontem. \u201cFoi um ato de extrema bondade e gentileza\u201d. Ministro mais recente a se aposentar, Alberto Bresciani ficou muito feliz com a homenagem. \u201cFoi muito emocionante retornar a uma casa que considero minha \u00a0depois de 16 anos como ministro titular e mais quatro anos em que fui convocado\u201d.\u00a0<\/p>\n<p>(NV\/CF)<\/p>\n<p>\n\u00a0<\/p>\n<\/div><\/div>\n<\/div>\n","protected":false},"excerpt":{"rendered":"<p>Eles receberam, nesta quinta-feira (4), a medalha dos 80 anos da Justi\u00e7a do Trabalho Homenagem aos ministros aposentados do TST 05\/08\/22 &#8211;\u00a0O presidente do Tribunal Superior do Trabalho (TST) e do Conselho Superior da Justi\u00e7a do Trabalho (CSJT), ministro Emmanoel Pereira, concedeu a ministros aposentados do TST a medalha comemorativa dos 80 anos da Justi\u00e7a [&hellip;]<\/p>\n","protected":false},"author":0,"featured_media":12646,"comment_status":"open","ping_status":"","sticky":false,"template":"","format":"standard","meta":{"footnotes":""},"categories":[5],"tags":[],"class_list":["post-12645","post","type-post","status-publish","format-standard","has-post-thumbnail","hentry","category-noticias-educacao-financeira"],"blocksy_meta":{"styles_descriptor":{"styles":{"desktop":"","tablet":"","mobile":""},"google_fonts":[],"version":6}},"yoast_head":"<!-- This site is optimized with the Yoast SEO plugin v27.4 - https:\/\/yoast.com\/product\/yoast-seo-wordpress\/ -->\n<title>TST reconhece e homenageia trajet\u00f3ria de ministros aposentados - Contabilidade Caxias<\/title>\n<meta name=\"robots\" content=\"index, follow, max-snippet:-1, max-image-preview:large, max-video-preview:-1\" \/>\n<link rel=\"canonical\" href=\"https:\/\/contabilidadecaxias.com.br\/index.php\/2022\/08\/05\/tst-reconhece-e-homenageia-trajetoria-de-ministros-aposentados\/\" \/>\n<meta property=\"og:locale\" content=\"pt_BR\" \/>\n<meta property=\"og:type\" content=\"article\" \/>\n<meta property=\"og:title\" content=\"TST reconhece e homenageia trajet\u00f3ria de ministros aposentados - Contabilidade Caxias\" \/>\n<meta property=\"og:description\" content=\"Eles receberam, nesta quinta-feira (4), a medalha dos 80 anos da Justi\u00e7a do Trabalho Homenagem aos ministros aposentados do TST 05\/08\/22 &#8211;\u00a0O presidente do Tribunal Superior do Trabalho (TST) e do Conselho Superior da Justi\u00e7a do Trabalho (CSJT), ministro Emmanoel Pereira, concedeu a ministros aposentados do TST a medalha comemorativa dos 80 anos da Justi\u00e7a [&hellip;]\" \/>\n<meta property=\"og:url\" content=\"https:\/\/contabilidadecaxias.com.br\/index.php\/2022\/08\/05\/tst-reconhece-e-homenageia-trajetoria-de-ministros-aposentados\/\" \/>\n<meta property=\"og:site_name\" content=\"Contabilidade Caxias\" \/>\n<meta property=\"article:published_time\" content=\"2022-08-05T15:06:53+00:00\" \/>\n<meta name=\"twitter:card\" content=\"summary_large_image\" \/>\n<meta name=\"twitter:label1\" content=\"Est. tempo de leitura\" \/>\n\t<meta name=\"twitter:data1\" content=\"3 minutos\" \/>\n<script type=\"application\/ld+json\" class=\"yoast-schema-graph\">{\"@context\":\"https:\\\/\\\/schema.org\",\"@graph\":[{\"@type\":\"Article\",\"@id\":\"https:\\\/\\\/contabilidadecaxias.com.br\\\/index.php\\\/2022\\\/08\\\/05\\\/tst-reconhece-e-homenageia-trajetoria-de-ministros-aposentados\\\/#article\",\"isPartOf\":{\"@id\":\"https:\\\/\\\/contabilidadecaxias.com.br\\\/index.php\\\/2022\\\/08\\\/05\\\/tst-reconhece-e-homenageia-trajetoria-de-ministros-aposentados\\\/\"},\"author\":{\"name\":\"\",\"@id\":\"\"},\"headline\":\"TST reconhece e homenageia trajet\u00f3ria de ministros aposentados\",\"datePublished\":\"2022-08-05T15:06:53+00:00\",\"mainEntityOfPage\":{\"@id\":\"https:\\\/\\\/contabilidadecaxias.com.br\\\/index.php\\\/2022\\\/08\\\/05\\\/tst-reconhece-e-homenageia-trajetoria-de-ministros-aposentados\\\/\"},\"wordCount\":597,\"commentCount\":0,\"image\":{\"@id\":\"https:\\\/\\\/contabilidadecaxias.com.br\\\/index.php\\\/2022\\\/08\\\/05\\\/tst-reconhece-e-homenageia-trajetoria-de-ministros-aposentados\\\/#primaryimage\"},\"thumbnailUrl\":\"https:\\\/\\\/contabilidadecaxias.com.br\\\/wp-content\\\/uploads\\\/2022\\\/08\\\/499c904e-3a52-68ff-fd52-bd7c96457ebb-g7rAw9.jpeg\",\"articleSection\":[\"Educa\u00e7\u00e3o Financeira\"],\"inLanguage\":\"pt-BR\",\"potentialAction\":[{\"@type\":\"CommentAction\",\"name\":\"Comment\",\"target\":[\"https:\\\/\\\/contabilidadecaxias.com.br\\\/index.php\\\/2022\\\/08\\\/05\\\/tst-reconhece-e-homenageia-trajetoria-de-ministros-aposentados\\\/#respond\"]}]},{\"@type\":\"WebPage\",\"@id\":\"https:\\\/\\\/contabilidadecaxias.com.br\\\/index.php\\\/2022\\\/08\\\/05\\\/tst-reconhece-e-homenageia-trajetoria-de-ministros-aposentados\\\/\",\"url\":\"https:\\\/\\\/contabilidadecaxias.com.br\\\/index.php\\\/2022\\\/08\\\/05\\\/tst-reconhece-e-homenageia-trajetoria-de-ministros-aposentados\\\/\",\"name\":\"TST reconhece e homenageia trajet\u00f3ria de ministros aposentados - Contabilidade Caxias\",\"isPartOf\":{\"@id\":\"https:\\\/\\\/contabilidadecaxias.com.br\\\/#website\"},\"primaryImageOfPage\":{\"@id\":\"https:\\\/\\\/contabilidadecaxias.com.br\\\/index.php\\\/2022\\\/08\\\/05\\\/tst-reconhece-e-homenageia-trajetoria-de-ministros-aposentados\\\/#primaryimage\"},\"image\":{\"@id\":\"https:\\\/\\\/contabilidadecaxias.com.br\\\/index.php\\\/2022\\\/08\\\/05\\\/tst-reconhece-e-homenageia-trajetoria-de-ministros-aposentados\\\/#primaryimage\"},\"thumbnailUrl\":\"https:\\\/\\\/contabilidadecaxias.com.br\\\/wp-content\\\/uploads\\\/2022\\\/08\\\/499c904e-3a52-68ff-fd52-bd7c96457ebb-g7rAw9.jpeg\",\"datePublished\":\"2022-08-05T15:06:53+00:00\",\"author\":{\"@id\":\"\"},\"breadcrumb\":{\"@id\":\"https:\\\/\\\/contabilidadecaxias.com.br\\\/index.php\\\/2022\\\/08\\\/05\\\/tst-reconhece-e-homenageia-trajetoria-de-ministros-aposentados\\\/#breadcrumb\"},\"inLanguage\":\"pt-BR\",\"potentialAction\":[{\"@type\":\"ReadAction\",\"target\":[\"https:\\\/\\\/contabilidadecaxias.com.br\\\/index.php\\\/2022\\\/08\\\/05\\\/tst-reconhece-e-homenageia-trajetoria-de-ministros-aposentados\\\/\"]}]},{\"@type\":\"ImageObject\",\"inLanguage\":\"pt-BR\",\"@id\":\"https:\\\/\\\/contabilidadecaxias.com.br\\\/index.php\\\/2022\\\/08\\\/05\\\/tst-reconhece-e-homenageia-trajetoria-de-ministros-aposentados\\\/#primaryimage\",\"url\":\"https:\\\/\\\/contabilidadecaxias.com.br\\\/wp-content\\\/uploads\\\/2022\\\/08\\\/499c904e-3a52-68ff-fd52-bd7c96457ebb-g7rAw9.jpeg\",\"contentUrl\":\"https:\\\/\\\/contabilidadecaxias.com.br\\\/wp-content\\\/uploads\\\/2022\\\/08\\\/499c904e-3a52-68ff-fd52-bd7c96457ebb-g7rAw9.jpeg\",\"width\":1280,\"height\":853},{\"@type\":\"BreadcrumbList\",\"@id\":\"https:\\\/\\\/contabilidadecaxias.com.br\\\/index.php\\\/2022\\\/08\\\/05\\\/tst-reconhece-e-homenageia-trajetoria-de-ministros-aposentados\\\/#breadcrumb\",\"itemListElement\":[{\"@type\":\"ListItem\",\"position\":1,\"name\":\"In\u00edcio\",\"item\":\"https:\\\/\\\/contabilidadecaxias.com.br\\\/\"},{\"@type\":\"ListItem\",\"position\":2,\"name\":\"TST reconhece e homenageia trajet\u00f3ria de ministros aposentados\"}]},{\"@type\":\"WebSite\",\"@id\":\"https:\\\/\\\/contabilidadecaxias.com.br\\\/#website\",\"url\":\"https:\\\/\\\/contabilidadecaxias.com.br\\\/\",\"name\":\"Contabilidade Caxias\",\"description\":\"Site especializado em Contabilidade para Caxias.\",\"potentialAction\":[{\"@type\":\"SearchAction\",\"target\":{\"@type\":\"EntryPoint\",\"urlTemplate\":\"https:\\\/\\\/contabilidadecaxias.com.br\\\/?s={search_term_string}\"},\"query-input\":{\"@type\":\"PropertyValueSpecification\",\"valueRequired\":true,\"valueName\":\"search_term_string\"}}],\"inLanguage\":\"pt-BR\"}]}<\/script>\n<!-- \/ Yoast SEO plugin. -->","yoast_head_json":{"title":"TST reconhece e homenageia trajet\u00f3ria de ministros aposentados - Contabilidade Caxias","robots":{"index":"index","follow":"follow","max-snippet":"max-snippet:-1","max-image-preview":"max-image-preview:large","max-video-preview":"max-video-preview:-1"},"canonical":"https:\/\/contabilidadecaxias.com.br\/index.php\/2022\/08\/05\/tst-reconhece-e-homenageia-trajetoria-de-ministros-aposentados\/","og_locale":"pt_BR","og_type":"article","og_title":"TST reconhece e homenageia trajet\u00f3ria de ministros aposentados - Contabilidade Caxias","og_description":"Eles receberam, nesta quinta-feira (4), a medalha dos 80 anos da Justi\u00e7a do Trabalho Homenagem aos ministros aposentados do TST 05\/08\/22 &#8211;\u00a0O presidente do Tribunal Superior do Trabalho (TST) e do Conselho Superior da Justi\u00e7a do Trabalho (CSJT), ministro Emmanoel Pereira, concedeu a ministros aposentados do TST a medalha comemorativa dos 80 anos da Justi\u00e7a [&hellip;]","og_url":"https:\/\/contabilidadecaxias.com.br\/index.php\/2022\/08\/05\/tst-reconhece-e-homenageia-trajetoria-de-ministros-aposentados\/","og_site_name":"Contabilidade Caxias","article_published_time":"2022-08-05T15:06:53+00:00","twitter_card":"summary_large_image","twitter_misc":{"Est. tempo de leitura":"3 minutos"},"schema":{"@context":"https:\/\/schema.org","@graph":[{"@type":"Article","@id":"https:\/\/contabilidadecaxias.com.br\/index.php\/2022\/08\/05\/tst-reconhece-e-homenageia-trajetoria-de-ministros-aposentados\/#article","isPartOf":{"@id":"https:\/\/contabilidadecaxias.com.br\/index.php\/2022\/08\/05\/tst-reconhece-e-homenageia-trajetoria-de-ministros-aposentados\/"},"author":{"name":"","@id":""},"headline":"TST reconhece e homenageia trajet\u00f3ria de ministros aposentados","datePublished":"2022-08-05T15:06:53+00:00","mainEntityOfPage":{"@id":"https:\/\/contabilidadecaxias.com.br\/index.php\/2022\/08\/05\/tst-reconhece-e-homenageia-trajetoria-de-ministros-aposentados\/"},"wordCount":597,"commentCount":0,"image":{"@id":"https:\/\/contabilidadecaxias.com.br\/index.php\/2022\/08\/05\/tst-reconhece-e-homenageia-trajetoria-de-ministros-aposentados\/#primaryimage"},"thumbnailUrl":"https:\/\/contabilidadecaxias.com.br\/wp-content\/uploads\/2022\/08\/499c904e-3a52-68ff-fd52-bd7c96457ebb-g7rAw9.jpeg","articleSection":["Educa\u00e7\u00e3o Financeira"],"inLanguage":"pt-BR","potentialAction":[{"@type":"CommentAction","name":"Comment","target":["https:\/\/contabilidadecaxias.com.br\/index.php\/2022\/08\/05\/tst-reconhece-e-homenageia-trajetoria-de-ministros-aposentados\/#respond"]}]},{"@type":"WebPage","@id":"https:\/\/contabilidadecaxias.com.br\/index.php\/2022\/08\/05\/tst-reconhece-e-homenageia-trajetoria-de-ministros-aposentados\/","url":"https:\/\/contabilidadecaxias.com.br\/index.php\/2022\/08\/05\/tst-reconhece-e-homenageia-trajetoria-de-ministros-aposentados\/","name":"TST reconhece e homenageia trajet\u00f3ria de ministros aposentados - Contabilidade Caxias","isPartOf":{"@id":"https:\/\/contabilidadecaxias.com.br\/#website"},"primaryImageOfPage":{"@id":"https:\/\/contabilidadecaxias.com.br\/index.php\/2022\/08\/05\/tst-reconhece-e-homenageia-trajetoria-de-ministros-aposentados\/#primaryimage"},"image":{"@id":"https:\/\/contabilidadecaxias.com.br\/index.php\/2022\/08\/05\/tst-reconhece-e-homenageia-trajetoria-de-ministros-aposentados\/#primaryimage"},"thumbnailUrl":"https:\/\/contabilidadecaxias.com.br\/wp-content\/uploads\/2022\/08\/499c904e-3a52-68ff-fd52-bd7c96457ebb-g7rAw9.jpeg","datePublished":"2022-08-05T15:06:53+00:00","author":{"@id":""},"breadcrumb":{"@id":"https:\/\/contabilidadecaxias.com.br\/index.php\/2022\/08\/05\/tst-reconhece-e-homenageia-trajetoria-de-ministros-aposentados\/#breadcrumb"},"inLanguage":"pt-BR","potentialAction":[{"@type":"ReadAction","target":["https:\/\/contabilidadecaxias.com.br\/index.php\/2022\/08\/05\/tst-reconhece-e-homenageia-trajetoria-de-ministros-aposentados\/"]}]},{"@type":"ImageObject","inLanguage":"pt-BR","@id":"https:\/\/contabilidadecaxias.com.br\/index.php\/2022\/08\/05\/tst-reconhece-e-homenageia-trajetoria-de-ministros-aposentados\/#primaryimage","url":"https:\/\/contabilidadecaxias.com.br\/wp-content\/uploads\/2022\/08\/499c904e-3a52-68ff-fd52-bd7c96457ebb-g7rAw9.jpeg","contentUrl":"https:\/\/contabilidadecaxias.com.br\/wp-content\/uploads\/2022\/08\/499c904e-3a52-68ff-fd52-bd7c96457ebb-g7rAw9.jpeg","width":1280,"height":853},{"@type":"BreadcrumbList","@id":"https:\/\/contabilidadecaxias.com.br\/index.php\/2022\/08\/05\/tst-reconhece-e-homenageia-trajetoria-de-ministros-aposentados\/#breadcrumb","itemListElement":[{"@type":"ListItem","position":1,"name":"In\u00edcio","item":"https:\/\/contabilidadecaxias.com.br\/"},{"@type":"ListItem","position":2,"name":"TST reconhece e homenageia trajet\u00f3ria de ministros aposentados"}]},{"@type":"WebSite","@id":"https:\/\/contabilidadecaxias.com.br\/#website","url":"https:\/\/contabilidadecaxias.com.br\/","name":"Contabilidade Caxias","description":"Site especializado em Contabilidade para Caxias.","potentialAction":[{"@type":"SearchAction","target":{"@type":"EntryPoint","urlTemplate":"https:\/\/contabilidadecaxias.com.br\/?s={search_term_string}"},"query-input":{"@type":"PropertyValueSpecification","valueRequired":true,"valueName":"search_term_string"}}],"inLanguage":"pt-BR"}]}},"_links":{"self":[{"href":"https:\/\/contabilidadecaxias.com.br\/index.php\/wp-json\/wp\/v2\/posts\/12645","targetHints":{"allow":["GET"]}}],"collection":[{"href":"https:\/\/contabilidadecaxias.com.br\/index.php\/wp-json\/wp\/v2\/posts"}],"about":[{"href":"https:\/\/contabilidadecaxias.com.br\/index.php\/wp-json\/wp\/v2\/types\/post"}],"replies":[{"embeddable":true,"href":"https:\/\/contabilidadecaxias.com.br\/index.php\/wp-json\/wp\/v2\/comments?post=12645"}],"version-history":[{"count":0,"href":"https:\/\/contabilidadecaxias.com.br\/index.php\/wp-json\/wp\/v2\/posts\/12645\/revisions"}],"wp:featuredmedia":[{"embeddable":true,"href":"https:\/\/contabilidadecaxias.com.br\/index.php\/wp-json\/wp\/v2\/media\/12646"}],"wp:attachment":[{"href":"https:\/\/contabilidadecaxias.com.br\/index.php\/wp-json\/wp\/v2\/media?parent=12645"}],"wp:term":[{"taxonomy":"category","embeddable":true,"href":"https:\/\/contabilidadecaxias.com.br\/index.php\/wp-json\/wp\/v2\/categories?post=12645"},{"taxonomy":"post_tag","embeddable":true,"href":"https:\/\/contabilidadecaxias.com.br\/index.php\/wp-json\/wp\/v2\/tags?post=12645"}],"curies":[{"name":"wp","href":"https:\/\/api.w.org\/{rel}","templated":true}]}}