{"id":12634,"date":"2022-08-04T18:05:33","date_gmt":"2022-08-04T21:05:33","guid":{"rendered":"https:\/\/contabilidadecaxias.com.br\/index.php\/2022\/08\/04\/o-reconhecimento-de-uma-gestao-historica-a-frente-do-tst\/"},"modified":"2022-08-04T18:05:33","modified_gmt":"2022-08-04T21:05:33","slug":"o-reconhecimento-de-uma-gestao-historica-a-frente-do-tst","status":"publish","type":"post","link":"https:\/\/contabilidadecaxias.com.br\/index.php\/2022\/08\/04\/o-reconhecimento-de-uma-gestao-historica-a-frente-do-tst\/","title":{"rendered":"O reconhecimento de uma gest\u00e3o hist\u00f3rica \u00e0 frente do TST"},"content":{"rendered":"<div class=\"noticia-wrapper\">\n<p><em><\/p>\n<p>O Conselho Federal da OAB concede ao ministro Emmanoel Pereira o pr\u00eamio Raymundo Faoro, em testemunho de um legado inspirador para o Estado Democr\u00e1tico de Direito<\/p>\n<p><\/em><\/p>\n<div class=\"social-media-share mobile\">\n        <a class=\"share-facebook\" href=\"https:\/\/www.facebook.com\/sharer.php?u=https:\/\/www.tst.jus.br\/-\/o-reconhecimento-de-uma-gest%C3%A3o-%C2%A0hist%C3%B3rica-%C3%A0-frente-do-tst\" target=\"_blank\" rel=\"noopener\"><\/a><br \/>\n        <a class=\"share-twitter\" href=\"https:\/\/twitter.com\/intent\/tweet?text=O%20reconhecimento%20de%20uma%20gest%C3%A3o%20hist%C3%B3rica%20%C3%A0%20frente%20do%20TST%0AVeja%20mais%20em:&amp;url=https:\/\/www.tst.jus.br\/-\/o-reconhecimento-de-uma-gest%C3%A3o-%C2%A0hist%C3%B3rica-%C3%A0-frente-do-tst\" target=\"_blank\" rel=\"noopener\"><\/a><br \/>\n        <a class=\"share-linkedin\" href=\"https:\/\/www.linkedin.com\/shareArticle?mini=true&amp;url=https:\/\/www.tst.jus.br\/-\/o-reconhecimento-de-uma-gest%C3%A3o-%C2%A0hist%C3%B3rica-%C3%A0-frente-do-tst&amp;title=O%20reconhecimento%20de%20uma%20gest%C3%A3o%20hist%C3%B3rica%20%C3%A0%20frente%20do%20TST\" target=\"_blank\" rel=\"noopener\"><\/a><br \/>\n        <a class=\"share-whatsapp\" href=\"https:\/\/web.whatsapp.com\/send?text=https:\/\/www.tst.jus.br\/-\/o-reconhecimento-de-uma-gest%C3%A3o-%C2%A0hist%C3%B3rica-%C3%A0-frente-do-tst\" target=\"_blank\" rel=\"noopener\"><\/a><br \/>\n        <a class=\"share-googleplus\" href=\"https:\/\/plus.google.com\/share?url=https:\/\/www.tst.jus.br\/-\/o-reconhecimento-de-uma-gest%C3%A3o-%C2%A0hist%C3%B3rica-%C3%A0-frente-do-tst\" target=\"_blank\" rel=\"noopener\"><\/a>\n    <\/div>\n<div class=\"news-body\">\n<div class=\"imagem-da-noticia\">\n<p>Ministro Emmanoel Pereira<\/p>\n<div class=\"social-media-share\">\n                    <a class=\"share-facebook\" href=\"https:\/\/www.facebook.com\/sharer.php?u=https:\/\/www.tst.jus.br\/-\/o-reconhecimento-de-uma-gest%C3%A3o-%C2%A0hist%C3%B3rica-%C3%A0-frente-do-tst\" target=\"_blank\" rel=\"noopener\"><\/a><br \/>\n                    <a class=\"share-twitter\" href=\"https:\/\/twitter.com\/intent\/tweet?text=O%20reconhecimento%20de%20uma%20gest%C3%A3o%20hist%C3%B3rica%20%C3%A0%20frente%20do%20TST%0AVeja%20mais%20em:&amp;url=https:\/\/www.tst.jus.br\/-\/o-reconhecimento-de-uma-gest%C3%A3o-%C2%A0hist%C3%B3rica-%C3%A0-frente-do-tst\" target=\"_blank\" rel=\"noopener\"><\/a><br \/>\n                    <a class=\"share-linkedin\" href=\"https:\/\/www.linkedin.com\/shareArticle?mini=true&amp;url=https:\/\/www.tst.jus.br\/-\/o-reconhecimento-de-uma-gest%C3%A3o-%C2%A0hist%C3%B3rica-%C3%A0-frente-do-tst&amp;title=O%20reconhecimento%20de%20uma%20gest%C3%A3o%20hist%C3%B3rica%20%C3%A0%20frente%20do%20TST\" target=\"_blank\" rel=\"noopener\"><\/a><br \/>\n                    <a class=\"share-whatsapp\" href=\"https:\/\/web.whatsapp.com\/send?text=https:\/\/www.tst.jus.br\/-\/o-reconhecimento-de-uma-gest%C3%A3o-%C2%A0hist%C3%B3rica-%C3%A0-frente-do-tst\" target=\"_blank\" rel=\"noopener\"><\/a><br \/>\n                    <a class=\"share-googleplus\" href=\"https:\/\/plus.google.com\/share?url=https:\/\/www.tst.jus.br\/-\/o-reconhecimento-de-uma-gest%C3%A3o-%C2%A0hist%C3%B3rica-%C3%A0-frente-do-tst\" target=\"_blank\" rel=\"noopener\"><\/a>\n                <\/div>\n<\/p><\/div>\n<div class=\"materia\">\n<p>04\/08\/22 &#8211; O presidente do Tribunal Superior do Trabalho (TST) e do Conselho Superior da Justi\u00e7a do Trabalho (CSJT), ministro Emmanoel Pereira, ser\u00e1 homenageado pelo Conselho Federal da Ordem dos Advogados do Brasil (OAB) na pr\u00f3xima segunda-feira (8). Na ocasi\u00e3o, ser\u00e3o outorgados a Medalha, o Trof\u00e9u e o Diploma Raymundo Faoro, em reconhecimento \u00e0 &#8220;densidade pol\u00edtico-institucional de uma trajet\u00f3ria valiosa para a hist\u00f3ria da Justi\u00e7a em nosso Pa\u00eds.&#8221;<\/p>\n<p>A condecora\u00e7\u00e3o ser\u00e1 realizada a partir das 11h, durante a Sess\u00e3o Plen\u00e1ria do Conselho Pleno da entidade. A honraria Raymundo Faoro \u00e9 concedida pelo Conselho Federal da OAB desde 2008 a cidad\u00e3os que prestam trabalho em defesa da sociedade, da advocacia e da democracia. Na escolha do presidente do TST, o presidente da OAB, Jos\u00e9 Alberto Simonetti, destacou a atua\u00e7\u00e3o do ministro Emmanoel Pereira para a valoriza\u00e7\u00e3o da pluralidade, diversidade e inclus\u00e3o e exaltou \u201co seu zelo inestim\u00e1vel com a classe\u201d.<\/p>\n<\/p>\n<p>(Secom)<\/p>\n<\/div><\/div>\n<\/div>\n","protected":false},"excerpt":{"rendered":"<p>O Conselho Federal da OAB concede ao ministro Emmanoel Pereira o pr\u00eamio Raymundo Faoro, em testemunho de um legado inspirador para o Estado Democr\u00e1tico de Direito Ministro Emmanoel Pereira 04\/08\/22 &#8211; O presidente do Tribunal Superior do Trabalho (TST) e do Conselho Superior da Justi\u00e7a do Trabalho (CSJT), ministro Emmanoel Pereira, ser\u00e1 homenageado pelo Conselho [&hellip;]<\/p>\n","protected":false},"author":0,"featured_media":12635,"comment_status":"open","ping_status":"","sticky":false,"template":"","format":"standard","meta":{"footnotes":""},"categories":[5],"tags":[],"class_list":["post-12634","post","type-post","status-publish","format-standard","has-post-thumbnail","hentry","category-noticias-educacao-financeira"],"blocksy_meta":{"styles_descriptor":{"styles":{"desktop":"","tablet":"","mobile":""},"google_fonts":[],"version":6}},"yoast_head":"<!-- This site is optimized with the Yoast SEO plugin v27.4 - https:\/\/yoast.com\/product\/yoast-seo-wordpress\/ -->\n<title>O reconhecimento de uma gest\u00e3o hist\u00f3rica \u00e0 frente do TST - Contabilidade Caxias<\/title>\n<meta name=\"robots\" content=\"index, follow, max-snippet:-1, max-image-preview:large, max-video-preview:-1\" \/>\n<link rel=\"canonical\" href=\"https:\/\/contabilidadecaxias.com.br\/index.php\/2022\/08\/04\/o-reconhecimento-de-uma-gestao-historica-a-frente-do-tst\/\" \/>\n<meta property=\"og:locale\" content=\"pt_BR\" \/>\n<meta property=\"og:type\" content=\"article\" \/>\n<meta property=\"og:title\" content=\"O reconhecimento de uma gest\u00e3o hist\u00f3rica \u00e0 frente do TST - Contabilidade Caxias\" \/>\n<meta property=\"og:description\" content=\"O Conselho Federal da OAB concede ao ministro Emmanoel Pereira o pr\u00eamio Raymundo Faoro, em testemunho de um legado inspirador para o Estado Democr\u00e1tico de Direito Ministro Emmanoel Pereira 04\/08\/22 &#8211; O presidente do Tribunal Superior do Trabalho (TST) e do Conselho Superior da Justi\u00e7a do Trabalho (CSJT), ministro Emmanoel Pereira, ser\u00e1 homenageado pelo Conselho [&hellip;]\" \/>\n<meta property=\"og:url\" content=\"https:\/\/contabilidadecaxias.com.br\/index.php\/2022\/08\/04\/o-reconhecimento-de-uma-gestao-historica-a-frente-do-tst\/\" \/>\n<meta property=\"og:site_name\" content=\"Contabilidade Caxias\" \/>\n<meta property=\"article:published_time\" content=\"2022-08-04T21:05:33+00:00\" \/>\n<meta name=\"twitter:card\" content=\"summary_large_image\" \/>\n<meta name=\"twitter:label1\" content=\"Est. tempo de leitura\" \/>\n\t<meta name=\"twitter:data1\" content=\"1 minuto\" \/>\n<script type=\"application\/ld+json\" class=\"yoast-schema-graph\">{\"@context\":\"https:\\\/\\\/schema.org\",\"@graph\":[{\"@type\":\"Article\",\"@id\":\"https:\\\/\\\/contabilidadecaxias.com.br\\\/index.php\\\/2022\\\/08\\\/04\\\/o-reconhecimento-de-uma-gestao-historica-a-frente-do-tst\\\/#article\",\"isPartOf\":{\"@id\":\"https:\\\/\\\/contabilidadecaxias.com.br\\\/index.php\\\/2022\\\/08\\\/04\\\/o-reconhecimento-de-uma-gestao-historica-a-frente-do-tst\\\/\"},\"author\":{\"name\":\"\",\"@id\":\"\"},\"headline\":\"O reconhecimento de uma gest\u00e3o hist\u00f3rica \u00e0 frente do TST\",\"datePublished\":\"2022-08-04T21:05:33+00:00\",\"mainEntityOfPage\":{\"@id\":\"https:\\\/\\\/contabilidadecaxias.com.br\\\/index.php\\\/2022\\\/08\\\/04\\\/o-reconhecimento-de-uma-gestao-historica-a-frente-do-tst\\\/\"},\"wordCount\":205,\"commentCount\":0,\"image\":{\"@id\":\"https:\\\/\\\/contabilidadecaxias.com.br\\\/index.php\\\/2022\\\/08\\\/04\\\/o-reconhecimento-de-uma-gestao-historica-a-frente-do-tst\\\/#primaryimage\"},\"thumbnailUrl\":\"https:\\\/\\\/contabilidadecaxias.com.br\\\/wp-content\\\/uploads\\\/2022\\\/08\\\/8b68ccf8-8f63-5489-325e-0bd3610a236b-4r4JO6.jpeg\",\"articleSection\":[\"Educa\u00e7\u00e3o Financeira\"],\"inLanguage\":\"pt-BR\",\"potentialAction\":[{\"@type\":\"CommentAction\",\"name\":\"Comment\",\"target\":[\"https:\\\/\\\/contabilidadecaxias.com.br\\\/index.php\\\/2022\\\/08\\\/04\\\/o-reconhecimento-de-uma-gestao-historica-a-frente-do-tst\\\/#respond\"]}]},{\"@type\":\"WebPage\",\"@id\":\"https:\\\/\\\/contabilidadecaxias.com.br\\\/index.php\\\/2022\\\/08\\\/04\\\/o-reconhecimento-de-uma-gestao-historica-a-frente-do-tst\\\/\",\"url\":\"https:\\\/\\\/contabilidadecaxias.com.br\\\/index.php\\\/2022\\\/08\\\/04\\\/o-reconhecimento-de-uma-gestao-historica-a-frente-do-tst\\\/\",\"name\":\"O reconhecimento de uma gest\u00e3o hist\u00f3rica \u00e0 frente do TST - Contabilidade Caxias\",\"isPartOf\":{\"@id\":\"https:\\\/\\\/contabilidadecaxias.com.br\\\/#website\"},\"primaryImageOfPage\":{\"@id\":\"https:\\\/\\\/contabilidadecaxias.com.br\\\/index.php\\\/2022\\\/08\\\/04\\\/o-reconhecimento-de-uma-gestao-historica-a-frente-do-tst\\\/#primaryimage\"},\"image\":{\"@id\":\"https:\\\/\\\/contabilidadecaxias.com.br\\\/index.php\\\/2022\\\/08\\\/04\\\/o-reconhecimento-de-uma-gestao-historica-a-frente-do-tst\\\/#primaryimage\"},\"thumbnailUrl\":\"https:\\\/\\\/contabilidadecaxias.com.br\\\/wp-content\\\/uploads\\\/2022\\\/08\\\/8b68ccf8-8f63-5489-325e-0bd3610a236b-4r4JO6.jpeg\",\"datePublished\":\"2022-08-04T21:05:33+00:00\",\"author\":{\"@id\":\"\"},\"breadcrumb\":{\"@id\":\"https:\\\/\\\/contabilidadecaxias.com.br\\\/index.php\\\/2022\\\/08\\\/04\\\/o-reconhecimento-de-uma-gestao-historica-a-frente-do-tst\\\/#breadcrumb\"},\"inLanguage\":\"pt-BR\",\"potentialAction\":[{\"@type\":\"ReadAction\",\"target\":[\"https:\\\/\\\/contabilidadecaxias.com.br\\\/index.php\\\/2022\\\/08\\\/04\\\/o-reconhecimento-de-uma-gestao-historica-a-frente-do-tst\\\/\"]}]},{\"@type\":\"ImageObject\",\"inLanguage\":\"pt-BR\",\"@id\":\"https:\\\/\\\/contabilidadecaxias.com.br\\\/index.php\\\/2022\\\/08\\\/04\\\/o-reconhecimento-de-uma-gestao-historica-a-frente-do-tst\\\/#primaryimage\",\"url\":\"https:\\\/\\\/contabilidadecaxias.com.br\\\/wp-content\\\/uploads\\\/2022\\\/08\\\/8b68ccf8-8f63-5489-325e-0bd3610a236b-4r4JO6.jpeg\",\"contentUrl\":\"https:\\\/\\\/contabilidadecaxias.com.br\\\/wp-content\\\/uploads\\\/2022\\\/08\\\/8b68ccf8-8f63-5489-325e-0bd3610a236b-4r4JO6.jpeg\",\"width\":1280,\"height\":854},{\"@type\":\"BreadcrumbList\",\"@id\":\"https:\\\/\\\/contabilidadecaxias.com.br\\\/index.php\\\/2022\\\/08\\\/04\\\/o-reconhecimento-de-uma-gestao-historica-a-frente-do-tst\\\/#breadcrumb\",\"itemListElement\":[{\"@type\":\"ListItem\",\"position\":1,\"name\":\"In\u00edcio\",\"item\":\"https:\\\/\\\/contabilidadecaxias.com.br\\\/\"},{\"@type\":\"ListItem\",\"position\":2,\"name\":\"O reconhecimento de uma gest\u00e3o hist\u00f3rica \u00e0 frente do TST\"}]},{\"@type\":\"WebSite\",\"@id\":\"https:\\\/\\\/contabilidadecaxias.com.br\\\/#website\",\"url\":\"https:\\\/\\\/contabilidadecaxias.com.br\\\/\",\"name\":\"Contabilidade Caxias\",\"description\":\"Site especializado em Contabilidade para Caxias.\",\"potentialAction\":[{\"@type\":\"SearchAction\",\"target\":{\"@type\":\"EntryPoint\",\"urlTemplate\":\"https:\\\/\\\/contabilidadecaxias.com.br\\\/?s={search_term_string}\"},\"query-input\":{\"@type\":\"PropertyValueSpecification\",\"valueRequired\":true,\"valueName\":\"search_term_string\"}}],\"inLanguage\":\"pt-BR\"}]}<\/script>\n<!-- \/ Yoast SEO plugin. -->","yoast_head_json":{"title":"O reconhecimento de uma gest\u00e3o hist\u00f3rica \u00e0 frente do TST - Contabilidade Caxias","robots":{"index":"index","follow":"follow","max-snippet":"max-snippet:-1","max-image-preview":"max-image-preview:large","max-video-preview":"max-video-preview:-1"},"canonical":"https:\/\/contabilidadecaxias.com.br\/index.php\/2022\/08\/04\/o-reconhecimento-de-uma-gestao-historica-a-frente-do-tst\/","og_locale":"pt_BR","og_type":"article","og_title":"O reconhecimento de uma gest\u00e3o hist\u00f3rica \u00e0 frente do TST - Contabilidade Caxias","og_description":"O Conselho Federal da OAB concede ao ministro Emmanoel Pereira o pr\u00eamio Raymundo Faoro, em testemunho de um legado inspirador para o Estado Democr\u00e1tico de Direito Ministro Emmanoel Pereira 04\/08\/22 &#8211; O presidente do Tribunal Superior do Trabalho (TST) e do Conselho Superior da Justi\u00e7a do Trabalho (CSJT), ministro Emmanoel Pereira, ser\u00e1 homenageado pelo Conselho [&hellip;]","og_url":"https:\/\/contabilidadecaxias.com.br\/index.php\/2022\/08\/04\/o-reconhecimento-de-uma-gestao-historica-a-frente-do-tst\/","og_site_name":"Contabilidade Caxias","article_published_time":"2022-08-04T21:05:33+00:00","twitter_card":"summary_large_image","twitter_misc":{"Est. tempo de leitura":"1 minuto"},"schema":{"@context":"https:\/\/schema.org","@graph":[{"@type":"Article","@id":"https:\/\/contabilidadecaxias.com.br\/index.php\/2022\/08\/04\/o-reconhecimento-de-uma-gestao-historica-a-frente-do-tst\/#article","isPartOf":{"@id":"https:\/\/contabilidadecaxias.com.br\/index.php\/2022\/08\/04\/o-reconhecimento-de-uma-gestao-historica-a-frente-do-tst\/"},"author":{"name":"","@id":""},"headline":"O reconhecimento de uma gest\u00e3o hist\u00f3rica \u00e0 frente do TST","datePublished":"2022-08-04T21:05:33+00:00","mainEntityOfPage":{"@id":"https:\/\/contabilidadecaxias.com.br\/index.php\/2022\/08\/04\/o-reconhecimento-de-uma-gestao-historica-a-frente-do-tst\/"},"wordCount":205,"commentCount":0,"image":{"@id":"https:\/\/contabilidadecaxias.com.br\/index.php\/2022\/08\/04\/o-reconhecimento-de-uma-gestao-historica-a-frente-do-tst\/#primaryimage"},"thumbnailUrl":"https:\/\/contabilidadecaxias.com.br\/wp-content\/uploads\/2022\/08\/8b68ccf8-8f63-5489-325e-0bd3610a236b-4r4JO6.jpeg","articleSection":["Educa\u00e7\u00e3o Financeira"],"inLanguage":"pt-BR","potentialAction":[{"@type":"CommentAction","name":"Comment","target":["https:\/\/contabilidadecaxias.com.br\/index.php\/2022\/08\/04\/o-reconhecimento-de-uma-gestao-historica-a-frente-do-tst\/#respond"]}]},{"@type":"WebPage","@id":"https:\/\/contabilidadecaxias.com.br\/index.php\/2022\/08\/04\/o-reconhecimento-de-uma-gestao-historica-a-frente-do-tst\/","url":"https:\/\/contabilidadecaxias.com.br\/index.php\/2022\/08\/04\/o-reconhecimento-de-uma-gestao-historica-a-frente-do-tst\/","name":"O reconhecimento de uma gest\u00e3o hist\u00f3rica \u00e0 frente do TST - Contabilidade Caxias","isPartOf":{"@id":"https:\/\/contabilidadecaxias.com.br\/#website"},"primaryImageOfPage":{"@id":"https:\/\/contabilidadecaxias.com.br\/index.php\/2022\/08\/04\/o-reconhecimento-de-uma-gestao-historica-a-frente-do-tst\/#primaryimage"},"image":{"@id":"https:\/\/contabilidadecaxias.com.br\/index.php\/2022\/08\/04\/o-reconhecimento-de-uma-gestao-historica-a-frente-do-tst\/#primaryimage"},"thumbnailUrl":"https:\/\/contabilidadecaxias.com.br\/wp-content\/uploads\/2022\/08\/8b68ccf8-8f63-5489-325e-0bd3610a236b-4r4JO6.jpeg","datePublished":"2022-08-04T21:05:33+00:00","author":{"@id":""},"breadcrumb":{"@id":"https:\/\/contabilidadecaxias.com.br\/index.php\/2022\/08\/04\/o-reconhecimento-de-uma-gestao-historica-a-frente-do-tst\/#breadcrumb"},"inLanguage":"pt-BR","potentialAction":[{"@type":"ReadAction","target":["https:\/\/contabilidadecaxias.com.br\/index.php\/2022\/08\/04\/o-reconhecimento-de-uma-gestao-historica-a-frente-do-tst\/"]}]},{"@type":"ImageObject","inLanguage":"pt-BR","@id":"https:\/\/contabilidadecaxias.com.br\/index.php\/2022\/08\/04\/o-reconhecimento-de-uma-gestao-historica-a-frente-do-tst\/#primaryimage","url":"https:\/\/contabilidadecaxias.com.br\/wp-content\/uploads\/2022\/08\/8b68ccf8-8f63-5489-325e-0bd3610a236b-4r4JO6.jpeg","contentUrl":"https:\/\/contabilidadecaxias.com.br\/wp-content\/uploads\/2022\/08\/8b68ccf8-8f63-5489-325e-0bd3610a236b-4r4JO6.jpeg","width":1280,"height":854},{"@type":"BreadcrumbList","@id":"https:\/\/contabilidadecaxias.com.br\/index.php\/2022\/08\/04\/o-reconhecimento-de-uma-gestao-historica-a-frente-do-tst\/#breadcrumb","itemListElement":[{"@type":"ListItem","position":1,"name":"In\u00edcio","item":"https:\/\/contabilidadecaxias.com.br\/"},{"@type":"ListItem","position":2,"name":"O reconhecimento de uma gest\u00e3o hist\u00f3rica \u00e0 frente do TST"}]},{"@type":"WebSite","@id":"https:\/\/contabilidadecaxias.com.br\/#website","url":"https:\/\/contabilidadecaxias.com.br\/","name":"Contabilidade Caxias","description":"Site especializado em Contabilidade para Caxias.","potentialAction":[{"@type":"SearchAction","target":{"@type":"EntryPoint","urlTemplate":"https:\/\/contabilidadecaxias.com.br\/?s={search_term_string}"},"query-input":{"@type":"PropertyValueSpecification","valueRequired":true,"valueName":"search_term_string"}}],"inLanguage":"pt-BR"}]}},"_links":{"self":[{"href":"https:\/\/contabilidadecaxias.com.br\/index.php\/wp-json\/wp\/v2\/posts\/12634","targetHints":{"allow":["GET"]}}],"collection":[{"href":"https:\/\/contabilidadecaxias.com.br\/index.php\/wp-json\/wp\/v2\/posts"}],"about":[{"href":"https:\/\/contabilidadecaxias.com.br\/index.php\/wp-json\/wp\/v2\/types\/post"}],"replies":[{"embeddable":true,"href":"https:\/\/contabilidadecaxias.com.br\/index.php\/wp-json\/wp\/v2\/comments?post=12634"}],"version-history":[{"count":0,"href":"https:\/\/contabilidadecaxias.com.br\/index.php\/wp-json\/wp\/v2\/posts\/12634\/revisions"}],"wp:featuredmedia":[{"embeddable":true,"href":"https:\/\/contabilidadecaxias.com.br\/index.php\/wp-json\/wp\/v2\/media\/12635"}],"wp:attachment":[{"href":"https:\/\/contabilidadecaxias.com.br\/index.php\/wp-json\/wp\/v2\/media?parent=12634"}],"wp:term":[{"taxonomy":"category","embeddable":true,"href":"https:\/\/contabilidadecaxias.com.br\/index.php\/wp-json\/wp\/v2\/categories?post=12634"},{"taxonomy":"post_tag","embeddable":true,"href":"https:\/\/contabilidadecaxias.com.br\/index.php\/wp-json\/wp\/v2\/tags?post=12634"}],"curies":[{"name":"wp","href":"https:\/\/api.w.org\/{rel}","templated":true}]}}