{"id":12620,"date":"2022-08-04T10:02:40","date_gmt":"2022-08-04T13:02:40","guid":{"rendered":"https:\/\/contabilidadecaxias.com.br\/index.php\/2022\/08\/04\/manejo-de-gado-e-confirmado-como-atividade-de-risco-no-caso-de-acidente-de-vaqueiro\/"},"modified":"2022-08-04T10:02:40","modified_gmt":"2022-08-04T13:02:40","slug":"manejo-de-gado-e-confirmado-como-atividade-de-risco-no-caso-de-acidente-de-vaqueiro","status":"publish","type":"post","link":"https:\/\/contabilidadecaxias.com.br\/index.php\/2022\/08\/04\/manejo-de-gado-e-confirmado-como-atividade-de-risco-no-caso-de-acidente-de-vaqueiro\/","title":{"rendered":"Manejo de gado \u00e9 confirmado como atividade de risco no caso de acidente de vaqueiro \u00a0"},"content":{"rendered":"<div class=\"noticia-wrapper\">\n<p><em><\/p>\n<p>Empregado teve fratura exposta dos ossos da bacia e outras les\u00f5es<\/p>\n<p><\/em><\/p>\n<div class=\"social-media-share mobile\">\n        <a class=\"share-facebook\" href=\"https:\/\/www.facebook.com\/sharer.php?u=https:\/\/www.tst.jus.br\/-\/manejo-de-gado-%C3%A9-confirmado-como-atividade-de-risco-no-caso-de-acidente-de-vaqueiro-%C2%A0\" target=\"_blank\" rel=\"noopener\"><\/a><br \/>\n        <a class=\"share-twitter\" href=\"https:\/\/twitter.com\/intent\/tweet?text=Manejo%20de%20gado%20%C3%A9%20confirmado%20como%20atividade%20de%20risco%20no%20caso%20de%20acidente%20de%20vaqueiro%20%C2%A0%0AVeja%20mais%20em:&amp;url=https:\/\/www.tst.jus.br\/-\/manejo-de-gado-%C3%A9-confirmado-como-atividade-de-risco-no-caso-de-acidente-de-vaqueiro-%C2%A0\" target=\"_blank\" rel=\"noopener\"><\/a><br \/>\n        <a class=\"share-linkedin\" href=\"https:\/\/www.linkedin.com\/shareArticle?mini=true&amp;url=https:\/\/www.tst.jus.br\/-\/manejo-de-gado-%C3%A9-confirmado-como-atividade-de-risco-no-caso-de-acidente-de-vaqueiro-%C2%A0&amp;title=Manejo%20de%20gado%20%C3%A9%20confirmado%20como%20atividade%20de%20risco%20no%20caso%20de%20acidente%20de%20vaqueiro%20%C2%A0\" target=\"_blank\" rel=\"noopener\"><\/a><br \/>\n        <a class=\"share-whatsapp\" href=\"https:\/\/web.whatsapp.com\/send?text=https:\/\/www.tst.jus.br\/-\/manejo-de-gado-%C3%A9-confirmado-como-atividade-de-risco-no-caso-de-acidente-de-vaqueiro-%C2%A0\" target=\"_blank\" rel=\"noopener\"><\/a><br \/>\n        <a class=\"share-googleplus\" href=\"https:\/\/plus.google.com\/share?url=https:\/\/www.tst.jus.br\/-\/manejo-de-gado-%C3%A9-confirmado-como-atividade-de-risco-no-caso-de-acidente-de-vaqueiro-%C2%A0\" target=\"_blank\" rel=\"noopener\"><\/a>\n    <\/div>\n<div class=\"news-body\">\n<div class=\"imagem-da-noticia\">\n<p>Ministro Jos\u00e9 Roberto Pimenta<\/p>\n<div class=\"social-media-share\">\n                    <a class=\"share-facebook\" href=\"https:\/\/www.facebook.com\/sharer.php?u=https:\/\/www.tst.jus.br\/-\/manejo-de-gado-%C3%A9-confirmado-como-atividade-de-risco-no-caso-de-acidente-de-vaqueiro-%C2%A0\" target=\"_blank\" rel=\"noopener\"><\/a><br \/>\n                    <a class=\"share-twitter\" href=\"https:\/\/twitter.com\/intent\/tweet?text=Manejo%20de%20gado%20%C3%A9%20confirmado%20como%20atividade%20de%20risco%20no%20caso%20de%20acidente%20de%20vaqueiro%20%C2%A0%0AVeja%20mais%20em:&amp;url=https:\/\/www.tst.jus.br\/-\/manejo-de-gado-%C3%A9-confirmado-como-atividade-de-risco-no-caso-de-acidente-de-vaqueiro-%C2%A0\" target=\"_blank\" rel=\"noopener\"><\/a><br \/>\n                    <a class=\"share-linkedin\" href=\"https:\/\/www.linkedin.com\/shareArticle?mini=true&amp;url=https:\/\/www.tst.jus.br\/-\/manejo-de-gado-%C3%A9-confirmado-como-atividade-de-risco-no-caso-de-acidente-de-vaqueiro-%C2%A0&amp;title=Manejo%20de%20gado%20%C3%A9%20confirmado%20como%20atividade%20de%20risco%20no%20caso%20de%20acidente%20de%20vaqueiro%20%C2%A0\" target=\"_blank\" rel=\"noopener\"><\/a><br \/>\n                    <a class=\"share-whatsapp\" href=\"https:\/\/web.whatsapp.com\/send?text=https:\/\/www.tst.jus.br\/-\/manejo-de-gado-%C3%A9-confirmado-como-atividade-de-risco-no-caso-de-acidente-de-vaqueiro-%C2%A0\" target=\"_blank\" rel=\"noopener\"><\/a><br \/>\n                    <a class=\"share-googleplus\" href=\"https:\/\/plus.google.com\/share?url=https:\/\/www.tst.jus.br\/-\/manejo-de-gado-%C3%A9-confirmado-como-atividade-de-risco-no-caso-de-acidente-de-vaqueiro-%C2%A0\" target=\"_blank\" rel=\"noopener\"><\/a>\n                <\/div>\n<\/p><\/div>\n<div class=\"materia\">\n<p>04\/08\/22 &#8211;\u00a0A Subse\u00e7\u00e3o I Especializada em Diss\u00eddios Individuais (SDI-1) do Tribunal Superior do Trabalho confirmou a responsabilidade de um fazendeiro pelos danos sofridos por um vaqueiro que caiu da montaria durante o manejo de gado na Fazenda Camba\u00fava, em Aparecida do Taboado (MS). De acordo com o entendimento do colegiado, trata-se de atividade de risco, e a responsabiliza\u00e7\u00e3o do empregador pelo acidente de trabalho independe de culpa.<\/p>\n<h4>Queda<\/h4>\n<p>Segundo o laudo pericial, o animal que o vaqueiro montava, um burro, \u201cestranhou alguma coisa\u201d e o derrubou, caindo sobre ele. A queda provocou fratura exposta dos ossos da bacia com les\u00e3o do p\u00eanis. O acidente gerou sequelas permanentes, como cicatrizes no \u00f3rg\u00e3o genital, causando-lhe constrangimento \u00edntimo.<\/p>\n<h4>Culpa<\/h4>\n<p>O pedido de repara\u00e7\u00e3o foi julgado procedente na primeira inst\u00e2ncia, que determinou pagamento de indeniza\u00e7\u00e3o por danos materiais de 30% do \u00faltimo sal\u00e1rio at\u00e9 que o empregado complete 60 anos, e de R$ 5 mil por danos est\u00e9ticos.\u00a0<\/p>\n<p>Ao julgar o caso, o Tribunal Regional do Trabalho da 24\u00aa Regi\u00e3o (MS) registrou que o acidente, al\u00e9m da cicatriz, acarretou dano definitivo ao trabalhador, com limita\u00e7\u00e3o para atividades que requeiram carga f\u00edsica e impacto para a bacia. Contudo, entendeu que n\u00e3o havia elementos que demonstrassem a culpa do empregador e considerou que o manejo de gado com o aux\u00edlio de animal de montaria n\u00e3o pode ser classificada como atividade de risco, considerando as aptid\u00f5es inerentes \u00e0 pessoa que trabalha no campo e a experi\u00eancia profissional do vaqueiro. Por isso, reformou a senten\u00e7a, afastando as indeniza\u00e7\u00f5es.<\/p>\n<h4>Teoria do risco<\/h4>\n<p>No exame de recurso de revista, a Oitava Turma assinalou que, de acordo com a teoria do risco, \u00e9 respons\u00e1vel quem se beneficia ou cria o risco para o desempenho da atividade, sendo irrelevante a discuss\u00e3o acerca da culpa do empregador. Com base em casos semelhantes envolvendo o manejo de gado, a Turma reconheceu que a atividade \u00e9 de risco e determinou que o caso voltasse ao TRT.<\/p>\n<h4>Irracionalidade dos animais<\/h4>\n<p>O relator dos embargos do vaqueiro \u00e0 SDI-1, ministro Jos\u00e9 Roberto Pimenta, observou que, em seu trabalho, ele estava sujeito aos riscos pr\u00f3prios do meio rural e \u00e0 irracionalidade dos animais com que lidava cotidianamente. Assim, n\u00e3o se pode falar que o acidente seja mera fatalidade ou que o empregador n\u00e3o teria contribu\u00eddo para ele. \u00a0\u201cA rea\u00e7\u00e3o inesperada de um animal diante de algum fato corriqueiro ou anormal \u00e9 inerente a ele, potencializando-se, assim, a ocorr\u00eancia de acidentes\u201d, assinalou. Nessas situa\u00e7\u00f5es o trabalhador do campo est\u00e1 mais vulner\u00e1vel e sujeito a um risco acentuado de sofrer acidente de trabalho, quando comparado a trabalhadores de atividades distintas.<\/p>\n<p>A decis\u00e3o foi un\u00e2nime.<\/p>\n<p>(LT\/CF)<\/p>\n<p>Processo: <a href=\"https:\/\/consultaprocessual.tst.jus.br\/consultaProcessual\/consultaTstNumUnica.do;jsessionid=xIguIYXNenKvLEFnwdeCgTWM32eS0PxiJGn5EVyV.consultaprocessual-17-6rg6h?conscsjt=&amp;numeroTst=24256&amp;digitoTst=63&amp;anoTst=2019&amp;orgaoTst=5&amp;tribunalTst=24&amp;varaTst=&amp;consulta=Consultar\" target=\"_blank\" rel=\"noopener\">RR-24256-63.2019.5.24.0061\u00a0<\/a><\/p>\n<p><em>Esta mat\u00e9ria tem cunho meramente informativo.<br \/>\nPermitida a reprodu\u00e7\u00e3o mediante cita\u00e7\u00e3o da fonte.<br \/>\nSecretaria de Comunica\u00e7\u00e3o Social<br \/>\n<a href=\"https:\/\/www.tst.jus.br\/\" target=\"_blank\" rel=\"noopener\">Tribunal Superior do Trabalho<\/a><br \/>\nTel. (61) 3043-4907\u00a0<br \/>\n<a href=\"mailto:secom@tst.jus.br\" target=\"\" rel=\"noopener\">secom@tst.jus.br<\/a><\/em><\/p>\n<\/div><\/div>\n<\/div>\n","protected":false},"excerpt":{"rendered":"<p>Empregado teve fratura exposta dos ossos da bacia e outras les\u00f5es Ministro Jos\u00e9 Roberto Pimenta 04\/08\/22 &#8211;\u00a0A Subse\u00e7\u00e3o I Especializada em Diss\u00eddios Individuais (SDI-1) do Tribunal Superior do Trabalho confirmou a responsabilidade de um fazendeiro pelos danos sofridos por um vaqueiro que caiu da montaria durante o manejo de gado na Fazenda Camba\u00fava, em Aparecida [&hellip;]<\/p>\n","protected":false},"author":0,"featured_media":12621,"comment_status":"open","ping_status":"","sticky":false,"template":"","format":"standard","meta":{"footnotes":""},"categories":[5],"tags":[],"class_list":["post-12620","post","type-post","status-publish","format-standard","has-post-thumbnail","hentry","category-noticias-educacao-financeira"],"blocksy_meta":{"styles_descriptor":{"styles":{"desktop":"","tablet":"","mobile":""},"google_fonts":[],"version":6}},"yoast_head":"<!-- This site is optimized with the Yoast SEO plugin v27.4 - https:\/\/yoast.com\/product\/yoast-seo-wordpress\/ -->\n<title>Manejo de gado \u00e9 confirmado como atividade de risco no caso de acidente de vaqueiro \u00a0 - Contabilidade Caxias<\/title>\n<meta name=\"robots\" content=\"index, follow, max-snippet:-1, max-image-preview:large, max-video-preview:-1\" \/>\n<link rel=\"canonical\" href=\"https:\/\/contabilidadecaxias.com.br\/index.php\/2022\/08\/04\/manejo-de-gado-e-confirmado-como-atividade-de-risco-no-caso-de-acidente-de-vaqueiro\/\" \/>\n<meta property=\"og:locale\" content=\"pt_BR\" \/>\n<meta property=\"og:type\" content=\"article\" \/>\n<meta property=\"og:title\" content=\"Manejo de gado \u00e9 confirmado como atividade de risco no caso de acidente de vaqueiro \u00a0 - Contabilidade Caxias\" \/>\n<meta property=\"og:description\" content=\"Empregado teve fratura exposta dos ossos da bacia e outras les\u00f5es Ministro Jos\u00e9 Roberto Pimenta 04\/08\/22 &#8211;\u00a0A Subse\u00e7\u00e3o I Especializada em Diss\u00eddios Individuais (SDI-1) do Tribunal Superior do Trabalho confirmou a responsabilidade de um fazendeiro pelos danos sofridos por um vaqueiro que caiu da montaria durante o manejo de gado na Fazenda Camba\u00fava, em Aparecida [&hellip;]\" \/>\n<meta property=\"og:url\" content=\"https:\/\/contabilidadecaxias.com.br\/index.php\/2022\/08\/04\/manejo-de-gado-e-confirmado-como-atividade-de-risco-no-caso-de-acidente-de-vaqueiro\/\" \/>\n<meta property=\"og:site_name\" content=\"Contabilidade Caxias\" \/>\n<meta property=\"article:published_time\" content=\"2022-08-04T13:02:40+00:00\" \/>\n<meta name=\"twitter:card\" content=\"summary_large_image\" \/>\n<meta name=\"twitter:label1\" content=\"Est. tempo de leitura\" \/>\n\t<meta name=\"twitter:data1\" content=\"3 minutos\" \/>\n<script type=\"application\/ld+json\" class=\"yoast-schema-graph\">{\"@context\":\"https:\\\/\\\/schema.org\",\"@graph\":[{\"@type\":\"Article\",\"@id\":\"https:\\\/\\\/contabilidadecaxias.com.br\\\/index.php\\\/2022\\\/08\\\/04\\\/manejo-de-gado-e-confirmado-como-atividade-de-risco-no-caso-de-acidente-de-vaqueiro\\\/#article\",\"isPartOf\":{\"@id\":\"https:\\\/\\\/contabilidadecaxias.com.br\\\/index.php\\\/2022\\\/08\\\/04\\\/manejo-de-gado-e-confirmado-como-atividade-de-risco-no-caso-de-acidente-de-vaqueiro\\\/\"},\"author\":{\"name\":\"\",\"@id\":\"\"},\"headline\":\"Manejo de gado \u00e9 confirmado como atividade de risco no caso de acidente de vaqueiro \u00a0\",\"datePublished\":\"2022-08-04T13:02:40+00:00\",\"mainEntityOfPage\":{\"@id\":\"https:\\\/\\\/contabilidadecaxias.com.br\\\/index.php\\\/2022\\\/08\\\/04\\\/manejo-de-gado-e-confirmado-como-atividade-de-risco-no-caso-de-acidente-de-vaqueiro\\\/\"},\"wordCount\":525,\"commentCount\":0,\"image\":{\"@id\":\"https:\\\/\\\/contabilidadecaxias.com.br\\\/index.php\\\/2022\\\/08\\\/04\\\/manejo-de-gado-e-confirmado-como-atividade-de-risco-no-caso-de-acidente-de-vaqueiro\\\/#primaryimage\"},\"thumbnailUrl\":\"https:\\\/\\\/contabilidadecaxias.com.br\\\/wp-content\\\/uploads\\\/2022\\\/08\\\/c5a5c0fd-b4de-d5c0-3b69-476476d85002-8vQNYn.jpeg\",\"articleSection\":[\"Educa\u00e7\u00e3o Financeira\"],\"inLanguage\":\"pt-BR\",\"potentialAction\":[{\"@type\":\"CommentAction\",\"name\":\"Comment\",\"target\":[\"https:\\\/\\\/contabilidadecaxias.com.br\\\/index.php\\\/2022\\\/08\\\/04\\\/manejo-de-gado-e-confirmado-como-atividade-de-risco-no-caso-de-acidente-de-vaqueiro\\\/#respond\"]}]},{\"@type\":\"WebPage\",\"@id\":\"https:\\\/\\\/contabilidadecaxias.com.br\\\/index.php\\\/2022\\\/08\\\/04\\\/manejo-de-gado-e-confirmado-como-atividade-de-risco-no-caso-de-acidente-de-vaqueiro\\\/\",\"url\":\"https:\\\/\\\/contabilidadecaxias.com.br\\\/index.php\\\/2022\\\/08\\\/04\\\/manejo-de-gado-e-confirmado-como-atividade-de-risco-no-caso-de-acidente-de-vaqueiro\\\/\",\"name\":\"Manejo de gado \u00e9 confirmado como atividade de risco no caso de acidente de vaqueiro \u00a0 - Contabilidade Caxias\",\"isPartOf\":{\"@id\":\"https:\\\/\\\/contabilidadecaxias.com.br\\\/#website\"},\"primaryImageOfPage\":{\"@id\":\"https:\\\/\\\/contabilidadecaxias.com.br\\\/index.php\\\/2022\\\/08\\\/04\\\/manejo-de-gado-e-confirmado-como-atividade-de-risco-no-caso-de-acidente-de-vaqueiro\\\/#primaryimage\"},\"image\":{\"@id\":\"https:\\\/\\\/contabilidadecaxias.com.br\\\/index.php\\\/2022\\\/08\\\/04\\\/manejo-de-gado-e-confirmado-como-atividade-de-risco-no-caso-de-acidente-de-vaqueiro\\\/#primaryimage\"},\"thumbnailUrl\":\"https:\\\/\\\/contabilidadecaxias.com.br\\\/wp-content\\\/uploads\\\/2022\\\/08\\\/c5a5c0fd-b4de-d5c0-3b69-476476d85002-8vQNYn.jpeg\",\"datePublished\":\"2022-08-04T13:02:40+00:00\",\"author\":{\"@id\":\"\"},\"breadcrumb\":{\"@id\":\"https:\\\/\\\/contabilidadecaxias.com.br\\\/index.php\\\/2022\\\/08\\\/04\\\/manejo-de-gado-e-confirmado-como-atividade-de-risco-no-caso-de-acidente-de-vaqueiro\\\/#breadcrumb\"},\"inLanguage\":\"pt-BR\",\"potentialAction\":[{\"@type\":\"ReadAction\",\"target\":[\"https:\\\/\\\/contabilidadecaxias.com.br\\\/index.php\\\/2022\\\/08\\\/04\\\/manejo-de-gado-e-confirmado-como-atividade-de-risco-no-caso-de-acidente-de-vaqueiro\\\/\"]}]},{\"@type\":\"ImageObject\",\"inLanguage\":\"pt-BR\",\"@id\":\"https:\\\/\\\/contabilidadecaxias.com.br\\\/index.php\\\/2022\\\/08\\\/04\\\/manejo-de-gado-e-confirmado-como-atividade-de-risco-no-caso-de-acidente-de-vaqueiro\\\/#primaryimage\",\"url\":\"https:\\\/\\\/contabilidadecaxias.com.br\\\/wp-content\\\/uploads\\\/2022\\\/08\\\/c5a5c0fd-b4de-d5c0-3b69-476476d85002-8vQNYn.jpeg\",\"contentUrl\":\"https:\\\/\\\/contabilidadecaxias.com.br\\\/wp-content\\\/uploads\\\/2022\\\/08\\\/c5a5c0fd-b4de-d5c0-3b69-476476d85002-8vQNYn.jpeg\",\"width\":1280,\"height\":853},{\"@type\":\"BreadcrumbList\",\"@id\":\"https:\\\/\\\/contabilidadecaxias.com.br\\\/index.php\\\/2022\\\/08\\\/04\\\/manejo-de-gado-e-confirmado-como-atividade-de-risco-no-caso-de-acidente-de-vaqueiro\\\/#breadcrumb\",\"itemListElement\":[{\"@type\":\"ListItem\",\"position\":1,\"name\":\"In\u00edcio\",\"item\":\"https:\\\/\\\/contabilidadecaxias.com.br\\\/\"},{\"@type\":\"ListItem\",\"position\":2,\"name\":\"Manejo de gado \u00e9 confirmado como atividade de risco no caso de acidente de vaqueiro \u00a0\"}]},{\"@type\":\"WebSite\",\"@id\":\"https:\\\/\\\/contabilidadecaxias.com.br\\\/#website\",\"url\":\"https:\\\/\\\/contabilidadecaxias.com.br\\\/\",\"name\":\"Contabilidade Caxias\",\"description\":\"Site especializado em Contabilidade para Caxias.\",\"potentialAction\":[{\"@type\":\"SearchAction\",\"target\":{\"@type\":\"EntryPoint\",\"urlTemplate\":\"https:\\\/\\\/contabilidadecaxias.com.br\\\/?s={search_term_string}\"},\"query-input\":{\"@type\":\"PropertyValueSpecification\",\"valueRequired\":true,\"valueName\":\"search_term_string\"}}],\"inLanguage\":\"pt-BR\"}]}<\/script>\n<!-- \/ Yoast SEO plugin. -->","yoast_head_json":{"title":"Manejo de gado \u00e9 confirmado como atividade de risco no caso de acidente de vaqueiro \u00a0 - Contabilidade Caxias","robots":{"index":"index","follow":"follow","max-snippet":"max-snippet:-1","max-image-preview":"max-image-preview:large","max-video-preview":"max-video-preview:-1"},"canonical":"https:\/\/contabilidadecaxias.com.br\/index.php\/2022\/08\/04\/manejo-de-gado-e-confirmado-como-atividade-de-risco-no-caso-de-acidente-de-vaqueiro\/","og_locale":"pt_BR","og_type":"article","og_title":"Manejo de gado \u00e9 confirmado como atividade de risco no caso de acidente de vaqueiro \u00a0 - Contabilidade Caxias","og_description":"Empregado teve fratura exposta dos ossos da bacia e outras les\u00f5es Ministro Jos\u00e9 Roberto Pimenta 04\/08\/22 &#8211;\u00a0A Subse\u00e7\u00e3o I Especializada em Diss\u00eddios Individuais (SDI-1) do Tribunal Superior do Trabalho confirmou a responsabilidade de um fazendeiro pelos danos sofridos por um vaqueiro que caiu da montaria durante o manejo de gado na Fazenda Camba\u00fava, em Aparecida [&hellip;]","og_url":"https:\/\/contabilidadecaxias.com.br\/index.php\/2022\/08\/04\/manejo-de-gado-e-confirmado-como-atividade-de-risco-no-caso-de-acidente-de-vaqueiro\/","og_site_name":"Contabilidade Caxias","article_published_time":"2022-08-04T13:02:40+00:00","twitter_card":"summary_large_image","twitter_misc":{"Est. tempo de leitura":"3 minutos"},"schema":{"@context":"https:\/\/schema.org","@graph":[{"@type":"Article","@id":"https:\/\/contabilidadecaxias.com.br\/index.php\/2022\/08\/04\/manejo-de-gado-e-confirmado-como-atividade-de-risco-no-caso-de-acidente-de-vaqueiro\/#article","isPartOf":{"@id":"https:\/\/contabilidadecaxias.com.br\/index.php\/2022\/08\/04\/manejo-de-gado-e-confirmado-como-atividade-de-risco-no-caso-de-acidente-de-vaqueiro\/"},"author":{"name":"","@id":""},"headline":"Manejo de gado \u00e9 confirmado como atividade de risco no caso de acidente de vaqueiro \u00a0","datePublished":"2022-08-04T13:02:40+00:00","mainEntityOfPage":{"@id":"https:\/\/contabilidadecaxias.com.br\/index.php\/2022\/08\/04\/manejo-de-gado-e-confirmado-como-atividade-de-risco-no-caso-de-acidente-de-vaqueiro\/"},"wordCount":525,"commentCount":0,"image":{"@id":"https:\/\/contabilidadecaxias.com.br\/index.php\/2022\/08\/04\/manejo-de-gado-e-confirmado-como-atividade-de-risco-no-caso-de-acidente-de-vaqueiro\/#primaryimage"},"thumbnailUrl":"https:\/\/contabilidadecaxias.com.br\/wp-content\/uploads\/2022\/08\/c5a5c0fd-b4de-d5c0-3b69-476476d85002-8vQNYn.jpeg","articleSection":["Educa\u00e7\u00e3o Financeira"],"inLanguage":"pt-BR","potentialAction":[{"@type":"CommentAction","name":"Comment","target":["https:\/\/contabilidadecaxias.com.br\/index.php\/2022\/08\/04\/manejo-de-gado-e-confirmado-como-atividade-de-risco-no-caso-de-acidente-de-vaqueiro\/#respond"]}]},{"@type":"WebPage","@id":"https:\/\/contabilidadecaxias.com.br\/index.php\/2022\/08\/04\/manejo-de-gado-e-confirmado-como-atividade-de-risco-no-caso-de-acidente-de-vaqueiro\/","url":"https:\/\/contabilidadecaxias.com.br\/index.php\/2022\/08\/04\/manejo-de-gado-e-confirmado-como-atividade-de-risco-no-caso-de-acidente-de-vaqueiro\/","name":"Manejo de gado \u00e9 confirmado como atividade de risco no caso de acidente de vaqueiro \u00a0 - Contabilidade Caxias","isPartOf":{"@id":"https:\/\/contabilidadecaxias.com.br\/#website"},"primaryImageOfPage":{"@id":"https:\/\/contabilidadecaxias.com.br\/index.php\/2022\/08\/04\/manejo-de-gado-e-confirmado-como-atividade-de-risco-no-caso-de-acidente-de-vaqueiro\/#primaryimage"},"image":{"@id":"https:\/\/contabilidadecaxias.com.br\/index.php\/2022\/08\/04\/manejo-de-gado-e-confirmado-como-atividade-de-risco-no-caso-de-acidente-de-vaqueiro\/#primaryimage"},"thumbnailUrl":"https:\/\/contabilidadecaxias.com.br\/wp-content\/uploads\/2022\/08\/c5a5c0fd-b4de-d5c0-3b69-476476d85002-8vQNYn.jpeg","datePublished":"2022-08-04T13:02:40+00:00","author":{"@id":""},"breadcrumb":{"@id":"https:\/\/contabilidadecaxias.com.br\/index.php\/2022\/08\/04\/manejo-de-gado-e-confirmado-como-atividade-de-risco-no-caso-de-acidente-de-vaqueiro\/#breadcrumb"},"inLanguage":"pt-BR","potentialAction":[{"@type":"ReadAction","target":["https:\/\/contabilidadecaxias.com.br\/index.php\/2022\/08\/04\/manejo-de-gado-e-confirmado-como-atividade-de-risco-no-caso-de-acidente-de-vaqueiro\/"]}]},{"@type":"ImageObject","inLanguage":"pt-BR","@id":"https:\/\/contabilidadecaxias.com.br\/index.php\/2022\/08\/04\/manejo-de-gado-e-confirmado-como-atividade-de-risco-no-caso-de-acidente-de-vaqueiro\/#primaryimage","url":"https:\/\/contabilidadecaxias.com.br\/wp-content\/uploads\/2022\/08\/c5a5c0fd-b4de-d5c0-3b69-476476d85002-8vQNYn.jpeg","contentUrl":"https:\/\/contabilidadecaxias.com.br\/wp-content\/uploads\/2022\/08\/c5a5c0fd-b4de-d5c0-3b69-476476d85002-8vQNYn.jpeg","width":1280,"height":853},{"@type":"BreadcrumbList","@id":"https:\/\/contabilidadecaxias.com.br\/index.php\/2022\/08\/04\/manejo-de-gado-e-confirmado-como-atividade-de-risco-no-caso-de-acidente-de-vaqueiro\/#breadcrumb","itemListElement":[{"@type":"ListItem","position":1,"name":"In\u00edcio","item":"https:\/\/contabilidadecaxias.com.br\/"},{"@type":"ListItem","position":2,"name":"Manejo de gado \u00e9 confirmado como atividade de risco no caso de acidente de vaqueiro \u00a0"}]},{"@type":"WebSite","@id":"https:\/\/contabilidadecaxias.com.br\/#website","url":"https:\/\/contabilidadecaxias.com.br\/","name":"Contabilidade Caxias","description":"Site especializado em Contabilidade para Caxias.","potentialAction":[{"@type":"SearchAction","target":{"@type":"EntryPoint","urlTemplate":"https:\/\/contabilidadecaxias.com.br\/?s={search_term_string}"},"query-input":{"@type":"PropertyValueSpecification","valueRequired":true,"valueName":"search_term_string"}}],"inLanguage":"pt-BR"}]}},"_links":{"self":[{"href":"https:\/\/contabilidadecaxias.com.br\/index.php\/wp-json\/wp\/v2\/posts\/12620","targetHints":{"allow":["GET"]}}],"collection":[{"href":"https:\/\/contabilidadecaxias.com.br\/index.php\/wp-json\/wp\/v2\/posts"}],"about":[{"href":"https:\/\/contabilidadecaxias.com.br\/index.php\/wp-json\/wp\/v2\/types\/post"}],"replies":[{"embeddable":true,"href":"https:\/\/contabilidadecaxias.com.br\/index.php\/wp-json\/wp\/v2\/comments?post=12620"}],"version-history":[{"count":0,"href":"https:\/\/contabilidadecaxias.com.br\/index.php\/wp-json\/wp\/v2\/posts\/12620\/revisions"}],"wp:featuredmedia":[{"embeddable":true,"href":"https:\/\/contabilidadecaxias.com.br\/index.php\/wp-json\/wp\/v2\/media\/12621"}],"wp:attachment":[{"href":"https:\/\/contabilidadecaxias.com.br\/index.php\/wp-json\/wp\/v2\/media?parent=12620"}],"wp:term":[{"taxonomy":"category","embeddable":true,"href":"https:\/\/contabilidadecaxias.com.br\/index.php\/wp-json\/wp\/v2\/categories?post=12620"},{"taxonomy":"post_tag","embeddable":true,"href":"https:\/\/contabilidadecaxias.com.br\/index.php\/wp-json\/wp\/v2\/tags?post=12620"}],"curies":[{"name":"wp","href":"https:\/\/api.w.org\/{rel}","templated":true}]}}