{"id":12599,"date":"2022-08-03T13:09:29","date_gmt":"2022-08-03T16:09:29","guid":{"rendered":"https:\/\/contabilidadecaxias.com.br\/index.php\/2022\/08\/03\/fabrica-de-calcados-e-condenada-por-dispensar-auxiliar-apos-ajuizamento-de-acao\/"},"modified":"2022-08-03T13:09:29","modified_gmt":"2022-08-03T16:09:29","slug":"fabrica-de-calcados-e-condenada-por-dispensar-auxiliar-apos-ajuizamento-de-acao","status":"publish","type":"post","link":"https:\/\/contabilidadecaxias.com.br\/index.php\/2022\/08\/03\/fabrica-de-calcados-e-condenada-por-dispensar-auxiliar-apos-ajuizamento-de-acao\/","title":{"rendered":"F\u00e1brica de cal\u00e7ados \u00e9 condenada por dispensar auxiliar ap\u00f3s ajuizamento de a\u00e7\u00e3o"},"content":{"rendered":"<div class=\"noticia-wrapper\">\n<p><em><\/p>\n<p>Para a S\u00e9tima Turma, ela foi punida por exercer um direito\u00a0<\/p>\n<p><\/em><\/p>\n<div class=\"social-media-share mobile\">\n        <a class=\"share-facebook\" href=\"https:\/\/www.facebook.com\/sharer.php?u=https:\/\/www.tst.jus.br\/-\/auxiliar-de-costura-dispensada-logo-ap%C3%B3s-ajuizar-reclama%C3%A7%C3%A3o-trabalhista-consegue-indeniza%C3%A7%C3%A3o\" target=\"_blank\" rel=\"noopener\"><\/a><br \/>\n        <a class=\"share-twitter\" href=\"https:\/\/twitter.com\/intent\/tweet?text=F%C3%A1brica%20de%20cal%C3%A7ados%20%C3%A9%20condenada%20por%20dispensar%20auxiliar%20ap%C3%B3s%20ajuizamento%20de%20a%C3%A7%C3%A3o%0AVeja%20mais%20em:&amp;url=https:\/\/www.tst.jus.br\/-\/auxiliar-de-costura-dispensada-logo-ap%C3%B3s-ajuizar-reclama%C3%A7%C3%A3o-trabalhista-consegue-indeniza%C3%A7%C3%A3o\" target=\"_blank\" rel=\"noopener\"><\/a><br \/>\n        <a class=\"share-linkedin\" href=\"https:\/\/www.linkedin.com\/shareArticle?mini=true&amp;url=https:\/\/www.tst.jus.br\/-\/auxiliar-de-costura-dispensada-logo-ap%C3%B3s-ajuizar-reclama%C3%A7%C3%A3o-trabalhista-consegue-indeniza%C3%A7%C3%A3o&amp;title=F%C3%A1brica%20de%20cal%C3%A7ados%20%C3%A9%20condenada%20por%20dispensar%20auxiliar%20ap%C3%B3s%20ajuizamento%20de%20a%C3%A7%C3%A3o\" target=\"_blank\" rel=\"noopener\"><\/a><br \/>\n        <a class=\"share-whatsapp\" href=\"https:\/\/web.whatsapp.com\/send?text=https:\/\/www.tst.jus.br\/-\/auxiliar-de-costura-dispensada-logo-ap%C3%B3s-ajuizar-reclama%C3%A7%C3%A3o-trabalhista-consegue-indeniza%C3%A7%C3%A3o\" target=\"_blank\" rel=\"noopener\"><\/a><br \/>\n        <a class=\"share-googleplus\" href=\"https:\/\/plus.google.com\/share?url=https:\/\/www.tst.jus.br\/-\/auxiliar-de-costura-dispensada-logo-ap%C3%B3s-ajuizar-reclama%C3%A7%C3%A3o-trabalhista-consegue-indeniza%C3%A7%C3%A3o\" target=\"_blank\" rel=\"noopener\"><\/a>\n    <\/div>\n<div class=\"news-body\">\n<div class=\"imagem-da-noticia\">\n<p>Detalhe de pessoa costurando sapato em m\u00e1quina industrial<\/p>\n<div class=\"social-media-share\">\n                    <a class=\"share-facebook\" href=\"https:\/\/www.facebook.com\/sharer.php?u=https:\/\/www.tst.jus.br\/-\/auxiliar-de-costura-dispensada-logo-ap%C3%B3s-ajuizar-reclama%C3%A7%C3%A3o-trabalhista-consegue-indeniza%C3%A7%C3%A3o\" target=\"_blank\" rel=\"noopener\"><\/a><br \/>\n                    <a class=\"share-twitter\" href=\"https:\/\/twitter.com\/intent\/tweet?text=F%C3%A1brica%20de%20cal%C3%A7ados%20%C3%A9%20condenada%20por%20dispensar%20auxiliar%20ap%C3%B3s%20ajuizamento%20de%20a%C3%A7%C3%A3o%0AVeja%20mais%20em:&amp;url=https:\/\/www.tst.jus.br\/-\/auxiliar-de-costura-dispensada-logo-ap%C3%B3s-ajuizar-reclama%C3%A7%C3%A3o-trabalhista-consegue-indeniza%C3%A7%C3%A3o\" target=\"_blank\" rel=\"noopener\"><\/a><br \/>\n                    <a class=\"share-linkedin\" href=\"https:\/\/www.linkedin.com\/shareArticle?mini=true&amp;url=https:\/\/www.tst.jus.br\/-\/auxiliar-de-costura-dispensada-logo-ap%C3%B3s-ajuizar-reclama%C3%A7%C3%A3o-trabalhista-consegue-indeniza%C3%A7%C3%A3o&amp;title=F%C3%A1brica%20de%20cal%C3%A7ados%20%C3%A9%20condenada%20por%20dispensar%20auxiliar%20ap%C3%B3s%20ajuizamento%20de%20a%C3%A7%C3%A3o\" target=\"_blank\" rel=\"noopener\"><\/a><br \/>\n                    <a class=\"share-whatsapp\" href=\"https:\/\/web.whatsapp.com\/send?text=https:\/\/www.tst.jus.br\/-\/auxiliar-de-costura-dispensada-logo-ap%C3%B3s-ajuizar-reclama%C3%A7%C3%A3o-trabalhista-consegue-indeniza%C3%A7%C3%A3o\" target=\"_blank\" rel=\"noopener\"><\/a><br \/>\n                    <a class=\"share-googleplus\" href=\"https:\/\/plus.google.com\/share?url=https:\/\/www.tst.jus.br\/-\/auxiliar-de-costura-dispensada-logo-ap%C3%B3s-ajuizar-reclama%C3%A7%C3%A3o-trabalhista-consegue-indeniza%C3%A7%C3%A3o\" target=\"_blank\" rel=\"noopener\"><\/a>\n                <\/div>\n<\/p><\/div>\n<div class=\"materia\">\n<p>03\/08\/22 &#8211;\u00a0A S\u00e9tima Turma do Tribunal Superior do Trabalho rejeitou o exame de recurso da Cal\u00e7ados Bottero Ltda. contra senten\u00e7a que a condenou a pagar indeniza\u00e7\u00e3o a uma auxiliar de costura de Sapiranga (RS) dispensada por justa causa 11 dias ap\u00f3s ajuizar reclama\u00e7\u00e3o trabalhista contra a empresa. De acordo com a decis\u00e3o, houve preju\u00edzo moral \u00e0 profissional.<\/p>\n<h4>Dispensa\u00a0<\/h4>\n<p>Ainda com o contrato de trabalho em vigor, a empregada ajuizou a a\u00e7\u00e3o em 15\/3\/2013, para requerer, entre outras parcelas, adicional de insalubridade e horas extras. Dias depois, ela informou \u00e0 Justi\u00e7a que fora despedida por justa causa em 26\/3 e pediu a convers\u00e3o da modalidade de ruptura contratual, com o reconhecimento de despedida sem justa causa, e a condena\u00e7\u00e3o da empresa ao pagamento das verbas rescis\u00f3rias e de indeniza\u00e7\u00e3o por danos morais.<\/p>\n<p>Em sua defesa, a Bottero argumentou que a dispensa fora motivada por reiteradas faltas injustificadas ao trabalho e por indisciplina (&#8220;consistente no ato de desacatar ordens de trabalho&#8221;), j\u00e1 que a auxiliar n\u00e3o havia modificado suas atitudes ap\u00f3s as medidas disciplinares adotadas.<\/p>\n<h4>Retalia\u00e7\u00e3o<\/h4>\n<p>O ju\u00edzo de primeiro grau deferiu a revers\u00e3o da justa causa, concluindo que a despedida caracterizara ato discriminat\u00f3rio e \u00a0desrespeito ao direito fundamental de acesso \u00e0 Justi\u00e7a. Tamb\u00e9m acolheu a alega\u00e7\u00e3o de que a medida fora um ato de retalia\u00e7\u00e3o da empresa, e deferiu \u00e0 trabalhadora repara\u00e7\u00e3o de R$ 8 mil.<\/p>\n<p>A senten\u00e7a foi mantida pelo Tribunal Regional do Trabalho da 4\u00aa Regi\u00e3o (RS), para quem o fato de a dispensa ter ocorrido logo ap\u00f3s o ajuizamento da a\u00e7\u00e3o fortalecia o argumento da trabalhadora de que havia sofrido revide. Ressaltou, ainda, \u00a0que a caracteriza\u00e7\u00e3o da ofensa n\u00e3o exige prova do preju\u00edzo causado, bastando estar configurado o desrespeito a direitos fundamentais consagrados na <a href=\"https:\/\/www.planalto.gov.br\/ccivil_03\/constituicao\/constituicao.htm\" target=\"_blank\" rel=\"noopener\">Constitui\u00e7\u00e3o Federal<\/a>.<\/p>\n<h4>\u201cPreju\u00edzo moral\u201d<\/h4>\n<p>No recurso de revista, a Bottero insistiu na tese da falta de comprova\u00e7\u00e3o do dano. Mas, segundo o relator, ministro Evandro Valad\u00e3o, o direito do empregador de rescindir o contrato de trabalho n\u00e3o o legitima para, usando seu poder diretivo e sua supremacia econ\u00f4mica, punir o empregado que exerceu o direito constitucional de acesso ao Judici\u00e1rio. \u201c\u00c9 evidente o preju\u00edzo moral da trabalhadora, ao ver-se punida pelo exerc\u00edcio regular de um direito\u201d, assinalou.\u00a0<\/p>\n<p>A decis\u00e3o foi un\u00e2nime.<\/p>\n<p>(LT\/GS)<\/p>\n<p>Processo: <a href=\"https:\/\/consultaprocessual.tst.jus.br\/consultaProcessual\/consultaTstNumUnica.do;jsessionid=2TFC3vFJSPB0sEJoXgXYOC6lUO5owauz71WGIRU4.consultaprocessual-17-55gjk?conscsjt=&amp;numeroTst=285&amp;digitoTst=27&amp;anoTst=2013&amp;orgaoTst=5&amp;tribunalTst=04&amp;varaTst=&amp;consulta=Consultar\" target=\"_blank\" rel=\"noopener\">RR-285-27.2013.5.04.0381<\/a><\/p>\n<p>Esta mat\u00e9ria tem cunho meramente informativo.<br \/>\nPermitida a reprodu\u00e7\u00e3o mediante cita\u00e7\u00e3o da fonte.<br \/>\nSecretaria de Comunica\u00e7\u00e3o Social<br \/>\n<a href=\"https:\/\/www.tst.jus.br\/\" target=\"_blank\" rel=\"noopener\">Tribunal Superior do Trabalho<\/a><br \/>\nTel. (61) 3043-4907\u00a0<br \/>\n<a href=\"mailto:secom@tst.jus.br\" target=\"\" rel=\"noopener\">secom@tst.jus.br<\/a><\/p>\n<\/div><\/div>\n<\/div>\n","protected":false},"excerpt":{"rendered":"<p>Para a S\u00e9tima Turma, ela foi punida por exercer um direito\u00a0 Detalhe de pessoa costurando sapato em m\u00e1quina industrial 03\/08\/22 &#8211;\u00a0A S\u00e9tima Turma do Tribunal Superior do Trabalho rejeitou o exame de recurso da Cal\u00e7ados Bottero Ltda. contra senten\u00e7a que a condenou a pagar indeniza\u00e7\u00e3o a uma auxiliar de costura de Sapiranga (RS) dispensada por [&hellip;]<\/p>\n","protected":false},"author":0,"featured_media":12600,"comment_status":"open","ping_status":"","sticky":false,"template":"","format":"standard","meta":{"footnotes":""},"categories":[5],"tags":[],"class_list":["post-12599","post","type-post","status-publish","format-standard","has-post-thumbnail","hentry","category-noticias-educacao-financeira"],"blocksy_meta":{"styles_descriptor":{"styles":{"desktop":"","tablet":"","mobile":""},"google_fonts":[],"version":6}},"yoast_head":"<!-- This site is optimized with the Yoast SEO plugin v27.4 - https:\/\/yoast.com\/product\/yoast-seo-wordpress\/ -->\n<title>F\u00e1brica de cal\u00e7ados \u00e9 condenada por dispensar auxiliar ap\u00f3s ajuizamento de a\u00e7\u00e3o - Contabilidade Caxias<\/title>\n<meta name=\"robots\" content=\"index, follow, max-snippet:-1, max-image-preview:large, max-video-preview:-1\" \/>\n<link rel=\"canonical\" href=\"https:\/\/contabilidadecaxias.com.br\/index.php\/2022\/08\/03\/fabrica-de-calcados-e-condenada-por-dispensar-auxiliar-apos-ajuizamento-de-acao\/\" \/>\n<meta property=\"og:locale\" content=\"pt_BR\" \/>\n<meta property=\"og:type\" content=\"article\" \/>\n<meta property=\"og:title\" content=\"F\u00e1brica de cal\u00e7ados \u00e9 condenada por dispensar auxiliar ap\u00f3s ajuizamento de a\u00e7\u00e3o - Contabilidade Caxias\" \/>\n<meta property=\"og:description\" content=\"Para a S\u00e9tima Turma, ela foi punida por exercer um direito\u00a0 Detalhe de pessoa costurando sapato em m\u00e1quina industrial 03\/08\/22 &#8211;\u00a0A S\u00e9tima Turma do Tribunal Superior do Trabalho rejeitou o exame de recurso da Cal\u00e7ados Bottero Ltda. contra senten\u00e7a que a condenou a pagar indeniza\u00e7\u00e3o a uma auxiliar de costura de Sapiranga (RS) dispensada por [&hellip;]\" \/>\n<meta property=\"og:url\" content=\"https:\/\/contabilidadecaxias.com.br\/index.php\/2022\/08\/03\/fabrica-de-calcados-e-condenada-por-dispensar-auxiliar-apos-ajuizamento-de-acao\/\" \/>\n<meta property=\"og:site_name\" content=\"Contabilidade Caxias\" \/>\n<meta property=\"article:published_time\" content=\"2022-08-03T16:09:29+00:00\" \/>\n<meta name=\"twitter:card\" content=\"summary_large_image\" \/>\n<meta name=\"twitter:label1\" content=\"Est. tempo de leitura\" \/>\n\t<meta name=\"twitter:data1\" content=\"2 minutos\" \/>\n<script type=\"application\/ld+json\" class=\"yoast-schema-graph\">{\"@context\":\"https:\\\/\\\/schema.org\",\"@graph\":[{\"@type\":\"Article\",\"@id\":\"https:\\\/\\\/contabilidadecaxias.com.br\\\/index.php\\\/2022\\\/08\\\/03\\\/fabrica-de-calcados-e-condenada-por-dispensar-auxiliar-apos-ajuizamento-de-acao\\\/#article\",\"isPartOf\":{\"@id\":\"https:\\\/\\\/contabilidadecaxias.com.br\\\/index.php\\\/2022\\\/08\\\/03\\\/fabrica-de-calcados-e-condenada-por-dispensar-auxiliar-apos-ajuizamento-de-acao\\\/\"},\"author\":{\"name\":\"\",\"@id\":\"\"},\"headline\":\"F\u00e1brica de cal\u00e7ados \u00e9 condenada por dispensar auxiliar ap\u00f3s ajuizamento de a\u00e7\u00e3o\",\"datePublished\":\"2022-08-03T16:09:29+00:00\",\"mainEntityOfPage\":{\"@id\":\"https:\\\/\\\/contabilidadecaxias.com.br\\\/index.php\\\/2022\\\/08\\\/03\\\/fabrica-de-calcados-e-condenada-por-dispensar-auxiliar-apos-ajuizamento-de-acao\\\/\"},\"wordCount\":472,\"commentCount\":0,\"image\":{\"@id\":\"https:\\\/\\\/contabilidadecaxias.com.br\\\/index.php\\\/2022\\\/08\\\/03\\\/fabrica-de-calcados-e-condenada-por-dispensar-auxiliar-apos-ajuizamento-de-acao\\\/#primaryimage\"},\"thumbnailUrl\":\"https:\\\/\\\/contabilidadecaxias.com.br\\\/wp-content\\\/uploads\\\/2022\\\/08\\\/65429475-c3db-68af-1b69-98d85f1b2791-oXc1x3.jpeg\",\"articleSection\":[\"Educa\u00e7\u00e3o Financeira\"],\"inLanguage\":\"pt-BR\",\"potentialAction\":[{\"@type\":\"CommentAction\",\"name\":\"Comment\",\"target\":[\"https:\\\/\\\/contabilidadecaxias.com.br\\\/index.php\\\/2022\\\/08\\\/03\\\/fabrica-de-calcados-e-condenada-por-dispensar-auxiliar-apos-ajuizamento-de-acao\\\/#respond\"]}]},{\"@type\":\"WebPage\",\"@id\":\"https:\\\/\\\/contabilidadecaxias.com.br\\\/index.php\\\/2022\\\/08\\\/03\\\/fabrica-de-calcados-e-condenada-por-dispensar-auxiliar-apos-ajuizamento-de-acao\\\/\",\"url\":\"https:\\\/\\\/contabilidadecaxias.com.br\\\/index.php\\\/2022\\\/08\\\/03\\\/fabrica-de-calcados-e-condenada-por-dispensar-auxiliar-apos-ajuizamento-de-acao\\\/\",\"name\":\"F\u00e1brica de cal\u00e7ados \u00e9 condenada por dispensar auxiliar ap\u00f3s ajuizamento de a\u00e7\u00e3o - Contabilidade Caxias\",\"isPartOf\":{\"@id\":\"https:\\\/\\\/contabilidadecaxias.com.br\\\/#website\"},\"primaryImageOfPage\":{\"@id\":\"https:\\\/\\\/contabilidadecaxias.com.br\\\/index.php\\\/2022\\\/08\\\/03\\\/fabrica-de-calcados-e-condenada-por-dispensar-auxiliar-apos-ajuizamento-de-acao\\\/#primaryimage\"},\"image\":{\"@id\":\"https:\\\/\\\/contabilidadecaxias.com.br\\\/index.php\\\/2022\\\/08\\\/03\\\/fabrica-de-calcados-e-condenada-por-dispensar-auxiliar-apos-ajuizamento-de-acao\\\/#primaryimage\"},\"thumbnailUrl\":\"https:\\\/\\\/contabilidadecaxias.com.br\\\/wp-content\\\/uploads\\\/2022\\\/08\\\/65429475-c3db-68af-1b69-98d85f1b2791-oXc1x3.jpeg\",\"datePublished\":\"2022-08-03T16:09:29+00:00\",\"author\":{\"@id\":\"\"},\"breadcrumb\":{\"@id\":\"https:\\\/\\\/contabilidadecaxias.com.br\\\/index.php\\\/2022\\\/08\\\/03\\\/fabrica-de-calcados-e-condenada-por-dispensar-auxiliar-apos-ajuizamento-de-acao\\\/#breadcrumb\"},\"inLanguage\":\"pt-BR\",\"potentialAction\":[{\"@type\":\"ReadAction\",\"target\":[\"https:\\\/\\\/contabilidadecaxias.com.br\\\/index.php\\\/2022\\\/08\\\/03\\\/fabrica-de-calcados-e-condenada-por-dispensar-auxiliar-apos-ajuizamento-de-acao\\\/\"]}]},{\"@type\":\"ImageObject\",\"inLanguage\":\"pt-BR\",\"@id\":\"https:\\\/\\\/contabilidadecaxias.com.br\\\/index.php\\\/2022\\\/08\\\/03\\\/fabrica-de-calcados-e-condenada-por-dispensar-auxiliar-apos-ajuizamento-de-acao\\\/#primaryimage\",\"url\":\"https:\\\/\\\/contabilidadecaxias.com.br\\\/wp-content\\\/uploads\\\/2022\\\/08\\\/65429475-c3db-68af-1b69-98d85f1b2791-oXc1x3.jpeg\",\"contentUrl\":\"https:\\\/\\\/contabilidadecaxias.com.br\\\/wp-content\\\/uploads\\\/2022\\\/08\\\/65429475-c3db-68af-1b69-98d85f1b2791-oXc1x3.jpeg\",\"width\":2121,\"height\":1414},{\"@type\":\"BreadcrumbList\",\"@id\":\"https:\\\/\\\/contabilidadecaxias.com.br\\\/index.php\\\/2022\\\/08\\\/03\\\/fabrica-de-calcados-e-condenada-por-dispensar-auxiliar-apos-ajuizamento-de-acao\\\/#breadcrumb\",\"itemListElement\":[{\"@type\":\"ListItem\",\"position\":1,\"name\":\"In\u00edcio\",\"item\":\"https:\\\/\\\/contabilidadecaxias.com.br\\\/\"},{\"@type\":\"ListItem\",\"position\":2,\"name\":\"F\u00e1brica de cal\u00e7ados \u00e9 condenada por dispensar auxiliar ap\u00f3s ajuizamento de a\u00e7\u00e3o\"}]},{\"@type\":\"WebSite\",\"@id\":\"https:\\\/\\\/contabilidadecaxias.com.br\\\/#website\",\"url\":\"https:\\\/\\\/contabilidadecaxias.com.br\\\/\",\"name\":\"Contabilidade Caxias\",\"description\":\"Site especializado em Contabilidade para Caxias.\",\"potentialAction\":[{\"@type\":\"SearchAction\",\"target\":{\"@type\":\"EntryPoint\",\"urlTemplate\":\"https:\\\/\\\/contabilidadecaxias.com.br\\\/?s={search_term_string}\"},\"query-input\":{\"@type\":\"PropertyValueSpecification\",\"valueRequired\":true,\"valueName\":\"search_term_string\"}}],\"inLanguage\":\"pt-BR\"}]}<\/script>\n<!-- \/ Yoast SEO plugin. -->","yoast_head_json":{"title":"F\u00e1brica de cal\u00e7ados \u00e9 condenada por dispensar auxiliar ap\u00f3s ajuizamento de a\u00e7\u00e3o - Contabilidade Caxias","robots":{"index":"index","follow":"follow","max-snippet":"max-snippet:-1","max-image-preview":"max-image-preview:large","max-video-preview":"max-video-preview:-1"},"canonical":"https:\/\/contabilidadecaxias.com.br\/index.php\/2022\/08\/03\/fabrica-de-calcados-e-condenada-por-dispensar-auxiliar-apos-ajuizamento-de-acao\/","og_locale":"pt_BR","og_type":"article","og_title":"F\u00e1brica de cal\u00e7ados \u00e9 condenada por dispensar auxiliar ap\u00f3s ajuizamento de a\u00e7\u00e3o - Contabilidade Caxias","og_description":"Para a S\u00e9tima Turma, ela foi punida por exercer um direito\u00a0 Detalhe de pessoa costurando sapato em m\u00e1quina industrial 03\/08\/22 &#8211;\u00a0A S\u00e9tima Turma do Tribunal Superior do Trabalho rejeitou o exame de recurso da Cal\u00e7ados Bottero Ltda. contra senten\u00e7a que a condenou a pagar indeniza\u00e7\u00e3o a uma auxiliar de costura de Sapiranga (RS) dispensada por [&hellip;]","og_url":"https:\/\/contabilidadecaxias.com.br\/index.php\/2022\/08\/03\/fabrica-de-calcados-e-condenada-por-dispensar-auxiliar-apos-ajuizamento-de-acao\/","og_site_name":"Contabilidade Caxias","article_published_time":"2022-08-03T16:09:29+00:00","twitter_card":"summary_large_image","twitter_misc":{"Est. tempo de leitura":"2 minutos"},"schema":{"@context":"https:\/\/schema.org","@graph":[{"@type":"Article","@id":"https:\/\/contabilidadecaxias.com.br\/index.php\/2022\/08\/03\/fabrica-de-calcados-e-condenada-por-dispensar-auxiliar-apos-ajuizamento-de-acao\/#article","isPartOf":{"@id":"https:\/\/contabilidadecaxias.com.br\/index.php\/2022\/08\/03\/fabrica-de-calcados-e-condenada-por-dispensar-auxiliar-apos-ajuizamento-de-acao\/"},"author":{"name":"","@id":""},"headline":"F\u00e1brica de cal\u00e7ados \u00e9 condenada por dispensar auxiliar ap\u00f3s ajuizamento de a\u00e7\u00e3o","datePublished":"2022-08-03T16:09:29+00:00","mainEntityOfPage":{"@id":"https:\/\/contabilidadecaxias.com.br\/index.php\/2022\/08\/03\/fabrica-de-calcados-e-condenada-por-dispensar-auxiliar-apos-ajuizamento-de-acao\/"},"wordCount":472,"commentCount":0,"image":{"@id":"https:\/\/contabilidadecaxias.com.br\/index.php\/2022\/08\/03\/fabrica-de-calcados-e-condenada-por-dispensar-auxiliar-apos-ajuizamento-de-acao\/#primaryimage"},"thumbnailUrl":"https:\/\/contabilidadecaxias.com.br\/wp-content\/uploads\/2022\/08\/65429475-c3db-68af-1b69-98d85f1b2791-oXc1x3.jpeg","articleSection":["Educa\u00e7\u00e3o Financeira"],"inLanguage":"pt-BR","potentialAction":[{"@type":"CommentAction","name":"Comment","target":["https:\/\/contabilidadecaxias.com.br\/index.php\/2022\/08\/03\/fabrica-de-calcados-e-condenada-por-dispensar-auxiliar-apos-ajuizamento-de-acao\/#respond"]}]},{"@type":"WebPage","@id":"https:\/\/contabilidadecaxias.com.br\/index.php\/2022\/08\/03\/fabrica-de-calcados-e-condenada-por-dispensar-auxiliar-apos-ajuizamento-de-acao\/","url":"https:\/\/contabilidadecaxias.com.br\/index.php\/2022\/08\/03\/fabrica-de-calcados-e-condenada-por-dispensar-auxiliar-apos-ajuizamento-de-acao\/","name":"F\u00e1brica de cal\u00e7ados \u00e9 condenada por dispensar auxiliar ap\u00f3s ajuizamento de a\u00e7\u00e3o - Contabilidade Caxias","isPartOf":{"@id":"https:\/\/contabilidadecaxias.com.br\/#website"},"primaryImageOfPage":{"@id":"https:\/\/contabilidadecaxias.com.br\/index.php\/2022\/08\/03\/fabrica-de-calcados-e-condenada-por-dispensar-auxiliar-apos-ajuizamento-de-acao\/#primaryimage"},"image":{"@id":"https:\/\/contabilidadecaxias.com.br\/index.php\/2022\/08\/03\/fabrica-de-calcados-e-condenada-por-dispensar-auxiliar-apos-ajuizamento-de-acao\/#primaryimage"},"thumbnailUrl":"https:\/\/contabilidadecaxias.com.br\/wp-content\/uploads\/2022\/08\/65429475-c3db-68af-1b69-98d85f1b2791-oXc1x3.jpeg","datePublished":"2022-08-03T16:09:29+00:00","author":{"@id":""},"breadcrumb":{"@id":"https:\/\/contabilidadecaxias.com.br\/index.php\/2022\/08\/03\/fabrica-de-calcados-e-condenada-por-dispensar-auxiliar-apos-ajuizamento-de-acao\/#breadcrumb"},"inLanguage":"pt-BR","potentialAction":[{"@type":"ReadAction","target":["https:\/\/contabilidadecaxias.com.br\/index.php\/2022\/08\/03\/fabrica-de-calcados-e-condenada-por-dispensar-auxiliar-apos-ajuizamento-de-acao\/"]}]},{"@type":"ImageObject","inLanguage":"pt-BR","@id":"https:\/\/contabilidadecaxias.com.br\/index.php\/2022\/08\/03\/fabrica-de-calcados-e-condenada-por-dispensar-auxiliar-apos-ajuizamento-de-acao\/#primaryimage","url":"https:\/\/contabilidadecaxias.com.br\/wp-content\/uploads\/2022\/08\/65429475-c3db-68af-1b69-98d85f1b2791-oXc1x3.jpeg","contentUrl":"https:\/\/contabilidadecaxias.com.br\/wp-content\/uploads\/2022\/08\/65429475-c3db-68af-1b69-98d85f1b2791-oXc1x3.jpeg","width":2121,"height":1414},{"@type":"BreadcrumbList","@id":"https:\/\/contabilidadecaxias.com.br\/index.php\/2022\/08\/03\/fabrica-de-calcados-e-condenada-por-dispensar-auxiliar-apos-ajuizamento-de-acao\/#breadcrumb","itemListElement":[{"@type":"ListItem","position":1,"name":"In\u00edcio","item":"https:\/\/contabilidadecaxias.com.br\/"},{"@type":"ListItem","position":2,"name":"F\u00e1brica de cal\u00e7ados \u00e9 condenada por dispensar auxiliar ap\u00f3s ajuizamento de a\u00e7\u00e3o"}]},{"@type":"WebSite","@id":"https:\/\/contabilidadecaxias.com.br\/#website","url":"https:\/\/contabilidadecaxias.com.br\/","name":"Contabilidade Caxias","description":"Site especializado em Contabilidade para Caxias.","potentialAction":[{"@type":"SearchAction","target":{"@type":"EntryPoint","urlTemplate":"https:\/\/contabilidadecaxias.com.br\/?s={search_term_string}"},"query-input":{"@type":"PropertyValueSpecification","valueRequired":true,"valueName":"search_term_string"}}],"inLanguage":"pt-BR"}]}},"_links":{"self":[{"href":"https:\/\/contabilidadecaxias.com.br\/index.php\/wp-json\/wp\/v2\/posts\/12599","targetHints":{"allow":["GET"]}}],"collection":[{"href":"https:\/\/contabilidadecaxias.com.br\/index.php\/wp-json\/wp\/v2\/posts"}],"about":[{"href":"https:\/\/contabilidadecaxias.com.br\/index.php\/wp-json\/wp\/v2\/types\/post"}],"replies":[{"embeddable":true,"href":"https:\/\/contabilidadecaxias.com.br\/index.php\/wp-json\/wp\/v2\/comments?post=12599"}],"version-history":[{"count":0,"href":"https:\/\/contabilidadecaxias.com.br\/index.php\/wp-json\/wp\/v2\/posts\/12599\/revisions"}],"wp:featuredmedia":[{"embeddable":true,"href":"https:\/\/contabilidadecaxias.com.br\/index.php\/wp-json\/wp\/v2\/media\/12600"}],"wp:attachment":[{"href":"https:\/\/contabilidadecaxias.com.br\/index.php\/wp-json\/wp\/v2\/media?parent=12599"}],"wp:term":[{"taxonomy":"category","embeddable":true,"href":"https:\/\/contabilidadecaxias.com.br\/index.php\/wp-json\/wp\/v2\/categories?post=12599"},{"taxonomy":"post_tag","embeddable":true,"href":"https:\/\/contabilidadecaxias.com.br\/index.php\/wp-json\/wp\/v2\/tags?post=12599"}],"curies":[{"name":"wp","href":"https:\/\/api.w.org\/{rel}","templated":true}]}}