{"id":12587,"date":"2022-08-02T20:09:18","date_gmt":"2022-08-02T23:09:18","guid":{"rendered":"https:\/\/contabilidadecaxias.com.br\/index.php\/2022\/08\/02\/abertas-as-inscricoes-para-seminario-internacional-sobre-competencias-da-justica-do-trabalho\/"},"modified":"2022-08-02T20:09:18","modified_gmt":"2022-08-02T23:09:18","slug":"abertas-as-inscricoes-para-seminario-internacional-sobre-competencias-da-justica-do-trabalho","status":"publish","type":"post","link":"https:\/\/contabilidadecaxias.com.br\/index.php\/2022\/08\/02\/abertas-as-inscricoes-para-seminario-internacional-sobre-competencias-da-justica-do-trabalho\/","title":{"rendered":"Abertas as inscri\u00e7\u00f5es para semin\u00e1rio internacional sobre compet\u00eancias da Justi\u00e7a do Trabalho"},"content":{"rendered":"<div class=\"noticia-wrapper\">\n<p><em><\/p>\n<p>Evento ocorrer\u00e1 nos dias 18 e 19 de agosto, na sede do TST<\/p>\n<p><\/em><\/p>\n<div class=\"social-media-share mobile\">\n        <a class=\"share-facebook\" href=\"https:\/\/www.facebook.com\/sharer.php?u=https:\/\/www.tst.jus.br\/-\/abertas-as-inscri%C3%A7%C3%B5es-para-semin%C3%A1rio-internacional-sobre-compet%C3%AAncias-da-justi%C3%A7a-do-trabalho\" target=\"_blank\" rel=\"noopener\"><\/a><br \/>\n        <a class=\"share-twitter\" href=\"https:\/\/twitter.com\/intent\/tweet?text=Abertas%20as%20inscri%C3%A7%C3%B5es%20para%20semin%C3%A1rio%20internacional%20sobre%20compet%C3%AAncias%20da%20Justi%C3%A7a%20do%20Trabalho%0AVeja%20mais%20em:&amp;url=https:\/\/www.tst.jus.br\/-\/abertas-as-inscri%C3%A7%C3%B5es-para-semin%C3%A1rio-internacional-sobre-compet%C3%AAncias-da-justi%C3%A7a-do-trabalho\" target=\"_blank\" rel=\"noopener\"><\/a><br \/>\n        <a class=\"share-linkedin\" href=\"https:\/\/www.linkedin.com\/shareArticle?mini=true&amp;url=https:\/\/www.tst.jus.br\/-\/abertas-as-inscri%C3%A7%C3%B5es-para-semin%C3%A1rio-internacional-sobre-compet%C3%AAncias-da-justi%C3%A7a-do-trabalho&amp;title=Abertas%20as%20inscri%C3%A7%C3%B5es%20para%20semin%C3%A1rio%20internacional%20sobre%20compet%C3%AAncias%20da%20Justi%C3%A7a%20do%20Trabalho\" target=\"_blank\" rel=\"noopener\"><\/a><br \/>\n        <a class=\"share-whatsapp\" href=\"https:\/\/web.whatsapp.com\/send?text=https:\/\/www.tst.jus.br\/-\/abertas-as-inscri%C3%A7%C3%B5es-para-semin%C3%A1rio-internacional-sobre-compet%C3%AAncias-da-justi%C3%A7a-do-trabalho\" target=\"_blank\" rel=\"noopener\"><\/a><br \/>\n        <a class=\"share-googleplus\" href=\"https:\/\/plus.google.com\/share?url=https:\/\/www.tst.jus.br\/-\/abertas-as-inscri%C3%A7%C3%B5es-para-semin%C3%A1rio-internacional-sobre-compet%C3%AAncias-da-justi%C3%A7a-do-trabalho\" target=\"_blank\" rel=\"noopener\"><\/a>\n    <\/div>\n<div class=\"news-body\">\n<div class=\"imagem-da-noticia\">\n<div class=\"social-media-share\">\n                    <a class=\"share-facebook\" href=\"https:\/\/www.facebook.com\/sharer.php?u=https:\/\/www.tst.jus.br\/-\/abertas-as-inscri%C3%A7%C3%B5es-para-semin%C3%A1rio-internacional-sobre-compet%C3%AAncias-da-justi%C3%A7a-do-trabalho\" target=\"_blank\" rel=\"noopener\"><\/a><br \/>\n                    <a class=\"share-twitter\" href=\"https:\/\/twitter.com\/intent\/tweet?text=Abertas%20as%20inscri%C3%A7%C3%B5es%20para%20semin%C3%A1rio%20internacional%20sobre%20compet%C3%AAncias%20da%20Justi%C3%A7a%20do%20Trabalho%0AVeja%20mais%20em:&amp;url=https:\/\/www.tst.jus.br\/-\/abertas-as-inscri%C3%A7%C3%B5es-para-semin%C3%A1rio-internacional-sobre-compet%C3%AAncias-da-justi%C3%A7a-do-trabalho\" target=\"_blank\" rel=\"noopener\"><\/a><br \/>\n                    <a class=\"share-linkedin\" href=\"https:\/\/www.linkedin.com\/shareArticle?mini=true&amp;url=https:\/\/www.tst.jus.br\/-\/abertas-as-inscri%C3%A7%C3%B5es-para-semin%C3%A1rio-internacional-sobre-compet%C3%AAncias-da-justi%C3%A7a-do-trabalho&amp;title=Abertas%20as%20inscri%C3%A7%C3%B5es%20para%20semin%C3%A1rio%20internacional%20sobre%20compet%C3%AAncias%20da%20Justi%C3%A7a%20do%20Trabalho\" target=\"_blank\" rel=\"noopener\"><\/a><br \/>\n                    <a class=\"share-whatsapp\" href=\"https:\/\/web.whatsapp.com\/send?text=https:\/\/www.tst.jus.br\/-\/abertas-as-inscri%C3%A7%C3%B5es-para-semin%C3%A1rio-internacional-sobre-compet%C3%AAncias-da-justi%C3%A7a-do-trabalho\" target=\"_blank\" rel=\"noopener\"><\/a><br \/>\n                    <a class=\"share-googleplus\" href=\"https:\/\/plus.google.com\/share?url=https:\/\/www.tst.jus.br\/-\/abertas-as-inscri%C3%A7%C3%B5es-para-semin%C3%A1rio-internacional-sobre-compet%C3%AAncias-da-justi%C3%A7a-do-trabalho\" target=\"_blank\" rel=\"noopener\"><\/a>\n                <\/div>\n<\/p><\/div>\n<div class=\"materia\">\n<p>02\/08\/22 &#8211; J\u00e1 est\u00e3o abertas as inscri\u00e7\u00f5es para o semin\u00e1rio internacional \u201cA Compet\u00eancia da Justi\u00e7a do Trabalho\u201d, promovido pelo Tribunal Superior do Trabalho (TST). Marcado para os dias 18 e 19 de agosto na sede do TST, em Bras\u00edlia, o evento ser\u00e1 presencial e reunir\u00e1 ministros do TST, do Supremo Tribunal Federal (STF) e do Superior Tribunal de Justi\u00e7a (STJ), juristas e docentes do Direito. <a href=\"https:\/\/docs.google.com\/forms\/d\/e\/1FAIpQLSfmjQg5STimLQNYzL77TFk2UXiz4rNqy7wlzVFsNWcXZr2ZrA\/viewform\" target=\"_blank\" rel=\"noopener\">Fa\u00e7a a sua inscri\u00e7\u00e3o<\/a> at\u00e9 as 15h do dia 17 de agosto.\u00a0<\/p>\n<p>O objetivo do semin\u00e1rio \u00e9 aprofundar as discuss\u00f5es referentes a avan\u00e7os e retrocessos quanto \u00e0s responsabilidades da Justi\u00e7a Trabalhista nos \u00faltimos anos.\u00a0Conforme o ministro Emmanoel Pereira, presidente do TST e do Conselho Superior da Justi\u00e7a do Trabalho (CSJT), o debate e a an\u00e1lise aprofundada do tema se fazem necess\u00e1rios para a valoriza\u00e7\u00e3o da Justi\u00e7a do Trabalho, que atua para promover o equil\u00edbrio das rela\u00e7\u00f5es entre capital e trabalho. \u201cSomos o Tribunal da Justi\u00e7a Social. Para que esse lema, que tanto nos orgulha, siga presente no dia a dia da sociedade, seguiremos promovendo o debate de alto n\u00edvel e as possibilidades para ampliarmos nossa presen\u00e7a ao lado do jurisdicionado\u201d, salienta.\u00a0<\/p>\n<p>A confer\u00eancia de abertura ser\u00e1 proferida pelo ministro aposentado do STF Nelson Jobim, presidente da Corte no bi\u00eanio 2004-2006, que falar\u00e1 sobre \u201cOs sentidos e os significados hist\u00f3ricos e constitucionais da compet\u00eancia da Justi\u00e7a do Trabalho e sua amplia\u00e7\u00e3o pela Emenda Constitucional 45\/2004\u201d. O ministro aposentado do STF Marco Aur\u00e9lio, presidente da Corte entre 2001 e 2003, far\u00e1 a confer\u00eancia de encerramento, intitulada \u201cOs desafios e o futuro da compet\u00eancia da Justi\u00e7a do Trabalho\u201d.\u00a0<\/p>\n<p>Tamb\u00e9m ser\u00e3o conferencistas o ministro do STF Lu\u00eds Roberto Barroso, o ministro do Superior Tribunal de Justi\u00e7a Marco Aur\u00e9lio Gastaldi Buzzi, o ministro do TST Cl\u00e1udio Mascarenhas Brand\u00e3o, a magistrada Rosa Mar\u00eda Virol\u00e9s Pi\u00f1ol, do Tribunal Supremo da Espanha, a conselheira da seccional do Rio de Janeiro da Ordem dos Advogados do Brasil (OAB\/RJ) Estela Aranha e a professora da Universidade de Bras\u00edlia (UnB) Gabriela Neves Delgado. A solenidade de abertura e o encerramento ser\u00e3o conduzidos pelo presidente do TST e do CSJT, ministro Emmanoel Pereira.<\/p>\n<h4>Servi\u00e7o<\/h4>\n<p>Semin\u00e1rio Internacional \u201cA Compet\u00eancia da Justi\u00e7a do Trabalho\u201d\u00a0<br \/>\nQuando: 18 e 19 de agosto<br \/>\nOnde: Audit\u00f3rio Ministro Mozart Victor Russomano, no 5\u00ba andar do Bloco B do\u00a0TST, em Bras\u00edlia.<br \/>\nInscri\u00e7\u00f5es <a href=\"https:\/\/docs.google.com\/forms\/d\/e\/1FAIpQLSfmjQg5STimLQNYzL77TFk2UXiz4rNqy7wlzVFsNWcXZr2ZrA\/viewform\" target=\"_blank\" rel=\"noopener\">aqui<\/a>.<\/p>\n<h4>(NP\/GS\/CF)\u00a0<\/h4>\n<\/div><\/div>\n<\/div>\n","protected":false},"excerpt":{"rendered":"<p>Evento ocorrer\u00e1 nos dias 18 e 19 de agosto, na sede do TST 02\/08\/22 &#8211; J\u00e1 est\u00e3o abertas as inscri\u00e7\u00f5es para o semin\u00e1rio internacional \u201cA Compet\u00eancia da Justi\u00e7a do Trabalho\u201d, promovido pelo Tribunal Superior do Trabalho (TST). Marcado para os dias 18 e 19 de agosto na sede do TST, em Bras\u00edlia, o evento ser\u00e1 [&hellip;]<\/p>\n","protected":false},"author":0,"featured_media":12588,"comment_status":"open","ping_status":"","sticky":false,"template":"","format":"standard","meta":{"footnotes":""},"categories":[5],"tags":[],"class_list":["post-12587","post","type-post","status-publish","format-standard","has-post-thumbnail","hentry","category-noticias-educacao-financeira"],"blocksy_meta":{"styles_descriptor":{"styles":{"desktop":"","tablet":"","mobile":""},"google_fonts":[],"version":6}},"yoast_head":"<!-- This site is optimized with the Yoast SEO plugin v27.4 - https:\/\/yoast.com\/product\/yoast-seo-wordpress\/ -->\n<title>Abertas as inscri\u00e7\u00f5es para semin\u00e1rio internacional sobre compet\u00eancias da Justi\u00e7a do Trabalho - Contabilidade Caxias<\/title>\n<meta name=\"robots\" content=\"index, follow, max-snippet:-1, max-image-preview:large, max-video-preview:-1\" \/>\n<link rel=\"canonical\" href=\"https:\/\/contabilidadecaxias.com.br\/index.php\/2022\/08\/02\/abertas-as-inscricoes-para-seminario-internacional-sobre-competencias-da-justica-do-trabalho\/\" \/>\n<meta property=\"og:locale\" content=\"pt_BR\" \/>\n<meta property=\"og:type\" content=\"article\" \/>\n<meta property=\"og:title\" content=\"Abertas as inscri\u00e7\u00f5es para semin\u00e1rio internacional sobre compet\u00eancias da Justi\u00e7a do Trabalho - Contabilidade Caxias\" \/>\n<meta property=\"og:description\" content=\"Evento ocorrer\u00e1 nos dias 18 e 19 de agosto, na sede do TST 02\/08\/22 &#8211; J\u00e1 est\u00e3o abertas as inscri\u00e7\u00f5es para o semin\u00e1rio internacional \u201cA Compet\u00eancia da Justi\u00e7a do Trabalho\u201d, promovido pelo Tribunal Superior do Trabalho (TST). Marcado para os dias 18 e 19 de agosto na sede do TST, em Bras\u00edlia, o evento ser\u00e1 [&hellip;]\" \/>\n<meta property=\"og:url\" content=\"https:\/\/contabilidadecaxias.com.br\/index.php\/2022\/08\/02\/abertas-as-inscricoes-para-seminario-internacional-sobre-competencias-da-justica-do-trabalho\/\" \/>\n<meta property=\"og:site_name\" content=\"Contabilidade Caxias\" \/>\n<meta property=\"article:published_time\" content=\"2022-08-02T23:09:18+00:00\" \/>\n<meta name=\"twitter:card\" content=\"summary_large_image\" \/>\n<meta name=\"twitter:label1\" content=\"Est. tempo de leitura\" \/>\n\t<meta name=\"twitter:data1\" content=\"2 minutos\" \/>\n<script type=\"application\/ld+json\" class=\"yoast-schema-graph\">{\"@context\":\"https:\\\/\\\/schema.org\",\"@graph\":[{\"@type\":\"Article\",\"@id\":\"https:\\\/\\\/contabilidadecaxias.com.br\\\/index.php\\\/2022\\\/08\\\/02\\\/abertas-as-inscricoes-para-seminario-internacional-sobre-competencias-da-justica-do-trabalho\\\/#article\",\"isPartOf\":{\"@id\":\"https:\\\/\\\/contabilidadecaxias.com.br\\\/index.php\\\/2022\\\/08\\\/02\\\/abertas-as-inscricoes-para-seminario-internacional-sobre-competencias-da-justica-do-trabalho\\\/\"},\"author\":{\"name\":\"\",\"@id\":\"\"},\"headline\":\"Abertas as inscri\u00e7\u00f5es para semin\u00e1rio internacional sobre compet\u00eancias da Justi\u00e7a do Trabalho\",\"datePublished\":\"2022-08-02T23:09:18+00:00\",\"mainEntityOfPage\":{\"@id\":\"https:\\\/\\\/contabilidadecaxias.com.br\\\/index.php\\\/2022\\\/08\\\/02\\\/abertas-as-inscricoes-para-seminario-internacional-sobre-competencias-da-justica-do-trabalho\\\/\"},\"wordCount\":452,\"commentCount\":0,\"image\":{\"@id\":\"https:\\\/\\\/contabilidadecaxias.com.br\\\/index.php\\\/2022\\\/08\\\/02\\\/abertas-as-inscricoes-para-seminario-internacional-sobre-competencias-da-justica-do-trabalho\\\/#primaryimage\"},\"thumbnailUrl\":\"https:\\\/\\\/contabilidadecaxias.com.br\\\/wp-content\\\/uploads\\\/2022\\\/08\\\/e5fdf7ac-506e-8488-bcfc-a71a8f9b36cc-tXt167.png\",\"articleSection\":[\"Educa\u00e7\u00e3o Financeira\"],\"inLanguage\":\"pt-BR\",\"potentialAction\":[{\"@type\":\"CommentAction\",\"name\":\"Comment\",\"target\":[\"https:\\\/\\\/contabilidadecaxias.com.br\\\/index.php\\\/2022\\\/08\\\/02\\\/abertas-as-inscricoes-para-seminario-internacional-sobre-competencias-da-justica-do-trabalho\\\/#respond\"]}]},{\"@type\":\"WebPage\",\"@id\":\"https:\\\/\\\/contabilidadecaxias.com.br\\\/index.php\\\/2022\\\/08\\\/02\\\/abertas-as-inscricoes-para-seminario-internacional-sobre-competencias-da-justica-do-trabalho\\\/\",\"url\":\"https:\\\/\\\/contabilidadecaxias.com.br\\\/index.php\\\/2022\\\/08\\\/02\\\/abertas-as-inscricoes-para-seminario-internacional-sobre-competencias-da-justica-do-trabalho\\\/\",\"name\":\"Abertas as inscri\u00e7\u00f5es para semin\u00e1rio internacional sobre compet\u00eancias da Justi\u00e7a do Trabalho - Contabilidade Caxias\",\"isPartOf\":{\"@id\":\"https:\\\/\\\/contabilidadecaxias.com.br\\\/#website\"},\"primaryImageOfPage\":{\"@id\":\"https:\\\/\\\/contabilidadecaxias.com.br\\\/index.php\\\/2022\\\/08\\\/02\\\/abertas-as-inscricoes-para-seminario-internacional-sobre-competencias-da-justica-do-trabalho\\\/#primaryimage\"},\"image\":{\"@id\":\"https:\\\/\\\/contabilidadecaxias.com.br\\\/index.php\\\/2022\\\/08\\\/02\\\/abertas-as-inscricoes-para-seminario-internacional-sobre-competencias-da-justica-do-trabalho\\\/#primaryimage\"},\"thumbnailUrl\":\"https:\\\/\\\/contabilidadecaxias.com.br\\\/wp-content\\\/uploads\\\/2022\\\/08\\\/e5fdf7ac-506e-8488-bcfc-a71a8f9b36cc-tXt167.png\",\"datePublished\":\"2022-08-02T23:09:18+00:00\",\"author\":{\"@id\":\"\"},\"breadcrumb\":{\"@id\":\"https:\\\/\\\/contabilidadecaxias.com.br\\\/index.php\\\/2022\\\/08\\\/02\\\/abertas-as-inscricoes-para-seminario-internacional-sobre-competencias-da-justica-do-trabalho\\\/#breadcrumb\"},\"inLanguage\":\"pt-BR\",\"potentialAction\":[{\"@type\":\"ReadAction\",\"target\":[\"https:\\\/\\\/contabilidadecaxias.com.br\\\/index.php\\\/2022\\\/08\\\/02\\\/abertas-as-inscricoes-para-seminario-internacional-sobre-competencias-da-justica-do-trabalho\\\/\"]}]},{\"@type\":\"ImageObject\",\"inLanguage\":\"pt-BR\",\"@id\":\"https:\\\/\\\/contabilidadecaxias.com.br\\\/index.php\\\/2022\\\/08\\\/02\\\/abertas-as-inscricoes-para-seminario-internacional-sobre-competencias-da-justica-do-trabalho\\\/#primaryimage\",\"url\":\"https:\\\/\\\/contabilidadecaxias.com.br\\\/wp-content\\\/uploads\\\/2022\\\/08\\\/e5fdf7ac-506e-8488-bcfc-a71a8f9b36cc-tXt167.png\",\"contentUrl\":\"https:\\\/\\\/contabilidadecaxias.com.br\\\/wp-content\\\/uploads\\\/2022\\\/08\\\/e5fdf7ac-506e-8488-bcfc-a71a8f9b36cc-tXt167.png\",\"width\":600,\"height\":400},{\"@type\":\"BreadcrumbList\",\"@id\":\"https:\\\/\\\/contabilidadecaxias.com.br\\\/index.php\\\/2022\\\/08\\\/02\\\/abertas-as-inscricoes-para-seminario-internacional-sobre-competencias-da-justica-do-trabalho\\\/#breadcrumb\",\"itemListElement\":[{\"@type\":\"ListItem\",\"position\":1,\"name\":\"In\u00edcio\",\"item\":\"https:\\\/\\\/contabilidadecaxias.com.br\\\/\"},{\"@type\":\"ListItem\",\"position\":2,\"name\":\"Abertas as inscri\u00e7\u00f5es para semin\u00e1rio internacional sobre compet\u00eancias da Justi\u00e7a do Trabalho\"}]},{\"@type\":\"WebSite\",\"@id\":\"https:\\\/\\\/contabilidadecaxias.com.br\\\/#website\",\"url\":\"https:\\\/\\\/contabilidadecaxias.com.br\\\/\",\"name\":\"Contabilidade Caxias\",\"description\":\"Site especializado em Contabilidade para Caxias.\",\"potentialAction\":[{\"@type\":\"SearchAction\",\"target\":{\"@type\":\"EntryPoint\",\"urlTemplate\":\"https:\\\/\\\/contabilidadecaxias.com.br\\\/?s={search_term_string}\"},\"query-input\":{\"@type\":\"PropertyValueSpecification\",\"valueRequired\":true,\"valueName\":\"search_term_string\"}}],\"inLanguage\":\"pt-BR\"}]}<\/script>\n<!-- \/ Yoast SEO plugin. -->","yoast_head_json":{"title":"Abertas as inscri\u00e7\u00f5es para semin\u00e1rio internacional sobre compet\u00eancias da Justi\u00e7a do Trabalho - Contabilidade Caxias","robots":{"index":"index","follow":"follow","max-snippet":"max-snippet:-1","max-image-preview":"max-image-preview:large","max-video-preview":"max-video-preview:-1"},"canonical":"https:\/\/contabilidadecaxias.com.br\/index.php\/2022\/08\/02\/abertas-as-inscricoes-para-seminario-internacional-sobre-competencias-da-justica-do-trabalho\/","og_locale":"pt_BR","og_type":"article","og_title":"Abertas as inscri\u00e7\u00f5es para semin\u00e1rio internacional sobre compet\u00eancias da Justi\u00e7a do Trabalho - Contabilidade Caxias","og_description":"Evento ocorrer\u00e1 nos dias 18 e 19 de agosto, na sede do TST 02\/08\/22 &#8211; J\u00e1 est\u00e3o abertas as inscri\u00e7\u00f5es para o semin\u00e1rio internacional \u201cA Compet\u00eancia da Justi\u00e7a do Trabalho\u201d, promovido pelo Tribunal Superior do Trabalho (TST). Marcado para os dias 18 e 19 de agosto na sede do TST, em Bras\u00edlia, o evento ser\u00e1 [&hellip;]","og_url":"https:\/\/contabilidadecaxias.com.br\/index.php\/2022\/08\/02\/abertas-as-inscricoes-para-seminario-internacional-sobre-competencias-da-justica-do-trabalho\/","og_site_name":"Contabilidade Caxias","article_published_time":"2022-08-02T23:09:18+00:00","twitter_card":"summary_large_image","twitter_misc":{"Est. tempo de leitura":"2 minutos"},"schema":{"@context":"https:\/\/schema.org","@graph":[{"@type":"Article","@id":"https:\/\/contabilidadecaxias.com.br\/index.php\/2022\/08\/02\/abertas-as-inscricoes-para-seminario-internacional-sobre-competencias-da-justica-do-trabalho\/#article","isPartOf":{"@id":"https:\/\/contabilidadecaxias.com.br\/index.php\/2022\/08\/02\/abertas-as-inscricoes-para-seminario-internacional-sobre-competencias-da-justica-do-trabalho\/"},"author":{"name":"","@id":""},"headline":"Abertas as inscri\u00e7\u00f5es para semin\u00e1rio internacional sobre compet\u00eancias da Justi\u00e7a do Trabalho","datePublished":"2022-08-02T23:09:18+00:00","mainEntityOfPage":{"@id":"https:\/\/contabilidadecaxias.com.br\/index.php\/2022\/08\/02\/abertas-as-inscricoes-para-seminario-internacional-sobre-competencias-da-justica-do-trabalho\/"},"wordCount":452,"commentCount":0,"image":{"@id":"https:\/\/contabilidadecaxias.com.br\/index.php\/2022\/08\/02\/abertas-as-inscricoes-para-seminario-internacional-sobre-competencias-da-justica-do-trabalho\/#primaryimage"},"thumbnailUrl":"https:\/\/contabilidadecaxias.com.br\/wp-content\/uploads\/2022\/08\/e5fdf7ac-506e-8488-bcfc-a71a8f9b36cc-tXt167.png","articleSection":["Educa\u00e7\u00e3o Financeira"],"inLanguage":"pt-BR","potentialAction":[{"@type":"CommentAction","name":"Comment","target":["https:\/\/contabilidadecaxias.com.br\/index.php\/2022\/08\/02\/abertas-as-inscricoes-para-seminario-internacional-sobre-competencias-da-justica-do-trabalho\/#respond"]}]},{"@type":"WebPage","@id":"https:\/\/contabilidadecaxias.com.br\/index.php\/2022\/08\/02\/abertas-as-inscricoes-para-seminario-internacional-sobre-competencias-da-justica-do-trabalho\/","url":"https:\/\/contabilidadecaxias.com.br\/index.php\/2022\/08\/02\/abertas-as-inscricoes-para-seminario-internacional-sobre-competencias-da-justica-do-trabalho\/","name":"Abertas as inscri\u00e7\u00f5es para semin\u00e1rio internacional sobre compet\u00eancias da Justi\u00e7a do Trabalho - Contabilidade Caxias","isPartOf":{"@id":"https:\/\/contabilidadecaxias.com.br\/#website"},"primaryImageOfPage":{"@id":"https:\/\/contabilidadecaxias.com.br\/index.php\/2022\/08\/02\/abertas-as-inscricoes-para-seminario-internacional-sobre-competencias-da-justica-do-trabalho\/#primaryimage"},"image":{"@id":"https:\/\/contabilidadecaxias.com.br\/index.php\/2022\/08\/02\/abertas-as-inscricoes-para-seminario-internacional-sobre-competencias-da-justica-do-trabalho\/#primaryimage"},"thumbnailUrl":"https:\/\/contabilidadecaxias.com.br\/wp-content\/uploads\/2022\/08\/e5fdf7ac-506e-8488-bcfc-a71a8f9b36cc-tXt167.png","datePublished":"2022-08-02T23:09:18+00:00","author":{"@id":""},"breadcrumb":{"@id":"https:\/\/contabilidadecaxias.com.br\/index.php\/2022\/08\/02\/abertas-as-inscricoes-para-seminario-internacional-sobre-competencias-da-justica-do-trabalho\/#breadcrumb"},"inLanguage":"pt-BR","potentialAction":[{"@type":"ReadAction","target":["https:\/\/contabilidadecaxias.com.br\/index.php\/2022\/08\/02\/abertas-as-inscricoes-para-seminario-internacional-sobre-competencias-da-justica-do-trabalho\/"]}]},{"@type":"ImageObject","inLanguage":"pt-BR","@id":"https:\/\/contabilidadecaxias.com.br\/index.php\/2022\/08\/02\/abertas-as-inscricoes-para-seminario-internacional-sobre-competencias-da-justica-do-trabalho\/#primaryimage","url":"https:\/\/contabilidadecaxias.com.br\/wp-content\/uploads\/2022\/08\/e5fdf7ac-506e-8488-bcfc-a71a8f9b36cc-tXt167.png","contentUrl":"https:\/\/contabilidadecaxias.com.br\/wp-content\/uploads\/2022\/08\/e5fdf7ac-506e-8488-bcfc-a71a8f9b36cc-tXt167.png","width":600,"height":400},{"@type":"BreadcrumbList","@id":"https:\/\/contabilidadecaxias.com.br\/index.php\/2022\/08\/02\/abertas-as-inscricoes-para-seminario-internacional-sobre-competencias-da-justica-do-trabalho\/#breadcrumb","itemListElement":[{"@type":"ListItem","position":1,"name":"In\u00edcio","item":"https:\/\/contabilidadecaxias.com.br\/"},{"@type":"ListItem","position":2,"name":"Abertas as inscri\u00e7\u00f5es para semin\u00e1rio internacional sobre compet\u00eancias da Justi\u00e7a do Trabalho"}]},{"@type":"WebSite","@id":"https:\/\/contabilidadecaxias.com.br\/#website","url":"https:\/\/contabilidadecaxias.com.br\/","name":"Contabilidade Caxias","description":"Site especializado em Contabilidade para Caxias.","potentialAction":[{"@type":"SearchAction","target":{"@type":"EntryPoint","urlTemplate":"https:\/\/contabilidadecaxias.com.br\/?s={search_term_string}"},"query-input":{"@type":"PropertyValueSpecification","valueRequired":true,"valueName":"search_term_string"}}],"inLanguage":"pt-BR"}]}},"_links":{"self":[{"href":"https:\/\/contabilidadecaxias.com.br\/index.php\/wp-json\/wp\/v2\/posts\/12587","targetHints":{"allow":["GET"]}}],"collection":[{"href":"https:\/\/contabilidadecaxias.com.br\/index.php\/wp-json\/wp\/v2\/posts"}],"about":[{"href":"https:\/\/contabilidadecaxias.com.br\/index.php\/wp-json\/wp\/v2\/types\/post"}],"replies":[{"embeddable":true,"href":"https:\/\/contabilidadecaxias.com.br\/index.php\/wp-json\/wp\/v2\/comments?post=12587"}],"version-history":[{"count":0,"href":"https:\/\/contabilidadecaxias.com.br\/index.php\/wp-json\/wp\/v2\/posts\/12587\/revisions"}],"wp:featuredmedia":[{"embeddable":true,"href":"https:\/\/contabilidadecaxias.com.br\/index.php\/wp-json\/wp\/v2\/media\/12588"}],"wp:attachment":[{"href":"https:\/\/contabilidadecaxias.com.br\/index.php\/wp-json\/wp\/v2\/media?parent=12587"}],"wp:term":[{"taxonomy":"category","embeddable":true,"href":"https:\/\/contabilidadecaxias.com.br\/index.php\/wp-json\/wp\/v2\/categories?post=12587"},{"taxonomy":"post_tag","embeddable":true,"href":"https:\/\/contabilidadecaxias.com.br\/index.php\/wp-json\/wp\/v2\/tags?post=12587"}],"curies":[{"name":"wp","href":"https:\/\/api.w.org\/{rel}","templated":true}]}}