{"id":12585,"date":"2022-08-02T20:09:13","date_gmt":"2022-08-02T23:09:13","guid":{"rendered":"https:\/\/contabilidadecaxias.com.br\/index.php\/2022\/08\/02\/trt-4-rj-ministro-caputo-bastos-inicia-correicao-ordinaria-no-tribunal\/"},"modified":"2022-08-02T20:09:13","modified_gmt":"2022-08-02T23:09:13","slug":"trt-4-rj-ministro-caputo-bastos-inicia-correicao-ordinaria-no-tribunal","status":"publish","type":"post","link":"https:\/\/contabilidadecaxias.com.br\/index.php\/2022\/08\/02\/trt-4-rj-ministro-caputo-bastos-inicia-correicao-ordinaria-no-tribunal\/","title":{"rendered":"TRT-4 (RJ): ministro Caputo Bastos inicia correi\u00e7\u00e3o ordin\u00e1ria no tribunal"},"content":{"rendered":"<div class=\"noticia-wrapper\">\n<p><em><\/p>\n<p>O ministro e sua equipe de assessores foram recebidos pelo presidente do TRT-4, desembargador Francisco Rossal de Ara\u00fajo, e pelo vice-presidente, desembargador Ricardo Martins Costa.<\/p>\n<p><\/em><\/p>\n<div class=\"social-media-share mobile\">\n        <a class=\"share-facebook\" href=\"https:\/\/www.facebook.com\/sharer.php?u=https:\/\/www.tst.jus.br\/-\/trt-4-rj-ministro-caputo-bastos-inicia-correi%C3%A7%C3%A3o-ordin%C3%A1ria-no-tribunal\" target=\"_blank\" rel=\"noopener\"><\/a><br \/>\n        <a class=\"share-twitter\" href=\"https:\/\/twitter.com\/intent\/tweet?text=TRT-4%20(RJ):%20ministro%20Caputo%20Bastos%20inicia%20correi%C3%A7%C3%A3o%20ordin%C3%A1ria%20no%20tribunal%0AVeja%20mais%20em:&amp;url=https:\/\/www.tst.jus.br\/-\/trt-4-rj-ministro-caputo-bastos-inicia-correi%C3%A7%C3%A3o-ordin%C3%A1ria-no-tribunal\" target=\"_blank\" rel=\"noopener\"><\/a><br \/>\n        <a class=\"share-linkedin\" href=\"https:\/\/www.linkedin.com\/shareArticle?mini=true&amp;url=https:\/\/www.tst.jus.br\/-\/trt-4-rj-ministro-caputo-bastos-inicia-correi%C3%A7%C3%A3o-ordin%C3%A1ria-no-tribunal&amp;title=TRT-4%20(RJ):%20ministro%20Caputo%20Bastos%20inicia%20correi%C3%A7%C3%A3o%20ordin%C3%A1ria%20no%20tribunal\" target=\"_blank\" rel=\"noopener\"><\/a><br \/>\n        <a class=\"share-whatsapp\" href=\"https:\/\/web.whatsapp.com\/send?text=https:\/\/www.tst.jus.br\/-\/trt-4-rj-ministro-caputo-bastos-inicia-correi%C3%A7%C3%A3o-ordin%C3%A1ria-no-tribunal\" target=\"_blank\" rel=\"noopener\"><\/a><br \/>\n        <a class=\"share-googleplus\" href=\"https:\/\/plus.google.com\/share?url=https:\/\/www.tst.jus.br\/-\/trt-4-rj-ministro-caputo-bastos-inicia-correi%C3%A7%C3%A3o-ordin%C3%A1ria-no-tribunal\" target=\"_blank\" rel=\"noopener\"><\/a>\n    <\/div>\n<div class=\"news-body\">\n<div class=\"imagem-da-noticia\">\n<p>Ministro Caputo Bastos reunido com as desembargadoras e desembargadores do TRT-4 (RS). (Foto: TRT da 4\u00aa Regi\u00e3o)<\/p>\n<div class=\"social-media-share\">\n                    <a class=\"share-facebook\" href=\"https:\/\/www.facebook.com\/sharer.php?u=https:\/\/www.tst.jus.br\/-\/trt-4-rj-ministro-caputo-bastos-inicia-correi%C3%A7%C3%A3o-ordin%C3%A1ria-no-tribunal\" target=\"_blank\" rel=\"noopener\"><\/a><br \/>\n                    <a class=\"share-twitter\" href=\"https:\/\/twitter.com\/intent\/tweet?text=TRT-4%20(RJ):%20ministro%20Caputo%20Bastos%20inicia%20correi%C3%A7%C3%A3o%20ordin%C3%A1ria%20no%20tribunal%0AVeja%20mais%20em:&amp;url=https:\/\/www.tst.jus.br\/-\/trt-4-rj-ministro-caputo-bastos-inicia-correi%C3%A7%C3%A3o-ordin%C3%A1ria-no-tribunal\" target=\"_blank\" rel=\"noopener\"><\/a><br \/>\n                    <a class=\"share-linkedin\" href=\"https:\/\/www.linkedin.com\/shareArticle?mini=true&amp;url=https:\/\/www.tst.jus.br\/-\/trt-4-rj-ministro-caputo-bastos-inicia-correi%C3%A7%C3%A3o-ordin%C3%A1ria-no-tribunal&amp;title=TRT-4%20(RJ):%20ministro%20Caputo%20Bastos%20inicia%20correi%C3%A7%C3%A3o%20ordin%C3%A1ria%20no%20tribunal\" target=\"_blank\" rel=\"noopener\"><\/a><br \/>\n                    <a class=\"share-whatsapp\" href=\"https:\/\/web.whatsapp.com\/send?text=https:\/\/www.tst.jus.br\/-\/trt-4-rj-ministro-caputo-bastos-inicia-correi%C3%A7%C3%A3o-ordin%C3%A1ria-no-tribunal\" target=\"_blank\" rel=\"noopener\"><\/a><br \/>\n                    <a class=\"share-googleplus\" href=\"https:\/\/plus.google.com\/share?url=https:\/\/www.tst.jus.br\/-\/trt-4-rj-ministro-caputo-bastos-inicia-correi%C3%A7%C3%A3o-ordin%C3%A1ria-no-tribunal\" target=\"_blank\" rel=\"noopener\"><\/a>\n                <\/div>\n<\/p><\/div>\n<div class=\"materia\">\n<p><strong>2\/8\/2022<\/strong> &#8211; O corregedor-geral da Justi\u00e7a do Trabalho, ministro Guilherme Augusto Caputo Bastos, iniciou nesta segunda-feira (1\u00ba) a correi\u00e7\u00e3o ordin\u00e1ria no Tribunal Regional do Trabalho da 4\u00aa Regi\u00e3o (RS). Durante a semana, o ministro avaliar\u00e1 o desempenho geral do TRT-4, analisando dados de movimenta\u00e7\u00e3o processual, tempos de tramita\u00e7\u00e3o, observ\u00e2ncia de prazos, adequa\u00e7\u00e3o de procedimentos \u00e0s normas legais, dentre outros aspectos.\u00a0<\/p>\n<p>O ministro Caputo Bastos e sua equipe de assessores foram recebidos pelo presidente do TRT-4, desembargador Francisco Rossal de Ara\u00fajo, e pelo vice-presidente, desembargador Ricardo Martins Costa. A primeira atividade foi uma reuni\u00e3o do ministro com desembargadores da Administra\u00e7\u00e3o e ju\u00edzes auxiliares do TRT-4, no gabinete da Vice-Presid\u00eancia.<\/p>\n<p>Na sequ\u00eancia, o corregedor e sua equipe conversaram, no Sal\u00e3o Nobre, com gestores de \u00e1reas judici\u00e1rias e administrativas do Tribunal, a respeito da correi\u00e7\u00e3o. A agenda da tarde foi dedicada a uma reuni\u00e3o coletiva com os desembargadores da Corte, tamb\u00e9m sobre a correi\u00e7\u00e3o, e audi\u00eancias individuais pr\u00e9-agendadas com desembargadores ativos e aposentados do TRT-4.<\/p>\n<p><strong>Correi\u00e7\u00e3o<\/strong><\/p>\n<p>Em paralelo \u00e0s atividades correicionais, a semana ser\u00e1 de reuni\u00f5es do ministro com magistrados, advogados e entidades. Ainda est\u00e3o programadas visitas a institui\u00e7\u00f5es externas e unidades do TRT-4, como Cejuscs e Escola Judicial. A correi\u00e7\u00e3o ser\u00e1 encerrada na sexta-feira (5), \u00e0s 10h, com a sess\u00e3o do Tribunal Pleno para a leitura da ata. Na ocasi\u00e3o, o corregedor-geral apresentar\u00e1 suas observa\u00e7\u00f5es, determina\u00e7\u00f5es e recomenda\u00e7\u00f5es ao TRT-4.<\/p>\n<p>A correi\u00e7\u00e3o ordin\u00e1ria junto aos TRTs tem mais \u00eanfase no segundo grau de jurisdi\u00e7\u00e3o, embora tamb\u00e9m avalie quest\u00f5es da primeira inst\u00e2ncia e administrativas.<\/p>\n<p><strong>Solidariedade\u00a0<\/strong><\/p>\n<p>A edi\u00e7\u00e3o da &#8220;Corregedoria Solid\u00e1ria&#8221; no TRT-4 est\u00e1 arrecadando alimentos e recursos para compra de g\u00eaneros aliment\u00edcios at\u00e9 quinta-feira (4\/8). No Rio Grande do Sul, ela est\u00e1 sendo realizada em conjunto com a iniciativa &#8220;Ajudando quem Precisa&#8221;, promovida em uma parceria do TRT-4 com o Sintrajufe\/RS e a Amatra IV, desde maio de 2020.<\/p>\n<p>Pr\u00e9dio-Sede do Tribunal (entrada da Marc\u00edlio Dias e no sagu\u00e3o);<br \/>\nForo Trabalhista de Porto Alegre (t\u00e9rreo, em frente aos elevadores);\u00a0<br \/>\nForos Trabalhistas de Sapiranga e S\u00e3o Leopoldo.<\/p>\n<p>Doa\u00e7\u00f5es em dinheiro pelo pix ou conta banc\u00e1ria da Amatra IV: \u00a0<\/p>\n<p>\tChave Pix: convenios@amatra4.org.br<br \/>\n\tBanco Sicredi \u2013 748<br \/>\n\tAg\u00eancia: 0106<br \/>\n\tConta Corrente 06711-3<br \/>\n\tCNPJ 89.514.111\/0001-20<\/p>\n<p>As arrecada\u00e7\u00f5es podem ser feitos em:<\/p>\n<p>\tPr\u00e9dio-Sede do Tribunal (entrada da Marc\u00edlio Dias e no sagu\u00e3o);<br \/>\n\tForo Trabalhista de Porto Alegre (t\u00e9rreo, em frente aos elevadores);\u00a0<br \/>\n\tForos Trabalhistas de Sapiranga e S\u00e3o Leopoldo.<\/p>\n<p><em>Com informa\u00e7\u00f5es do <a href=\"https:\/\/www.trt4.jus.br\/portais\/trt4\/modulos\/noticias\/516264\" target=\"_blank\" rel=\"noopener\"><strong>TRT da 4\u00aa Regi\u00e3o (RS)<\/strong><\/a><\/em><\/p>\n<\/div><\/div>\n<\/div>\n","protected":false},"excerpt":{"rendered":"<p>O ministro e sua equipe de assessores foram recebidos pelo presidente do TRT-4, desembargador Francisco Rossal de Ara\u00fajo, e pelo vice-presidente, desembargador Ricardo Martins Costa. Ministro Caputo Bastos reunido com as desembargadoras e desembargadores do TRT-4 (RS). (Foto: TRT da 4\u00aa Regi\u00e3o) 2\/8\/2022 &#8211; O corregedor-geral da Justi\u00e7a do Trabalho, ministro Guilherme Augusto Caputo Bastos, [&hellip;]<\/p>\n","protected":false},"author":0,"featured_media":12586,"comment_status":"open","ping_status":"","sticky":false,"template":"","format":"standard","meta":{"footnotes":""},"categories":[5],"tags":[],"class_list":["post-12585","post","type-post","status-publish","format-standard","has-post-thumbnail","hentry","category-noticias-educacao-financeira"],"blocksy_meta":{"styles_descriptor":{"styles":{"desktop":"","tablet":"","mobile":""},"google_fonts":[],"version":6}},"yoast_head":"<!-- This site is optimized with the Yoast SEO plugin v27.4 - https:\/\/yoast.com\/product\/yoast-seo-wordpress\/ -->\n<title>TRT-4 (RJ): ministro Caputo Bastos inicia correi\u00e7\u00e3o ordin\u00e1ria no tribunal - Contabilidade Caxias<\/title>\n<meta name=\"robots\" content=\"index, follow, max-snippet:-1, max-image-preview:large, max-video-preview:-1\" \/>\n<link rel=\"canonical\" href=\"https:\/\/contabilidadecaxias.com.br\/index.php\/2022\/08\/02\/trt-4-rj-ministro-caputo-bastos-inicia-correicao-ordinaria-no-tribunal\/\" \/>\n<meta property=\"og:locale\" content=\"pt_BR\" \/>\n<meta property=\"og:type\" content=\"article\" \/>\n<meta property=\"og:title\" content=\"TRT-4 (RJ): ministro Caputo Bastos inicia correi\u00e7\u00e3o ordin\u00e1ria no tribunal - Contabilidade Caxias\" \/>\n<meta property=\"og:description\" content=\"O ministro e sua equipe de assessores foram recebidos pelo presidente do TRT-4, desembargador Francisco Rossal de Ara\u00fajo, e pelo vice-presidente, desembargador Ricardo Martins Costa. Ministro Caputo Bastos reunido com as desembargadoras e desembargadores do TRT-4 (RS). (Foto: TRT da 4\u00aa Regi\u00e3o) 2\/8\/2022 &#8211; O corregedor-geral da Justi\u00e7a do Trabalho, ministro Guilherme Augusto Caputo Bastos, [&hellip;]\" \/>\n<meta property=\"og:url\" content=\"https:\/\/contabilidadecaxias.com.br\/index.php\/2022\/08\/02\/trt-4-rj-ministro-caputo-bastos-inicia-correicao-ordinaria-no-tribunal\/\" \/>\n<meta property=\"og:site_name\" content=\"Contabilidade Caxias\" \/>\n<meta property=\"article:published_time\" content=\"2022-08-02T23:09:13+00:00\" \/>\n<meta name=\"twitter:card\" content=\"summary_large_image\" \/>\n<meta name=\"twitter:label1\" content=\"Est. tempo de leitura\" \/>\n\t<meta name=\"twitter:data1\" content=\"2 minutos\" \/>\n<script type=\"application\/ld+json\" class=\"yoast-schema-graph\">{\"@context\":\"https:\\\/\\\/schema.org\",\"@graph\":[{\"@type\":\"Article\",\"@id\":\"https:\\\/\\\/contabilidadecaxias.com.br\\\/index.php\\\/2022\\\/08\\\/02\\\/trt-4-rj-ministro-caputo-bastos-inicia-correicao-ordinaria-no-tribunal\\\/#article\",\"isPartOf\":{\"@id\":\"https:\\\/\\\/contabilidadecaxias.com.br\\\/index.php\\\/2022\\\/08\\\/02\\\/trt-4-rj-ministro-caputo-bastos-inicia-correicao-ordinaria-no-tribunal\\\/\"},\"author\":{\"name\":\"\",\"@id\":\"\"},\"headline\":\"TRT-4 (RJ): ministro Caputo Bastos inicia correi\u00e7\u00e3o ordin\u00e1ria no tribunal\",\"datePublished\":\"2022-08-02T23:09:13+00:00\",\"mainEntityOfPage\":{\"@id\":\"https:\\\/\\\/contabilidadecaxias.com.br\\\/index.php\\\/2022\\\/08\\\/02\\\/trt-4-rj-ministro-caputo-bastos-inicia-correicao-ordinaria-no-tribunal\\\/\"},\"wordCount\":506,\"commentCount\":0,\"image\":{\"@id\":\"https:\\\/\\\/contabilidadecaxias.com.br\\\/index.php\\\/2022\\\/08\\\/02\\\/trt-4-rj-ministro-caputo-bastos-inicia-correicao-ordinaria-no-tribunal\\\/#primaryimage\"},\"thumbnailUrl\":\"https:\\\/\\\/contabilidadecaxias.com.br\\\/wp-content\\\/uploads\\\/2022\\\/08\\\/d82cb55f-90fa-8763-4d1f-b84d468c72f6-85seRx.png\",\"articleSection\":[\"Educa\u00e7\u00e3o Financeira\"],\"inLanguage\":\"pt-BR\",\"potentialAction\":[{\"@type\":\"CommentAction\",\"name\":\"Comment\",\"target\":[\"https:\\\/\\\/contabilidadecaxias.com.br\\\/index.php\\\/2022\\\/08\\\/02\\\/trt-4-rj-ministro-caputo-bastos-inicia-correicao-ordinaria-no-tribunal\\\/#respond\"]}]},{\"@type\":\"WebPage\",\"@id\":\"https:\\\/\\\/contabilidadecaxias.com.br\\\/index.php\\\/2022\\\/08\\\/02\\\/trt-4-rj-ministro-caputo-bastos-inicia-correicao-ordinaria-no-tribunal\\\/\",\"url\":\"https:\\\/\\\/contabilidadecaxias.com.br\\\/index.php\\\/2022\\\/08\\\/02\\\/trt-4-rj-ministro-caputo-bastos-inicia-correicao-ordinaria-no-tribunal\\\/\",\"name\":\"TRT-4 (RJ): ministro Caputo Bastos inicia correi\u00e7\u00e3o ordin\u00e1ria no tribunal - Contabilidade Caxias\",\"isPartOf\":{\"@id\":\"https:\\\/\\\/contabilidadecaxias.com.br\\\/#website\"},\"primaryImageOfPage\":{\"@id\":\"https:\\\/\\\/contabilidadecaxias.com.br\\\/index.php\\\/2022\\\/08\\\/02\\\/trt-4-rj-ministro-caputo-bastos-inicia-correicao-ordinaria-no-tribunal\\\/#primaryimage\"},\"image\":{\"@id\":\"https:\\\/\\\/contabilidadecaxias.com.br\\\/index.php\\\/2022\\\/08\\\/02\\\/trt-4-rj-ministro-caputo-bastos-inicia-correicao-ordinaria-no-tribunal\\\/#primaryimage\"},\"thumbnailUrl\":\"https:\\\/\\\/contabilidadecaxias.com.br\\\/wp-content\\\/uploads\\\/2022\\\/08\\\/d82cb55f-90fa-8763-4d1f-b84d468c72f6-85seRx.png\",\"datePublished\":\"2022-08-02T23:09:13+00:00\",\"author\":{\"@id\":\"\"},\"breadcrumb\":{\"@id\":\"https:\\\/\\\/contabilidadecaxias.com.br\\\/index.php\\\/2022\\\/08\\\/02\\\/trt-4-rj-ministro-caputo-bastos-inicia-correicao-ordinaria-no-tribunal\\\/#breadcrumb\"},\"inLanguage\":\"pt-BR\",\"potentialAction\":[{\"@type\":\"ReadAction\",\"target\":[\"https:\\\/\\\/contabilidadecaxias.com.br\\\/index.php\\\/2022\\\/08\\\/02\\\/trt-4-rj-ministro-caputo-bastos-inicia-correicao-ordinaria-no-tribunal\\\/\"]}]},{\"@type\":\"ImageObject\",\"inLanguage\":\"pt-BR\",\"@id\":\"https:\\\/\\\/contabilidadecaxias.com.br\\\/index.php\\\/2022\\\/08\\\/02\\\/trt-4-rj-ministro-caputo-bastos-inicia-correicao-ordinaria-no-tribunal\\\/#primaryimage\",\"url\":\"https:\\\/\\\/contabilidadecaxias.com.br\\\/wp-content\\\/uploads\\\/2022\\\/08\\\/d82cb55f-90fa-8763-4d1f-b84d468c72f6-85seRx.png\",\"contentUrl\":\"https:\\\/\\\/contabilidadecaxias.com.br\\\/wp-content\\\/uploads\\\/2022\\\/08\\\/d82cb55f-90fa-8763-4d1f-b84d468c72f6-85seRx.png\",\"width\":810,\"height\":540},{\"@type\":\"BreadcrumbList\",\"@id\":\"https:\\\/\\\/contabilidadecaxias.com.br\\\/index.php\\\/2022\\\/08\\\/02\\\/trt-4-rj-ministro-caputo-bastos-inicia-correicao-ordinaria-no-tribunal\\\/#breadcrumb\",\"itemListElement\":[{\"@type\":\"ListItem\",\"position\":1,\"name\":\"In\u00edcio\",\"item\":\"https:\\\/\\\/contabilidadecaxias.com.br\\\/\"},{\"@type\":\"ListItem\",\"position\":2,\"name\":\"TRT-4 (RJ): ministro Caputo Bastos inicia correi\u00e7\u00e3o ordin\u00e1ria no tribunal\"}]},{\"@type\":\"WebSite\",\"@id\":\"https:\\\/\\\/contabilidadecaxias.com.br\\\/#website\",\"url\":\"https:\\\/\\\/contabilidadecaxias.com.br\\\/\",\"name\":\"Contabilidade Caxias\",\"description\":\"Site especializado em Contabilidade para Caxias.\",\"potentialAction\":[{\"@type\":\"SearchAction\",\"target\":{\"@type\":\"EntryPoint\",\"urlTemplate\":\"https:\\\/\\\/contabilidadecaxias.com.br\\\/?s={search_term_string}\"},\"query-input\":{\"@type\":\"PropertyValueSpecification\",\"valueRequired\":true,\"valueName\":\"search_term_string\"}}],\"inLanguage\":\"pt-BR\"}]}<\/script>\n<!-- \/ Yoast SEO plugin. -->","yoast_head_json":{"title":"TRT-4 (RJ): ministro Caputo Bastos inicia correi\u00e7\u00e3o ordin\u00e1ria no tribunal - Contabilidade Caxias","robots":{"index":"index","follow":"follow","max-snippet":"max-snippet:-1","max-image-preview":"max-image-preview:large","max-video-preview":"max-video-preview:-1"},"canonical":"https:\/\/contabilidadecaxias.com.br\/index.php\/2022\/08\/02\/trt-4-rj-ministro-caputo-bastos-inicia-correicao-ordinaria-no-tribunal\/","og_locale":"pt_BR","og_type":"article","og_title":"TRT-4 (RJ): ministro Caputo Bastos inicia correi\u00e7\u00e3o ordin\u00e1ria no tribunal - Contabilidade Caxias","og_description":"O ministro e sua equipe de assessores foram recebidos pelo presidente do TRT-4, desembargador Francisco Rossal de Ara\u00fajo, e pelo vice-presidente, desembargador Ricardo Martins Costa. Ministro Caputo Bastos reunido com as desembargadoras e desembargadores do TRT-4 (RS). (Foto: TRT da 4\u00aa Regi\u00e3o) 2\/8\/2022 &#8211; O corregedor-geral da Justi\u00e7a do Trabalho, ministro Guilherme Augusto Caputo Bastos, [&hellip;]","og_url":"https:\/\/contabilidadecaxias.com.br\/index.php\/2022\/08\/02\/trt-4-rj-ministro-caputo-bastos-inicia-correicao-ordinaria-no-tribunal\/","og_site_name":"Contabilidade Caxias","article_published_time":"2022-08-02T23:09:13+00:00","twitter_card":"summary_large_image","twitter_misc":{"Est. tempo de leitura":"2 minutos"},"schema":{"@context":"https:\/\/schema.org","@graph":[{"@type":"Article","@id":"https:\/\/contabilidadecaxias.com.br\/index.php\/2022\/08\/02\/trt-4-rj-ministro-caputo-bastos-inicia-correicao-ordinaria-no-tribunal\/#article","isPartOf":{"@id":"https:\/\/contabilidadecaxias.com.br\/index.php\/2022\/08\/02\/trt-4-rj-ministro-caputo-bastos-inicia-correicao-ordinaria-no-tribunal\/"},"author":{"name":"","@id":""},"headline":"TRT-4 (RJ): ministro Caputo Bastos inicia correi\u00e7\u00e3o ordin\u00e1ria no tribunal","datePublished":"2022-08-02T23:09:13+00:00","mainEntityOfPage":{"@id":"https:\/\/contabilidadecaxias.com.br\/index.php\/2022\/08\/02\/trt-4-rj-ministro-caputo-bastos-inicia-correicao-ordinaria-no-tribunal\/"},"wordCount":506,"commentCount":0,"image":{"@id":"https:\/\/contabilidadecaxias.com.br\/index.php\/2022\/08\/02\/trt-4-rj-ministro-caputo-bastos-inicia-correicao-ordinaria-no-tribunal\/#primaryimage"},"thumbnailUrl":"https:\/\/contabilidadecaxias.com.br\/wp-content\/uploads\/2022\/08\/d82cb55f-90fa-8763-4d1f-b84d468c72f6-85seRx.png","articleSection":["Educa\u00e7\u00e3o Financeira"],"inLanguage":"pt-BR","potentialAction":[{"@type":"CommentAction","name":"Comment","target":["https:\/\/contabilidadecaxias.com.br\/index.php\/2022\/08\/02\/trt-4-rj-ministro-caputo-bastos-inicia-correicao-ordinaria-no-tribunal\/#respond"]}]},{"@type":"WebPage","@id":"https:\/\/contabilidadecaxias.com.br\/index.php\/2022\/08\/02\/trt-4-rj-ministro-caputo-bastos-inicia-correicao-ordinaria-no-tribunal\/","url":"https:\/\/contabilidadecaxias.com.br\/index.php\/2022\/08\/02\/trt-4-rj-ministro-caputo-bastos-inicia-correicao-ordinaria-no-tribunal\/","name":"TRT-4 (RJ): ministro Caputo Bastos inicia correi\u00e7\u00e3o ordin\u00e1ria no tribunal - Contabilidade Caxias","isPartOf":{"@id":"https:\/\/contabilidadecaxias.com.br\/#website"},"primaryImageOfPage":{"@id":"https:\/\/contabilidadecaxias.com.br\/index.php\/2022\/08\/02\/trt-4-rj-ministro-caputo-bastos-inicia-correicao-ordinaria-no-tribunal\/#primaryimage"},"image":{"@id":"https:\/\/contabilidadecaxias.com.br\/index.php\/2022\/08\/02\/trt-4-rj-ministro-caputo-bastos-inicia-correicao-ordinaria-no-tribunal\/#primaryimage"},"thumbnailUrl":"https:\/\/contabilidadecaxias.com.br\/wp-content\/uploads\/2022\/08\/d82cb55f-90fa-8763-4d1f-b84d468c72f6-85seRx.png","datePublished":"2022-08-02T23:09:13+00:00","author":{"@id":""},"breadcrumb":{"@id":"https:\/\/contabilidadecaxias.com.br\/index.php\/2022\/08\/02\/trt-4-rj-ministro-caputo-bastos-inicia-correicao-ordinaria-no-tribunal\/#breadcrumb"},"inLanguage":"pt-BR","potentialAction":[{"@type":"ReadAction","target":["https:\/\/contabilidadecaxias.com.br\/index.php\/2022\/08\/02\/trt-4-rj-ministro-caputo-bastos-inicia-correicao-ordinaria-no-tribunal\/"]}]},{"@type":"ImageObject","inLanguage":"pt-BR","@id":"https:\/\/contabilidadecaxias.com.br\/index.php\/2022\/08\/02\/trt-4-rj-ministro-caputo-bastos-inicia-correicao-ordinaria-no-tribunal\/#primaryimage","url":"https:\/\/contabilidadecaxias.com.br\/wp-content\/uploads\/2022\/08\/d82cb55f-90fa-8763-4d1f-b84d468c72f6-85seRx.png","contentUrl":"https:\/\/contabilidadecaxias.com.br\/wp-content\/uploads\/2022\/08\/d82cb55f-90fa-8763-4d1f-b84d468c72f6-85seRx.png","width":810,"height":540},{"@type":"BreadcrumbList","@id":"https:\/\/contabilidadecaxias.com.br\/index.php\/2022\/08\/02\/trt-4-rj-ministro-caputo-bastos-inicia-correicao-ordinaria-no-tribunal\/#breadcrumb","itemListElement":[{"@type":"ListItem","position":1,"name":"In\u00edcio","item":"https:\/\/contabilidadecaxias.com.br\/"},{"@type":"ListItem","position":2,"name":"TRT-4 (RJ): ministro Caputo Bastos inicia correi\u00e7\u00e3o ordin\u00e1ria no tribunal"}]},{"@type":"WebSite","@id":"https:\/\/contabilidadecaxias.com.br\/#website","url":"https:\/\/contabilidadecaxias.com.br\/","name":"Contabilidade Caxias","description":"Site especializado em Contabilidade para Caxias.","potentialAction":[{"@type":"SearchAction","target":{"@type":"EntryPoint","urlTemplate":"https:\/\/contabilidadecaxias.com.br\/?s={search_term_string}"},"query-input":{"@type":"PropertyValueSpecification","valueRequired":true,"valueName":"search_term_string"}}],"inLanguage":"pt-BR"}]}},"_links":{"self":[{"href":"https:\/\/contabilidadecaxias.com.br\/index.php\/wp-json\/wp\/v2\/posts\/12585","targetHints":{"allow":["GET"]}}],"collection":[{"href":"https:\/\/contabilidadecaxias.com.br\/index.php\/wp-json\/wp\/v2\/posts"}],"about":[{"href":"https:\/\/contabilidadecaxias.com.br\/index.php\/wp-json\/wp\/v2\/types\/post"}],"replies":[{"embeddable":true,"href":"https:\/\/contabilidadecaxias.com.br\/index.php\/wp-json\/wp\/v2\/comments?post=12585"}],"version-history":[{"count":0,"href":"https:\/\/contabilidadecaxias.com.br\/index.php\/wp-json\/wp\/v2\/posts\/12585\/revisions"}],"wp:featuredmedia":[{"embeddable":true,"href":"https:\/\/contabilidadecaxias.com.br\/index.php\/wp-json\/wp\/v2\/media\/12586"}],"wp:attachment":[{"href":"https:\/\/contabilidadecaxias.com.br\/index.php\/wp-json\/wp\/v2\/media?parent=12585"}],"wp:term":[{"taxonomy":"category","embeddable":true,"href":"https:\/\/contabilidadecaxias.com.br\/index.php\/wp-json\/wp\/v2\/categories?post=12585"},{"taxonomy":"post_tag","embeddable":true,"href":"https:\/\/contabilidadecaxias.com.br\/index.php\/wp-json\/wp\/v2\/tags?post=12585"}],"curies":[{"name":"wp","href":"https:\/\/api.w.org\/{rel}","templated":true}]}}