{"id":12583,"date":"2022-08-02T20:08:34","date_gmt":"2022-08-02T23:08:34","guid":{"rendered":"https:\/\/contabilidadecaxias.com.br\/index.php\/2022\/08\/02\/tst-passa-a-fazer-parte-do-pacto-nacional-pela-primeira-infancia-do-cnj\/"},"modified":"2022-08-02T20:08:34","modified_gmt":"2022-08-02T23:08:34","slug":"tst-passa-a-fazer-parte-do-pacto-nacional-pela-primeira-infancia-do-cnj","status":"publish","type":"post","link":"https:\/\/contabilidadecaxias.com.br\/index.php\/2022\/08\/02\/tst-passa-a-fazer-parte-do-pacto-nacional-pela-primeira-infancia-do-cnj\/","title":{"rendered":"TST passa a fazer parte do Pacto Nacional pela Primeira Inf\u00e2ncia do CNJ"},"content":{"rendered":"<div class=\"noticia-wrapper\">\n<p><em><\/p>\n<p>O presidente do TST, ministro Emmanoel Pereira, conheceu o projeto e garantiu que o Tribunal contribuir\u00e1 com a constru\u00e7\u00e3o da pol\u00edtica permanente em prol da crian\u00e7a e do adolescente<\/p>\n<p><\/em><\/p>\n<div class=\"social-media-share mobile\">\n        <a class=\"share-facebook\" href=\"https:\/\/www.facebook.com\/sharer.php?u=https:\/\/www.tst.jus.br\/-\/tst-passa-a-fazer-parte-do-pacto-nacional-pela-primeira-inf%C3%A2ncia-do-cnj\" target=\"_blank\" rel=\"noopener\"><\/a><br \/>\n        <a class=\"share-twitter\" href=\"https:\/\/twitter.com\/intent\/tweet?text=TST%20passa%20a%20fazer%20parte%20do%20Pacto%20Nacional%20pela%20Primeira%20Inf%C3%A2ncia%20do%20CNJ%0AVeja%20mais%20em:&amp;url=https:\/\/www.tst.jus.br\/-\/tst-passa-a-fazer-parte-do-pacto-nacional-pela-primeira-inf%C3%A2ncia-do-cnj\" target=\"_blank\" rel=\"noopener\"><\/a><br \/>\n        <a class=\"share-linkedin\" href=\"https:\/\/www.linkedin.com\/shareArticle?mini=true&amp;url=https:\/\/www.tst.jus.br\/-\/tst-passa-a-fazer-parte-do-pacto-nacional-pela-primeira-inf%C3%A2ncia-do-cnj&amp;title=TST%20passa%20a%20fazer%20parte%20do%20Pacto%20Nacional%20pela%20Primeira%20Inf%C3%A2ncia%20do%20CNJ\" target=\"_blank\" rel=\"noopener\"><\/a><br \/>\n        <a class=\"share-whatsapp\" href=\"https:\/\/web.whatsapp.com\/send?text=https:\/\/www.tst.jus.br\/-\/tst-passa-a-fazer-parte-do-pacto-nacional-pela-primeira-inf%C3%A2ncia-do-cnj\" target=\"_blank\" rel=\"noopener\"><\/a><br \/>\n        <a class=\"share-googleplus\" href=\"https:\/\/plus.google.com\/share?url=https:\/\/www.tst.jus.br\/-\/tst-passa-a-fazer-parte-do-pacto-nacional-pela-primeira-inf%C3%A2ncia-do-cnj\" target=\"_blank\" rel=\"noopener\"><\/a>\n    <\/div>\n<div class=\"news-body\">\n<div class=\"imagem-da-noticia\">\n<div class=\"social-media-share\">\n                    <a class=\"share-facebook\" href=\"https:\/\/www.facebook.com\/sharer.php?u=https:\/\/www.tst.jus.br\/-\/tst-passa-a-fazer-parte-do-pacto-nacional-pela-primeira-inf%C3%A2ncia-do-cnj\" target=\"_blank\" rel=\"noopener\"><\/a><br \/>\n                    <a class=\"share-twitter\" href=\"https:\/\/twitter.com\/intent\/tweet?text=TST%20passa%20a%20fazer%20parte%20do%20Pacto%20Nacional%20pela%20Primeira%20Inf%C3%A2ncia%20do%20CNJ%0AVeja%20mais%20em:&amp;url=https:\/\/www.tst.jus.br\/-\/tst-passa-a-fazer-parte-do-pacto-nacional-pela-primeira-inf%C3%A2ncia-do-cnj\" target=\"_blank\" rel=\"noopener\"><\/a><br \/>\n                    <a class=\"share-linkedin\" href=\"https:\/\/www.linkedin.com\/shareArticle?mini=true&amp;url=https:\/\/www.tst.jus.br\/-\/tst-passa-a-fazer-parte-do-pacto-nacional-pela-primeira-inf%C3%A2ncia-do-cnj&amp;title=TST%20passa%20a%20fazer%20parte%20do%20Pacto%20Nacional%20pela%20Primeira%20Inf%C3%A2ncia%20do%20CNJ\" target=\"_blank\" rel=\"noopener\"><\/a><br \/>\n                    <a class=\"share-whatsapp\" href=\"https:\/\/web.whatsapp.com\/send?text=https:\/\/www.tst.jus.br\/-\/tst-passa-a-fazer-parte-do-pacto-nacional-pela-primeira-inf%C3%A2ncia-do-cnj\" target=\"_blank\" rel=\"noopener\"><\/a><br \/>\n                    <a class=\"share-googleplus\" href=\"https:\/\/plus.google.com\/share?url=https:\/\/www.tst.jus.br\/-\/tst-passa-a-fazer-parte-do-pacto-nacional-pela-primeira-inf%C3%A2ncia-do-cnj\" target=\"_blank\" rel=\"noopener\"><\/a>\n                <\/div>\n<\/p><\/div>\n<div class=\"materia\">\n<p>02\/08\/22 &#8211; O Tribunal Superior do Trabalho (TST) ingressou como signat\u00e1rio do Pacto Nacional pela Primeira Inf\u00e2ncia, do Conselho Nacional de Justi\u00e7a (CNJ). O presidente do TST, ministro Emmanoel Pereira, ratificou a ades\u00e3o da Corte ao projeto ap\u00f3s visita da ju\u00edza auxiliar da Presid\u00eancia do CNJ, Tr\u00edcia Navarro Xavier Cabral, e da gerente da a\u00e7\u00e3o, Iv\u00e2nia Ghesti.\u00a0<\/p>\n<p>De acordo com o ministro Emmanoel Pereira, a miss\u00e3o do TST, assim como de toda a Justi\u00e7a do Trabalho, \u00e9 investir esfor\u00e7os no desenvolvimento de setores que necessitem da sua tutela jurisdicional. \u201cA inclus\u00e3o precisa fazer parte da realidade de vastas minorias sociais que abrigamos na nossa sociedade. As crian\u00e7as, em especial, necessitam de uma prote\u00e7\u00e3o ainda maior e um cuidado permanente\u201d, ressaltou.\u00a0<\/p>\n<p>Para a ju\u00edza auxiliar da Presid\u00eancia do CNJ, a primeira inf\u00e2ncia \u00e9 uma fase crucial para o desenvolvimento da pessoa. Atualmente, h\u00e1 in\u00fameras a\u00e7\u00f5es que podem ser feitas em termos de pol\u00edticas p\u00fablicas para que as crian\u00e7as se desenvolvam com mais aten\u00e7\u00e3o. \u201cEm rela\u00e7\u00e3o \u00e0 Justi\u00e7a do Trabalho, queremos iniciar um projeto relativo \u00e0 quest\u00e3o das licen\u00e7as maternidade e paternidade, que \u00e9 uma pauta importante para a primeira inf\u00e2ncia e que tem reflexos no crescimento da crian\u00e7a\u201d, afirmou Tr\u00edcia Navarro.\u00a0<\/p>\n<h4>Pacto Nacional pela Primeira Inf\u00e2ncia<\/h4>\n<p>O Pacto Nacional pela Primeira Inf\u00e2ncia teve in\u00edcio em 2019, na gest\u00e3o do ministro Dias Toffoli \u00e0 frente do CNJ. J\u00e1 foram executadas in\u00fameras a\u00e7\u00f5es, que consistiram em diagn\u00f3stico, pesquisa, boas pr\u00e1ticas e semin\u00e1rios em todas as regi\u00f5es do pa\u00eds. O projeto j\u00e1 apresenta grande impacto nos sistemas de justi\u00e7a e de garantias e direitos. Um dos objetivos \u00e9 criar, no \u00e2mbito do CNJ, uma pol\u00edtica nacional voltada \u00e0 inf\u00e2ncia e \u00e0 juventude, com o apoio da Justi\u00e7a do Trabalho.<\/p>\n<p>Al\u00e9m disso, o pacto formalizou o projeto \u201cJusti\u00e7a Come\u00e7a na Inf\u00e2ncia: Fortalecendo a Atua\u00e7\u00e3o do Sistema de Justi\u00e7a na Promo\u00e7\u00e3o de Direitos para o Desenvolvimento Humano Integral&#8221;. A a\u00e7\u00e3o \u00e9 uma parceria firmada do CNJ com o Minist\u00e9rio da Justi\u00e7a e Seguran\u00e7a P\u00fablica. O objetivo \u00e9 promover o fortalecimento das institui\u00e7\u00f5es p\u00fablicas voltadas \u00e0 garantia dos direitos difusos e coletivos previstos no artigo 227 da Constitui\u00e7\u00e3o Federal, no Estatuto da Crian\u00e7a e do Adolescente (ECA) e no Marco Legal da Primeira Inf\u00e2ncia, tendo como meta o aprimoramento dos servi\u00e7os prestados por essas institui\u00e7\u00f5es.\u00a0<\/p>\n<p>(RT\/MF)<\/p>\n<\/div><\/div>\n<\/div>\n","protected":false},"excerpt":{"rendered":"<p>O presidente do TST, ministro Emmanoel Pereira, conheceu o projeto e garantiu que o Tribunal contribuir\u00e1 com a constru\u00e7\u00e3o da pol\u00edtica permanente em prol da crian\u00e7a e do adolescente 02\/08\/22 &#8211; O Tribunal Superior do Trabalho (TST) ingressou como signat\u00e1rio do Pacto Nacional pela Primeira Inf\u00e2ncia, do Conselho Nacional de Justi\u00e7a (CNJ). O presidente do [&hellip;]<\/p>\n","protected":false},"author":0,"featured_media":12584,"comment_status":"open","ping_status":"","sticky":false,"template":"","format":"standard","meta":{"footnotes":""},"categories":[5],"tags":[],"class_list":["post-12583","post","type-post","status-publish","format-standard","has-post-thumbnail","hentry","category-noticias-educacao-financeira"],"blocksy_meta":{"styles_descriptor":{"styles":{"desktop":"","tablet":"","mobile":""},"google_fonts":[],"version":6}},"yoast_head":"<!-- This site is optimized with the Yoast SEO plugin v27.4 - https:\/\/yoast.com\/product\/yoast-seo-wordpress\/ -->\n<title>TST passa a fazer parte do Pacto Nacional pela Primeira Inf\u00e2ncia do CNJ - Contabilidade Caxias<\/title>\n<meta name=\"robots\" content=\"index, follow, max-snippet:-1, max-image-preview:large, max-video-preview:-1\" \/>\n<link rel=\"canonical\" href=\"https:\/\/contabilidadecaxias.com.br\/index.php\/2022\/08\/02\/tst-passa-a-fazer-parte-do-pacto-nacional-pela-primeira-infancia-do-cnj\/\" \/>\n<meta property=\"og:locale\" content=\"pt_BR\" \/>\n<meta property=\"og:type\" content=\"article\" \/>\n<meta property=\"og:title\" content=\"TST passa a fazer parte do Pacto Nacional pela Primeira Inf\u00e2ncia do CNJ - Contabilidade Caxias\" \/>\n<meta property=\"og:description\" content=\"O presidente do TST, ministro Emmanoel Pereira, conheceu o projeto e garantiu que o Tribunal contribuir\u00e1 com a constru\u00e7\u00e3o da pol\u00edtica permanente em prol da crian\u00e7a e do adolescente 02\/08\/22 &#8211; O Tribunal Superior do Trabalho (TST) ingressou como signat\u00e1rio do Pacto Nacional pela Primeira Inf\u00e2ncia, do Conselho Nacional de Justi\u00e7a (CNJ). O presidente do [&hellip;]\" \/>\n<meta property=\"og:url\" content=\"https:\/\/contabilidadecaxias.com.br\/index.php\/2022\/08\/02\/tst-passa-a-fazer-parte-do-pacto-nacional-pela-primeira-infancia-do-cnj\/\" \/>\n<meta property=\"og:site_name\" content=\"Contabilidade Caxias\" \/>\n<meta property=\"article:published_time\" content=\"2022-08-02T23:08:34+00:00\" \/>\n<meta name=\"twitter:card\" content=\"summary_large_image\" \/>\n<meta name=\"twitter:label1\" content=\"Est. tempo de leitura\" \/>\n\t<meta name=\"twitter:data1\" content=\"2 minutos\" \/>\n<script type=\"application\/ld+json\" class=\"yoast-schema-graph\">{\"@context\":\"https:\\\/\\\/schema.org\",\"@graph\":[{\"@type\":\"Article\",\"@id\":\"https:\\\/\\\/contabilidadecaxias.com.br\\\/index.php\\\/2022\\\/08\\\/02\\\/tst-passa-a-fazer-parte-do-pacto-nacional-pela-primeira-infancia-do-cnj\\\/#article\",\"isPartOf\":{\"@id\":\"https:\\\/\\\/contabilidadecaxias.com.br\\\/index.php\\\/2022\\\/08\\\/02\\\/tst-passa-a-fazer-parte-do-pacto-nacional-pela-primeira-infancia-do-cnj\\\/\"},\"author\":{\"name\":\"\",\"@id\":\"\"},\"headline\":\"TST passa a fazer parte do Pacto Nacional pela Primeira Inf\u00e2ncia do CNJ\",\"datePublished\":\"2022-08-02T23:08:34+00:00\",\"mainEntityOfPage\":{\"@id\":\"https:\\\/\\\/contabilidadecaxias.com.br\\\/index.php\\\/2022\\\/08\\\/02\\\/tst-passa-a-fazer-parte-do-pacto-nacional-pela-primeira-infancia-do-cnj\\\/\"},\"wordCount\":477,\"commentCount\":0,\"image\":{\"@id\":\"https:\\\/\\\/contabilidadecaxias.com.br\\\/index.php\\\/2022\\\/08\\\/02\\\/tst-passa-a-fazer-parte-do-pacto-nacional-pela-primeira-infancia-do-cnj\\\/#primaryimage\"},\"thumbnailUrl\":\"https:\\\/\\\/contabilidadecaxias.com.br\\\/wp-content\\\/uploads\\\/2022\\\/08\\\/2d3965dd-1a71-cbca-1ea8-65fb507f9fbf-E9853b-scaled.jpeg\",\"articleSection\":[\"Educa\u00e7\u00e3o Financeira\"],\"inLanguage\":\"pt-BR\",\"potentialAction\":[{\"@type\":\"CommentAction\",\"name\":\"Comment\",\"target\":[\"https:\\\/\\\/contabilidadecaxias.com.br\\\/index.php\\\/2022\\\/08\\\/02\\\/tst-passa-a-fazer-parte-do-pacto-nacional-pela-primeira-infancia-do-cnj\\\/#respond\"]}]},{\"@type\":\"WebPage\",\"@id\":\"https:\\\/\\\/contabilidadecaxias.com.br\\\/index.php\\\/2022\\\/08\\\/02\\\/tst-passa-a-fazer-parte-do-pacto-nacional-pela-primeira-infancia-do-cnj\\\/\",\"url\":\"https:\\\/\\\/contabilidadecaxias.com.br\\\/index.php\\\/2022\\\/08\\\/02\\\/tst-passa-a-fazer-parte-do-pacto-nacional-pela-primeira-infancia-do-cnj\\\/\",\"name\":\"TST passa a fazer parte do Pacto Nacional pela Primeira Inf\u00e2ncia do CNJ - Contabilidade Caxias\",\"isPartOf\":{\"@id\":\"https:\\\/\\\/contabilidadecaxias.com.br\\\/#website\"},\"primaryImageOfPage\":{\"@id\":\"https:\\\/\\\/contabilidadecaxias.com.br\\\/index.php\\\/2022\\\/08\\\/02\\\/tst-passa-a-fazer-parte-do-pacto-nacional-pela-primeira-infancia-do-cnj\\\/#primaryimage\"},\"image\":{\"@id\":\"https:\\\/\\\/contabilidadecaxias.com.br\\\/index.php\\\/2022\\\/08\\\/02\\\/tst-passa-a-fazer-parte-do-pacto-nacional-pela-primeira-infancia-do-cnj\\\/#primaryimage\"},\"thumbnailUrl\":\"https:\\\/\\\/contabilidadecaxias.com.br\\\/wp-content\\\/uploads\\\/2022\\\/08\\\/2d3965dd-1a71-cbca-1ea8-65fb507f9fbf-E9853b-scaled.jpeg\",\"datePublished\":\"2022-08-02T23:08:34+00:00\",\"author\":{\"@id\":\"\"},\"breadcrumb\":{\"@id\":\"https:\\\/\\\/contabilidadecaxias.com.br\\\/index.php\\\/2022\\\/08\\\/02\\\/tst-passa-a-fazer-parte-do-pacto-nacional-pela-primeira-infancia-do-cnj\\\/#breadcrumb\"},\"inLanguage\":\"pt-BR\",\"potentialAction\":[{\"@type\":\"ReadAction\",\"target\":[\"https:\\\/\\\/contabilidadecaxias.com.br\\\/index.php\\\/2022\\\/08\\\/02\\\/tst-passa-a-fazer-parte-do-pacto-nacional-pela-primeira-infancia-do-cnj\\\/\"]}]},{\"@type\":\"ImageObject\",\"inLanguage\":\"pt-BR\",\"@id\":\"https:\\\/\\\/contabilidadecaxias.com.br\\\/index.php\\\/2022\\\/08\\\/02\\\/tst-passa-a-fazer-parte-do-pacto-nacional-pela-primeira-infancia-do-cnj\\\/#primaryimage\",\"url\":\"https:\\\/\\\/contabilidadecaxias.com.br\\\/wp-content\\\/uploads\\\/2022\\\/08\\\/2d3965dd-1a71-cbca-1ea8-65fb507f9fbf-E9853b-scaled.jpeg\",\"contentUrl\":\"https:\\\/\\\/contabilidadecaxias.com.br\\\/wp-content\\\/uploads\\\/2022\\\/08\\\/2d3965dd-1a71-cbca-1ea8-65fb507f9fbf-E9853b-scaled.jpeg\",\"width\":2560,\"height\":1707},{\"@type\":\"BreadcrumbList\",\"@id\":\"https:\\\/\\\/contabilidadecaxias.com.br\\\/index.php\\\/2022\\\/08\\\/02\\\/tst-passa-a-fazer-parte-do-pacto-nacional-pela-primeira-infancia-do-cnj\\\/#breadcrumb\",\"itemListElement\":[{\"@type\":\"ListItem\",\"position\":1,\"name\":\"In\u00edcio\",\"item\":\"https:\\\/\\\/contabilidadecaxias.com.br\\\/\"},{\"@type\":\"ListItem\",\"position\":2,\"name\":\"TST passa a fazer parte do Pacto Nacional pela Primeira Inf\u00e2ncia do CNJ\"}]},{\"@type\":\"WebSite\",\"@id\":\"https:\\\/\\\/contabilidadecaxias.com.br\\\/#website\",\"url\":\"https:\\\/\\\/contabilidadecaxias.com.br\\\/\",\"name\":\"Contabilidade Caxias\",\"description\":\"Site especializado em Contabilidade para Caxias.\",\"potentialAction\":[{\"@type\":\"SearchAction\",\"target\":{\"@type\":\"EntryPoint\",\"urlTemplate\":\"https:\\\/\\\/contabilidadecaxias.com.br\\\/?s={search_term_string}\"},\"query-input\":{\"@type\":\"PropertyValueSpecification\",\"valueRequired\":true,\"valueName\":\"search_term_string\"}}],\"inLanguage\":\"pt-BR\"}]}<\/script>\n<!-- \/ Yoast SEO plugin. -->","yoast_head_json":{"title":"TST passa a fazer parte do Pacto Nacional pela Primeira Inf\u00e2ncia do CNJ - Contabilidade Caxias","robots":{"index":"index","follow":"follow","max-snippet":"max-snippet:-1","max-image-preview":"max-image-preview:large","max-video-preview":"max-video-preview:-1"},"canonical":"https:\/\/contabilidadecaxias.com.br\/index.php\/2022\/08\/02\/tst-passa-a-fazer-parte-do-pacto-nacional-pela-primeira-infancia-do-cnj\/","og_locale":"pt_BR","og_type":"article","og_title":"TST passa a fazer parte do Pacto Nacional pela Primeira Inf\u00e2ncia do CNJ - Contabilidade Caxias","og_description":"O presidente do TST, ministro Emmanoel Pereira, conheceu o projeto e garantiu que o Tribunal contribuir\u00e1 com a constru\u00e7\u00e3o da pol\u00edtica permanente em prol da crian\u00e7a e do adolescente 02\/08\/22 &#8211; O Tribunal Superior do Trabalho (TST) ingressou como signat\u00e1rio do Pacto Nacional pela Primeira Inf\u00e2ncia, do Conselho Nacional de Justi\u00e7a (CNJ). O presidente do [&hellip;]","og_url":"https:\/\/contabilidadecaxias.com.br\/index.php\/2022\/08\/02\/tst-passa-a-fazer-parte-do-pacto-nacional-pela-primeira-infancia-do-cnj\/","og_site_name":"Contabilidade Caxias","article_published_time":"2022-08-02T23:08:34+00:00","twitter_card":"summary_large_image","twitter_misc":{"Est. tempo de leitura":"2 minutos"},"schema":{"@context":"https:\/\/schema.org","@graph":[{"@type":"Article","@id":"https:\/\/contabilidadecaxias.com.br\/index.php\/2022\/08\/02\/tst-passa-a-fazer-parte-do-pacto-nacional-pela-primeira-infancia-do-cnj\/#article","isPartOf":{"@id":"https:\/\/contabilidadecaxias.com.br\/index.php\/2022\/08\/02\/tst-passa-a-fazer-parte-do-pacto-nacional-pela-primeira-infancia-do-cnj\/"},"author":{"name":"","@id":""},"headline":"TST passa a fazer parte do Pacto Nacional pela Primeira Inf\u00e2ncia do CNJ","datePublished":"2022-08-02T23:08:34+00:00","mainEntityOfPage":{"@id":"https:\/\/contabilidadecaxias.com.br\/index.php\/2022\/08\/02\/tst-passa-a-fazer-parte-do-pacto-nacional-pela-primeira-infancia-do-cnj\/"},"wordCount":477,"commentCount":0,"image":{"@id":"https:\/\/contabilidadecaxias.com.br\/index.php\/2022\/08\/02\/tst-passa-a-fazer-parte-do-pacto-nacional-pela-primeira-infancia-do-cnj\/#primaryimage"},"thumbnailUrl":"https:\/\/contabilidadecaxias.com.br\/wp-content\/uploads\/2022\/08\/2d3965dd-1a71-cbca-1ea8-65fb507f9fbf-E9853b-scaled.jpeg","articleSection":["Educa\u00e7\u00e3o Financeira"],"inLanguage":"pt-BR","potentialAction":[{"@type":"CommentAction","name":"Comment","target":["https:\/\/contabilidadecaxias.com.br\/index.php\/2022\/08\/02\/tst-passa-a-fazer-parte-do-pacto-nacional-pela-primeira-infancia-do-cnj\/#respond"]}]},{"@type":"WebPage","@id":"https:\/\/contabilidadecaxias.com.br\/index.php\/2022\/08\/02\/tst-passa-a-fazer-parte-do-pacto-nacional-pela-primeira-infancia-do-cnj\/","url":"https:\/\/contabilidadecaxias.com.br\/index.php\/2022\/08\/02\/tst-passa-a-fazer-parte-do-pacto-nacional-pela-primeira-infancia-do-cnj\/","name":"TST passa a fazer parte do Pacto Nacional pela Primeira Inf\u00e2ncia do CNJ - Contabilidade Caxias","isPartOf":{"@id":"https:\/\/contabilidadecaxias.com.br\/#website"},"primaryImageOfPage":{"@id":"https:\/\/contabilidadecaxias.com.br\/index.php\/2022\/08\/02\/tst-passa-a-fazer-parte-do-pacto-nacional-pela-primeira-infancia-do-cnj\/#primaryimage"},"image":{"@id":"https:\/\/contabilidadecaxias.com.br\/index.php\/2022\/08\/02\/tst-passa-a-fazer-parte-do-pacto-nacional-pela-primeira-infancia-do-cnj\/#primaryimage"},"thumbnailUrl":"https:\/\/contabilidadecaxias.com.br\/wp-content\/uploads\/2022\/08\/2d3965dd-1a71-cbca-1ea8-65fb507f9fbf-E9853b-scaled.jpeg","datePublished":"2022-08-02T23:08:34+00:00","author":{"@id":""},"breadcrumb":{"@id":"https:\/\/contabilidadecaxias.com.br\/index.php\/2022\/08\/02\/tst-passa-a-fazer-parte-do-pacto-nacional-pela-primeira-infancia-do-cnj\/#breadcrumb"},"inLanguage":"pt-BR","potentialAction":[{"@type":"ReadAction","target":["https:\/\/contabilidadecaxias.com.br\/index.php\/2022\/08\/02\/tst-passa-a-fazer-parte-do-pacto-nacional-pela-primeira-infancia-do-cnj\/"]}]},{"@type":"ImageObject","inLanguage":"pt-BR","@id":"https:\/\/contabilidadecaxias.com.br\/index.php\/2022\/08\/02\/tst-passa-a-fazer-parte-do-pacto-nacional-pela-primeira-infancia-do-cnj\/#primaryimage","url":"https:\/\/contabilidadecaxias.com.br\/wp-content\/uploads\/2022\/08\/2d3965dd-1a71-cbca-1ea8-65fb507f9fbf-E9853b-scaled.jpeg","contentUrl":"https:\/\/contabilidadecaxias.com.br\/wp-content\/uploads\/2022\/08\/2d3965dd-1a71-cbca-1ea8-65fb507f9fbf-E9853b-scaled.jpeg","width":2560,"height":1707},{"@type":"BreadcrumbList","@id":"https:\/\/contabilidadecaxias.com.br\/index.php\/2022\/08\/02\/tst-passa-a-fazer-parte-do-pacto-nacional-pela-primeira-infancia-do-cnj\/#breadcrumb","itemListElement":[{"@type":"ListItem","position":1,"name":"In\u00edcio","item":"https:\/\/contabilidadecaxias.com.br\/"},{"@type":"ListItem","position":2,"name":"TST passa a fazer parte do Pacto Nacional pela Primeira Inf\u00e2ncia do CNJ"}]},{"@type":"WebSite","@id":"https:\/\/contabilidadecaxias.com.br\/#website","url":"https:\/\/contabilidadecaxias.com.br\/","name":"Contabilidade Caxias","description":"Site especializado em Contabilidade para Caxias.","potentialAction":[{"@type":"SearchAction","target":{"@type":"EntryPoint","urlTemplate":"https:\/\/contabilidadecaxias.com.br\/?s={search_term_string}"},"query-input":{"@type":"PropertyValueSpecification","valueRequired":true,"valueName":"search_term_string"}}],"inLanguage":"pt-BR"}]}},"_links":{"self":[{"href":"https:\/\/contabilidadecaxias.com.br\/index.php\/wp-json\/wp\/v2\/posts\/12583","targetHints":{"allow":["GET"]}}],"collection":[{"href":"https:\/\/contabilidadecaxias.com.br\/index.php\/wp-json\/wp\/v2\/posts"}],"about":[{"href":"https:\/\/contabilidadecaxias.com.br\/index.php\/wp-json\/wp\/v2\/types\/post"}],"replies":[{"embeddable":true,"href":"https:\/\/contabilidadecaxias.com.br\/index.php\/wp-json\/wp\/v2\/comments?post=12583"}],"version-history":[{"count":0,"href":"https:\/\/contabilidadecaxias.com.br\/index.php\/wp-json\/wp\/v2\/posts\/12583\/revisions"}],"wp:featuredmedia":[{"embeddable":true,"href":"https:\/\/contabilidadecaxias.com.br\/index.php\/wp-json\/wp\/v2\/media\/12584"}],"wp:attachment":[{"href":"https:\/\/contabilidadecaxias.com.br\/index.php\/wp-json\/wp\/v2\/media?parent=12583"}],"wp:term":[{"taxonomy":"category","embeddable":true,"href":"https:\/\/contabilidadecaxias.com.br\/index.php\/wp-json\/wp\/v2\/categories?post=12583"},{"taxonomy":"post_tag","embeddable":true,"href":"https:\/\/contabilidadecaxias.com.br\/index.php\/wp-json\/wp\/v2\/tags?post=12583"}],"curies":[{"name":"wp","href":"https:\/\/api.w.org\/{rel}","templated":true}]}}