{"id":12581,"date":"2022-08-02T18:12:15","date_gmt":"2022-08-02T21:12:15","guid":{"rendered":"https:\/\/contabilidadecaxias.com.br\/index.php\/2022\/08\/02\/consulta-publica-sobre-metas-nacionais-para-2023-se-encerra-na-sexta-feira-5\/"},"modified":"2022-08-02T18:12:15","modified_gmt":"2022-08-02T21:12:15","slug":"consulta-publica-sobre-metas-nacionais-para-2023-se-encerra-na-sexta-feira-5","status":"publish","type":"post","link":"https:\/\/contabilidadecaxias.com.br\/index.php\/2022\/08\/02\/consulta-publica-sobre-metas-nacionais-para-2023-se-encerra-na-sexta-feira-5\/","title":{"rendered":"Consulta p\u00fablica sobre metas nacionais para 2023 se encerra na sexta-feira (5)"},"content":{"rendered":"<div class=\"noticia-wrapper\">\n<p><em><\/p>\n<p>Question\u00e1rio poder\u00e1 ser respondido pela internet<\/p>\n<p><\/em><\/p>\n<div class=\"social-media-share mobile\">\n        <a class=\"share-facebook\" href=\"https:\/\/www.facebook.com\/sharer.php?u=https:\/\/www.tst.jus.br\/-\/consulta-p%C3%BAblica-sobre-metas-nacionais-para-2023-se-encerra-na-sexta-feira-5-\" target=\"_blank\" rel=\"noopener\"><\/a><br \/>\n        <a class=\"share-twitter\" href=\"https:\/\/twitter.com\/intent\/tweet?text=Consulta%20p%C3%BAblica%20sobre%20metas%20nacionais%20para%202023%20se%20encerra%20na%20sexta-feira%20(5)%0AVeja%20mais%20em:&amp;url=https:\/\/www.tst.jus.br\/-\/consulta-p%C3%BAblica-sobre-metas-nacionais-para-2023-se-encerra-na-sexta-feira-5-\" target=\"_blank\" rel=\"noopener\"><\/a><br \/>\n        <a class=\"share-linkedin\" href=\"https:\/\/www.linkedin.com\/shareArticle?mini=true&amp;url=https:\/\/www.tst.jus.br\/-\/consulta-p%C3%BAblica-sobre-metas-nacionais-para-2023-se-encerra-na-sexta-feira-5-&amp;title=Consulta%20p%C3%BAblica%20sobre%20metas%20nacionais%20para%202023%20se%20encerra%20na%20sexta-feira%20(5)\" target=\"_blank\" rel=\"noopener\"><\/a><br \/>\n        <a class=\"share-whatsapp\" href=\"https:\/\/web.whatsapp.com\/send?text=https:\/\/www.tst.jus.br\/-\/consulta-p%C3%BAblica-sobre-metas-nacionais-para-2023-se-encerra-na-sexta-feira-5-\" target=\"_blank\" rel=\"noopener\"><\/a><br \/>\n        <a class=\"share-googleplus\" href=\"https:\/\/plus.google.com\/share?url=https:\/\/www.tst.jus.br\/-\/consulta-p%C3%BAblica-sobre-metas-nacionais-para-2023-se-encerra-na-sexta-feira-5-\" target=\"_blank\" rel=\"noopener\"><\/a>\n    <\/div>\n<div class=\"news-body\">\n<div class=\"imagem-da-noticia\">\n<div class=\"social-media-share\">\n                    <a class=\"share-facebook\" href=\"https:\/\/www.facebook.com\/sharer.php?u=https:\/\/www.tst.jus.br\/-\/consulta-p%C3%BAblica-sobre-metas-nacionais-para-2023-se-encerra-na-sexta-feira-5-\" target=\"_blank\" rel=\"noopener\"><\/a><br \/>\n                    <a class=\"share-twitter\" href=\"https:\/\/twitter.com\/intent\/tweet?text=Consulta%20p%C3%BAblica%20sobre%20metas%20nacionais%20para%202023%20se%20encerra%20na%20sexta-feira%20(5)%0AVeja%20mais%20em:&amp;url=https:\/\/www.tst.jus.br\/-\/consulta-p%C3%BAblica-sobre-metas-nacionais-para-2023-se-encerra-na-sexta-feira-5-\" target=\"_blank\" rel=\"noopener\"><\/a><br \/>\n                    <a class=\"share-linkedin\" href=\"https:\/\/www.linkedin.com\/shareArticle?mini=true&amp;url=https:\/\/www.tst.jus.br\/-\/consulta-p%C3%BAblica-sobre-metas-nacionais-para-2023-se-encerra-na-sexta-feira-5-&amp;title=Consulta%20p%C3%BAblica%20sobre%20metas%20nacionais%20para%202023%20se%20encerra%20na%20sexta-feira%20(5)\" target=\"_blank\" rel=\"noopener\"><\/a><br \/>\n                    <a class=\"share-whatsapp\" href=\"https:\/\/web.whatsapp.com\/send?text=https:\/\/www.tst.jus.br\/-\/consulta-p%C3%BAblica-sobre-metas-nacionais-para-2023-se-encerra-na-sexta-feira-5-\" target=\"_blank\" rel=\"noopener\"><\/a><br \/>\n                    <a class=\"share-googleplus\" href=\"https:\/\/plus.google.com\/share?url=https:\/\/www.tst.jus.br\/-\/consulta-p%C3%BAblica-sobre-metas-nacionais-para-2023-se-encerra-na-sexta-feira-5-\" target=\"_blank\" rel=\"noopener\"><\/a>\n                <\/div>\n<\/p><\/div>\n<div class=\"materia\">\n<p>02\/08\/22 &#8211; At\u00e9 a pr\u00f3xima sexta-feira (5), pessoas interessadas em colaborar para a elabora\u00e7\u00e3o das metas estrat\u00e9gicas do Tribunal Superior do Trabalho para 2023 podem participar da consulta p\u00fablica. O objetivo \u00e9 envolver a sociedade no aprimoramento da presta\u00e7\u00e3o jurisdicional.<\/p>\n<p>O formul\u00e1rio eletr\u00f4nico pode ser respondido por integrantes da advocacia, da magistratura trabalhista e do Minist\u00e9rio P\u00fablico do Trabalho, estudantes de Direito, partes de processos, representantes de sindicatos e de empresas, al\u00e9m do p\u00fablico em geral.<\/p>\n<p>As metas representam um compromisso com a sociedade para o aprimoramento da atua\u00e7\u00e3o e do desempenho do \u00f3rg\u00e3o. A ideia da Governan\u00e7a e da Gest\u00e3o Estrat\u00e9gica do TST \u00e9 fazer uma gest\u00e3o participativa para contemplar a diversidade de opini\u00f5es sobre a atua\u00e7\u00e3o do Tribunal, para, ent\u00e3o, desenvolver esfor\u00e7os alinhados ao interesse p\u00fablico.<\/p>\n<p>(JS\/TG)<\/p>\n<p><em>Esta mat\u00e9ria tem cunho meramente informativo.<br \/>\nPermitida a reprodu\u00e7\u00e3o mediante cita\u00e7\u00e3o da fonte.<br \/>\nSecretaria de Comunica\u00e7\u00e3o Social<br \/>\n<a href=\"https:\/\/www.tst.jus.br\/\" target=\"_blank\" rel=\"noopener\">Tribunal Superior do Trabalho<\/a><br \/>\nTel. (61) 3043-4907\u00a0<br \/>\n<a href=\"mailto:secom@tst.jus.br\" target=\"\" rel=\"noopener\">secom@tst.jus.br<\/a><\/em><\/p>\n<\/div><\/div>\n<\/div>\n","protected":false},"excerpt":{"rendered":"<p>Question\u00e1rio poder\u00e1 ser respondido pela internet 02\/08\/22 &#8211; At\u00e9 a pr\u00f3xima sexta-feira (5), pessoas interessadas em colaborar para a elabora\u00e7\u00e3o das metas estrat\u00e9gicas do Tribunal Superior do Trabalho para 2023 podem participar da consulta p\u00fablica. O objetivo \u00e9 envolver a sociedade no aprimoramento da presta\u00e7\u00e3o jurisdicional. O formul\u00e1rio eletr\u00f4nico pode ser respondido por integrantes da [&hellip;]<\/p>\n","protected":false},"author":0,"featured_media":12582,"comment_status":"open","ping_status":"","sticky":false,"template":"","format":"standard","meta":{"footnotes":""},"categories":[5],"tags":[],"class_list":["post-12581","post","type-post","status-publish","format-standard","has-post-thumbnail","hentry","category-noticias-educacao-financeira"],"blocksy_meta":{"styles_descriptor":{"styles":{"desktop":"","tablet":"","mobile":""},"google_fonts":[],"version":6}},"yoast_head":"<!-- This site is optimized with the Yoast SEO plugin v27.4 - https:\/\/yoast.com\/product\/yoast-seo-wordpress\/ -->\n<title>Consulta p\u00fablica sobre metas nacionais para 2023 se encerra na sexta-feira (5) - Contabilidade Caxias<\/title>\n<meta name=\"robots\" content=\"index, follow, max-snippet:-1, max-image-preview:large, max-video-preview:-1\" \/>\n<link rel=\"canonical\" href=\"https:\/\/contabilidadecaxias.com.br\/index.php\/2022\/08\/02\/consulta-publica-sobre-metas-nacionais-para-2023-se-encerra-na-sexta-feira-5\/\" \/>\n<meta property=\"og:locale\" content=\"pt_BR\" \/>\n<meta property=\"og:type\" content=\"article\" \/>\n<meta property=\"og:title\" content=\"Consulta p\u00fablica sobre metas nacionais para 2023 se encerra na sexta-feira (5) - Contabilidade Caxias\" \/>\n<meta property=\"og:description\" content=\"Question\u00e1rio poder\u00e1 ser respondido pela internet 02\/08\/22 &#8211; At\u00e9 a pr\u00f3xima sexta-feira (5), pessoas interessadas em colaborar para a elabora\u00e7\u00e3o das metas estrat\u00e9gicas do Tribunal Superior do Trabalho para 2023 podem participar da consulta p\u00fablica. O objetivo \u00e9 envolver a sociedade no aprimoramento da presta\u00e7\u00e3o jurisdicional. O formul\u00e1rio eletr\u00f4nico pode ser respondido por integrantes da [&hellip;]\" \/>\n<meta property=\"og:url\" content=\"https:\/\/contabilidadecaxias.com.br\/index.php\/2022\/08\/02\/consulta-publica-sobre-metas-nacionais-para-2023-se-encerra-na-sexta-feira-5\/\" \/>\n<meta property=\"og:site_name\" content=\"Contabilidade Caxias\" \/>\n<meta property=\"article:published_time\" content=\"2022-08-02T21:12:15+00:00\" \/>\n<meta name=\"twitter:card\" content=\"summary_large_image\" \/>\n<meta name=\"twitter:label1\" content=\"Est. tempo de leitura\" \/>\n\t<meta name=\"twitter:data1\" content=\"1 minuto\" \/>\n<script type=\"application\/ld+json\" class=\"yoast-schema-graph\">{\"@context\":\"https:\\\/\\\/schema.org\",\"@graph\":[{\"@type\":\"Article\",\"@id\":\"https:\\\/\\\/contabilidadecaxias.com.br\\\/index.php\\\/2022\\\/08\\\/02\\\/consulta-publica-sobre-metas-nacionais-para-2023-se-encerra-na-sexta-feira-5\\\/#article\",\"isPartOf\":{\"@id\":\"https:\\\/\\\/contabilidadecaxias.com.br\\\/index.php\\\/2022\\\/08\\\/02\\\/consulta-publica-sobre-metas-nacionais-para-2023-se-encerra-na-sexta-feira-5\\\/\"},\"author\":{\"name\":\"\",\"@id\":\"\"},\"headline\":\"Consulta p\u00fablica sobre metas nacionais para 2023 se encerra na sexta-feira (5)\",\"datePublished\":\"2022-08-02T21:12:15+00:00\",\"mainEntityOfPage\":{\"@id\":\"https:\\\/\\\/contabilidadecaxias.com.br\\\/index.php\\\/2022\\\/08\\\/02\\\/consulta-publica-sobre-metas-nacionais-para-2023-se-encerra-na-sexta-feira-5\\\/\"},\"wordCount\":196,\"commentCount\":0,\"image\":{\"@id\":\"https:\\\/\\\/contabilidadecaxias.com.br\\\/index.php\\\/2022\\\/08\\\/02\\\/consulta-publica-sobre-metas-nacionais-para-2023-se-encerra-na-sexta-feira-5\\\/#primaryimage\"},\"thumbnailUrl\":\"https:\\\/\\\/contabilidadecaxias.com.br\\\/wp-content\\\/uploads\\\/2022\\\/08\\\/dab2dbd1-b274-536c-1579-7cd0e8aef875-cH1QVs.png\",\"articleSection\":[\"Educa\u00e7\u00e3o Financeira\"],\"inLanguage\":\"pt-BR\",\"potentialAction\":[{\"@type\":\"CommentAction\",\"name\":\"Comment\",\"target\":[\"https:\\\/\\\/contabilidadecaxias.com.br\\\/index.php\\\/2022\\\/08\\\/02\\\/consulta-publica-sobre-metas-nacionais-para-2023-se-encerra-na-sexta-feira-5\\\/#respond\"]}]},{\"@type\":\"WebPage\",\"@id\":\"https:\\\/\\\/contabilidadecaxias.com.br\\\/index.php\\\/2022\\\/08\\\/02\\\/consulta-publica-sobre-metas-nacionais-para-2023-se-encerra-na-sexta-feira-5\\\/\",\"url\":\"https:\\\/\\\/contabilidadecaxias.com.br\\\/index.php\\\/2022\\\/08\\\/02\\\/consulta-publica-sobre-metas-nacionais-para-2023-se-encerra-na-sexta-feira-5\\\/\",\"name\":\"Consulta p\u00fablica sobre metas nacionais para 2023 se encerra na sexta-feira (5) - Contabilidade Caxias\",\"isPartOf\":{\"@id\":\"https:\\\/\\\/contabilidadecaxias.com.br\\\/#website\"},\"primaryImageOfPage\":{\"@id\":\"https:\\\/\\\/contabilidadecaxias.com.br\\\/index.php\\\/2022\\\/08\\\/02\\\/consulta-publica-sobre-metas-nacionais-para-2023-se-encerra-na-sexta-feira-5\\\/#primaryimage\"},\"image\":{\"@id\":\"https:\\\/\\\/contabilidadecaxias.com.br\\\/index.php\\\/2022\\\/08\\\/02\\\/consulta-publica-sobre-metas-nacionais-para-2023-se-encerra-na-sexta-feira-5\\\/#primaryimage\"},\"thumbnailUrl\":\"https:\\\/\\\/contabilidadecaxias.com.br\\\/wp-content\\\/uploads\\\/2022\\\/08\\\/dab2dbd1-b274-536c-1579-7cd0e8aef875-cH1QVs.png\",\"datePublished\":\"2022-08-02T21:12:15+00:00\",\"author\":{\"@id\":\"\"},\"breadcrumb\":{\"@id\":\"https:\\\/\\\/contabilidadecaxias.com.br\\\/index.php\\\/2022\\\/08\\\/02\\\/consulta-publica-sobre-metas-nacionais-para-2023-se-encerra-na-sexta-feira-5\\\/#breadcrumb\"},\"inLanguage\":\"pt-BR\",\"potentialAction\":[{\"@type\":\"ReadAction\",\"target\":[\"https:\\\/\\\/contabilidadecaxias.com.br\\\/index.php\\\/2022\\\/08\\\/02\\\/consulta-publica-sobre-metas-nacionais-para-2023-se-encerra-na-sexta-feira-5\\\/\"]}]},{\"@type\":\"ImageObject\",\"inLanguage\":\"pt-BR\",\"@id\":\"https:\\\/\\\/contabilidadecaxias.com.br\\\/index.php\\\/2022\\\/08\\\/02\\\/consulta-publica-sobre-metas-nacionais-para-2023-se-encerra-na-sexta-feira-5\\\/#primaryimage\",\"url\":\"https:\\\/\\\/contabilidadecaxias.com.br\\\/wp-content\\\/uploads\\\/2022\\\/08\\\/dab2dbd1-b274-536c-1579-7cd0e8aef875-cH1QVs.png\",\"contentUrl\":\"https:\\\/\\\/contabilidadecaxias.com.br\\\/wp-content\\\/uploads\\\/2022\\\/08\\\/dab2dbd1-b274-536c-1579-7cd0e8aef875-cH1QVs.png\",\"width\":600,\"height\":400},{\"@type\":\"BreadcrumbList\",\"@id\":\"https:\\\/\\\/contabilidadecaxias.com.br\\\/index.php\\\/2022\\\/08\\\/02\\\/consulta-publica-sobre-metas-nacionais-para-2023-se-encerra-na-sexta-feira-5\\\/#breadcrumb\",\"itemListElement\":[{\"@type\":\"ListItem\",\"position\":1,\"name\":\"In\u00edcio\",\"item\":\"https:\\\/\\\/contabilidadecaxias.com.br\\\/\"},{\"@type\":\"ListItem\",\"position\":2,\"name\":\"Consulta p\u00fablica sobre metas nacionais para 2023 se encerra na sexta-feira (5)\"}]},{\"@type\":\"WebSite\",\"@id\":\"https:\\\/\\\/contabilidadecaxias.com.br\\\/#website\",\"url\":\"https:\\\/\\\/contabilidadecaxias.com.br\\\/\",\"name\":\"Contabilidade Caxias\",\"description\":\"Site especializado em Contabilidade para Caxias.\",\"potentialAction\":[{\"@type\":\"SearchAction\",\"target\":{\"@type\":\"EntryPoint\",\"urlTemplate\":\"https:\\\/\\\/contabilidadecaxias.com.br\\\/?s={search_term_string}\"},\"query-input\":{\"@type\":\"PropertyValueSpecification\",\"valueRequired\":true,\"valueName\":\"search_term_string\"}}],\"inLanguage\":\"pt-BR\"}]}<\/script>\n<!-- \/ Yoast SEO plugin. -->","yoast_head_json":{"title":"Consulta p\u00fablica sobre metas nacionais para 2023 se encerra na sexta-feira (5) - Contabilidade Caxias","robots":{"index":"index","follow":"follow","max-snippet":"max-snippet:-1","max-image-preview":"max-image-preview:large","max-video-preview":"max-video-preview:-1"},"canonical":"https:\/\/contabilidadecaxias.com.br\/index.php\/2022\/08\/02\/consulta-publica-sobre-metas-nacionais-para-2023-se-encerra-na-sexta-feira-5\/","og_locale":"pt_BR","og_type":"article","og_title":"Consulta p\u00fablica sobre metas nacionais para 2023 se encerra na sexta-feira (5) - Contabilidade Caxias","og_description":"Question\u00e1rio poder\u00e1 ser respondido pela internet 02\/08\/22 &#8211; At\u00e9 a pr\u00f3xima sexta-feira (5), pessoas interessadas em colaborar para a elabora\u00e7\u00e3o das metas estrat\u00e9gicas do Tribunal Superior do Trabalho para 2023 podem participar da consulta p\u00fablica. O objetivo \u00e9 envolver a sociedade no aprimoramento da presta\u00e7\u00e3o jurisdicional. O formul\u00e1rio eletr\u00f4nico pode ser respondido por integrantes da [&hellip;]","og_url":"https:\/\/contabilidadecaxias.com.br\/index.php\/2022\/08\/02\/consulta-publica-sobre-metas-nacionais-para-2023-se-encerra-na-sexta-feira-5\/","og_site_name":"Contabilidade Caxias","article_published_time":"2022-08-02T21:12:15+00:00","twitter_card":"summary_large_image","twitter_misc":{"Est. tempo de leitura":"1 minuto"},"schema":{"@context":"https:\/\/schema.org","@graph":[{"@type":"Article","@id":"https:\/\/contabilidadecaxias.com.br\/index.php\/2022\/08\/02\/consulta-publica-sobre-metas-nacionais-para-2023-se-encerra-na-sexta-feira-5\/#article","isPartOf":{"@id":"https:\/\/contabilidadecaxias.com.br\/index.php\/2022\/08\/02\/consulta-publica-sobre-metas-nacionais-para-2023-se-encerra-na-sexta-feira-5\/"},"author":{"name":"","@id":""},"headline":"Consulta p\u00fablica sobre metas nacionais para 2023 se encerra na sexta-feira (5)","datePublished":"2022-08-02T21:12:15+00:00","mainEntityOfPage":{"@id":"https:\/\/contabilidadecaxias.com.br\/index.php\/2022\/08\/02\/consulta-publica-sobre-metas-nacionais-para-2023-se-encerra-na-sexta-feira-5\/"},"wordCount":196,"commentCount":0,"image":{"@id":"https:\/\/contabilidadecaxias.com.br\/index.php\/2022\/08\/02\/consulta-publica-sobre-metas-nacionais-para-2023-se-encerra-na-sexta-feira-5\/#primaryimage"},"thumbnailUrl":"https:\/\/contabilidadecaxias.com.br\/wp-content\/uploads\/2022\/08\/dab2dbd1-b274-536c-1579-7cd0e8aef875-cH1QVs.png","articleSection":["Educa\u00e7\u00e3o Financeira"],"inLanguage":"pt-BR","potentialAction":[{"@type":"CommentAction","name":"Comment","target":["https:\/\/contabilidadecaxias.com.br\/index.php\/2022\/08\/02\/consulta-publica-sobre-metas-nacionais-para-2023-se-encerra-na-sexta-feira-5\/#respond"]}]},{"@type":"WebPage","@id":"https:\/\/contabilidadecaxias.com.br\/index.php\/2022\/08\/02\/consulta-publica-sobre-metas-nacionais-para-2023-se-encerra-na-sexta-feira-5\/","url":"https:\/\/contabilidadecaxias.com.br\/index.php\/2022\/08\/02\/consulta-publica-sobre-metas-nacionais-para-2023-se-encerra-na-sexta-feira-5\/","name":"Consulta p\u00fablica sobre metas nacionais para 2023 se encerra na sexta-feira (5) - Contabilidade Caxias","isPartOf":{"@id":"https:\/\/contabilidadecaxias.com.br\/#website"},"primaryImageOfPage":{"@id":"https:\/\/contabilidadecaxias.com.br\/index.php\/2022\/08\/02\/consulta-publica-sobre-metas-nacionais-para-2023-se-encerra-na-sexta-feira-5\/#primaryimage"},"image":{"@id":"https:\/\/contabilidadecaxias.com.br\/index.php\/2022\/08\/02\/consulta-publica-sobre-metas-nacionais-para-2023-se-encerra-na-sexta-feira-5\/#primaryimage"},"thumbnailUrl":"https:\/\/contabilidadecaxias.com.br\/wp-content\/uploads\/2022\/08\/dab2dbd1-b274-536c-1579-7cd0e8aef875-cH1QVs.png","datePublished":"2022-08-02T21:12:15+00:00","author":{"@id":""},"breadcrumb":{"@id":"https:\/\/contabilidadecaxias.com.br\/index.php\/2022\/08\/02\/consulta-publica-sobre-metas-nacionais-para-2023-se-encerra-na-sexta-feira-5\/#breadcrumb"},"inLanguage":"pt-BR","potentialAction":[{"@type":"ReadAction","target":["https:\/\/contabilidadecaxias.com.br\/index.php\/2022\/08\/02\/consulta-publica-sobre-metas-nacionais-para-2023-se-encerra-na-sexta-feira-5\/"]}]},{"@type":"ImageObject","inLanguage":"pt-BR","@id":"https:\/\/contabilidadecaxias.com.br\/index.php\/2022\/08\/02\/consulta-publica-sobre-metas-nacionais-para-2023-se-encerra-na-sexta-feira-5\/#primaryimage","url":"https:\/\/contabilidadecaxias.com.br\/wp-content\/uploads\/2022\/08\/dab2dbd1-b274-536c-1579-7cd0e8aef875-cH1QVs.png","contentUrl":"https:\/\/contabilidadecaxias.com.br\/wp-content\/uploads\/2022\/08\/dab2dbd1-b274-536c-1579-7cd0e8aef875-cH1QVs.png","width":600,"height":400},{"@type":"BreadcrumbList","@id":"https:\/\/contabilidadecaxias.com.br\/index.php\/2022\/08\/02\/consulta-publica-sobre-metas-nacionais-para-2023-se-encerra-na-sexta-feira-5\/#breadcrumb","itemListElement":[{"@type":"ListItem","position":1,"name":"In\u00edcio","item":"https:\/\/contabilidadecaxias.com.br\/"},{"@type":"ListItem","position":2,"name":"Consulta p\u00fablica sobre metas nacionais para 2023 se encerra na sexta-feira (5)"}]},{"@type":"WebSite","@id":"https:\/\/contabilidadecaxias.com.br\/#website","url":"https:\/\/contabilidadecaxias.com.br\/","name":"Contabilidade Caxias","description":"Site especializado em Contabilidade para Caxias.","potentialAction":[{"@type":"SearchAction","target":{"@type":"EntryPoint","urlTemplate":"https:\/\/contabilidadecaxias.com.br\/?s={search_term_string}"},"query-input":{"@type":"PropertyValueSpecification","valueRequired":true,"valueName":"search_term_string"}}],"inLanguage":"pt-BR"}]}},"_links":{"self":[{"href":"https:\/\/contabilidadecaxias.com.br\/index.php\/wp-json\/wp\/v2\/posts\/12581","targetHints":{"allow":["GET"]}}],"collection":[{"href":"https:\/\/contabilidadecaxias.com.br\/index.php\/wp-json\/wp\/v2\/posts"}],"about":[{"href":"https:\/\/contabilidadecaxias.com.br\/index.php\/wp-json\/wp\/v2\/types\/post"}],"replies":[{"embeddable":true,"href":"https:\/\/contabilidadecaxias.com.br\/index.php\/wp-json\/wp\/v2\/comments?post=12581"}],"version-history":[{"count":0,"href":"https:\/\/contabilidadecaxias.com.br\/index.php\/wp-json\/wp\/v2\/posts\/12581\/revisions"}],"wp:featuredmedia":[{"embeddable":true,"href":"https:\/\/contabilidadecaxias.com.br\/index.php\/wp-json\/wp\/v2\/media\/12582"}],"wp:attachment":[{"href":"https:\/\/contabilidadecaxias.com.br\/index.php\/wp-json\/wp\/v2\/media?parent=12581"}],"wp:term":[{"taxonomy":"category","embeddable":true,"href":"https:\/\/contabilidadecaxias.com.br\/index.php\/wp-json\/wp\/v2\/categories?post=12581"},{"taxonomy":"post_tag","embeddable":true,"href":"https:\/\/contabilidadecaxias.com.br\/index.php\/wp-json\/wp\/v2\/tags?post=12581"}],"curies":[{"name":"wp","href":"https:\/\/api.w.org\/{rel}","templated":true}]}}