{"id":12579,"date":"2022-08-02T17:10:39","date_gmt":"2022-08-02T20:10:39","guid":{"rendered":"https:\/\/contabilidadecaxias.com.br\/index.php\/2022\/08\/02\/trabalho-e-justica-acompanhe-o-programa-de-terca-feira-02-08\/"},"modified":"2022-08-02T17:10:39","modified_gmt":"2022-08-02T20:10:39","slug":"trabalho-e-justica-acompanhe-o-programa-de-terca-feira-02-08","status":"publish","type":"post","link":"https:\/\/contabilidadecaxias.com.br\/index.php\/2022\/08\/02\/trabalho-e-justica-acompanhe-o-programa-de-terca-feira-02-08\/","title":{"rendered":"Trabalho e Justi\u00e7a | Acompanhe o programa de ter\u00e7a-feira (02\/08)"},"content":{"rendered":"<div>\n\u00a0<br \/>\n\u00a0\u00a0\u00a0\u00a0\u00a0\u00a0\u00a0\u00a0 \u00a0\u00a0\u00a0\u00a0\u00a0\u00a0\u00a0\u00a0 \u00a0\u00a0\u00a0\u00a0\u00a0\u00a0 <a href=\"https:\/\/www.tst.jus.br\/documents\/10157\/27885360\/PGM+1599+-+TRABALHO+E+JUSTICA+-+correcoes.mp3\/b7b49412-3bce-38a8-60c7-a64480b6c635?t=1659463805803\"> Baixe o \u00e1udio <\/a><\/div>\n<div><button>Reproduzir o \u00e1udio<\/button>\u00a0\u00a0<button>Pausar o \u00e1udio<\/button>\u00a0\u00a0<button>Aumentar o volume<\/button>\u00a0\u00a0<button>Diminuir o volume<\/button><\/div>\n<p>\u00a0<\/p>\n<p>02\/08\/22 &#8211;\u00a0O Tribunal Superior do Trabalho retomou\u00a0as atividades jurisdicionais com sess\u00e3o extraordin\u00e1ria do \u00d3rg\u00e3o Especial. O presidente do Tribunal, ministro Emmanoel Pereira, destacou o aumento de 20% no n\u00famero de recursos de revista julgados no primeiro semestre, em rela\u00e7\u00e3o ao ano passado, e de mais de 11% nos processos julgados em sess\u00e3o.\u00a0<\/p>\n<p>A reportagem especial celebra o m\u00eas do aleitamento materno destacando as a\u00e7\u00f5es implementadas pela\u00a0Justi\u00e7a do Trabalho que asseguram o direito da amamenta\u00e7\u00e3o \u00e0s m\u00e3es trabalhadoras.<\/p>\n<p>Trabalho e Justi\u00e7a no ar! Aperte o play e ou\u00e7a agora.<\/p>\n","protected":false},"excerpt":{"rendered":"<p>\u00a0 \u00a0\u00a0\u00a0\u00a0\u00a0\u00a0\u00a0\u00a0 \u00a0\u00a0\u00a0\u00a0\u00a0\u00a0\u00a0\u00a0 \u00a0\u00a0\u00a0\u00a0\u00a0\u00a0 Baixe o \u00e1udio Reproduzir o \u00e1udio\u00a0\u00a0Pausar o \u00e1udio\u00a0\u00a0Aumentar o volume\u00a0\u00a0Diminuir o volume \u00a0 02\/08\/22 &#8211;\u00a0O Tribunal Superior do Trabalho retomou\u00a0as atividades jurisdicionais com sess\u00e3o extraordin\u00e1ria do \u00d3rg\u00e3o Especial. O presidente do Tribunal, ministro Emmanoel Pereira, destacou o aumento de 20% no n\u00famero de recursos de revista julgados no primeiro semestre, em [&hellip;]<\/p>\n","protected":false},"author":0,"featured_media":0,"comment_status":"open","ping_status":"","sticky":false,"template":"","format":"standard","meta":{"footnotes":""},"categories":[5],"tags":[],"class_list":["post-12579","post","type-post","status-publish","format-standard","hentry","category-noticias-educacao-financeira"],"blocksy_meta":{"styles_descriptor":{"styles":{"desktop":"","tablet":"","mobile":""},"google_fonts":[],"version":6}},"yoast_head":"<!-- This site is optimized with the Yoast SEO plugin v27.4 - https:\/\/yoast.com\/product\/yoast-seo-wordpress\/ -->\n<title>Trabalho e Justi\u00e7a | Acompanhe o programa de ter\u00e7a-feira (02\/08) - Contabilidade Caxias<\/title>\n<meta name=\"robots\" content=\"index, follow, max-snippet:-1, max-image-preview:large, max-video-preview:-1\" \/>\n<link rel=\"canonical\" href=\"https:\/\/contabilidadecaxias.com.br\/index.php\/2022\/08\/02\/trabalho-e-justica-acompanhe-o-programa-de-terca-feira-02-08\/\" \/>\n<meta property=\"og:locale\" content=\"pt_BR\" \/>\n<meta property=\"og:type\" content=\"article\" \/>\n<meta property=\"og:title\" content=\"Trabalho e Justi\u00e7a | Acompanhe o programa de ter\u00e7a-feira (02\/08) - Contabilidade Caxias\" \/>\n<meta property=\"og:description\" content=\"\u00a0 \u00a0\u00a0\u00a0\u00a0\u00a0\u00a0\u00a0\u00a0 \u00a0\u00a0\u00a0\u00a0\u00a0\u00a0\u00a0\u00a0 \u00a0\u00a0\u00a0\u00a0\u00a0\u00a0 Baixe o \u00e1udio Reproduzir o \u00e1udio\u00a0\u00a0Pausar o \u00e1udio\u00a0\u00a0Aumentar o volume\u00a0\u00a0Diminuir o volume \u00a0 02\/08\/22 &#8211;\u00a0O Tribunal Superior do Trabalho retomou\u00a0as atividades jurisdicionais com sess\u00e3o extraordin\u00e1ria do \u00d3rg\u00e3o Especial. O presidente do Tribunal, ministro Emmanoel Pereira, destacou o aumento de 20% no n\u00famero de recursos de revista julgados no primeiro semestre, em [&hellip;]\" \/>\n<meta property=\"og:url\" content=\"https:\/\/contabilidadecaxias.com.br\/index.php\/2022\/08\/02\/trabalho-e-justica-acompanhe-o-programa-de-terca-feira-02-08\/\" \/>\n<meta property=\"og:site_name\" content=\"Contabilidade Caxias\" \/>\n<meta property=\"article:published_time\" content=\"2022-08-02T20:10:39+00:00\" \/>\n<meta name=\"twitter:card\" content=\"summary_large_image\" \/>\n<meta name=\"twitter:label1\" content=\"Est. tempo de leitura\" \/>\n\t<meta name=\"twitter:data1\" content=\"1 minuto\" \/>\n<script type=\"application\/ld+json\" class=\"yoast-schema-graph\">{\"@context\":\"https:\\\/\\\/schema.org\",\"@graph\":[{\"@type\":\"Article\",\"@id\":\"https:\\\/\\\/contabilidadecaxias.com.br\\\/index.php\\\/2022\\\/08\\\/02\\\/trabalho-e-justica-acompanhe-o-programa-de-terca-feira-02-08\\\/#article\",\"isPartOf\":{\"@id\":\"https:\\\/\\\/contabilidadecaxias.com.br\\\/index.php\\\/2022\\\/08\\\/02\\\/trabalho-e-justica-acompanhe-o-programa-de-terca-feira-02-08\\\/\"},\"author\":{\"name\":\"\",\"@id\":\"\"},\"headline\":\"Trabalho e Justi\u00e7a | Acompanhe o programa de ter\u00e7a-feira (02\\\/08)\",\"datePublished\":\"2022-08-02T20:10:39+00:00\",\"mainEntityOfPage\":{\"@id\":\"https:\\\/\\\/contabilidadecaxias.com.br\\\/index.php\\\/2022\\\/08\\\/02\\\/trabalho-e-justica-acompanhe-o-programa-de-terca-feira-02-08\\\/\"},\"wordCount\":126,\"commentCount\":0,\"articleSection\":[\"Educa\u00e7\u00e3o Financeira\"],\"inLanguage\":\"pt-BR\",\"potentialAction\":[{\"@type\":\"CommentAction\",\"name\":\"Comment\",\"target\":[\"https:\\\/\\\/contabilidadecaxias.com.br\\\/index.php\\\/2022\\\/08\\\/02\\\/trabalho-e-justica-acompanhe-o-programa-de-terca-feira-02-08\\\/#respond\"]}]},{\"@type\":\"WebPage\",\"@id\":\"https:\\\/\\\/contabilidadecaxias.com.br\\\/index.php\\\/2022\\\/08\\\/02\\\/trabalho-e-justica-acompanhe-o-programa-de-terca-feira-02-08\\\/\",\"url\":\"https:\\\/\\\/contabilidadecaxias.com.br\\\/index.php\\\/2022\\\/08\\\/02\\\/trabalho-e-justica-acompanhe-o-programa-de-terca-feira-02-08\\\/\",\"name\":\"Trabalho e Justi\u00e7a | Acompanhe o programa de ter\u00e7a-feira (02\\\/08) - Contabilidade Caxias\",\"isPartOf\":{\"@id\":\"https:\\\/\\\/contabilidadecaxias.com.br\\\/#website\"},\"datePublished\":\"2022-08-02T20:10:39+00:00\",\"author\":{\"@id\":\"\"},\"breadcrumb\":{\"@id\":\"https:\\\/\\\/contabilidadecaxias.com.br\\\/index.php\\\/2022\\\/08\\\/02\\\/trabalho-e-justica-acompanhe-o-programa-de-terca-feira-02-08\\\/#breadcrumb\"},\"inLanguage\":\"pt-BR\",\"potentialAction\":[{\"@type\":\"ReadAction\",\"target\":[\"https:\\\/\\\/contabilidadecaxias.com.br\\\/index.php\\\/2022\\\/08\\\/02\\\/trabalho-e-justica-acompanhe-o-programa-de-terca-feira-02-08\\\/\"]}]},{\"@type\":\"BreadcrumbList\",\"@id\":\"https:\\\/\\\/contabilidadecaxias.com.br\\\/index.php\\\/2022\\\/08\\\/02\\\/trabalho-e-justica-acompanhe-o-programa-de-terca-feira-02-08\\\/#breadcrumb\",\"itemListElement\":[{\"@type\":\"ListItem\",\"position\":1,\"name\":\"In\u00edcio\",\"item\":\"https:\\\/\\\/contabilidadecaxias.com.br\\\/\"},{\"@type\":\"ListItem\",\"position\":2,\"name\":\"Trabalho e Justi\u00e7a | Acompanhe o programa de ter\u00e7a-feira (02\\\/08)\"}]},{\"@type\":\"WebSite\",\"@id\":\"https:\\\/\\\/contabilidadecaxias.com.br\\\/#website\",\"url\":\"https:\\\/\\\/contabilidadecaxias.com.br\\\/\",\"name\":\"Contabilidade Caxias\",\"description\":\"Site especializado em Contabilidade para Caxias.\",\"potentialAction\":[{\"@type\":\"SearchAction\",\"target\":{\"@type\":\"EntryPoint\",\"urlTemplate\":\"https:\\\/\\\/contabilidadecaxias.com.br\\\/?s={search_term_string}\"},\"query-input\":{\"@type\":\"PropertyValueSpecification\",\"valueRequired\":true,\"valueName\":\"search_term_string\"}}],\"inLanguage\":\"pt-BR\"}]}<\/script>\n<!-- \/ Yoast SEO plugin. -->","yoast_head_json":{"title":"Trabalho e Justi\u00e7a | Acompanhe o programa de ter\u00e7a-feira (02\/08) - Contabilidade Caxias","robots":{"index":"index","follow":"follow","max-snippet":"max-snippet:-1","max-image-preview":"max-image-preview:large","max-video-preview":"max-video-preview:-1"},"canonical":"https:\/\/contabilidadecaxias.com.br\/index.php\/2022\/08\/02\/trabalho-e-justica-acompanhe-o-programa-de-terca-feira-02-08\/","og_locale":"pt_BR","og_type":"article","og_title":"Trabalho e Justi\u00e7a | Acompanhe o programa de ter\u00e7a-feira (02\/08) - Contabilidade Caxias","og_description":"\u00a0 \u00a0\u00a0\u00a0\u00a0\u00a0\u00a0\u00a0\u00a0 \u00a0\u00a0\u00a0\u00a0\u00a0\u00a0\u00a0\u00a0 \u00a0\u00a0\u00a0\u00a0\u00a0\u00a0 Baixe o \u00e1udio Reproduzir o \u00e1udio\u00a0\u00a0Pausar o \u00e1udio\u00a0\u00a0Aumentar o volume\u00a0\u00a0Diminuir o volume \u00a0 02\/08\/22 &#8211;\u00a0O Tribunal Superior do Trabalho retomou\u00a0as atividades jurisdicionais com sess\u00e3o extraordin\u00e1ria do \u00d3rg\u00e3o Especial. O presidente do Tribunal, ministro Emmanoel Pereira, destacou o aumento de 20% no n\u00famero de recursos de revista julgados no primeiro semestre, em [&hellip;]","og_url":"https:\/\/contabilidadecaxias.com.br\/index.php\/2022\/08\/02\/trabalho-e-justica-acompanhe-o-programa-de-terca-feira-02-08\/","og_site_name":"Contabilidade Caxias","article_published_time":"2022-08-02T20:10:39+00:00","twitter_card":"summary_large_image","twitter_misc":{"Est. tempo de leitura":"1 minuto"},"schema":{"@context":"https:\/\/schema.org","@graph":[{"@type":"Article","@id":"https:\/\/contabilidadecaxias.com.br\/index.php\/2022\/08\/02\/trabalho-e-justica-acompanhe-o-programa-de-terca-feira-02-08\/#article","isPartOf":{"@id":"https:\/\/contabilidadecaxias.com.br\/index.php\/2022\/08\/02\/trabalho-e-justica-acompanhe-o-programa-de-terca-feira-02-08\/"},"author":{"name":"","@id":""},"headline":"Trabalho e Justi\u00e7a | Acompanhe o programa de ter\u00e7a-feira (02\/08)","datePublished":"2022-08-02T20:10:39+00:00","mainEntityOfPage":{"@id":"https:\/\/contabilidadecaxias.com.br\/index.php\/2022\/08\/02\/trabalho-e-justica-acompanhe-o-programa-de-terca-feira-02-08\/"},"wordCount":126,"commentCount":0,"articleSection":["Educa\u00e7\u00e3o Financeira"],"inLanguage":"pt-BR","potentialAction":[{"@type":"CommentAction","name":"Comment","target":["https:\/\/contabilidadecaxias.com.br\/index.php\/2022\/08\/02\/trabalho-e-justica-acompanhe-o-programa-de-terca-feira-02-08\/#respond"]}]},{"@type":"WebPage","@id":"https:\/\/contabilidadecaxias.com.br\/index.php\/2022\/08\/02\/trabalho-e-justica-acompanhe-o-programa-de-terca-feira-02-08\/","url":"https:\/\/contabilidadecaxias.com.br\/index.php\/2022\/08\/02\/trabalho-e-justica-acompanhe-o-programa-de-terca-feira-02-08\/","name":"Trabalho e Justi\u00e7a | Acompanhe o programa de ter\u00e7a-feira (02\/08) - Contabilidade Caxias","isPartOf":{"@id":"https:\/\/contabilidadecaxias.com.br\/#website"},"datePublished":"2022-08-02T20:10:39+00:00","author":{"@id":""},"breadcrumb":{"@id":"https:\/\/contabilidadecaxias.com.br\/index.php\/2022\/08\/02\/trabalho-e-justica-acompanhe-o-programa-de-terca-feira-02-08\/#breadcrumb"},"inLanguage":"pt-BR","potentialAction":[{"@type":"ReadAction","target":["https:\/\/contabilidadecaxias.com.br\/index.php\/2022\/08\/02\/trabalho-e-justica-acompanhe-o-programa-de-terca-feira-02-08\/"]}]},{"@type":"BreadcrumbList","@id":"https:\/\/contabilidadecaxias.com.br\/index.php\/2022\/08\/02\/trabalho-e-justica-acompanhe-o-programa-de-terca-feira-02-08\/#breadcrumb","itemListElement":[{"@type":"ListItem","position":1,"name":"In\u00edcio","item":"https:\/\/contabilidadecaxias.com.br\/"},{"@type":"ListItem","position":2,"name":"Trabalho e Justi\u00e7a | Acompanhe o programa de ter\u00e7a-feira (02\/08)"}]},{"@type":"WebSite","@id":"https:\/\/contabilidadecaxias.com.br\/#website","url":"https:\/\/contabilidadecaxias.com.br\/","name":"Contabilidade Caxias","description":"Site especializado em Contabilidade para Caxias.","potentialAction":[{"@type":"SearchAction","target":{"@type":"EntryPoint","urlTemplate":"https:\/\/contabilidadecaxias.com.br\/?s={search_term_string}"},"query-input":{"@type":"PropertyValueSpecification","valueRequired":true,"valueName":"search_term_string"}}],"inLanguage":"pt-BR"}]}},"_links":{"self":[{"href":"https:\/\/contabilidadecaxias.com.br\/index.php\/wp-json\/wp\/v2\/posts\/12579","targetHints":{"allow":["GET"]}}],"collection":[{"href":"https:\/\/contabilidadecaxias.com.br\/index.php\/wp-json\/wp\/v2\/posts"}],"about":[{"href":"https:\/\/contabilidadecaxias.com.br\/index.php\/wp-json\/wp\/v2\/types\/post"}],"replies":[{"embeddable":true,"href":"https:\/\/contabilidadecaxias.com.br\/index.php\/wp-json\/wp\/v2\/comments?post=12579"}],"version-history":[{"count":0,"href":"https:\/\/contabilidadecaxias.com.br\/index.php\/wp-json\/wp\/v2\/posts\/12579\/revisions"}],"wp:attachment":[{"href":"https:\/\/contabilidadecaxias.com.br\/index.php\/wp-json\/wp\/v2\/media?parent=12579"}],"wp:term":[{"taxonomy":"category","embeddable":true,"href":"https:\/\/contabilidadecaxias.com.br\/index.php\/wp-json\/wp\/v2\/categories?post=12579"},{"taxonomy":"post_tag","embeddable":true,"href":"https:\/\/contabilidadecaxias.com.br\/index.php\/wp-json\/wp\/v2\/tags?post=12579"}],"curies":[{"name":"wp","href":"https:\/\/api.w.org\/{rel}","templated":true}]}}