{"id":12575,"date":"2022-08-02T16:05:54","date_gmt":"2022-08-02T19:05:54","guid":{"rendered":"https:\/\/contabilidadecaxias.com.br\/index.php\/2022\/08\/02\/tst-homenageara-personalidades-brasileiras-com-a-ordem-do-merito-judiciario-do-trabalho\/"},"modified":"2022-08-02T16:05:54","modified_gmt":"2022-08-02T19:05:54","slug":"tst-homenageara-personalidades-brasileiras-com-a-ordem-do-merito-judiciario-do-trabalho","status":"publish","type":"post","link":"https:\/\/contabilidadecaxias.com.br\/index.php\/2022\/08\/02\/tst-homenageara-personalidades-brasileiras-com-a-ordem-do-merito-judiciario-do-trabalho\/","title":{"rendered":"TST homenagear\u00e1 personalidades brasileiras com a Ordem do M\u00e9rito Judici\u00e1rio do Trabalho"},"content":{"rendered":"<div class=\"noticia-wrapper\">\n<p><em><\/p>\n<p>Cerim\u00f4nia ser\u00e1 realizada no dia 11 de agosto, \u00e0s 17h, no edif\u00edcio-sede do Tribunal, em Bras\u00edlia<\/p>\n<p><\/em><\/p>\n<div class=\"social-media-share mobile\">\n        <a class=\"share-facebook\" href=\"https:\/\/www.facebook.com\/sharer.php?u=https:\/\/www.tst.jus.br\/-\/tst-homenagear%C3%A1-personalidades-brasileiras-com-a-ordem-do-m%C3%A9rito-judici%C3%A1rio-do-trabalho\" target=\"_blank\" rel=\"noopener\"><\/a><br \/>\n        <a class=\"share-twitter\" href=\"https:\/\/twitter.com\/intent\/tweet?text=TST%20homenagear%C3%A1%20personalidades%20brasileiras%20com%20a%20Ordem%20do%20M%C3%A9rito%20Judici%C3%A1rio%20do%20Trabalho%0AVeja%20mais%20em:&amp;url=https:\/\/www.tst.jus.br\/-\/tst-homenagear%C3%A1-personalidades-brasileiras-com-a-ordem-do-m%C3%A9rito-judici%C3%A1rio-do-trabalho\" target=\"_blank\" rel=\"noopener\"><\/a><br \/>\n        <a class=\"share-linkedin\" href=\"https:\/\/www.linkedin.com\/shareArticle?mini=true&amp;url=https:\/\/www.tst.jus.br\/-\/tst-homenagear%C3%A1-personalidades-brasileiras-com-a-ordem-do-m%C3%A9rito-judici%C3%A1rio-do-trabalho&amp;title=TST%20homenagear%C3%A1%20personalidades%20brasileiras%20com%20a%20Ordem%20do%20M%C3%A9rito%20Judici%C3%A1rio%20do%20Trabalho\" target=\"_blank\" rel=\"noopener\"><\/a><br \/>\n        <a class=\"share-whatsapp\" href=\"https:\/\/web.whatsapp.com\/send?text=https:\/\/www.tst.jus.br\/-\/tst-homenagear%C3%A1-personalidades-brasileiras-com-a-ordem-do-m%C3%A9rito-judici%C3%A1rio-do-trabalho\" target=\"_blank\" rel=\"noopener\"><\/a><br \/>\n        <a class=\"share-googleplus\" href=\"https:\/\/plus.google.com\/share?url=https:\/\/www.tst.jus.br\/-\/tst-homenagear%C3%A1-personalidades-brasileiras-com-a-ordem-do-m%C3%A9rito-judici%C3%A1rio-do-trabalho\" target=\"_blank\" rel=\"noopener\"><\/a>\n    <\/div>\n<div class=\"news-body\">\n<div class=\"imagem-da-noticia\">\n<p>Detalhe de comendas da Ordem do M\u00e9rito Judici\u00e1rio do Trabalho<\/p>\n<div class=\"social-media-share\">\n                    <a class=\"share-facebook\" href=\"https:\/\/www.facebook.com\/sharer.php?u=https:\/\/www.tst.jus.br\/-\/tst-homenagear%C3%A1-personalidades-brasileiras-com-a-ordem-do-m%C3%A9rito-judici%C3%A1rio-do-trabalho\" target=\"_blank\" rel=\"noopener\"><\/a><br \/>\n                    <a class=\"share-twitter\" href=\"https:\/\/twitter.com\/intent\/tweet?text=TST%20homenagear%C3%A1%20personalidades%20brasileiras%20com%20a%20Ordem%20do%20M%C3%A9rito%20Judici%C3%A1rio%20do%20Trabalho%0AVeja%20mais%20em:&amp;url=https:\/\/www.tst.jus.br\/-\/tst-homenagear%C3%A1-personalidades-brasileiras-com-a-ordem-do-m%C3%A9rito-judici%C3%A1rio-do-trabalho\" target=\"_blank\" rel=\"noopener\"><\/a><br \/>\n                    <a class=\"share-linkedin\" href=\"https:\/\/www.linkedin.com\/shareArticle?mini=true&amp;url=https:\/\/www.tst.jus.br\/-\/tst-homenagear%C3%A1-personalidades-brasileiras-com-a-ordem-do-m%C3%A9rito-judici%C3%A1rio-do-trabalho&amp;title=TST%20homenagear%C3%A1%20personalidades%20brasileiras%20com%20a%20Ordem%20do%20M%C3%A9rito%20Judici%C3%A1rio%20do%20Trabalho\" target=\"_blank\" rel=\"noopener\"><\/a><br \/>\n                    <a class=\"share-whatsapp\" href=\"https:\/\/web.whatsapp.com\/send?text=https:\/\/www.tst.jus.br\/-\/tst-homenagear%C3%A1-personalidades-brasileiras-com-a-ordem-do-m%C3%A9rito-judici%C3%A1rio-do-trabalho\" target=\"_blank\" rel=\"noopener\"><\/a><br \/>\n                    <a class=\"share-googleplus\" href=\"https:\/\/plus.google.com\/share?url=https:\/\/www.tst.jus.br\/-\/tst-homenagear%C3%A1-personalidades-brasileiras-com-a-ordem-do-m%C3%A9rito-judici%C3%A1rio-do-trabalho\" target=\"_blank\" rel=\"noopener\"><\/a>\n                <\/div>\n<\/p><\/div>\n<div class=\"materia\">\n<p>02\/08\/22 &#8211; O Tribunal Superior do Trabalho (TST) vai realizar, no dia 11 de agosto, a partir das 17h, a cerim\u00f4nia de outorga da Ordem do M\u00e9rito Judici\u00e1rio do Trabalho (OMJT) de 2022. A comenda \u00e9 concedida, desde a d\u00e9cada de 1970, a institui\u00e7\u00f5es e personalidades que se destacam no exerc\u00edcio de suas profiss\u00f5es ou pelos servi\u00e7os prestados \u00e0 sociedade e \u00e0 Justi\u00e7a do Trabalho.<\/p>\n<p>Entre as personalidades homenageadas est\u00e3o o ministro do Superior Tribunal de Justi\u00e7a (STJ) Sebasti\u00e3o Alves dos Reis J\u00fanior, o presidente do Conselho Nacional da Ordem dos Advogados do Brasil, Jos\u00e9 Alberto Simonetti, a senadora Simone Tebet, a reitora da Universidade de Bras\u00edlia (UnB), M\u00e1rcia Abrah\u00e3o Moura, o prefeito de Natal (RN), \u00c1lvaro Costa Dias, e o cineasta Renato Barbieri, entre outros. A institui\u00e7\u00e3o que receber\u00e1 a comenda este ano \u00e9 a Universidade Federal do Rio Grande do Norte.\u00a0<\/p>\n<p>Consulte a <a href=\"https:\/\/www.tst.jus.br\/documents\/10157\/2374827\/%5BOMJT%5D+Convite+Digital-01.png\/85a766ff-8902-e754-eaf0-08207ee50611?t=1659464103763\" target=\"\" rel=\"noopener\">rela\u00e7\u00e3o completa dos agraciados<\/a>.\u00a0<\/p>\n<h4>Credenciamento<\/h4>\n<p>Jornalistas interessados em fazer a cobertura do evento, que ser\u00e1 realizado no edif\u00edcio-sede do Tribunal, em Bras\u00edlia, devem fazer o credenciamento pr\u00e9vio por meio de <a href=\"https:\/\/docs.google.com\/forms\/d\/e\/1FAIpQLSeJCg0IuT50yjox3EpUeLZHskQTVwMrt74SEuLntmMi73ErAg\/viewform\" target=\"_blank\" rel=\"noopener\">formul\u00e1rio eletr\u00f4nico<\/a> dispon\u00edvel no site do TST, na aba \u201cNot\u00edcias\u201d &#8211; \u201cSala da Imprensa\u201d.<\/p>\n<p><strong>Servi\u00e7o:<\/strong><br \/>\nOrdem do M\u00e9rito Judici\u00e1rio do Trabalho de 2022<br \/>\nData: 11 de agosto<br \/>\nHor\u00e1rio: \u00e0s 17h<br \/>\nLocal: TST &#8211; Setor de Administra\u00e7\u00e3o Federal Sul, quadro 8, bloco B<\/p>\n<p>(JS\/TG\/\/CF)<br \/>\n\u00a0<\/p>\n<\/div><\/div>\n<\/div>\n","protected":false},"excerpt":{"rendered":"<p>Cerim\u00f4nia ser\u00e1 realizada no dia 11 de agosto, \u00e0s 17h, no edif\u00edcio-sede do Tribunal, em Bras\u00edlia Detalhe de comendas da Ordem do M\u00e9rito Judici\u00e1rio do Trabalho 02\/08\/22 &#8211; O Tribunal Superior do Trabalho (TST) vai realizar, no dia 11 de agosto, a partir das 17h, a cerim\u00f4nia de outorga da Ordem do M\u00e9rito Judici\u00e1rio do [&hellip;]<\/p>\n","protected":false},"author":0,"featured_media":12576,"comment_status":"open","ping_status":"","sticky":false,"template":"","format":"standard","meta":{"footnotes":""},"categories":[5],"tags":[],"class_list":["post-12575","post","type-post","status-publish","format-standard","has-post-thumbnail","hentry","category-noticias-educacao-financeira"],"blocksy_meta":{"styles_descriptor":{"styles":{"desktop":"","tablet":"","mobile":""},"google_fonts":[],"version":6}},"yoast_head":"<!-- This site is optimized with the Yoast SEO plugin v27.4 - https:\/\/yoast.com\/product\/yoast-seo-wordpress\/ -->\n<title>TST homenagear\u00e1 personalidades brasileiras com a Ordem do M\u00e9rito Judici\u00e1rio do Trabalho - Contabilidade Caxias<\/title>\n<meta name=\"robots\" content=\"index, follow, max-snippet:-1, max-image-preview:large, max-video-preview:-1\" \/>\n<link rel=\"canonical\" href=\"https:\/\/contabilidadecaxias.com.br\/index.php\/2022\/08\/02\/tst-homenageara-personalidades-brasileiras-com-a-ordem-do-merito-judiciario-do-trabalho\/\" \/>\n<meta property=\"og:locale\" content=\"pt_BR\" \/>\n<meta property=\"og:type\" content=\"article\" \/>\n<meta property=\"og:title\" content=\"TST homenagear\u00e1 personalidades brasileiras com a Ordem do M\u00e9rito Judici\u00e1rio do Trabalho - Contabilidade Caxias\" \/>\n<meta property=\"og:description\" content=\"Cerim\u00f4nia ser\u00e1 realizada no dia 11 de agosto, \u00e0s 17h, no edif\u00edcio-sede do Tribunal, em Bras\u00edlia Detalhe de comendas da Ordem do M\u00e9rito Judici\u00e1rio do Trabalho 02\/08\/22 &#8211; O Tribunal Superior do Trabalho (TST) vai realizar, no dia 11 de agosto, a partir das 17h, a cerim\u00f4nia de outorga da Ordem do M\u00e9rito Judici\u00e1rio do [&hellip;]\" \/>\n<meta property=\"og:url\" content=\"https:\/\/contabilidadecaxias.com.br\/index.php\/2022\/08\/02\/tst-homenageara-personalidades-brasileiras-com-a-ordem-do-merito-judiciario-do-trabalho\/\" \/>\n<meta property=\"og:site_name\" content=\"Contabilidade Caxias\" \/>\n<meta property=\"article:published_time\" content=\"2022-08-02T19:05:54+00:00\" \/>\n<meta name=\"twitter:card\" content=\"summary_large_image\" \/>\n<meta name=\"twitter:label1\" content=\"Est. tempo de leitura\" \/>\n\t<meta name=\"twitter:data1\" content=\"1 minuto\" \/>\n<script type=\"application\/ld+json\" class=\"yoast-schema-graph\">{\"@context\":\"https:\\\/\\\/schema.org\",\"@graph\":[{\"@type\":\"Article\",\"@id\":\"https:\\\/\\\/contabilidadecaxias.com.br\\\/index.php\\\/2022\\\/08\\\/02\\\/tst-homenageara-personalidades-brasileiras-com-a-ordem-do-merito-judiciario-do-trabalho\\\/#article\",\"isPartOf\":{\"@id\":\"https:\\\/\\\/contabilidadecaxias.com.br\\\/index.php\\\/2022\\\/08\\\/02\\\/tst-homenageara-personalidades-brasileiras-com-a-ordem-do-merito-judiciario-do-trabalho\\\/\"},\"author\":{\"name\":\"\",\"@id\":\"\"},\"headline\":\"TST homenagear\u00e1 personalidades brasileiras com a Ordem do M\u00e9rito Judici\u00e1rio do Trabalho\",\"datePublished\":\"2022-08-02T19:05:54+00:00\",\"mainEntityOfPage\":{\"@id\":\"https:\\\/\\\/contabilidadecaxias.com.br\\\/index.php\\\/2022\\\/08\\\/02\\\/tst-homenageara-personalidades-brasileiras-com-a-ordem-do-merito-judiciario-do-trabalho\\\/\"},\"wordCount\":283,\"commentCount\":0,\"image\":{\"@id\":\"https:\\\/\\\/contabilidadecaxias.com.br\\\/index.php\\\/2022\\\/08\\\/02\\\/tst-homenageara-personalidades-brasileiras-com-a-ordem-do-merito-judiciario-do-trabalho\\\/#primaryimage\"},\"thumbnailUrl\":\"https:\\\/\\\/contabilidadecaxias.com.br\\\/wp-content\\\/uploads\\\/2022\\\/08\\\/74c2df22-4df2-f7e1-0d04-59617276d67c-k2uwQX.jpeg\",\"articleSection\":[\"Educa\u00e7\u00e3o Financeira\"],\"inLanguage\":\"pt-BR\",\"potentialAction\":[{\"@type\":\"CommentAction\",\"name\":\"Comment\",\"target\":[\"https:\\\/\\\/contabilidadecaxias.com.br\\\/index.php\\\/2022\\\/08\\\/02\\\/tst-homenageara-personalidades-brasileiras-com-a-ordem-do-merito-judiciario-do-trabalho\\\/#respond\"]}]},{\"@type\":\"WebPage\",\"@id\":\"https:\\\/\\\/contabilidadecaxias.com.br\\\/index.php\\\/2022\\\/08\\\/02\\\/tst-homenageara-personalidades-brasileiras-com-a-ordem-do-merito-judiciario-do-trabalho\\\/\",\"url\":\"https:\\\/\\\/contabilidadecaxias.com.br\\\/index.php\\\/2022\\\/08\\\/02\\\/tst-homenageara-personalidades-brasileiras-com-a-ordem-do-merito-judiciario-do-trabalho\\\/\",\"name\":\"TST homenagear\u00e1 personalidades brasileiras com a Ordem do M\u00e9rito Judici\u00e1rio do Trabalho - Contabilidade Caxias\",\"isPartOf\":{\"@id\":\"https:\\\/\\\/contabilidadecaxias.com.br\\\/#website\"},\"primaryImageOfPage\":{\"@id\":\"https:\\\/\\\/contabilidadecaxias.com.br\\\/index.php\\\/2022\\\/08\\\/02\\\/tst-homenageara-personalidades-brasileiras-com-a-ordem-do-merito-judiciario-do-trabalho\\\/#primaryimage\"},\"image\":{\"@id\":\"https:\\\/\\\/contabilidadecaxias.com.br\\\/index.php\\\/2022\\\/08\\\/02\\\/tst-homenageara-personalidades-brasileiras-com-a-ordem-do-merito-judiciario-do-trabalho\\\/#primaryimage\"},\"thumbnailUrl\":\"https:\\\/\\\/contabilidadecaxias.com.br\\\/wp-content\\\/uploads\\\/2022\\\/08\\\/74c2df22-4df2-f7e1-0d04-59617276d67c-k2uwQX.jpeg\",\"datePublished\":\"2022-08-02T19:05:54+00:00\",\"author\":{\"@id\":\"\"},\"breadcrumb\":{\"@id\":\"https:\\\/\\\/contabilidadecaxias.com.br\\\/index.php\\\/2022\\\/08\\\/02\\\/tst-homenageara-personalidades-brasileiras-com-a-ordem-do-merito-judiciario-do-trabalho\\\/#breadcrumb\"},\"inLanguage\":\"pt-BR\",\"potentialAction\":[{\"@type\":\"ReadAction\",\"target\":[\"https:\\\/\\\/contabilidadecaxias.com.br\\\/index.php\\\/2022\\\/08\\\/02\\\/tst-homenageara-personalidades-brasileiras-com-a-ordem-do-merito-judiciario-do-trabalho\\\/\"]}]},{\"@type\":\"ImageObject\",\"inLanguage\":\"pt-BR\",\"@id\":\"https:\\\/\\\/contabilidadecaxias.com.br\\\/index.php\\\/2022\\\/08\\\/02\\\/tst-homenageara-personalidades-brasileiras-com-a-ordem-do-merito-judiciario-do-trabalho\\\/#primaryimage\",\"url\":\"https:\\\/\\\/contabilidadecaxias.com.br\\\/wp-content\\\/uploads\\\/2022\\\/08\\\/74c2df22-4df2-f7e1-0d04-59617276d67c-k2uwQX.jpeg\",\"contentUrl\":\"https:\\\/\\\/contabilidadecaxias.com.br\\\/wp-content\\\/uploads\\\/2022\\\/08\\\/74c2df22-4df2-f7e1-0d04-59617276d67c-k2uwQX.jpeg\",\"width\":516,\"height\":339},{\"@type\":\"BreadcrumbList\",\"@id\":\"https:\\\/\\\/contabilidadecaxias.com.br\\\/index.php\\\/2022\\\/08\\\/02\\\/tst-homenageara-personalidades-brasileiras-com-a-ordem-do-merito-judiciario-do-trabalho\\\/#breadcrumb\",\"itemListElement\":[{\"@type\":\"ListItem\",\"position\":1,\"name\":\"In\u00edcio\",\"item\":\"https:\\\/\\\/contabilidadecaxias.com.br\\\/\"},{\"@type\":\"ListItem\",\"position\":2,\"name\":\"TST homenagear\u00e1 personalidades brasileiras com a Ordem do M\u00e9rito Judici\u00e1rio do Trabalho\"}]},{\"@type\":\"WebSite\",\"@id\":\"https:\\\/\\\/contabilidadecaxias.com.br\\\/#website\",\"url\":\"https:\\\/\\\/contabilidadecaxias.com.br\\\/\",\"name\":\"Contabilidade Caxias\",\"description\":\"Site especializado em Contabilidade para Caxias.\",\"potentialAction\":[{\"@type\":\"SearchAction\",\"target\":{\"@type\":\"EntryPoint\",\"urlTemplate\":\"https:\\\/\\\/contabilidadecaxias.com.br\\\/?s={search_term_string}\"},\"query-input\":{\"@type\":\"PropertyValueSpecification\",\"valueRequired\":true,\"valueName\":\"search_term_string\"}}],\"inLanguage\":\"pt-BR\"}]}<\/script>\n<!-- \/ Yoast SEO plugin. -->","yoast_head_json":{"title":"TST homenagear\u00e1 personalidades brasileiras com a Ordem do M\u00e9rito Judici\u00e1rio do Trabalho - Contabilidade Caxias","robots":{"index":"index","follow":"follow","max-snippet":"max-snippet:-1","max-image-preview":"max-image-preview:large","max-video-preview":"max-video-preview:-1"},"canonical":"https:\/\/contabilidadecaxias.com.br\/index.php\/2022\/08\/02\/tst-homenageara-personalidades-brasileiras-com-a-ordem-do-merito-judiciario-do-trabalho\/","og_locale":"pt_BR","og_type":"article","og_title":"TST homenagear\u00e1 personalidades brasileiras com a Ordem do M\u00e9rito Judici\u00e1rio do Trabalho - Contabilidade Caxias","og_description":"Cerim\u00f4nia ser\u00e1 realizada no dia 11 de agosto, \u00e0s 17h, no edif\u00edcio-sede do Tribunal, em Bras\u00edlia Detalhe de comendas da Ordem do M\u00e9rito Judici\u00e1rio do Trabalho 02\/08\/22 &#8211; O Tribunal Superior do Trabalho (TST) vai realizar, no dia 11 de agosto, a partir das 17h, a cerim\u00f4nia de outorga da Ordem do M\u00e9rito Judici\u00e1rio do [&hellip;]","og_url":"https:\/\/contabilidadecaxias.com.br\/index.php\/2022\/08\/02\/tst-homenageara-personalidades-brasileiras-com-a-ordem-do-merito-judiciario-do-trabalho\/","og_site_name":"Contabilidade Caxias","article_published_time":"2022-08-02T19:05:54+00:00","twitter_card":"summary_large_image","twitter_misc":{"Est. tempo de leitura":"1 minuto"},"schema":{"@context":"https:\/\/schema.org","@graph":[{"@type":"Article","@id":"https:\/\/contabilidadecaxias.com.br\/index.php\/2022\/08\/02\/tst-homenageara-personalidades-brasileiras-com-a-ordem-do-merito-judiciario-do-trabalho\/#article","isPartOf":{"@id":"https:\/\/contabilidadecaxias.com.br\/index.php\/2022\/08\/02\/tst-homenageara-personalidades-brasileiras-com-a-ordem-do-merito-judiciario-do-trabalho\/"},"author":{"name":"","@id":""},"headline":"TST homenagear\u00e1 personalidades brasileiras com a Ordem do M\u00e9rito Judici\u00e1rio do Trabalho","datePublished":"2022-08-02T19:05:54+00:00","mainEntityOfPage":{"@id":"https:\/\/contabilidadecaxias.com.br\/index.php\/2022\/08\/02\/tst-homenageara-personalidades-brasileiras-com-a-ordem-do-merito-judiciario-do-trabalho\/"},"wordCount":283,"commentCount":0,"image":{"@id":"https:\/\/contabilidadecaxias.com.br\/index.php\/2022\/08\/02\/tst-homenageara-personalidades-brasileiras-com-a-ordem-do-merito-judiciario-do-trabalho\/#primaryimage"},"thumbnailUrl":"https:\/\/contabilidadecaxias.com.br\/wp-content\/uploads\/2022\/08\/74c2df22-4df2-f7e1-0d04-59617276d67c-k2uwQX.jpeg","articleSection":["Educa\u00e7\u00e3o Financeira"],"inLanguage":"pt-BR","potentialAction":[{"@type":"CommentAction","name":"Comment","target":["https:\/\/contabilidadecaxias.com.br\/index.php\/2022\/08\/02\/tst-homenageara-personalidades-brasileiras-com-a-ordem-do-merito-judiciario-do-trabalho\/#respond"]}]},{"@type":"WebPage","@id":"https:\/\/contabilidadecaxias.com.br\/index.php\/2022\/08\/02\/tst-homenageara-personalidades-brasileiras-com-a-ordem-do-merito-judiciario-do-trabalho\/","url":"https:\/\/contabilidadecaxias.com.br\/index.php\/2022\/08\/02\/tst-homenageara-personalidades-brasileiras-com-a-ordem-do-merito-judiciario-do-trabalho\/","name":"TST homenagear\u00e1 personalidades brasileiras com a Ordem do M\u00e9rito Judici\u00e1rio do Trabalho - Contabilidade Caxias","isPartOf":{"@id":"https:\/\/contabilidadecaxias.com.br\/#website"},"primaryImageOfPage":{"@id":"https:\/\/contabilidadecaxias.com.br\/index.php\/2022\/08\/02\/tst-homenageara-personalidades-brasileiras-com-a-ordem-do-merito-judiciario-do-trabalho\/#primaryimage"},"image":{"@id":"https:\/\/contabilidadecaxias.com.br\/index.php\/2022\/08\/02\/tst-homenageara-personalidades-brasileiras-com-a-ordem-do-merito-judiciario-do-trabalho\/#primaryimage"},"thumbnailUrl":"https:\/\/contabilidadecaxias.com.br\/wp-content\/uploads\/2022\/08\/74c2df22-4df2-f7e1-0d04-59617276d67c-k2uwQX.jpeg","datePublished":"2022-08-02T19:05:54+00:00","author":{"@id":""},"breadcrumb":{"@id":"https:\/\/contabilidadecaxias.com.br\/index.php\/2022\/08\/02\/tst-homenageara-personalidades-brasileiras-com-a-ordem-do-merito-judiciario-do-trabalho\/#breadcrumb"},"inLanguage":"pt-BR","potentialAction":[{"@type":"ReadAction","target":["https:\/\/contabilidadecaxias.com.br\/index.php\/2022\/08\/02\/tst-homenageara-personalidades-brasileiras-com-a-ordem-do-merito-judiciario-do-trabalho\/"]}]},{"@type":"ImageObject","inLanguage":"pt-BR","@id":"https:\/\/contabilidadecaxias.com.br\/index.php\/2022\/08\/02\/tst-homenageara-personalidades-brasileiras-com-a-ordem-do-merito-judiciario-do-trabalho\/#primaryimage","url":"https:\/\/contabilidadecaxias.com.br\/wp-content\/uploads\/2022\/08\/74c2df22-4df2-f7e1-0d04-59617276d67c-k2uwQX.jpeg","contentUrl":"https:\/\/contabilidadecaxias.com.br\/wp-content\/uploads\/2022\/08\/74c2df22-4df2-f7e1-0d04-59617276d67c-k2uwQX.jpeg","width":516,"height":339},{"@type":"BreadcrumbList","@id":"https:\/\/contabilidadecaxias.com.br\/index.php\/2022\/08\/02\/tst-homenageara-personalidades-brasileiras-com-a-ordem-do-merito-judiciario-do-trabalho\/#breadcrumb","itemListElement":[{"@type":"ListItem","position":1,"name":"In\u00edcio","item":"https:\/\/contabilidadecaxias.com.br\/"},{"@type":"ListItem","position":2,"name":"TST homenagear\u00e1 personalidades brasileiras com a Ordem do M\u00e9rito Judici\u00e1rio do Trabalho"}]},{"@type":"WebSite","@id":"https:\/\/contabilidadecaxias.com.br\/#website","url":"https:\/\/contabilidadecaxias.com.br\/","name":"Contabilidade Caxias","description":"Site especializado em Contabilidade para Caxias.","potentialAction":[{"@type":"SearchAction","target":{"@type":"EntryPoint","urlTemplate":"https:\/\/contabilidadecaxias.com.br\/?s={search_term_string}"},"query-input":{"@type":"PropertyValueSpecification","valueRequired":true,"valueName":"search_term_string"}}],"inLanguage":"pt-BR"}]}},"_links":{"self":[{"href":"https:\/\/contabilidadecaxias.com.br\/index.php\/wp-json\/wp\/v2\/posts\/12575","targetHints":{"allow":["GET"]}}],"collection":[{"href":"https:\/\/contabilidadecaxias.com.br\/index.php\/wp-json\/wp\/v2\/posts"}],"about":[{"href":"https:\/\/contabilidadecaxias.com.br\/index.php\/wp-json\/wp\/v2\/types\/post"}],"replies":[{"embeddable":true,"href":"https:\/\/contabilidadecaxias.com.br\/index.php\/wp-json\/wp\/v2\/comments?post=12575"}],"version-history":[{"count":0,"href":"https:\/\/contabilidadecaxias.com.br\/index.php\/wp-json\/wp\/v2\/posts\/12575\/revisions"}],"wp:featuredmedia":[{"embeddable":true,"href":"https:\/\/contabilidadecaxias.com.br\/index.php\/wp-json\/wp\/v2\/media\/12576"}],"wp:attachment":[{"href":"https:\/\/contabilidadecaxias.com.br\/index.php\/wp-json\/wp\/v2\/media?parent=12575"}],"wp:term":[{"taxonomy":"category","embeddable":true,"href":"https:\/\/contabilidadecaxias.com.br\/index.php\/wp-json\/wp\/v2\/categories?post=12575"},{"taxonomy":"post_tag","embeddable":true,"href":"https:\/\/contabilidadecaxias.com.br\/index.php\/wp-json\/wp\/v2\/tags?post=12575"}],"curies":[{"name":"wp","href":"https:\/\/api.w.org\/{rel}","templated":true}]}}