{"id":12568,"date":"2022-08-02T09:05:11","date_gmt":"2022-08-02T12:05:11","guid":{"rendered":"https:\/\/contabilidadecaxias.com.br\/index.php\/2022\/08\/02\/municipio-nao-e-responsavel-por-valores-devidos-a-tecnico-de-basquete-contratado-por-ongs\/"},"modified":"2022-08-02T09:05:11","modified_gmt":"2022-08-02T12:05:11","slug":"municipio-nao-e-responsavel-por-valores-devidos-a-tecnico-de-basquete-contratado-por-ongs","status":"publish","type":"post","link":"https:\/\/contabilidadecaxias.com.br\/index.php\/2022\/08\/02\/municipio-nao-e-responsavel-por-valores-devidos-a-tecnico-de-basquete-contratado-por-ongs\/","title":{"rendered":"Munic\u00edpio n\u00e3o \u00e9 respons\u00e1vel por valores devidos a t\u00e9cnico de basquete contratado por ONGs"},"content":{"rendered":"<div class=\"noticia-wrapper\">\n<p><em><\/p>\n<p>O ente p\u00fablico apenas repassava verbas a programa de fomento ao esporte<\/p>\n<p><\/em><\/p>\n<div class=\"social-media-share mobile\">\n        <a class=\"share-facebook\" href=\"https:\/\/www.facebook.com\/sharer.php?u=https:\/\/www.tst.jus.br\/-\/munic%C3%ADpio-n%C3%A3o-%C3%A9-respons%C3%A1vel-por-valores-devidos-a-t%C3%A9cnico-de-basquete-contratado-por-ongs\" target=\"_blank\" rel=\"noopener\"><\/a><br \/>\n        <a class=\"share-twitter\" href=\"https:\/\/twitter.com\/intent\/tweet?text=Munic%C3%ADpio%20n%C3%A3o%20%C3%A9%20respons%C3%A1vel%20por%20valores%20devidos%20a%20t%C3%A9cnico%20de%20basquete%20contratado%20por%20ONGs%0AVeja%20mais%20em:&amp;url=https:\/\/www.tst.jus.br\/-\/munic%C3%ADpio-n%C3%A3o-%C3%A9-respons%C3%A1vel-por-valores-devidos-a-t%C3%A9cnico-de-basquete-contratado-por-ongs\" target=\"_blank\" rel=\"noopener\"><\/a><br \/>\n        <a class=\"share-linkedin\" href=\"https:\/\/www.linkedin.com\/shareArticle?mini=true&amp;url=https:\/\/www.tst.jus.br\/-\/munic%C3%ADpio-n%C3%A3o-%C3%A9-respons%C3%A1vel-por-valores-devidos-a-t%C3%A9cnico-de-basquete-contratado-por-ongs&amp;title=Munic%C3%ADpio%20n%C3%A3o%20%C3%A9%20respons%C3%A1vel%20por%20valores%20devidos%20a%20t%C3%A9cnico%20de%20basquete%20contratado%20por%20ONGs\" target=\"_blank\" rel=\"noopener\"><\/a><br \/>\n        <a class=\"share-whatsapp\" href=\"https:\/\/web.whatsapp.com\/send?text=https:\/\/www.tst.jus.br\/-\/munic%C3%ADpio-n%C3%A3o-%C3%A9-respons%C3%A1vel-por-valores-devidos-a-t%C3%A9cnico-de-basquete-contratado-por-ongs\" target=\"_blank\" rel=\"noopener\"><\/a><br \/>\n        <a class=\"share-googleplus\" href=\"https:\/\/plus.google.com\/share?url=https:\/\/www.tst.jus.br\/-\/munic%C3%ADpio-n%C3%A3o-%C3%A9-respons%C3%A1vel-por-valores-devidos-a-t%C3%A9cnico-de-basquete-contratado-por-ongs\" target=\"_blank\" rel=\"noopener\"><\/a>\n    <\/div>\n<div class=\"news-body\">\n<div class=\"imagem-da-noticia\">\n<p>Ministro Alexandre Ramos<\/p>\n<div class=\"social-media-share\">\n                    <a class=\"share-facebook\" href=\"https:\/\/www.facebook.com\/sharer.php?u=https:\/\/www.tst.jus.br\/-\/munic%C3%ADpio-n%C3%A3o-%C3%A9-respons%C3%A1vel-por-valores-devidos-a-t%C3%A9cnico-de-basquete-contratado-por-ongs\" target=\"_blank\" rel=\"noopener\"><\/a><br \/>\n                    <a class=\"share-twitter\" href=\"https:\/\/twitter.com\/intent\/tweet?text=Munic%C3%ADpio%20n%C3%A3o%20%C3%A9%20respons%C3%A1vel%20por%20valores%20devidos%20a%20t%C3%A9cnico%20de%20basquete%20contratado%20por%20ONGs%0AVeja%20mais%20em:&amp;url=https:\/\/www.tst.jus.br\/-\/munic%C3%ADpio-n%C3%A3o-%C3%A9-respons%C3%A1vel-por-valores-devidos-a-t%C3%A9cnico-de-basquete-contratado-por-ongs\" target=\"_blank\" rel=\"noopener\"><\/a><br \/>\n                    <a class=\"share-linkedin\" href=\"https:\/\/www.linkedin.com\/shareArticle?mini=true&amp;url=https:\/\/www.tst.jus.br\/-\/munic%C3%ADpio-n%C3%A3o-%C3%A9-respons%C3%A1vel-por-valores-devidos-a-t%C3%A9cnico-de-basquete-contratado-por-ongs&amp;title=Munic%C3%ADpio%20n%C3%A3o%20%C3%A9%20respons%C3%A1vel%20por%20valores%20devidos%20a%20t%C3%A9cnico%20de%20basquete%20contratado%20por%20ONGs\" target=\"_blank\" rel=\"noopener\"><\/a><br \/>\n                    <a class=\"share-whatsapp\" href=\"https:\/\/web.whatsapp.com\/send?text=https:\/\/www.tst.jus.br\/-\/munic%C3%ADpio-n%C3%A3o-%C3%A9-respons%C3%A1vel-por-valores-devidos-a-t%C3%A9cnico-de-basquete-contratado-por-ongs\" target=\"_blank\" rel=\"noopener\"><\/a><br \/>\n                    <a class=\"share-googleplus\" href=\"https:\/\/plus.google.com\/share?url=https:\/\/www.tst.jus.br\/-\/munic%C3%ADpio-n%C3%A3o-%C3%A9-respons%C3%A1vel-por-valores-devidos-a-t%C3%A9cnico-de-basquete-contratado-por-ongs\" target=\"_blank\" rel=\"noopener\"><\/a>\n                <\/div>\n<\/p><\/div>\n<div class=\"materia\">\n<p>02\/08\/22 &#8211;\u00a0A Quarta Turma do Tribunal Superior do Trabalho julgou improcedente o pedido de um t\u00e9cnico de basquete de S\u00e3o Jos\u00e9 dos Campos (SP) de responsabilizar o munic\u00edpio por verbas trabalhistas reconhecidas pela Justi\u00e7a. Contratado por duas organiza\u00e7\u00f5es desportivas n\u00e3o governamentais, ele alegava que seu sal\u00e1rio era pago pela prefeitura. Todavia, segundo o colegiado, o munic\u00edpio apenas fazia o repasse de verbas, por meio de programa de fomento ao esporte.<\/p>\n<h4>Campeonatos<\/h4>\n<p>Na reclama\u00e7\u00e3o trabalhista, o t\u00e9cnico disse que o munic\u00edpio havia feito um acordo com a Associa\u00e7\u00e3o Esportiva S\u00e3o Jos\u00e9 para que ela se filiasse \u00e0 Federa\u00e7\u00e3o Paulista de Basquete e assumisse a equipe municipal, o que permitiria ela participasse dos campeonatos. Segundo o acordo, a organiza\u00e7\u00e3o assumiria o time, enquanto o munic\u00edpio continuaria fornecendo recursos financeiros para manter a equipe.<\/p>\n<p>O pr\u00f3ximo passo era contratar um t\u00e9cnico, o que foi feito em fevereiro de 2002. Dez anos depois, uma nova entidade assumiu o acordo, e o profissional permaneceu atuando at\u00e9 novembro de 2013. Dispensado, ele ajuizou a\u00e7\u00e3o trabalhista contra as duas organiza\u00e7\u00f5es e o munic\u00edpio, que, a seu ver, deveria responder, de forma solid\u00e1ria, pelo pagamento das verbas rescis\u00f3rias. \u00a0\u00a0<\/p>\n<h4>Maquiagem jur\u00eddica<\/h4>\n<p>Na avalia\u00e7\u00e3o do t\u00e9cnico, teria havido um conluio entre as organiza\u00e7\u00f5es n\u00e3o governamentais que culminara na exig\u00eancia de que ele assinasse um &#8220;termo de compromisso&#8221; com o munic\u00edpio, \u201cque deveria ser contrato de trabalho\u201d. Segundo ele, o ente p\u00fablico teria se escondido atr\u00e1s da natureza jur\u00eddica das ONGs, \u201ccom maquiagem jur\u00eddica de um termo de compromisso que trata de atletas (categoria com legisla\u00e7\u00e3o espec\u00edfica), e n\u00e3o de profissionais de educa\u00e7\u00e3o f\u00edsica, para remuner\u00e1-lo\u201d.<\/p>\n<h4>Fomento ao esporte<\/h4>\n<p>Em defesa, o munic\u00edpio disse ter atuado de acordo com a Constitui\u00e7\u00e3o Federal, que permite ao ente p\u00fablico o fomento de pr\u00e1ticas desportivas, sem rela\u00e7\u00e3o de emprego a ser amparada pela CLT. Tamb\u00e9m argumentou que n\u00e3o poderia contratar ningu\u00e9m sem concurso e que n\u00e3o havia inten\u00e7\u00e3o de lucro. \u201cO simples fato de fornecer recursos financeiros para manter a equipe de basquete n\u00e3o induz \u00e0 responsabilidade solid\u00e1ria\u201d, acrescentou.\u00a0<\/p>\n<h4>Lei Pel\u00e9<\/h4>\n<p>O Tribunal Regional do Trabalho da 15\u00aa Regi\u00e3o (Campinas\/SP) reconheceu o v\u00ednculo de emprego em rela\u00e7\u00e3o \u00e0s ONGs, condenando-as a responder diretamente pelos d\u00e9bitos trabalhistas ao atleta. Para o TRT, a Associa\u00e7\u00e3o Esportiva S\u00e3o Jos\u00e9, a partir do momento em que aceitara se filiar \u00e0 federa\u00e7\u00e3o de basquete, passou a ser empregadora de atletas, regida pela Lei Pel\u00e9 (<a href=\"https:\/\/www.planalto.gov.br\/ccivil_03\/leis\/l9615consol.htm\" target=\"_blank\" rel=\"noopener\">Lei 9.615\/1998<\/a>). Quanto ao munic\u00edpio, foi reconhecida a responsabilidade solid\u00e1ria pela condena\u00e7\u00e3o.<\/p>\n<h4>Repasse<\/h4>\n<p>Para o relator do recurso de revista, ministro Alexandre Ramos, o munic\u00edpio n\u00e3o se beneficiou diretamente dos servi\u00e7os prestados pelo t\u00e9cnico de basquete nem teve nenhuma inger\u00eancia na contrata\u00e7\u00e3o ou nas atividades desempenhadas por ele. Na sua avalia\u00e7\u00e3o, houve apenas o repasse de valores para o fomento de atividades esportivas.\u00a0<br \/>\n\u00a0<br \/>\nRamos acentuou que o repasse de recursos para desenvolver e estimular pr\u00e1ticas desportivas \u00e9 previsto na <a href=\"https:\/\/www.planalto.gov.br\/ccivil_03\/constituicao\/constituicao.htm\" target=\"_blank\" rel=\"noopener\">Constitui\u00e7\u00e3o Federal <\/a>(artigo 217). \u201cO est\u00edmulo por parte do ente p\u00fablico n\u00e3o permite concluir pela sua responsabilidade solid\u00e1ria ou subsidi\u00e1ria por eventuais cr\u00e9ditos trabalhistas\u201d, concluiu.\u00a0<\/p>\n<p>A decis\u00e3o foi un\u00e2nime.<\/p>\n<p>(RR\/CF)<\/p>\n<p>Processo: <a href=\"https:\/\/consultaprocessual.tst.jus.br\/consultaProcessual\/consultaTstNumUnica.do?consulta=Consultar&amp;conscsjt=&amp;numeroTst=333&amp;digitoTst=64&amp;anoTst=2014&amp;orgaoTst=5&amp;tribunalTst=15&amp;varaTst=0083&amp;submit=Consultar\" target=\"_blank\" rel=\"noopener\">RRAg-333-64.2014.5.15.0083<\/a><\/p>\n<p><em>Esta mat\u00e9ria tem cunho meramente informativo<br \/>\nPermitida a reprodu\u00e7\u00e3o mediante cita\u00e7\u00e3o da fonte.<br \/>\nSecretaria de Comunica\u00e7\u00e3o Social<br \/>\n<a href=\"https:\/\/www.tst.jus.br\/\" target=\"_blank\" rel=\"noopener\">Tribunal Superior do Trabalho<\/a><br \/>\nTel. (61) 3043-4907<br \/>\n<a href=\"mailto:secom@tst.jus.br\" target=\"\" rel=\"noopener\">secom@tst.jus.br<\/a><\/em><\/p>\n<p>\n\u00a0<\/p>\n<\/div><\/div>\n<\/div>\n","protected":false},"excerpt":{"rendered":"<p>O ente p\u00fablico apenas repassava verbas a programa de fomento ao esporte Ministro Alexandre Ramos 02\/08\/22 &#8211;\u00a0A Quarta Turma do Tribunal Superior do Trabalho julgou improcedente o pedido de um t\u00e9cnico de basquete de S\u00e3o Jos\u00e9 dos Campos (SP) de responsabilizar o munic\u00edpio por verbas trabalhistas reconhecidas pela Justi\u00e7a. Contratado por duas organiza\u00e7\u00f5es desportivas n\u00e3o [&hellip;]<\/p>\n","protected":false},"author":0,"featured_media":12569,"comment_status":"open","ping_status":"","sticky":false,"template":"","format":"standard","meta":{"footnotes":""},"categories":[5],"tags":[],"class_list":["post-12568","post","type-post","status-publish","format-standard","has-post-thumbnail","hentry","category-noticias-educacao-financeira"],"blocksy_meta":{"styles_descriptor":{"styles":{"desktop":"","tablet":"","mobile":""},"google_fonts":[],"version":6}},"yoast_head":"<!-- This site is optimized with the Yoast SEO plugin v27.4 - https:\/\/yoast.com\/product\/yoast-seo-wordpress\/ -->\n<title>Munic\u00edpio n\u00e3o \u00e9 respons\u00e1vel por valores devidos a t\u00e9cnico de basquete contratado por ONGs - Contabilidade Caxias<\/title>\n<meta name=\"robots\" content=\"index, follow, max-snippet:-1, max-image-preview:large, max-video-preview:-1\" \/>\n<link rel=\"canonical\" href=\"https:\/\/contabilidadecaxias.com.br\/index.php\/2022\/08\/02\/municipio-nao-e-responsavel-por-valores-devidos-a-tecnico-de-basquete-contratado-por-ongs\/\" \/>\n<meta property=\"og:locale\" content=\"pt_BR\" \/>\n<meta property=\"og:type\" content=\"article\" \/>\n<meta property=\"og:title\" content=\"Munic\u00edpio n\u00e3o \u00e9 respons\u00e1vel por valores devidos a t\u00e9cnico de basquete contratado por ONGs - Contabilidade Caxias\" \/>\n<meta property=\"og:description\" content=\"O ente p\u00fablico apenas repassava verbas a programa de fomento ao esporte Ministro Alexandre Ramos 02\/08\/22 &#8211;\u00a0A Quarta Turma do Tribunal Superior do Trabalho julgou improcedente o pedido de um t\u00e9cnico de basquete de S\u00e3o Jos\u00e9 dos Campos (SP) de responsabilizar o munic\u00edpio por verbas trabalhistas reconhecidas pela Justi\u00e7a. Contratado por duas organiza\u00e7\u00f5es desportivas n\u00e3o [&hellip;]\" \/>\n<meta property=\"og:url\" content=\"https:\/\/contabilidadecaxias.com.br\/index.php\/2022\/08\/02\/municipio-nao-e-responsavel-por-valores-devidos-a-tecnico-de-basquete-contratado-por-ongs\/\" \/>\n<meta property=\"og:site_name\" content=\"Contabilidade Caxias\" \/>\n<meta property=\"article:published_time\" content=\"2022-08-02T12:05:11+00:00\" \/>\n<meta name=\"twitter:card\" content=\"summary_large_image\" \/>\n<meta name=\"twitter:label1\" content=\"Est. tempo de leitura\" \/>\n\t<meta name=\"twitter:data1\" content=\"3 minutos\" \/>\n<script type=\"application\/ld+json\" class=\"yoast-schema-graph\">{\"@context\":\"https:\\\/\\\/schema.org\",\"@graph\":[{\"@type\":\"Article\",\"@id\":\"https:\\\/\\\/contabilidadecaxias.com.br\\\/index.php\\\/2022\\\/08\\\/02\\\/municipio-nao-e-responsavel-por-valores-devidos-a-tecnico-de-basquete-contratado-por-ongs\\\/#article\",\"isPartOf\":{\"@id\":\"https:\\\/\\\/contabilidadecaxias.com.br\\\/index.php\\\/2022\\\/08\\\/02\\\/municipio-nao-e-responsavel-por-valores-devidos-a-tecnico-de-basquete-contratado-por-ongs\\\/\"},\"author\":{\"name\":\"\",\"@id\":\"\"},\"headline\":\"Munic\u00edpio n\u00e3o \u00e9 respons\u00e1vel por valores devidos a t\u00e9cnico de basquete contratado por ONGs\",\"datePublished\":\"2022-08-02T12:05:11+00:00\",\"mainEntityOfPage\":{\"@id\":\"https:\\\/\\\/contabilidadecaxias.com.br\\\/index.php\\\/2022\\\/08\\\/02\\\/municipio-nao-e-responsavel-por-valores-devidos-a-tecnico-de-basquete-contratado-por-ongs\\\/\"},\"wordCount\":643,\"commentCount\":0,\"image\":{\"@id\":\"https:\\\/\\\/contabilidadecaxias.com.br\\\/index.php\\\/2022\\\/08\\\/02\\\/municipio-nao-e-responsavel-por-valores-devidos-a-tecnico-de-basquete-contratado-por-ongs\\\/#primaryimage\"},\"thumbnailUrl\":\"https:\\\/\\\/contabilidadecaxias.com.br\\\/wp-content\\\/uploads\\\/2022\\\/08\\\/ab26768e-9673-a6e7-ab20-79e36d8be110-iTXCip.jpeg\",\"articleSection\":[\"Educa\u00e7\u00e3o Financeira\"],\"inLanguage\":\"pt-BR\",\"potentialAction\":[{\"@type\":\"CommentAction\",\"name\":\"Comment\",\"target\":[\"https:\\\/\\\/contabilidadecaxias.com.br\\\/index.php\\\/2022\\\/08\\\/02\\\/municipio-nao-e-responsavel-por-valores-devidos-a-tecnico-de-basquete-contratado-por-ongs\\\/#respond\"]}]},{\"@type\":\"WebPage\",\"@id\":\"https:\\\/\\\/contabilidadecaxias.com.br\\\/index.php\\\/2022\\\/08\\\/02\\\/municipio-nao-e-responsavel-por-valores-devidos-a-tecnico-de-basquete-contratado-por-ongs\\\/\",\"url\":\"https:\\\/\\\/contabilidadecaxias.com.br\\\/index.php\\\/2022\\\/08\\\/02\\\/municipio-nao-e-responsavel-por-valores-devidos-a-tecnico-de-basquete-contratado-por-ongs\\\/\",\"name\":\"Munic\u00edpio n\u00e3o \u00e9 respons\u00e1vel por valores devidos a t\u00e9cnico de basquete contratado por ONGs - Contabilidade Caxias\",\"isPartOf\":{\"@id\":\"https:\\\/\\\/contabilidadecaxias.com.br\\\/#website\"},\"primaryImageOfPage\":{\"@id\":\"https:\\\/\\\/contabilidadecaxias.com.br\\\/index.php\\\/2022\\\/08\\\/02\\\/municipio-nao-e-responsavel-por-valores-devidos-a-tecnico-de-basquete-contratado-por-ongs\\\/#primaryimage\"},\"image\":{\"@id\":\"https:\\\/\\\/contabilidadecaxias.com.br\\\/index.php\\\/2022\\\/08\\\/02\\\/municipio-nao-e-responsavel-por-valores-devidos-a-tecnico-de-basquete-contratado-por-ongs\\\/#primaryimage\"},\"thumbnailUrl\":\"https:\\\/\\\/contabilidadecaxias.com.br\\\/wp-content\\\/uploads\\\/2022\\\/08\\\/ab26768e-9673-a6e7-ab20-79e36d8be110-iTXCip.jpeg\",\"datePublished\":\"2022-08-02T12:05:11+00:00\",\"author\":{\"@id\":\"\"},\"breadcrumb\":{\"@id\":\"https:\\\/\\\/contabilidadecaxias.com.br\\\/index.php\\\/2022\\\/08\\\/02\\\/municipio-nao-e-responsavel-por-valores-devidos-a-tecnico-de-basquete-contratado-por-ongs\\\/#breadcrumb\"},\"inLanguage\":\"pt-BR\",\"potentialAction\":[{\"@type\":\"ReadAction\",\"target\":[\"https:\\\/\\\/contabilidadecaxias.com.br\\\/index.php\\\/2022\\\/08\\\/02\\\/municipio-nao-e-responsavel-por-valores-devidos-a-tecnico-de-basquete-contratado-por-ongs\\\/\"]}]},{\"@type\":\"ImageObject\",\"inLanguage\":\"pt-BR\",\"@id\":\"https:\\\/\\\/contabilidadecaxias.com.br\\\/index.php\\\/2022\\\/08\\\/02\\\/municipio-nao-e-responsavel-por-valores-devidos-a-tecnico-de-basquete-contratado-por-ongs\\\/#primaryimage\",\"url\":\"https:\\\/\\\/contabilidadecaxias.com.br\\\/wp-content\\\/uploads\\\/2022\\\/08\\\/ab26768e-9673-a6e7-ab20-79e36d8be110-iTXCip.jpeg\",\"contentUrl\":\"https:\\\/\\\/contabilidadecaxias.com.br\\\/wp-content\\\/uploads\\\/2022\\\/08\\\/ab26768e-9673-a6e7-ab20-79e36d8be110-iTXCip.jpeg\",\"width\":1200,\"height\":789},{\"@type\":\"BreadcrumbList\",\"@id\":\"https:\\\/\\\/contabilidadecaxias.com.br\\\/index.php\\\/2022\\\/08\\\/02\\\/municipio-nao-e-responsavel-por-valores-devidos-a-tecnico-de-basquete-contratado-por-ongs\\\/#breadcrumb\",\"itemListElement\":[{\"@type\":\"ListItem\",\"position\":1,\"name\":\"In\u00edcio\",\"item\":\"https:\\\/\\\/contabilidadecaxias.com.br\\\/\"},{\"@type\":\"ListItem\",\"position\":2,\"name\":\"Munic\u00edpio n\u00e3o \u00e9 respons\u00e1vel por valores devidos a t\u00e9cnico de basquete contratado por ONGs\"}]},{\"@type\":\"WebSite\",\"@id\":\"https:\\\/\\\/contabilidadecaxias.com.br\\\/#website\",\"url\":\"https:\\\/\\\/contabilidadecaxias.com.br\\\/\",\"name\":\"Contabilidade Caxias\",\"description\":\"Site especializado em Contabilidade para Caxias.\",\"potentialAction\":[{\"@type\":\"SearchAction\",\"target\":{\"@type\":\"EntryPoint\",\"urlTemplate\":\"https:\\\/\\\/contabilidadecaxias.com.br\\\/?s={search_term_string}\"},\"query-input\":{\"@type\":\"PropertyValueSpecification\",\"valueRequired\":true,\"valueName\":\"search_term_string\"}}],\"inLanguage\":\"pt-BR\"}]}<\/script>\n<!-- \/ Yoast SEO plugin. -->","yoast_head_json":{"title":"Munic\u00edpio n\u00e3o \u00e9 respons\u00e1vel por valores devidos a t\u00e9cnico de basquete contratado por ONGs - Contabilidade Caxias","robots":{"index":"index","follow":"follow","max-snippet":"max-snippet:-1","max-image-preview":"max-image-preview:large","max-video-preview":"max-video-preview:-1"},"canonical":"https:\/\/contabilidadecaxias.com.br\/index.php\/2022\/08\/02\/municipio-nao-e-responsavel-por-valores-devidos-a-tecnico-de-basquete-contratado-por-ongs\/","og_locale":"pt_BR","og_type":"article","og_title":"Munic\u00edpio n\u00e3o \u00e9 respons\u00e1vel por valores devidos a t\u00e9cnico de basquete contratado por ONGs - Contabilidade Caxias","og_description":"O ente p\u00fablico apenas repassava verbas a programa de fomento ao esporte Ministro Alexandre Ramos 02\/08\/22 &#8211;\u00a0A Quarta Turma do Tribunal Superior do Trabalho julgou improcedente o pedido de um t\u00e9cnico de basquete de S\u00e3o Jos\u00e9 dos Campos (SP) de responsabilizar o munic\u00edpio por verbas trabalhistas reconhecidas pela Justi\u00e7a. Contratado por duas organiza\u00e7\u00f5es desportivas n\u00e3o [&hellip;]","og_url":"https:\/\/contabilidadecaxias.com.br\/index.php\/2022\/08\/02\/municipio-nao-e-responsavel-por-valores-devidos-a-tecnico-de-basquete-contratado-por-ongs\/","og_site_name":"Contabilidade Caxias","article_published_time":"2022-08-02T12:05:11+00:00","twitter_card":"summary_large_image","twitter_misc":{"Est. tempo de leitura":"3 minutos"},"schema":{"@context":"https:\/\/schema.org","@graph":[{"@type":"Article","@id":"https:\/\/contabilidadecaxias.com.br\/index.php\/2022\/08\/02\/municipio-nao-e-responsavel-por-valores-devidos-a-tecnico-de-basquete-contratado-por-ongs\/#article","isPartOf":{"@id":"https:\/\/contabilidadecaxias.com.br\/index.php\/2022\/08\/02\/municipio-nao-e-responsavel-por-valores-devidos-a-tecnico-de-basquete-contratado-por-ongs\/"},"author":{"name":"","@id":""},"headline":"Munic\u00edpio n\u00e3o \u00e9 respons\u00e1vel por valores devidos a t\u00e9cnico de basquete contratado por ONGs","datePublished":"2022-08-02T12:05:11+00:00","mainEntityOfPage":{"@id":"https:\/\/contabilidadecaxias.com.br\/index.php\/2022\/08\/02\/municipio-nao-e-responsavel-por-valores-devidos-a-tecnico-de-basquete-contratado-por-ongs\/"},"wordCount":643,"commentCount":0,"image":{"@id":"https:\/\/contabilidadecaxias.com.br\/index.php\/2022\/08\/02\/municipio-nao-e-responsavel-por-valores-devidos-a-tecnico-de-basquete-contratado-por-ongs\/#primaryimage"},"thumbnailUrl":"https:\/\/contabilidadecaxias.com.br\/wp-content\/uploads\/2022\/08\/ab26768e-9673-a6e7-ab20-79e36d8be110-iTXCip.jpeg","articleSection":["Educa\u00e7\u00e3o Financeira"],"inLanguage":"pt-BR","potentialAction":[{"@type":"CommentAction","name":"Comment","target":["https:\/\/contabilidadecaxias.com.br\/index.php\/2022\/08\/02\/municipio-nao-e-responsavel-por-valores-devidos-a-tecnico-de-basquete-contratado-por-ongs\/#respond"]}]},{"@type":"WebPage","@id":"https:\/\/contabilidadecaxias.com.br\/index.php\/2022\/08\/02\/municipio-nao-e-responsavel-por-valores-devidos-a-tecnico-de-basquete-contratado-por-ongs\/","url":"https:\/\/contabilidadecaxias.com.br\/index.php\/2022\/08\/02\/municipio-nao-e-responsavel-por-valores-devidos-a-tecnico-de-basquete-contratado-por-ongs\/","name":"Munic\u00edpio n\u00e3o \u00e9 respons\u00e1vel por valores devidos a t\u00e9cnico de basquete contratado por ONGs - Contabilidade Caxias","isPartOf":{"@id":"https:\/\/contabilidadecaxias.com.br\/#website"},"primaryImageOfPage":{"@id":"https:\/\/contabilidadecaxias.com.br\/index.php\/2022\/08\/02\/municipio-nao-e-responsavel-por-valores-devidos-a-tecnico-de-basquete-contratado-por-ongs\/#primaryimage"},"image":{"@id":"https:\/\/contabilidadecaxias.com.br\/index.php\/2022\/08\/02\/municipio-nao-e-responsavel-por-valores-devidos-a-tecnico-de-basquete-contratado-por-ongs\/#primaryimage"},"thumbnailUrl":"https:\/\/contabilidadecaxias.com.br\/wp-content\/uploads\/2022\/08\/ab26768e-9673-a6e7-ab20-79e36d8be110-iTXCip.jpeg","datePublished":"2022-08-02T12:05:11+00:00","author":{"@id":""},"breadcrumb":{"@id":"https:\/\/contabilidadecaxias.com.br\/index.php\/2022\/08\/02\/municipio-nao-e-responsavel-por-valores-devidos-a-tecnico-de-basquete-contratado-por-ongs\/#breadcrumb"},"inLanguage":"pt-BR","potentialAction":[{"@type":"ReadAction","target":["https:\/\/contabilidadecaxias.com.br\/index.php\/2022\/08\/02\/municipio-nao-e-responsavel-por-valores-devidos-a-tecnico-de-basquete-contratado-por-ongs\/"]}]},{"@type":"ImageObject","inLanguage":"pt-BR","@id":"https:\/\/contabilidadecaxias.com.br\/index.php\/2022\/08\/02\/municipio-nao-e-responsavel-por-valores-devidos-a-tecnico-de-basquete-contratado-por-ongs\/#primaryimage","url":"https:\/\/contabilidadecaxias.com.br\/wp-content\/uploads\/2022\/08\/ab26768e-9673-a6e7-ab20-79e36d8be110-iTXCip.jpeg","contentUrl":"https:\/\/contabilidadecaxias.com.br\/wp-content\/uploads\/2022\/08\/ab26768e-9673-a6e7-ab20-79e36d8be110-iTXCip.jpeg","width":1200,"height":789},{"@type":"BreadcrumbList","@id":"https:\/\/contabilidadecaxias.com.br\/index.php\/2022\/08\/02\/municipio-nao-e-responsavel-por-valores-devidos-a-tecnico-de-basquete-contratado-por-ongs\/#breadcrumb","itemListElement":[{"@type":"ListItem","position":1,"name":"In\u00edcio","item":"https:\/\/contabilidadecaxias.com.br\/"},{"@type":"ListItem","position":2,"name":"Munic\u00edpio n\u00e3o \u00e9 respons\u00e1vel por valores devidos a t\u00e9cnico de basquete contratado por ONGs"}]},{"@type":"WebSite","@id":"https:\/\/contabilidadecaxias.com.br\/#website","url":"https:\/\/contabilidadecaxias.com.br\/","name":"Contabilidade Caxias","description":"Site especializado em Contabilidade para Caxias.","potentialAction":[{"@type":"SearchAction","target":{"@type":"EntryPoint","urlTemplate":"https:\/\/contabilidadecaxias.com.br\/?s={search_term_string}"},"query-input":{"@type":"PropertyValueSpecification","valueRequired":true,"valueName":"search_term_string"}}],"inLanguage":"pt-BR"}]}},"_links":{"self":[{"href":"https:\/\/contabilidadecaxias.com.br\/index.php\/wp-json\/wp\/v2\/posts\/12568","targetHints":{"allow":["GET"]}}],"collection":[{"href":"https:\/\/contabilidadecaxias.com.br\/index.php\/wp-json\/wp\/v2\/posts"}],"about":[{"href":"https:\/\/contabilidadecaxias.com.br\/index.php\/wp-json\/wp\/v2\/types\/post"}],"replies":[{"embeddable":true,"href":"https:\/\/contabilidadecaxias.com.br\/index.php\/wp-json\/wp\/v2\/comments?post=12568"}],"version-history":[{"count":0,"href":"https:\/\/contabilidadecaxias.com.br\/index.php\/wp-json\/wp\/v2\/posts\/12568\/revisions"}],"wp:featuredmedia":[{"embeddable":true,"href":"https:\/\/contabilidadecaxias.com.br\/index.php\/wp-json\/wp\/v2\/media\/12569"}],"wp:attachment":[{"href":"https:\/\/contabilidadecaxias.com.br\/index.php\/wp-json\/wp\/v2\/media?parent=12568"}],"wp:term":[{"taxonomy":"category","embeddable":true,"href":"https:\/\/contabilidadecaxias.com.br\/index.php\/wp-json\/wp\/v2\/categories?post=12568"},{"taxonomy":"post_tag","embeddable":true,"href":"https:\/\/contabilidadecaxias.com.br\/index.php\/wp-json\/wp\/v2\/tags?post=12568"}],"curies":[{"name":"wp","href":"https:\/\/api.w.org\/{rel}","templated":true}]}}