{"id":12558,"date":"2022-08-01T21:05:48","date_gmt":"2022-08-02T00:05:48","guid":{"rendered":"https:\/\/contabilidadecaxias.com.br\/index.php\/2022\/08\/01\/proxima-edicao-da-revista-do-tst-tratara-de-trabalho-infantil-e-aprendizagem\/"},"modified":"2022-08-01T21:05:48","modified_gmt":"2022-08-02T00:05:48","slug":"proxima-edicao-da-revista-do-tst-tratara-de-trabalho-infantil-e-aprendizagem","status":"publish","type":"post","link":"https:\/\/contabilidadecaxias.com.br\/index.php\/2022\/08\/01\/proxima-edicao-da-revista-do-tst-tratara-de-trabalho-infantil-e-aprendizagem\/","title":{"rendered":"Pr\u00f3xima edi\u00e7\u00e3o da Revista do TST tratar\u00e1 de trabalho infantil e aprendizagem"},"content":{"rendered":"<div class=\"noticia-wrapper\">\n<p><em><\/p>\n<p>Os artigos podem ser enviados at\u00e9 a pr\u00f3xima segunda-feira (8)<\/p>\n<p><\/em><\/p>\n<div class=\"social-media-share mobile\">\n        <a class=\"share-facebook\" href=\"https:\/\/www.facebook.com\/sharer.php?u=https:\/\/www.tst.jus.br\/-\/pr%C3%B3xima-edi%C3%A7%C3%A3o-da-revista-do-tst-tratar%C3%A1-de-trabalho-infantil-e-aprendizagem\" target=\"_blank\" rel=\"noopener\"><\/a><br \/>\n        <a class=\"share-twitter\" href=\"https:\/\/twitter.com\/intent\/tweet?text=Pr%C3%B3xima%20edi%C3%A7%C3%A3o%20da%20Revista%20do%20TST%20tratar%C3%A1%20de%20trabalho%20infantil%20e%20aprendizagem%0AVeja%20mais%20em:&amp;url=https:\/\/www.tst.jus.br\/-\/pr%C3%B3xima-edi%C3%A7%C3%A3o-da-revista-do-tst-tratar%C3%A1-de-trabalho-infantil-e-aprendizagem\" target=\"_blank\" rel=\"noopener\"><\/a><br \/>\n        <a class=\"share-linkedin\" href=\"https:\/\/www.linkedin.com\/shareArticle?mini=true&amp;url=https:\/\/www.tst.jus.br\/-\/pr%C3%B3xima-edi%C3%A7%C3%A3o-da-revista-do-tst-tratar%C3%A1-de-trabalho-infantil-e-aprendizagem&amp;title=Pr%C3%B3xima%20edi%C3%A7%C3%A3o%20da%20Revista%20do%20TST%20tratar%C3%A1%20de%20trabalho%20infantil%20e%20aprendizagem\" target=\"_blank\" rel=\"noopener\"><\/a><br \/>\n        <a class=\"share-whatsapp\" href=\"https:\/\/web.whatsapp.com\/send?text=https:\/\/www.tst.jus.br\/-\/pr%C3%B3xima-edi%C3%A7%C3%A3o-da-revista-do-tst-tratar%C3%A1-de-trabalho-infantil-e-aprendizagem\" target=\"_blank\" rel=\"noopener\"><\/a><br \/>\n        <a class=\"share-googleplus\" href=\"https:\/\/plus.google.com\/share?url=https:\/\/www.tst.jus.br\/-\/pr%C3%B3xima-edi%C3%A7%C3%A3o-da-revista-do-tst-tratar%C3%A1-de-trabalho-infantil-e-aprendizagem\" target=\"_blank\" rel=\"noopener\"><\/a>\n    <\/div>\n<div class=\"news-body\">\n<div class=\"imagem-da-noticia\">\n<p>Exemplares da Revista do TST<\/p>\n<div class=\"social-media-share\">\n                    <a class=\"share-facebook\" href=\"https:\/\/www.facebook.com\/sharer.php?u=https:\/\/www.tst.jus.br\/-\/pr%C3%B3xima-edi%C3%A7%C3%A3o-da-revista-do-tst-tratar%C3%A1-de-trabalho-infantil-e-aprendizagem\" target=\"_blank\" rel=\"noopener\"><\/a><br \/>\n                    <a class=\"share-twitter\" href=\"https:\/\/twitter.com\/intent\/tweet?text=Pr%C3%B3xima%20edi%C3%A7%C3%A3o%20da%20Revista%20do%20TST%20tratar%C3%A1%20de%20trabalho%20infantil%20e%20aprendizagem%0AVeja%20mais%20em:&amp;url=https:\/\/www.tst.jus.br\/-\/pr%C3%B3xima-edi%C3%A7%C3%A3o-da-revista-do-tst-tratar%C3%A1-de-trabalho-infantil-e-aprendizagem\" target=\"_blank\" rel=\"noopener\"><\/a><br \/>\n                    <a class=\"share-linkedin\" href=\"https:\/\/www.linkedin.com\/shareArticle?mini=true&amp;url=https:\/\/www.tst.jus.br\/-\/pr%C3%B3xima-edi%C3%A7%C3%A3o-da-revista-do-tst-tratar%C3%A1-de-trabalho-infantil-e-aprendizagem&amp;title=Pr%C3%B3xima%20edi%C3%A7%C3%A3o%20da%20Revista%20do%20TST%20tratar%C3%A1%20de%20trabalho%20infantil%20e%20aprendizagem\" target=\"_blank\" rel=\"noopener\"><\/a><br \/>\n                    <a class=\"share-whatsapp\" href=\"https:\/\/web.whatsapp.com\/send?text=https:\/\/www.tst.jus.br\/-\/pr%C3%B3xima-edi%C3%A7%C3%A3o-da-revista-do-tst-tratar%C3%A1-de-trabalho-infantil-e-aprendizagem\" target=\"_blank\" rel=\"noopener\"><\/a><br \/>\n                    <a class=\"share-googleplus\" href=\"https:\/\/plus.google.com\/share?url=https:\/\/www.tst.jus.br\/-\/pr%C3%B3xima-edi%C3%A7%C3%A3o-da-revista-do-tst-tratar%C3%A1-de-trabalho-infantil-e-aprendizagem\" target=\"_blank\" rel=\"noopener\"><\/a>\n                <\/div>\n<\/p><\/div>\n<div class=\"materia\">\n<p>01\/08\/22 &#8211;\u00a0A Comiss\u00e3o de Documenta\u00e7\u00e3o e Mem\u00f3ria do Tribunal Superior do Trabalho (TST) est\u00e1 recebendo artigos cient\u00edficos para a nova edi\u00e7\u00e3o da Revista do TST, referente aos meses de julho a setembro de 2022, que abordar\u00e1 o trabalho infantil e a aprendizagem. A submiss\u00e3o dos trabalhos deve ser feita at\u00e9 a pr\u00f3xima segunda-feira (8\/8).<\/p>\n<p>Os artigos devem ser textos in\u00e9ditos e originais e versar exclusivamente sobre o tema da edi\u00e7\u00e3o. Eles devem ser enviados para o e-mail revista@tst.jus.br e atender aos crit\u00e9rios estabelecidos pela Associa\u00e7\u00e3o Brasileira de Normas T\u00e9cnicas (ABNT).\u00a0<\/p>\n<p>Leia a <a href=\"https:\/\/www.tst.jus.br\/documents\/10157\/2374827\/2022_Edital_03_Revista_TST_88_3.pdf\/67b2d487-38fc-1325-2be6-dd3496326d77?t=1659394942798\" target=\"_blank\" rel=\"noopener\">\u00edntegra do edital<\/a>.<\/p>\n<\/div><\/div>\n<\/div>\n","protected":false},"excerpt":{"rendered":"<p>Os artigos podem ser enviados at\u00e9 a pr\u00f3xima segunda-feira (8) Exemplares da Revista do TST 01\/08\/22 &#8211;\u00a0A Comiss\u00e3o de Documenta\u00e7\u00e3o e Mem\u00f3ria do Tribunal Superior do Trabalho (TST) est\u00e1 recebendo artigos cient\u00edficos para a nova edi\u00e7\u00e3o da Revista do TST, referente aos meses de julho a setembro de 2022, que abordar\u00e1 o trabalho infantil e [&hellip;]<\/p>\n","protected":false},"author":0,"featured_media":12559,"comment_status":"open","ping_status":"","sticky":false,"template":"","format":"standard","meta":{"footnotes":""},"categories":[5],"tags":[],"class_list":["post-12558","post","type-post","status-publish","format-standard","has-post-thumbnail","hentry","category-noticias-educacao-financeira"],"blocksy_meta":{"styles_descriptor":{"styles":{"desktop":"","tablet":"","mobile":""},"google_fonts":[],"version":6}},"yoast_head":"<!-- This site is optimized with the Yoast SEO plugin v27.4 - https:\/\/yoast.com\/product\/yoast-seo-wordpress\/ -->\n<title>Pr\u00f3xima edi\u00e7\u00e3o da Revista do TST tratar\u00e1 de trabalho infantil e aprendizagem - Contabilidade Caxias<\/title>\n<meta name=\"robots\" content=\"index, follow, max-snippet:-1, max-image-preview:large, max-video-preview:-1\" \/>\n<link rel=\"canonical\" href=\"https:\/\/contabilidadecaxias.com.br\/index.php\/2022\/08\/01\/proxima-edicao-da-revista-do-tst-tratara-de-trabalho-infantil-e-aprendizagem\/\" \/>\n<meta property=\"og:locale\" content=\"pt_BR\" \/>\n<meta property=\"og:type\" content=\"article\" \/>\n<meta property=\"og:title\" content=\"Pr\u00f3xima edi\u00e7\u00e3o da Revista do TST tratar\u00e1 de trabalho infantil e aprendizagem - Contabilidade Caxias\" \/>\n<meta property=\"og:description\" content=\"Os artigos podem ser enviados at\u00e9 a pr\u00f3xima segunda-feira (8) Exemplares da Revista do TST 01\/08\/22 &#8211;\u00a0A Comiss\u00e3o de Documenta\u00e7\u00e3o e Mem\u00f3ria do Tribunal Superior do Trabalho (TST) est\u00e1 recebendo artigos cient\u00edficos para a nova edi\u00e7\u00e3o da Revista do TST, referente aos meses de julho a setembro de 2022, que abordar\u00e1 o trabalho infantil e [&hellip;]\" \/>\n<meta property=\"og:url\" content=\"https:\/\/contabilidadecaxias.com.br\/index.php\/2022\/08\/01\/proxima-edicao-da-revista-do-tst-tratara-de-trabalho-infantil-e-aprendizagem\/\" \/>\n<meta property=\"og:site_name\" content=\"Contabilidade Caxias\" \/>\n<meta property=\"article:published_time\" content=\"2022-08-02T00:05:48+00:00\" \/>\n<meta name=\"twitter:card\" content=\"summary_large_image\" \/>\n<meta name=\"twitter:label1\" content=\"Est. tempo de leitura\" \/>\n\t<meta name=\"twitter:data1\" content=\"1 minuto\" \/>\n<script type=\"application\/ld+json\" class=\"yoast-schema-graph\">{\"@context\":\"https:\\\/\\\/schema.org\",\"@graph\":[{\"@type\":\"Article\",\"@id\":\"https:\\\/\\\/contabilidadecaxias.com.br\\\/index.php\\\/2022\\\/08\\\/01\\\/proxima-edicao-da-revista-do-tst-tratara-de-trabalho-infantil-e-aprendizagem\\\/#article\",\"isPartOf\":{\"@id\":\"https:\\\/\\\/contabilidadecaxias.com.br\\\/index.php\\\/2022\\\/08\\\/01\\\/proxima-edicao-da-revista-do-tst-tratara-de-trabalho-infantil-e-aprendizagem\\\/\"},\"author\":{\"name\":\"\",\"@id\":\"\"},\"headline\":\"Pr\u00f3xima edi\u00e7\u00e3o da Revista do TST tratar\u00e1 de trabalho infantil e aprendizagem\",\"datePublished\":\"2022-08-02T00:05:48+00:00\",\"mainEntityOfPage\":{\"@id\":\"https:\\\/\\\/contabilidadecaxias.com.br\\\/index.php\\\/2022\\\/08\\\/01\\\/proxima-edicao-da-revista-do-tst-tratara-de-trabalho-infantil-e-aprendizagem\\\/\"},\"wordCount\":137,\"commentCount\":0,\"image\":{\"@id\":\"https:\\\/\\\/contabilidadecaxias.com.br\\\/index.php\\\/2022\\\/08\\\/01\\\/proxima-edicao-da-revista-do-tst-tratara-de-trabalho-infantil-e-aprendizagem\\\/#primaryimage\"},\"thumbnailUrl\":\"https:\\\/\\\/contabilidadecaxias.com.br\\\/wp-content\\\/uploads\\\/2022\\\/08\\\/5215311c-24ef-83bd-5589-ac386ec7b47c-gaynqC.jpeg\",\"articleSection\":[\"Educa\u00e7\u00e3o Financeira\"],\"inLanguage\":\"pt-BR\",\"potentialAction\":[{\"@type\":\"CommentAction\",\"name\":\"Comment\",\"target\":[\"https:\\\/\\\/contabilidadecaxias.com.br\\\/index.php\\\/2022\\\/08\\\/01\\\/proxima-edicao-da-revista-do-tst-tratara-de-trabalho-infantil-e-aprendizagem\\\/#respond\"]}]},{\"@type\":\"WebPage\",\"@id\":\"https:\\\/\\\/contabilidadecaxias.com.br\\\/index.php\\\/2022\\\/08\\\/01\\\/proxima-edicao-da-revista-do-tst-tratara-de-trabalho-infantil-e-aprendizagem\\\/\",\"url\":\"https:\\\/\\\/contabilidadecaxias.com.br\\\/index.php\\\/2022\\\/08\\\/01\\\/proxima-edicao-da-revista-do-tst-tratara-de-trabalho-infantil-e-aprendizagem\\\/\",\"name\":\"Pr\u00f3xima edi\u00e7\u00e3o da Revista do TST tratar\u00e1 de trabalho infantil e aprendizagem - Contabilidade Caxias\",\"isPartOf\":{\"@id\":\"https:\\\/\\\/contabilidadecaxias.com.br\\\/#website\"},\"primaryImageOfPage\":{\"@id\":\"https:\\\/\\\/contabilidadecaxias.com.br\\\/index.php\\\/2022\\\/08\\\/01\\\/proxima-edicao-da-revista-do-tst-tratara-de-trabalho-infantil-e-aprendizagem\\\/#primaryimage\"},\"image\":{\"@id\":\"https:\\\/\\\/contabilidadecaxias.com.br\\\/index.php\\\/2022\\\/08\\\/01\\\/proxima-edicao-da-revista-do-tst-tratara-de-trabalho-infantil-e-aprendizagem\\\/#primaryimage\"},\"thumbnailUrl\":\"https:\\\/\\\/contabilidadecaxias.com.br\\\/wp-content\\\/uploads\\\/2022\\\/08\\\/5215311c-24ef-83bd-5589-ac386ec7b47c-gaynqC.jpeg\",\"datePublished\":\"2022-08-02T00:05:48+00:00\",\"author\":{\"@id\":\"\"},\"breadcrumb\":{\"@id\":\"https:\\\/\\\/contabilidadecaxias.com.br\\\/index.php\\\/2022\\\/08\\\/01\\\/proxima-edicao-da-revista-do-tst-tratara-de-trabalho-infantil-e-aprendizagem\\\/#breadcrumb\"},\"inLanguage\":\"pt-BR\",\"potentialAction\":[{\"@type\":\"ReadAction\",\"target\":[\"https:\\\/\\\/contabilidadecaxias.com.br\\\/index.php\\\/2022\\\/08\\\/01\\\/proxima-edicao-da-revista-do-tst-tratara-de-trabalho-infantil-e-aprendizagem\\\/\"]}]},{\"@type\":\"ImageObject\",\"inLanguage\":\"pt-BR\",\"@id\":\"https:\\\/\\\/contabilidadecaxias.com.br\\\/index.php\\\/2022\\\/08\\\/01\\\/proxima-edicao-da-revista-do-tst-tratara-de-trabalho-infantil-e-aprendizagem\\\/#primaryimage\",\"url\":\"https:\\\/\\\/contabilidadecaxias.com.br\\\/wp-content\\\/uploads\\\/2022\\\/08\\\/5215311c-24ef-83bd-5589-ac386ec7b47c-gaynqC.jpeg\",\"contentUrl\":\"https:\\\/\\\/contabilidadecaxias.com.br\\\/wp-content\\\/uploads\\\/2022\\\/08\\\/5215311c-24ef-83bd-5589-ac386ec7b47c-gaynqC.jpeg\",\"width\":800,\"height\":533},{\"@type\":\"BreadcrumbList\",\"@id\":\"https:\\\/\\\/contabilidadecaxias.com.br\\\/index.php\\\/2022\\\/08\\\/01\\\/proxima-edicao-da-revista-do-tst-tratara-de-trabalho-infantil-e-aprendizagem\\\/#breadcrumb\",\"itemListElement\":[{\"@type\":\"ListItem\",\"position\":1,\"name\":\"In\u00edcio\",\"item\":\"https:\\\/\\\/contabilidadecaxias.com.br\\\/\"},{\"@type\":\"ListItem\",\"position\":2,\"name\":\"Pr\u00f3xima edi\u00e7\u00e3o da Revista do TST tratar\u00e1 de trabalho infantil e aprendizagem\"}]},{\"@type\":\"WebSite\",\"@id\":\"https:\\\/\\\/contabilidadecaxias.com.br\\\/#website\",\"url\":\"https:\\\/\\\/contabilidadecaxias.com.br\\\/\",\"name\":\"Contabilidade Caxias\",\"description\":\"Site especializado em Contabilidade para Caxias.\",\"potentialAction\":[{\"@type\":\"SearchAction\",\"target\":{\"@type\":\"EntryPoint\",\"urlTemplate\":\"https:\\\/\\\/contabilidadecaxias.com.br\\\/?s={search_term_string}\"},\"query-input\":{\"@type\":\"PropertyValueSpecification\",\"valueRequired\":true,\"valueName\":\"search_term_string\"}}],\"inLanguage\":\"pt-BR\"}]}<\/script>\n<!-- \/ Yoast SEO plugin. -->","yoast_head_json":{"title":"Pr\u00f3xima edi\u00e7\u00e3o da Revista do TST tratar\u00e1 de trabalho infantil e aprendizagem - Contabilidade Caxias","robots":{"index":"index","follow":"follow","max-snippet":"max-snippet:-1","max-image-preview":"max-image-preview:large","max-video-preview":"max-video-preview:-1"},"canonical":"https:\/\/contabilidadecaxias.com.br\/index.php\/2022\/08\/01\/proxima-edicao-da-revista-do-tst-tratara-de-trabalho-infantil-e-aprendizagem\/","og_locale":"pt_BR","og_type":"article","og_title":"Pr\u00f3xima edi\u00e7\u00e3o da Revista do TST tratar\u00e1 de trabalho infantil e aprendizagem - Contabilidade Caxias","og_description":"Os artigos podem ser enviados at\u00e9 a pr\u00f3xima segunda-feira (8) Exemplares da Revista do TST 01\/08\/22 &#8211;\u00a0A Comiss\u00e3o de Documenta\u00e7\u00e3o e Mem\u00f3ria do Tribunal Superior do Trabalho (TST) est\u00e1 recebendo artigos cient\u00edficos para a nova edi\u00e7\u00e3o da Revista do TST, referente aos meses de julho a setembro de 2022, que abordar\u00e1 o trabalho infantil e [&hellip;]","og_url":"https:\/\/contabilidadecaxias.com.br\/index.php\/2022\/08\/01\/proxima-edicao-da-revista-do-tst-tratara-de-trabalho-infantil-e-aprendizagem\/","og_site_name":"Contabilidade Caxias","article_published_time":"2022-08-02T00:05:48+00:00","twitter_card":"summary_large_image","twitter_misc":{"Est. tempo de leitura":"1 minuto"},"schema":{"@context":"https:\/\/schema.org","@graph":[{"@type":"Article","@id":"https:\/\/contabilidadecaxias.com.br\/index.php\/2022\/08\/01\/proxima-edicao-da-revista-do-tst-tratara-de-trabalho-infantil-e-aprendizagem\/#article","isPartOf":{"@id":"https:\/\/contabilidadecaxias.com.br\/index.php\/2022\/08\/01\/proxima-edicao-da-revista-do-tst-tratara-de-trabalho-infantil-e-aprendizagem\/"},"author":{"name":"","@id":""},"headline":"Pr\u00f3xima edi\u00e7\u00e3o da Revista do TST tratar\u00e1 de trabalho infantil e aprendizagem","datePublished":"2022-08-02T00:05:48+00:00","mainEntityOfPage":{"@id":"https:\/\/contabilidadecaxias.com.br\/index.php\/2022\/08\/01\/proxima-edicao-da-revista-do-tst-tratara-de-trabalho-infantil-e-aprendizagem\/"},"wordCount":137,"commentCount":0,"image":{"@id":"https:\/\/contabilidadecaxias.com.br\/index.php\/2022\/08\/01\/proxima-edicao-da-revista-do-tst-tratara-de-trabalho-infantil-e-aprendizagem\/#primaryimage"},"thumbnailUrl":"https:\/\/contabilidadecaxias.com.br\/wp-content\/uploads\/2022\/08\/5215311c-24ef-83bd-5589-ac386ec7b47c-gaynqC.jpeg","articleSection":["Educa\u00e7\u00e3o Financeira"],"inLanguage":"pt-BR","potentialAction":[{"@type":"CommentAction","name":"Comment","target":["https:\/\/contabilidadecaxias.com.br\/index.php\/2022\/08\/01\/proxima-edicao-da-revista-do-tst-tratara-de-trabalho-infantil-e-aprendizagem\/#respond"]}]},{"@type":"WebPage","@id":"https:\/\/contabilidadecaxias.com.br\/index.php\/2022\/08\/01\/proxima-edicao-da-revista-do-tst-tratara-de-trabalho-infantil-e-aprendizagem\/","url":"https:\/\/contabilidadecaxias.com.br\/index.php\/2022\/08\/01\/proxima-edicao-da-revista-do-tst-tratara-de-trabalho-infantil-e-aprendizagem\/","name":"Pr\u00f3xima edi\u00e7\u00e3o da Revista do TST tratar\u00e1 de trabalho infantil e aprendizagem - Contabilidade Caxias","isPartOf":{"@id":"https:\/\/contabilidadecaxias.com.br\/#website"},"primaryImageOfPage":{"@id":"https:\/\/contabilidadecaxias.com.br\/index.php\/2022\/08\/01\/proxima-edicao-da-revista-do-tst-tratara-de-trabalho-infantil-e-aprendizagem\/#primaryimage"},"image":{"@id":"https:\/\/contabilidadecaxias.com.br\/index.php\/2022\/08\/01\/proxima-edicao-da-revista-do-tst-tratara-de-trabalho-infantil-e-aprendizagem\/#primaryimage"},"thumbnailUrl":"https:\/\/contabilidadecaxias.com.br\/wp-content\/uploads\/2022\/08\/5215311c-24ef-83bd-5589-ac386ec7b47c-gaynqC.jpeg","datePublished":"2022-08-02T00:05:48+00:00","author":{"@id":""},"breadcrumb":{"@id":"https:\/\/contabilidadecaxias.com.br\/index.php\/2022\/08\/01\/proxima-edicao-da-revista-do-tst-tratara-de-trabalho-infantil-e-aprendizagem\/#breadcrumb"},"inLanguage":"pt-BR","potentialAction":[{"@type":"ReadAction","target":["https:\/\/contabilidadecaxias.com.br\/index.php\/2022\/08\/01\/proxima-edicao-da-revista-do-tst-tratara-de-trabalho-infantil-e-aprendizagem\/"]}]},{"@type":"ImageObject","inLanguage":"pt-BR","@id":"https:\/\/contabilidadecaxias.com.br\/index.php\/2022\/08\/01\/proxima-edicao-da-revista-do-tst-tratara-de-trabalho-infantil-e-aprendizagem\/#primaryimage","url":"https:\/\/contabilidadecaxias.com.br\/wp-content\/uploads\/2022\/08\/5215311c-24ef-83bd-5589-ac386ec7b47c-gaynqC.jpeg","contentUrl":"https:\/\/contabilidadecaxias.com.br\/wp-content\/uploads\/2022\/08\/5215311c-24ef-83bd-5589-ac386ec7b47c-gaynqC.jpeg","width":800,"height":533},{"@type":"BreadcrumbList","@id":"https:\/\/contabilidadecaxias.com.br\/index.php\/2022\/08\/01\/proxima-edicao-da-revista-do-tst-tratara-de-trabalho-infantil-e-aprendizagem\/#breadcrumb","itemListElement":[{"@type":"ListItem","position":1,"name":"In\u00edcio","item":"https:\/\/contabilidadecaxias.com.br\/"},{"@type":"ListItem","position":2,"name":"Pr\u00f3xima edi\u00e7\u00e3o da Revista do TST tratar\u00e1 de trabalho infantil e aprendizagem"}]},{"@type":"WebSite","@id":"https:\/\/contabilidadecaxias.com.br\/#website","url":"https:\/\/contabilidadecaxias.com.br\/","name":"Contabilidade Caxias","description":"Site especializado em Contabilidade para Caxias.","potentialAction":[{"@type":"SearchAction","target":{"@type":"EntryPoint","urlTemplate":"https:\/\/contabilidadecaxias.com.br\/?s={search_term_string}"},"query-input":{"@type":"PropertyValueSpecification","valueRequired":true,"valueName":"search_term_string"}}],"inLanguage":"pt-BR"}]}},"_links":{"self":[{"href":"https:\/\/contabilidadecaxias.com.br\/index.php\/wp-json\/wp\/v2\/posts\/12558","targetHints":{"allow":["GET"]}}],"collection":[{"href":"https:\/\/contabilidadecaxias.com.br\/index.php\/wp-json\/wp\/v2\/posts"}],"about":[{"href":"https:\/\/contabilidadecaxias.com.br\/index.php\/wp-json\/wp\/v2\/types\/post"}],"replies":[{"embeddable":true,"href":"https:\/\/contabilidadecaxias.com.br\/index.php\/wp-json\/wp\/v2\/comments?post=12558"}],"version-history":[{"count":0,"href":"https:\/\/contabilidadecaxias.com.br\/index.php\/wp-json\/wp\/v2\/posts\/12558\/revisions"}],"wp:featuredmedia":[{"embeddable":true,"href":"https:\/\/contabilidadecaxias.com.br\/index.php\/wp-json\/wp\/v2\/media\/12559"}],"wp:attachment":[{"href":"https:\/\/contabilidadecaxias.com.br\/index.php\/wp-json\/wp\/v2\/media?parent=12558"}],"wp:term":[{"taxonomy":"category","embeddable":true,"href":"https:\/\/contabilidadecaxias.com.br\/index.php\/wp-json\/wp\/v2\/categories?post=12558"},{"taxonomy":"post_tag","embeddable":true,"href":"https:\/\/contabilidadecaxias.com.br\/index.php\/wp-json\/wp\/v2\/tags?post=12558"}],"curies":[{"name":"wp","href":"https:\/\/api.w.org\/{rel}","templated":true}]}}